{"id":8099,"date":"2023-09-27T10:47:18","date_gmt":"2023-09-27T08:47:18","guid":{"rendered":"https:\/\/infos-droitshumains.net\/?p=8099"},"modified":"2023-09-27T10:49:18","modified_gmt":"2023-09-27T08:49:18","slug":"tribunal-de-commerce-de-kinshasa-matete-albert-kasanga-appelle-a-la-franche-collaboration-et-a-la-convivialite-en-depit-de-la-diversite-des-caracteres-et-des-cultures-allocution-du-renouvelle","status":"publish","type":"post","link":"https:\/\/infos-droitshumains.net\/?p=8099","title":{"rendered":"Tribunal de Commerce de Kinshasa\/Matete\u00a0: Albert Kasanga appelle \u00e0 la franche collaboration et \u00e0 la convivialit\u00e9 en d\u00e9pit de la diversit\u00e9 des caract\u00e8res et des cultures. (Allocution du renouvellement de serment)"},"content":{"rendered":"\n<p><strong>R\u00e9daction :+243817406088<\/strong><\/p>\n\n\n\n<h4 class=\"wp-block-heading has-vivid-red-color has-text-color\">Le Pr\u00e9sident du Tribunal de Commerce de Kinshasa\/Matete, Albert Kasanga, a renouvel\u00e9 son serment statutaire ce lundi 25 septembre afin de prendre officiellement ses nouvelles fonctions. L\u2019audience publique et solennelle de ce renouvellement de serment a eu lieu dans la salle d\u2019audience du Tribunal de c\u00e9ans.<\/h4>\n\n\n\n<p>Le r\u00e9cipiendaire a cette occasion, exprim\u00e9 sa gratitude vis-\u00e0-vis de ses autorit\u00e9s&nbsp;:<\/p>\n\n\n\n<p><em>\u00ab&nbsp;Permettez-moi de remercier et de rendre gr\u00e2ce \u00e0 l\u2019\u00e9ternel tout puissant qui a plac\u00e9 sur mes faibles \u00e9paules, cette lourde responsabilit\u00e9 de pr\u00e9sider ce Tribunal de Commerce de Kinshasa\/Matete. Sinc\u00e8re reconnaissance \u00e9galement \u00e0 son excellence Monsieur F\u00e9lix-Antoine Tshisekedi Tshilombo, pr\u00e9sident de la R\u00e9publique, qu\u2019il trouve ici, l\u2019expression de mes hommages les plus d\u00e9f\u00e9rents. Mes remerciements vont \u00e9galement \u00e0 l\u2019endroit du Conseil Sup\u00e9rieur de la Magistrature ainsi qu\u2019\u00e0 tous les membres du bureau pour proposition de la nomination de ma modeste personne&nbsp;\u00bb<\/em>, a dit Albert Kasanga.<\/p>\n\n\n\n<p>Ne d\u00e9rogeant pas au traditionnel discours de prestation de serment de chef de juridiction sur un sujet de droit, Le Pr\u00e9sident du Tribunal de Commerce a d\u00e9velopp\u00e9 le sujet relatif aux <strong><em>\u00ab Proc\u00e9dures simplifi\u00e9es de recouvrement et des voies d\u2019ex\u00e9cution&nbsp;\u00bb<\/em><\/strong>.<\/p>\n\n\n\n<p>Il a justifi\u00e9 le choix de ce sujet par le fait <em>\u00ab&nbsp;qu\u2019il domine les pr\u00e9toires des Cours et Tribunaux des Etats partis ainsi que celui de la Cours Commune de Justice et d\u2019Arbitrage&nbsp;\u00bb<\/em>, rench\u00e9rit-il, <em>\u00ab&nbsp;On estime que plus 80% du contentieux de l\u2019OHADA porte sur cet acte uniforme&nbsp;\u00bb<\/em>.<\/p>\n\n\n\n<p>Albert Kasanga a en effet, examin\u00e9 successivement deux axes majeurs de cet acte uniforme \u00e0 savoir&nbsp;: <em>\u00ab&nbsp;Les proc\u00e9dures simplifi\u00e9es de recouvrement des cr\u00e9ances et les voies d\u2019ex\u00e9cution&nbsp;\u00bb<\/em>.<\/p>\n\n\n\n<p>Albert Kasanga a pour clore son propos, remerci\u00e9 ses coll\u00e8gues, greffiers et autres agents de l\u2019ordre judiciaire de ce tribunal pour leur pr\u00e9sence remarquable \u00e0 cette <em>\u00ab&nbsp;grandiose c\u00e9r\u00e9monie&nbsp;\u00bb.<\/em> Il les a par ailleurs invit\u00e9s \u00e0 la franche collaboration et la convivialit\u00e9 en d\u00e9pit de la diversit\u00e9 des caract\u00e8res et de cultures.<\/p>\n\n\n\n<p>Jo\u00ebl Diawa<\/p>\n","protected":false},"excerpt":{"rendered":"<p>R\u00e9daction :+243817406088 Le Pr\u00e9sident du Tribunal de Commerce de Kinshasa\/Matete, Albert Kasanga, a renouvel\u00e9 son&#8230;<\/p>\n","protected":false},"author":2,"featured_media":8101,"comment_status":"open","ping_status":"open","sticky":false,"template":"","format":"standard","meta":{"_jetpack_memberships_contains_paid_content":false,"footnotes":""},"categories":[6],"tags":[],"class_list":["post-8099","post","type-post","status-publish","format-standard","has-post-thumbnail","hentry","category-justice"],"yoast_head":"<!-- This site is optimized with the Yoast SEO plugin v27.5 - https:\/\/yoast.com\/product\/yoast-seo-wordpress\/ -->\n<title>Tribunal de Commerce de Kinshasa\/Matete\u00a0: Albert Kasanga appelle \u00e0 la franche collaboration et \u00e0 la convivialit\u00e9 en d\u00e9pit de la diversit\u00e9 des caract\u00e8res et des cultures. (Allocution du renouvellement de serment) - Infos Droits Humains<\/title>\n<meta name=\"robots\" content=\"index, follow, max-snippet:-1, max-image-preview:large, max-video-preview:-1\" \/>\n<link rel=\"canonical\" href=\"https:\/\/infos-droitshumains.net\/?p=8099\" \/>\n<meta property=\"og:locale\" content=\"fr_FR\" \/>\n<meta property=\"og:type\" content=\"article\" \/>\n<meta property=\"og:title\" content=\"Tribunal de Commerce de Kinshasa\/Matete\u00a0: Albert Kasanga appelle \u00e0 la franche collaboration et \u00e0 la convivialit\u00e9 en d\u00e9pit de la diversit\u00e9 des caract\u00e8res et des cultures. (Allocution du renouvellement de serment) - Infos Droits Humains\" \/>\n<meta property=\"og:description\" content=\"R\u00e9daction :+243817406088 Le Pr\u00e9sident du Tribunal de Commerce de Kinshasa\/Matete, Albert Kasanga, a renouvel\u00e9 son...\" \/>\n<meta property=\"og:url\" content=\"https:\/\/infos-droitshumains.net\/?p=8099\" \/>\n<meta property=\"og:site_name\" content=\"Infos Droits Humains\" \/>\n<meta property=\"article:published_time\" content=\"2023-09-27T08:47:18+00:00\" \/>\n<meta property=\"article:modified_time\" content=\"2023-09-27T08:49:18+00:00\" \/>\n<meta property=\"og:image\" content=\"https:\/\/infos-droitshumains.net\/wp-content\/uploads\/2023\/09\/IMG_20230925_121833_754.jpg\" \/>\n\t<meta property=\"og:image:width\" content=\"1040\" \/>\n\t<meta property=\"og:image:height\" content=\"780\" \/>\n\t<meta property=\"og:image:type\" content=\"image\/jpeg\" \/>\n<meta name=\"author\" content=\"Jo\u00ebl Diawa\" \/>\n<meta name=\"twitter:card\" content=\"summary_large_image\" \/>\n<meta name=\"twitter:label1\" content=\"\u00c9crit par\" \/>\n\t<meta name=\"twitter:data1\" content=\"Jo\u00ebl Diawa\" \/>\n\t<meta name=\"twitter:label2\" content=\"Dur\u00e9e de lecture estim\u00e9e\" \/>\n\t<meta name=\"twitter:data2\" content=\"2 minutes\" \/>\n<script type=\"application\/ld+json\" class=\"yoast-schema-graph\">{\"@context\":\"https:\\\/\\\/schema.org\",\"@graph\":[{\"@type\":\"Article\",\"@id\":\"https:\\\/\\\/infos-droitshumains.net\\\/?p=8099#article\",\"isPartOf\":{\"@id\":\"https:\\\/\\\/infos-droitshumains.net\\\/?p=8099\"},\"author\":{\"name\":\"Jo\u00ebl Diawa\",\"@id\":\"https:\\\/\\\/infos-droitshumains.net\\\/#\\\/schema\\\/person\\\/3dc5e921c3302172e0ed4362f96faab7\"},\"headline\":\"Tribunal de Commerce de Kinshasa\\\/Matete\u00a0: Albert Kasanga appelle \u00e0 la franche collaboration et \u00e0 la convivialit\u00e9 en d\u00e9pit de la diversit\u00e9 des caract\u00e8res et des cultures. (Allocution du renouvellement de serment)\",\"datePublished\":\"2023-09-27T08:47:18+00:00\",\"dateModified\":\"2023-09-27T08:49:18+00:00\",\"mainEntityOfPage\":{\"@id\":\"https:\\\/\\\/infos-droitshumains.net\\\/?p=8099\"},\"wordCount\":397,\"commentCount\":0,\"publisher\":{\"@id\":\"https:\\\/\\\/infos-droitshumains.net\\\/#organization\"},\"image\":{\"@id\":\"https:\\\/\\\/infos-droitshumains.net\\\/?p=8099#primaryimage\"},\"thumbnailUrl\":\"https:\\\/\\\/i0.wp.com\\\/infos-droitshumains.net\\\/wp-content\\\/uploads\\\/2023\\\/09\\\/IMG_20230925_121833_754.jpg?fit=1040%2C780&ssl=1\",\"articleSection\":[\"Justice\"],\"inLanguage\":\"fr-FR\",\"potentialAction\":[{\"@type\":\"CommentAction\",\"name\":\"Comment\",\"target\":[\"https:\\\/\\\/infos-droitshumains.net\\\/?p=8099#respond\"]}]},{\"@type\":\"WebPage\",\"@id\":\"https:\\\/\\\/infos-droitshumains.net\\\/?p=8099\",\"url\":\"https:\\\/\\\/infos-droitshumains.net\\\/?p=8099\",\"name\":\"Tribunal de Commerce de Kinshasa\\\/Matete\u00a0: Albert Kasanga appelle \u00e0 la franche collaboration et \u00e0 la convivialit\u00e9 en d\u00e9pit de la diversit\u00e9 des caract\u00e8res et des cultures. (Allocution du renouvellement de serment) - Infos Droits Humains\",\"isPartOf\":{\"@id\":\"https:\\\/\\\/infos-droitshumains.net\\\/#website\"},\"primaryImageOfPage\":{\"@id\":\"https:\\\/\\\/infos-droitshumains.net\\\/?p=8099#primaryimage\"},\"image\":{\"@id\":\"https:\\\/\\\/infos-droitshumains.net\\\/?p=8099#primaryimage\"},\"thumbnailUrl\":\"https:\\\/\\\/i0.wp.com\\\/infos-droitshumains.net\\\/wp-content\\\/uploads\\\/2023\\\/09\\\/IMG_20230925_121833_754.jpg?fit=1040%2C780&ssl=1\",\"datePublished\":\"2023-09-27T08:47:18+00:00\",\"dateModified\":\"2023-09-27T08:49:18+00:00\",\"breadcrumb\":{\"@id\":\"https:\\\/\\\/infos-droitshumains.net\\\/?p=8099#breadcrumb\"},\"inLanguage\":\"fr-FR\",\"potentialAction\":[{\"@type\":\"ReadAction\",\"target\":[\"https:\\\/\\\/infos-droitshumains.net\\\/?p=8099\"]}]},{\"@type\":\"ImageObject\",\"inLanguage\":\"fr-FR\",\"@id\":\"https:\\\/\\\/infos-droitshumains.net\\\/?p=8099#primaryimage\",\"url\":\"https:\\\/\\\/i0.wp.com\\\/infos-droitshumains.net\\\/wp-content\\\/uploads\\\/2023\\\/09\\\/IMG_20230925_121833_754.jpg?fit=1040%2C780&ssl=1\",\"contentUrl\":\"https:\\\/\\\/i0.wp.com\\\/infos-droitshumains.net\\\/wp-content\\\/uploads\\\/2023\\\/09\\\/IMG_20230925_121833_754.jpg?fit=1040%2C780&ssl=1\",\"width\":1040,\"height\":780},{\"@type\":\"BreadcrumbList\",\"@id\":\"https:\\\/\\\/infos-droitshumains.net\\\/?p=8099#breadcrumb\",\"itemListElement\":[{\"@type\":\"ListItem\",\"position\":1,\"name\":\"Accueil\",\"item\":\"https:\\\/\\\/infos-droitshumains.net\\\/\"},{\"@type\":\"ListItem\",\"position\":2,\"name\":\"Tribunal de Commerce de Kinshasa\\\/Matete\u00a0: Albert Kasanga appelle \u00e0 la franche collaboration et \u00e0 la convivialit\u00e9 en d\u00e9pit de la diversit\u00e9 des caract\u00e8res et des cultures. (Allocution du renouvellement de serment)\"}]},{\"@type\":\"WebSite\",\"@id\":\"https:\\\/\\\/infos-droitshumains.net\\\/#website\",\"url\":\"https:\\\/\\\/infos-droitshumains.net\\\/\",\"name\":\"Infos Droits Humains\",\"description\":\"S&#039;informer est un droit\",\"publisher\":{\"@id\":\"https:\\\/\\\/infos-droitshumains.net\\\/#organization\"},\"potentialAction\":[{\"@type\":\"SearchAction\",\"target\":{\"@type\":\"EntryPoint\",\"urlTemplate\":\"https:\\\/\\\/infos-droitshumains.net\\\/?s={search_term_string}\"},\"query-input\":{\"@type\":\"PropertyValueSpecification\",\"valueRequired\":true,\"valueName\":\"search_term_string\"}}],\"inLanguage\":\"fr-FR\"},{\"@type\":\"Organization\",\"@id\":\"https:\\\/\\\/infos-droitshumains.net\\\/#organization\",\"name\":\"Infos Droits Humains\",\"url\":\"https:\\\/\\\/infos-droitshumains.net\\\/\",\"logo\":{\"@type\":\"ImageObject\",\"inLanguage\":\"fr-FR\",\"@id\":\"https:\\\/\\\/infos-droitshumains.net\\\/#\\\/schema\\\/logo\\\/image\\\/\",\"url\":\"https:\\\/\\\/i0.wp.com\\\/infos-droitshumains.net\\\/wp-content\\\/uploads\\\/2022\\\/05\\\/Logo.png?fit=333%2C129&ssl=1\",\"contentUrl\":\"https:\\\/\\\/i0.wp.com\\\/infos-droitshumains.net\\\/wp-content\\\/uploads\\\/2022\\\/05\\\/Logo.png?fit=333%2C129&ssl=1\",\"width\":333,\"height\":129,\"caption\":\"Infos Droits Humains\"},\"image\":{\"@id\":\"https:\\\/\\\/infos-droitshumains.net\\\/#\\\/schema\\\/logo\\\/image\\\/\"}},{\"@type\":\"Person\",\"@id\":\"https:\\\/\\\/infos-droitshumains.net\\\/#\\\/schema\\\/person\\\/3dc5e921c3302172e0ed4362f96faab7\",\"name\":\"Jo\u00ebl Diawa\",\"image\":{\"@type\":\"ImageObject\",\"inLanguage\":\"fr-FR\",\"@id\":\"https:\\\/\\\/secure.gravatar.com\\\/avatar\\\/729bea6ff4604c624417803c477363be8e3c7186deaa65713313f9b4b820f41c?s=96&d=mm&r=g\",\"url\":\"https:\\\/\\\/secure.gravatar.com\\\/avatar\\\/729bea6ff4604c624417803c477363be8e3c7186deaa65713313f9b4b820f41c?s=96&d=mm&r=g\",\"contentUrl\":\"https:\\\/\\\/secure.gravatar.com\\\/avatar\\\/729bea6ff4604c624417803c477363be8e3c7186deaa65713313f9b4b820f41c?s=96&d=mm&r=g\",\"caption\":\"Jo\u00ebl Diawa\"},\"sameAs\":[\"https:\\\/\\\/www.infos-droitshumains.net\"],\"url\":\"https:\\\/\\\/infos-droitshumains.net\\\/?author=2\"}]}<\/script>\n<!-- \/ Yoast SEO plugin. -->","yoast_head_json":{"title":"Tribunal de Commerce de Kinshasa\/Matete\u00a0: Albert Kasanga appelle \u00e0 la franche collaboration et \u00e0 la convivialit\u00e9 en d\u00e9pit de la diversit\u00e9 des caract\u00e8res et des cultures. (Allocution du renouvellement de serment) - Infos Droits Humains","robots":{"index":"index","follow":"follow","max-snippet":"max-snippet:-1","max-image-preview":"max-image-preview:large","max-video-preview":"max-video-preview:-1"},"canonical":"https:\/\/infos-droitshumains.net\/?p=8099","og_locale":"fr_FR","og_type":"article","og_title":"Tribunal de Commerce de Kinshasa\/Matete\u00a0: Albert Kasanga appelle \u00e0 la franche collaboration et \u00e0 la convivialit\u00e9 en d\u00e9pit de la diversit\u00e9 des caract\u00e8res et des cultures. (Allocution du renouvellement de serment) - Infos Droits Humains","og_description":"R\u00e9daction :+243817406088 Le Pr\u00e9sident du Tribunal de Commerce de Kinshasa\/Matete, Albert Kasanga, a renouvel\u00e9 son...","og_url":"https:\/\/infos-droitshumains.net\/?p=8099","og_site_name":"Infos Droits Humains","article_published_time":"2023-09-27T08:47:18+00:00","article_modified_time":"2023-09-27T08:49:18+00:00","og_image":[{"width":1040,"height":780,"url":"https:\/\/infos-droitshumains.net\/wp-content\/uploads\/2023\/09\/IMG_20230925_121833_754.jpg","type":"image\/jpeg"}],"author":"Jo\u00ebl Diawa","twitter_card":"summary_large_image","twitter_misc":{"\u00c9crit par":"Jo\u00ebl Diawa","Dur\u00e9e de lecture estim\u00e9e":"2 minutes"},"schema":{"@context":"https:\/\/schema.org","@graph":[{"@type":"Article","@id":"https:\/\/infos-droitshumains.net\/?p=8099#article","isPartOf":{"@id":"https:\/\/infos-droitshumains.net\/?p=8099"},"author":{"name":"Jo\u00ebl Diawa","@id":"https:\/\/infos-droitshumains.net\/#\/schema\/person\/3dc5e921c3302172e0ed4362f96faab7"},"headline":"Tribunal de Commerce de Kinshasa\/Matete\u00a0: Albert Kasanga appelle \u00e0 la franche collaboration et \u00e0 la convivialit\u00e9 en d\u00e9pit de la diversit\u00e9 des caract\u00e8res et des cultures. (Allocution du renouvellement de serment)","datePublished":"2023-09-27T08:47:18+00:00","dateModified":"2023-09-27T08:49:18+00:00","mainEntityOfPage":{"@id":"https:\/\/infos-droitshumains.net\/?p=8099"},"wordCount":397,"commentCount":0,"publisher":{"@id":"https:\/\/infos-droitshumains.net\/#organization"},"image":{"@id":"https:\/\/infos-droitshumains.net\/?p=8099#primaryimage"},"thumbnailUrl":"https:\/\/i0.wp.com\/infos-droitshumains.net\/wp-content\/uploads\/2023\/09\/IMG_20230925_121833_754.jpg?fit=1040%2C780&ssl=1","articleSection":["Justice"],"inLanguage":"fr-FR","potentialAction":[{"@type":"CommentAction","name":"Comment","target":["https:\/\/infos-droitshumains.net\/?p=8099#respond"]}]},{"@type":"WebPage","@id":"https:\/\/infos-droitshumains.net\/?p=8099","url":"https:\/\/infos-droitshumains.net\/?p=8099","name":"Tribunal de Commerce de Kinshasa\/Matete\u00a0: Albert Kasanga appelle \u00e0 la franche collaboration et \u00e0 la convivialit\u00e9 en d\u00e9pit de la diversit\u00e9 des caract\u00e8res et des cultures. (Allocution du renouvellement de serment) - Infos Droits Humains","isPartOf":{"@id":"https:\/\/infos-droitshumains.net\/#website"},"primaryImageOfPage":{"@id":"https:\/\/infos-droitshumains.net\/?p=8099#primaryimage"},"image":{"@id":"https:\/\/infos-droitshumains.net\/?p=8099#primaryimage"},"thumbnailUrl":"https:\/\/i0.wp.com\/infos-droitshumains.net\/wp-content\/uploads\/2023\/09\/IMG_20230925_121833_754.jpg?fit=1040%2C780&ssl=1","datePublished":"2023-09-27T08:47:18+00:00","dateModified":"2023-09-27T08:49:18+00:00","breadcrumb":{"@id":"https:\/\/infos-droitshumains.net\/?p=8099#breadcrumb"},"inLanguage":"fr-FR","potentialAction":[{"@type":"ReadAction","target":["https:\/\/infos-droitshumains.net\/?p=8099"]}]},{"@type":"ImageObject","inLanguage":"fr-FR","@id":"https:\/\/infos-droitshumains.net\/?p=8099#primaryimage","url":"https:\/\/i0.wp.com\/infos-droitshumains.net\/wp-content\/uploads\/2023\/09\/IMG_20230925_121833_754.jpg?fit=1040%2C780&ssl=1","contentUrl":"https:\/\/i0.wp.com\/infos-droitshumains.net\/wp-content\/uploads\/2023\/09\/IMG_20230925_121833_754.jpg?fit=1040%2C780&ssl=1","width":1040,"height":780},{"@type":"BreadcrumbList","@id":"https:\/\/infos-droitshumains.net\/?p=8099#breadcrumb","itemListElement":[{"@type":"ListItem","position":1,"name":"Accueil","item":"https:\/\/infos-droitshumains.net\/"},{"@type":"ListItem","position":2,"name":"Tribunal de Commerce de Kinshasa\/Matete\u00a0: Albert Kasanga appelle \u00e0 la franche collaboration et \u00e0 la convivialit\u00e9 en d\u00e9pit de la diversit\u00e9 des caract\u00e8res et des cultures. (Allocution du renouvellement de serment)"}]},{"@type":"WebSite","@id":"https:\/\/infos-droitshumains.net\/#website","url":"https:\/\/infos-droitshumains.net\/","name":"Infos Droits Humains","description":"S&#039;informer est un droit","publisher":{"@id":"https:\/\/infos-droitshumains.net\/#organization"},"potentialAction":[{"@type":"SearchAction","target":{"@type":"EntryPoint","urlTemplate":"https:\/\/infos-droitshumains.net\/?s={search_term_string}"},"query-input":{"@type":"PropertyValueSpecification","valueRequired":true,"valueName":"search_term_string"}}],"inLanguage":"fr-FR"},{"@type":"Organization","@id":"https:\/\/infos-droitshumains.net\/#organization","name":"Infos Droits Humains","url":"https:\/\/infos-droitshumains.net\/","logo":{"@type":"ImageObject","inLanguage":"fr-FR","@id":"https:\/\/infos-droitshumains.net\/#\/schema\/logo\/image\/","url":"https:\/\/i0.wp.com\/infos-droitshumains.net\/wp-content\/uploads\/2022\/05\/Logo.png?fit=333%2C129&ssl=1","contentUrl":"https:\/\/i0.wp.com\/infos-droitshumains.net\/wp-content\/uploads\/2022\/05\/Logo.png?fit=333%2C129&ssl=1","width":333,"height":129,"caption":"Infos Droits Humains"},"image":{"@id":"https:\/\/infos-droitshumains.net\/#\/schema\/logo\/image\/"}},{"@type":"Person","@id":"https:\/\/infos-droitshumains.net\/#\/schema\/person\/3dc5e921c3302172e0ed4362f96faab7","name":"Jo\u00ebl Diawa","image":{"@type":"ImageObject","inLanguage":"fr-FR","@id":"https:\/\/secure.gravatar.com\/avatar\/729bea6ff4604c624417803c477363be8e3c7186deaa65713313f9b4b820f41c?s=96&d=mm&r=g","url":"https:\/\/secure.gravatar.com\/avatar\/729bea6ff4604c624417803c477363be8e3c7186deaa65713313f9b4b820f41c?s=96&d=mm&r=g","contentUrl":"https:\/\/secure.gravatar.com\/avatar\/729bea6ff4604c624417803c477363be8e3c7186deaa65713313f9b4b820f41c?s=96&d=mm&r=g","caption":"Jo\u00ebl Diawa"},"sameAs":["https:\/\/www.infos-droitshumains.net"],"url":"https:\/\/infos-droitshumains.net\/?author=2"}]}},"featured_image_urls":{"full":["https:\/\/i0.wp.com\/infos-droitshumains.net\/wp-content\/uploads\/2023\/09\/IMG_20230925_121833_754.jpg?fit=1040%2C780&ssl=1",1040,780,false],"thumbnail":["https:\/\/i0.wp.com\/infos-droitshumains.net\/wp-content\/uploads\/2023\/09\/IMG_20230925_121833_754.jpg?resize=150%2C150&ssl=1",150,150,true],"medium":["https:\/\/i0.wp.com\/infos-droitshumains.net\/wp-content\/uploads\/2023\/09\/IMG_20230925_121833_754.jpg?fit=300%2C225&ssl=1",300,225,true],"medium_large":["https:\/\/i0.wp.com\/infos-droitshumains.net\/wp-content\/uploads\/2023\/09\/IMG_20230925_121833_754.jpg?fit=640%2C480&ssl=1",640,480,true],"large":["https:\/\/i0.wp.com\/infos-droitshumains.net\/wp-content\/uploads\/2023\/09\/IMG_20230925_121833_754.jpg?fit=640%2C480&ssl=1",640,480,true],"1536x1536":["https:\/\/i0.wp.com\/infos-droitshumains.net\/wp-content\/uploads\/2023\/09\/IMG_20230925_121833_754.jpg?fit=1040%2C780&ssl=1",1040,780,true],"2048x2048":["https:\/\/i0.wp.com\/infos-droitshumains.net\/wp-content\/uploads\/2023\/09\/IMG_20230925_121833_754.jpg?fit=1040%2C780&ssl=1",1040,780,true],"covernews-slider-full":["https:\/\/i0.wp.com\/infos-droitshumains.net\/wp-content\/uploads\/2023\/09\/IMG_20230925_121833_754.jpg?resize=1040%2C715&ssl=1",1040,715,true],"covernews-slider-center":["https:\/\/i0.wp.com\/infos-droitshumains.net\/wp-content\/uploads\/2023\/09\/IMG_20230925_121833_754.jpg?resize=800%2C500&ssl=1",800,500,true],"covernews-featured":["https:\/\/i0.wp.com\/infos-droitshumains.net\/wp-content\/uploads\/2023\/09\/IMG_20230925_121833_754.jpg?fit=1024%2C768&ssl=1",1024,768,true],"covernews-medium":["https:\/\/i0.wp.com\/infos-droitshumains.net\/wp-content\/uploads\/2023\/09\/IMG_20230925_121833_754.jpg?resize=540%2C340&ssl=1",540,340,true],"covernews-medium-square":["https:\/\/i0.wp.com\/infos-droitshumains.net\/wp-content\/uploads\/2023\/09\/IMG_20230925_121833_754.jpg?resize=400%2C250&ssl=1",400,250,true]},"author_info":{"display_name":"Jo\u00ebl Diawa","author_link":"https:\/\/infos-droitshumains.net\/?author=2"},"category_info":"<a href=\"https:\/\/infos-droitshumains.net\/?cat=6\" rel=\"category\">Justice<\/a>","tag_info":"Justice","comment_count":"0","jetpack_featured_media_url":"https:\/\/i0.wp.com\/infos-droitshumains.net\/wp-content\/uploads\/2023\/09\/IMG_20230925_121833_754.jpg?fit=1040%2C780&ssl=1","jetpack-related-posts":[],"jetpack_sharing_enabled":true,"_links":{"self":[{"href":"https:\/\/infos-droitshumains.net\/index.php?rest_route=\/wp\/v2\/posts\/8099","targetHints":{"allow":["GET"]}}],"collection":[{"href":"https:\/\/infos-droitshumains.net\/index.php?rest_route=\/wp\/v2\/posts"}],"about":[{"href":"https:\/\/infos-droitshumains.net\/index.php?rest_route=\/wp\/v2\/types\/post"}],"author":[{"embeddable":true,"href":"https:\/\/infos-droitshumains.net\/index.php?rest_route=\/wp\/v2\/users\/2"}],"replies":[{"embeddable":true,"href":"https:\/\/infos-droitshumains.net\/index.php?rest_route=%2Fwp%2Fv2%2Fcomments&post=8099"}],"version-history":[{"count":1,"href":"https:\/\/infos-droitshumains.net\/index.php?rest_route=\/wp\/v2\/posts\/8099\/revisions"}],"predecessor-version":[{"id":8100,"href":"https:\/\/infos-droitshumains.net\/index.php?rest_route=\/wp\/v2\/posts\/8099\/revisions\/8100"}],"wp:featuredmedia":[{"embeddable":true,"href":"https:\/\/infos-droitshumains.net\/index.php?rest_route=\/wp\/v2\/media\/8101"}],"wp:attachment":[{"href":"https:\/\/infos-droitshumains.net\/index.php?rest_route=%2Fwp%2Fv2%2Fmedia&parent=8099"}],"wp:term":[{"taxonomy":"category","embeddable":true,"href":"https:\/\/infos-droitshumains.net\/index.php?rest_route=%2Fwp%2Fv2%2Fcategories&post=8099"},{"taxonomy":"post_tag","embeddable":true,"href":"https:\/\/infos-droitshumains.net\/index.php?rest_route=%2Fwp%2Fv2%2Ftags&post=8099"}],"curies":[{"name":"wp","href":"https:\/\/api.w.org\/{rel}","templated":true}]}}