{"id":8090,"date":"2023-09-26T22:43:43","date_gmt":"2023-09-26T20:43:43","guid":{"rendered":"https:\/\/infos-droitshumains.net\/?p=8090"},"modified":"2023-09-26T22:51:27","modified_gmt":"2023-09-26T20:51:27","slug":"rdc-grace-a-lappui-du-bcnudh-la-commission-permanente-des-droits-de-lhomme-de-lassemblee-nationale-elabore-son-plan-strategique-pour-les-annees-avenirs","status":"publish","type":"post","link":"https:\/\/infos-droitshumains.net\/?p=8090","title":{"rendered":"RDC: Gr\u00e2ce \u00e0 l\u2019appui du BCNUDH, la commission permanente des droits de l&rsquo;homme de l&rsquo;Assembl\u00e9e Nationale \u00e9labore son plan strat\u00e9gique pour les ann\u00e9es avenirs"},"content":{"rendered":"\n<p><strong>R\u00e9daction :+243817406088<\/strong><\/p>\n\n\n\n<h4 class=\"wp-block-heading has-vivid-red-color has-text-color\">Le Bureau Conjoint des Nations Unies aux Droits de l&rsquo;Homme (BCNUDH) facilite l&rsquo;\u00e9laboration du plan strat\u00e9gique de la commission p\u00e9rennante des droits de l&rsquo;homme de l&rsquo;Assembl\u00e9e Nationale. C&rsquo;est au cours d&rsquo;un atelier qui se tient \u00e0 Kinshasa du 26 au 27 septembre 2023 et qui r\u00e9unit les d\u00e9put\u00e9s nationaux membres de cette commission, le minist\u00e8re des droits humains et les acteurs de la soci\u00e9t\u00e9 civile.<\/h4>\n\n\n\n<p><em>\u00ab&nbsp;Ce plan strat\u00e9gique constituera un document de base et un canevas pour les prochains animateurs de la commission permanente des droits de l&rsquo;homme de l&rsquo;assembl\u00e9e nationale. Je salue \u00e9galement le choix de la commission d&rsquo;associer d&rsquo;autres acteurs dans ce processus\u2026 Ce plan qui sera produit, sera le fruit d&rsquo;une concertation engag\u00e9e entre acteurs des droits de l&rsquo;homme, et contribuera au renforcement de la protection des droits de l&rsquo;homme en RDC&nbsp;\u00bb<\/em>, a d\u00e9clar\u00e9 Fid\u00e9lit\u00e9 Ntiroranya, repr\u00e9sentante du directeur du BCNUDH \u00e0 ces assises.<\/p>\n\n\n\n<p>\u00c0 l\u2019en croire, bien que beaucoup reste encore \u00e0 faire, le plan strat\u00e9gique en cours d&rsquo;\u00e9laboration remplacera celui de 2022-2023 qui a permis \u00e0 la RDC d&rsquo;enregistrer le vote de quelques lois&nbsp; li\u00e9es \u00e0 la promotion et \u00e0 la protection des droits&nbsp; de l&rsquo;homme au cours de cette l\u00e9gislature.<\/p>\n\n\n\n<p><em>\u00ab&nbsp;Malgr\u00e9 ces avanc\u00e9es, un long chemin reste encore \u00e0 parcourir pour renforcement de la protection des droits de l&rsquo;homme par le parlement. Bon nombre d&rsquo;arri\u00e9r\u00e9s l\u00e9gislatives cons\u00e9quentes sont rest\u00e9es pendantes au cours des l\u00e9gislatures ant\u00e9rieures&nbsp;\u00bb<\/em>, a-t-elle soulev\u00e9.<\/p>\n\n\n\n<p>Conscient du r\u00f4le important que joue sa commission pour garantir le respect des droits de l&rsquo;homme au pays, Simon-Pierre Iyananio estime que ce plan strat\u00e9gique vise \u00e0 consolider les t\u00e2ches de cette commission.<\/p>\n\n\n\n<p><em>\u00ab&nbsp;Il \u00e9tait n\u00e9cessaire d&rsquo;\u00e9laborer rapidement un autre plan pour continuer dans la dynamique qui est la n\u00f4tre de consolider le travail de la commission permanente des droits de l&rsquo;homme au sein de l&rsquo;assembl\u00e9e nationale&nbsp;\u00bb<\/em>, a indiqu\u00e9 le Pr\u00e9sident de la commission permanente des droits de l&rsquo;homme de l&rsquo;assembl\u00e9e nationale.<\/p>\n\n\n\n<p>Ce plan strat\u00e9gique contient des actions \u00e0 mener dans une p\u00e9riode donn\u00e9e par la commission permanente des droits de l&rsquo;homme de l&rsquo;assembl\u00e9e nationale en vue de booster le vote des lois relatives \u00e0 la promotion et \u00e0 la protection des droits de l&rsquo;homme au sein du parlement.<\/p>\n\n\n\n<p>&nbsp;\u00c9galement au cours de cet atelier, plusieurs autres sujets importants des droits de l&rsquo;homme seront abord\u00e9s notamment le suivi de la mise en \u0153uvre des recommandations de l&rsquo;examen p\u00e9riodique universel et les m\u00e9canismes des droits de l&rsquo;homme, l&rsquo;opportunit\u00e9 de la mise en place d&rsquo;un m\u00e9canisme national de pr\u00e9vention de la torture en RDC et la question de l&rsquo;\u00e9laboration d&rsquo;un budget sensible aux droits de l&rsquo;homme vu la session budg\u00e9taire actuelle.<\/p>\n\n\n\n<p>AM<\/p>\n","protected":false},"excerpt":{"rendered":"<p>R\u00e9daction :+243817406088 Le Bureau Conjoint des Nations Unies aux Droits de l&rsquo;Homme (BCNUDH) facilite l&rsquo;\u00e9laboration&#8230;<\/p>\n","protected":false},"author":2,"featured_media":8092,"comment_status":"open","ping_status":"open","sticky":false,"template":"","format":"standard","meta":{"_jetpack_memberships_contains_paid_content":false,"footnotes":""},"categories":[7],"tags":[],"class_list":["post-8090","post","type-post","status-publish","format-standard","has-post-thumbnail","hentry","category-droits-humains"],"yoast_head":"<!-- This site is optimized with the Yoast SEO plugin v27.5 - https:\/\/yoast.com\/product\/yoast-seo-wordpress\/ -->\n<title>RDC: Gr\u00e2ce \u00e0 l\u2019appui du BCNUDH, la commission permanente des droits de l&#039;homme de l&#039;Assembl\u00e9e Nationale \u00e9labore son plan strat\u00e9gique pour les ann\u00e9es avenirs - Infos Droits Humains<\/title>\n<meta name=\"robots\" content=\"index, follow, max-snippet:-1, max-image-preview:large, max-video-preview:-1\" \/>\n<link rel=\"canonical\" href=\"https:\/\/infos-droitshumains.net\/?p=8090\" \/>\n<meta property=\"og:locale\" content=\"fr_FR\" \/>\n<meta property=\"og:type\" content=\"article\" \/>\n<meta property=\"og:title\" content=\"RDC: Gr\u00e2ce \u00e0 l\u2019appui du BCNUDH, la commission permanente des droits de l&#039;homme de l&#039;Assembl\u00e9e Nationale \u00e9labore son plan strat\u00e9gique pour les ann\u00e9es avenirs - Infos Droits Humains\" \/>\n<meta property=\"og:description\" content=\"R\u00e9daction :+243817406088 Le Bureau Conjoint des Nations Unies aux Droits de l&rsquo;Homme (BCNUDH) facilite l&rsquo;\u00e9laboration...\" \/>\n<meta property=\"og:url\" content=\"https:\/\/infos-droitshumains.net\/?p=8090\" \/>\n<meta property=\"og:site_name\" content=\"Infos Droits Humains\" \/>\n<meta property=\"article:published_time\" content=\"2023-09-26T20:43:43+00:00\" \/>\n<meta property=\"article:modified_time\" content=\"2023-09-26T20:51:27+00:00\" \/>\n<meta property=\"og:image\" content=\"https:\/\/infos-droitshumains.net\/wp-content\/uploads\/2023\/09\/IMG-20230926-WA0076_1.jpg\" \/>\n\t<meta property=\"og:image:width\" content=\"1040\" \/>\n\t<meta property=\"og:image:height\" content=\"780\" \/>\n\t<meta property=\"og:image:type\" content=\"image\/jpeg\" \/>\n<meta name=\"author\" content=\"Jo\u00ebl Diawa\" \/>\n<meta name=\"twitter:card\" content=\"summary_large_image\" \/>\n<meta name=\"twitter:label1\" content=\"\u00c9crit par\" \/>\n\t<meta name=\"twitter:data1\" content=\"Jo\u00ebl Diawa\" \/>\n\t<meta name=\"twitter:label2\" content=\"Dur\u00e9e de lecture estim\u00e9e\" \/>\n\t<meta name=\"twitter:data2\" content=\"3 minutes\" \/>\n<script type=\"application\/ld+json\" class=\"yoast-schema-graph\">{\"@context\":\"https:\\\/\\\/schema.org\",\"@graph\":[{\"@type\":\"Article\",\"@id\":\"https:\\\/\\\/infos-droitshumains.net\\\/?p=8090#article\",\"isPartOf\":{\"@id\":\"https:\\\/\\\/infos-droitshumains.net\\\/?p=8090\"},\"author\":{\"name\":\"Jo\u00ebl Diawa\",\"@id\":\"https:\\\/\\\/infos-droitshumains.net\\\/#\\\/schema\\\/person\\\/3dc5e921c3302172e0ed4362f96faab7\"},\"headline\":\"RDC: Gr\u00e2ce \u00e0 l\u2019appui du BCNUDH, la commission permanente des droits de l&rsquo;homme de l&rsquo;Assembl\u00e9e Nationale \u00e9labore son plan strat\u00e9gique pour les ann\u00e9es avenirs\",\"datePublished\":\"2023-09-26T20:43:43+00:00\",\"dateModified\":\"2023-09-26T20:51:27+00:00\",\"mainEntityOfPage\":{\"@id\":\"https:\\\/\\\/infos-droitshumains.net\\\/?p=8090\"},\"wordCount\":505,\"commentCount\":0,\"publisher\":{\"@id\":\"https:\\\/\\\/infos-droitshumains.net\\\/#organization\"},\"image\":{\"@id\":\"https:\\\/\\\/infos-droitshumains.net\\\/?p=8090#primaryimage\"},\"thumbnailUrl\":\"https:\\\/\\\/i0.wp.com\\\/infos-droitshumains.net\\\/wp-content\\\/uploads\\\/2023\\\/09\\\/IMG-20230926-WA0076_1.jpg?fit=1040%2C780&ssl=1\",\"articleSection\":[\"Droits Humains\"],\"inLanguage\":\"fr-FR\",\"potentialAction\":[{\"@type\":\"CommentAction\",\"name\":\"Comment\",\"target\":[\"https:\\\/\\\/infos-droitshumains.net\\\/?p=8090#respond\"]}]},{\"@type\":\"WebPage\",\"@id\":\"https:\\\/\\\/infos-droitshumains.net\\\/?p=8090\",\"url\":\"https:\\\/\\\/infos-droitshumains.net\\\/?p=8090\",\"name\":\"RDC: Gr\u00e2ce \u00e0 l\u2019appui du BCNUDH, la commission permanente des droits de l'homme de l'Assembl\u00e9e Nationale \u00e9labore son plan strat\u00e9gique pour les ann\u00e9es avenirs - Infos Droits Humains\",\"isPartOf\":{\"@id\":\"https:\\\/\\\/infos-droitshumains.net\\\/#website\"},\"primaryImageOfPage\":{\"@id\":\"https:\\\/\\\/infos-droitshumains.net\\\/?p=8090#primaryimage\"},\"image\":{\"@id\":\"https:\\\/\\\/infos-droitshumains.net\\\/?p=8090#primaryimage\"},\"thumbnailUrl\":\"https:\\\/\\\/i0.wp.com\\\/infos-droitshumains.net\\\/wp-content\\\/uploads\\\/2023\\\/09\\\/IMG-20230926-WA0076_1.jpg?fit=1040%2C780&ssl=1\",\"datePublished\":\"2023-09-26T20:43:43+00:00\",\"dateModified\":\"2023-09-26T20:51:27+00:00\",\"breadcrumb\":{\"@id\":\"https:\\\/\\\/infos-droitshumains.net\\\/?p=8090#breadcrumb\"},\"inLanguage\":\"fr-FR\",\"potentialAction\":[{\"@type\":\"ReadAction\",\"target\":[\"https:\\\/\\\/infos-droitshumains.net\\\/?p=8090\"]}]},{\"@type\":\"ImageObject\",\"inLanguage\":\"fr-FR\",\"@id\":\"https:\\\/\\\/infos-droitshumains.net\\\/?p=8090#primaryimage\",\"url\":\"https:\\\/\\\/i0.wp.com\\\/infos-droitshumains.net\\\/wp-content\\\/uploads\\\/2023\\\/09\\\/IMG-20230926-WA0076_1.jpg?fit=1040%2C780&ssl=1\",\"contentUrl\":\"https:\\\/\\\/i0.wp.com\\\/infos-droitshumains.net\\\/wp-content\\\/uploads\\\/2023\\\/09\\\/IMG-20230926-WA0076_1.jpg?fit=1040%2C780&ssl=1\",\"width\":1040,\"height\":780},{\"@type\":\"BreadcrumbList\",\"@id\":\"https:\\\/\\\/infos-droitshumains.net\\\/?p=8090#breadcrumb\",\"itemListElement\":[{\"@type\":\"ListItem\",\"position\":1,\"name\":\"Accueil\",\"item\":\"https:\\\/\\\/infos-droitshumains.net\\\/\"},{\"@type\":\"ListItem\",\"position\":2,\"name\":\"RDC: Gr\u00e2ce \u00e0 l\u2019appui du BCNUDH, la commission permanente des droits de l&rsquo;homme de l&rsquo;Assembl\u00e9e Nationale \u00e9labore son plan strat\u00e9gique pour les ann\u00e9es avenirs\"}]},{\"@type\":\"WebSite\",\"@id\":\"https:\\\/\\\/infos-droitshumains.net\\\/#website\",\"url\":\"https:\\\/\\\/infos-droitshumains.net\\\/\",\"name\":\"Infos Droits Humains\",\"description\":\"S&#039;informer est un droit\",\"publisher\":{\"@id\":\"https:\\\/\\\/infos-droitshumains.net\\\/#organization\"},\"potentialAction\":[{\"@type\":\"SearchAction\",\"target\":{\"@type\":\"EntryPoint\",\"urlTemplate\":\"https:\\\/\\\/infos-droitshumains.net\\\/?s={search_term_string}\"},\"query-input\":{\"@type\":\"PropertyValueSpecification\",\"valueRequired\":true,\"valueName\":\"search_term_string\"}}],\"inLanguage\":\"fr-FR\"},{\"@type\":\"Organization\",\"@id\":\"https:\\\/\\\/infos-droitshumains.net\\\/#organization\",\"name\":\"Infos Droits Humains\",\"url\":\"https:\\\/\\\/infos-droitshumains.net\\\/\",\"logo\":{\"@type\":\"ImageObject\",\"inLanguage\":\"fr-FR\",\"@id\":\"https:\\\/\\\/infos-droitshumains.net\\\/#\\\/schema\\\/logo\\\/image\\\/\",\"url\":\"https:\\\/\\\/i0.wp.com\\\/infos-droitshumains.net\\\/wp-content\\\/uploads\\\/2022\\\/05\\\/Logo.png?fit=333%2C129&ssl=1\",\"contentUrl\":\"https:\\\/\\\/i0.wp.com\\\/infos-droitshumains.net\\\/wp-content\\\/uploads\\\/2022\\\/05\\\/Logo.png?fit=333%2C129&ssl=1\",\"width\":333,\"height\":129,\"caption\":\"Infos Droits Humains\"},\"image\":{\"@id\":\"https:\\\/\\\/infos-droitshumains.net\\\/#\\\/schema\\\/logo\\\/image\\\/\"}},{\"@type\":\"Person\",\"@id\":\"https:\\\/\\\/infos-droitshumains.net\\\/#\\\/schema\\\/person\\\/3dc5e921c3302172e0ed4362f96faab7\",\"name\":\"Jo\u00ebl Diawa\",\"image\":{\"@type\":\"ImageObject\",\"inLanguage\":\"fr-FR\",\"@id\":\"https:\\\/\\\/secure.gravatar.com\\\/avatar\\\/729bea6ff4604c624417803c477363be8e3c7186deaa65713313f9b4b820f41c?s=96&d=mm&r=g\",\"url\":\"https:\\\/\\\/secure.gravatar.com\\\/avatar\\\/729bea6ff4604c624417803c477363be8e3c7186deaa65713313f9b4b820f41c?s=96&d=mm&r=g\",\"contentUrl\":\"https:\\\/\\\/secure.gravatar.com\\\/avatar\\\/729bea6ff4604c624417803c477363be8e3c7186deaa65713313f9b4b820f41c?s=96&d=mm&r=g\",\"caption\":\"Jo\u00ebl Diawa\"},\"sameAs\":[\"https:\\\/\\\/www.infos-droitshumains.net\"],\"url\":\"https:\\\/\\\/infos-droitshumains.net\\\/?author=2\"}]}<\/script>\n<!-- \/ Yoast SEO plugin. -->","yoast_head_json":{"title":"RDC: Gr\u00e2ce \u00e0 l\u2019appui du BCNUDH, la commission permanente des droits de l'homme de l'Assembl\u00e9e Nationale \u00e9labore son plan strat\u00e9gique pour les ann\u00e9es avenirs - Infos Droits Humains","robots":{"index":"index","follow":"follow","max-snippet":"max-snippet:-1","max-image-preview":"max-image-preview:large","max-video-preview":"max-video-preview:-1"},"canonical":"https:\/\/infos-droitshumains.net\/?p=8090","og_locale":"fr_FR","og_type":"article","og_title":"RDC: Gr\u00e2ce \u00e0 l\u2019appui du BCNUDH, la commission permanente des droits de l'homme de l'Assembl\u00e9e Nationale \u00e9labore son plan strat\u00e9gique pour les ann\u00e9es avenirs - Infos Droits Humains","og_description":"R\u00e9daction :+243817406088 Le Bureau Conjoint des Nations Unies aux Droits de l&rsquo;Homme (BCNUDH) facilite l&rsquo;\u00e9laboration...","og_url":"https:\/\/infos-droitshumains.net\/?p=8090","og_site_name":"Infos Droits Humains","article_published_time":"2023-09-26T20:43:43+00:00","article_modified_time":"2023-09-26T20:51:27+00:00","og_image":[{"width":1040,"height":780,"url":"https:\/\/infos-droitshumains.net\/wp-content\/uploads\/2023\/09\/IMG-20230926-WA0076_1.jpg","type":"image\/jpeg"}],"author":"Jo\u00ebl Diawa","twitter_card":"summary_large_image","twitter_misc":{"\u00c9crit par":"Jo\u00ebl Diawa","Dur\u00e9e de lecture estim\u00e9e":"3 minutes"},"schema":{"@context":"https:\/\/schema.org","@graph":[{"@type":"Article","@id":"https:\/\/infos-droitshumains.net\/?p=8090#article","isPartOf":{"@id":"https:\/\/infos-droitshumains.net\/?p=8090"},"author":{"name":"Jo\u00ebl Diawa","@id":"https:\/\/infos-droitshumains.net\/#\/schema\/person\/3dc5e921c3302172e0ed4362f96faab7"},"headline":"RDC: Gr\u00e2ce \u00e0 l\u2019appui du BCNUDH, la commission permanente des droits de l&rsquo;homme de l&rsquo;Assembl\u00e9e Nationale \u00e9labore son plan strat\u00e9gique pour les ann\u00e9es avenirs","datePublished":"2023-09-26T20:43:43+00:00","dateModified":"2023-09-26T20:51:27+00:00","mainEntityOfPage":{"@id":"https:\/\/infos-droitshumains.net\/?p=8090"},"wordCount":505,"commentCount":0,"publisher":{"@id":"https:\/\/infos-droitshumains.net\/#organization"},"image":{"@id":"https:\/\/infos-droitshumains.net\/?p=8090#primaryimage"},"thumbnailUrl":"https:\/\/i0.wp.com\/infos-droitshumains.net\/wp-content\/uploads\/2023\/09\/IMG-20230926-WA0076_1.jpg?fit=1040%2C780&ssl=1","articleSection":["Droits Humains"],"inLanguage":"fr-FR","potentialAction":[{"@type":"CommentAction","name":"Comment","target":["https:\/\/infos-droitshumains.net\/?p=8090#respond"]}]},{"@type":"WebPage","@id":"https:\/\/infos-droitshumains.net\/?p=8090","url":"https:\/\/infos-droitshumains.net\/?p=8090","name":"RDC: Gr\u00e2ce \u00e0 l\u2019appui du BCNUDH, la commission permanente des droits de l'homme de l'Assembl\u00e9e Nationale \u00e9labore son plan strat\u00e9gique pour les ann\u00e9es avenirs - Infos Droits Humains","isPartOf":{"@id":"https:\/\/infos-droitshumains.net\/#website"},"primaryImageOfPage":{"@id":"https:\/\/infos-droitshumains.net\/?p=8090#primaryimage"},"image":{"@id":"https:\/\/infos-droitshumains.net\/?p=8090#primaryimage"},"thumbnailUrl":"https:\/\/i0.wp.com\/infos-droitshumains.net\/wp-content\/uploads\/2023\/09\/IMG-20230926-WA0076_1.jpg?fit=1040%2C780&ssl=1","datePublished":"2023-09-26T20:43:43+00:00","dateModified":"2023-09-26T20:51:27+00:00","breadcrumb":{"@id":"https:\/\/infos-droitshumains.net\/?p=8090#breadcrumb"},"inLanguage":"fr-FR","potentialAction":[{"@type":"ReadAction","target":["https:\/\/infos-droitshumains.net\/?p=8090"]}]},{"@type":"ImageObject","inLanguage":"fr-FR","@id":"https:\/\/infos-droitshumains.net\/?p=8090#primaryimage","url":"https:\/\/i0.wp.com\/infos-droitshumains.net\/wp-content\/uploads\/2023\/09\/IMG-20230926-WA0076_1.jpg?fit=1040%2C780&ssl=1","contentUrl":"https:\/\/i0.wp.com\/infos-droitshumains.net\/wp-content\/uploads\/2023\/09\/IMG-20230926-WA0076_1.jpg?fit=1040%2C780&ssl=1","width":1040,"height":780},{"@type":"BreadcrumbList","@id":"https:\/\/infos-droitshumains.net\/?p=8090#breadcrumb","itemListElement":[{"@type":"ListItem","position":1,"name":"Accueil","item":"https:\/\/infos-droitshumains.net\/"},{"@type":"ListItem","position":2,"name":"RDC: Gr\u00e2ce \u00e0 l\u2019appui du BCNUDH, la commission permanente des droits de l&rsquo;homme de l&rsquo;Assembl\u00e9e Nationale \u00e9labore son plan strat\u00e9gique pour les ann\u00e9es avenirs"}]},{"@type":"WebSite","@id":"https:\/\/infos-droitshumains.net\/#website","url":"https:\/\/infos-droitshumains.net\/","name":"Infos Droits Humains","description":"S&#039;informer est un droit","publisher":{"@id":"https:\/\/infos-droitshumains.net\/#organization"},"potentialAction":[{"@type":"SearchAction","target":{"@type":"EntryPoint","urlTemplate":"https:\/\/infos-droitshumains.net\/?s={search_term_string}"},"query-input":{"@type":"PropertyValueSpecification","valueRequired":true,"valueName":"search_term_string"}}],"inLanguage":"fr-FR"},{"@type":"Organization","@id":"https:\/\/infos-droitshumains.net\/#organization","name":"Infos Droits Humains","url":"https:\/\/infos-droitshumains.net\/","logo":{"@type":"ImageObject","inLanguage":"fr-FR","@id":"https:\/\/infos-droitshumains.net\/#\/schema\/logo\/image\/","url":"https:\/\/i0.wp.com\/infos-droitshumains.net\/wp-content\/uploads\/2022\/05\/Logo.png?fit=333%2C129&ssl=1","contentUrl":"https:\/\/i0.wp.com\/infos-droitshumains.net\/wp-content\/uploads\/2022\/05\/Logo.png?fit=333%2C129&ssl=1","width":333,"height":129,"caption":"Infos Droits Humains"},"image":{"@id":"https:\/\/infos-droitshumains.net\/#\/schema\/logo\/image\/"}},{"@type":"Person","@id":"https:\/\/infos-droitshumains.net\/#\/schema\/person\/3dc5e921c3302172e0ed4362f96faab7","name":"Jo\u00ebl Diawa","image":{"@type":"ImageObject","inLanguage":"fr-FR","@id":"https:\/\/secure.gravatar.com\/avatar\/729bea6ff4604c624417803c477363be8e3c7186deaa65713313f9b4b820f41c?s=96&d=mm&r=g","url":"https:\/\/secure.gravatar.com\/avatar\/729bea6ff4604c624417803c477363be8e3c7186deaa65713313f9b4b820f41c?s=96&d=mm&r=g","contentUrl":"https:\/\/secure.gravatar.com\/avatar\/729bea6ff4604c624417803c477363be8e3c7186deaa65713313f9b4b820f41c?s=96&d=mm&r=g","caption":"Jo\u00ebl Diawa"},"sameAs":["https:\/\/www.infos-droitshumains.net"],"url":"https:\/\/infos-droitshumains.net\/?author=2"}]}},"featured_image_urls":{"full":["https:\/\/i0.wp.com\/infos-droitshumains.net\/wp-content\/uploads\/2023\/09\/IMG-20230926-WA0076_1.jpg?fit=1040%2C780&ssl=1",1040,780,false],"thumbnail":["https:\/\/i0.wp.com\/infos-droitshumains.net\/wp-content\/uploads\/2023\/09\/IMG-20230926-WA0076_1.jpg?resize=150%2C150&ssl=1",150,150,true],"medium":["https:\/\/i0.wp.com\/infos-droitshumains.net\/wp-content\/uploads\/2023\/09\/IMG-20230926-WA0076_1.jpg?fit=300%2C225&ssl=1",300,225,true],"medium_large":["https:\/\/i0.wp.com\/infos-droitshumains.net\/wp-content\/uploads\/2023\/09\/IMG-20230926-WA0076_1.jpg?fit=640%2C480&ssl=1",640,480,true],"large":["https:\/\/i0.wp.com\/infos-droitshumains.net\/wp-content\/uploads\/2023\/09\/IMG-20230926-WA0076_1.jpg?fit=640%2C480&ssl=1",640,480,true],"1536x1536":["https:\/\/i0.wp.com\/infos-droitshumains.net\/wp-content\/uploads\/2023\/09\/IMG-20230926-WA0076_1.jpg?fit=1040%2C780&ssl=1",1040,780,true],"2048x2048":["https:\/\/i0.wp.com\/infos-droitshumains.net\/wp-content\/uploads\/2023\/09\/IMG-20230926-WA0076_1.jpg?fit=1040%2C780&ssl=1",1040,780,true],"covernews-slider-full":["https:\/\/i0.wp.com\/infos-droitshumains.net\/wp-content\/uploads\/2023\/09\/IMG-20230926-WA0076_1.jpg?resize=1040%2C715&ssl=1",1040,715,true],"covernews-slider-center":["https:\/\/i0.wp.com\/infos-droitshumains.net\/wp-content\/uploads\/2023\/09\/IMG-20230926-WA0076_1.jpg?resize=800%2C500&ssl=1",800,500,true],"covernews-featured":["https:\/\/i0.wp.com\/infos-droitshumains.net\/wp-content\/uploads\/2023\/09\/IMG-20230926-WA0076_1.jpg?fit=1024%2C768&ssl=1",1024,768,true],"covernews-medium":["https:\/\/i0.wp.com\/infos-droitshumains.net\/wp-content\/uploads\/2023\/09\/IMG-20230926-WA0076_1.jpg?resize=540%2C340&ssl=1",540,340,true],"covernews-medium-square":["https:\/\/i0.wp.com\/infos-droitshumains.net\/wp-content\/uploads\/2023\/09\/IMG-20230926-WA0076_1.jpg?resize=400%2C250&ssl=1",400,250,true]},"author_info":{"display_name":"Jo\u00ebl Diawa","author_link":"https:\/\/infos-droitshumains.net\/?author=2"},"category_info":"<a href=\"https:\/\/infos-droitshumains.net\/?cat=7\" rel=\"category\">Droits Humains<\/a>","tag_info":"Droits Humains","comment_count":"0","jetpack_featured_media_url":"https:\/\/i0.wp.com\/infos-droitshumains.net\/wp-content\/uploads\/2023\/09\/IMG-20230926-WA0076_1.jpg?fit=1040%2C780&ssl=1","jetpack-related-posts":[],"jetpack_sharing_enabled":true,"_links":{"self":[{"href":"https:\/\/infos-droitshumains.net\/index.php?rest_route=\/wp\/v2\/posts\/8090","targetHints":{"allow":["GET"]}}],"collection":[{"href":"https:\/\/infos-droitshumains.net\/index.php?rest_route=\/wp\/v2\/posts"}],"about":[{"href":"https:\/\/infos-droitshumains.net\/index.php?rest_route=\/wp\/v2\/types\/post"}],"author":[{"embeddable":true,"href":"https:\/\/infos-droitshumains.net\/index.php?rest_route=\/wp\/v2\/users\/2"}],"replies":[{"embeddable":true,"href":"https:\/\/infos-droitshumains.net\/index.php?rest_route=%2Fwp%2Fv2%2Fcomments&post=8090"}],"version-history":[{"count":1,"href":"https:\/\/infos-droitshumains.net\/index.php?rest_route=\/wp\/v2\/posts\/8090\/revisions"}],"predecessor-version":[{"id":8091,"href":"https:\/\/infos-droitshumains.net\/index.php?rest_route=\/wp\/v2\/posts\/8090\/revisions\/8091"}],"wp:featuredmedia":[{"embeddable":true,"href":"https:\/\/infos-droitshumains.net\/index.php?rest_route=\/wp\/v2\/media\/8092"}],"wp:attachment":[{"href":"https:\/\/infos-droitshumains.net\/index.php?rest_route=%2Fwp%2Fv2%2Fmedia&parent=8090"}],"wp:term":[{"taxonomy":"category","embeddable":true,"href":"https:\/\/infos-droitshumains.net\/index.php?rest_route=%2Fwp%2Fv2%2Fcategories&post=8090"},{"taxonomy":"post_tag","embeddable":true,"href":"https:\/\/infos-droitshumains.net\/index.php?rest_route=%2Fwp%2Fv2%2Ftags&post=8090"}],"curies":[{"name":"wp","href":"https:\/\/api.w.org\/{rel}","templated":true}]}}