{"id":8074,"date":"2023-09-26T22:00:40","date_gmt":"2023-09-26T20:00:40","guid":{"rendered":"https:\/\/infos-droitshumains.net\/?p=8074"},"modified":"2023-09-26T22:17:43","modified_gmt":"2023-09-26T20:17:43","slug":"rdc-cette-fois-ci-la-justice-ne-brillera-plus-au-benefice-exclusif-du-plus-fort-ou-de-letranger-mais-sera-un-patrimoine-collectif-imprescriptible-de-chaque-citoyen-congolais-edmon","status":"publish","type":"post","link":"https:\/\/infos-droitshumains.net\/?p=8074","title":{"rendered":"RDC\u00a0: Cette fois-ci, la justice ne brillera plus au b\u00e9n\u00e9fice exclusif du plus fort ou de l\u2019\u00e9tranger, mais sera un patrimoine collectif imprescriptible de chaque citoyen congolais. (Edmond Isofa rassure apr\u00e8s son renouvellement de serment)"},"content":{"rendered":"\n<p><strong>R\u00e9daction :+243817406088<\/strong><\/p>\n\n\n\n<h4 class=\"wp-block-heading has-vivid-red-color has-text-color\">Apr\u00e8s sa reconduction \u00e0 la t\u00eate du parquet pr\u00e8s le Tribunal de Grande Instance de Kinshasa\/Gombe, le procureur de la R\u00e9publique Edmond Isofa Nkanga a renouvel\u00e9 son serment statuaire ce samedi 23 septembre 2023 au cours de l\u2019audience publique et solennelle organis\u00e9e pour la circonstance.<\/h4>\n\n\n\n<p>Cet offici\u00e9 du minist\u00e8re public a \u00e0 cette occasion, rendu les <em>\u00ab\u00a0hommages les plus d\u00e9f\u00e9rents\u00a0\u00bb<\/em> au Pr\u00e9sident de la R\u00e9publique magistrat supr\u00eame et le Pr\u00e9sident de la Cour Constitutionnelle, Pr\u00e9sident du Conseil Sup\u00e9rieur de la magistrature a qui, il a plus de le nommer en qualit\u00e9 de <em>\u00ab\u00a0substitut du procureur G\u00e9n\u00e9ral, avant de l\u2019affecter en qualit\u00e9 du Procureur de la R\u00e9publique pr\u00e8s le Tribunal de Grande Instance de Kinshasa\/Gombe pour y exercer les fonctions du minist\u00e8re public\u00a0\u00bb<\/em>.<\/p>\n\n\n\n<p>Comme le veut la tradition, tout chef de juridiction ou d\u2019office qui entre en fonction est appel\u00e9 \u00e0 d\u00e9velopper un sujet de droit, &nbsp;Edmond Isofa Nkanga qui n\u2019a pas d\u00e9rog\u00e9 la r\u00e8gle, a choisi de s\u2019\u00e9tendre sur <strong><em>\u00ab&nbsp;La justice&nbsp;\u00bb<\/em><\/strong>, un terme \u00e0 la lisi\u00e8re du droit et de la morale.<\/p>\n\n\n\n<p><em>\u00ab\u00a0La justice comme instituions, caract\u00e9ristique des soci\u00e9t\u00e9s, est fond\u00e9e sur le respect de la loi; celle-ci est le seul fondement efficace pour la justice car, seule la crainte de la loi peut produire une justice dure. La soci\u00e9t\u00e9 peut fonctionner pour le bien et la libert\u00e9 de tous ces citoyens si les gens craignent la loi et ob\u00e9issent aux diff\u00e9rentes autres r\u00e8gles \u00e9dict\u00e9es par les autorit\u00e9s pour le bien de tous\u00a0\u00bb<\/em>, a d\u00e9clar\u00e9 le Procureur Isofa pour qui, en elle-m\u00eame, les lois sont <em>\u00ab\u00a0insenssibles, inanim\u00e9es et incapables \u00e0 elles m\u00eame, de se conf\u00e9rer l\u2019efficacit\u00e9\u00a0\u00bb<\/em> d\u2019o\u00f9 le r\u00f4le essentiel des magistrats qui sont <em>\u00ab\u00a0les lois parlantes, les lois vivantes\u00a0\u00bb<\/em> en faisant respecter les lois.<\/p>\n\n\n\n<p>Il a par ailleurs d\u00e9montr\u00e9 que, la justice est une institution divine car poursuit-il, <em>\u00ab\u00a0La mission des juges, la mission des magistrats, c\u2019est de juger comme Dieu lui-m\u00eame jugerait\u2026\u00a0\u00bb.<\/em> Occasion pour lui, de rassurer que la justice ne se distribuera plus de mani\u00e8re s\u00e9lective.<\/p>\n\n\n\n<p>\u00ab\u00a0La mission du pouvoir judiciaire que nous incarnons, troisi\u00e8me pouvoir, est de rendre la justice avec dignit\u00e9, rigueur, assiduit\u00e9, diligence et humanit\u00e9 \u00e0 tous, aux pauvres comme aux riches, aux faibles comme au puissant, \u00e0 l\u2019\u00e9tranger comme \u00e0 l\u2019habitant du pays. Cette fois-ci, la justice ne brillera plus au b\u00e9n\u00e9fice exclusif du plus fort ou de l\u2019\u00e9tranger, mais sera un patrimoine collectif, imprescriptible de chaque citoyen congolais\u00a0\u00bb, a rench\u00e9rit Edmond Isofa Nkanga qui a en outre invit\u00e9 les magistrats de son ressort \u00e0 continuer \u00e0 s\u2019engager r\u00e9solument au travail en vue de mener une lutte implacable contre les marginaux et les hors la loi.<\/p>\n\n\n\n<p>Jo\u00ebl Diawa<\/p>\n","protected":false},"excerpt":{"rendered":"<p>R\u00e9daction :+243817406088 Apr\u00e8s sa reconduction \u00e0 la t\u00eate du parquet pr\u00e8s le Tribunal de Grande&#8230;<\/p>\n","protected":false},"author":2,"featured_media":8077,"comment_status":"open","ping_status":"open","sticky":false,"template":"","format":"standard","meta":{"_jetpack_memberships_contains_paid_content":false,"footnotes":""},"categories":[6],"tags":[],"class_list":["post-8074","post","type-post","status-publish","format-standard","has-post-thumbnail","hentry","category-justice"],"yoast_head":"<!-- This site is optimized with the Yoast SEO plugin v27.5 - https:\/\/yoast.com\/product\/yoast-seo-wordpress\/ -->\n<title>RDC\u00a0: Cette fois-ci, la justice ne brillera plus au b\u00e9n\u00e9fice exclusif du plus fort ou de l\u2019\u00e9tranger, mais sera un patrimoine collectif imprescriptible de chaque citoyen congolais. (Edmond Isofa rassure apr\u00e8s son renouvellement de serment) - Infos Droits Humains<\/title>\n<meta name=\"robots\" content=\"index, follow, max-snippet:-1, max-image-preview:large, max-video-preview:-1\" \/>\n<link rel=\"canonical\" href=\"https:\/\/infos-droitshumains.net\/?p=8074\" \/>\n<meta property=\"og:locale\" content=\"fr_FR\" \/>\n<meta property=\"og:type\" content=\"article\" \/>\n<meta property=\"og:title\" content=\"RDC\u00a0: Cette fois-ci, la justice ne brillera plus au b\u00e9n\u00e9fice exclusif du plus fort ou de l\u2019\u00e9tranger, mais sera un patrimoine collectif imprescriptible de chaque citoyen congolais. (Edmond Isofa rassure apr\u00e8s son renouvellement de serment) - Infos Droits Humains\" \/>\n<meta property=\"og:description\" content=\"R\u00e9daction :+243817406088 Apr\u00e8s sa reconduction \u00e0 la t\u00eate du parquet pr\u00e8s le Tribunal de Grande...\" \/>\n<meta property=\"og:url\" content=\"https:\/\/infos-droitshumains.net\/?p=8074\" \/>\n<meta property=\"og:site_name\" content=\"Infos Droits Humains\" \/>\n<meta property=\"article:published_time\" content=\"2023-09-26T20:00:40+00:00\" \/>\n<meta property=\"article:modified_time\" content=\"2023-09-26T20:17:43+00:00\" \/>\n<meta property=\"og:image\" content=\"https:\/\/infos-droitshumains.net\/wp-content\/uploads\/2023\/09\/IMG-20230924-WA0004.jpg\" \/>\n\t<meta property=\"og:image:width\" content=\"720\" \/>\n\t<meta property=\"og:image:height\" content=\"1080\" \/>\n\t<meta property=\"og:image:type\" content=\"image\/jpeg\" \/>\n<meta name=\"author\" content=\"Jo\u00ebl Diawa\" \/>\n<meta name=\"twitter:card\" content=\"summary_large_image\" \/>\n<meta name=\"twitter:label1\" content=\"\u00c9crit par\" \/>\n\t<meta name=\"twitter:data1\" content=\"Jo\u00ebl Diawa\" \/>\n\t<meta name=\"twitter:label2\" content=\"Dur\u00e9e de lecture estim\u00e9e\" \/>\n\t<meta name=\"twitter:data2\" content=\"3 minutes\" \/>\n<script type=\"application\/ld+json\" class=\"yoast-schema-graph\">{\"@context\":\"https:\\\/\\\/schema.org\",\"@graph\":[{\"@type\":\"Article\",\"@id\":\"https:\\\/\\\/infos-droitshumains.net\\\/?p=8074#article\",\"isPartOf\":{\"@id\":\"https:\\\/\\\/infos-droitshumains.net\\\/?p=8074\"},\"author\":{\"name\":\"Jo\u00ebl Diawa\",\"@id\":\"https:\\\/\\\/infos-droitshumains.net\\\/#\\\/schema\\\/person\\\/3dc5e921c3302172e0ed4362f96faab7\"},\"headline\":\"RDC\u00a0: Cette fois-ci, la justice ne brillera plus au b\u00e9n\u00e9fice exclusif du plus fort ou de l\u2019\u00e9tranger, mais sera un patrimoine collectif imprescriptible de chaque citoyen congolais. (Edmond Isofa rassure apr\u00e8s son renouvellement de serment)\",\"datePublished\":\"2023-09-26T20:00:40+00:00\",\"dateModified\":\"2023-09-26T20:17:43+00:00\",\"mainEntityOfPage\":{\"@id\":\"https:\\\/\\\/infos-droitshumains.net\\\/?p=8074\"},\"wordCount\":530,\"commentCount\":0,\"publisher\":{\"@id\":\"https:\\\/\\\/infos-droitshumains.net\\\/#organization\"},\"image\":{\"@id\":\"https:\\\/\\\/infos-droitshumains.net\\\/?p=8074#primaryimage\"},\"thumbnailUrl\":\"https:\\\/\\\/i0.wp.com\\\/infos-droitshumains.net\\\/wp-content\\\/uploads\\\/2023\\\/09\\\/IMG-20230924-WA0004.jpg?fit=720%2C1080&ssl=1\",\"articleSection\":[\"Justice\"],\"inLanguage\":\"fr-FR\",\"potentialAction\":[{\"@type\":\"CommentAction\",\"name\":\"Comment\",\"target\":[\"https:\\\/\\\/infos-droitshumains.net\\\/?p=8074#respond\"]}]},{\"@type\":\"WebPage\",\"@id\":\"https:\\\/\\\/infos-droitshumains.net\\\/?p=8074\",\"url\":\"https:\\\/\\\/infos-droitshumains.net\\\/?p=8074\",\"name\":\"RDC\u00a0: Cette fois-ci, la justice ne brillera plus au b\u00e9n\u00e9fice exclusif du plus fort ou de l\u2019\u00e9tranger, mais sera un patrimoine collectif imprescriptible de chaque citoyen congolais. (Edmond Isofa rassure apr\u00e8s son renouvellement de serment) - Infos Droits Humains\",\"isPartOf\":{\"@id\":\"https:\\\/\\\/infos-droitshumains.net\\\/#website\"},\"primaryImageOfPage\":{\"@id\":\"https:\\\/\\\/infos-droitshumains.net\\\/?p=8074#primaryimage\"},\"image\":{\"@id\":\"https:\\\/\\\/infos-droitshumains.net\\\/?p=8074#primaryimage\"},\"thumbnailUrl\":\"https:\\\/\\\/i0.wp.com\\\/infos-droitshumains.net\\\/wp-content\\\/uploads\\\/2023\\\/09\\\/IMG-20230924-WA0004.jpg?fit=720%2C1080&ssl=1\",\"datePublished\":\"2023-09-26T20:00:40+00:00\",\"dateModified\":\"2023-09-26T20:17:43+00:00\",\"breadcrumb\":{\"@id\":\"https:\\\/\\\/infos-droitshumains.net\\\/?p=8074#breadcrumb\"},\"inLanguage\":\"fr-FR\",\"potentialAction\":[{\"@type\":\"ReadAction\",\"target\":[\"https:\\\/\\\/infos-droitshumains.net\\\/?p=8074\"]}]},{\"@type\":\"ImageObject\",\"inLanguage\":\"fr-FR\",\"@id\":\"https:\\\/\\\/infos-droitshumains.net\\\/?p=8074#primaryimage\",\"url\":\"https:\\\/\\\/i0.wp.com\\\/infos-droitshumains.net\\\/wp-content\\\/uploads\\\/2023\\\/09\\\/IMG-20230924-WA0004.jpg?fit=720%2C1080&ssl=1\",\"contentUrl\":\"https:\\\/\\\/i0.wp.com\\\/infos-droitshumains.net\\\/wp-content\\\/uploads\\\/2023\\\/09\\\/IMG-20230924-WA0004.jpg?fit=720%2C1080&ssl=1\",\"width\":720,\"height\":1080},{\"@type\":\"BreadcrumbList\",\"@id\":\"https:\\\/\\\/infos-droitshumains.net\\\/?p=8074#breadcrumb\",\"itemListElement\":[{\"@type\":\"ListItem\",\"position\":1,\"name\":\"Accueil\",\"item\":\"https:\\\/\\\/infos-droitshumains.net\\\/\"},{\"@type\":\"ListItem\",\"position\":2,\"name\":\"RDC\u00a0: Cette fois-ci, la justice ne brillera plus au b\u00e9n\u00e9fice exclusif du plus fort ou de l\u2019\u00e9tranger, mais sera un patrimoine collectif imprescriptible de chaque citoyen congolais. (Edmond Isofa rassure apr\u00e8s son renouvellement de serment)\"}]},{\"@type\":\"WebSite\",\"@id\":\"https:\\\/\\\/infos-droitshumains.net\\\/#website\",\"url\":\"https:\\\/\\\/infos-droitshumains.net\\\/\",\"name\":\"Infos Droits Humains\",\"description\":\"S&#039;informer est un droit\",\"publisher\":{\"@id\":\"https:\\\/\\\/infos-droitshumains.net\\\/#organization\"},\"potentialAction\":[{\"@type\":\"SearchAction\",\"target\":{\"@type\":\"EntryPoint\",\"urlTemplate\":\"https:\\\/\\\/infos-droitshumains.net\\\/?s={search_term_string}\"},\"query-input\":{\"@type\":\"PropertyValueSpecification\",\"valueRequired\":true,\"valueName\":\"search_term_string\"}}],\"inLanguage\":\"fr-FR\"},{\"@type\":\"Organization\",\"@id\":\"https:\\\/\\\/infos-droitshumains.net\\\/#organization\",\"name\":\"Infos Droits Humains\",\"url\":\"https:\\\/\\\/infos-droitshumains.net\\\/\",\"logo\":{\"@type\":\"ImageObject\",\"inLanguage\":\"fr-FR\",\"@id\":\"https:\\\/\\\/infos-droitshumains.net\\\/#\\\/schema\\\/logo\\\/image\\\/\",\"url\":\"https:\\\/\\\/i0.wp.com\\\/infos-droitshumains.net\\\/wp-content\\\/uploads\\\/2022\\\/05\\\/Logo.png?fit=333%2C129&ssl=1\",\"contentUrl\":\"https:\\\/\\\/i0.wp.com\\\/infos-droitshumains.net\\\/wp-content\\\/uploads\\\/2022\\\/05\\\/Logo.png?fit=333%2C129&ssl=1\",\"width\":333,\"height\":129,\"caption\":\"Infos Droits Humains\"},\"image\":{\"@id\":\"https:\\\/\\\/infos-droitshumains.net\\\/#\\\/schema\\\/logo\\\/image\\\/\"}},{\"@type\":\"Person\",\"@id\":\"https:\\\/\\\/infos-droitshumains.net\\\/#\\\/schema\\\/person\\\/3dc5e921c3302172e0ed4362f96faab7\",\"name\":\"Jo\u00ebl Diawa\",\"image\":{\"@type\":\"ImageObject\",\"inLanguage\":\"fr-FR\",\"@id\":\"https:\\\/\\\/secure.gravatar.com\\\/avatar\\\/729bea6ff4604c624417803c477363be8e3c7186deaa65713313f9b4b820f41c?s=96&d=mm&r=g\",\"url\":\"https:\\\/\\\/secure.gravatar.com\\\/avatar\\\/729bea6ff4604c624417803c477363be8e3c7186deaa65713313f9b4b820f41c?s=96&d=mm&r=g\",\"contentUrl\":\"https:\\\/\\\/secure.gravatar.com\\\/avatar\\\/729bea6ff4604c624417803c477363be8e3c7186deaa65713313f9b4b820f41c?s=96&d=mm&r=g\",\"caption\":\"Jo\u00ebl Diawa\"},\"sameAs\":[\"https:\\\/\\\/www.infos-droitshumains.net\"],\"url\":\"https:\\\/\\\/infos-droitshumains.net\\\/?author=2\"}]}<\/script>\n<!-- \/ Yoast SEO plugin. -->","yoast_head_json":{"title":"RDC\u00a0: Cette fois-ci, la justice ne brillera plus au b\u00e9n\u00e9fice exclusif du plus fort ou de l\u2019\u00e9tranger, mais sera un patrimoine collectif imprescriptible de chaque citoyen congolais. (Edmond Isofa rassure apr\u00e8s son renouvellement de serment) - Infos Droits Humains","robots":{"index":"index","follow":"follow","max-snippet":"max-snippet:-1","max-image-preview":"max-image-preview:large","max-video-preview":"max-video-preview:-1"},"canonical":"https:\/\/infos-droitshumains.net\/?p=8074","og_locale":"fr_FR","og_type":"article","og_title":"RDC\u00a0: Cette fois-ci, la justice ne brillera plus au b\u00e9n\u00e9fice exclusif du plus fort ou de l\u2019\u00e9tranger, mais sera un patrimoine collectif imprescriptible de chaque citoyen congolais. (Edmond Isofa rassure apr\u00e8s son renouvellement de serment) - Infos Droits Humains","og_description":"R\u00e9daction :+243817406088 Apr\u00e8s sa reconduction \u00e0 la t\u00eate du parquet pr\u00e8s le Tribunal de Grande...","og_url":"https:\/\/infos-droitshumains.net\/?p=8074","og_site_name":"Infos Droits Humains","article_published_time":"2023-09-26T20:00:40+00:00","article_modified_time":"2023-09-26T20:17:43+00:00","og_image":[{"width":720,"height":1080,"url":"https:\/\/infos-droitshumains.net\/wp-content\/uploads\/2023\/09\/IMG-20230924-WA0004.jpg","type":"image\/jpeg"}],"author":"Jo\u00ebl Diawa","twitter_card":"summary_large_image","twitter_misc":{"\u00c9crit par":"Jo\u00ebl Diawa","Dur\u00e9e de lecture estim\u00e9e":"3 minutes"},"schema":{"@context":"https:\/\/schema.org","@graph":[{"@type":"Article","@id":"https:\/\/infos-droitshumains.net\/?p=8074#article","isPartOf":{"@id":"https:\/\/infos-droitshumains.net\/?p=8074"},"author":{"name":"Jo\u00ebl Diawa","@id":"https:\/\/infos-droitshumains.net\/#\/schema\/person\/3dc5e921c3302172e0ed4362f96faab7"},"headline":"RDC\u00a0: Cette fois-ci, la justice ne brillera plus au b\u00e9n\u00e9fice exclusif du plus fort ou de l\u2019\u00e9tranger, mais sera un patrimoine collectif imprescriptible de chaque citoyen congolais. (Edmond Isofa rassure apr\u00e8s son renouvellement de serment)","datePublished":"2023-09-26T20:00:40+00:00","dateModified":"2023-09-26T20:17:43+00:00","mainEntityOfPage":{"@id":"https:\/\/infos-droitshumains.net\/?p=8074"},"wordCount":530,"commentCount":0,"publisher":{"@id":"https:\/\/infos-droitshumains.net\/#organization"},"image":{"@id":"https:\/\/infos-droitshumains.net\/?p=8074#primaryimage"},"thumbnailUrl":"https:\/\/i0.wp.com\/infos-droitshumains.net\/wp-content\/uploads\/2023\/09\/IMG-20230924-WA0004.jpg?fit=720%2C1080&ssl=1","articleSection":["Justice"],"inLanguage":"fr-FR","potentialAction":[{"@type":"CommentAction","name":"Comment","target":["https:\/\/infos-droitshumains.net\/?p=8074#respond"]}]},{"@type":"WebPage","@id":"https:\/\/infos-droitshumains.net\/?p=8074","url":"https:\/\/infos-droitshumains.net\/?p=8074","name":"RDC\u00a0: Cette fois-ci, la justice ne brillera plus au b\u00e9n\u00e9fice exclusif du plus fort ou de l\u2019\u00e9tranger, mais sera un patrimoine collectif imprescriptible de chaque citoyen congolais. (Edmond Isofa rassure apr\u00e8s son renouvellement de serment) - Infos Droits Humains","isPartOf":{"@id":"https:\/\/infos-droitshumains.net\/#website"},"primaryImageOfPage":{"@id":"https:\/\/infos-droitshumains.net\/?p=8074#primaryimage"},"image":{"@id":"https:\/\/infos-droitshumains.net\/?p=8074#primaryimage"},"thumbnailUrl":"https:\/\/i0.wp.com\/infos-droitshumains.net\/wp-content\/uploads\/2023\/09\/IMG-20230924-WA0004.jpg?fit=720%2C1080&ssl=1","datePublished":"2023-09-26T20:00:40+00:00","dateModified":"2023-09-26T20:17:43+00:00","breadcrumb":{"@id":"https:\/\/infos-droitshumains.net\/?p=8074#breadcrumb"},"inLanguage":"fr-FR","potentialAction":[{"@type":"ReadAction","target":["https:\/\/infos-droitshumains.net\/?p=8074"]}]},{"@type":"ImageObject","inLanguage":"fr-FR","@id":"https:\/\/infos-droitshumains.net\/?p=8074#primaryimage","url":"https:\/\/i0.wp.com\/infos-droitshumains.net\/wp-content\/uploads\/2023\/09\/IMG-20230924-WA0004.jpg?fit=720%2C1080&ssl=1","contentUrl":"https:\/\/i0.wp.com\/infos-droitshumains.net\/wp-content\/uploads\/2023\/09\/IMG-20230924-WA0004.jpg?fit=720%2C1080&ssl=1","width":720,"height":1080},{"@type":"BreadcrumbList","@id":"https:\/\/infos-droitshumains.net\/?p=8074#breadcrumb","itemListElement":[{"@type":"ListItem","position":1,"name":"Accueil","item":"https:\/\/infos-droitshumains.net\/"},{"@type":"ListItem","position":2,"name":"RDC\u00a0: Cette fois-ci, la justice ne brillera plus au b\u00e9n\u00e9fice exclusif du plus fort ou de l\u2019\u00e9tranger, mais sera un patrimoine collectif imprescriptible de chaque citoyen congolais. (Edmond Isofa rassure apr\u00e8s son renouvellement de serment)"}]},{"@type":"WebSite","@id":"https:\/\/infos-droitshumains.net\/#website","url":"https:\/\/infos-droitshumains.net\/","name":"Infos Droits Humains","description":"S&#039;informer est un droit","publisher":{"@id":"https:\/\/infos-droitshumains.net\/#organization"},"potentialAction":[{"@type":"SearchAction","target":{"@type":"EntryPoint","urlTemplate":"https:\/\/infos-droitshumains.net\/?s={search_term_string}"},"query-input":{"@type":"PropertyValueSpecification","valueRequired":true,"valueName":"search_term_string"}}],"inLanguage":"fr-FR"},{"@type":"Organization","@id":"https:\/\/infos-droitshumains.net\/#organization","name":"Infos Droits Humains","url":"https:\/\/infos-droitshumains.net\/","logo":{"@type":"ImageObject","inLanguage":"fr-FR","@id":"https:\/\/infos-droitshumains.net\/#\/schema\/logo\/image\/","url":"https:\/\/i0.wp.com\/infos-droitshumains.net\/wp-content\/uploads\/2022\/05\/Logo.png?fit=333%2C129&ssl=1","contentUrl":"https:\/\/i0.wp.com\/infos-droitshumains.net\/wp-content\/uploads\/2022\/05\/Logo.png?fit=333%2C129&ssl=1","width":333,"height":129,"caption":"Infos Droits Humains"},"image":{"@id":"https:\/\/infos-droitshumains.net\/#\/schema\/logo\/image\/"}},{"@type":"Person","@id":"https:\/\/infos-droitshumains.net\/#\/schema\/person\/3dc5e921c3302172e0ed4362f96faab7","name":"Jo\u00ebl Diawa","image":{"@type":"ImageObject","inLanguage":"fr-FR","@id":"https:\/\/secure.gravatar.com\/avatar\/729bea6ff4604c624417803c477363be8e3c7186deaa65713313f9b4b820f41c?s=96&d=mm&r=g","url":"https:\/\/secure.gravatar.com\/avatar\/729bea6ff4604c624417803c477363be8e3c7186deaa65713313f9b4b820f41c?s=96&d=mm&r=g","contentUrl":"https:\/\/secure.gravatar.com\/avatar\/729bea6ff4604c624417803c477363be8e3c7186deaa65713313f9b4b820f41c?s=96&d=mm&r=g","caption":"Jo\u00ebl Diawa"},"sameAs":["https:\/\/www.infos-droitshumains.net"],"url":"https:\/\/infos-droitshumains.net\/?author=2"}]}},"featured_image_urls":{"full":["https:\/\/i0.wp.com\/infos-droitshumains.net\/wp-content\/uploads\/2023\/09\/IMG-20230924-WA0004.jpg?fit=720%2C1080&ssl=1",720,1080,false],"thumbnail":["https:\/\/i0.wp.com\/infos-droitshumains.net\/wp-content\/uploads\/2023\/09\/IMG-20230924-WA0004.jpg?resize=150%2C150&ssl=1",150,150,true],"medium":["https:\/\/i0.wp.com\/infos-droitshumains.net\/wp-content\/uploads\/2023\/09\/IMG-20230924-WA0004.jpg?fit=200%2C300&ssl=1",200,300,true],"medium_large":["https:\/\/i0.wp.com\/infos-droitshumains.net\/wp-content\/uploads\/2023\/09\/IMG-20230924-WA0004.jpg?fit=640%2C960&ssl=1",640,960,true],"large":["https:\/\/i0.wp.com\/infos-droitshumains.net\/wp-content\/uploads\/2023\/09\/IMG-20230924-WA0004.jpg?fit=640%2C960&ssl=1",640,960,true],"1536x1536":["https:\/\/i0.wp.com\/infos-droitshumains.net\/wp-content\/uploads\/2023\/09\/IMG-20230924-WA0004.jpg?fit=720%2C1080&ssl=1",720,1080,true],"2048x2048":["https:\/\/i0.wp.com\/infos-droitshumains.net\/wp-content\/uploads\/2023\/09\/IMG-20230924-WA0004.jpg?fit=720%2C1080&ssl=1",720,1080,true],"covernews-slider-full":["https:\/\/i0.wp.com\/infos-droitshumains.net\/wp-content\/uploads\/2023\/09\/IMG-20230924-WA0004.jpg?resize=720%2C715&ssl=1",720,715,true],"covernews-slider-center":["https:\/\/i0.wp.com\/infos-droitshumains.net\/wp-content\/uploads\/2023\/09\/IMG-20230924-WA0004.jpg?resize=720%2C500&ssl=1",720,500,true],"covernews-featured":["https:\/\/i0.wp.com\/infos-droitshumains.net\/wp-content\/uploads\/2023\/09\/IMG-20230924-WA0004.jpg?fit=720%2C1080&ssl=1",720,1080,true],"covernews-medium":["https:\/\/i0.wp.com\/infos-droitshumains.net\/wp-content\/uploads\/2023\/09\/IMG-20230924-WA0004.jpg?resize=540%2C340&ssl=1",540,340,true],"covernews-medium-square":["https:\/\/i0.wp.com\/infos-droitshumains.net\/wp-content\/uploads\/2023\/09\/IMG-20230924-WA0004.jpg?resize=400%2C250&ssl=1",400,250,true]},"author_info":{"display_name":"Jo\u00ebl Diawa","author_link":"https:\/\/infos-droitshumains.net\/?author=2"},"category_info":"<a href=\"https:\/\/infos-droitshumains.net\/?cat=6\" rel=\"category\">Justice<\/a>","tag_info":"Justice","comment_count":"0","jetpack_featured_media_url":"https:\/\/i0.wp.com\/infos-droitshumains.net\/wp-content\/uploads\/2023\/09\/IMG-20230924-WA0004.jpg?fit=720%2C1080&ssl=1","jetpack-related-posts":[],"jetpack_sharing_enabled":true,"_links":{"self":[{"href":"https:\/\/infos-droitshumains.net\/index.php?rest_route=\/wp\/v2\/posts\/8074","targetHints":{"allow":["GET"]}}],"collection":[{"href":"https:\/\/infos-droitshumains.net\/index.php?rest_route=\/wp\/v2\/posts"}],"about":[{"href":"https:\/\/infos-droitshumains.net\/index.php?rest_route=\/wp\/v2\/types\/post"}],"author":[{"embeddable":true,"href":"https:\/\/infos-droitshumains.net\/index.php?rest_route=\/wp\/v2\/users\/2"}],"replies":[{"embeddable":true,"href":"https:\/\/infos-droitshumains.net\/index.php?rest_route=%2Fwp%2Fv2%2Fcomments&post=8074"}],"version-history":[{"count":9,"href":"https:\/\/infos-droitshumains.net\/index.php?rest_route=\/wp\/v2\/posts\/8074\/revisions"}],"predecessor-version":[{"id":8089,"href":"https:\/\/infos-droitshumains.net\/index.php?rest_route=\/wp\/v2\/posts\/8074\/revisions\/8089"}],"wp:featuredmedia":[{"embeddable":true,"href":"https:\/\/infos-droitshumains.net\/index.php?rest_route=\/wp\/v2\/media\/8077"}],"wp:attachment":[{"href":"https:\/\/infos-droitshumains.net\/index.php?rest_route=%2Fwp%2Fv2%2Fmedia&parent=8074"}],"wp:term":[{"taxonomy":"category","embeddable":true,"href":"https:\/\/infos-droitshumains.net\/index.php?rest_route=%2Fwp%2Fv2%2Fcategories&post=8074"},{"taxonomy":"post_tag","embeddable":true,"href":"https:\/\/infos-droitshumains.net\/index.php?rest_route=%2Fwp%2Fv2%2Ftags&post=8074"}],"curies":[{"name":"wp","href":"https:\/\/api.w.org\/{rel}","templated":true}]}}