{"id":8056,"date":"2023-09-25T16:34:43","date_gmt":"2023-09-25T14:34:43","guid":{"rendered":"https:\/\/infos-droitshumains.net\/?p=8056"},"modified":"2023-09-25T16:37:26","modified_gmt":"2023-09-25T14:37:26","slug":"cour-dappel-de-kinshasa-gombe-la-chambre-provinciale-des-huissiers-de-justice-satisfaite-des-assurances-desperance-dia-akir-akir-quant-au-caractere-exclusif-de-leurs-attributi","status":"publish","type":"post","link":"https:\/\/infos-droitshumains.net\/?p=8056","title":{"rendered":"Cour d\u2019Appel de Kinshasa\/Gombe\u00a0: La chambre provinciale des huissiers de justice satisfaite des assurances d\u2019Esp\u00e9rance Dia Akir Akir quant au caract\u00e8re exclusif de ses attributions"},"content":{"rendered":"\n<p><strong>R\u00e9daction :+243817406088<\/strong><\/p>\n\n\n\n<h4 class=\"wp-block-heading has-vivid-red-color has-text-color\">La Premi\u00e8re Pr\u00e9sidente de la Cour d\u2019Appel de Kinshasa\/Gombe a accord\u00e9 une audience ce vendredi 22 septembre 2023, au pr\u00e9sident de la chambre provinciale des huissiers des justices pr\u00e8s cette Cour. Me. Henry Mosengo \u00e9tait venu pr\u00e9senter ses civilit\u00e9s \u00e0 Esp\u00e9rance Dia pour son \u00e9l\u00e9vation.<\/h4>\n\n\n\n<p>Il \u00e9tait aussi question de d\u00e9finir le mode de collaboration entre la Cour d\u2019Appel de Kinshasa\/Gombe et la chambre provinciale des huissiers de justices pr\u00e8s cette Cour. Le Pr\u00e9sident de cette Chambre a en effet, saisi cette opportunit\u00e9 pour rappeler \u00e0 Esp\u00e9rance Dia, le m\u00e9mo que la chambre avait d\u00e9pos\u00e9 sur la table de son pr\u00e9d\u00e9cesseur&nbsp;; m\u00e9mo dans lequel, les huissiers de justice d\u00e9non\u00e7aient le fait que les greffiers ex\u00e9cutaient les d\u00e9cisions judiciaires sur terrain, comp\u00e9tence leur r\u00e9serv\u00e9e exclusivement.<\/p>\n\n\n\n<p>Me. Henry Mosengo Wanya est sorti satisfait de constater qu\u2019Esp\u00e9rance Dia Akir Akir qui a trouv\u00e9 ce dossier sur sa table, lui a rassur\u00e9 quant \u00e0 son implication afin de mettre un terme \u00e0 cette ill\u00e9galit\u00e9.<\/p>\n\n\n\n<p><em>\u00ab&nbsp;Par rapport \u00e0 notre m\u00e9mo, elle a promis une r\u00e9union entre nous, les deux pr\u00e9sidents des tribunaux des grandes instances et elle-m\u00eame. C\u2019est \u00e0 partir de cette rencontre que nous allons d\u00e9gager la ligne de conduite \u00e0 suivre.Elle a promis de tirer toutes les cons\u00e9quences apr\u00e8s cette rencontre&nbsp;\u00bb<\/em>, s\u2019est satisfait le Pr\u00e9sident de la chambre provinciale des huissiers de justice pr\u00e8s la Cour d\u2019Appel de Kinshasa\/Gombe.<\/p>\n\n\n\n<p>Ne l\u00e9sinant pas \u00e0 redorer l\u2019image de l\u2019appareil judicaire de la R\u00e9publique D\u00e9mocratique du Congo et \u00e0 mat\u00e9rialiser la vision du Chef de l\u2019Etat \u00e0 instaurer un v\u00e9ritable Etat de Droit, Esp\u00e9rance Dia Akir Akir a lanc\u00e9 un signal fort quant au respect strict des dispositions l\u00e9gales.<\/p>\n\n\n\n<p>Merlin Kamalandua<\/p>\n","protected":false},"excerpt":{"rendered":"<p>R\u00e9daction :+243817406088 La Premi\u00e8re Pr\u00e9sidente de la Cour d\u2019Appel de Kinshasa\/Gombe a accord\u00e9 une audience&#8230;<\/p>\n","protected":false},"author":2,"featured_media":8058,"comment_status":"open","ping_status":"open","sticky":false,"template":"","format":"standard","meta":{"_jetpack_memberships_contains_paid_content":false,"footnotes":""},"categories":[6],"tags":[],"class_list":["post-8056","post","type-post","status-publish","format-standard","has-post-thumbnail","hentry","category-justice"],"yoast_head":"<!-- This site is optimized with the Yoast SEO plugin v27.5 - https:\/\/yoast.com\/product\/yoast-seo-wordpress\/ -->\n<title>Cour d\u2019Appel de Kinshasa\/Gombe\u00a0: La chambre provinciale des huissiers de justice satisfaite des assurances d\u2019Esp\u00e9rance Dia Akir Akir quant au caract\u00e8re exclusif de ses attributions - Infos Droits Humains<\/title>\n<meta name=\"robots\" content=\"index, follow, max-snippet:-1, max-image-preview:large, max-video-preview:-1\" \/>\n<link rel=\"canonical\" href=\"https:\/\/infos-droitshumains.net\/?p=8056\" \/>\n<meta property=\"og:locale\" content=\"fr_FR\" \/>\n<meta property=\"og:type\" content=\"article\" \/>\n<meta property=\"og:title\" content=\"Cour d\u2019Appel de Kinshasa\/Gombe\u00a0: La chambre provinciale des huissiers de justice satisfaite des assurances d\u2019Esp\u00e9rance Dia Akir Akir quant au caract\u00e8re exclusif de ses attributions - Infos Droits Humains\" \/>\n<meta property=\"og:description\" content=\"R\u00e9daction :+243817406088 La Premi\u00e8re Pr\u00e9sidente de la Cour d\u2019Appel de Kinshasa\/Gombe a accord\u00e9 une audience...\" \/>\n<meta property=\"og:url\" content=\"https:\/\/infos-droitshumains.net\/?p=8056\" \/>\n<meta property=\"og:site_name\" content=\"Infos Droits Humains\" \/>\n<meta property=\"article:published_time\" content=\"2023-09-25T14:34:43+00:00\" \/>\n<meta property=\"article:modified_time\" content=\"2023-09-25T14:37:26+00:00\" \/>\n<meta property=\"og:image\" content=\"https:\/\/infos-droitshumains.net\/wp-content\/uploads\/2023\/09\/IMG-20230925-WA0026.jpg\" \/>\n\t<meta property=\"og:image:width\" content=\"1044\" \/>\n\t<meta property=\"og:image:height\" content=\"696\" \/>\n\t<meta property=\"og:image:type\" content=\"image\/jpeg\" \/>\n<meta name=\"author\" content=\"Jo\u00ebl Diawa\" \/>\n<meta name=\"twitter:card\" content=\"summary_large_image\" \/>\n<meta name=\"twitter:label1\" content=\"\u00c9crit par\" \/>\n\t<meta name=\"twitter:data1\" content=\"Jo\u00ebl Diawa\" \/>\n\t<meta name=\"twitter:label2\" content=\"Dur\u00e9e de lecture estim\u00e9e\" \/>\n\t<meta name=\"twitter:data2\" content=\"2 minutes\" \/>\n<script type=\"application\/ld+json\" class=\"yoast-schema-graph\">{\"@context\":\"https:\\\/\\\/schema.org\",\"@graph\":[{\"@type\":\"Article\",\"@id\":\"https:\\\/\\\/infos-droitshumains.net\\\/?p=8056#article\",\"isPartOf\":{\"@id\":\"https:\\\/\\\/infos-droitshumains.net\\\/?p=8056\"},\"author\":{\"name\":\"Jo\u00ebl Diawa\",\"@id\":\"https:\\\/\\\/infos-droitshumains.net\\\/#\\\/schema\\\/person\\\/3dc5e921c3302172e0ed4362f96faab7\"},\"headline\":\"Cour d\u2019Appel de Kinshasa\\\/Gombe\u00a0: La chambre provinciale des huissiers de justice satisfaite des assurances d\u2019Esp\u00e9rance Dia Akir Akir quant au caract\u00e8re exclusif de ses attributions\",\"datePublished\":\"2023-09-25T14:34:43+00:00\",\"dateModified\":\"2023-09-25T14:37:26+00:00\",\"mainEntityOfPage\":{\"@id\":\"https:\\\/\\\/infos-droitshumains.net\\\/?p=8056\"},\"wordCount\":353,\"commentCount\":0,\"publisher\":{\"@id\":\"https:\\\/\\\/infos-droitshumains.net\\\/#organization\"},\"image\":{\"@id\":\"https:\\\/\\\/infos-droitshumains.net\\\/?p=8056#primaryimage\"},\"thumbnailUrl\":\"https:\\\/\\\/i0.wp.com\\\/infos-droitshumains.net\\\/wp-content\\\/uploads\\\/2023\\\/09\\\/IMG-20230925-WA0026.jpg?fit=1044%2C696&ssl=1\",\"articleSection\":[\"Justice\"],\"inLanguage\":\"fr-FR\",\"potentialAction\":[{\"@type\":\"CommentAction\",\"name\":\"Comment\",\"target\":[\"https:\\\/\\\/infos-droitshumains.net\\\/?p=8056#respond\"]}]},{\"@type\":\"WebPage\",\"@id\":\"https:\\\/\\\/infos-droitshumains.net\\\/?p=8056\",\"url\":\"https:\\\/\\\/infos-droitshumains.net\\\/?p=8056\",\"name\":\"Cour d\u2019Appel de Kinshasa\\\/Gombe\u00a0: La chambre provinciale des huissiers de justice satisfaite des assurances d\u2019Esp\u00e9rance Dia Akir Akir quant au caract\u00e8re exclusif de ses attributions - Infos Droits Humains\",\"isPartOf\":{\"@id\":\"https:\\\/\\\/infos-droitshumains.net\\\/#website\"},\"primaryImageOfPage\":{\"@id\":\"https:\\\/\\\/infos-droitshumains.net\\\/?p=8056#primaryimage\"},\"image\":{\"@id\":\"https:\\\/\\\/infos-droitshumains.net\\\/?p=8056#primaryimage\"},\"thumbnailUrl\":\"https:\\\/\\\/i0.wp.com\\\/infos-droitshumains.net\\\/wp-content\\\/uploads\\\/2023\\\/09\\\/IMG-20230925-WA0026.jpg?fit=1044%2C696&ssl=1\",\"datePublished\":\"2023-09-25T14:34:43+00:00\",\"dateModified\":\"2023-09-25T14:37:26+00:00\",\"breadcrumb\":{\"@id\":\"https:\\\/\\\/infos-droitshumains.net\\\/?p=8056#breadcrumb\"},\"inLanguage\":\"fr-FR\",\"potentialAction\":[{\"@type\":\"ReadAction\",\"target\":[\"https:\\\/\\\/infos-droitshumains.net\\\/?p=8056\"]}]},{\"@type\":\"ImageObject\",\"inLanguage\":\"fr-FR\",\"@id\":\"https:\\\/\\\/infos-droitshumains.net\\\/?p=8056#primaryimage\",\"url\":\"https:\\\/\\\/i0.wp.com\\\/infos-droitshumains.net\\\/wp-content\\\/uploads\\\/2023\\\/09\\\/IMG-20230925-WA0026.jpg?fit=1044%2C696&ssl=1\",\"contentUrl\":\"https:\\\/\\\/i0.wp.com\\\/infos-droitshumains.net\\\/wp-content\\\/uploads\\\/2023\\\/09\\\/IMG-20230925-WA0026.jpg?fit=1044%2C696&ssl=1\",\"width\":1044,\"height\":696},{\"@type\":\"BreadcrumbList\",\"@id\":\"https:\\\/\\\/infos-droitshumains.net\\\/?p=8056#breadcrumb\",\"itemListElement\":[{\"@type\":\"ListItem\",\"position\":1,\"name\":\"Accueil\",\"item\":\"https:\\\/\\\/infos-droitshumains.net\\\/\"},{\"@type\":\"ListItem\",\"position\":2,\"name\":\"Cour d\u2019Appel de Kinshasa\\\/Gombe\u00a0: La chambre provinciale des huissiers de justice satisfaite des assurances d\u2019Esp\u00e9rance Dia Akir Akir quant au caract\u00e8re exclusif de ses attributions\"}]},{\"@type\":\"WebSite\",\"@id\":\"https:\\\/\\\/infos-droitshumains.net\\\/#website\",\"url\":\"https:\\\/\\\/infos-droitshumains.net\\\/\",\"name\":\"Infos Droits Humains\",\"description\":\"S&#039;informer est un droit\",\"publisher\":{\"@id\":\"https:\\\/\\\/infos-droitshumains.net\\\/#organization\"},\"potentialAction\":[{\"@type\":\"SearchAction\",\"target\":{\"@type\":\"EntryPoint\",\"urlTemplate\":\"https:\\\/\\\/infos-droitshumains.net\\\/?s={search_term_string}\"},\"query-input\":{\"@type\":\"PropertyValueSpecification\",\"valueRequired\":true,\"valueName\":\"search_term_string\"}}],\"inLanguage\":\"fr-FR\"},{\"@type\":\"Organization\",\"@id\":\"https:\\\/\\\/infos-droitshumains.net\\\/#organization\",\"name\":\"Infos Droits Humains\",\"url\":\"https:\\\/\\\/infos-droitshumains.net\\\/\",\"logo\":{\"@type\":\"ImageObject\",\"inLanguage\":\"fr-FR\",\"@id\":\"https:\\\/\\\/infos-droitshumains.net\\\/#\\\/schema\\\/logo\\\/image\\\/\",\"url\":\"https:\\\/\\\/i0.wp.com\\\/infos-droitshumains.net\\\/wp-content\\\/uploads\\\/2022\\\/05\\\/Logo.png?fit=333%2C129&ssl=1\",\"contentUrl\":\"https:\\\/\\\/i0.wp.com\\\/infos-droitshumains.net\\\/wp-content\\\/uploads\\\/2022\\\/05\\\/Logo.png?fit=333%2C129&ssl=1\",\"width\":333,\"height\":129,\"caption\":\"Infos Droits Humains\"},\"image\":{\"@id\":\"https:\\\/\\\/infos-droitshumains.net\\\/#\\\/schema\\\/logo\\\/image\\\/\"}},{\"@type\":\"Person\",\"@id\":\"https:\\\/\\\/infos-droitshumains.net\\\/#\\\/schema\\\/person\\\/3dc5e921c3302172e0ed4362f96faab7\",\"name\":\"Jo\u00ebl Diawa\",\"image\":{\"@type\":\"ImageObject\",\"inLanguage\":\"fr-FR\",\"@id\":\"https:\\\/\\\/secure.gravatar.com\\\/avatar\\\/729bea6ff4604c624417803c477363be8e3c7186deaa65713313f9b4b820f41c?s=96&d=mm&r=g\",\"url\":\"https:\\\/\\\/secure.gravatar.com\\\/avatar\\\/729bea6ff4604c624417803c477363be8e3c7186deaa65713313f9b4b820f41c?s=96&d=mm&r=g\",\"contentUrl\":\"https:\\\/\\\/secure.gravatar.com\\\/avatar\\\/729bea6ff4604c624417803c477363be8e3c7186deaa65713313f9b4b820f41c?s=96&d=mm&r=g\",\"caption\":\"Jo\u00ebl Diawa\"},\"sameAs\":[\"https:\\\/\\\/www.infos-droitshumains.net\"],\"url\":\"https:\\\/\\\/infos-droitshumains.net\\\/?author=2\"}]}<\/script>\n<!-- \/ Yoast SEO plugin. -->","yoast_head_json":{"title":"Cour d\u2019Appel de Kinshasa\/Gombe\u00a0: La chambre provinciale des huissiers de justice satisfaite des assurances d\u2019Esp\u00e9rance Dia Akir Akir quant au caract\u00e8re exclusif de ses attributions - Infos Droits Humains","robots":{"index":"index","follow":"follow","max-snippet":"max-snippet:-1","max-image-preview":"max-image-preview:large","max-video-preview":"max-video-preview:-1"},"canonical":"https:\/\/infos-droitshumains.net\/?p=8056","og_locale":"fr_FR","og_type":"article","og_title":"Cour d\u2019Appel de Kinshasa\/Gombe\u00a0: La chambre provinciale des huissiers de justice satisfaite des assurances d\u2019Esp\u00e9rance Dia Akir Akir quant au caract\u00e8re exclusif de ses attributions - Infos Droits Humains","og_description":"R\u00e9daction :+243817406088 La Premi\u00e8re Pr\u00e9sidente de la Cour d\u2019Appel de Kinshasa\/Gombe a accord\u00e9 une audience...","og_url":"https:\/\/infos-droitshumains.net\/?p=8056","og_site_name":"Infos Droits Humains","article_published_time":"2023-09-25T14:34:43+00:00","article_modified_time":"2023-09-25T14:37:26+00:00","og_image":[{"width":1044,"height":696,"url":"https:\/\/infos-droitshumains.net\/wp-content\/uploads\/2023\/09\/IMG-20230925-WA0026.jpg","type":"image\/jpeg"}],"author":"Jo\u00ebl Diawa","twitter_card":"summary_large_image","twitter_misc":{"\u00c9crit par":"Jo\u00ebl Diawa","Dur\u00e9e de lecture estim\u00e9e":"2 minutes"},"schema":{"@context":"https:\/\/schema.org","@graph":[{"@type":"Article","@id":"https:\/\/infos-droitshumains.net\/?p=8056#article","isPartOf":{"@id":"https:\/\/infos-droitshumains.net\/?p=8056"},"author":{"name":"Jo\u00ebl Diawa","@id":"https:\/\/infos-droitshumains.net\/#\/schema\/person\/3dc5e921c3302172e0ed4362f96faab7"},"headline":"Cour d\u2019Appel de Kinshasa\/Gombe\u00a0: La chambre provinciale des huissiers de justice satisfaite des assurances d\u2019Esp\u00e9rance Dia Akir Akir quant au caract\u00e8re exclusif de ses attributions","datePublished":"2023-09-25T14:34:43+00:00","dateModified":"2023-09-25T14:37:26+00:00","mainEntityOfPage":{"@id":"https:\/\/infos-droitshumains.net\/?p=8056"},"wordCount":353,"commentCount":0,"publisher":{"@id":"https:\/\/infos-droitshumains.net\/#organization"},"image":{"@id":"https:\/\/infos-droitshumains.net\/?p=8056#primaryimage"},"thumbnailUrl":"https:\/\/i0.wp.com\/infos-droitshumains.net\/wp-content\/uploads\/2023\/09\/IMG-20230925-WA0026.jpg?fit=1044%2C696&ssl=1","articleSection":["Justice"],"inLanguage":"fr-FR","potentialAction":[{"@type":"CommentAction","name":"Comment","target":["https:\/\/infos-droitshumains.net\/?p=8056#respond"]}]},{"@type":"WebPage","@id":"https:\/\/infos-droitshumains.net\/?p=8056","url":"https:\/\/infos-droitshumains.net\/?p=8056","name":"Cour d\u2019Appel de Kinshasa\/Gombe\u00a0: La chambre provinciale des huissiers de justice satisfaite des assurances d\u2019Esp\u00e9rance Dia Akir Akir quant au caract\u00e8re exclusif de ses attributions - Infos Droits Humains","isPartOf":{"@id":"https:\/\/infos-droitshumains.net\/#website"},"primaryImageOfPage":{"@id":"https:\/\/infos-droitshumains.net\/?p=8056#primaryimage"},"image":{"@id":"https:\/\/infos-droitshumains.net\/?p=8056#primaryimage"},"thumbnailUrl":"https:\/\/i0.wp.com\/infos-droitshumains.net\/wp-content\/uploads\/2023\/09\/IMG-20230925-WA0026.jpg?fit=1044%2C696&ssl=1","datePublished":"2023-09-25T14:34:43+00:00","dateModified":"2023-09-25T14:37:26+00:00","breadcrumb":{"@id":"https:\/\/infos-droitshumains.net\/?p=8056#breadcrumb"},"inLanguage":"fr-FR","potentialAction":[{"@type":"ReadAction","target":["https:\/\/infos-droitshumains.net\/?p=8056"]}]},{"@type":"ImageObject","inLanguage":"fr-FR","@id":"https:\/\/infos-droitshumains.net\/?p=8056#primaryimage","url":"https:\/\/i0.wp.com\/infos-droitshumains.net\/wp-content\/uploads\/2023\/09\/IMG-20230925-WA0026.jpg?fit=1044%2C696&ssl=1","contentUrl":"https:\/\/i0.wp.com\/infos-droitshumains.net\/wp-content\/uploads\/2023\/09\/IMG-20230925-WA0026.jpg?fit=1044%2C696&ssl=1","width":1044,"height":696},{"@type":"BreadcrumbList","@id":"https:\/\/infos-droitshumains.net\/?p=8056#breadcrumb","itemListElement":[{"@type":"ListItem","position":1,"name":"Accueil","item":"https:\/\/infos-droitshumains.net\/"},{"@type":"ListItem","position":2,"name":"Cour d\u2019Appel de Kinshasa\/Gombe\u00a0: La chambre provinciale des huissiers de justice satisfaite des assurances d\u2019Esp\u00e9rance Dia Akir Akir quant au caract\u00e8re exclusif de ses attributions"}]},{"@type":"WebSite","@id":"https:\/\/infos-droitshumains.net\/#website","url":"https:\/\/infos-droitshumains.net\/","name":"Infos Droits Humains","description":"S&#039;informer est un droit","publisher":{"@id":"https:\/\/infos-droitshumains.net\/#organization"},"potentialAction":[{"@type":"SearchAction","target":{"@type":"EntryPoint","urlTemplate":"https:\/\/infos-droitshumains.net\/?s={search_term_string}"},"query-input":{"@type":"PropertyValueSpecification","valueRequired":true,"valueName":"search_term_string"}}],"inLanguage":"fr-FR"},{"@type":"Organization","@id":"https:\/\/infos-droitshumains.net\/#organization","name":"Infos Droits Humains","url":"https:\/\/infos-droitshumains.net\/","logo":{"@type":"ImageObject","inLanguage":"fr-FR","@id":"https:\/\/infos-droitshumains.net\/#\/schema\/logo\/image\/","url":"https:\/\/i0.wp.com\/infos-droitshumains.net\/wp-content\/uploads\/2022\/05\/Logo.png?fit=333%2C129&ssl=1","contentUrl":"https:\/\/i0.wp.com\/infos-droitshumains.net\/wp-content\/uploads\/2022\/05\/Logo.png?fit=333%2C129&ssl=1","width":333,"height":129,"caption":"Infos Droits Humains"},"image":{"@id":"https:\/\/infos-droitshumains.net\/#\/schema\/logo\/image\/"}},{"@type":"Person","@id":"https:\/\/infos-droitshumains.net\/#\/schema\/person\/3dc5e921c3302172e0ed4362f96faab7","name":"Jo\u00ebl Diawa","image":{"@type":"ImageObject","inLanguage":"fr-FR","@id":"https:\/\/secure.gravatar.com\/avatar\/729bea6ff4604c624417803c477363be8e3c7186deaa65713313f9b4b820f41c?s=96&d=mm&r=g","url":"https:\/\/secure.gravatar.com\/avatar\/729bea6ff4604c624417803c477363be8e3c7186deaa65713313f9b4b820f41c?s=96&d=mm&r=g","contentUrl":"https:\/\/secure.gravatar.com\/avatar\/729bea6ff4604c624417803c477363be8e3c7186deaa65713313f9b4b820f41c?s=96&d=mm&r=g","caption":"Jo\u00ebl Diawa"},"sameAs":["https:\/\/www.infos-droitshumains.net"],"url":"https:\/\/infos-droitshumains.net\/?author=2"}]}},"featured_image_urls":{"full":["https:\/\/i0.wp.com\/infos-droitshumains.net\/wp-content\/uploads\/2023\/09\/IMG-20230925-WA0026.jpg?fit=1044%2C696&ssl=1",1044,696,false],"thumbnail":["https:\/\/i0.wp.com\/infos-droitshumains.net\/wp-content\/uploads\/2023\/09\/IMG-20230925-WA0026.jpg?resize=150%2C150&ssl=1",150,150,true],"medium":["https:\/\/i0.wp.com\/infos-droitshumains.net\/wp-content\/uploads\/2023\/09\/IMG-20230925-WA0026.jpg?fit=300%2C200&ssl=1",300,200,true],"medium_large":["https:\/\/i0.wp.com\/infos-droitshumains.net\/wp-content\/uploads\/2023\/09\/IMG-20230925-WA0026.jpg?fit=640%2C427&ssl=1",640,427,true],"large":["https:\/\/i0.wp.com\/infos-droitshumains.net\/wp-content\/uploads\/2023\/09\/IMG-20230925-WA0026.jpg?fit=640%2C427&ssl=1",640,427,true],"1536x1536":["https:\/\/i0.wp.com\/infos-droitshumains.net\/wp-content\/uploads\/2023\/09\/IMG-20230925-WA0026.jpg?fit=1044%2C696&ssl=1",1044,696,true],"2048x2048":["https:\/\/i0.wp.com\/infos-droitshumains.net\/wp-content\/uploads\/2023\/09\/IMG-20230925-WA0026.jpg?fit=1044%2C696&ssl=1",1044,696,true],"covernews-slider-full":["https:\/\/i0.wp.com\/infos-droitshumains.net\/wp-content\/uploads\/2023\/09\/IMG-20230925-WA0026.jpg?resize=1044%2C696&ssl=1",1044,696,true],"covernews-slider-center":["https:\/\/i0.wp.com\/infos-droitshumains.net\/wp-content\/uploads\/2023\/09\/IMG-20230925-WA0026.jpg?resize=800%2C500&ssl=1",800,500,true],"covernews-featured":["https:\/\/i0.wp.com\/infos-droitshumains.net\/wp-content\/uploads\/2023\/09\/IMG-20230925-WA0026.jpg?fit=1024%2C683&ssl=1",1024,683,true],"covernews-medium":["https:\/\/i0.wp.com\/infos-droitshumains.net\/wp-content\/uploads\/2023\/09\/IMG-20230925-WA0026.jpg?resize=540%2C340&ssl=1",540,340,true],"covernews-medium-square":["https:\/\/i0.wp.com\/infos-droitshumains.net\/wp-content\/uploads\/2023\/09\/IMG-20230925-WA0026.jpg?resize=400%2C250&ssl=1",400,250,true]},"author_info":{"display_name":"Jo\u00ebl Diawa","author_link":"https:\/\/infos-droitshumains.net\/?author=2"},"category_info":"<a href=\"https:\/\/infos-droitshumains.net\/?cat=6\" rel=\"category\">Justice<\/a>","tag_info":"Justice","comment_count":"0","jetpack_featured_media_url":"https:\/\/i0.wp.com\/infos-droitshumains.net\/wp-content\/uploads\/2023\/09\/IMG-20230925-WA0026.jpg?fit=1044%2C696&ssl=1","jetpack-related-posts":[],"jetpack_sharing_enabled":true,"_links":{"self":[{"href":"https:\/\/infos-droitshumains.net\/index.php?rest_route=\/wp\/v2\/posts\/8056","targetHints":{"allow":["GET"]}}],"collection":[{"href":"https:\/\/infos-droitshumains.net\/index.php?rest_route=\/wp\/v2\/posts"}],"about":[{"href":"https:\/\/infos-droitshumains.net\/index.php?rest_route=\/wp\/v2\/types\/post"}],"author":[{"embeddable":true,"href":"https:\/\/infos-droitshumains.net\/index.php?rest_route=\/wp\/v2\/users\/2"}],"replies":[{"embeddable":true,"href":"https:\/\/infos-droitshumains.net\/index.php?rest_route=%2Fwp%2Fv2%2Fcomments&post=8056"}],"version-history":[{"count":2,"href":"https:\/\/infos-droitshumains.net\/index.php?rest_route=\/wp\/v2\/posts\/8056\/revisions"}],"predecessor-version":[{"id":8060,"href":"https:\/\/infos-droitshumains.net\/index.php?rest_route=\/wp\/v2\/posts\/8056\/revisions\/8060"}],"wp:featuredmedia":[{"embeddable":true,"href":"https:\/\/infos-droitshumains.net\/index.php?rest_route=\/wp\/v2\/media\/8058"}],"wp:attachment":[{"href":"https:\/\/infos-droitshumains.net\/index.php?rest_route=%2Fwp%2Fv2%2Fmedia&parent=8056"}],"wp:term":[{"taxonomy":"category","embeddable":true,"href":"https:\/\/infos-droitshumains.net\/index.php?rest_route=%2Fwp%2Fv2%2Fcategories&post=8056"},{"taxonomy":"post_tag","embeddable":true,"href":"https:\/\/infos-droitshumains.net\/index.php?rest_route=%2Fwp%2Fv2%2Ftags&post=8056"}],"curies":[{"name":"wp","href":"https:\/\/api.w.org\/{rel}","templated":true}]}}