{"id":8048,"date":"2023-09-25T00:29:53","date_gmt":"2023-09-24T22:29:53","guid":{"rendered":"https:\/\/infos-droitshumains.net\/?p=8048"},"modified":"2023-09-25T00:33:18","modified_gmt":"2023-09-24T22:33:18","slug":"parquet-de-mbakana-apres-avoir-renouvele-son-serment-taty-mungende-sangupamba-plaide-pour-la-creation-dun-tribunal-pres-son-office","status":"publish","type":"post","link":"https:\/\/infos-droitshumains.net\/?p=8048","title":{"rendered":"Parquet de Mbakana: Apr\u00e8s avoir renouvel\u00e9 son serment, Taty Mungende Sangupamba plaide pour la cr\u00e9ation d&rsquo;un tribunal dans son ressort"},"content":{"rendered":"\n<p><strong>R\u00e9daction :+243817406088<\/strong><\/p>\n\n\n\n<h4 class=\"wp-block-heading has-vivid-red-color has-text-color\"><em>\u00ab\u00a0Je jure de respecter la constitution et les lois de la R\u00e9publique D\u00e9mocratique du Congo et de remplir\u00a0loyalement et fid\u00e8lement avec honneur et dignit\u00e9, les fonctions qui me sont confi\u00e9es \u00bb<\/em>, tel est le serment renouvel\u00e9 par Taty Mungende Sangupamba, Procureur de la R\u00e9publique, Chef du parquet de Mbakana. C&rsquo;\u00e9tait au cours d&rsquo;une audience publique et solennelle tenue le 23 septembre 2023 \u00e0 l&rsquo;esplanade de la maison communale de N&rsquo;sele.<\/h4>\n\n\n\n<p>\u00c0 la t\u00eate du parquet de Mbakana depuis 2018 et reconduit \u00e0 ce poste en 2023 par le chef de l&rsquo;\u00c9tat, cet officier du minist\u00e8re public a, apr\u00e8s prise en acte et r\u00e9ception de son serment par la composition, d\u00e9voil\u00e9 sa vision pour ce nouveau mandat.<\/p>\n\n\n\n<p><em>\u00ab\u2026Ce que nous avons fait pendant le pass\u00e9 sera am\u00e9lior\u00e9 de sorte que la justice soit vraiment senti au niveau du plateau dans son ensemble\u00a0\u00bb<\/em>, a dit Taty Mungende Sangupamba. Surnomm\u00e9 par la population de son office, <strong>\u00ab\u00a0Aigle du plateau ou l&rsquo;homme des flagrances\u00a0\u00bb<\/strong>, il a par ailleurs plaid\u00e9 pour la cr\u00e9ation d&rsquo;un tribunal \u00e0 Mbankana afin de rapprocher les justiciables de son extension \u00e0 la justice.<\/p>\n\n\n\n<p><em>\u00ab&nbsp;Apr\u00e8s avoir d\u00e9j\u00e0 pass\u00e9 cinq ans \u00e0 ce parquet, Il y a certaines choses \u00e0 relever&nbsp;; le tribunal de grande instance ou celui de paix de Kinkole re\u00e7oivent les dossiers venant du parquet de Mbakana. Les dossiers instruits, les m\u00eames sont renvoy\u00e9s et les m\u00eames justiciables, pour besoin de suivi, doivent encore descendre au niveau de Kinkole avec comme cons\u00e9quences, co\u00fbt de transport, la dangerosit\u00e9 routi\u00e8re et fatigue. Face \u00e0 cette r\u00e9alit\u00e9, il serait mieux qu&rsquo;un tribunal soit cr\u00e9\u00e9 au niveau de Mbakana. Cela va faciliter la population du plateau \u00e0 un acc\u00e8s facile et rapide \u00e0 la justice. C&rsquo;est \u00e7a m\u00eame le rapprochement du justiciable \u00e0 la justice&nbsp;\u00bb<\/em>, a-t-il propos\u00e9.<\/p>\n\n\n\n<p>Quant \u00e0 la situation de la milice Mobondo qui s\u00e9vit \u00e9galement dans le ressort de son office, Taty Mungende ne jure qu&rsquo;\u00e0 l&rsquo;application de son serment pour faire face \u00e0 ce ph\u00e9nom\u00e8ne.<\/p>\n\n\n\n<p><em>\u00ab&nbsp;C&rsquo;est une situation que tout le monde conna\u00eet. Mais avec beaucoup de sagesse et avec la population, nous n&rsquo;allons pas nous d\u00e9rober de notre devoir. Nous sommes appel\u00e9s \u00e0 y travailler, nous y sommes et nous continuons \u00e0 y travailler&nbsp;\u00bb<\/em>, a rassur\u00e9&nbsp; l&rsquo;homme des flagrances.<\/p>\n\n\n\n<p>Au cours de cette m\u00eame audience, Kibala Musitembe D\u00e9d\u00e9 et Mpaka Mabiala, respectivement nouvelle pr\u00e9sidente du Tribunal de Grande Instance de Kinkole et nouveau procureur de la r\u00e9publique pr\u00e8s ce Tribunal ont \u00e9galement renouvel\u00e9 leurs serments statutaires<\/p>\n\n\n\n<p>Merlin Kamalandua<\/p>\n","protected":false},"excerpt":{"rendered":"<p>R\u00e9daction :+243817406088 \u00ab\u00a0Je jure de respecter la constitution et les lois de la R\u00e9publique D\u00e9mocratique&#8230;<\/p>\n","protected":false},"author":2,"featured_media":8051,"comment_status":"open","ping_status":"open","sticky":false,"template":"","format":"standard","meta":{"_jetpack_memberships_contains_paid_content":false,"footnotes":""},"categories":[6],"tags":[],"class_list":["post-8048","post","type-post","status-publish","format-standard","has-post-thumbnail","hentry","category-justice"],"yoast_head":"<!-- This site is optimized with the Yoast SEO plugin v27.5 - https:\/\/yoast.com\/product\/yoast-seo-wordpress\/ -->\n<title>Parquet de Mbakana: Apr\u00e8s avoir renouvel\u00e9 son serment, Taty Mungende Sangupamba plaide pour la cr\u00e9ation d&#039;un tribunal dans son ressort - Infos Droits Humains<\/title>\n<meta name=\"robots\" content=\"index, follow, max-snippet:-1, max-image-preview:large, max-video-preview:-1\" \/>\n<link rel=\"canonical\" href=\"https:\/\/infos-droitshumains.net\/?p=8048\" \/>\n<meta property=\"og:locale\" content=\"fr_FR\" \/>\n<meta property=\"og:type\" content=\"article\" \/>\n<meta property=\"og:title\" content=\"Parquet de Mbakana: Apr\u00e8s avoir renouvel\u00e9 son serment, Taty Mungende Sangupamba plaide pour la cr\u00e9ation d&#039;un tribunal dans son ressort - Infos Droits Humains\" \/>\n<meta property=\"og:description\" content=\"R\u00e9daction :+243817406088 \u00ab\u00a0Je jure de respecter la constitution et les lois de la R\u00e9publique D\u00e9mocratique...\" \/>\n<meta property=\"og:url\" content=\"https:\/\/infos-droitshumains.net\/?p=8048\" \/>\n<meta property=\"og:site_name\" content=\"Infos Droits Humains\" \/>\n<meta property=\"article:published_time\" content=\"2023-09-24T22:29:53+00:00\" \/>\n<meta property=\"article:modified_time\" content=\"2023-09-24T22:33:18+00:00\" \/>\n<meta property=\"og:image\" content=\"https:\/\/infos-droitshumains.net\/wp-content\/uploads\/2023\/09\/IMG-20230924-WA0042.jpg\" \/>\n\t<meta property=\"og:image:width\" content=\"720\" \/>\n\t<meta property=\"og:image:height\" content=\"400\" \/>\n\t<meta property=\"og:image:type\" content=\"image\/jpeg\" \/>\n<meta name=\"author\" content=\"Jo\u00ebl Diawa\" \/>\n<meta name=\"twitter:card\" content=\"summary_large_image\" \/>\n<meta name=\"twitter:label1\" content=\"\u00c9crit par\" \/>\n\t<meta name=\"twitter:data1\" content=\"Jo\u00ebl Diawa\" \/>\n\t<meta name=\"twitter:label2\" content=\"Dur\u00e9e de lecture estim\u00e9e\" \/>\n\t<meta name=\"twitter:data2\" content=\"3 minutes\" \/>\n<script type=\"application\/ld+json\" class=\"yoast-schema-graph\">{\"@context\":\"https:\\\/\\\/schema.org\",\"@graph\":[{\"@type\":\"Article\",\"@id\":\"https:\\\/\\\/infos-droitshumains.net\\\/?p=8048#article\",\"isPartOf\":{\"@id\":\"https:\\\/\\\/infos-droitshumains.net\\\/?p=8048\"},\"author\":{\"name\":\"Jo\u00ebl Diawa\",\"@id\":\"https:\\\/\\\/infos-droitshumains.net\\\/#\\\/schema\\\/person\\\/3dc5e921c3302172e0ed4362f96faab7\"},\"headline\":\"Parquet de Mbakana: Apr\u00e8s avoir renouvel\u00e9 son serment, Taty Mungende Sangupamba plaide pour la cr\u00e9ation d&rsquo;un tribunal dans son ressort\",\"datePublished\":\"2023-09-24T22:29:53+00:00\",\"dateModified\":\"2023-09-24T22:33:18+00:00\",\"mainEntityOfPage\":{\"@id\":\"https:\\\/\\\/infos-droitshumains.net\\\/?p=8048\"},\"wordCount\":458,\"commentCount\":0,\"publisher\":{\"@id\":\"https:\\\/\\\/infos-droitshumains.net\\\/#organization\"},\"image\":{\"@id\":\"https:\\\/\\\/infos-droitshumains.net\\\/?p=8048#primaryimage\"},\"thumbnailUrl\":\"https:\\\/\\\/i0.wp.com\\\/infos-droitshumains.net\\\/wp-content\\\/uploads\\\/2023\\\/09\\\/IMG-20230924-WA0042.jpg?fit=720%2C400&ssl=1\",\"articleSection\":[\"Justice\"],\"inLanguage\":\"fr-FR\",\"potentialAction\":[{\"@type\":\"CommentAction\",\"name\":\"Comment\",\"target\":[\"https:\\\/\\\/infos-droitshumains.net\\\/?p=8048#respond\"]}]},{\"@type\":\"WebPage\",\"@id\":\"https:\\\/\\\/infos-droitshumains.net\\\/?p=8048\",\"url\":\"https:\\\/\\\/infos-droitshumains.net\\\/?p=8048\",\"name\":\"Parquet de Mbakana: Apr\u00e8s avoir renouvel\u00e9 son serment, Taty Mungende Sangupamba plaide pour la cr\u00e9ation d'un tribunal dans son ressort - Infos Droits Humains\",\"isPartOf\":{\"@id\":\"https:\\\/\\\/infos-droitshumains.net\\\/#website\"},\"primaryImageOfPage\":{\"@id\":\"https:\\\/\\\/infos-droitshumains.net\\\/?p=8048#primaryimage\"},\"image\":{\"@id\":\"https:\\\/\\\/infos-droitshumains.net\\\/?p=8048#primaryimage\"},\"thumbnailUrl\":\"https:\\\/\\\/i0.wp.com\\\/infos-droitshumains.net\\\/wp-content\\\/uploads\\\/2023\\\/09\\\/IMG-20230924-WA0042.jpg?fit=720%2C400&ssl=1\",\"datePublished\":\"2023-09-24T22:29:53+00:00\",\"dateModified\":\"2023-09-24T22:33:18+00:00\",\"breadcrumb\":{\"@id\":\"https:\\\/\\\/infos-droitshumains.net\\\/?p=8048#breadcrumb\"},\"inLanguage\":\"fr-FR\",\"potentialAction\":[{\"@type\":\"ReadAction\",\"target\":[\"https:\\\/\\\/infos-droitshumains.net\\\/?p=8048\"]}]},{\"@type\":\"ImageObject\",\"inLanguage\":\"fr-FR\",\"@id\":\"https:\\\/\\\/infos-droitshumains.net\\\/?p=8048#primaryimage\",\"url\":\"https:\\\/\\\/i0.wp.com\\\/infos-droitshumains.net\\\/wp-content\\\/uploads\\\/2023\\\/09\\\/IMG-20230924-WA0042.jpg?fit=720%2C400&ssl=1\",\"contentUrl\":\"https:\\\/\\\/i0.wp.com\\\/infos-droitshumains.net\\\/wp-content\\\/uploads\\\/2023\\\/09\\\/IMG-20230924-WA0042.jpg?fit=720%2C400&ssl=1\",\"width\":720,\"height\":400},{\"@type\":\"BreadcrumbList\",\"@id\":\"https:\\\/\\\/infos-droitshumains.net\\\/?p=8048#breadcrumb\",\"itemListElement\":[{\"@type\":\"ListItem\",\"position\":1,\"name\":\"Accueil\",\"item\":\"https:\\\/\\\/infos-droitshumains.net\\\/\"},{\"@type\":\"ListItem\",\"position\":2,\"name\":\"Parquet de Mbakana: Apr\u00e8s avoir renouvel\u00e9 son serment, Taty Mungende Sangupamba plaide pour la cr\u00e9ation d&rsquo;un tribunal dans son ressort\"}]},{\"@type\":\"WebSite\",\"@id\":\"https:\\\/\\\/infos-droitshumains.net\\\/#website\",\"url\":\"https:\\\/\\\/infos-droitshumains.net\\\/\",\"name\":\"Infos Droits Humains\",\"description\":\"S&#039;informer est un droit\",\"publisher\":{\"@id\":\"https:\\\/\\\/infos-droitshumains.net\\\/#organization\"},\"potentialAction\":[{\"@type\":\"SearchAction\",\"target\":{\"@type\":\"EntryPoint\",\"urlTemplate\":\"https:\\\/\\\/infos-droitshumains.net\\\/?s={search_term_string}\"},\"query-input\":{\"@type\":\"PropertyValueSpecification\",\"valueRequired\":true,\"valueName\":\"search_term_string\"}}],\"inLanguage\":\"fr-FR\"},{\"@type\":\"Organization\",\"@id\":\"https:\\\/\\\/infos-droitshumains.net\\\/#organization\",\"name\":\"Infos Droits Humains\",\"url\":\"https:\\\/\\\/infos-droitshumains.net\\\/\",\"logo\":{\"@type\":\"ImageObject\",\"inLanguage\":\"fr-FR\",\"@id\":\"https:\\\/\\\/infos-droitshumains.net\\\/#\\\/schema\\\/logo\\\/image\\\/\",\"url\":\"https:\\\/\\\/i0.wp.com\\\/infos-droitshumains.net\\\/wp-content\\\/uploads\\\/2022\\\/05\\\/Logo.png?fit=333%2C129&ssl=1\",\"contentUrl\":\"https:\\\/\\\/i0.wp.com\\\/infos-droitshumains.net\\\/wp-content\\\/uploads\\\/2022\\\/05\\\/Logo.png?fit=333%2C129&ssl=1\",\"width\":333,\"height\":129,\"caption\":\"Infos Droits Humains\"},\"image\":{\"@id\":\"https:\\\/\\\/infos-droitshumains.net\\\/#\\\/schema\\\/logo\\\/image\\\/\"}},{\"@type\":\"Person\",\"@id\":\"https:\\\/\\\/infos-droitshumains.net\\\/#\\\/schema\\\/person\\\/3dc5e921c3302172e0ed4362f96faab7\",\"name\":\"Jo\u00ebl Diawa\",\"image\":{\"@type\":\"ImageObject\",\"inLanguage\":\"fr-FR\",\"@id\":\"https:\\\/\\\/secure.gravatar.com\\\/avatar\\\/729bea6ff4604c624417803c477363be8e3c7186deaa65713313f9b4b820f41c?s=96&d=mm&r=g\",\"url\":\"https:\\\/\\\/secure.gravatar.com\\\/avatar\\\/729bea6ff4604c624417803c477363be8e3c7186deaa65713313f9b4b820f41c?s=96&d=mm&r=g\",\"contentUrl\":\"https:\\\/\\\/secure.gravatar.com\\\/avatar\\\/729bea6ff4604c624417803c477363be8e3c7186deaa65713313f9b4b820f41c?s=96&d=mm&r=g\",\"caption\":\"Jo\u00ebl Diawa\"},\"sameAs\":[\"https:\\\/\\\/www.infos-droitshumains.net\"],\"url\":\"https:\\\/\\\/infos-droitshumains.net\\\/?author=2\"}]}<\/script>\n<!-- \/ Yoast SEO plugin. -->","yoast_head_json":{"title":"Parquet de Mbakana: Apr\u00e8s avoir renouvel\u00e9 son serment, Taty Mungende Sangupamba plaide pour la cr\u00e9ation d'un tribunal dans son ressort - Infos Droits Humains","robots":{"index":"index","follow":"follow","max-snippet":"max-snippet:-1","max-image-preview":"max-image-preview:large","max-video-preview":"max-video-preview:-1"},"canonical":"https:\/\/infos-droitshumains.net\/?p=8048","og_locale":"fr_FR","og_type":"article","og_title":"Parquet de Mbakana: Apr\u00e8s avoir renouvel\u00e9 son serment, Taty Mungende Sangupamba plaide pour la cr\u00e9ation d'un tribunal dans son ressort - Infos Droits Humains","og_description":"R\u00e9daction :+243817406088 \u00ab\u00a0Je jure de respecter la constitution et les lois de la R\u00e9publique D\u00e9mocratique...","og_url":"https:\/\/infos-droitshumains.net\/?p=8048","og_site_name":"Infos Droits Humains","article_published_time":"2023-09-24T22:29:53+00:00","article_modified_time":"2023-09-24T22:33:18+00:00","og_image":[{"width":720,"height":400,"url":"https:\/\/infos-droitshumains.net\/wp-content\/uploads\/2023\/09\/IMG-20230924-WA0042.jpg","type":"image\/jpeg"}],"author":"Jo\u00ebl Diawa","twitter_card":"summary_large_image","twitter_misc":{"\u00c9crit par":"Jo\u00ebl Diawa","Dur\u00e9e de lecture estim\u00e9e":"3 minutes"},"schema":{"@context":"https:\/\/schema.org","@graph":[{"@type":"Article","@id":"https:\/\/infos-droitshumains.net\/?p=8048#article","isPartOf":{"@id":"https:\/\/infos-droitshumains.net\/?p=8048"},"author":{"name":"Jo\u00ebl Diawa","@id":"https:\/\/infos-droitshumains.net\/#\/schema\/person\/3dc5e921c3302172e0ed4362f96faab7"},"headline":"Parquet de Mbakana: Apr\u00e8s avoir renouvel\u00e9 son serment, Taty Mungende Sangupamba plaide pour la cr\u00e9ation d&rsquo;un tribunal dans son ressort","datePublished":"2023-09-24T22:29:53+00:00","dateModified":"2023-09-24T22:33:18+00:00","mainEntityOfPage":{"@id":"https:\/\/infos-droitshumains.net\/?p=8048"},"wordCount":458,"commentCount":0,"publisher":{"@id":"https:\/\/infos-droitshumains.net\/#organization"},"image":{"@id":"https:\/\/infos-droitshumains.net\/?p=8048#primaryimage"},"thumbnailUrl":"https:\/\/i0.wp.com\/infos-droitshumains.net\/wp-content\/uploads\/2023\/09\/IMG-20230924-WA0042.jpg?fit=720%2C400&ssl=1","articleSection":["Justice"],"inLanguage":"fr-FR","potentialAction":[{"@type":"CommentAction","name":"Comment","target":["https:\/\/infos-droitshumains.net\/?p=8048#respond"]}]},{"@type":"WebPage","@id":"https:\/\/infos-droitshumains.net\/?p=8048","url":"https:\/\/infos-droitshumains.net\/?p=8048","name":"Parquet de Mbakana: Apr\u00e8s avoir renouvel\u00e9 son serment, Taty Mungende Sangupamba plaide pour la cr\u00e9ation d'un tribunal dans son ressort - Infos Droits Humains","isPartOf":{"@id":"https:\/\/infos-droitshumains.net\/#website"},"primaryImageOfPage":{"@id":"https:\/\/infos-droitshumains.net\/?p=8048#primaryimage"},"image":{"@id":"https:\/\/infos-droitshumains.net\/?p=8048#primaryimage"},"thumbnailUrl":"https:\/\/i0.wp.com\/infos-droitshumains.net\/wp-content\/uploads\/2023\/09\/IMG-20230924-WA0042.jpg?fit=720%2C400&ssl=1","datePublished":"2023-09-24T22:29:53+00:00","dateModified":"2023-09-24T22:33:18+00:00","breadcrumb":{"@id":"https:\/\/infos-droitshumains.net\/?p=8048#breadcrumb"},"inLanguage":"fr-FR","potentialAction":[{"@type":"ReadAction","target":["https:\/\/infos-droitshumains.net\/?p=8048"]}]},{"@type":"ImageObject","inLanguage":"fr-FR","@id":"https:\/\/infos-droitshumains.net\/?p=8048#primaryimage","url":"https:\/\/i0.wp.com\/infos-droitshumains.net\/wp-content\/uploads\/2023\/09\/IMG-20230924-WA0042.jpg?fit=720%2C400&ssl=1","contentUrl":"https:\/\/i0.wp.com\/infos-droitshumains.net\/wp-content\/uploads\/2023\/09\/IMG-20230924-WA0042.jpg?fit=720%2C400&ssl=1","width":720,"height":400},{"@type":"BreadcrumbList","@id":"https:\/\/infos-droitshumains.net\/?p=8048#breadcrumb","itemListElement":[{"@type":"ListItem","position":1,"name":"Accueil","item":"https:\/\/infos-droitshumains.net\/"},{"@type":"ListItem","position":2,"name":"Parquet de Mbakana: Apr\u00e8s avoir renouvel\u00e9 son serment, Taty Mungende Sangupamba plaide pour la cr\u00e9ation d&rsquo;un tribunal dans son ressort"}]},{"@type":"WebSite","@id":"https:\/\/infos-droitshumains.net\/#website","url":"https:\/\/infos-droitshumains.net\/","name":"Infos Droits Humains","description":"S&#039;informer est un droit","publisher":{"@id":"https:\/\/infos-droitshumains.net\/#organization"},"potentialAction":[{"@type":"SearchAction","target":{"@type":"EntryPoint","urlTemplate":"https:\/\/infos-droitshumains.net\/?s={search_term_string}"},"query-input":{"@type":"PropertyValueSpecification","valueRequired":true,"valueName":"search_term_string"}}],"inLanguage":"fr-FR"},{"@type":"Organization","@id":"https:\/\/infos-droitshumains.net\/#organization","name":"Infos Droits Humains","url":"https:\/\/infos-droitshumains.net\/","logo":{"@type":"ImageObject","inLanguage":"fr-FR","@id":"https:\/\/infos-droitshumains.net\/#\/schema\/logo\/image\/","url":"https:\/\/i0.wp.com\/infos-droitshumains.net\/wp-content\/uploads\/2022\/05\/Logo.png?fit=333%2C129&ssl=1","contentUrl":"https:\/\/i0.wp.com\/infos-droitshumains.net\/wp-content\/uploads\/2022\/05\/Logo.png?fit=333%2C129&ssl=1","width":333,"height":129,"caption":"Infos Droits Humains"},"image":{"@id":"https:\/\/infos-droitshumains.net\/#\/schema\/logo\/image\/"}},{"@type":"Person","@id":"https:\/\/infos-droitshumains.net\/#\/schema\/person\/3dc5e921c3302172e0ed4362f96faab7","name":"Jo\u00ebl Diawa","image":{"@type":"ImageObject","inLanguage":"fr-FR","@id":"https:\/\/secure.gravatar.com\/avatar\/729bea6ff4604c624417803c477363be8e3c7186deaa65713313f9b4b820f41c?s=96&d=mm&r=g","url":"https:\/\/secure.gravatar.com\/avatar\/729bea6ff4604c624417803c477363be8e3c7186deaa65713313f9b4b820f41c?s=96&d=mm&r=g","contentUrl":"https:\/\/secure.gravatar.com\/avatar\/729bea6ff4604c624417803c477363be8e3c7186deaa65713313f9b4b820f41c?s=96&d=mm&r=g","caption":"Jo\u00ebl Diawa"},"sameAs":["https:\/\/www.infos-droitshumains.net"],"url":"https:\/\/infos-droitshumains.net\/?author=2"}]}},"featured_image_urls":{"full":["https:\/\/i0.wp.com\/infos-droitshumains.net\/wp-content\/uploads\/2023\/09\/IMG-20230924-WA0042.jpg?fit=720%2C400&ssl=1",720,400,false],"thumbnail":["https:\/\/i0.wp.com\/infos-droitshumains.net\/wp-content\/uploads\/2023\/09\/IMG-20230924-WA0042.jpg?resize=150%2C150&ssl=1",150,150,true],"medium":["https:\/\/i0.wp.com\/infos-droitshumains.net\/wp-content\/uploads\/2023\/09\/IMG-20230924-WA0042.jpg?fit=300%2C167&ssl=1",300,167,true],"medium_large":["https:\/\/i0.wp.com\/infos-droitshumains.net\/wp-content\/uploads\/2023\/09\/IMG-20230924-WA0042.jpg?fit=640%2C356&ssl=1",640,356,true],"large":["https:\/\/i0.wp.com\/infos-droitshumains.net\/wp-content\/uploads\/2023\/09\/IMG-20230924-WA0042.jpg?fit=640%2C356&ssl=1",640,356,true],"1536x1536":["https:\/\/i0.wp.com\/infos-droitshumains.net\/wp-content\/uploads\/2023\/09\/IMG-20230924-WA0042.jpg?fit=720%2C400&ssl=1",720,400,true],"2048x2048":["https:\/\/i0.wp.com\/infos-droitshumains.net\/wp-content\/uploads\/2023\/09\/IMG-20230924-WA0042.jpg?fit=720%2C400&ssl=1",720,400,true],"covernews-slider-full":["https:\/\/i0.wp.com\/infos-droitshumains.net\/wp-content\/uploads\/2023\/09\/IMG-20230924-WA0042.jpg?resize=720%2C400&ssl=1",720,400,true],"covernews-slider-center":["https:\/\/i0.wp.com\/infos-droitshumains.net\/wp-content\/uploads\/2023\/09\/IMG-20230924-WA0042.jpg?resize=720%2C400&ssl=1",720,400,true],"covernews-featured":["https:\/\/i0.wp.com\/infos-droitshumains.net\/wp-content\/uploads\/2023\/09\/IMG-20230924-WA0042.jpg?fit=720%2C400&ssl=1",720,400,true],"covernews-medium":["https:\/\/i0.wp.com\/infos-droitshumains.net\/wp-content\/uploads\/2023\/09\/IMG-20230924-WA0042.jpg?resize=540%2C340&ssl=1",540,340,true],"covernews-medium-square":["https:\/\/i0.wp.com\/infos-droitshumains.net\/wp-content\/uploads\/2023\/09\/IMG-20230924-WA0042.jpg?resize=400%2C250&ssl=1",400,250,true]},"author_info":{"display_name":"Jo\u00ebl Diawa","author_link":"https:\/\/infos-droitshumains.net\/?author=2"},"category_info":"<a href=\"https:\/\/infos-droitshumains.net\/?cat=6\" rel=\"category\">Justice<\/a>","tag_info":"Justice","comment_count":"0","jetpack_featured_media_url":"https:\/\/i0.wp.com\/infos-droitshumains.net\/wp-content\/uploads\/2023\/09\/IMG-20230924-WA0042.jpg?fit=720%2C400&ssl=1","jetpack-related-posts":[],"jetpack_sharing_enabled":true,"_links":{"self":[{"href":"https:\/\/infos-droitshumains.net\/index.php?rest_route=\/wp\/v2\/posts\/8048","targetHints":{"allow":["GET"]}}],"collection":[{"href":"https:\/\/infos-droitshumains.net\/index.php?rest_route=\/wp\/v2\/posts"}],"about":[{"href":"https:\/\/infos-droitshumains.net\/index.php?rest_route=\/wp\/v2\/types\/post"}],"author":[{"embeddable":true,"href":"https:\/\/infos-droitshumains.net\/index.php?rest_route=\/wp\/v2\/users\/2"}],"replies":[{"embeddable":true,"href":"https:\/\/infos-droitshumains.net\/index.php?rest_route=%2Fwp%2Fv2%2Fcomments&post=8048"}],"version-history":[{"count":4,"href":"https:\/\/infos-droitshumains.net\/index.php?rest_route=\/wp\/v2\/posts\/8048\/revisions"}],"predecessor-version":[{"id":8055,"href":"https:\/\/infos-droitshumains.net\/index.php?rest_route=\/wp\/v2\/posts\/8048\/revisions\/8055"}],"wp:featuredmedia":[{"embeddable":true,"href":"https:\/\/infos-droitshumains.net\/index.php?rest_route=\/wp\/v2\/media\/8051"}],"wp:attachment":[{"href":"https:\/\/infos-droitshumains.net\/index.php?rest_route=%2Fwp%2Fv2%2Fmedia&parent=8048"}],"wp:term":[{"taxonomy":"category","embeddable":true,"href":"https:\/\/infos-droitshumains.net\/index.php?rest_route=%2Fwp%2Fv2%2Fcategories&post=8048"},{"taxonomy":"post_tag","embeddable":true,"href":"https:\/\/infos-droitshumains.net\/index.php?rest_route=%2Fwp%2Fv2%2Ftags&post=8048"}],"curies":[{"name":"wp","href":"https:\/\/api.w.org\/{rel}","templated":true}]}}