{"id":8038,"date":"2023-09-23T23:45:25","date_gmt":"2023-09-23T21:45:25","guid":{"rendered":"https:\/\/infos-droitshumains.net\/?p=8038"},"modified":"2023-09-24T13:40:54","modified_gmt":"2023-09-24T11:40:54","slug":"qui-est-cyprien-bizau-nouveau-president-du-tribunal-de-commerce-de-lubumbashi","status":"publish","type":"post","link":"https:\/\/infos-droitshumains.net\/?p=8038","title":{"rendered":"Qui est Cyprien Bizau, nouveau Pr\u00e9sident du Tribunal de Commerce de Lubumbashi\u00a0?"},"content":{"rendered":"\n<p><strong>R\u00e9daction :+243817406088<\/strong><\/p>\n\n\n\n<h4 class=\"wp-block-heading has-vivid-red-color has-text-color\">C\u2019est ce samedi 23 septembre 2023 que s\u2019est d\u00e9roul\u00e9e la c\u00e9r\u00e9monie de remise et reprise au Tribunal de Commerce de Lubumbashi. Cyprien Bizau Mondo est officiellement entr\u00e9e en ses nouvelles fonctions de Pr\u00e9sident &nbsp;cette juridiction en remplacement de Freddy Kenye qui assumait l\u2019int\u00e9rim.<\/h4>\n\n\n\n<figure class=\"wp-block-image alignfull size-large\"><img data-recalc-dims=\"1\" fetchpriority=\"high\" decoding=\"async\" width=\"640\" height=\"360\" src=\"https:\/\/i0.wp.com\/infos-droitshumains.net\/wp-content\/uploads\/2023\/09\/IMG-20230923-WA0038_1.jpg?resize=640%2C360&#038;ssl=1\" alt=\"\" class=\"wp-image-8040\" srcset=\"https:\/\/i0.wp.com\/infos-droitshumains.net\/wp-content\/uploads\/2023\/09\/IMG-20230923-WA0038_1.jpg?resize=1024%2C576&amp;ssl=1 1024w, https:\/\/i0.wp.com\/infos-droitshumains.net\/wp-content\/uploads\/2023\/09\/IMG-20230923-WA0038_1.jpg?resize=300%2C169&amp;ssl=1 300w, https:\/\/i0.wp.com\/infos-droitshumains.net\/wp-content\/uploads\/2023\/09\/IMG-20230923-WA0038_1.jpg?resize=768%2C432&amp;ssl=1 768w, https:\/\/i0.wp.com\/infos-droitshumains.net\/wp-content\/uploads\/2023\/09\/IMG-20230923-WA0038_1.jpg?w=1080&amp;ssl=1 1080w\" sizes=\"(max-width: 640px) 100vw, 640px\" \/><\/figure>\n\n\n\n<p>Arriv\u00e9 \u00e0 la magistrature en 1997, Cyprien Bizau a pass\u00e9 trois ans comme substitut du procureur de la R\u00e9publique avant d\u2019\u00eatre vers\u00e9 au si\u00e8ge et affect\u00e9 comme juge au Tribunal de Grande Instance de Kinshasa\/Gombe o\u00f9 il a exerc\u00e9 pendant 9 ans.<\/p>\n\n\n\n<p>En 2009, il est envoy\u00e9 au Tribunal de Grande Instance de Matadi avant de revenir \u00e0 Kinshasa en 2013 pour \u00eatre affect\u00e9 au Tribunal de Commerce de Kinshasa\/Gombe. En 2018, il est promu Pr\u00e9sident du Tribunal de Commerce de Bukavu, fonction qu\u2019il a occup\u00e9 pendant deux ans. En 2020, il est Pr\u00e9sident du Tribunal de Commerce de Matadi, poste assum\u00e9 jusqu\u2019avant les ordonnances Pr\u00e9sidentielles du 29 juillet 2023 portant organisation judiciaires gr\u00e2ce auxquelles, il est nomm\u00e9 Pr\u00e9sident du Tribunal de Commerce de Lubumbashi.<\/p>\n\n\n\n<p>Juge \u00e9quilibr\u00e9 et tr\u00e8s exp\u00e9riment\u00e9, Cyprien Bizau Mondo doit cette confiance du Chef de l\u2019Etat et de la hi\u00e9rarchie du Conseil sup\u00e9rieur de la magistrature \u00e0 son intelligence et \u00e0 son sens scientifique tr\u00e8s \u00e9lev\u00e9e.<\/p>\n\n\n\n<p>Auteur de plusieurs ouvrages en droit OHADA et doctorant en droit, le nouveau Pr\u00e9sident du Tribunal de Commerce de Lubumbashi a \u00e9t\u00e9 nomm\u00e9 comme expert du Conseil Sup\u00e9rieur de la Magistrature en droit OHADA par son pr\u00e9sident actuel et Pr\u00e9sident de la Cour Constitutionnelle Dieudonn\u00e9 KAMULETA Badibanga.<\/p>\n\n\n\n<p>Dans le cadre de ses nouvelles fonctions au Tribunal de Commerce de Lubumbashi, Cyprien Bizau Mondo s\u2019est assign\u00e9 entre autre pour objectifs, de r\u00e9tablir la confiance de la justice au sein de la population&nbsp;; favoriser l&rsquo;am\u00e9lioration du climat des affaires et l&rsquo;encouragement des investissements en vue d&rsquo;une croissance macro-\u00e9conomique durable en rendant une justice rassurante et diligente.<\/p>\n\n\n\n<p>Ces objectifs ne peuvent \u00eatre atteints que gr\u00e2ce \u00e0 l&rsquo;ordre et la discipline qui seront d\u00e9sormais instaur\u00e9es gr\u00e2ce \u00e0 l\u2019av\u00e8nement de Cyprien Bizau au Tribunal de Commerce de Lubumbashi.<\/p>\n\n\n\n<p>Merlin Kamalandua<\/p>\n","protected":false},"excerpt":{"rendered":"<p>R\u00e9daction :+243817406088 C\u2019est ce samedi 23 septembre 2023 que s\u2019est d\u00e9roul\u00e9e la c\u00e9r\u00e9monie de remise&#8230;<\/p>\n","protected":false},"author":2,"featured_media":8041,"comment_status":"open","ping_status":"open","sticky":false,"template":"","format":"standard","meta":{"_jetpack_memberships_contains_paid_content":false,"footnotes":""},"categories":[6],"tags":[],"class_list":["post-8038","post","type-post","status-publish","format-standard","has-post-thumbnail","hentry","category-justice"],"yoast_head":"<!-- This site is optimized with the Yoast SEO plugin v27.5 - https:\/\/yoast.com\/product\/yoast-seo-wordpress\/ -->\n<title>Qui est Cyprien Bizau, nouveau Pr\u00e9sident du Tribunal de Commerce de Lubumbashi\u00a0? - Infos Droits Humains<\/title>\n<meta name=\"robots\" content=\"index, follow, max-snippet:-1, max-image-preview:large, max-video-preview:-1\" \/>\n<link rel=\"canonical\" href=\"https:\/\/infos-droitshumains.net\/?p=8038\" \/>\n<meta property=\"og:locale\" content=\"fr_FR\" \/>\n<meta property=\"og:type\" content=\"article\" \/>\n<meta property=\"og:title\" content=\"Qui est Cyprien Bizau, nouveau Pr\u00e9sident du Tribunal de Commerce de Lubumbashi\u00a0? - Infos Droits Humains\" \/>\n<meta property=\"og:description\" content=\"R\u00e9daction :+243817406088 C\u2019est ce samedi 23 septembre 2023 que s\u2019est d\u00e9roul\u00e9e la c\u00e9r\u00e9monie de remise...\" \/>\n<meta property=\"og:url\" content=\"https:\/\/infos-droitshumains.net\/?p=8038\" \/>\n<meta property=\"og:site_name\" content=\"Infos Droits Humains\" \/>\n<meta property=\"article:published_time\" content=\"2023-09-23T21:45:25+00:00\" \/>\n<meta property=\"article:modified_time\" content=\"2023-09-24T11:40:54+00:00\" \/>\n<meta property=\"og:image\" content=\"https:\/\/infos-droitshumains.net\/wp-content\/uploads\/2023\/09\/IMG-20230924-WA0020_1.jpg\" \/>\n\t<meta property=\"og:image:width\" content=\"525\" \/>\n\t<meta property=\"og:image:height\" content=\"881\" \/>\n\t<meta property=\"og:image:type\" content=\"image\/jpeg\" \/>\n<meta name=\"author\" content=\"Jo\u00ebl Diawa\" \/>\n<meta name=\"twitter:card\" content=\"summary_large_image\" \/>\n<meta name=\"twitter:label1\" content=\"\u00c9crit par\" \/>\n\t<meta name=\"twitter:data1\" content=\"Jo\u00ebl Diawa\" \/>\n\t<meta name=\"twitter:label2\" content=\"Dur\u00e9e de lecture estim\u00e9e\" \/>\n\t<meta name=\"twitter:data2\" content=\"2 minutes\" \/>\n<script type=\"application\/ld+json\" class=\"yoast-schema-graph\">{\"@context\":\"https:\\\/\\\/schema.org\",\"@graph\":[{\"@type\":\"Article\",\"@id\":\"https:\\\/\\\/infos-droitshumains.net\\\/?p=8038#article\",\"isPartOf\":{\"@id\":\"https:\\\/\\\/infos-droitshumains.net\\\/?p=8038\"},\"author\":{\"name\":\"Jo\u00ebl Diawa\",\"@id\":\"https:\\\/\\\/infos-droitshumains.net\\\/#\\\/schema\\\/person\\\/3dc5e921c3302172e0ed4362f96faab7\"},\"headline\":\"Qui est Cyprien Bizau, nouveau Pr\u00e9sident du Tribunal de Commerce de Lubumbashi\u00a0?\",\"datePublished\":\"2023-09-23T21:45:25+00:00\",\"dateModified\":\"2023-09-24T11:40:54+00:00\",\"mainEntityOfPage\":{\"@id\":\"https:\\\/\\\/infos-droitshumains.net\\\/?p=8038\"},\"wordCount\":382,\"commentCount\":0,\"publisher\":{\"@id\":\"https:\\\/\\\/infos-droitshumains.net\\\/#organization\"},\"image\":{\"@id\":\"https:\\\/\\\/infos-droitshumains.net\\\/?p=8038#primaryimage\"},\"thumbnailUrl\":\"https:\\\/\\\/i0.wp.com\\\/infos-droitshumains.net\\\/wp-content\\\/uploads\\\/2023\\\/09\\\/IMG-20230924-WA0020_1.jpg?fit=525%2C881&ssl=1\",\"articleSection\":[\"Justice\"],\"inLanguage\":\"fr-FR\",\"potentialAction\":[{\"@type\":\"CommentAction\",\"name\":\"Comment\",\"target\":[\"https:\\\/\\\/infos-droitshumains.net\\\/?p=8038#respond\"]}]},{\"@type\":\"WebPage\",\"@id\":\"https:\\\/\\\/infos-droitshumains.net\\\/?p=8038\",\"url\":\"https:\\\/\\\/infos-droitshumains.net\\\/?p=8038\",\"name\":\"Qui est Cyprien Bizau, nouveau Pr\u00e9sident du Tribunal de Commerce de Lubumbashi\u00a0? - Infos Droits Humains\",\"isPartOf\":{\"@id\":\"https:\\\/\\\/infos-droitshumains.net\\\/#website\"},\"primaryImageOfPage\":{\"@id\":\"https:\\\/\\\/infos-droitshumains.net\\\/?p=8038#primaryimage\"},\"image\":{\"@id\":\"https:\\\/\\\/infos-droitshumains.net\\\/?p=8038#primaryimage\"},\"thumbnailUrl\":\"https:\\\/\\\/i0.wp.com\\\/infos-droitshumains.net\\\/wp-content\\\/uploads\\\/2023\\\/09\\\/IMG-20230924-WA0020_1.jpg?fit=525%2C881&ssl=1\",\"datePublished\":\"2023-09-23T21:45:25+00:00\",\"dateModified\":\"2023-09-24T11:40:54+00:00\",\"breadcrumb\":{\"@id\":\"https:\\\/\\\/infos-droitshumains.net\\\/?p=8038#breadcrumb\"},\"inLanguage\":\"fr-FR\",\"potentialAction\":[{\"@type\":\"ReadAction\",\"target\":[\"https:\\\/\\\/infos-droitshumains.net\\\/?p=8038\"]}]},{\"@type\":\"ImageObject\",\"inLanguage\":\"fr-FR\",\"@id\":\"https:\\\/\\\/infos-droitshumains.net\\\/?p=8038#primaryimage\",\"url\":\"https:\\\/\\\/i0.wp.com\\\/infos-droitshumains.net\\\/wp-content\\\/uploads\\\/2023\\\/09\\\/IMG-20230924-WA0020_1.jpg?fit=525%2C881&ssl=1\",\"contentUrl\":\"https:\\\/\\\/i0.wp.com\\\/infos-droitshumains.net\\\/wp-content\\\/uploads\\\/2023\\\/09\\\/IMG-20230924-WA0020_1.jpg?fit=525%2C881&ssl=1\",\"width\":525,\"height\":881},{\"@type\":\"BreadcrumbList\",\"@id\":\"https:\\\/\\\/infos-droitshumains.net\\\/?p=8038#breadcrumb\",\"itemListElement\":[{\"@type\":\"ListItem\",\"position\":1,\"name\":\"Accueil\",\"item\":\"https:\\\/\\\/infos-droitshumains.net\\\/\"},{\"@type\":\"ListItem\",\"position\":2,\"name\":\"Qui est Cyprien Bizau, nouveau Pr\u00e9sident du Tribunal de Commerce de Lubumbashi\u00a0?\"}]},{\"@type\":\"WebSite\",\"@id\":\"https:\\\/\\\/infos-droitshumains.net\\\/#website\",\"url\":\"https:\\\/\\\/infos-droitshumains.net\\\/\",\"name\":\"Infos Droits Humains\",\"description\":\"S&#039;informer est un droit\",\"publisher\":{\"@id\":\"https:\\\/\\\/infos-droitshumains.net\\\/#organization\"},\"potentialAction\":[{\"@type\":\"SearchAction\",\"target\":{\"@type\":\"EntryPoint\",\"urlTemplate\":\"https:\\\/\\\/infos-droitshumains.net\\\/?s={search_term_string}\"},\"query-input\":{\"@type\":\"PropertyValueSpecification\",\"valueRequired\":true,\"valueName\":\"search_term_string\"}}],\"inLanguage\":\"fr-FR\"},{\"@type\":\"Organization\",\"@id\":\"https:\\\/\\\/infos-droitshumains.net\\\/#organization\",\"name\":\"Infos Droits Humains\",\"url\":\"https:\\\/\\\/infos-droitshumains.net\\\/\",\"logo\":{\"@type\":\"ImageObject\",\"inLanguage\":\"fr-FR\",\"@id\":\"https:\\\/\\\/infos-droitshumains.net\\\/#\\\/schema\\\/logo\\\/image\\\/\",\"url\":\"https:\\\/\\\/i0.wp.com\\\/infos-droitshumains.net\\\/wp-content\\\/uploads\\\/2022\\\/05\\\/Logo.png?fit=333%2C129&ssl=1\",\"contentUrl\":\"https:\\\/\\\/i0.wp.com\\\/infos-droitshumains.net\\\/wp-content\\\/uploads\\\/2022\\\/05\\\/Logo.png?fit=333%2C129&ssl=1\",\"width\":333,\"height\":129,\"caption\":\"Infos Droits Humains\"},\"image\":{\"@id\":\"https:\\\/\\\/infos-droitshumains.net\\\/#\\\/schema\\\/logo\\\/image\\\/\"}},{\"@type\":\"Person\",\"@id\":\"https:\\\/\\\/infos-droitshumains.net\\\/#\\\/schema\\\/person\\\/3dc5e921c3302172e0ed4362f96faab7\",\"name\":\"Jo\u00ebl Diawa\",\"image\":{\"@type\":\"ImageObject\",\"inLanguage\":\"fr-FR\",\"@id\":\"https:\\\/\\\/secure.gravatar.com\\\/avatar\\\/729bea6ff4604c624417803c477363be8e3c7186deaa65713313f9b4b820f41c?s=96&d=mm&r=g\",\"url\":\"https:\\\/\\\/secure.gravatar.com\\\/avatar\\\/729bea6ff4604c624417803c477363be8e3c7186deaa65713313f9b4b820f41c?s=96&d=mm&r=g\",\"contentUrl\":\"https:\\\/\\\/secure.gravatar.com\\\/avatar\\\/729bea6ff4604c624417803c477363be8e3c7186deaa65713313f9b4b820f41c?s=96&d=mm&r=g\",\"caption\":\"Jo\u00ebl Diawa\"},\"sameAs\":[\"https:\\\/\\\/www.infos-droitshumains.net\"],\"url\":\"https:\\\/\\\/infos-droitshumains.net\\\/?author=2\"}]}<\/script>\n<!-- \/ Yoast SEO plugin. -->","yoast_head_json":{"title":"Qui est Cyprien Bizau, nouveau Pr\u00e9sident du Tribunal de Commerce de Lubumbashi\u00a0? - Infos Droits Humains","robots":{"index":"index","follow":"follow","max-snippet":"max-snippet:-1","max-image-preview":"max-image-preview:large","max-video-preview":"max-video-preview:-1"},"canonical":"https:\/\/infos-droitshumains.net\/?p=8038","og_locale":"fr_FR","og_type":"article","og_title":"Qui est Cyprien Bizau, nouveau Pr\u00e9sident du Tribunal de Commerce de Lubumbashi\u00a0? - Infos Droits Humains","og_description":"R\u00e9daction :+243817406088 C\u2019est ce samedi 23 septembre 2023 que s\u2019est d\u00e9roul\u00e9e la c\u00e9r\u00e9monie de remise...","og_url":"https:\/\/infos-droitshumains.net\/?p=8038","og_site_name":"Infos Droits Humains","article_published_time":"2023-09-23T21:45:25+00:00","article_modified_time":"2023-09-24T11:40:54+00:00","og_image":[{"width":525,"height":881,"url":"https:\/\/infos-droitshumains.net\/wp-content\/uploads\/2023\/09\/IMG-20230924-WA0020_1.jpg","type":"image\/jpeg"}],"author":"Jo\u00ebl Diawa","twitter_card":"summary_large_image","twitter_misc":{"\u00c9crit par":"Jo\u00ebl Diawa","Dur\u00e9e de lecture estim\u00e9e":"2 minutes"},"schema":{"@context":"https:\/\/schema.org","@graph":[{"@type":"Article","@id":"https:\/\/infos-droitshumains.net\/?p=8038#article","isPartOf":{"@id":"https:\/\/infos-droitshumains.net\/?p=8038"},"author":{"name":"Jo\u00ebl Diawa","@id":"https:\/\/infos-droitshumains.net\/#\/schema\/person\/3dc5e921c3302172e0ed4362f96faab7"},"headline":"Qui est Cyprien Bizau, nouveau Pr\u00e9sident du Tribunal de Commerce de Lubumbashi\u00a0?","datePublished":"2023-09-23T21:45:25+00:00","dateModified":"2023-09-24T11:40:54+00:00","mainEntityOfPage":{"@id":"https:\/\/infos-droitshumains.net\/?p=8038"},"wordCount":382,"commentCount":0,"publisher":{"@id":"https:\/\/infos-droitshumains.net\/#organization"},"image":{"@id":"https:\/\/infos-droitshumains.net\/?p=8038#primaryimage"},"thumbnailUrl":"https:\/\/i0.wp.com\/infos-droitshumains.net\/wp-content\/uploads\/2023\/09\/IMG-20230924-WA0020_1.jpg?fit=525%2C881&ssl=1","articleSection":["Justice"],"inLanguage":"fr-FR","potentialAction":[{"@type":"CommentAction","name":"Comment","target":["https:\/\/infos-droitshumains.net\/?p=8038#respond"]}]},{"@type":"WebPage","@id":"https:\/\/infos-droitshumains.net\/?p=8038","url":"https:\/\/infos-droitshumains.net\/?p=8038","name":"Qui est Cyprien Bizau, nouveau Pr\u00e9sident du Tribunal de Commerce de Lubumbashi\u00a0? - Infos Droits Humains","isPartOf":{"@id":"https:\/\/infos-droitshumains.net\/#website"},"primaryImageOfPage":{"@id":"https:\/\/infos-droitshumains.net\/?p=8038#primaryimage"},"image":{"@id":"https:\/\/infos-droitshumains.net\/?p=8038#primaryimage"},"thumbnailUrl":"https:\/\/i0.wp.com\/infos-droitshumains.net\/wp-content\/uploads\/2023\/09\/IMG-20230924-WA0020_1.jpg?fit=525%2C881&ssl=1","datePublished":"2023-09-23T21:45:25+00:00","dateModified":"2023-09-24T11:40:54+00:00","breadcrumb":{"@id":"https:\/\/infos-droitshumains.net\/?p=8038#breadcrumb"},"inLanguage":"fr-FR","potentialAction":[{"@type":"ReadAction","target":["https:\/\/infos-droitshumains.net\/?p=8038"]}]},{"@type":"ImageObject","inLanguage":"fr-FR","@id":"https:\/\/infos-droitshumains.net\/?p=8038#primaryimage","url":"https:\/\/i0.wp.com\/infos-droitshumains.net\/wp-content\/uploads\/2023\/09\/IMG-20230924-WA0020_1.jpg?fit=525%2C881&ssl=1","contentUrl":"https:\/\/i0.wp.com\/infos-droitshumains.net\/wp-content\/uploads\/2023\/09\/IMG-20230924-WA0020_1.jpg?fit=525%2C881&ssl=1","width":525,"height":881},{"@type":"BreadcrumbList","@id":"https:\/\/infos-droitshumains.net\/?p=8038#breadcrumb","itemListElement":[{"@type":"ListItem","position":1,"name":"Accueil","item":"https:\/\/infos-droitshumains.net\/"},{"@type":"ListItem","position":2,"name":"Qui est Cyprien Bizau, nouveau Pr\u00e9sident du Tribunal de Commerce de Lubumbashi\u00a0?"}]},{"@type":"WebSite","@id":"https:\/\/infos-droitshumains.net\/#website","url":"https:\/\/infos-droitshumains.net\/","name":"Infos Droits Humains","description":"S&#039;informer est un droit","publisher":{"@id":"https:\/\/infos-droitshumains.net\/#organization"},"potentialAction":[{"@type":"SearchAction","target":{"@type":"EntryPoint","urlTemplate":"https:\/\/infos-droitshumains.net\/?s={search_term_string}"},"query-input":{"@type":"PropertyValueSpecification","valueRequired":true,"valueName":"search_term_string"}}],"inLanguage":"fr-FR"},{"@type":"Organization","@id":"https:\/\/infos-droitshumains.net\/#organization","name":"Infos Droits Humains","url":"https:\/\/infos-droitshumains.net\/","logo":{"@type":"ImageObject","inLanguage":"fr-FR","@id":"https:\/\/infos-droitshumains.net\/#\/schema\/logo\/image\/","url":"https:\/\/i0.wp.com\/infos-droitshumains.net\/wp-content\/uploads\/2022\/05\/Logo.png?fit=333%2C129&ssl=1","contentUrl":"https:\/\/i0.wp.com\/infos-droitshumains.net\/wp-content\/uploads\/2022\/05\/Logo.png?fit=333%2C129&ssl=1","width":333,"height":129,"caption":"Infos Droits Humains"},"image":{"@id":"https:\/\/infos-droitshumains.net\/#\/schema\/logo\/image\/"}},{"@type":"Person","@id":"https:\/\/infos-droitshumains.net\/#\/schema\/person\/3dc5e921c3302172e0ed4362f96faab7","name":"Jo\u00ebl Diawa","image":{"@type":"ImageObject","inLanguage":"fr-FR","@id":"https:\/\/secure.gravatar.com\/avatar\/729bea6ff4604c624417803c477363be8e3c7186deaa65713313f9b4b820f41c?s=96&d=mm&r=g","url":"https:\/\/secure.gravatar.com\/avatar\/729bea6ff4604c624417803c477363be8e3c7186deaa65713313f9b4b820f41c?s=96&d=mm&r=g","contentUrl":"https:\/\/secure.gravatar.com\/avatar\/729bea6ff4604c624417803c477363be8e3c7186deaa65713313f9b4b820f41c?s=96&d=mm&r=g","caption":"Jo\u00ebl Diawa"},"sameAs":["https:\/\/www.infos-droitshumains.net"],"url":"https:\/\/infos-droitshumains.net\/?author=2"}]}},"featured_image_urls":{"full":["https:\/\/i0.wp.com\/infos-droitshumains.net\/wp-content\/uploads\/2023\/09\/IMG-20230924-WA0020_1.jpg?fit=525%2C881&ssl=1",525,881,false],"thumbnail":["https:\/\/i0.wp.com\/infos-droitshumains.net\/wp-content\/uploads\/2023\/09\/IMG-20230924-WA0020_1.jpg?resize=150%2C150&ssl=1",150,150,true],"medium":["https:\/\/i0.wp.com\/infos-droitshumains.net\/wp-content\/uploads\/2023\/09\/IMG-20230924-WA0020_1.jpg?fit=179%2C300&ssl=1",179,300,true],"medium_large":["https:\/\/i0.wp.com\/infos-droitshumains.net\/wp-content\/uploads\/2023\/09\/IMG-20230924-WA0020_1.jpg?fit=525%2C881&ssl=1",525,881,true],"large":["https:\/\/i0.wp.com\/infos-droitshumains.net\/wp-content\/uploads\/2023\/09\/IMG-20230924-WA0020_1.jpg?fit=525%2C881&ssl=1",525,881,true],"1536x1536":["https:\/\/i0.wp.com\/infos-droitshumains.net\/wp-content\/uploads\/2023\/09\/IMG-20230924-WA0020_1.jpg?fit=525%2C881&ssl=1",525,881,true],"2048x2048":["https:\/\/i0.wp.com\/infos-droitshumains.net\/wp-content\/uploads\/2023\/09\/IMG-20230924-WA0020_1.jpg?fit=525%2C881&ssl=1",525,881,true],"covernews-slider-full":["https:\/\/i0.wp.com\/infos-droitshumains.net\/wp-content\/uploads\/2023\/09\/IMG-20230924-WA0020_1.jpg?resize=525%2C715&ssl=1",525,715,true],"covernews-slider-center":["https:\/\/i0.wp.com\/infos-droitshumains.net\/wp-content\/uploads\/2023\/09\/IMG-20230924-WA0020_1.jpg?resize=525%2C500&ssl=1",525,500,true],"covernews-featured":["https:\/\/i0.wp.com\/infos-droitshumains.net\/wp-content\/uploads\/2023\/09\/IMG-20230924-WA0020_1.jpg?fit=525%2C881&ssl=1",525,881,true],"covernews-medium":["https:\/\/i0.wp.com\/infos-droitshumains.net\/wp-content\/uploads\/2023\/09\/IMG-20230924-WA0020_1.jpg?resize=525%2C340&ssl=1",525,340,true],"covernews-medium-square":["https:\/\/i0.wp.com\/infos-droitshumains.net\/wp-content\/uploads\/2023\/09\/IMG-20230924-WA0020_1.jpg?resize=400%2C250&ssl=1",400,250,true]},"author_info":{"display_name":"Jo\u00ebl Diawa","author_link":"https:\/\/infos-droitshumains.net\/?author=2"},"category_info":"<a href=\"https:\/\/infos-droitshumains.net\/?cat=6\" rel=\"category\">Justice<\/a>","tag_info":"Justice","comment_count":"0","jetpack_featured_media_url":"https:\/\/i0.wp.com\/infos-droitshumains.net\/wp-content\/uploads\/2023\/09\/IMG-20230924-WA0020_1.jpg?fit=525%2C881&ssl=1","jetpack-related-posts":[],"jetpack_sharing_enabled":true,"_links":{"self":[{"href":"https:\/\/infos-droitshumains.net\/index.php?rest_route=\/wp\/v2\/posts\/8038","targetHints":{"allow":["GET"]}}],"collection":[{"href":"https:\/\/infos-droitshumains.net\/index.php?rest_route=\/wp\/v2\/posts"}],"about":[{"href":"https:\/\/infos-droitshumains.net\/index.php?rest_route=\/wp\/v2\/types\/post"}],"author":[{"embeddable":true,"href":"https:\/\/infos-droitshumains.net\/index.php?rest_route=\/wp\/v2\/users\/2"}],"replies":[{"embeddable":true,"href":"https:\/\/infos-droitshumains.net\/index.php?rest_route=%2Fwp%2Fv2%2Fcomments&post=8038"}],"version-history":[{"count":5,"href":"https:\/\/infos-droitshumains.net\/index.php?rest_route=\/wp\/v2\/posts\/8038\/revisions"}],"predecessor-version":[{"id":8047,"href":"https:\/\/infos-droitshumains.net\/index.php?rest_route=\/wp\/v2\/posts\/8038\/revisions\/8047"}],"wp:featuredmedia":[{"embeddable":true,"href":"https:\/\/infos-droitshumains.net\/index.php?rest_route=\/wp\/v2\/media\/8041"}],"wp:attachment":[{"href":"https:\/\/infos-droitshumains.net\/index.php?rest_route=%2Fwp%2Fv2%2Fmedia&parent=8038"}],"wp:term":[{"taxonomy":"category","embeddable":true,"href":"https:\/\/infos-droitshumains.net\/index.php?rest_route=%2Fwp%2Fv2%2Fcategories&post=8038"},{"taxonomy":"post_tag","embeddable":true,"href":"https:\/\/infos-droitshumains.net\/index.php?rest_route=%2Fwp%2Fv2%2Ftags&post=8038"}],"curies":[{"name":"wp","href":"https:\/\/api.w.org\/{rel}","templated":true}]}}