{"id":803,"date":"2021-09-17T13:58:02","date_gmt":"2021-09-17T11:58:02","guid":{"rendered":"https:\/\/infos-droitshumains.net\/?p=803"},"modified":"2023-04-06T12:11:44","modified_gmt":"2023-04-06T10:11:44","slug":"assemblee-nationale-letat-de-siege-proroge-pour-la-8ieme-fois-daffilee","status":"publish","type":"post","link":"https:\/\/infos-droitshumains.net\/?p=803","title":{"rendered":"Assembl\u00e9e Nationale: l&rsquo;\u00c9tat de si\u00e8ge prorog\u00e9 pour la 8i\u00e9me fois d&rsquo;affil\u00e9e."},"content":{"rendered":"\n<p>280 des 281 d\u00e9put\u00e9s nationaux pr\u00e9sents \u00e0 l&rsquo;h\u00e9micycle ce jeudi 16 septembre ont adopt\u00e9 le projet de loi portant 8i\u00e8me autorisation de la prorogation de l\u2019\u00e9tat de si\u00e8ge sur une partie du territoire national et un seul d\u00e9put\u00e9 a vot\u00e9 contre.<\/p>\n\n\n\n<p>Dans son expos\u00e9, Rose Mutombo Kiese, ministre d\u2019Etat, ministre de la Justice et garde des sceaux qui A port\u00e9 ce projet du gouvernement, a fait savoir que l\u2019\u00e9tat de si\u00e8ge proclam\u00e9 par l\u2019ordonnance n\u00b021\/015 du 3 mai 2021 est \u00e0 son 4i\u00e8me mois.<\/p>\n\n\n\n<p>Au nombre d\u2019acquis de cet \u00e9tat de si\u00e8ge, Rose Mutombo note, que <em>\u00ab\u00a0jusqu&rsquo;en date du 13 septembre, en Ituri, 26 localit\u00e9s conquises des mains des groupes arm\u00e9s, 21 \u00e9l\u00e9ments de ces groupes rendus, 152 personnes lib\u00e9r\u00e9es sur les 189 personnes kidnapp\u00e9es, 49 armes r\u00e9cup\u00e9r\u00e9es, de nombreux bastions et sanctuaires des forces ennemies d\u00e9mantel\u00e9s. Au Nord-Kivu, 37 localit\u00e9s conquises, 2 447 \u00e9l\u00e9ments se sont rendus aux forces loyalistes, 428 armes r\u00e9cup\u00e9r\u00e9es dont 178 lors des op\u00e9rations militaires\u00a0\u00bb.<\/em><\/p>\n\n\n\n<p><em>\u00ab\u00a0Affaiblies, ces forces n\u00e9gatives multiplient des actions de terreur contre lesquelles de nouvelles op\u00e9rations sont en cours\u00a0\u00bb<\/em> a-t-il poursuivi\u00a0\u00bb.<\/p>\n\n\n\n<p>Ainsi, la prorogation de l\u2019\u00e9tat de si\u00e8ge s\u2019av\u00e8re n\u00e9cessaire pour permettre aux forces de d\u00e9fense et de s\u00e9curit\u00e9 de parvenir au r\u00e9tablissement de l\u2019autorit\u00e9 de l\u2019Etat pour qu\u2019enfin les deux provinces retrouvent la paix et la s\u00e9curit\u00e9.<\/p>\n\n\n\n<p>Bien auparavant, la pl\u00e9ni\u00e8re s\u2019\u00e9tait attard\u00e9e sur l\u2019examen et l\u2019adoption du projet de calendrier des travaux de la session ordinaire de septembre 2021 et r\u00e9partition des mati\u00e8res. A ce propos, ce calendrier, du reste ouvert a \u00e9t\u00e9 adopt\u00e9 moyennant amendements et l\u2019ordre des mati\u00e8res est indicatif. Toute proposition en attente des observations du gouvernement de mati\u00e8res doit passer par la pl\u00e9ni\u00e8re, a pr\u00e9cis\u00e9 le pr\u00e9sident de c\u00e9ans.<\/p>\n\n\n\n<p>Ainsi adopt\u00e9, le projet de loi sera transmis au S\u00e9nat pour une seconde lecture.<\/p>\n","protected":false},"excerpt":{"rendered":"<p>280 des 281 d\u00e9put\u00e9s nationaux pr\u00e9sents \u00e0 l&rsquo;h\u00e9micycle ce jeudi 16 septembre ont adopt\u00e9 le&#8230;<\/p>\n","protected":false},"author":2,"featured_media":0,"comment_status":"closed","ping_status":"open","sticky":false,"template":"","format":"standard","meta":{"_jetpack_memberships_contains_paid_content":false,"footnotes":""},"categories":[1],"tags":[],"class_list":["post-803","post","type-post","status-publish","format-standard","hentry","category-non-classe"],"yoast_head":"<!-- This site is optimized with the Yoast SEO plugin v27.5 - https:\/\/yoast.com\/product\/yoast-seo-wordpress\/ -->\n<title>Assembl\u00e9e Nationale: l&#039;\u00c9tat de si\u00e8ge prorog\u00e9 pour la 8i\u00e9me fois d&#039;affil\u00e9e. - Infos Droits Humains<\/title>\n<meta name=\"robots\" content=\"index, follow, max-snippet:-1, max-image-preview:large, max-video-preview:-1\" \/>\n<link rel=\"canonical\" href=\"https:\/\/infos-droitshumains.net\/?p=803\" \/>\n<meta property=\"og:locale\" content=\"fr_FR\" \/>\n<meta property=\"og:type\" content=\"article\" \/>\n<meta property=\"og:title\" content=\"Assembl\u00e9e Nationale: l&#039;\u00c9tat de si\u00e8ge prorog\u00e9 pour la 8i\u00e9me fois d&#039;affil\u00e9e. - Infos Droits Humains\" \/>\n<meta property=\"og:description\" content=\"280 des 281 d\u00e9put\u00e9s nationaux pr\u00e9sents \u00e0 l&rsquo;h\u00e9micycle ce jeudi 16 septembre ont adopt\u00e9 le...\" \/>\n<meta property=\"og:url\" content=\"https:\/\/infos-droitshumains.net\/?p=803\" \/>\n<meta property=\"og:site_name\" content=\"Infos Droits Humains\" \/>\n<meta property=\"article:published_time\" content=\"2021-09-17T11:58:02+00:00\" \/>\n<meta property=\"article:modified_time\" content=\"2023-04-06T10:11:44+00:00\" \/>\n<meta name=\"author\" content=\"Jo\u00ebl Diawa\" \/>\n<meta name=\"twitter:card\" content=\"summary_large_image\" \/>\n<meta name=\"twitter:label1\" content=\"\u00c9crit par\" \/>\n\t<meta name=\"twitter:data1\" content=\"Jo\u00ebl Diawa\" \/>\n\t<meta name=\"twitter:label2\" content=\"Dur\u00e9e de lecture estim\u00e9e\" \/>\n\t<meta name=\"twitter:data2\" content=\"2 minutes\" \/>\n<script type=\"application\/ld+json\" class=\"yoast-schema-graph\">{\"@context\":\"https:\\\/\\\/schema.org\",\"@graph\":[{\"@type\":\"Article\",\"@id\":\"https:\\\/\\\/infos-droitshumains.net\\\/?p=803#article\",\"isPartOf\":{\"@id\":\"https:\\\/\\\/infos-droitshumains.net\\\/?p=803\"},\"author\":{\"name\":\"Jo\u00ebl Diawa\",\"@id\":\"https:\\\/\\\/infos-droitshumains.net\\\/#\\\/schema\\\/person\\\/3dc5e921c3302172e0ed4362f96faab7\"},\"headline\":\"Assembl\u00e9e Nationale: l&rsquo;\u00c9tat de si\u00e8ge prorog\u00e9 pour la 8i\u00e9me fois d&rsquo;affil\u00e9e.\",\"datePublished\":\"2021-09-17T11:58:02+00:00\",\"dateModified\":\"2023-04-06T10:11:44+00:00\",\"mainEntityOfPage\":{\"@id\":\"https:\\\/\\\/infos-droitshumains.net\\\/?p=803\"},\"wordCount\":357,\"publisher\":{\"@id\":\"https:\\\/\\\/infos-droitshumains.net\\\/#organization\"},\"inLanguage\":\"fr-FR\"},{\"@type\":\"WebPage\",\"@id\":\"https:\\\/\\\/infos-droitshumains.net\\\/?p=803\",\"url\":\"https:\\\/\\\/infos-droitshumains.net\\\/?p=803\",\"name\":\"Assembl\u00e9e Nationale: l'\u00c9tat de si\u00e8ge prorog\u00e9 pour la 8i\u00e9me fois d'affil\u00e9e. - Infos Droits Humains\",\"isPartOf\":{\"@id\":\"https:\\\/\\\/infos-droitshumains.net\\\/#website\"},\"datePublished\":\"2021-09-17T11:58:02+00:00\",\"dateModified\":\"2023-04-06T10:11:44+00:00\",\"breadcrumb\":{\"@id\":\"https:\\\/\\\/infos-droitshumains.net\\\/?p=803#breadcrumb\"},\"inLanguage\":\"fr-FR\",\"potentialAction\":[{\"@type\":\"ReadAction\",\"target\":[\"https:\\\/\\\/infos-droitshumains.net\\\/?p=803\"]}]},{\"@type\":\"BreadcrumbList\",\"@id\":\"https:\\\/\\\/infos-droitshumains.net\\\/?p=803#breadcrumb\",\"itemListElement\":[{\"@type\":\"ListItem\",\"position\":1,\"name\":\"Accueil\",\"item\":\"https:\\\/\\\/infos-droitshumains.net\\\/\"},{\"@type\":\"ListItem\",\"position\":2,\"name\":\"Assembl\u00e9e Nationale: l&rsquo;\u00c9tat de si\u00e8ge prorog\u00e9 pour la 8i\u00e9me fois d&rsquo;affil\u00e9e.\"}]},{\"@type\":\"WebSite\",\"@id\":\"https:\\\/\\\/infos-droitshumains.net\\\/#website\",\"url\":\"https:\\\/\\\/infos-droitshumains.net\\\/\",\"name\":\"Infos Droits Humains\",\"description\":\"S&#039;informer est un droit\",\"publisher\":{\"@id\":\"https:\\\/\\\/infos-droitshumains.net\\\/#organization\"},\"potentialAction\":[{\"@type\":\"SearchAction\",\"target\":{\"@type\":\"EntryPoint\",\"urlTemplate\":\"https:\\\/\\\/infos-droitshumains.net\\\/?s={search_term_string}\"},\"query-input\":{\"@type\":\"PropertyValueSpecification\",\"valueRequired\":true,\"valueName\":\"search_term_string\"}}],\"inLanguage\":\"fr-FR\"},{\"@type\":\"Organization\",\"@id\":\"https:\\\/\\\/infos-droitshumains.net\\\/#organization\",\"name\":\"Infos Droits Humains\",\"url\":\"https:\\\/\\\/infos-droitshumains.net\\\/\",\"logo\":{\"@type\":\"ImageObject\",\"inLanguage\":\"fr-FR\",\"@id\":\"https:\\\/\\\/infos-droitshumains.net\\\/#\\\/schema\\\/logo\\\/image\\\/\",\"url\":\"https:\\\/\\\/i0.wp.com\\\/infos-droitshumains.net\\\/wp-content\\\/uploads\\\/2022\\\/05\\\/Logo.png?fit=333%2C129&ssl=1\",\"contentUrl\":\"https:\\\/\\\/i0.wp.com\\\/infos-droitshumains.net\\\/wp-content\\\/uploads\\\/2022\\\/05\\\/Logo.png?fit=333%2C129&ssl=1\",\"width\":333,\"height\":129,\"caption\":\"Infos Droits Humains\"},\"image\":{\"@id\":\"https:\\\/\\\/infos-droitshumains.net\\\/#\\\/schema\\\/logo\\\/image\\\/\"}},{\"@type\":\"Person\",\"@id\":\"https:\\\/\\\/infos-droitshumains.net\\\/#\\\/schema\\\/person\\\/3dc5e921c3302172e0ed4362f96faab7\",\"name\":\"Jo\u00ebl Diawa\",\"image\":{\"@type\":\"ImageObject\",\"inLanguage\":\"fr-FR\",\"@id\":\"https:\\\/\\\/secure.gravatar.com\\\/avatar\\\/729bea6ff4604c624417803c477363be8e3c7186deaa65713313f9b4b820f41c?s=96&d=mm&r=g\",\"url\":\"https:\\\/\\\/secure.gravatar.com\\\/avatar\\\/729bea6ff4604c624417803c477363be8e3c7186deaa65713313f9b4b820f41c?s=96&d=mm&r=g\",\"contentUrl\":\"https:\\\/\\\/secure.gravatar.com\\\/avatar\\\/729bea6ff4604c624417803c477363be8e3c7186deaa65713313f9b4b820f41c?s=96&d=mm&r=g\",\"caption\":\"Jo\u00ebl Diawa\"},\"sameAs\":[\"https:\\\/\\\/www.infos-droitshumains.net\"],\"url\":\"https:\\\/\\\/infos-droitshumains.net\\\/?author=2\"}]}<\/script>\n<!-- \/ Yoast SEO plugin. -->","yoast_head_json":{"title":"Assembl\u00e9e Nationale: l'\u00c9tat de si\u00e8ge prorog\u00e9 pour la 8i\u00e9me fois d'affil\u00e9e. - Infos Droits Humains","robots":{"index":"index","follow":"follow","max-snippet":"max-snippet:-1","max-image-preview":"max-image-preview:large","max-video-preview":"max-video-preview:-1"},"canonical":"https:\/\/infos-droitshumains.net\/?p=803","og_locale":"fr_FR","og_type":"article","og_title":"Assembl\u00e9e Nationale: l'\u00c9tat de si\u00e8ge prorog\u00e9 pour la 8i\u00e9me fois d'affil\u00e9e. - Infos Droits Humains","og_description":"280 des 281 d\u00e9put\u00e9s nationaux pr\u00e9sents \u00e0 l&rsquo;h\u00e9micycle ce jeudi 16 septembre ont adopt\u00e9 le...","og_url":"https:\/\/infos-droitshumains.net\/?p=803","og_site_name":"Infos Droits Humains","article_published_time":"2021-09-17T11:58:02+00:00","article_modified_time":"2023-04-06T10:11:44+00:00","author":"Jo\u00ebl Diawa","twitter_card":"summary_large_image","twitter_misc":{"\u00c9crit par":"Jo\u00ebl Diawa","Dur\u00e9e de lecture estim\u00e9e":"2 minutes"},"schema":{"@context":"https:\/\/schema.org","@graph":[{"@type":"Article","@id":"https:\/\/infos-droitshumains.net\/?p=803#article","isPartOf":{"@id":"https:\/\/infos-droitshumains.net\/?p=803"},"author":{"name":"Jo\u00ebl Diawa","@id":"https:\/\/infos-droitshumains.net\/#\/schema\/person\/3dc5e921c3302172e0ed4362f96faab7"},"headline":"Assembl\u00e9e Nationale: l&rsquo;\u00c9tat de si\u00e8ge prorog\u00e9 pour la 8i\u00e9me fois d&rsquo;affil\u00e9e.","datePublished":"2021-09-17T11:58:02+00:00","dateModified":"2023-04-06T10:11:44+00:00","mainEntityOfPage":{"@id":"https:\/\/infos-droitshumains.net\/?p=803"},"wordCount":357,"publisher":{"@id":"https:\/\/infos-droitshumains.net\/#organization"},"inLanguage":"fr-FR"},{"@type":"WebPage","@id":"https:\/\/infos-droitshumains.net\/?p=803","url":"https:\/\/infos-droitshumains.net\/?p=803","name":"Assembl\u00e9e Nationale: l'\u00c9tat de si\u00e8ge prorog\u00e9 pour la 8i\u00e9me fois d'affil\u00e9e. - Infos Droits Humains","isPartOf":{"@id":"https:\/\/infos-droitshumains.net\/#website"},"datePublished":"2021-09-17T11:58:02+00:00","dateModified":"2023-04-06T10:11:44+00:00","breadcrumb":{"@id":"https:\/\/infos-droitshumains.net\/?p=803#breadcrumb"},"inLanguage":"fr-FR","potentialAction":[{"@type":"ReadAction","target":["https:\/\/infos-droitshumains.net\/?p=803"]}]},{"@type":"BreadcrumbList","@id":"https:\/\/infos-droitshumains.net\/?p=803#breadcrumb","itemListElement":[{"@type":"ListItem","position":1,"name":"Accueil","item":"https:\/\/infos-droitshumains.net\/"},{"@type":"ListItem","position":2,"name":"Assembl\u00e9e Nationale: l&rsquo;\u00c9tat de si\u00e8ge prorog\u00e9 pour la 8i\u00e9me fois d&rsquo;affil\u00e9e."}]},{"@type":"WebSite","@id":"https:\/\/infos-droitshumains.net\/#website","url":"https:\/\/infos-droitshumains.net\/","name":"Infos Droits Humains","description":"S&#039;informer est un droit","publisher":{"@id":"https:\/\/infos-droitshumains.net\/#organization"},"potentialAction":[{"@type":"SearchAction","target":{"@type":"EntryPoint","urlTemplate":"https:\/\/infos-droitshumains.net\/?s={search_term_string}"},"query-input":{"@type":"PropertyValueSpecification","valueRequired":true,"valueName":"search_term_string"}}],"inLanguage":"fr-FR"},{"@type":"Organization","@id":"https:\/\/infos-droitshumains.net\/#organization","name":"Infos Droits Humains","url":"https:\/\/infos-droitshumains.net\/","logo":{"@type":"ImageObject","inLanguage":"fr-FR","@id":"https:\/\/infos-droitshumains.net\/#\/schema\/logo\/image\/","url":"https:\/\/i0.wp.com\/infos-droitshumains.net\/wp-content\/uploads\/2022\/05\/Logo.png?fit=333%2C129&ssl=1","contentUrl":"https:\/\/i0.wp.com\/infos-droitshumains.net\/wp-content\/uploads\/2022\/05\/Logo.png?fit=333%2C129&ssl=1","width":333,"height":129,"caption":"Infos Droits Humains"},"image":{"@id":"https:\/\/infos-droitshumains.net\/#\/schema\/logo\/image\/"}},{"@type":"Person","@id":"https:\/\/infos-droitshumains.net\/#\/schema\/person\/3dc5e921c3302172e0ed4362f96faab7","name":"Jo\u00ebl Diawa","image":{"@type":"ImageObject","inLanguage":"fr-FR","@id":"https:\/\/secure.gravatar.com\/avatar\/729bea6ff4604c624417803c477363be8e3c7186deaa65713313f9b4b820f41c?s=96&d=mm&r=g","url":"https:\/\/secure.gravatar.com\/avatar\/729bea6ff4604c624417803c477363be8e3c7186deaa65713313f9b4b820f41c?s=96&d=mm&r=g","contentUrl":"https:\/\/secure.gravatar.com\/avatar\/729bea6ff4604c624417803c477363be8e3c7186deaa65713313f9b4b820f41c?s=96&d=mm&r=g","caption":"Jo\u00ebl Diawa"},"sameAs":["https:\/\/www.infos-droitshumains.net"],"url":"https:\/\/infos-droitshumains.net\/?author=2"}]}},"featured_image_urls":{"full":"","thumbnail":"","medium":"","medium_large":"","large":"","1536x1536":"","2048x2048":"","covernews-slider-full":"","covernews-slider-center":"","covernews-featured":"","covernews-medium":"","covernews-medium-square":""},"author_info":{"display_name":"Jo\u00ebl Diawa","author_link":"https:\/\/infos-droitshumains.net\/?author=2"},"category_info":"<a href=\"https:\/\/infos-droitshumains.net\/?cat=1\" rel=\"category\">Non class\u00e9<\/a>","tag_info":"Non class\u00e9","comment_count":"0","jetpack_featured_media_url":"","jetpack-related-posts":[],"jetpack_sharing_enabled":true,"_links":{"self":[{"href":"https:\/\/infos-droitshumains.net\/index.php?rest_route=\/wp\/v2\/posts\/803","targetHints":{"allow":["GET"]}}],"collection":[{"href":"https:\/\/infos-droitshumains.net\/index.php?rest_route=\/wp\/v2\/posts"}],"about":[{"href":"https:\/\/infos-droitshumains.net\/index.php?rest_route=\/wp\/v2\/types\/post"}],"author":[{"embeddable":true,"href":"https:\/\/infos-droitshumains.net\/index.php?rest_route=\/wp\/v2\/users\/2"}],"replies":[{"embeddable":true,"href":"https:\/\/infos-droitshumains.net\/index.php?rest_route=%2Fwp%2Fv2%2Fcomments&post=803"}],"version-history":[{"count":1,"href":"https:\/\/infos-droitshumains.net\/index.php?rest_route=\/wp\/v2\/posts\/803\/revisions"}],"predecessor-version":[{"id":807,"href":"https:\/\/infos-droitshumains.net\/index.php?rest_route=\/wp\/v2\/posts\/803\/revisions\/807"}],"wp:attachment":[{"href":"https:\/\/infos-droitshumains.net\/index.php?rest_route=%2Fwp%2Fv2%2Fmedia&parent=803"}],"wp:term":[{"taxonomy":"category","embeddable":true,"href":"https:\/\/infos-droitshumains.net\/index.php?rest_route=%2Fwp%2Fv2%2Fcategories&post=803"},{"taxonomy":"post_tag","embeddable":true,"href":"https:\/\/infos-droitshumains.net\/index.php?rest_route=%2Fwp%2Fv2%2Ftags&post=803"}],"curies":[{"name":"wp","href":"https:\/\/api.w.org\/{rel}","templated":true}]}}