{"id":8024,"date":"2023-09-23T19:59:23","date_gmt":"2023-09-23T17:59:23","guid":{"rendered":"https:\/\/infos-droitshumains.net\/?p=8024"},"modified":"2023-09-23T20:08:35","modified_gmt":"2023-09-23T18:08:35","slug":"cour-dappel-de-kinshasa-gombe-esperance-dia-akir-akir-donne-des-nouvelles-directives-aux-chefs-des-juridictions-de-son-ressort","status":"publish","type":"post","link":"https:\/\/infos-droitshumains.net\/?p=8024","title":{"rendered":"Cour d\u2019Appel de Kinshasa\/Gombe\u00a0: Esp\u00e9rance Dia Akir Akir donne des nouvelles directives aux Chefs des juridictions de son\u00a0 ressort"},"content":{"rendered":"\n<p><strong>R\u00e9daction :+243817406088<\/strong><\/p>\n\n\n\n<h4 class=\"wp-block-heading\">13 jours apr\u00e8s son renouvellement, la Premi\u00e8re Pr\u00e9sidente de la Cour d\u2019Appel de Kinshasa\/Gombe imprime d\u00e9j\u00e0 sa marque dans le sens de la bonne administration de la justice.<\/h4>\n\n\n\n<figure class=\"wp-block-image alignfull size-large\"><img data-recalc-dims=\"1\" fetchpriority=\"high\" decoding=\"async\" width=\"640\" height=\"427\" src=\"https:\/\/i0.wp.com\/infos-droitshumains.net\/wp-content\/uploads\/2023\/09\/IMG-20230923-WA0047.jpg?resize=640%2C427&#038;ssl=1\" alt=\"\" class=\"wp-image-8028\" srcset=\"https:\/\/i0.wp.com\/infos-droitshumains.net\/wp-content\/uploads\/2023\/09\/IMG-20230923-WA0047.jpg?resize=1024%2C683&amp;ssl=1 1024w, https:\/\/i0.wp.com\/infos-droitshumains.net\/wp-content\/uploads\/2023\/09\/IMG-20230923-WA0047.jpg?resize=300%2C200&amp;ssl=1 300w, https:\/\/i0.wp.com\/infos-droitshumains.net\/wp-content\/uploads\/2023\/09\/IMG-20230923-WA0047.jpg?resize=768%2C512&amp;ssl=1 768w, https:\/\/i0.wp.com\/infos-droitshumains.net\/wp-content\/uploads\/2023\/09\/IMG-20230923-WA0047.jpg?w=1044&amp;ssl=1 1044w\" sizes=\"(max-width: 640px) 100vw, 640px\" \/><\/figure>\n\n\n\n<p>C\u2019est dans ce cadre qu\u2019elle a pr\u00e9sid\u00e9 ce vendredi 22 septembre 2023 dans son cabinet de travail, la toute premi\u00e8re r\u00e9union avec tous chefs des juridictions inf\u00e9rieurs du ressort de la Cour d\u2019Appel de Kinshasa\/Gombe entre autre, celui du Tribunal de Grande Instance de Kinshasa\/Gombe, du Tribunal de Grande Instance de Kinshasa\/Kalamu, du Tribunal du travail de Kinshasa\/Gombe, des Tribunaux de paix de Kinshasa Gombe, Ngaliema, Assossa, Pont Kasa-vubu etc&#8230; Cette r\u00e9union fait suite \u00e0 son entretien avec le Premier Pr\u00e9sident de la Cour de Cassation et apr\u00e8s avoir \u00e9chang\u00e9 avec les juges et greffiers de sa juridiction.<\/p>\n\n\n\n<figure class=\"wp-block-image alignfull size-large\"><img data-recalc-dims=\"1\" decoding=\"async\" width=\"640\" height=\"427\" src=\"https:\/\/i0.wp.com\/infos-droitshumains.net\/wp-content\/uploads\/2023\/09\/IMG-20230923-WA0050.jpg?resize=640%2C427&#038;ssl=1\" alt=\"\" class=\"wp-image-8031\" srcset=\"https:\/\/i0.wp.com\/infos-droitshumains.net\/wp-content\/uploads\/2023\/09\/IMG-20230923-WA0050.jpg?resize=1024%2C683&amp;ssl=1 1024w, https:\/\/i0.wp.com\/infos-droitshumains.net\/wp-content\/uploads\/2023\/09\/IMG-20230923-WA0050.jpg?resize=300%2C200&amp;ssl=1 300w, https:\/\/i0.wp.com\/infos-droitshumains.net\/wp-content\/uploads\/2023\/09\/IMG-20230923-WA0050.jpg?resize=768%2C512&amp;ssl=1 768w, https:\/\/i0.wp.com\/infos-droitshumains.net\/wp-content\/uploads\/2023\/09\/IMG-20230923-WA0050.jpg?w=1044&amp;ssl=1 1044w\" sizes=\"(max-width: 640px) 100vw, 640px\" \/><\/figure>\n\n\n\n<p>L\u2019objectif \u00e9tant de donner des orientations aux Chefs de ces juridictions afin &nbsp;<em>\u00ab&nbsp;de r\u00e9pondre aux attentes du chef de l\u2019Etat et de la population congolaise&nbsp;\u00bb<\/em>, Esp\u00e9rance Dia Akir Akir, ensemble avec ses interlocuteurs, ont d\u00e9cid\u00e9 de redorer l\u2019image de l\u2019appareil judiciaire et ont pris des d\u00e9cisions dans le sens de <em>\u00ab&nbsp;lutter contre les antivaleurs&nbsp;\u00bb<\/em>.<\/p>\n\n\n\n<p>Au Cours de cette r\u00e9union, la Premi\u00e8re Pr\u00e9sidente de la Cour d\u2019Appel de Kinshasa\/Gombe a mis l\u2019accent sur \u00ab&nbsp;<em>la discipline<\/em>,<em>&nbsp;le respect de la hi\u00e9rarchique, du respect des d\u00e9lais des prononc\u00e9s des jugements et le respect l\u2019heure du d\u00e9but des audiences&nbsp;\u00bb<\/em>.<\/p>\n\n\n\n<p>Premi\u00e8re femme \u00e0 \u00eatre nomm\u00e9e Premier Pr\u00e9sident d\u2019une Cour d\u2019Appel en R\u00e9publique D\u00e9mocratique du Congo, Esp\u00e9rance Dia Akir Akir a toujours cru que&nbsp; son \u00e9l\u00e9vation prouve l\u2019engagement du Chef de l\u2019Etat \u00e0 promouvoir le genre et l\u2019av\u00e8nement du leadership f\u00e9minin.<\/p>\n\n\n\n<p>Merlin Kamalandua<\/p>\n","protected":false},"excerpt":{"rendered":"<p>R\u00e9daction :+243817406088 13 jours apr\u00e8s son renouvellement, la Premi\u00e8re Pr\u00e9sidente de la Cour d\u2019Appel de&#8230;<\/p>\n","protected":false},"author":2,"featured_media":8026,"comment_status":"open","ping_status":"open","sticky":false,"template":"","format":"standard","meta":{"_jetpack_memberships_contains_paid_content":false,"footnotes":""},"categories":[6],"tags":[],"class_list":["post-8024","post","type-post","status-publish","format-standard","has-post-thumbnail","hentry","category-justice"],"yoast_head":"<!-- This site is optimized with the Yoast SEO plugin v27.5 - https:\/\/yoast.com\/product\/yoast-seo-wordpress\/ -->\n<title>Cour d\u2019Appel de Kinshasa\/Gombe\u00a0: Esp\u00e9rance Dia Akir Akir donne des nouvelles directives aux Chefs des juridictions de son\u00a0 ressort - Infos Droits Humains<\/title>\n<meta name=\"robots\" content=\"index, follow, max-snippet:-1, max-image-preview:large, max-video-preview:-1\" \/>\n<link rel=\"canonical\" href=\"https:\/\/infos-droitshumains.net\/?p=8024\" \/>\n<meta property=\"og:locale\" content=\"fr_FR\" \/>\n<meta property=\"og:type\" content=\"article\" \/>\n<meta property=\"og:title\" content=\"Cour d\u2019Appel de Kinshasa\/Gombe\u00a0: Esp\u00e9rance Dia Akir Akir donne des nouvelles directives aux Chefs des juridictions de son\u00a0 ressort - Infos Droits Humains\" \/>\n<meta property=\"og:description\" content=\"R\u00e9daction :+243817406088 13 jours apr\u00e8s son renouvellement, la Premi\u00e8re Pr\u00e9sidente de la Cour d\u2019Appel de...\" \/>\n<meta property=\"og:url\" content=\"https:\/\/infos-droitshumains.net\/?p=8024\" \/>\n<meta property=\"og:site_name\" content=\"Infos Droits Humains\" \/>\n<meta property=\"article:published_time\" content=\"2023-09-23T17:59:23+00:00\" \/>\n<meta property=\"article:modified_time\" content=\"2023-09-23T18:08:35+00:00\" \/>\n<meta property=\"og:image\" content=\"https:\/\/infos-droitshumains.net\/wp-content\/uploads\/2023\/09\/IMG-20230923-WA0048.jpg\" \/>\n\t<meta property=\"og:image:width\" content=\"1044\" \/>\n\t<meta property=\"og:image:height\" content=\"696\" \/>\n\t<meta property=\"og:image:type\" content=\"image\/jpeg\" \/>\n<meta name=\"author\" content=\"Jo\u00ebl Diawa\" \/>\n<meta name=\"twitter:card\" content=\"summary_large_image\" \/>\n<meta name=\"twitter:label1\" content=\"\u00c9crit par\" \/>\n\t<meta name=\"twitter:data1\" content=\"Jo\u00ebl Diawa\" \/>\n\t<meta name=\"twitter:label2\" content=\"Dur\u00e9e de lecture estim\u00e9e\" \/>\n\t<meta name=\"twitter:data2\" content=\"2 minutes\" \/>\n<script type=\"application\/ld+json\" class=\"yoast-schema-graph\">{\"@context\":\"https:\\\/\\\/schema.org\",\"@graph\":[{\"@type\":\"Article\",\"@id\":\"https:\\\/\\\/infos-droitshumains.net\\\/?p=8024#article\",\"isPartOf\":{\"@id\":\"https:\\\/\\\/infos-droitshumains.net\\\/?p=8024\"},\"author\":{\"name\":\"Jo\u00ebl Diawa\",\"@id\":\"https:\\\/\\\/infos-droitshumains.net\\\/#\\\/schema\\\/person\\\/3dc5e921c3302172e0ed4362f96faab7\"},\"headline\":\"Cour d\u2019Appel de Kinshasa\\\/Gombe\u00a0: Esp\u00e9rance Dia Akir Akir donne des nouvelles directives aux Chefs des juridictions de son\u00a0 ressort\",\"datePublished\":\"2023-09-23T17:59:23+00:00\",\"dateModified\":\"2023-09-23T18:08:35+00:00\",\"mainEntityOfPage\":{\"@id\":\"https:\\\/\\\/infos-droitshumains.net\\\/?p=8024\"},\"wordCount\":343,\"commentCount\":0,\"publisher\":{\"@id\":\"https:\\\/\\\/infos-droitshumains.net\\\/#organization\"},\"image\":{\"@id\":\"https:\\\/\\\/infos-droitshumains.net\\\/?p=8024#primaryimage\"},\"thumbnailUrl\":\"https:\\\/\\\/i0.wp.com\\\/infos-droitshumains.net\\\/wp-content\\\/uploads\\\/2023\\\/09\\\/IMG-20230923-WA0048.jpg?fit=1044%2C696&ssl=1\",\"articleSection\":[\"Justice\"],\"inLanguage\":\"fr-FR\",\"potentialAction\":[{\"@type\":\"CommentAction\",\"name\":\"Comment\",\"target\":[\"https:\\\/\\\/infos-droitshumains.net\\\/?p=8024#respond\"]}]},{\"@type\":\"WebPage\",\"@id\":\"https:\\\/\\\/infos-droitshumains.net\\\/?p=8024\",\"url\":\"https:\\\/\\\/infos-droitshumains.net\\\/?p=8024\",\"name\":\"Cour d\u2019Appel de Kinshasa\\\/Gombe\u00a0: Esp\u00e9rance Dia Akir Akir donne des nouvelles directives aux Chefs des juridictions de son\u00a0 ressort - Infos Droits Humains\",\"isPartOf\":{\"@id\":\"https:\\\/\\\/infos-droitshumains.net\\\/#website\"},\"primaryImageOfPage\":{\"@id\":\"https:\\\/\\\/infos-droitshumains.net\\\/?p=8024#primaryimage\"},\"image\":{\"@id\":\"https:\\\/\\\/infos-droitshumains.net\\\/?p=8024#primaryimage\"},\"thumbnailUrl\":\"https:\\\/\\\/i0.wp.com\\\/infos-droitshumains.net\\\/wp-content\\\/uploads\\\/2023\\\/09\\\/IMG-20230923-WA0048.jpg?fit=1044%2C696&ssl=1\",\"datePublished\":\"2023-09-23T17:59:23+00:00\",\"dateModified\":\"2023-09-23T18:08:35+00:00\",\"breadcrumb\":{\"@id\":\"https:\\\/\\\/infos-droitshumains.net\\\/?p=8024#breadcrumb\"},\"inLanguage\":\"fr-FR\",\"potentialAction\":[{\"@type\":\"ReadAction\",\"target\":[\"https:\\\/\\\/infos-droitshumains.net\\\/?p=8024\"]}]},{\"@type\":\"ImageObject\",\"inLanguage\":\"fr-FR\",\"@id\":\"https:\\\/\\\/infos-droitshumains.net\\\/?p=8024#primaryimage\",\"url\":\"https:\\\/\\\/i0.wp.com\\\/infos-droitshumains.net\\\/wp-content\\\/uploads\\\/2023\\\/09\\\/IMG-20230923-WA0048.jpg?fit=1044%2C696&ssl=1\",\"contentUrl\":\"https:\\\/\\\/i0.wp.com\\\/infos-droitshumains.net\\\/wp-content\\\/uploads\\\/2023\\\/09\\\/IMG-20230923-WA0048.jpg?fit=1044%2C696&ssl=1\",\"width\":1044,\"height\":696},{\"@type\":\"BreadcrumbList\",\"@id\":\"https:\\\/\\\/infos-droitshumains.net\\\/?p=8024#breadcrumb\",\"itemListElement\":[{\"@type\":\"ListItem\",\"position\":1,\"name\":\"Accueil\",\"item\":\"https:\\\/\\\/infos-droitshumains.net\\\/\"},{\"@type\":\"ListItem\",\"position\":2,\"name\":\"Cour d\u2019Appel de Kinshasa\\\/Gombe\u00a0: Esp\u00e9rance Dia Akir Akir donne des nouvelles directives aux Chefs des juridictions de son\u00a0 ressort\"}]},{\"@type\":\"WebSite\",\"@id\":\"https:\\\/\\\/infos-droitshumains.net\\\/#website\",\"url\":\"https:\\\/\\\/infos-droitshumains.net\\\/\",\"name\":\"Infos Droits Humains\",\"description\":\"S&#039;informer est un droit\",\"publisher\":{\"@id\":\"https:\\\/\\\/infos-droitshumains.net\\\/#organization\"},\"potentialAction\":[{\"@type\":\"SearchAction\",\"target\":{\"@type\":\"EntryPoint\",\"urlTemplate\":\"https:\\\/\\\/infos-droitshumains.net\\\/?s={search_term_string}\"},\"query-input\":{\"@type\":\"PropertyValueSpecification\",\"valueRequired\":true,\"valueName\":\"search_term_string\"}}],\"inLanguage\":\"fr-FR\"},{\"@type\":\"Organization\",\"@id\":\"https:\\\/\\\/infos-droitshumains.net\\\/#organization\",\"name\":\"Infos Droits Humains\",\"url\":\"https:\\\/\\\/infos-droitshumains.net\\\/\",\"logo\":{\"@type\":\"ImageObject\",\"inLanguage\":\"fr-FR\",\"@id\":\"https:\\\/\\\/infos-droitshumains.net\\\/#\\\/schema\\\/logo\\\/image\\\/\",\"url\":\"https:\\\/\\\/i0.wp.com\\\/infos-droitshumains.net\\\/wp-content\\\/uploads\\\/2022\\\/05\\\/Logo.png?fit=333%2C129&ssl=1\",\"contentUrl\":\"https:\\\/\\\/i0.wp.com\\\/infos-droitshumains.net\\\/wp-content\\\/uploads\\\/2022\\\/05\\\/Logo.png?fit=333%2C129&ssl=1\",\"width\":333,\"height\":129,\"caption\":\"Infos Droits Humains\"},\"image\":{\"@id\":\"https:\\\/\\\/infos-droitshumains.net\\\/#\\\/schema\\\/logo\\\/image\\\/\"}},{\"@type\":\"Person\",\"@id\":\"https:\\\/\\\/infos-droitshumains.net\\\/#\\\/schema\\\/person\\\/3dc5e921c3302172e0ed4362f96faab7\",\"name\":\"Jo\u00ebl Diawa\",\"image\":{\"@type\":\"ImageObject\",\"inLanguage\":\"fr-FR\",\"@id\":\"https:\\\/\\\/secure.gravatar.com\\\/avatar\\\/729bea6ff4604c624417803c477363be8e3c7186deaa65713313f9b4b820f41c?s=96&d=mm&r=g\",\"url\":\"https:\\\/\\\/secure.gravatar.com\\\/avatar\\\/729bea6ff4604c624417803c477363be8e3c7186deaa65713313f9b4b820f41c?s=96&d=mm&r=g\",\"contentUrl\":\"https:\\\/\\\/secure.gravatar.com\\\/avatar\\\/729bea6ff4604c624417803c477363be8e3c7186deaa65713313f9b4b820f41c?s=96&d=mm&r=g\",\"caption\":\"Jo\u00ebl Diawa\"},\"sameAs\":[\"https:\\\/\\\/www.infos-droitshumains.net\"],\"url\":\"https:\\\/\\\/infos-droitshumains.net\\\/?author=2\"}]}<\/script>\n<!-- \/ Yoast SEO plugin. -->","yoast_head_json":{"title":"Cour d\u2019Appel de Kinshasa\/Gombe\u00a0: Esp\u00e9rance Dia Akir Akir donne des nouvelles directives aux Chefs des juridictions de son\u00a0 ressort - Infos Droits Humains","robots":{"index":"index","follow":"follow","max-snippet":"max-snippet:-1","max-image-preview":"max-image-preview:large","max-video-preview":"max-video-preview:-1"},"canonical":"https:\/\/infos-droitshumains.net\/?p=8024","og_locale":"fr_FR","og_type":"article","og_title":"Cour d\u2019Appel de Kinshasa\/Gombe\u00a0: Esp\u00e9rance Dia Akir Akir donne des nouvelles directives aux Chefs des juridictions de son\u00a0 ressort - Infos Droits Humains","og_description":"R\u00e9daction :+243817406088 13 jours apr\u00e8s son renouvellement, la Premi\u00e8re Pr\u00e9sidente de la Cour d\u2019Appel de...","og_url":"https:\/\/infos-droitshumains.net\/?p=8024","og_site_name":"Infos Droits Humains","article_published_time":"2023-09-23T17:59:23+00:00","article_modified_time":"2023-09-23T18:08:35+00:00","og_image":[{"width":1044,"height":696,"url":"https:\/\/infos-droitshumains.net\/wp-content\/uploads\/2023\/09\/IMG-20230923-WA0048.jpg","type":"image\/jpeg"}],"author":"Jo\u00ebl Diawa","twitter_card":"summary_large_image","twitter_misc":{"\u00c9crit par":"Jo\u00ebl Diawa","Dur\u00e9e de lecture estim\u00e9e":"2 minutes"},"schema":{"@context":"https:\/\/schema.org","@graph":[{"@type":"Article","@id":"https:\/\/infos-droitshumains.net\/?p=8024#article","isPartOf":{"@id":"https:\/\/infos-droitshumains.net\/?p=8024"},"author":{"name":"Jo\u00ebl Diawa","@id":"https:\/\/infos-droitshumains.net\/#\/schema\/person\/3dc5e921c3302172e0ed4362f96faab7"},"headline":"Cour d\u2019Appel de Kinshasa\/Gombe\u00a0: Esp\u00e9rance Dia Akir Akir donne des nouvelles directives aux Chefs des juridictions de son\u00a0 ressort","datePublished":"2023-09-23T17:59:23+00:00","dateModified":"2023-09-23T18:08:35+00:00","mainEntityOfPage":{"@id":"https:\/\/infos-droitshumains.net\/?p=8024"},"wordCount":343,"commentCount":0,"publisher":{"@id":"https:\/\/infos-droitshumains.net\/#organization"},"image":{"@id":"https:\/\/infos-droitshumains.net\/?p=8024#primaryimage"},"thumbnailUrl":"https:\/\/i0.wp.com\/infos-droitshumains.net\/wp-content\/uploads\/2023\/09\/IMG-20230923-WA0048.jpg?fit=1044%2C696&ssl=1","articleSection":["Justice"],"inLanguage":"fr-FR","potentialAction":[{"@type":"CommentAction","name":"Comment","target":["https:\/\/infos-droitshumains.net\/?p=8024#respond"]}]},{"@type":"WebPage","@id":"https:\/\/infos-droitshumains.net\/?p=8024","url":"https:\/\/infos-droitshumains.net\/?p=8024","name":"Cour d\u2019Appel de Kinshasa\/Gombe\u00a0: Esp\u00e9rance Dia Akir Akir donne des nouvelles directives aux Chefs des juridictions de son\u00a0 ressort - Infos Droits Humains","isPartOf":{"@id":"https:\/\/infos-droitshumains.net\/#website"},"primaryImageOfPage":{"@id":"https:\/\/infos-droitshumains.net\/?p=8024#primaryimage"},"image":{"@id":"https:\/\/infos-droitshumains.net\/?p=8024#primaryimage"},"thumbnailUrl":"https:\/\/i0.wp.com\/infos-droitshumains.net\/wp-content\/uploads\/2023\/09\/IMG-20230923-WA0048.jpg?fit=1044%2C696&ssl=1","datePublished":"2023-09-23T17:59:23+00:00","dateModified":"2023-09-23T18:08:35+00:00","breadcrumb":{"@id":"https:\/\/infos-droitshumains.net\/?p=8024#breadcrumb"},"inLanguage":"fr-FR","potentialAction":[{"@type":"ReadAction","target":["https:\/\/infos-droitshumains.net\/?p=8024"]}]},{"@type":"ImageObject","inLanguage":"fr-FR","@id":"https:\/\/infos-droitshumains.net\/?p=8024#primaryimage","url":"https:\/\/i0.wp.com\/infos-droitshumains.net\/wp-content\/uploads\/2023\/09\/IMG-20230923-WA0048.jpg?fit=1044%2C696&ssl=1","contentUrl":"https:\/\/i0.wp.com\/infos-droitshumains.net\/wp-content\/uploads\/2023\/09\/IMG-20230923-WA0048.jpg?fit=1044%2C696&ssl=1","width":1044,"height":696},{"@type":"BreadcrumbList","@id":"https:\/\/infos-droitshumains.net\/?p=8024#breadcrumb","itemListElement":[{"@type":"ListItem","position":1,"name":"Accueil","item":"https:\/\/infos-droitshumains.net\/"},{"@type":"ListItem","position":2,"name":"Cour d\u2019Appel de Kinshasa\/Gombe\u00a0: Esp\u00e9rance Dia Akir Akir donne des nouvelles directives aux Chefs des juridictions de son\u00a0 ressort"}]},{"@type":"WebSite","@id":"https:\/\/infos-droitshumains.net\/#website","url":"https:\/\/infos-droitshumains.net\/","name":"Infos Droits Humains","description":"S&#039;informer est un droit","publisher":{"@id":"https:\/\/infos-droitshumains.net\/#organization"},"potentialAction":[{"@type":"SearchAction","target":{"@type":"EntryPoint","urlTemplate":"https:\/\/infos-droitshumains.net\/?s={search_term_string}"},"query-input":{"@type":"PropertyValueSpecification","valueRequired":true,"valueName":"search_term_string"}}],"inLanguage":"fr-FR"},{"@type":"Organization","@id":"https:\/\/infos-droitshumains.net\/#organization","name":"Infos Droits Humains","url":"https:\/\/infos-droitshumains.net\/","logo":{"@type":"ImageObject","inLanguage":"fr-FR","@id":"https:\/\/infos-droitshumains.net\/#\/schema\/logo\/image\/","url":"https:\/\/i0.wp.com\/infos-droitshumains.net\/wp-content\/uploads\/2022\/05\/Logo.png?fit=333%2C129&ssl=1","contentUrl":"https:\/\/i0.wp.com\/infos-droitshumains.net\/wp-content\/uploads\/2022\/05\/Logo.png?fit=333%2C129&ssl=1","width":333,"height":129,"caption":"Infos Droits Humains"},"image":{"@id":"https:\/\/infos-droitshumains.net\/#\/schema\/logo\/image\/"}},{"@type":"Person","@id":"https:\/\/infos-droitshumains.net\/#\/schema\/person\/3dc5e921c3302172e0ed4362f96faab7","name":"Jo\u00ebl Diawa","image":{"@type":"ImageObject","inLanguage":"fr-FR","@id":"https:\/\/secure.gravatar.com\/avatar\/729bea6ff4604c624417803c477363be8e3c7186deaa65713313f9b4b820f41c?s=96&d=mm&r=g","url":"https:\/\/secure.gravatar.com\/avatar\/729bea6ff4604c624417803c477363be8e3c7186deaa65713313f9b4b820f41c?s=96&d=mm&r=g","contentUrl":"https:\/\/secure.gravatar.com\/avatar\/729bea6ff4604c624417803c477363be8e3c7186deaa65713313f9b4b820f41c?s=96&d=mm&r=g","caption":"Jo\u00ebl Diawa"},"sameAs":["https:\/\/www.infos-droitshumains.net"],"url":"https:\/\/infos-droitshumains.net\/?author=2"}]}},"featured_image_urls":{"full":["https:\/\/i0.wp.com\/infos-droitshumains.net\/wp-content\/uploads\/2023\/09\/IMG-20230923-WA0048.jpg?fit=1044%2C696&ssl=1",1044,696,false],"thumbnail":["https:\/\/i0.wp.com\/infos-droitshumains.net\/wp-content\/uploads\/2023\/09\/IMG-20230923-WA0048.jpg?resize=150%2C150&ssl=1",150,150,true],"medium":["https:\/\/i0.wp.com\/infos-droitshumains.net\/wp-content\/uploads\/2023\/09\/IMG-20230923-WA0048.jpg?fit=300%2C200&ssl=1",300,200,true],"medium_large":["https:\/\/i0.wp.com\/infos-droitshumains.net\/wp-content\/uploads\/2023\/09\/IMG-20230923-WA0048.jpg?fit=640%2C427&ssl=1",640,427,true],"large":["https:\/\/i0.wp.com\/infos-droitshumains.net\/wp-content\/uploads\/2023\/09\/IMG-20230923-WA0048.jpg?fit=640%2C427&ssl=1",640,427,true],"1536x1536":["https:\/\/i0.wp.com\/infos-droitshumains.net\/wp-content\/uploads\/2023\/09\/IMG-20230923-WA0048.jpg?fit=1044%2C696&ssl=1",1044,696,true],"2048x2048":["https:\/\/i0.wp.com\/infos-droitshumains.net\/wp-content\/uploads\/2023\/09\/IMG-20230923-WA0048.jpg?fit=1044%2C696&ssl=1",1044,696,true],"covernews-slider-full":["https:\/\/i0.wp.com\/infos-droitshumains.net\/wp-content\/uploads\/2023\/09\/IMG-20230923-WA0048.jpg?resize=1044%2C696&ssl=1",1044,696,true],"covernews-slider-center":["https:\/\/i0.wp.com\/infos-droitshumains.net\/wp-content\/uploads\/2023\/09\/IMG-20230923-WA0048.jpg?resize=800%2C500&ssl=1",800,500,true],"covernews-featured":["https:\/\/i0.wp.com\/infos-droitshumains.net\/wp-content\/uploads\/2023\/09\/IMG-20230923-WA0048.jpg?fit=1024%2C683&ssl=1",1024,683,true],"covernews-medium":["https:\/\/i0.wp.com\/infos-droitshumains.net\/wp-content\/uploads\/2023\/09\/IMG-20230923-WA0048.jpg?resize=540%2C340&ssl=1",540,340,true],"covernews-medium-square":["https:\/\/i0.wp.com\/infos-droitshumains.net\/wp-content\/uploads\/2023\/09\/IMG-20230923-WA0048.jpg?resize=400%2C250&ssl=1",400,250,true]},"author_info":{"display_name":"Jo\u00ebl Diawa","author_link":"https:\/\/infos-droitshumains.net\/?author=2"},"category_info":"<a href=\"https:\/\/infos-droitshumains.net\/?cat=6\" rel=\"category\">Justice<\/a>","tag_info":"Justice","comment_count":"0","jetpack_featured_media_url":"https:\/\/i0.wp.com\/infos-droitshumains.net\/wp-content\/uploads\/2023\/09\/IMG-20230923-WA0048.jpg?fit=1044%2C696&ssl=1","jetpack-related-posts":[],"jetpack_sharing_enabled":true,"_links":{"self":[{"href":"https:\/\/infos-droitshumains.net\/index.php?rest_route=\/wp\/v2\/posts\/8024","targetHints":{"allow":["GET"]}}],"collection":[{"href":"https:\/\/infos-droitshumains.net\/index.php?rest_route=\/wp\/v2\/posts"}],"about":[{"href":"https:\/\/infos-droitshumains.net\/index.php?rest_route=\/wp\/v2\/types\/post"}],"author":[{"embeddable":true,"href":"https:\/\/infos-droitshumains.net\/index.php?rest_route=\/wp\/v2\/users\/2"}],"replies":[{"embeddable":true,"href":"https:\/\/infos-droitshumains.net\/index.php?rest_route=%2Fwp%2Fv2%2Fcomments&post=8024"}],"version-history":[{"count":6,"href":"https:\/\/infos-droitshumains.net\/index.php?rest_route=\/wp\/v2\/posts\/8024\/revisions"}],"predecessor-version":[{"id":8049,"href":"https:\/\/infos-droitshumains.net\/index.php?rest_route=\/wp\/v2\/posts\/8024\/revisions\/8049"}],"wp:featuredmedia":[{"embeddable":true,"href":"https:\/\/infos-droitshumains.net\/index.php?rest_route=\/wp\/v2\/media\/8026"}],"wp:attachment":[{"href":"https:\/\/infos-droitshumains.net\/index.php?rest_route=%2Fwp%2Fv2%2Fmedia&parent=8024"}],"wp:term":[{"taxonomy":"category","embeddable":true,"href":"https:\/\/infos-droitshumains.net\/index.php?rest_route=%2Fwp%2Fv2%2Fcategories&post=8024"},{"taxonomy":"post_tag","embeddable":true,"href":"https:\/\/infos-droitshumains.net\/index.php?rest_route=%2Fwp%2Fv2%2Ftags&post=8024"}],"curies":[{"name":"wp","href":"https:\/\/api.w.org\/{rel}","templated":true}]}}