{"id":8011,"date":"2023-09-23T10:45:58","date_gmt":"2023-09-23T08:45:58","guid":{"rendered":"https:\/\/infos-droitshumains.net\/?p=8011"},"modified":"2023-09-23T10:57:44","modified_gmt":"2023-09-23T08:57:44","slug":"rdc-eric-kuku-kiese-invite-les-congolais-a-sinteresser-sur-la-question-de-la-traite-des-personnes-afin-de-rendre-la-lutte-plus-efficace","status":"publish","type":"post","link":"https:\/\/infos-droitshumains.net\/?p=8011","title":{"rendered":"RDC\u00a0: Eric Kuku Kiese invite les congolais \u00e0 s\u2019int\u00e9resser sur la question de la traite des personnes afin de rendre la lutte plus efficace"},"content":{"rendered":"\n<p><strong>R\u00e9daction :+243817406088<\/strong><\/p>\n\n\n\n<h4 class=\"wp-block-heading has-vivid-red-color has-text-color\">La coordination en charge de la jeunesse, lutte contre les violences faite \u00e0 la femme et traite des personnes a tenu ce vendredi 22 septembre \u00e0 Kinshasa, sa r\u00e9union mensuelle de la commission technique des experts pr\u00e9sid\u00e9e par son coordonnateur adjoint Eric Kuku Kiese Nzal\u2019A Bar.<\/h4>\n\n\n\n<figure class=\"wp-block-image size-large is-resized\"><img data-recalc-dims=\"1\" fetchpriority=\"high\" decoding=\"async\" src=\"https:\/\/i0.wp.com\/infos-droitshumains.net\/wp-content\/uploads\/2023\/09\/IMG-20230922-WA0054.jpg?resize=354%2C236&#038;ssl=1\" alt=\"\" class=\"wp-image-8016\" style=\"width:354px;height:236px\" width=\"354\" height=\"236\" srcset=\"https:\/\/i0.wp.com\/infos-droitshumains.net\/wp-content\/uploads\/2023\/09\/IMG-20230922-WA0054.jpg?resize=1024%2C683&amp;ssl=1 1024w, https:\/\/i0.wp.com\/infos-droitshumains.net\/wp-content\/uploads\/2023\/09\/IMG-20230922-WA0054.jpg?resize=300%2C200&amp;ssl=1 300w, https:\/\/i0.wp.com\/infos-droitshumains.net\/wp-content\/uploads\/2023\/09\/IMG-20230922-WA0054.jpg?resize=768%2C512&amp;ssl=1 768w, https:\/\/i0.wp.com\/infos-droitshumains.net\/wp-content\/uploads\/2023\/09\/IMG-20230922-WA0054.jpg?w=1080&amp;ssl=1 1080w\" sizes=\"(max-width: 354px) 100vw, 354px\" \/><\/figure>\n\n\n\n<p>Les experts des diff\u00e9rents minist\u00e8res, services publics et partenaires ext\u00e9rieurs, chacun dans leur secteur d\u2019intervention, ont au cours de cette r\u00e9union, fait l\u2019\u00e9tat de lieu de la situation de la traite de personne, une situation globalement satisfaisante\u00a0; les participants ont estim\u00e9 que sur le plan de la pr\u00e9vention, il y a des activit\u00e9s qu\u2019il faudra organiser notamment pour <em>\u00ab\u00a0renforcer les capacit\u00e9s des experts afin que tous aient le m\u00eame langage lorsqu\u2019ils ont \u00e0 intervenir dans le domaine de la traite afin et que ceux qui \u00e9margent de leurs services puissent comprendre c\u2019est quoi la question de la traite et qu\u2019ils interviennent avec efficacit\u00e9\u00a0\u00bb<\/em>.<\/p>\n\n\n\n<figure class=\"wp-block-image size-large\"><img data-recalc-dims=\"1\" decoding=\"async\" width=\"640\" height=\"427\" src=\"https:\/\/i0.wp.com\/infos-droitshumains.net\/wp-content\/uploads\/2023\/09\/IMG-20230922-WA0053.jpg?resize=640%2C427&#038;ssl=1\" alt=\"\" class=\"wp-image-8019\" srcset=\"https:\/\/i0.wp.com\/infos-droitshumains.net\/wp-content\/uploads\/2023\/09\/IMG-20230922-WA0053.jpg?resize=1024%2C683&amp;ssl=1 1024w, https:\/\/i0.wp.com\/infos-droitshumains.net\/wp-content\/uploads\/2023\/09\/IMG-20230922-WA0053.jpg?resize=300%2C200&amp;ssl=1 300w, https:\/\/i0.wp.com\/infos-droitshumains.net\/wp-content\/uploads\/2023\/09\/IMG-20230922-WA0053.jpg?resize=768%2C512&amp;ssl=1 768w, https:\/\/i0.wp.com\/infos-droitshumains.net\/wp-content\/uploads\/2023\/09\/IMG-20230922-WA0053.jpg?w=1080&amp;ssl=1 1080w\" sizes=\"(max-width: 640px) 100vw, 640px\" \/><\/figure>\n\n\n\n<p><em>\u00ab&nbsp;Le besoin que nous avons manifest\u00e9 dans la rencontre de ce jour, c\u2019est de pouvoir intensifier cette vulgarisation, de l\u2019int\u00e9grer dans le mental des congolais&nbsp;\u00bb<\/em>, a dit Eric Kuku Kiese qui en a de ce fait, appel\u00e9 \u00e0 l\u2019implication de tous les congolais pour combattre ce fl\u00e9au&nbsp;:<\/p>\n\n\n\n<p><em>\u00ab\u2026Que les congolais, surtout ceux qui sont financi\u00e8rement forts puissent, comme les font nos partenaires externes, s\u2019int\u00e9resser sur cette question de la traite des personnes parce que \u00e7a touche \u00e0 la dignit\u00e9 humaine. La traite des personnes donne lieu \u00e0 l\u2019exploitation de l\u2019homme, la vente des organes, mendicit\u00e9 forc\u00e9e, prostitution forc\u00e9e\u00a0; mais pour combattre ce fl\u00e9au au niveau de la RDC, il faudrait que les congolais s\u2019int\u00e9ressent en primeur \u00e0 cette question et interviennent \u00a0m\u00eame en partenariat avec la coordination pour pr\u00e9venir ce crime odieux sur le plan international et obtenir \u00e0 ce que les auteurs soient d\u00e9nonc\u00e9s, poursuivis et s\u00e9v\u00e8rement condamn\u00e9s\u00a0\u00bb<\/em>, a rench\u00e9rit le coordonnateur adjoint de la coordination en charge de la jeunesse, violences faites \u00e0 la femme et traite des personnes pour qui, il ne faut pas\u00a0 <em>\u00ab\u00a0tout attendre des partenaires externes\u00a0\u00bb.<\/em><\/p>\n\n\n\n<figure class=\"wp-block-image size-large\"><img data-recalc-dims=\"1\" decoding=\"async\" width=\"640\" height=\"960\" src=\"https:\/\/i0.wp.com\/infos-droitshumains.net\/wp-content\/uploads\/2023\/09\/IMG-20230923-WA0000.jpg?resize=640%2C960&#038;ssl=1\" alt=\"\" class=\"wp-image-8020\" srcset=\"https:\/\/i0.wp.com\/infos-droitshumains.net\/wp-content\/uploads\/2023\/09\/IMG-20230923-WA0000.jpg?resize=683%2C1024&amp;ssl=1 683w, https:\/\/i0.wp.com\/infos-droitshumains.net\/wp-content\/uploads\/2023\/09\/IMG-20230923-WA0000.jpg?resize=200%2C300&amp;ssl=1 200w, https:\/\/i0.wp.com\/infos-droitshumains.net\/wp-content\/uploads\/2023\/09\/IMG-20230923-WA0000.jpg?w=720&amp;ssl=1 720w\" sizes=\"(max-width: 640px) 100vw, 640px\" \/><\/figure>\n\n\n\n<p>Outre l\u2019\u00e9tat de lieu de la situation, les experts ont \u00e9galement formul\u00e9 quelques propositions, suggestions et r\u00e9solutions \u00e0 l\u2019endroit de la coordination. Eric Kuku Kiese a rassur\u00e9 qu\u2019elles seront <em>\u00ab&nbsp;moul\u00e9es dans les priorit\u00e9s en mati\u00e8re de traite des personnes afin de savoir comment pouvoir les \u00e9chelonn\u00e9s afin de rencontrer chacune et de pouvoir y r\u00e9pondre&nbsp;\u00bb<\/em>.<\/p>\n\n\n\n<p><em>\u00ab&nbsp;Ce sont des questions que nous s moulerons et ce qui est substantielle et qui demandera l\u2019intervention de la plus haute autorit\u00e9 qui nous a engag\u00e9, j\u2019ai cit\u00e9 son excellence Monsieur le Pr\u00e9sident de la R\u00e9publique, nous ne manquerons pas si possible, de lui adresser, si possible, une feuille de route afin que de mani\u00e8re prioritaire, les interventions qu\u2019il a toujours voulu par la cr\u00e9ation de cette coordination, soient les plus efficaces possibles&nbsp;\u00bb<\/em>, a-t-il promis.<\/p>\n\n\n\n<p>Avec toutes ces propositions de la commission technique des experts, le Chef de l\u2019Etat aura &nbsp;certainement toute l\u2019intelligence qu\u2019il faut sur la question de la traite et pourra utilement prendre des mesures appropri\u00e9es pour rendre beaucoup plus efficace la pr\u00e9vention et la r\u00e9pression. &nbsp;<\/p>\n\n\n\n<p>Jo\u00ebl Diawa<\/p>\n","protected":false},"excerpt":{"rendered":"<p>R\u00e9daction :+243817406088 La coordination en charge de la jeunesse, lutte contre les violences faite \u00e0&#8230;<\/p>\n","protected":false},"author":2,"featured_media":8015,"comment_status":"open","ping_status":"open","sticky":false,"template":"","format":"standard","meta":{"_jetpack_memberships_contains_paid_content":false,"footnotes":""},"categories":[7],"tags":[],"class_list":["post-8011","post","type-post","status-publish","format-standard","has-post-thumbnail","hentry","category-droits-humains"],"yoast_head":"<!-- This site is optimized with the Yoast SEO plugin v27.5 - https:\/\/yoast.com\/product\/yoast-seo-wordpress\/ -->\n<title>RDC\u00a0: Eric Kuku Kiese invite les congolais \u00e0 s\u2019int\u00e9resser sur la question de la traite des personnes afin de rendre la lutte plus efficace - Infos Droits Humains<\/title>\n<meta name=\"robots\" content=\"index, follow, max-snippet:-1, max-image-preview:large, max-video-preview:-1\" \/>\n<link rel=\"canonical\" href=\"https:\/\/infos-droitshumains.net\/?p=8011\" \/>\n<meta property=\"og:locale\" content=\"fr_FR\" \/>\n<meta property=\"og:type\" content=\"article\" \/>\n<meta property=\"og:title\" content=\"RDC\u00a0: Eric Kuku Kiese invite les congolais \u00e0 s\u2019int\u00e9resser sur la question de la traite des personnes afin de rendre la lutte plus efficace - Infos Droits Humains\" \/>\n<meta property=\"og:description\" content=\"R\u00e9daction :+243817406088 La coordination en charge de la jeunesse, lutte contre les violences faite \u00e0...\" \/>\n<meta property=\"og:url\" content=\"https:\/\/infos-droitshumains.net\/?p=8011\" \/>\n<meta property=\"og:site_name\" content=\"Infos Droits Humains\" \/>\n<meta property=\"article:published_time\" content=\"2023-09-23T08:45:58+00:00\" \/>\n<meta property=\"article:modified_time\" content=\"2023-09-23T08:57:44+00:00\" \/>\n<meta property=\"og:image\" content=\"https:\/\/infos-droitshumains.net\/wp-content\/uploads\/2023\/09\/IMG-20230922-WA0055_1.jpg\" \/>\n\t<meta property=\"og:image:width\" content=\"720\" \/>\n\t<meta property=\"og:image:height\" content=\"700\" \/>\n\t<meta property=\"og:image:type\" content=\"image\/jpeg\" \/>\n<meta name=\"author\" content=\"Jo\u00ebl Diawa\" \/>\n<meta name=\"twitter:card\" content=\"summary_large_image\" \/>\n<meta name=\"twitter:label1\" content=\"\u00c9crit par\" \/>\n\t<meta name=\"twitter:data1\" content=\"Jo\u00ebl Diawa\" \/>\n\t<meta name=\"twitter:label2\" content=\"Dur\u00e9e de lecture estim\u00e9e\" \/>\n\t<meta name=\"twitter:data2\" content=\"4 minutes\" \/>\n<script type=\"application\/ld+json\" class=\"yoast-schema-graph\">{\"@context\":\"https:\\\/\\\/schema.org\",\"@graph\":[{\"@type\":\"Article\",\"@id\":\"https:\\\/\\\/infos-droitshumains.net\\\/?p=8011#article\",\"isPartOf\":{\"@id\":\"https:\\\/\\\/infos-droitshumains.net\\\/?p=8011\"},\"author\":{\"name\":\"Jo\u00ebl Diawa\",\"@id\":\"https:\\\/\\\/infos-droitshumains.net\\\/#\\\/schema\\\/person\\\/3dc5e921c3302172e0ed4362f96faab7\"},\"headline\":\"RDC\u00a0: Eric Kuku Kiese invite les congolais \u00e0 s\u2019int\u00e9resser sur la question de la traite des personnes afin de rendre la lutte plus efficace\",\"datePublished\":\"2023-09-23T08:45:58+00:00\",\"dateModified\":\"2023-09-23T08:57:44+00:00\",\"mainEntityOfPage\":{\"@id\":\"https:\\\/\\\/infos-droitshumains.net\\\/?p=8011\"},\"wordCount\":595,\"commentCount\":0,\"publisher\":{\"@id\":\"https:\\\/\\\/infos-droitshumains.net\\\/#organization\"},\"image\":{\"@id\":\"https:\\\/\\\/infos-droitshumains.net\\\/?p=8011#primaryimage\"},\"thumbnailUrl\":\"https:\\\/\\\/i0.wp.com\\\/infos-droitshumains.net\\\/wp-content\\\/uploads\\\/2023\\\/09\\\/IMG-20230922-WA0055_1.jpg?fit=720%2C700&ssl=1\",\"articleSection\":[\"Droits Humains\"],\"inLanguage\":\"fr-FR\",\"potentialAction\":[{\"@type\":\"CommentAction\",\"name\":\"Comment\",\"target\":[\"https:\\\/\\\/infos-droitshumains.net\\\/?p=8011#respond\"]}]},{\"@type\":\"WebPage\",\"@id\":\"https:\\\/\\\/infos-droitshumains.net\\\/?p=8011\",\"url\":\"https:\\\/\\\/infos-droitshumains.net\\\/?p=8011\",\"name\":\"RDC\u00a0: Eric Kuku Kiese invite les congolais \u00e0 s\u2019int\u00e9resser sur la question de la traite des personnes afin de rendre la lutte plus efficace - Infos Droits Humains\",\"isPartOf\":{\"@id\":\"https:\\\/\\\/infos-droitshumains.net\\\/#website\"},\"primaryImageOfPage\":{\"@id\":\"https:\\\/\\\/infos-droitshumains.net\\\/?p=8011#primaryimage\"},\"image\":{\"@id\":\"https:\\\/\\\/infos-droitshumains.net\\\/?p=8011#primaryimage\"},\"thumbnailUrl\":\"https:\\\/\\\/i0.wp.com\\\/infos-droitshumains.net\\\/wp-content\\\/uploads\\\/2023\\\/09\\\/IMG-20230922-WA0055_1.jpg?fit=720%2C700&ssl=1\",\"datePublished\":\"2023-09-23T08:45:58+00:00\",\"dateModified\":\"2023-09-23T08:57:44+00:00\",\"breadcrumb\":{\"@id\":\"https:\\\/\\\/infos-droitshumains.net\\\/?p=8011#breadcrumb\"},\"inLanguage\":\"fr-FR\",\"potentialAction\":[{\"@type\":\"ReadAction\",\"target\":[\"https:\\\/\\\/infos-droitshumains.net\\\/?p=8011\"]}]},{\"@type\":\"ImageObject\",\"inLanguage\":\"fr-FR\",\"@id\":\"https:\\\/\\\/infos-droitshumains.net\\\/?p=8011#primaryimage\",\"url\":\"https:\\\/\\\/i0.wp.com\\\/infos-droitshumains.net\\\/wp-content\\\/uploads\\\/2023\\\/09\\\/IMG-20230922-WA0055_1.jpg?fit=720%2C700&ssl=1\",\"contentUrl\":\"https:\\\/\\\/i0.wp.com\\\/infos-droitshumains.net\\\/wp-content\\\/uploads\\\/2023\\\/09\\\/IMG-20230922-WA0055_1.jpg?fit=720%2C700&ssl=1\",\"width\":720,\"height\":700},{\"@type\":\"BreadcrumbList\",\"@id\":\"https:\\\/\\\/infos-droitshumains.net\\\/?p=8011#breadcrumb\",\"itemListElement\":[{\"@type\":\"ListItem\",\"position\":1,\"name\":\"Accueil\",\"item\":\"https:\\\/\\\/infos-droitshumains.net\\\/\"},{\"@type\":\"ListItem\",\"position\":2,\"name\":\"RDC\u00a0: Eric Kuku Kiese invite les congolais \u00e0 s\u2019int\u00e9resser sur la question de la traite des personnes afin de rendre la lutte plus efficace\"}]},{\"@type\":\"WebSite\",\"@id\":\"https:\\\/\\\/infos-droitshumains.net\\\/#website\",\"url\":\"https:\\\/\\\/infos-droitshumains.net\\\/\",\"name\":\"Infos Droits Humains\",\"description\":\"S&#039;informer est un droit\",\"publisher\":{\"@id\":\"https:\\\/\\\/infos-droitshumains.net\\\/#organization\"},\"potentialAction\":[{\"@type\":\"SearchAction\",\"target\":{\"@type\":\"EntryPoint\",\"urlTemplate\":\"https:\\\/\\\/infos-droitshumains.net\\\/?s={search_term_string}\"},\"query-input\":{\"@type\":\"PropertyValueSpecification\",\"valueRequired\":true,\"valueName\":\"search_term_string\"}}],\"inLanguage\":\"fr-FR\"},{\"@type\":\"Organization\",\"@id\":\"https:\\\/\\\/infos-droitshumains.net\\\/#organization\",\"name\":\"Infos Droits Humains\",\"url\":\"https:\\\/\\\/infos-droitshumains.net\\\/\",\"logo\":{\"@type\":\"ImageObject\",\"inLanguage\":\"fr-FR\",\"@id\":\"https:\\\/\\\/infos-droitshumains.net\\\/#\\\/schema\\\/logo\\\/image\\\/\",\"url\":\"https:\\\/\\\/i0.wp.com\\\/infos-droitshumains.net\\\/wp-content\\\/uploads\\\/2022\\\/05\\\/Logo.png?fit=333%2C129&ssl=1\",\"contentUrl\":\"https:\\\/\\\/i0.wp.com\\\/infos-droitshumains.net\\\/wp-content\\\/uploads\\\/2022\\\/05\\\/Logo.png?fit=333%2C129&ssl=1\",\"width\":333,\"height\":129,\"caption\":\"Infos Droits Humains\"},\"image\":{\"@id\":\"https:\\\/\\\/infos-droitshumains.net\\\/#\\\/schema\\\/logo\\\/image\\\/\"}},{\"@type\":\"Person\",\"@id\":\"https:\\\/\\\/infos-droitshumains.net\\\/#\\\/schema\\\/person\\\/3dc5e921c3302172e0ed4362f96faab7\",\"name\":\"Jo\u00ebl Diawa\",\"image\":{\"@type\":\"ImageObject\",\"inLanguage\":\"fr-FR\",\"@id\":\"https:\\\/\\\/secure.gravatar.com\\\/avatar\\\/729bea6ff4604c624417803c477363be8e3c7186deaa65713313f9b4b820f41c?s=96&d=mm&r=g\",\"url\":\"https:\\\/\\\/secure.gravatar.com\\\/avatar\\\/729bea6ff4604c624417803c477363be8e3c7186deaa65713313f9b4b820f41c?s=96&d=mm&r=g\",\"contentUrl\":\"https:\\\/\\\/secure.gravatar.com\\\/avatar\\\/729bea6ff4604c624417803c477363be8e3c7186deaa65713313f9b4b820f41c?s=96&d=mm&r=g\",\"caption\":\"Jo\u00ebl Diawa\"},\"sameAs\":[\"https:\\\/\\\/www.infos-droitshumains.net\"],\"url\":\"https:\\\/\\\/infos-droitshumains.net\\\/?author=2\"}]}<\/script>\n<!-- \/ Yoast SEO plugin. -->","yoast_head_json":{"title":"RDC\u00a0: Eric Kuku Kiese invite les congolais \u00e0 s\u2019int\u00e9resser sur la question de la traite des personnes afin de rendre la lutte plus efficace - Infos Droits Humains","robots":{"index":"index","follow":"follow","max-snippet":"max-snippet:-1","max-image-preview":"max-image-preview:large","max-video-preview":"max-video-preview:-1"},"canonical":"https:\/\/infos-droitshumains.net\/?p=8011","og_locale":"fr_FR","og_type":"article","og_title":"RDC\u00a0: Eric Kuku Kiese invite les congolais \u00e0 s\u2019int\u00e9resser sur la question de la traite des personnes afin de rendre la lutte plus efficace - Infos Droits Humains","og_description":"R\u00e9daction :+243817406088 La coordination en charge de la jeunesse, lutte contre les violences faite \u00e0...","og_url":"https:\/\/infos-droitshumains.net\/?p=8011","og_site_name":"Infos Droits Humains","article_published_time":"2023-09-23T08:45:58+00:00","article_modified_time":"2023-09-23T08:57:44+00:00","og_image":[{"width":720,"height":700,"url":"https:\/\/infos-droitshumains.net\/wp-content\/uploads\/2023\/09\/IMG-20230922-WA0055_1.jpg","type":"image\/jpeg"}],"author":"Jo\u00ebl Diawa","twitter_card":"summary_large_image","twitter_misc":{"\u00c9crit par":"Jo\u00ebl Diawa","Dur\u00e9e de lecture estim\u00e9e":"4 minutes"},"schema":{"@context":"https:\/\/schema.org","@graph":[{"@type":"Article","@id":"https:\/\/infos-droitshumains.net\/?p=8011#article","isPartOf":{"@id":"https:\/\/infos-droitshumains.net\/?p=8011"},"author":{"name":"Jo\u00ebl Diawa","@id":"https:\/\/infos-droitshumains.net\/#\/schema\/person\/3dc5e921c3302172e0ed4362f96faab7"},"headline":"RDC\u00a0: Eric Kuku Kiese invite les congolais \u00e0 s\u2019int\u00e9resser sur la question de la traite des personnes afin de rendre la lutte plus efficace","datePublished":"2023-09-23T08:45:58+00:00","dateModified":"2023-09-23T08:57:44+00:00","mainEntityOfPage":{"@id":"https:\/\/infos-droitshumains.net\/?p=8011"},"wordCount":595,"commentCount":0,"publisher":{"@id":"https:\/\/infos-droitshumains.net\/#organization"},"image":{"@id":"https:\/\/infos-droitshumains.net\/?p=8011#primaryimage"},"thumbnailUrl":"https:\/\/i0.wp.com\/infos-droitshumains.net\/wp-content\/uploads\/2023\/09\/IMG-20230922-WA0055_1.jpg?fit=720%2C700&ssl=1","articleSection":["Droits Humains"],"inLanguage":"fr-FR","potentialAction":[{"@type":"CommentAction","name":"Comment","target":["https:\/\/infos-droitshumains.net\/?p=8011#respond"]}]},{"@type":"WebPage","@id":"https:\/\/infos-droitshumains.net\/?p=8011","url":"https:\/\/infos-droitshumains.net\/?p=8011","name":"RDC\u00a0: Eric Kuku Kiese invite les congolais \u00e0 s\u2019int\u00e9resser sur la question de la traite des personnes afin de rendre la lutte plus efficace - Infos Droits Humains","isPartOf":{"@id":"https:\/\/infos-droitshumains.net\/#website"},"primaryImageOfPage":{"@id":"https:\/\/infos-droitshumains.net\/?p=8011#primaryimage"},"image":{"@id":"https:\/\/infos-droitshumains.net\/?p=8011#primaryimage"},"thumbnailUrl":"https:\/\/i0.wp.com\/infos-droitshumains.net\/wp-content\/uploads\/2023\/09\/IMG-20230922-WA0055_1.jpg?fit=720%2C700&ssl=1","datePublished":"2023-09-23T08:45:58+00:00","dateModified":"2023-09-23T08:57:44+00:00","breadcrumb":{"@id":"https:\/\/infos-droitshumains.net\/?p=8011#breadcrumb"},"inLanguage":"fr-FR","potentialAction":[{"@type":"ReadAction","target":["https:\/\/infos-droitshumains.net\/?p=8011"]}]},{"@type":"ImageObject","inLanguage":"fr-FR","@id":"https:\/\/infos-droitshumains.net\/?p=8011#primaryimage","url":"https:\/\/i0.wp.com\/infos-droitshumains.net\/wp-content\/uploads\/2023\/09\/IMG-20230922-WA0055_1.jpg?fit=720%2C700&ssl=1","contentUrl":"https:\/\/i0.wp.com\/infos-droitshumains.net\/wp-content\/uploads\/2023\/09\/IMG-20230922-WA0055_1.jpg?fit=720%2C700&ssl=1","width":720,"height":700},{"@type":"BreadcrumbList","@id":"https:\/\/infos-droitshumains.net\/?p=8011#breadcrumb","itemListElement":[{"@type":"ListItem","position":1,"name":"Accueil","item":"https:\/\/infos-droitshumains.net\/"},{"@type":"ListItem","position":2,"name":"RDC\u00a0: Eric Kuku Kiese invite les congolais \u00e0 s\u2019int\u00e9resser sur la question de la traite des personnes afin de rendre la lutte plus efficace"}]},{"@type":"WebSite","@id":"https:\/\/infos-droitshumains.net\/#website","url":"https:\/\/infos-droitshumains.net\/","name":"Infos Droits Humains","description":"S&#039;informer est un droit","publisher":{"@id":"https:\/\/infos-droitshumains.net\/#organization"},"potentialAction":[{"@type":"SearchAction","target":{"@type":"EntryPoint","urlTemplate":"https:\/\/infos-droitshumains.net\/?s={search_term_string}"},"query-input":{"@type":"PropertyValueSpecification","valueRequired":true,"valueName":"search_term_string"}}],"inLanguage":"fr-FR"},{"@type":"Organization","@id":"https:\/\/infos-droitshumains.net\/#organization","name":"Infos Droits Humains","url":"https:\/\/infos-droitshumains.net\/","logo":{"@type":"ImageObject","inLanguage":"fr-FR","@id":"https:\/\/infos-droitshumains.net\/#\/schema\/logo\/image\/","url":"https:\/\/i0.wp.com\/infos-droitshumains.net\/wp-content\/uploads\/2022\/05\/Logo.png?fit=333%2C129&ssl=1","contentUrl":"https:\/\/i0.wp.com\/infos-droitshumains.net\/wp-content\/uploads\/2022\/05\/Logo.png?fit=333%2C129&ssl=1","width":333,"height":129,"caption":"Infos Droits Humains"},"image":{"@id":"https:\/\/infos-droitshumains.net\/#\/schema\/logo\/image\/"}},{"@type":"Person","@id":"https:\/\/infos-droitshumains.net\/#\/schema\/person\/3dc5e921c3302172e0ed4362f96faab7","name":"Jo\u00ebl Diawa","image":{"@type":"ImageObject","inLanguage":"fr-FR","@id":"https:\/\/secure.gravatar.com\/avatar\/729bea6ff4604c624417803c477363be8e3c7186deaa65713313f9b4b820f41c?s=96&d=mm&r=g","url":"https:\/\/secure.gravatar.com\/avatar\/729bea6ff4604c624417803c477363be8e3c7186deaa65713313f9b4b820f41c?s=96&d=mm&r=g","contentUrl":"https:\/\/secure.gravatar.com\/avatar\/729bea6ff4604c624417803c477363be8e3c7186deaa65713313f9b4b820f41c?s=96&d=mm&r=g","caption":"Jo\u00ebl Diawa"},"sameAs":["https:\/\/www.infos-droitshumains.net"],"url":"https:\/\/infos-droitshumains.net\/?author=2"}]}},"featured_image_urls":{"full":["https:\/\/i0.wp.com\/infos-droitshumains.net\/wp-content\/uploads\/2023\/09\/IMG-20230922-WA0055_1.jpg?fit=720%2C700&ssl=1",720,700,false],"thumbnail":["https:\/\/i0.wp.com\/infos-droitshumains.net\/wp-content\/uploads\/2023\/09\/IMG-20230922-WA0055_1.jpg?resize=150%2C150&ssl=1",150,150,true],"medium":["https:\/\/i0.wp.com\/infos-droitshumains.net\/wp-content\/uploads\/2023\/09\/IMG-20230922-WA0055_1.jpg?fit=300%2C292&ssl=1",300,292,true],"medium_large":["https:\/\/i0.wp.com\/infos-droitshumains.net\/wp-content\/uploads\/2023\/09\/IMG-20230922-WA0055_1.jpg?fit=640%2C622&ssl=1",640,622,true],"large":["https:\/\/i0.wp.com\/infos-droitshumains.net\/wp-content\/uploads\/2023\/09\/IMG-20230922-WA0055_1.jpg?fit=640%2C622&ssl=1",640,622,true],"1536x1536":["https:\/\/i0.wp.com\/infos-droitshumains.net\/wp-content\/uploads\/2023\/09\/IMG-20230922-WA0055_1.jpg?fit=720%2C700&ssl=1",720,700,true],"2048x2048":["https:\/\/i0.wp.com\/infos-droitshumains.net\/wp-content\/uploads\/2023\/09\/IMG-20230922-WA0055_1.jpg?fit=720%2C700&ssl=1",720,700,true],"covernews-slider-full":["https:\/\/i0.wp.com\/infos-droitshumains.net\/wp-content\/uploads\/2023\/09\/IMG-20230922-WA0055_1.jpg?resize=720%2C700&ssl=1",720,700,true],"covernews-slider-center":["https:\/\/i0.wp.com\/infos-droitshumains.net\/wp-content\/uploads\/2023\/09\/IMG-20230922-WA0055_1.jpg?resize=720%2C500&ssl=1",720,500,true],"covernews-featured":["https:\/\/i0.wp.com\/infos-droitshumains.net\/wp-content\/uploads\/2023\/09\/IMG-20230922-WA0055_1.jpg?fit=720%2C700&ssl=1",720,700,true],"covernews-medium":["https:\/\/i0.wp.com\/infos-droitshumains.net\/wp-content\/uploads\/2023\/09\/IMG-20230922-WA0055_1.jpg?resize=540%2C340&ssl=1",540,340,true],"covernews-medium-square":["https:\/\/i0.wp.com\/infos-droitshumains.net\/wp-content\/uploads\/2023\/09\/IMG-20230922-WA0055_1.jpg?resize=400%2C250&ssl=1",400,250,true]},"author_info":{"display_name":"Jo\u00ebl Diawa","author_link":"https:\/\/infos-droitshumains.net\/?author=2"},"category_info":"<a href=\"https:\/\/infos-droitshumains.net\/?cat=7\" rel=\"category\">Droits Humains<\/a>","tag_info":"Droits Humains","comment_count":"0","jetpack_featured_media_url":"https:\/\/i0.wp.com\/infos-droitshumains.net\/wp-content\/uploads\/2023\/09\/IMG-20230922-WA0055_1.jpg?fit=720%2C700&ssl=1","jetpack-related-posts":[],"jetpack_sharing_enabled":true,"_links":{"self":[{"href":"https:\/\/infos-droitshumains.net\/index.php?rest_route=\/wp\/v2\/posts\/8011","targetHints":{"allow":["GET"]}}],"collection":[{"href":"https:\/\/infos-droitshumains.net\/index.php?rest_route=\/wp\/v2\/posts"}],"about":[{"href":"https:\/\/infos-droitshumains.net\/index.php?rest_route=\/wp\/v2\/types\/post"}],"author":[{"embeddable":true,"href":"https:\/\/infos-droitshumains.net\/index.php?rest_route=\/wp\/v2\/users\/2"}],"replies":[{"embeddable":true,"href":"https:\/\/infos-droitshumains.net\/index.php?rest_route=%2Fwp%2Fv2%2Fcomments&post=8011"}],"version-history":[{"count":5,"href":"https:\/\/infos-droitshumains.net\/index.php?rest_route=\/wp\/v2\/posts\/8011\/revisions"}],"predecessor-version":[{"id":8023,"href":"https:\/\/infos-droitshumains.net\/index.php?rest_route=\/wp\/v2\/posts\/8011\/revisions\/8023"}],"wp:featuredmedia":[{"embeddable":true,"href":"https:\/\/infos-droitshumains.net\/index.php?rest_route=\/wp\/v2\/media\/8015"}],"wp:attachment":[{"href":"https:\/\/infos-droitshumains.net\/index.php?rest_route=%2Fwp%2Fv2%2Fmedia&parent=8011"}],"wp:term":[{"taxonomy":"category","embeddable":true,"href":"https:\/\/infos-droitshumains.net\/index.php?rest_route=%2Fwp%2Fv2%2Fcategories&post=8011"},{"taxonomy":"post_tag","embeddable":true,"href":"https:\/\/infos-droitshumains.net\/index.php?rest_route=%2Fwp%2Fv2%2Ftags&post=8011"}],"curies":[{"name":"wp","href":"https:\/\/api.w.org\/{rel}","templated":true}]}}