{"id":8006,"date":"2023-09-20T16:46:38","date_gmt":"2023-09-20T14:46:38","guid":{"rendered":"https:\/\/infos-droitshumains.net\/?p=8006"},"modified":"2023-09-20T17:24:52","modified_gmt":"2023-09-20T15:24:52","slug":"rdc-le-rajec-devant-le-ministere-de-la-justice-pour-reclamer-la-liberation-de-stanis-bujakera","status":"publish","type":"post","link":"https:\/\/infos-droitshumains.net\/?p=8006","title":{"rendered":"RDC : Le RAJEC devant le minist\u00e8re de la justice pour r\u00e9clamer la lib\u00e9ration de Stanis Bujakera"},"content":{"rendered":"\n<p><strong>R\u00e9daction : +243817406088<\/strong><\/p>\n\n\n\n<h4 class=\"wp-block-heading has-vivid-red-color has-text-color\">Ils ne jurent que sur la lib\u00e9ration du journaliste Stanis Bujakera Tshiamala. Ce mercredi 20 septembre , les professionnels de m\u00e9dia r\u00e9unis au sein du Rassemblement des Journalistes pour l&rsquo;Emergence du Congo(RAJEC) ont, organis\u00e9 un sit-in devant le minist\u00e8re de la justice. Objectif, r\u00e9clamer l&rsquo;abandon des poursuites judiciaires contre leur confr\u00e8re et sa lib\u00e9ration imm\u00e9diate.<\/h4>\n\n\n\n<p>Sur place, des sifflets ont retentis, des chants ont \u00e9t\u00e9 scand\u00e9s par ces chevaliers de la plume manifestants l\u2019ind\u00e9fectible soutien \u00e0 Stanis Bujakera, actuellement d\u00e9tenu \u00e0 la prison centrale de Makala.<\/p>\n\n\n\n<p>Le RAJEC a, par la m\u00eame occasion, voulu d\u00e9poser un m\u00e9morandum adress\u00e9 \u00e0 la ministre de la justice et garde des sceaux. Malheureusement, apprend-on, le cabinet de Rose Mutombo serait vide et tout le personnel serait en voyage.<\/p>\n\n\n\n<p>Apr\u00e8s cette manifestation, le RAJEC promet de poursuivre avec d&rsquo;autres activit\u00e9s de grande envergure jusqu&rsquo;\u00e0 l&rsquo;obtention de la lib\u00e9ration du journaliste Bujakera.<\/p>\n\n\n\n<p>Journaliste \u00e0 Jeune Afrique et actualite.cd, Stanis Bujakera a \u00e9t\u00e9 arr\u00eat\u00e9 le 8 septembre 2023. Il est accus\u00e9 de propager de faux bruits sur la mort de ch\u00e9rubin Okende, suite \u00e0 la publication par son employeur, d\u2019un article relatif au rapport de service de renseignement sur ce meurtre. Article du moins, non sign\u00e9 par lui.<\/p>\n\n\n\n<p>AM<\/p>\n","protected":false},"excerpt":{"rendered":"<p>R\u00e9daction : +243817406088 Ils ne jurent que sur la lib\u00e9ration du journaliste Stanis Bujakera Tshiamala&#8230;.<\/p>\n","protected":false},"author":2,"featured_media":8009,"comment_status":"open","ping_status":"open","sticky":false,"template":"","format":"standard","meta":{"_jetpack_memberships_contains_paid_content":false,"footnotes":""},"categories":[8],"tags":[],"class_list":["post-8006","post","type-post","status-publish","format-standard","has-post-thumbnail","hentry","category-societe"],"yoast_head":"<!-- This site is optimized with the Yoast SEO plugin v27.5 - https:\/\/yoast.com\/product\/yoast-seo-wordpress\/ -->\n<title>RDC : Le RAJEC devant le minist\u00e8re de la justice pour r\u00e9clamer la lib\u00e9ration de Stanis Bujakera - Infos Droits Humains<\/title>\n<meta name=\"robots\" content=\"index, follow, max-snippet:-1, max-image-preview:large, max-video-preview:-1\" \/>\n<link rel=\"canonical\" href=\"https:\/\/infos-droitshumains.net\/?p=8006\" \/>\n<meta property=\"og:locale\" content=\"fr_FR\" \/>\n<meta property=\"og:type\" content=\"article\" \/>\n<meta property=\"og:title\" content=\"RDC : Le RAJEC devant le minist\u00e8re de la justice pour r\u00e9clamer la lib\u00e9ration de Stanis Bujakera - Infos Droits Humains\" \/>\n<meta property=\"og:description\" content=\"R\u00e9daction : +243817406088 Ils ne jurent que sur la lib\u00e9ration du journaliste Stanis Bujakera Tshiamala....\" \/>\n<meta property=\"og:url\" content=\"https:\/\/infos-droitshumains.net\/?p=8006\" \/>\n<meta property=\"og:site_name\" content=\"Infos Droits Humains\" \/>\n<meta property=\"article:published_time\" content=\"2023-09-20T14:46:38+00:00\" \/>\n<meta property=\"article:modified_time\" content=\"2023-09-20T15:24:52+00:00\" \/>\n<meta property=\"og:image\" content=\"https:\/\/infos-droitshumains.net\/wp-content\/uploads\/2023\/09\/IMG-20230920-WA0076_1.jpg\" \/>\n\t<meta property=\"og:image:width\" content=\"640\" \/>\n\t<meta property=\"og:image:height\" content=\"386\" \/>\n\t<meta property=\"og:image:type\" content=\"image\/jpeg\" \/>\n<meta name=\"author\" content=\"Jo\u00ebl Diawa\" \/>\n<meta name=\"twitter:card\" content=\"summary_large_image\" \/>\n<meta name=\"twitter:label1\" content=\"\u00c9crit par\" \/>\n\t<meta name=\"twitter:data1\" content=\"Jo\u00ebl Diawa\" \/>\n\t<meta name=\"twitter:label2\" content=\"Dur\u00e9e de lecture estim\u00e9e\" \/>\n\t<meta name=\"twitter:data2\" content=\"2 minutes\" \/>\n<script type=\"application\/ld+json\" class=\"yoast-schema-graph\">{\"@context\":\"https:\\\/\\\/schema.org\",\"@graph\":[{\"@type\":\"Article\",\"@id\":\"https:\\\/\\\/infos-droitshumains.net\\\/?p=8006#article\",\"isPartOf\":{\"@id\":\"https:\\\/\\\/infos-droitshumains.net\\\/?p=8006\"},\"author\":{\"name\":\"Jo\u00ebl Diawa\",\"@id\":\"https:\\\/\\\/infos-droitshumains.net\\\/#\\\/schema\\\/person\\\/3dc5e921c3302172e0ed4362f96faab7\"},\"headline\":\"RDC : Le RAJEC devant le minist\u00e8re de la justice pour r\u00e9clamer la lib\u00e9ration de Stanis Bujakera\",\"datePublished\":\"2023-09-20T14:46:38+00:00\",\"dateModified\":\"2023-09-20T15:24:52+00:00\",\"mainEntityOfPage\":{\"@id\":\"https:\\\/\\\/infos-droitshumains.net\\\/?p=8006\"},\"wordCount\":237,\"commentCount\":0,\"publisher\":{\"@id\":\"https:\\\/\\\/infos-droitshumains.net\\\/#organization\"},\"image\":{\"@id\":\"https:\\\/\\\/infos-droitshumains.net\\\/?p=8006#primaryimage\"},\"thumbnailUrl\":\"https:\\\/\\\/i0.wp.com\\\/infos-droitshumains.net\\\/wp-content\\\/uploads\\\/2023\\\/09\\\/IMG-20230920-WA0076_1.jpg?fit=640%2C386&ssl=1\",\"articleSection\":[\"Soci\u00e9t\u00e9\"],\"inLanguage\":\"fr-FR\",\"potentialAction\":[{\"@type\":\"CommentAction\",\"name\":\"Comment\",\"target\":[\"https:\\\/\\\/infos-droitshumains.net\\\/?p=8006#respond\"]}]},{\"@type\":\"WebPage\",\"@id\":\"https:\\\/\\\/infos-droitshumains.net\\\/?p=8006\",\"url\":\"https:\\\/\\\/infos-droitshumains.net\\\/?p=8006\",\"name\":\"RDC : Le RAJEC devant le minist\u00e8re de la justice pour r\u00e9clamer la lib\u00e9ration de Stanis Bujakera - Infos Droits Humains\",\"isPartOf\":{\"@id\":\"https:\\\/\\\/infos-droitshumains.net\\\/#website\"},\"primaryImageOfPage\":{\"@id\":\"https:\\\/\\\/infos-droitshumains.net\\\/?p=8006#primaryimage\"},\"image\":{\"@id\":\"https:\\\/\\\/infos-droitshumains.net\\\/?p=8006#primaryimage\"},\"thumbnailUrl\":\"https:\\\/\\\/i0.wp.com\\\/infos-droitshumains.net\\\/wp-content\\\/uploads\\\/2023\\\/09\\\/IMG-20230920-WA0076_1.jpg?fit=640%2C386&ssl=1\",\"datePublished\":\"2023-09-20T14:46:38+00:00\",\"dateModified\":\"2023-09-20T15:24:52+00:00\",\"breadcrumb\":{\"@id\":\"https:\\\/\\\/infos-droitshumains.net\\\/?p=8006#breadcrumb\"},\"inLanguage\":\"fr-FR\",\"potentialAction\":[{\"@type\":\"ReadAction\",\"target\":[\"https:\\\/\\\/infos-droitshumains.net\\\/?p=8006\"]}]},{\"@type\":\"ImageObject\",\"inLanguage\":\"fr-FR\",\"@id\":\"https:\\\/\\\/infos-droitshumains.net\\\/?p=8006#primaryimage\",\"url\":\"https:\\\/\\\/i0.wp.com\\\/infos-droitshumains.net\\\/wp-content\\\/uploads\\\/2023\\\/09\\\/IMG-20230920-WA0076_1.jpg?fit=640%2C386&ssl=1\",\"contentUrl\":\"https:\\\/\\\/i0.wp.com\\\/infos-droitshumains.net\\\/wp-content\\\/uploads\\\/2023\\\/09\\\/IMG-20230920-WA0076_1.jpg?fit=640%2C386&ssl=1\",\"width\":640,\"height\":386},{\"@type\":\"BreadcrumbList\",\"@id\":\"https:\\\/\\\/infos-droitshumains.net\\\/?p=8006#breadcrumb\",\"itemListElement\":[{\"@type\":\"ListItem\",\"position\":1,\"name\":\"Accueil\",\"item\":\"https:\\\/\\\/infos-droitshumains.net\\\/\"},{\"@type\":\"ListItem\",\"position\":2,\"name\":\"RDC : Le RAJEC devant le minist\u00e8re de la justice pour r\u00e9clamer la lib\u00e9ration de Stanis Bujakera\"}]},{\"@type\":\"WebSite\",\"@id\":\"https:\\\/\\\/infos-droitshumains.net\\\/#website\",\"url\":\"https:\\\/\\\/infos-droitshumains.net\\\/\",\"name\":\"Infos Droits Humains\",\"description\":\"S&#039;informer est un droit\",\"publisher\":{\"@id\":\"https:\\\/\\\/infos-droitshumains.net\\\/#organization\"},\"potentialAction\":[{\"@type\":\"SearchAction\",\"target\":{\"@type\":\"EntryPoint\",\"urlTemplate\":\"https:\\\/\\\/infos-droitshumains.net\\\/?s={search_term_string}\"},\"query-input\":{\"@type\":\"PropertyValueSpecification\",\"valueRequired\":true,\"valueName\":\"search_term_string\"}}],\"inLanguage\":\"fr-FR\"},{\"@type\":\"Organization\",\"@id\":\"https:\\\/\\\/infos-droitshumains.net\\\/#organization\",\"name\":\"Infos Droits Humains\",\"url\":\"https:\\\/\\\/infos-droitshumains.net\\\/\",\"logo\":{\"@type\":\"ImageObject\",\"inLanguage\":\"fr-FR\",\"@id\":\"https:\\\/\\\/infos-droitshumains.net\\\/#\\\/schema\\\/logo\\\/image\\\/\",\"url\":\"https:\\\/\\\/i0.wp.com\\\/infos-droitshumains.net\\\/wp-content\\\/uploads\\\/2022\\\/05\\\/Logo.png?fit=333%2C129&ssl=1\",\"contentUrl\":\"https:\\\/\\\/i0.wp.com\\\/infos-droitshumains.net\\\/wp-content\\\/uploads\\\/2022\\\/05\\\/Logo.png?fit=333%2C129&ssl=1\",\"width\":333,\"height\":129,\"caption\":\"Infos Droits Humains\"},\"image\":{\"@id\":\"https:\\\/\\\/infos-droitshumains.net\\\/#\\\/schema\\\/logo\\\/image\\\/\"}},{\"@type\":\"Person\",\"@id\":\"https:\\\/\\\/infos-droitshumains.net\\\/#\\\/schema\\\/person\\\/3dc5e921c3302172e0ed4362f96faab7\",\"name\":\"Jo\u00ebl Diawa\",\"image\":{\"@type\":\"ImageObject\",\"inLanguage\":\"fr-FR\",\"@id\":\"https:\\\/\\\/secure.gravatar.com\\\/avatar\\\/729bea6ff4604c624417803c477363be8e3c7186deaa65713313f9b4b820f41c?s=96&d=mm&r=g\",\"url\":\"https:\\\/\\\/secure.gravatar.com\\\/avatar\\\/729bea6ff4604c624417803c477363be8e3c7186deaa65713313f9b4b820f41c?s=96&d=mm&r=g\",\"contentUrl\":\"https:\\\/\\\/secure.gravatar.com\\\/avatar\\\/729bea6ff4604c624417803c477363be8e3c7186deaa65713313f9b4b820f41c?s=96&d=mm&r=g\",\"caption\":\"Jo\u00ebl Diawa\"},\"sameAs\":[\"https:\\\/\\\/www.infos-droitshumains.net\"],\"url\":\"https:\\\/\\\/infos-droitshumains.net\\\/?author=2\"}]}<\/script>\n<!-- \/ Yoast SEO plugin. -->","yoast_head_json":{"title":"RDC : Le RAJEC devant le minist\u00e8re de la justice pour r\u00e9clamer la lib\u00e9ration de Stanis Bujakera - Infos Droits Humains","robots":{"index":"index","follow":"follow","max-snippet":"max-snippet:-1","max-image-preview":"max-image-preview:large","max-video-preview":"max-video-preview:-1"},"canonical":"https:\/\/infos-droitshumains.net\/?p=8006","og_locale":"fr_FR","og_type":"article","og_title":"RDC : Le RAJEC devant le minist\u00e8re de la justice pour r\u00e9clamer la lib\u00e9ration de Stanis Bujakera - Infos Droits Humains","og_description":"R\u00e9daction : +243817406088 Ils ne jurent que sur la lib\u00e9ration du journaliste Stanis Bujakera Tshiamala....","og_url":"https:\/\/infos-droitshumains.net\/?p=8006","og_site_name":"Infos Droits Humains","article_published_time":"2023-09-20T14:46:38+00:00","article_modified_time":"2023-09-20T15:24:52+00:00","og_image":[{"width":640,"height":386,"url":"https:\/\/infos-droitshumains.net\/wp-content\/uploads\/2023\/09\/IMG-20230920-WA0076_1.jpg","type":"image\/jpeg"}],"author":"Jo\u00ebl Diawa","twitter_card":"summary_large_image","twitter_misc":{"\u00c9crit par":"Jo\u00ebl Diawa","Dur\u00e9e de lecture estim\u00e9e":"2 minutes"},"schema":{"@context":"https:\/\/schema.org","@graph":[{"@type":"Article","@id":"https:\/\/infos-droitshumains.net\/?p=8006#article","isPartOf":{"@id":"https:\/\/infos-droitshumains.net\/?p=8006"},"author":{"name":"Jo\u00ebl Diawa","@id":"https:\/\/infos-droitshumains.net\/#\/schema\/person\/3dc5e921c3302172e0ed4362f96faab7"},"headline":"RDC : Le RAJEC devant le minist\u00e8re de la justice pour r\u00e9clamer la lib\u00e9ration de Stanis Bujakera","datePublished":"2023-09-20T14:46:38+00:00","dateModified":"2023-09-20T15:24:52+00:00","mainEntityOfPage":{"@id":"https:\/\/infos-droitshumains.net\/?p=8006"},"wordCount":237,"commentCount":0,"publisher":{"@id":"https:\/\/infos-droitshumains.net\/#organization"},"image":{"@id":"https:\/\/infos-droitshumains.net\/?p=8006#primaryimage"},"thumbnailUrl":"https:\/\/i0.wp.com\/infos-droitshumains.net\/wp-content\/uploads\/2023\/09\/IMG-20230920-WA0076_1.jpg?fit=640%2C386&ssl=1","articleSection":["Soci\u00e9t\u00e9"],"inLanguage":"fr-FR","potentialAction":[{"@type":"CommentAction","name":"Comment","target":["https:\/\/infos-droitshumains.net\/?p=8006#respond"]}]},{"@type":"WebPage","@id":"https:\/\/infos-droitshumains.net\/?p=8006","url":"https:\/\/infos-droitshumains.net\/?p=8006","name":"RDC : Le RAJEC devant le minist\u00e8re de la justice pour r\u00e9clamer la lib\u00e9ration de Stanis Bujakera - Infos Droits Humains","isPartOf":{"@id":"https:\/\/infos-droitshumains.net\/#website"},"primaryImageOfPage":{"@id":"https:\/\/infos-droitshumains.net\/?p=8006#primaryimage"},"image":{"@id":"https:\/\/infos-droitshumains.net\/?p=8006#primaryimage"},"thumbnailUrl":"https:\/\/i0.wp.com\/infos-droitshumains.net\/wp-content\/uploads\/2023\/09\/IMG-20230920-WA0076_1.jpg?fit=640%2C386&ssl=1","datePublished":"2023-09-20T14:46:38+00:00","dateModified":"2023-09-20T15:24:52+00:00","breadcrumb":{"@id":"https:\/\/infos-droitshumains.net\/?p=8006#breadcrumb"},"inLanguage":"fr-FR","potentialAction":[{"@type":"ReadAction","target":["https:\/\/infos-droitshumains.net\/?p=8006"]}]},{"@type":"ImageObject","inLanguage":"fr-FR","@id":"https:\/\/infos-droitshumains.net\/?p=8006#primaryimage","url":"https:\/\/i0.wp.com\/infos-droitshumains.net\/wp-content\/uploads\/2023\/09\/IMG-20230920-WA0076_1.jpg?fit=640%2C386&ssl=1","contentUrl":"https:\/\/i0.wp.com\/infos-droitshumains.net\/wp-content\/uploads\/2023\/09\/IMG-20230920-WA0076_1.jpg?fit=640%2C386&ssl=1","width":640,"height":386},{"@type":"BreadcrumbList","@id":"https:\/\/infos-droitshumains.net\/?p=8006#breadcrumb","itemListElement":[{"@type":"ListItem","position":1,"name":"Accueil","item":"https:\/\/infos-droitshumains.net\/"},{"@type":"ListItem","position":2,"name":"RDC : Le RAJEC devant le minist\u00e8re de la justice pour r\u00e9clamer la lib\u00e9ration de Stanis Bujakera"}]},{"@type":"WebSite","@id":"https:\/\/infos-droitshumains.net\/#website","url":"https:\/\/infos-droitshumains.net\/","name":"Infos Droits Humains","description":"S&#039;informer est un droit","publisher":{"@id":"https:\/\/infos-droitshumains.net\/#organization"},"potentialAction":[{"@type":"SearchAction","target":{"@type":"EntryPoint","urlTemplate":"https:\/\/infos-droitshumains.net\/?s={search_term_string}"},"query-input":{"@type":"PropertyValueSpecification","valueRequired":true,"valueName":"search_term_string"}}],"inLanguage":"fr-FR"},{"@type":"Organization","@id":"https:\/\/infos-droitshumains.net\/#organization","name":"Infos Droits Humains","url":"https:\/\/infos-droitshumains.net\/","logo":{"@type":"ImageObject","inLanguage":"fr-FR","@id":"https:\/\/infos-droitshumains.net\/#\/schema\/logo\/image\/","url":"https:\/\/i0.wp.com\/infos-droitshumains.net\/wp-content\/uploads\/2022\/05\/Logo.png?fit=333%2C129&ssl=1","contentUrl":"https:\/\/i0.wp.com\/infos-droitshumains.net\/wp-content\/uploads\/2022\/05\/Logo.png?fit=333%2C129&ssl=1","width":333,"height":129,"caption":"Infos Droits Humains"},"image":{"@id":"https:\/\/infos-droitshumains.net\/#\/schema\/logo\/image\/"}},{"@type":"Person","@id":"https:\/\/infos-droitshumains.net\/#\/schema\/person\/3dc5e921c3302172e0ed4362f96faab7","name":"Jo\u00ebl Diawa","image":{"@type":"ImageObject","inLanguage":"fr-FR","@id":"https:\/\/secure.gravatar.com\/avatar\/729bea6ff4604c624417803c477363be8e3c7186deaa65713313f9b4b820f41c?s=96&d=mm&r=g","url":"https:\/\/secure.gravatar.com\/avatar\/729bea6ff4604c624417803c477363be8e3c7186deaa65713313f9b4b820f41c?s=96&d=mm&r=g","contentUrl":"https:\/\/secure.gravatar.com\/avatar\/729bea6ff4604c624417803c477363be8e3c7186deaa65713313f9b4b820f41c?s=96&d=mm&r=g","caption":"Jo\u00ebl Diawa"},"sameAs":["https:\/\/www.infos-droitshumains.net"],"url":"https:\/\/infos-droitshumains.net\/?author=2"}]}},"featured_image_urls":{"full":["https:\/\/i0.wp.com\/infos-droitshumains.net\/wp-content\/uploads\/2023\/09\/IMG-20230920-WA0076_1.jpg?fit=640%2C386&ssl=1",640,386,false],"thumbnail":["https:\/\/i0.wp.com\/infos-droitshumains.net\/wp-content\/uploads\/2023\/09\/IMG-20230920-WA0076_1.jpg?resize=150%2C150&ssl=1",150,150,true],"medium":["https:\/\/i0.wp.com\/infos-droitshumains.net\/wp-content\/uploads\/2023\/09\/IMG-20230920-WA0076_1.jpg?fit=300%2C181&ssl=1",300,181,true],"medium_large":["https:\/\/i0.wp.com\/infos-droitshumains.net\/wp-content\/uploads\/2023\/09\/IMG-20230920-WA0076_1.jpg?fit=640%2C386&ssl=1",640,386,true],"large":["https:\/\/i0.wp.com\/infos-droitshumains.net\/wp-content\/uploads\/2023\/09\/IMG-20230920-WA0076_1.jpg?fit=640%2C386&ssl=1",640,386,true],"1536x1536":["https:\/\/i0.wp.com\/infos-droitshumains.net\/wp-content\/uploads\/2023\/09\/IMG-20230920-WA0076_1.jpg?fit=640%2C386&ssl=1",640,386,true],"2048x2048":["https:\/\/i0.wp.com\/infos-droitshumains.net\/wp-content\/uploads\/2023\/09\/IMG-20230920-WA0076_1.jpg?fit=640%2C386&ssl=1",640,386,true],"covernews-slider-full":["https:\/\/i0.wp.com\/infos-droitshumains.net\/wp-content\/uploads\/2023\/09\/IMG-20230920-WA0076_1.jpg?resize=640%2C386&ssl=1",640,386,true],"covernews-slider-center":["https:\/\/i0.wp.com\/infos-droitshumains.net\/wp-content\/uploads\/2023\/09\/IMG-20230920-WA0076_1.jpg?resize=640%2C386&ssl=1",640,386,true],"covernews-featured":["https:\/\/i0.wp.com\/infos-droitshumains.net\/wp-content\/uploads\/2023\/09\/IMG-20230920-WA0076_1.jpg?fit=640%2C386&ssl=1",640,386,true],"covernews-medium":["https:\/\/i0.wp.com\/infos-droitshumains.net\/wp-content\/uploads\/2023\/09\/IMG-20230920-WA0076_1.jpg?resize=540%2C340&ssl=1",540,340,true],"covernews-medium-square":["https:\/\/i0.wp.com\/infos-droitshumains.net\/wp-content\/uploads\/2023\/09\/IMG-20230920-WA0076_1.jpg?resize=400%2C250&ssl=1",400,250,true]},"author_info":{"display_name":"Jo\u00ebl Diawa","author_link":"https:\/\/infos-droitshumains.net\/?author=2"},"category_info":"<a href=\"https:\/\/infos-droitshumains.net\/?cat=8\" rel=\"category\">Soci\u00e9t\u00e9<\/a>","tag_info":"Soci\u00e9t\u00e9","comment_count":"0","jetpack_featured_media_url":"https:\/\/i0.wp.com\/infos-droitshumains.net\/wp-content\/uploads\/2023\/09\/IMG-20230920-WA0076_1.jpg?fit=640%2C386&ssl=1","jetpack-related-posts":[],"jetpack_sharing_enabled":true,"_links":{"self":[{"href":"https:\/\/infos-droitshumains.net\/index.php?rest_route=\/wp\/v2\/posts\/8006","targetHints":{"allow":["GET"]}}],"collection":[{"href":"https:\/\/infos-droitshumains.net\/index.php?rest_route=\/wp\/v2\/posts"}],"about":[{"href":"https:\/\/infos-droitshumains.net\/index.php?rest_route=\/wp\/v2\/types\/post"}],"author":[{"embeddable":true,"href":"https:\/\/infos-droitshumains.net\/index.php?rest_route=\/wp\/v2\/users\/2"}],"replies":[{"embeddable":true,"href":"https:\/\/infos-droitshumains.net\/index.php?rest_route=%2Fwp%2Fv2%2Fcomments&post=8006"}],"version-history":[{"count":3,"href":"https:\/\/infos-droitshumains.net\/index.php?rest_route=\/wp\/v2\/posts\/8006\/revisions"}],"predecessor-version":[{"id":8010,"href":"https:\/\/infos-droitshumains.net\/index.php?rest_route=\/wp\/v2\/posts\/8006\/revisions\/8010"}],"wp:featuredmedia":[{"embeddable":true,"href":"https:\/\/infos-droitshumains.net\/index.php?rest_route=\/wp\/v2\/media\/8009"}],"wp:attachment":[{"href":"https:\/\/infos-droitshumains.net\/index.php?rest_route=%2Fwp%2Fv2%2Fmedia&parent=8006"}],"wp:term":[{"taxonomy":"category","embeddable":true,"href":"https:\/\/infos-droitshumains.net\/index.php?rest_route=%2Fwp%2Fv2%2Fcategories&post=8006"},{"taxonomy":"post_tag","embeddable":true,"href":"https:\/\/infos-droitshumains.net\/index.php?rest_route=%2Fwp%2Fv2%2Ftags&post=8006"}],"curies":[{"name":"wp","href":"https:\/\/api.w.org\/{rel}","templated":true}]}}