{"id":8001,"date":"2023-09-16T13:23:51","date_gmt":"2023-09-16T11:23:51","guid":{"rendered":"https:\/\/infos-droitshumains.net\/?p=8001"},"modified":"2023-09-16T13:23:54","modified_gmt":"2023-09-16T11:23:54","slug":"tribunal-de-paix-de-kinshasa-pont-kasa-vubu-la-nouvelle-presidente-ngoy-sifa-invite-ses-collaborateurs-a-travailler-dans-lunite-afin-de-concourir-a-la-bonne-administration-de-la-justi","status":"publish","type":"post","link":"https:\/\/infos-droitshumains.net\/?p=8001","title":{"rendered":"Tribunal de Paix de Kinshasa\/ Pont Kasa-Vubu\u00a0: la nouvelle Pr\u00e9sidente Ngoy Sifa invite ses collaborateurs \u00e0 travailler dans l\u2019unit\u00e9 afin de concourir \u00e0 la bonne administration de la justice"},"content":{"rendered":"\n<p><strong>R\u00e9daction :+243817406088<\/strong><\/p>\n\n\n\n<h4 class=\"wp-block-heading has-vivid-red-color has-text-color\"><span style=\"color: initial; font-size: revert; text-align: justify;\">Promue Pr\u00e9sidente du Tribunal de Paix de Kinshasa\/Pont Kasa-Vuba au terme des ordonnances pr\u00e9sidentielles d\u2019organisation judiciaire du 29 juillet dernier, Ngoy Sifa a officiellement pris ses nouvelles fonctions ce vendredi 15 septembre au cours d\u2019une c\u00e9r\u00e9monie de remise et reprise.<\/span><\/h4>\n\n\n\n<p><p class=\"MsoNormal\" style=\"text-align:justify\"><span style=\"color: initial; font-size: revert;\">Tout \u00e0 commencer par un entretien en huis-clos entre la Pr\u00e9sidente entrante Ngoy Sifa et la sortante Lilie Muswamba Kalamba. Cette derni\u00e8re a par la suite conduit sa coll\u00e8gue \u00e0 une visite du palais de justice qui abrite cette juridiction avant la lecture du proc\u00e8s-verbal par la greffi\u00e8re titulaire.<\/span><\/p><\/p>\n\n\n\n<p><p class=\"MsoNormal\" style=\"text-align:justify\"><span style=\"color: initial; font-size: revert;\">La nouvelle pr\u00e9sidente du Tribunal de Paix de Kinshasa\/Pont-Kasavubu a demand\u00e9 \u00e0 ses coll\u00e8gues, de travailler ensemble, main dans la main pour concourir \u00e0 la bonne administration de la justice.<\/span><\/p><\/p>\n\n\n\n<p><p class=\"MsoNormal\" style=\"text-align:justify\"><span style=\"color: initial; font-size: revert;\">Apr\u00e8s s\u2019\u00eatre install\u00e9e, Ngoy Sifa a promu dans le cadre de l\u2019exercice de ses fonctions, de ne pas abuser de la confiance lui faite par les autorit\u00e9s judiciaires\u00a0:<\/span><\/p><\/p>\n\n\n\n<p><p class=\"MsoNormal\" style=\"text-align:justify\"><i style=\"font-size: revert; color: initial;\">\u00ab\u00a0Je remercie Dieu car il est le Maitre des temps et des circonstances\u00a0pour avoir permis ces instants; remerciement vont aussi s\u2019adresser au conseil sup\u00e9rieur de la magistrature qui, une fois de plus, m\u2019a fait confiance. Enfin, mes remerciements vont s\u2019adresser au Chef de l\u2019Etat pour cette promotion. Je ferai de mon mieux par mon travail, pour m\u00e9riter\u00a0 cette confiance-l\u00e0\u00a0\u00bb<\/i><span style=\"font-size: revert; color: initial;\">, a dit la Pr\u00e9sidente Ngoy Sifa.<\/span><\/p><\/p>\n\n\n\n<p><p class=\"MsoNormal\" style=\"text-align:justify\"><span style=\"font-size: revert; color: initial;\">Elle a par ailleurs, demand\u00e9 \u00e0 ses coll\u00e8gues de et au personnel, de <\/span><i style=\"font-size: revert; color: initial;\">\u00ab\u00a0travailler ensemble, main dans la main pour concourir \u00e0 la bonne administration de la justice\u00a0\u00bb<\/i><span style=\"font-size: revert; color: initial;\">.<\/span><\/p><\/p>\n\n\n\n<p><p class=\"MsoNormal\" style=\"text-align:justify\"><span style=\"color: initial; font-size: revert;\">Jusqu\u2019avant sa nomination au Tribunal de Paix de Kinshasa\/Pont Kasa-Vuba, Ngoy Sifa \u00e9tait Pr\u00e9sidente du Tribunal de Paix de Kinshasa\/Nd\u2019jili.<\/span><\/p><\/p>\n\n\n\n<p><p class=\"MsoNormal\" style=\"text-align:justify\"><span style=\"background-color: rgba(0, 0, 0, 0.2); color: initial; font-size: revert;\">Jo\u00ebl Diawa<\/span><\/p><\/p>\n","protected":false},"excerpt":{"rendered":"<p>R\u00e9daction :+243817406088 Promue Pr\u00e9sidente du Tribunal de Paix de Kinshasa\/Pont Kasa-Vuba au terme des ordonnances&#8230;<\/p>\n","protected":false},"author":2,"featured_media":7998,"comment_status":"open","ping_status":"open","sticky":false,"template":"","format":"standard","meta":{"_jetpack_memberships_contains_paid_content":false,"footnotes":""},"categories":[6],"tags":[],"class_list":["post-8001","post","type-post","status-publish","format-standard","has-post-thumbnail","hentry","category-justice"],"yoast_head":"<!-- This site is optimized with the Yoast SEO plugin v27.5 - https:\/\/yoast.com\/product\/yoast-seo-wordpress\/ -->\n<title>Tribunal de Paix de Kinshasa\/ Pont Kasa-Vubu\u00a0: la nouvelle Pr\u00e9sidente Ngoy Sifa invite ses collaborateurs \u00e0 travailler dans l\u2019unit\u00e9 afin de concourir \u00e0 la bonne administration de la justice - Infos Droits Humains<\/title>\n<meta name=\"robots\" content=\"index, follow, max-snippet:-1, max-image-preview:large, max-video-preview:-1\" \/>\n<link rel=\"canonical\" href=\"https:\/\/infos-droitshumains.net\/?p=8001\" \/>\n<meta property=\"og:locale\" content=\"fr_FR\" \/>\n<meta property=\"og:type\" content=\"article\" \/>\n<meta property=\"og:title\" content=\"Tribunal de Paix de Kinshasa\/ Pont Kasa-Vubu\u00a0: la nouvelle Pr\u00e9sidente Ngoy Sifa invite ses collaborateurs \u00e0 travailler dans l\u2019unit\u00e9 afin de concourir \u00e0 la bonne administration de la justice - Infos Droits Humains\" \/>\n<meta property=\"og:description\" content=\"R\u00e9daction :+243817406088 Promue Pr\u00e9sidente du Tribunal de Paix de Kinshasa\/Pont Kasa-Vuba au terme des ordonnances...\" \/>\n<meta property=\"og:url\" content=\"https:\/\/infos-droitshumains.net\/?p=8001\" \/>\n<meta property=\"og:site_name\" content=\"Infos Droits Humains\" \/>\n<meta property=\"article:published_time\" content=\"2023-09-16T11:23:51+00:00\" \/>\n<meta property=\"article:modified_time\" content=\"2023-09-16T11:23:54+00:00\" \/>\n<meta property=\"og:image\" content=\"https:\/\/infos-droitshumains.net\/wp-content\/uploads\/2023\/09\/IMG_20230915_153855_472.jpg\" \/>\n\t<meta property=\"og:image:width\" content=\"1040\" \/>\n\t<meta property=\"og:image:height\" content=\"700\" \/>\n\t<meta property=\"og:image:type\" content=\"image\/jpeg\" \/>\n<meta name=\"author\" content=\"Jo\u00ebl Diawa\" \/>\n<meta name=\"twitter:card\" content=\"summary_large_image\" \/>\n<meta name=\"twitter:label1\" content=\"\u00c9crit par\" \/>\n\t<meta name=\"twitter:data1\" content=\"Jo\u00ebl Diawa\" \/>\n\t<meta name=\"twitter:label2\" content=\"Dur\u00e9e de lecture estim\u00e9e\" \/>\n\t<meta name=\"twitter:data2\" content=\"2 minutes\" \/>\n<script type=\"application\/ld+json\" class=\"yoast-schema-graph\">{\"@context\":\"https:\\\/\\\/schema.org\",\"@graph\":[{\"@type\":\"Article\",\"@id\":\"https:\\\/\\\/infos-droitshumains.net\\\/?p=8001#article\",\"isPartOf\":{\"@id\":\"https:\\\/\\\/infos-droitshumains.net\\\/?p=8001\"},\"author\":{\"name\":\"Jo\u00ebl Diawa\",\"@id\":\"https:\\\/\\\/infos-droitshumains.net\\\/#\\\/schema\\\/person\\\/3dc5e921c3302172e0ed4362f96faab7\"},\"headline\":\"Tribunal de Paix de Kinshasa\\\/ Pont Kasa-Vubu\u00a0: la nouvelle Pr\u00e9sidente Ngoy Sifa invite ses collaborateurs \u00e0 travailler dans l\u2019unit\u00e9 afin de concourir \u00e0 la bonne administration de la justice\",\"datePublished\":\"2023-09-16T11:23:51+00:00\",\"dateModified\":\"2023-09-16T11:23:54+00:00\",\"mainEntityOfPage\":{\"@id\":\"https:\\\/\\\/infos-droitshumains.net\\\/?p=8001\"},\"wordCount\":320,\"commentCount\":0,\"publisher\":{\"@id\":\"https:\\\/\\\/infos-droitshumains.net\\\/#organization\"},\"image\":{\"@id\":\"https:\\\/\\\/infos-droitshumains.net\\\/?p=8001#primaryimage\"},\"thumbnailUrl\":\"https:\\\/\\\/i0.wp.com\\\/infos-droitshumains.net\\\/wp-content\\\/uploads\\\/2023\\\/09\\\/IMG_20230915_153855_472.jpg?fit=1040%2C700&ssl=1\",\"articleSection\":[\"Justice\"],\"inLanguage\":\"fr-FR\",\"potentialAction\":[{\"@type\":\"CommentAction\",\"name\":\"Comment\",\"target\":[\"https:\\\/\\\/infos-droitshumains.net\\\/?p=8001#respond\"]}]},{\"@type\":\"WebPage\",\"@id\":\"https:\\\/\\\/infos-droitshumains.net\\\/?p=8001\",\"url\":\"https:\\\/\\\/infos-droitshumains.net\\\/?p=8001\",\"name\":\"Tribunal de Paix de Kinshasa\\\/ Pont Kasa-Vubu\u00a0: la nouvelle Pr\u00e9sidente Ngoy Sifa invite ses collaborateurs \u00e0 travailler dans l\u2019unit\u00e9 afin de concourir \u00e0 la bonne administration de la justice - Infos Droits Humains\",\"isPartOf\":{\"@id\":\"https:\\\/\\\/infos-droitshumains.net\\\/#website\"},\"primaryImageOfPage\":{\"@id\":\"https:\\\/\\\/infos-droitshumains.net\\\/?p=8001#primaryimage\"},\"image\":{\"@id\":\"https:\\\/\\\/infos-droitshumains.net\\\/?p=8001#primaryimage\"},\"thumbnailUrl\":\"https:\\\/\\\/i0.wp.com\\\/infos-droitshumains.net\\\/wp-content\\\/uploads\\\/2023\\\/09\\\/IMG_20230915_153855_472.jpg?fit=1040%2C700&ssl=1\",\"datePublished\":\"2023-09-16T11:23:51+00:00\",\"dateModified\":\"2023-09-16T11:23:54+00:00\",\"breadcrumb\":{\"@id\":\"https:\\\/\\\/infos-droitshumains.net\\\/?p=8001#breadcrumb\"},\"inLanguage\":\"fr-FR\",\"potentialAction\":[{\"@type\":\"ReadAction\",\"target\":[\"https:\\\/\\\/infos-droitshumains.net\\\/?p=8001\"]}]},{\"@type\":\"ImageObject\",\"inLanguage\":\"fr-FR\",\"@id\":\"https:\\\/\\\/infos-droitshumains.net\\\/?p=8001#primaryimage\",\"url\":\"https:\\\/\\\/i0.wp.com\\\/infos-droitshumains.net\\\/wp-content\\\/uploads\\\/2023\\\/09\\\/IMG_20230915_153855_472.jpg?fit=1040%2C700&ssl=1\",\"contentUrl\":\"https:\\\/\\\/i0.wp.com\\\/infos-droitshumains.net\\\/wp-content\\\/uploads\\\/2023\\\/09\\\/IMG_20230915_153855_472.jpg?fit=1040%2C700&ssl=1\",\"width\":1040,\"height\":700},{\"@type\":\"BreadcrumbList\",\"@id\":\"https:\\\/\\\/infos-droitshumains.net\\\/?p=8001#breadcrumb\",\"itemListElement\":[{\"@type\":\"ListItem\",\"position\":1,\"name\":\"Accueil\",\"item\":\"https:\\\/\\\/infos-droitshumains.net\\\/\"},{\"@type\":\"ListItem\",\"position\":2,\"name\":\"Tribunal de Paix de Kinshasa\\\/ Pont Kasa-Vubu\u00a0: la nouvelle Pr\u00e9sidente Ngoy Sifa invite ses collaborateurs \u00e0 travailler dans l\u2019unit\u00e9 afin de concourir \u00e0 la bonne administration de la justice\"}]},{\"@type\":\"WebSite\",\"@id\":\"https:\\\/\\\/infos-droitshumains.net\\\/#website\",\"url\":\"https:\\\/\\\/infos-droitshumains.net\\\/\",\"name\":\"Infos Droits Humains\",\"description\":\"S&#039;informer est un droit\",\"publisher\":{\"@id\":\"https:\\\/\\\/infos-droitshumains.net\\\/#organization\"},\"potentialAction\":[{\"@type\":\"SearchAction\",\"target\":{\"@type\":\"EntryPoint\",\"urlTemplate\":\"https:\\\/\\\/infos-droitshumains.net\\\/?s={search_term_string}\"},\"query-input\":{\"@type\":\"PropertyValueSpecification\",\"valueRequired\":true,\"valueName\":\"search_term_string\"}}],\"inLanguage\":\"fr-FR\"},{\"@type\":\"Organization\",\"@id\":\"https:\\\/\\\/infos-droitshumains.net\\\/#organization\",\"name\":\"Infos Droits Humains\",\"url\":\"https:\\\/\\\/infos-droitshumains.net\\\/\",\"logo\":{\"@type\":\"ImageObject\",\"inLanguage\":\"fr-FR\",\"@id\":\"https:\\\/\\\/infos-droitshumains.net\\\/#\\\/schema\\\/logo\\\/image\\\/\",\"url\":\"https:\\\/\\\/i0.wp.com\\\/infos-droitshumains.net\\\/wp-content\\\/uploads\\\/2022\\\/05\\\/Logo.png?fit=333%2C129&ssl=1\",\"contentUrl\":\"https:\\\/\\\/i0.wp.com\\\/infos-droitshumains.net\\\/wp-content\\\/uploads\\\/2022\\\/05\\\/Logo.png?fit=333%2C129&ssl=1\",\"width\":333,\"height\":129,\"caption\":\"Infos Droits Humains\"},\"image\":{\"@id\":\"https:\\\/\\\/infos-droitshumains.net\\\/#\\\/schema\\\/logo\\\/image\\\/\"}},{\"@type\":\"Person\",\"@id\":\"https:\\\/\\\/infos-droitshumains.net\\\/#\\\/schema\\\/person\\\/3dc5e921c3302172e0ed4362f96faab7\",\"name\":\"Jo\u00ebl Diawa\",\"image\":{\"@type\":\"ImageObject\",\"inLanguage\":\"fr-FR\",\"@id\":\"https:\\\/\\\/secure.gravatar.com\\\/avatar\\\/729bea6ff4604c624417803c477363be8e3c7186deaa65713313f9b4b820f41c?s=96&d=mm&r=g\",\"url\":\"https:\\\/\\\/secure.gravatar.com\\\/avatar\\\/729bea6ff4604c624417803c477363be8e3c7186deaa65713313f9b4b820f41c?s=96&d=mm&r=g\",\"contentUrl\":\"https:\\\/\\\/secure.gravatar.com\\\/avatar\\\/729bea6ff4604c624417803c477363be8e3c7186deaa65713313f9b4b820f41c?s=96&d=mm&r=g\",\"caption\":\"Jo\u00ebl Diawa\"},\"sameAs\":[\"https:\\\/\\\/www.infos-droitshumains.net\"],\"url\":\"https:\\\/\\\/infos-droitshumains.net\\\/?author=2\"}]}<\/script>\n<!-- \/ Yoast SEO plugin. -->","yoast_head_json":{"title":"Tribunal de Paix de Kinshasa\/ Pont Kasa-Vubu\u00a0: la nouvelle Pr\u00e9sidente Ngoy Sifa invite ses collaborateurs \u00e0 travailler dans l\u2019unit\u00e9 afin de concourir \u00e0 la bonne administration de la justice - Infos Droits Humains","robots":{"index":"index","follow":"follow","max-snippet":"max-snippet:-1","max-image-preview":"max-image-preview:large","max-video-preview":"max-video-preview:-1"},"canonical":"https:\/\/infos-droitshumains.net\/?p=8001","og_locale":"fr_FR","og_type":"article","og_title":"Tribunal de Paix de Kinshasa\/ Pont Kasa-Vubu\u00a0: la nouvelle Pr\u00e9sidente Ngoy Sifa invite ses collaborateurs \u00e0 travailler dans l\u2019unit\u00e9 afin de concourir \u00e0 la bonne administration de la justice - Infos Droits Humains","og_description":"R\u00e9daction :+243817406088 Promue Pr\u00e9sidente du Tribunal de Paix de Kinshasa\/Pont Kasa-Vuba au terme des ordonnances...","og_url":"https:\/\/infos-droitshumains.net\/?p=8001","og_site_name":"Infos Droits Humains","article_published_time":"2023-09-16T11:23:51+00:00","article_modified_time":"2023-09-16T11:23:54+00:00","og_image":[{"width":1040,"height":700,"url":"https:\/\/infos-droitshumains.net\/wp-content\/uploads\/2023\/09\/IMG_20230915_153855_472.jpg","type":"image\/jpeg"}],"author":"Jo\u00ebl Diawa","twitter_card":"summary_large_image","twitter_misc":{"\u00c9crit par":"Jo\u00ebl Diawa","Dur\u00e9e de lecture estim\u00e9e":"2 minutes"},"schema":{"@context":"https:\/\/schema.org","@graph":[{"@type":"Article","@id":"https:\/\/infos-droitshumains.net\/?p=8001#article","isPartOf":{"@id":"https:\/\/infos-droitshumains.net\/?p=8001"},"author":{"name":"Jo\u00ebl Diawa","@id":"https:\/\/infos-droitshumains.net\/#\/schema\/person\/3dc5e921c3302172e0ed4362f96faab7"},"headline":"Tribunal de Paix de Kinshasa\/ Pont Kasa-Vubu\u00a0: la nouvelle Pr\u00e9sidente Ngoy Sifa invite ses collaborateurs \u00e0 travailler dans l\u2019unit\u00e9 afin de concourir \u00e0 la bonne administration de la justice","datePublished":"2023-09-16T11:23:51+00:00","dateModified":"2023-09-16T11:23:54+00:00","mainEntityOfPage":{"@id":"https:\/\/infos-droitshumains.net\/?p=8001"},"wordCount":320,"commentCount":0,"publisher":{"@id":"https:\/\/infos-droitshumains.net\/#organization"},"image":{"@id":"https:\/\/infos-droitshumains.net\/?p=8001#primaryimage"},"thumbnailUrl":"https:\/\/i0.wp.com\/infos-droitshumains.net\/wp-content\/uploads\/2023\/09\/IMG_20230915_153855_472.jpg?fit=1040%2C700&ssl=1","articleSection":["Justice"],"inLanguage":"fr-FR","potentialAction":[{"@type":"CommentAction","name":"Comment","target":["https:\/\/infos-droitshumains.net\/?p=8001#respond"]}]},{"@type":"WebPage","@id":"https:\/\/infos-droitshumains.net\/?p=8001","url":"https:\/\/infos-droitshumains.net\/?p=8001","name":"Tribunal de Paix de Kinshasa\/ Pont Kasa-Vubu\u00a0: la nouvelle Pr\u00e9sidente Ngoy Sifa invite ses collaborateurs \u00e0 travailler dans l\u2019unit\u00e9 afin de concourir \u00e0 la bonne administration de la justice - Infos Droits Humains","isPartOf":{"@id":"https:\/\/infos-droitshumains.net\/#website"},"primaryImageOfPage":{"@id":"https:\/\/infos-droitshumains.net\/?p=8001#primaryimage"},"image":{"@id":"https:\/\/infos-droitshumains.net\/?p=8001#primaryimage"},"thumbnailUrl":"https:\/\/i0.wp.com\/infos-droitshumains.net\/wp-content\/uploads\/2023\/09\/IMG_20230915_153855_472.jpg?fit=1040%2C700&ssl=1","datePublished":"2023-09-16T11:23:51+00:00","dateModified":"2023-09-16T11:23:54+00:00","breadcrumb":{"@id":"https:\/\/infos-droitshumains.net\/?p=8001#breadcrumb"},"inLanguage":"fr-FR","potentialAction":[{"@type":"ReadAction","target":["https:\/\/infos-droitshumains.net\/?p=8001"]}]},{"@type":"ImageObject","inLanguage":"fr-FR","@id":"https:\/\/infos-droitshumains.net\/?p=8001#primaryimage","url":"https:\/\/i0.wp.com\/infos-droitshumains.net\/wp-content\/uploads\/2023\/09\/IMG_20230915_153855_472.jpg?fit=1040%2C700&ssl=1","contentUrl":"https:\/\/i0.wp.com\/infos-droitshumains.net\/wp-content\/uploads\/2023\/09\/IMG_20230915_153855_472.jpg?fit=1040%2C700&ssl=1","width":1040,"height":700},{"@type":"BreadcrumbList","@id":"https:\/\/infos-droitshumains.net\/?p=8001#breadcrumb","itemListElement":[{"@type":"ListItem","position":1,"name":"Accueil","item":"https:\/\/infos-droitshumains.net\/"},{"@type":"ListItem","position":2,"name":"Tribunal de Paix de Kinshasa\/ Pont Kasa-Vubu\u00a0: la nouvelle Pr\u00e9sidente Ngoy Sifa invite ses collaborateurs \u00e0 travailler dans l\u2019unit\u00e9 afin de concourir \u00e0 la bonne administration de la justice"}]},{"@type":"WebSite","@id":"https:\/\/infos-droitshumains.net\/#website","url":"https:\/\/infos-droitshumains.net\/","name":"Infos Droits Humains","description":"S&#039;informer est un droit","publisher":{"@id":"https:\/\/infos-droitshumains.net\/#organization"},"potentialAction":[{"@type":"SearchAction","target":{"@type":"EntryPoint","urlTemplate":"https:\/\/infos-droitshumains.net\/?s={search_term_string}"},"query-input":{"@type":"PropertyValueSpecification","valueRequired":true,"valueName":"search_term_string"}}],"inLanguage":"fr-FR"},{"@type":"Organization","@id":"https:\/\/infos-droitshumains.net\/#organization","name":"Infos Droits Humains","url":"https:\/\/infos-droitshumains.net\/","logo":{"@type":"ImageObject","inLanguage":"fr-FR","@id":"https:\/\/infos-droitshumains.net\/#\/schema\/logo\/image\/","url":"https:\/\/i0.wp.com\/infos-droitshumains.net\/wp-content\/uploads\/2022\/05\/Logo.png?fit=333%2C129&ssl=1","contentUrl":"https:\/\/i0.wp.com\/infos-droitshumains.net\/wp-content\/uploads\/2022\/05\/Logo.png?fit=333%2C129&ssl=1","width":333,"height":129,"caption":"Infos Droits Humains"},"image":{"@id":"https:\/\/infos-droitshumains.net\/#\/schema\/logo\/image\/"}},{"@type":"Person","@id":"https:\/\/infos-droitshumains.net\/#\/schema\/person\/3dc5e921c3302172e0ed4362f96faab7","name":"Jo\u00ebl Diawa","image":{"@type":"ImageObject","inLanguage":"fr-FR","@id":"https:\/\/secure.gravatar.com\/avatar\/729bea6ff4604c624417803c477363be8e3c7186deaa65713313f9b4b820f41c?s=96&d=mm&r=g","url":"https:\/\/secure.gravatar.com\/avatar\/729bea6ff4604c624417803c477363be8e3c7186deaa65713313f9b4b820f41c?s=96&d=mm&r=g","contentUrl":"https:\/\/secure.gravatar.com\/avatar\/729bea6ff4604c624417803c477363be8e3c7186deaa65713313f9b4b820f41c?s=96&d=mm&r=g","caption":"Jo\u00ebl Diawa"},"sameAs":["https:\/\/www.infos-droitshumains.net"],"url":"https:\/\/infos-droitshumains.net\/?author=2"}]}},"featured_image_urls":{"full":["https:\/\/i0.wp.com\/infos-droitshumains.net\/wp-content\/uploads\/2023\/09\/IMG_20230915_153855_472.jpg?fit=1040%2C700&ssl=1",1040,700,false],"thumbnail":["https:\/\/i0.wp.com\/infos-droitshumains.net\/wp-content\/uploads\/2023\/09\/IMG_20230915_153855_472.jpg?resize=150%2C150&ssl=1",150,150,true],"medium":["https:\/\/i0.wp.com\/infos-droitshumains.net\/wp-content\/uploads\/2023\/09\/IMG_20230915_153855_472.jpg?fit=300%2C202&ssl=1",300,202,true],"medium_large":["https:\/\/i0.wp.com\/infos-droitshumains.net\/wp-content\/uploads\/2023\/09\/IMG_20230915_153855_472.jpg?fit=640%2C431&ssl=1",640,431,true],"large":["https:\/\/i0.wp.com\/infos-droitshumains.net\/wp-content\/uploads\/2023\/09\/IMG_20230915_153855_472.jpg?fit=640%2C431&ssl=1",640,431,true],"1536x1536":["https:\/\/i0.wp.com\/infos-droitshumains.net\/wp-content\/uploads\/2023\/09\/IMG_20230915_153855_472.jpg?fit=1040%2C700&ssl=1",1040,700,true],"2048x2048":["https:\/\/i0.wp.com\/infos-droitshumains.net\/wp-content\/uploads\/2023\/09\/IMG_20230915_153855_472.jpg?fit=1040%2C700&ssl=1",1040,700,true],"covernews-slider-full":["https:\/\/i0.wp.com\/infos-droitshumains.net\/wp-content\/uploads\/2023\/09\/IMG_20230915_153855_472.jpg?resize=1040%2C700&ssl=1",1040,700,true],"covernews-slider-center":["https:\/\/i0.wp.com\/infos-droitshumains.net\/wp-content\/uploads\/2023\/09\/IMG_20230915_153855_472.jpg?resize=800%2C500&ssl=1",800,500,true],"covernews-featured":["https:\/\/i0.wp.com\/infos-droitshumains.net\/wp-content\/uploads\/2023\/09\/IMG_20230915_153855_472.jpg?fit=1024%2C689&ssl=1",1024,689,true],"covernews-medium":["https:\/\/i0.wp.com\/infos-droitshumains.net\/wp-content\/uploads\/2023\/09\/IMG_20230915_153855_472.jpg?resize=540%2C340&ssl=1",540,340,true],"covernews-medium-square":["https:\/\/i0.wp.com\/infos-droitshumains.net\/wp-content\/uploads\/2023\/09\/IMG_20230915_153855_472.jpg?resize=400%2C250&ssl=1",400,250,true]},"author_info":{"display_name":"Jo\u00ebl Diawa","author_link":"https:\/\/infos-droitshumains.net\/?author=2"},"category_info":"<a href=\"https:\/\/infos-droitshumains.net\/?cat=6\" rel=\"category\">Justice<\/a>","tag_info":"Justice","comment_count":"0","jetpack_featured_media_url":"https:\/\/i0.wp.com\/infos-droitshumains.net\/wp-content\/uploads\/2023\/09\/IMG_20230915_153855_472.jpg?fit=1040%2C700&ssl=1","jetpack-related-posts":[],"jetpack_sharing_enabled":true,"_links":{"self":[{"href":"https:\/\/infos-droitshumains.net\/index.php?rest_route=\/wp\/v2\/posts\/8001","targetHints":{"allow":["GET"]}}],"collection":[{"href":"https:\/\/infos-droitshumains.net\/index.php?rest_route=\/wp\/v2\/posts"}],"about":[{"href":"https:\/\/infos-droitshumains.net\/index.php?rest_route=\/wp\/v2\/types\/post"}],"author":[{"embeddable":true,"href":"https:\/\/infos-droitshumains.net\/index.php?rest_route=\/wp\/v2\/users\/2"}],"replies":[{"embeddable":true,"href":"https:\/\/infos-droitshumains.net\/index.php?rest_route=%2Fwp%2Fv2%2Fcomments&post=8001"}],"version-history":[{"count":1,"href":"https:\/\/infos-droitshumains.net\/index.php?rest_route=\/wp\/v2\/posts\/8001\/revisions"}],"predecessor-version":[{"id":8002,"href":"https:\/\/infos-droitshumains.net\/index.php?rest_route=\/wp\/v2\/posts\/8001\/revisions\/8002"}],"wp:featuredmedia":[{"embeddable":true,"href":"https:\/\/infos-droitshumains.net\/index.php?rest_route=\/wp\/v2\/media\/7998"}],"wp:attachment":[{"href":"https:\/\/infos-droitshumains.net\/index.php?rest_route=%2Fwp%2Fv2%2Fmedia&parent=8001"}],"wp:term":[{"taxonomy":"category","embeddable":true,"href":"https:\/\/infos-droitshumains.net\/index.php?rest_route=%2Fwp%2Fv2%2Fcategories&post=8001"},{"taxonomy":"post_tag","embeddable":true,"href":"https:\/\/infos-droitshumains.net\/index.php?rest_route=%2Fwp%2Fv2%2Ftags&post=8001"}],"curies":[{"name":"wp","href":"https:\/\/api.w.org\/{rel}","templated":true}]}}