{"id":7986,"date":"2023-09-15T13:16:19","date_gmt":"2023-09-15T11:16:19","guid":{"rendered":"https:\/\/infos-droitshumains.net\/?p=7986"},"modified":"2023-09-15T13:22:28","modified_gmt":"2023-09-15T11:22:28","slug":"tribunal-de-paix-de-kinshasa-assossa-laini-malaika-cede-son-fauteuil-a-theo-kasongo-tshibamba","status":"publish","type":"post","link":"https:\/\/infos-droitshumains.net\/?p=7986","title":{"rendered":"Tribunal de Paix de Kinshasa\/Assossa\u00a0: Laini Malaika c\u00e8de son fauteuil \u00e0 Th\u00e9o Kasongo Tshibamba"},"content":{"rendered":"\n<p><strong>R\u00e9daction :+243817406088<\/strong><\/p>\n\n\n\n<h4 class=\"wp-block-heading has-vivid-red-color has-text-color\"><em>\u00ab&nbsp;Nous souhaitons un fructueux mandat au nouveau pr\u00e9sident, quant \u00e0 nous, nous vous disons au revoir&nbsp;!&nbsp;\u00bb<\/em> Voici les derni\u00e8res paroles de Laini Malaika entant que Pr\u00e9sidente du Tribunal de Paix de Kinshasa\/Assossa. Elle les a dites au cours de la c\u00e9r\u00e9monie de remise et reprise avec Th\u00e9o Kasongo Tshibamba, c\u00e9r\u00e9monie qui a eu lieu le jeudi 15 septembre 2023.<\/h4>\n\n\n\n<p>Devant l\u2019assistance, Laimi Malaika dit \u00eatre sortie du Tripaix Assossa avit une note de satisfaction&nbsp;:<\/p>\n\n\n\n<figure class=\"wp-block-image alignfull size-large\"><img data-recalc-dims=\"1\" fetchpriority=\"high\" decoding=\"async\" width=\"640\" height=\"480\" src=\"https:\/\/i0.wp.com\/infos-droitshumains.net\/wp-content\/uploads\/2023\/09\/IMG-20230915-WA0021_1.jpg?resize=640%2C480&#038;ssl=1\" alt=\"\" class=\"wp-image-7989\" srcset=\"https:\/\/i0.wp.com\/infos-droitshumains.net\/wp-content\/uploads\/2023\/09\/IMG-20230915-WA0021_1.jpg?resize=1024%2C768&amp;ssl=1 1024w, https:\/\/i0.wp.com\/infos-droitshumains.net\/wp-content\/uploads\/2023\/09\/IMG-20230915-WA0021_1.jpg?resize=300%2C225&amp;ssl=1 300w, https:\/\/i0.wp.com\/infos-droitshumains.net\/wp-content\/uploads\/2023\/09\/IMG-20230915-WA0021_1.jpg?resize=768%2C576&amp;ssl=1 768w, https:\/\/i0.wp.com\/infos-droitshumains.net\/wp-content\/uploads\/2023\/09\/IMG-20230915-WA0021_1.jpg?w=1080&amp;ssl=1 1080w\" sizes=\"(max-width: 640px) 100vw, 640px\" \/><\/figure>\n\n\n\n<p><em>\u00ab&nbsp;Je remercie mes collaborateurs pour tout ce temps de collaboration, nous avons eu des hauts et des bas, mais nous pouvons &nbsp;dire que nous nous en sommes sortis tant bien que mal. Nous avons fait \u00e0 notre niveau, ce que nous aurions pu, et nous laissons la suite au nouveau chef de juridiction qui, nous esp\u00e9rons bien, va nous emboiter les pas. J\u2019en appelle \u00e0 vous tous qui \u00eates rest\u00e9s, \u00e0 la bonne collaboration. Nous travaillons pour l\u2019Etat congolais, nous ne travaillions pas pour un individu. Chacun de nous doit savoir marquer son \u00e9poque par son travail bien fait&nbsp;\u00bb<\/em>, a dit celle qui a pass\u00e9 cinq bonnes ann\u00e9es \u00e0 la t\u00eate du Tribunal de paix de Kinshasa\/Assossa.<\/p>\n\n\n\n<p>Ravi de ses nouvelles fonctions, Th\u00e9o Kasongo Tshibamba, pr\u00e9sident entrant de cette juridiction a promu de ne rien \u00ab&nbsp;chambouler&nbsp;\u00bb et de continuer <em>\u00ab&nbsp;l\u00e0 o\u00f9 elle a laiss\u00e9&nbsp;\u00bb<\/em>, sa pr\u00e9d\u00e9cesseur avant de passer un message au personnel du Tribunal&nbsp;:<\/p>\n\n\n\n<figure class=\"wp-block-image alignfull size-large\"><img data-recalc-dims=\"1\" decoding=\"async\" width=\"640\" height=\"480\" src=\"https:\/\/i0.wp.com\/infos-droitshumains.net\/wp-content\/uploads\/2023\/09\/IMG-20230915-WA0025_1.jpg?resize=640%2C480&#038;ssl=1\" alt=\"\" class=\"wp-image-7991\" srcset=\"https:\/\/i0.wp.com\/infos-droitshumains.net\/wp-content\/uploads\/2023\/09\/IMG-20230915-WA0025_1.jpg?resize=1024%2C768&amp;ssl=1 1024w, https:\/\/i0.wp.com\/infos-droitshumains.net\/wp-content\/uploads\/2023\/09\/IMG-20230915-WA0025_1.jpg?resize=300%2C225&amp;ssl=1 300w, https:\/\/i0.wp.com\/infos-droitshumains.net\/wp-content\/uploads\/2023\/09\/IMG-20230915-WA0025_1.jpg?resize=768%2C576&amp;ssl=1 768w, https:\/\/i0.wp.com\/infos-droitshumains.net\/wp-content\/uploads\/2023\/09\/IMG-20230915-WA0025_1.jpg?w=1080&amp;ssl=1 1080w\" sizes=\"(max-width: 640px) 100vw, 640px\" \/><\/figure>\n\n\n\n<p><em>\u00ab&nbsp;Nous sommes tous les acteurs de la justice au service de la nation congolaise. Tout ce que je peux dire \u00e0 nos collaborateurs, nous avons une tache noble, le service public de l\u2019Etat, la justice&nbsp;! Nous devons \u00eatre des personnes \u00e0 qui, la population congolaise trouver la solution. Vous savez tous que le Chef de l\u2019Etat tient beaucoup en la justice et veux relever les d\u00e9fis de notre pays. On dit souvent que la justice \u00e9l\u00e8ve une nation. Nous voulons qu\u2019au travers le travail que nous allons entreprendre ensemble ici, la nation soit \u00e9lev\u00e9e\u2026 Si le Tribunal de paix de Kinshasa\/Assossa peut redorer le blason de la justice de notre pays, c\u2019est toute la RDC qui sera illumin\u00e9e&nbsp;\u00bb<\/em>, a rench\u00e9rit Th\u00e9o Kasongo Tshibamba.<\/p>\n\n\n\n<p>La dite c\u00e9r\u00e9monie s\u2019est d\u00e9roul\u00e9e en pr\u00e9sence de tout le personnel du Tribunal de Paix de Kinshasa\/Assossa qui rendu hommage aux deux pr\u00e9sidents.<\/p>\n\n\n\n<p>Merlin Kamalandua<\/p>\n","protected":false},"excerpt":{"rendered":"<p>R\u00e9daction :+243817406088 \u00ab&nbsp;Nous souhaitons un fructueux mandat au nouveau pr\u00e9sident, quant \u00e0 nous, nous vous&#8230;<\/p>\n","protected":false},"author":2,"featured_media":7988,"comment_status":"open","ping_status":"open","sticky":false,"template":"","format":"standard","meta":{"_jetpack_memberships_contains_paid_content":false,"footnotes":""},"categories":[6],"tags":[],"class_list":["post-7986","post","type-post","status-publish","format-standard","has-post-thumbnail","hentry","category-justice"],"yoast_head":"<!-- This site is optimized with the Yoast SEO plugin v27.5 - https:\/\/yoast.com\/product\/yoast-seo-wordpress\/ -->\n<title>Tribunal de Paix de Kinshasa\/Assossa\u00a0: Laini Malaika c\u00e8de son fauteuil \u00e0 Th\u00e9o Kasongo Tshibamba - Infos Droits Humains<\/title>\n<meta name=\"robots\" content=\"index, follow, max-snippet:-1, max-image-preview:large, max-video-preview:-1\" \/>\n<link rel=\"canonical\" href=\"https:\/\/infos-droitshumains.net\/?p=7986\" \/>\n<meta property=\"og:locale\" content=\"fr_FR\" \/>\n<meta property=\"og:type\" content=\"article\" \/>\n<meta property=\"og:title\" content=\"Tribunal de Paix de Kinshasa\/Assossa\u00a0: Laini Malaika c\u00e8de son fauteuil \u00e0 Th\u00e9o Kasongo Tshibamba - Infos Droits Humains\" \/>\n<meta property=\"og:description\" content=\"R\u00e9daction :+243817406088 \u00ab&nbsp;Nous souhaitons un fructueux mandat au nouveau pr\u00e9sident, quant \u00e0 nous, nous vous...\" \/>\n<meta property=\"og:url\" content=\"https:\/\/infos-droitshumains.net\/?p=7986\" \/>\n<meta property=\"og:site_name\" content=\"Infos Droits Humains\" \/>\n<meta property=\"article:published_time\" content=\"2023-09-15T11:16:19+00:00\" \/>\n<meta property=\"article:modified_time\" content=\"2023-09-15T11:22:28+00:00\" \/>\n<meta property=\"og:image\" content=\"https:\/\/infos-droitshumains.net\/wp-content\/uploads\/2023\/09\/IMG-20230915-WA0026_1.jpg\" \/>\n\t<meta property=\"og:image:width\" content=\"1080\" \/>\n\t<meta property=\"og:image:height\" content=\"755\" \/>\n\t<meta property=\"og:image:type\" content=\"image\/jpeg\" \/>\n<meta name=\"author\" content=\"Jo\u00ebl Diawa\" \/>\n<meta name=\"twitter:card\" content=\"summary_large_image\" \/>\n<meta name=\"twitter:label1\" content=\"\u00c9crit par\" \/>\n\t<meta name=\"twitter:data1\" content=\"Jo\u00ebl Diawa\" \/>\n\t<meta name=\"twitter:label2\" content=\"Dur\u00e9e de lecture estim\u00e9e\" \/>\n\t<meta name=\"twitter:data2\" content=\"3 minutes\" \/>\n<script type=\"application\/ld+json\" class=\"yoast-schema-graph\">{\"@context\":\"https:\\\/\\\/schema.org\",\"@graph\":[{\"@type\":\"Article\",\"@id\":\"https:\\\/\\\/infos-droitshumains.net\\\/?p=7986#article\",\"isPartOf\":{\"@id\":\"https:\\\/\\\/infos-droitshumains.net\\\/?p=7986\"},\"author\":{\"name\":\"Jo\u00ebl Diawa\",\"@id\":\"https:\\\/\\\/infos-droitshumains.net\\\/#\\\/schema\\\/person\\\/3dc5e921c3302172e0ed4362f96faab7\"},\"headline\":\"Tribunal de Paix de Kinshasa\\\/Assossa\u00a0: Laini Malaika c\u00e8de son fauteuil \u00e0 Th\u00e9o Kasongo Tshibamba\",\"datePublished\":\"2023-09-15T11:16:19+00:00\",\"dateModified\":\"2023-09-15T11:22:28+00:00\",\"mainEntityOfPage\":{\"@id\":\"https:\\\/\\\/infos-droitshumains.net\\\/?p=7986\"},\"wordCount\":441,\"commentCount\":0,\"publisher\":{\"@id\":\"https:\\\/\\\/infos-droitshumains.net\\\/#organization\"},\"image\":{\"@id\":\"https:\\\/\\\/infos-droitshumains.net\\\/?p=7986#primaryimage\"},\"thumbnailUrl\":\"https:\\\/\\\/i0.wp.com\\\/infos-droitshumains.net\\\/wp-content\\\/uploads\\\/2023\\\/09\\\/IMG-20230915-WA0026_1.jpg?fit=1080%2C755&ssl=1\",\"articleSection\":[\"Justice\"],\"inLanguage\":\"fr-FR\",\"potentialAction\":[{\"@type\":\"CommentAction\",\"name\":\"Comment\",\"target\":[\"https:\\\/\\\/infos-droitshumains.net\\\/?p=7986#respond\"]}]},{\"@type\":\"WebPage\",\"@id\":\"https:\\\/\\\/infos-droitshumains.net\\\/?p=7986\",\"url\":\"https:\\\/\\\/infos-droitshumains.net\\\/?p=7986\",\"name\":\"Tribunal de Paix de Kinshasa\\\/Assossa\u00a0: Laini Malaika c\u00e8de son fauteuil \u00e0 Th\u00e9o Kasongo Tshibamba - Infos Droits Humains\",\"isPartOf\":{\"@id\":\"https:\\\/\\\/infos-droitshumains.net\\\/#website\"},\"primaryImageOfPage\":{\"@id\":\"https:\\\/\\\/infos-droitshumains.net\\\/?p=7986#primaryimage\"},\"image\":{\"@id\":\"https:\\\/\\\/infos-droitshumains.net\\\/?p=7986#primaryimage\"},\"thumbnailUrl\":\"https:\\\/\\\/i0.wp.com\\\/infos-droitshumains.net\\\/wp-content\\\/uploads\\\/2023\\\/09\\\/IMG-20230915-WA0026_1.jpg?fit=1080%2C755&ssl=1\",\"datePublished\":\"2023-09-15T11:16:19+00:00\",\"dateModified\":\"2023-09-15T11:22:28+00:00\",\"breadcrumb\":{\"@id\":\"https:\\\/\\\/infos-droitshumains.net\\\/?p=7986#breadcrumb\"},\"inLanguage\":\"fr-FR\",\"potentialAction\":[{\"@type\":\"ReadAction\",\"target\":[\"https:\\\/\\\/infos-droitshumains.net\\\/?p=7986\"]}]},{\"@type\":\"ImageObject\",\"inLanguage\":\"fr-FR\",\"@id\":\"https:\\\/\\\/infos-droitshumains.net\\\/?p=7986#primaryimage\",\"url\":\"https:\\\/\\\/i0.wp.com\\\/infos-droitshumains.net\\\/wp-content\\\/uploads\\\/2023\\\/09\\\/IMG-20230915-WA0026_1.jpg?fit=1080%2C755&ssl=1\",\"contentUrl\":\"https:\\\/\\\/i0.wp.com\\\/infos-droitshumains.net\\\/wp-content\\\/uploads\\\/2023\\\/09\\\/IMG-20230915-WA0026_1.jpg?fit=1080%2C755&ssl=1\",\"width\":1080,\"height\":755},{\"@type\":\"BreadcrumbList\",\"@id\":\"https:\\\/\\\/infos-droitshumains.net\\\/?p=7986#breadcrumb\",\"itemListElement\":[{\"@type\":\"ListItem\",\"position\":1,\"name\":\"Accueil\",\"item\":\"https:\\\/\\\/infos-droitshumains.net\\\/\"},{\"@type\":\"ListItem\",\"position\":2,\"name\":\"Tribunal de Paix de Kinshasa\\\/Assossa\u00a0: Laini Malaika c\u00e8de son fauteuil \u00e0 Th\u00e9o Kasongo Tshibamba\"}]},{\"@type\":\"WebSite\",\"@id\":\"https:\\\/\\\/infos-droitshumains.net\\\/#website\",\"url\":\"https:\\\/\\\/infos-droitshumains.net\\\/\",\"name\":\"Infos Droits Humains\",\"description\":\"S&#039;informer est un droit\",\"publisher\":{\"@id\":\"https:\\\/\\\/infos-droitshumains.net\\\/#organization\"},\"potentialAction\":[{\"@type\":\"SearchAction\",\"target\":{\"@type\":\"EntryPoint\",\"urlTemplate\":\"https:\\\/\\\/infos-droitshumains.net\\\/?s={search_term_string}\"},\"query-input\":{\"@type\":\"PropertyValueSpecification\",\"valueRequired\":true,\"valueName\":\"search_term_string\"}}],\"inLanguage\":\"fr-FR\"},{\"@type\":\"Organization\",\"@id\":\"https:\\\/\\\/infos-droitshumains.net\\\/#organization\",\"name\":\"Infos Droits Humains\",\"url\":\"https:\\\/\\\/infos-droitshumains.net\\\/\",\"logo\":{\"@type\":\"ImageObject\",\"inLanguage\":\"fr-FR\",\"@id\":\"https:\\\/\\\/infos-droitshumains.net\\\/#\\\/schema\\\/logo\\\/image\\\/\",\"url\":\"https:\\\/\\\/i0.wp.com\\\/infos-droitshumains.net\\\/wp-content\\\/uploads\\\/2022\\\/05\\\/Logo.png?fit=333%2C129&ssl=1\",\"contentUrl\":\"https:\\\/\\\/i0.wp.com\\\/infos-droitshumains.net\\\/wp-content\\\/uploads\\\/2022\\\/05\\\/Logo.png?fit=333%2C129&ssl=1\",\"width\":333,\"height\":129,\"caption\":\"Infos Droits Humains\"},\"image\":{\"@id\":\"https:\\\/\\\/infos-droitshumains.net\\\/#\\\/schema\\\/logo\\\/image\\\/\"}},{\"@type\":\"Person\",\"@id\":\"https:\\\/\\\/infos-droitshumains.net\\\/#\\\/schema\\\/person\\\/3dc5e921c3302172e0ed4362f96faab7\",\"name\":\"Jo\u00ebl Diawa\",\"image\":{\"@type\":\"ImageObject\",\"inLanguage\":\"fr-FR\",\"@id\":\"https:\\\/\\\/secure.gravatar.com\\\/avatar\\\/729bea6ff4604c624417803c477363be8e3c7186deaa65713313f9b4b820f41c?s=96&d=mm&r=g\",\"url\":\"https:\\\/\\\/secure.gravatar.com\\\/avatar\\\/729bea6ff4604c624417803c477363be8e3c7186deaa65713313f9b4b820f41c?s=96&d=mm&r=g\",\"contentUrl\":\"https:\\\/\\\/secure.gravatar.com\\\/avatar\\\/729bea6ff4604c624417803c477363be8e3c7186deaa65713313f9b4b820f41c?s=96&d=mm&r=g\",\"caption\":\"Jo\u00ebl Diawa\"},\"sameAs\":[\"https:\\\/\\\/www.infos-droitshumains.net\"],\"url\":\"https:\\\/\\\/infos-droitshumains.net\\\/?author=2\"}]}<\/script>\n<!-- \/ Yoast SEO plugin. -->","yoast_head_json":{"title":"Tribunal de Paix de Kinshasa\/Assossa\u00a0: Laini Malaika c\u00e8de son fauteuil \u00e0 Th\u00e9o Kasongo Tshibamba - Infos Droits Humains","robots":{"index":"index","follow":"follow","max-snippet":"max-snippet:-1","max-image-preview":"max-image-preview:large","max-video-preview":"max-video-preview:-1"},"canonical":"https:\/\/infos-droitshumains.net\/?p=7986","og_locale":"fr_FR","og_type":"article","og_title":"Tribunal de Paix de Kinshasa\/Assossa\u00a0: Laini Malaika c\u00e8de son fauteuil \u00e0 Th\u00e9o Kasongo Tshibamba - Infos Droits Humains","og_description":"R\u00e9daction :+243817406088 \u00ab&nbsp;Nous souhaitons un fructueux mandat au nouveau pr\u00e9sident, quant \u00e0 nous, nous vous...","og_url":"https:\/\/infos-droitshumains.net\/?p=7986","og_site_name":"Infos Droits Humains","article_published_time":"2023-09-15T11:16:19+00:00","article_modified_time":"2023-09-15T11:22:28+00:00","og_image":[{"width":1080,"height":755,"url":"https:\/\/infos-droitshumains.net\/wp-content\/uploads\/2023\/09\/IMG-20230915-WA0026_1.jpg","type":"image\/jpeg"}],"author":"Jo\u00ebl Diawa","twitter_card":"summary_large_image","twitter_misc":{"\u00c9crit par":"Jo\u00ebl Diawa","Dur\u00e9e de lecture estim\u00e9e":"3 minutes"},"schema":{"@context":"https:\/\/schema.org","@graph":[{"@type":"Article","@id":"https:\/\/infos-droitshumains.net\/?p=7986#article","isPartOf":{"@id":"https:\/\/infos-droitshumains.net\/?p=7986"},"author":{"name":"Jo\u00ebl Diawa","@id":"https:\/\/infos-droitshumains.net\/#\/schema\/person\/3dc5e921c3302172e0ed4362f96faab7"},"headline":"Tribunal de Paix de Kinshasa\/Assossa\u00a0: Laini Malaika c\u00e8de son fauteuil \u00e0 Th\u00e9o Kasongo Tshibamba","datePublished":"2023-09-15T11:16:19+00:00","dateModified":"2023-09-15T11:22:28+00:00","mainEntityOfPage":{"@id":"https:\/\/infos-droitshumains.net\/?p=7986"},"wordCount":441,"commentCount":0,"publisher":{"@id":"https:\/\/infos-droitshumains.net\/#organization"},"image":{"@id":"https:\/\/infos-droitshumains.net\/?p=7986#primaryimage"},"thumbnailUrl":"https:\/\/i0.wp.com\/infos-droitshumains.net\/wp-content\/uploads\/2023\/09\/IMG-20230915-WA0026_1.jpg?fit=1080%2C755&ssl=1","articleSection":["Justice"],"inLanguage":"fr-FR","potentialAction":[{"@type":"CommentAction","name":"Comment","target":["https:\/\/infos-droitshumains.net\/?p=7986#respond"]}]},{"@type":"WebPage","@id":"https:\/\/infos-droitshumains.net\/?p=7986","url":"https:\/\/infos-droitshumains.net\/?p=7986","name":"Tribunal de Paix de Kinshasa\/Assossa\u00a0: Laini Malaika c\u00e8de son fauteuil \u00e0 Th\u00e9o Kasongo Tshibamba - Infos Droits Humains","isPartOf":{"@id":"https:\/\/infos-droitshumains.net\/#website"},"primaryImageOfPage":{"@id":"https:\/\/infos-droitshumains.net\/?p=7986#primaryimage"},"image":{"@id":"https:\/\/infos-droitshumains.net\/?p=7986#primaryimage"},"thumbnailUrl":"https:\/\/i0.wp.com\/infos-droitshumains.net\/wp-content\/uploads\/2023\/09\/IMG-20230915-WA0026_1.jpg?fit=1080%2C755&ssl=1","datePublished":"2023-09-15T11:16:19+00:00","dateModified":"2023-09-15T11:22:28+00:00","breadcrumb":{"@id":"https:\/\/infos-droitshumains.net\/?p=7986#breadcrumb"},"inLanguage":"fr-FR","potentialAction":[{"@type":"ReadAction","target":["https:\/\/infos-droitshumains.net\/?p=7986"]}]},{"@type":"ImageObject","inLanguage":"fr-FR","@id":"https:\/\/infos-droitshumains.net\/?p=7986#primaryimage","url":"https:\/\/i0.wp.com\/infos-droitshumains.net\/wp-content\/uploads\/2023\/09\/IMG-20230915-WA0026_1.jpg?fit=1080%2C755&ssl=1","contentUrl":"https:\/\/i0.wp.com\/infos-droitshumains.net\/wp-content\/uploads\/2023\/09\/IMG-20230915-WA0026_1.jpg?fit=1080%2C755&ssl=1","width":1080,"height":755},{"@type":"BreadcrumbList","@id":"https:\/\/infos-droitshumains.net\/?p=7986#breadcrumb","itemListElement":[{"@type":"ListItem","position":1,"name":"Accueil","item":"https:\/\/infos-droitshumains.net\/"},{"@type":"ListItem","position":2,"name":"Tribunal de Paix de Kinshasa\/Assossa\u00a0: Laini Malaika c\u00e8de son fauteuil \u00e0 Th\u00e9o Kasongo Tshibamba"}]},{"@type":"WebSite","@id":"https:\/\/infos-droitshumains.net\/#website","url":"https:\/\/infos-droitshumains.net\/","name":"Infos Droits Humains","description":"S&#039;informer est un droit","publisher":{"@id":"https:\/\/infos-droitshumains.net\/#organization"},"potentialAction":[{"@type":"SearchAction","target":{"@type":"EntryPoint","urlTemplate":"https:\/\/infos-droitshumains.net\/?s={search_term_string}"},"query-input":{"@type":"PropertyValueSpecification","valueRequired":true,"valueName":"search_term_string"}}],"inLanguage":"fr-FR"},{"@type":"Organization","@id":"https:\/\/infos-droitshumains.net\/#organization","name":"Infos Droits Humains","url":"https:\/\/infos-droitshumains.net\/","logo":{"@type":"ImageObject","inLanguage":"fr-FR","@id":"https:\/\/infos-droitshumains.net\/#\/schema\/logo\/image\/","url":"https:\/\/i0.wp.com\/infos-droitshumains.net\/wp-content\/uploads\/2022\/05\/Logo.png?fit=333%2C129&ssl=1","contentUrl":"https:\/\/i0.wp.com\/infos-droitshumains.net\/wp-content\/uploads\/2022\/05\/Logo.png?fit=333%2C129&ssl=1","width":333,"height":129,"caption":"Infos Droits Humains"},"image":{"@id":"https:\/\/infos-droitshumains.net\/#\/schema\/logo\/image\/"}},{"@type":"Person","@id":"https:\/\/infos-droitshumains.net\/#\/schema\/person\/3dc5e921c3302172e0ed4362f96faab7","name":"Jo\u00ebl Diawa","image":{"@type":"ImageObject","inLanguage":"fr-FR","@id":"https:\/\/secure.gravatar.com\/avatar\/729bea6ff4604c624417803c477363be8e3c7186deaa65713313f9b4b820f41c?s=96&d=mm&r=g","url":"https:\/\/secure.gravatar.com\/avatar\/729bea6ff4604c624417803c477363be8e3c7186deaa65713313f9b4b820f41c?s=96&d=mm&r=g","contentUrl":"https:\/\/secure.gravatar.com\/avatar\/729bea6ff4604c624417803c477363be8e3c7186deaa65713313f9b4b820f41c?s=96&d=mm&r=g","caption":"Jo\u00ebl Diawa"},"sameAs":["https:\/\/www.infos-droitshumains.net"],"url":"https:\/\/infos-droitshumains.net\/?author=2"}]}},"featured_image_urls":{"full":["https:\/\/i0.wp.com\/infos-droitshumains.net\/wp-content\/uploads\/2023\/09\/IMG-20230915-WA0026_1.jpg?fit=1080%2C755&ssl=1",1080,755,false],"thumbnail":["https:\/\/i0.wp.com\/infos-droitshumains.net\/wp-content\/uploads\/2023\/09\/IMG-20230915-WA0026_1.jpg?resize=150%2C150&ssl=1",150,150,true],"medium":["https:\/\/i0.wp.com\/infos-droitshumains.net\/wp-content\/uploads\/2023\/09\/IMG-20230915-WA0026_1.jpg?fit=300%2C210&ssl=1",300,210,true],"medium_large":["https:\/\/i0.wp.com\/infos-droitshumains.net\/wp-content\/uploads\/2023\/09\/IMG-20230915-WA0026_1.jpg?fit=640%2C448&ssl=1",640,448,true],"large":["https:\/\/i0.wp.com\/infos-droitshumains.net\/wp-content\/uploads\/2023\/09\/IMG-20230915-WA0026_1.jpg?fit=640%2C448&ssl=1",640,448,true],"1536x1536":["https:\/\/i0.wp.com\/infos-droitshumains.net\/wp-content\/uploads\/2023\/09\/IMG-20230915-WA0026_1.jpg?fit=1080%2C755&ssl=1",1080,755,true],"2048x2048":["https:\/\/i0.wp.com\/infos-droitshumains.net\/wp-content\/uploads\/2023\/09\/IMG-20230915-WA0026_1.jpg?fit=1080%2C755&ssl=1",1080,755,true],"covernews-slider-full":["https:\/\/i0.wp.com\/infos-droitshumains.net\/wp-content\/uploads\/2023\/09\/IMG-20230915-WA0026_1.jpg?resize=1080%2C715&ssl=1",1080,715,true],"covernews-slider-center":["https:\/\/i0.wp.com\/infos-droitshumains.net\/wp-content\/uploads\/2023\/09\/IMG-20230915-WA0026_1.jpg?resize=800%2C500&ssl=1",800,500,true],"covernews-featured":["https:\/\/i0.wp.com\/infos-droitshumains.net\/wp-content\/uploads\/2023\/09\/IMG-20230915-WA0026_1.jpg?fit=1024%2C716&ssl=1",1024,716,true],"covernews-medium":["https:\/\/i0.wp.com\/infos-droitshumains.net\/wp-content\/uploads\/2023\/09\/IMG-20230915-WA0026_1.jpg?resize=540%2C340&ssl=1",540,340,true],"covernews-medium-square":["https:\/\/i0.wp.com\/infos-droitshumains.net\/wp-content\/uploads\/2023\/09\/IMG-20230915-WA0026_1.jpg?resize=400%2C250&ssl=1",400,250,true]},"author_info":{"display_name":"Jo\u00ebl Diawa","author_link":"https:\/\/infos-droitshumains.net\/?author=2"},"category_info":"<a href=\"https:\/\/infos-droitshumains.net\/?cat=6\" rel=\"category\">Justice<\/a>","tag_info":"Justice","comment_count":"0","jetpack_featured_media_url":"https:\/\/i0.wp.com\/infos-droitshumains.net\/wp-content\/uploads\/2023\/09\/IMG-20230915-WA0026_1.jpg?fit=1080%2C755&ssl=1","jetpack-related-posts":[],"jetpack_sharing_enabled":true,"_links":{"self":[{"href":"https:\/\/infos-droitshumains.net\/index.php?rest_route=\/wp\/v2\/posts\/7986","targetHints":{"allow":["GET"]}}],"collection":[{"href":"https:\/\/infos-droitshumains.net\/index.php?rest_route=\/wp\/v2\/posts"}],"about":[{"href":"https:\/\/infos-droitshumains.net\/index.php?rest_route=\/wp\/v2\/types\/post"}],"author":[{"embeddable":true,"href":"https:\/\/infos-droitshumains.net\/index.php?rest_route=\/wp\/v2\/users\/2"}],"replies":[{"embeddable":true,"href":"https:\/\/infos-droitshumains.net\/index.php?rest_route=%2Fwp%2Fv2%2Fcomments&post=7986"}],"version-history":[{"count":5,"href":"https:\/\/infos-droitshumains.net\/index.php?rest_route=\/wp\/v2\/posts\/7986\/revisions"}],"predecessor-version":[{"id":7995,"href":"https:\/\/infos-droitshumains.net\/index.php?rest_route=\/wp\/v2\/posts\/7986\/revisions\/7995"}],"wp:featuredmedia":[{"embeddable":true,"href":"https:\/\/infos-droitshumains.net\/index.php?rest_route=\/wp\/v2\/media\/7988"}],"wp:attachment":[{"href":"https:\/\/infos-droitshumains.net\/index.php?rest_route=%2Fwp%2Fv2%2Fmedia&parent=7986"}],"wp:term":[{"taxonomy":"category","embeddable":true,"href":"https:\/\/infos-droitshumains.net\/index.php?rest_route=%2Fwp%2Fv2%2Fcategories&post=7986"},{"taxonomy":"post_tag","embeddable":true,"href":"https:\/\/infos-droitshumains.net\/index.php?rest_route=%2Fwp%2Fv2%2Ftags&post=7986"}],"curies":[{"name":"wp","href":"https:\/\/api.w.org\/{rel}","templated":true}]}}