{"id":7973,"date":"2023-09-14T11:52:21","date_gmt":"2023-09-14T09:52:21","guid":{"rendered":"https:\/\/infos-droitshumains.net\/?p=7973"},"modified":"2023-09-14T13:03:37","modified_gmt":"2023-09-14T11:03:37","slug":"tribunal-de-commerce-de-kinshasa-matete-albert-kasanga-remplace-des-bonnes-hubert-mbuku","status":"publish","type":"post","link":"https:\/\/infos-droitshumains.net\/?p=7973","title":{"rendered":"Tribunal de Commerce de Kinshasa\/Matete: Hubert Mbuku sort, Albert Kasanga entre"},"content":{"rendered":"\n<p><strong>R\u00e9daction :+243817406088<\/strong><\/p>\n\n\n\n<h4 class=\"wp-block-heading has-vivid-red-color has-text-color\"><i style=\"font-size: revert; color: initial;\">\u00ab&nbsp;Je vais travailler dans l\u2019optique de redorer l\u2019image de la juridiction qui m\u2019a \u00e9t\u00e9 confi\u00e9e&nbsp;\u00bb<\/i><span style=\"font-size: revert; color: initial;\">&nbsp;! C\u2019est avec ces mots qu\u2019Albert Kasanga, nouveau Pr\u00e9sident du Tribunal de Commerce de Kinshasa\/Matete a officiellement pris possession de ses fonctions ce mercredi 13 septembre, en remplacement d\u2019Hubert Mbuku Munganga.<\/span><\/h4>\n\n\n<p class=\"MsoNormal\"><span style=\"color: initial; font-size: revert;\">La c\u00e9r\u00e9monie de remise et reprise a commenc\u00e9 par un \u00a0t\u00eate-\u00e0-t\u00eate entre Hubert Mbuku et Albert Kasanga avant que le sortant ne conduise son successeur \u00e0 une visite de locaux abritant cette juridiction puis, lui prodiguer quelques conseils :<\/span><\/p>\n\n<p class=\"MsoNormal\"><i style=\"font-size: revert; color: initial;\">\u00ab\u00a0C\u2019est un sentiment de joie de lui passer la main et je ne peux que lui souhaiter bon succ\u00e8s. D\u2019abord c\u2019est un magistrat de carri\u00e8re, il a appris \u00e0 bien travailler, je ne peux que l\u2019amener \u00e0 comprendre que c\u2019est un autre milieu, c\u2019est question qu\u2019il soit souple et qu\u2019il travaille en toute conscience conscience\u00a0\u00bb<\/i><span style=\"font-size: revert; color: initial;\">, lui a-t-il conseill\u00e9.<\/span><\/p>\n<p>Albert Kasanga a promis, de porter haut l&rsquo;\u00e9tendard du Tribunal de Commerce de Kinshasa\/Matete:<\/p>\n\n\n<p><i style=\"font-size: revert; color: initial;\">\u00ab Premi\u00e8rement, je remercie l\u2019\u00e9ternel, le maitre des temps et des circonstances, c\u2019est lui qui m\u2019a choisi parmi tant d\u2019autre afin de prendre la t\u00eate de cette grande juridiction. Deuxi\u00e8mement, je remercie le Chef de l\u2019\u00c9tat qui a d\u00e9cid\u00e9 de pouvoir me designer diriger cette grande juridiction. Nous sommes les gestionnaires de ceux-l\u00e0 qui posent les actes de commerce, et pour cela, nous allons \u00e9voluer toujours dans ce lancer-l\u00e0 pour redorer l\u2019image de cette juridiction qui nous a \u00e9t\u00e9 confi\u00e9 \u00bb, <\/i>a dit le nouveau pr\u00e9sident.<\/p>\n\n\n<p class=\"MsoNormal\"><span style=\"color: initial; font-size: revert;\">Sp\u00e9cialiste du droit commercial, Albert Kasanga a prest\u00e9 entre 2016 et 2021 respectivement au Tribunal de Commerce de Kinshasa\/Gombe et au Tribunal de Commerce de Lubumbashi. Tous les indicateurs sont clairs,\u00a0 il assumera correctement les responsabilit\u00e9s qui lui sont confi\u00e9es.<\/span><\/p>\n\n<p class=\"MsoNormal\"><span style=\"font-size: revert; color: initial;\">Merlin Kamalandua <\/span><\/p>","protected":false},"excerpt":{"rendered":"<p>R\u00e9daction :+243817406088 \u00ab&nbsp;Je vais travailler dans l\u2019optique de redorer l\u2019image de la juridiction qui m\u2019a&#8230;<\/p>\n","protected":false},"author":2,"featured_media":7982,"comment_status":"open","ping_status":"open","sticky":false,"template":"","format":"standard","meta":{"_jetpack_memberships_contains_paid_content":false,"footnotes":""},"categories":[6],"tags":[],"class_list":["post-7973","post","type-post","status-publish","format-standard","has-post-thumbnail","hentry","category-justice"],"yoast_head":"<!-- This site is optimized with the Yoast SEO plugin v27.5 - https:\/\/yoast.com\/product\/yoast-seo-wordpress\/ -->\n<title>Tribunal de Commerce de Kinshasa\/Matete: Hubert Mbuku sort, Albert Kasanga entre - Infos Droits Humains<\/title>\n<meta name=\"robots\" content=\"index, follow, max-snippet:-1, max-image-preview:large, max-video-preview:-1\" \/>\n<link rel=\"canonical\" href=\"https:\/\/infos-droitshumains.net\/?p=7973\" \/>\n<meta property=\"og:locale\" content=\"fr_FR\" \/>\n<meta property=\"og:type\" content=\"article\" \/>\n<meta property=\"og:title\" content=\"Tribunal de Commerce de Kinshasa\/Matete: Hubert Mbuku sort, Albert Kasanga entre - Infos Droits Humains\" \/>\n<meta property=\"og:description\" content=\"R\u00e9daction :+243817406088 \u00ab&nbsp;Je vais travailler dans l\u2019optique de redorer l\u2019image de la juridiction qui m\u2019a...\" \/>\n<meta property=\"og:url\" content=\"https:\/\/infos-droitshumains.net\/?p=7973\" \/>\n<meta property=\"og:site_name\" content=\"Infos Droits Humains\" \/>\n<meta property=\"article:published_time\" content=\"2023-09-14T09:52:21+00:00\" \/>\n<meta property=\"article:modified_time\" content=\"2023-09-14T11:03:37+00:00\" \/>\n<meta property=\"og:image\" content=\"https:\/\/infos-droitshumains.net\/wp-content\/uploads\/2023\/09\/IMG-20230914-WA0022_1.jpg\" \/>\n\t<meta property=\"og:image:width\" content=\"1080\" \/>\n\t<meta property=\"og:image:height\" content=\"697\" \/>\n\t<meta property=\"og:image:type\" content=\"image\/jpeg\" \/>\n<meta name=\"author\" content=\"Jo\u00ebl Diawa\" \/>\n<meta name=\"twitter:card\" content=\"summary_large_image\" \/>\n<meta name=\"twitter:label1\" content=\"\u00c9crit par\" \/>\n\t<meta name=\"twitter:data1\" content=\"Jo\u00ebl Diawa\" \/>\n\t<meta name=\"twitter:label2\" content=\"Dur\u00e9e de lecture estim\u00e9e\" \/>\n\t<meta name=\"twitter:data2\" content=\"2 minutes\" \/>\n<script type=\"application\/ld+json\" class=\"yoast-schema-graph\">{\"@context\":\"https:\\\/\\\/schema.org\",\"@graph\":[{\"@type\":\"Article\",\"@id\":\"https:\\\/\\\/infos-droitshumains.net\\\/?p=7973#article\",\"isPartOf\":{\"@id\":\"https:\\\/\\\/infos-droitshumains.net\\\/?p=7973\"},\"author\":{\"name\":\"Jo\u00ebl Diawa\",\"@id\":\"https:\\\/\\\/infos-droitshumains.net\\\/#\\\/schema\\\/person\\\/3dc5e921c3302172e0ed4362f96faab7\"},\"headline\":\"Tribunal de Commerce de Kinshasa\\\/Matete: Hubert Mbuku sort, Albert Kasanga entre\",\"datePublished\":\"2023-09-14T09:52:21+00:00\",\"dateModified\":\"2023-09-14T11:03:37+00:00\",\"mainEntityOfPage\":{\"@id\":\"https:\\\/\\\/infos-droitshumains.net\\\/?p=7973\"},\"wordCount\":333,\"commentCount\":0,\"publisher\":{\"@id\":\"https:\\\/\\\/infos-droitshumains.net\\\/#organization\"},\"image\":{\"@id\":\"https:\\\/\\\/infos-droitshumains.net\\\/?p=7973#primaryimage\"},\"thumbnailUrl\":\"https:\\\/\\\/i0.wp.com\\\/infos-droitshumains.net\\\/wp-content\\\/uploads\\\/2023\\\/09\\\/IMG-20230914-WA0022_1.jpg?fit=1080%2C697&ssl=1\",\"articleSection\":[\"Justice\"],\"inLanguage\":\"fr-FR\",\"potentialAction\":[{\"@type\":\"CommentAction\",\"name\":\"Comment\",\"target\":[\"https:\\\/\\\/infos-droitshumains.net\\\/?p=7973#respond\"]}]},{\"@type\":\"WebPage\",\"@id\":\"https:\\\/\\\/infos-droitshumains.net\\\/?p=7973\",\"url\":\"https:\\\/\\\/infos-droitshumains.net\\\/?p=7973\",\"name\":\"Tribunal de Commerce de Kinshasa\\\/Matete: Hubert Mbuku sort, Albert Kasanga entre - Infos Droits Humains\",\"isPartOf\":{\"@id\":\"https:\\\/\\\/infos-droitshumains.net\\\/#website\"},\"primaryImageOfPage\":{\"@id\":\"https:\\\/\\\/infos-droitshumains.net\\\/?p=7973#primaryimage\"},\"image\":{\"@id\":\"https:\\\/\\\/infos-droitshumains.net\\\/?p=7973#primaryimage\"},\"thumbnailUrl\":\"https:\\\/\\\/i0.wp.com\\\/infos-droitshumains.net\\\/wp-content\\\/uploads\\\/2023\\\/09\\\/IMG-20230914-WA0022_1.jpg?fit=1080%2C697&ssl=1\",\"datePublished\":\"2023-09-14T09:52:21+00:00\",\"dateModified\":\"2023-09-14T11:03:37+00:00\",\"breadcrumb\":{\"@id\":\"https:\\\/\\\/infos-droitshumains.net\\\/?p=7973#breadcrumb\"},\"inLanguage\":\"fr-FR\",\"potentialAction\":[{\"@type\":\"ReadAction\",\"target\":[\"https:\\\/\\\/infos-droitshumains.net\\\/?p=7973\"]}]},{\"@type\":\"ImageObject\",\"inLanguage\":\"fr-FR\",\"@id\":\"https:\\\/\\\/infos-droitshumains.net\\\/?p=7973#primaryimage\",\"url\":\"https:\\\/\\\/i0.wp.com\\\/infos-droitshumains.net\\\/wp-content\\\/uploads\\\/2023\\\/09\\\/IMG-20230914-WA0022_1.jpg?fit=1080%2C697&ssl=1\",\"contentUrl\":\"https:\\\/\\\/i0.wp.com\\\/infos-droitshumains.net\\\/wp-content\\\/uploads\\\/2023\\\/09\\\/IMG-20230914-WA0022_1.jpg?fit=1080%2C697&ssl=1\",\"width\":1080,\"height\":697},{\"@type\":\"BreadcrumbList\",\"@id\":\"https:\\\/\\\/infos-droitshumains.net\\\/?p=7973#breadcrumb\",\"itemListElement\":[{\"@type\":\"ListItem\",\"position\":1,\"name\":\"Accueil\",\"item\":\"https:\\\/\\\/infos-droitshumains.net\\\/\"},{\"@type\":\"ListItem\",\"position\":2,\"name\":\"Tribunal de Commerce de Kinshasa\\\/Matete: Hubert Mbuku sort, Albert Kasanga entre\"}]},{\"@type\":\"WebSite\",\"@id\":\"https:\\\/\\\/infos-droitshumains.net\\\/#website\",\"url\":\"https:\\\/\\\/infos-droitshumains.net\\\/\",\"name\":\"Infos Droits Humains\",\"description\":\"S&#039;informer est un droit\",\"publisher\":{\"@id\":\"https:\\\/\\\/infos-droitshumains.net\\\/#organization\"},\"potentialAction\":[{\"@type\":\"SearchAction\",\"target\":{\"@type\":\"EntryPoint\",\"urlTemplate\":\"https:\\\/\\\/infos-droitshumains.net\\\/?s={search_term_string}\"},\"query-input\":{\"@type\":\"PropertyValueSpecification\",\"valueRequired\":true,\"valueName\":\"search_term_string\"}}],\"inLanguage\":\"fr-FR\"},{\"@type\":\"Organization\",\"@id\":\"https:\\\/\\\/infos-droitshumains.net\\\/#organization\",\"name\":\"Infos Droits Humains\",\"url\":\"https:\\\/\\\/infos-droitshumains.net\\\/\",\"logo\":{\"@type\":\"ImageObject\",\"inLanguage\":\"fr-FR\",\"@id\":\"https:\\\/\\\/infos-droitshumains.net\\\/#\\\/schema\\\/logo\\\/image\\\/\",\"url\":\"https:\\\/\\\/i0.wp.com\\\/infos-droitshumains.net\\\/wp-content\\\/uploads\\\/2022\\\/05\\\/Logo.png?fit=333%2C129&ssl=1\",\"contentUrl\":\"https:\\\/\\\/i0.wp.com\\\/infos-droitshumains.net\\\/wp-content\\\/uploads\\\/2022\\\/05\\\/Logo.png?fit=333%2C129&ssl=1\",\"width\":333,\"height\":129,\"caption\":\"Infos Droits Humains\"},\"image\":{\"@id\":\"https:\\\/\\\/infos-droitshumains.net\\\/#\\\/schema\\\/logo\\\/image\\\/\"}},{\"@type\":\"Person\",\"@id\":\"https:\\\/\\\/infos-droitshumains.net\\\/#\\\/schema\\\/person\\\/3dc5e921c3302172e0ed4362f96faab7\",\"name\":\"Jo\u00ebl Diawa\",\"image\":{\"@type\":\"ImageObject\",\"inLanguage\":\"fr-FR\",\"@id\":\"https:\\\/\\\/secure.gravatar.com\\\/avatar\\\/729bea6ff4604c624417803c477363be8e3c7186deaa65713313f9b4b820f41c?s=96&d=mm&r=g\",\"url\":\"https:\\\/\\\/secure.gravatar.com\\\/avatar\\\/729bea6ff4604c624417803c477363be8e3c7186deaa65713313f9b4b820f41c?s=96&d=mm&r=g\",\"contentUrl\":\"https:\\\/\\\/secure.gravatar.com\\\/avatar\\\/729bea6ff4604c624417803c477363be8e3c7186deaa65713313f9b4b820f41c?s=96&d=mm&r=g\",\"caption\":\"Jo\u00ebl Diawa\"},\"sameAs\":[\"https:\\\/\\\/www.infos-droitshumains.net\"],\"url\":\"https:\\\/\\\/infos-droitshumains.net\\\/?author=2\"}]}<\/script>\n<!-- \/ Yoast SEO plugin. -->","yoast_head_json":{"title":"Tribunal de Commerce de Kinshasa\/Matete: Hubert Mbuku sort, Albert Kasanga entre - Infos Droits Humains","robots":{"index":"index","follow":"follow","max-snippet":"max-snippet:-1","max-image-preview":"max-image-preview:large","max-video-preview":"max-video-preview:-1"},"canonical":"https:\/\/infos-droitshumains.net\/?p=7973","og_locale":"fr_FR","og_type":"article","og_title":"Tribunal de Commerce de Kinshasa\/Matete: Hubert Mbuku sort, Albert Kasanga entre - Infos Droits Humains","og_description":"R\u00e9daction :+243817406088 \u00ab&nbsp;Je vais travailler dans l\u2019optique de redorer l\u2019image de la juridiction qui m\u2019a...","og_url":"https:\/\/infos-droitshumains.net\/?p=7973","og_site_name":"Infos Droits Humains","article_published_time":"2023-09-14T09:52:21+00:00","article_modified_time":"2023-09-14T11:03:37+00:00","og_image":[{"width":1080,"height":697,"url":"https:\/\/infos-droitshumains.net\/wp-content\/uploads\/2023\/09\/IMG-20230914-WA0022_1.jpg","type":"image\/jpeg"}],"author":"Jo\u00ebl Diawa","twitter_card":"summary_large_image","twitter_misc":{"\u00c9crit par":"Jo\u00ebl Diawa","Dur\u00e9e de lecture estim\u00e9e":"2 minutes"},"schema":{"@context":"https:\/\/schema.org","@graph":[{"@type":"Article","@id":"https:\/\/infos-droitshumains.net\/?p=7973#article","isPartOf":{"@id":"https:\/\/infos-droitshumains.net\/?p=7973"},"author":{"name":"Jo\u00ebl Diawa","@id":"https:\/\/infos-droitshumains.net\/#\/schema\/person\/3dc5e921c3302172e0ed4362f96faab7"},"headline":"Tribunal de Commerce de Kinshasa\/Matete: Hubert Mbuku sort, Albert Kasanga entre","datePublished":"2023-09-14T09:52:21+00:00","dateModified":"2023-09-14T11:03:37+00:00","mainEntityOfPage":{"@id":"https:\/\/infos-droitshumains.net\/?p=7973"},"wordCount":333,"commentCount":0,"publisher":{"@id":"https:\/\/infos-droitshumains.net\/#organization"},"image":{"@id":"https:\/\/infos-droitshumains.net\/?p=7973#primaryimage"},"thumbnailUrl":"https:\/\/i0.wp.com\/infos-droitshumains.net\/wp-content\/uploads\/2023\/09\/IMG-20230914-WA0022_1.jpg?fit=1080%2C697&ssl=1","articleSection":["Justice"],"inLanguage":"fr-FR","potentialAction":[{"@type":"CommentAction","name":"Comment","target":["https:\/\/infos-droitshumains.net\/?p=7973#respond"]}]},{"@type":"WebPage","@id":"https:\/\/infos-droitshumains.net\/?p=7973","url":"https:\/\/infos-droitshumains.net\/?p=7973","name":"Tribunal de Commerce de Kinshasa\/Matete: Hubert Mbuku sort, Albert Kasanga entre - Infos Droits Humains","isPartOf":{"@id":"https:\/\/infos-droitshumains.net\/#website"},"primaryImageOfPage":{"@id":"https:\/\/infos-droitshumains.net\/?p=7973#primaryimage"},"image":{"@id":"https:\/\/infos-droitshumains.net\/?p=7973#primaryimage"},"thumbnailUrl":"https:\/\/i0.wp.com\/infos-droitshumains.net\/wp-content\/uploads\/2023\/09\/IMG-20230914-WA0022_1.jpg?fit=1080%2C697&ssl=1","datePublished":"2023-09-14T09:52:21+00:00","dateModified":"2023-09-14T11:03:37+00:00","breadcrumb":{"@id":"https:\/\/infos-droitshumains.net\/?p=7973#breadcrumb"},"inLanguage":"fr-FR","potentialAction":[{"@type":"ReadAction","target":["https:\/\/infos-droitshumains.net\/?p=7973"]}]},{"@type":"ImageObject","inLanguage":"fr-FR","@id":"https:\/\/infos-droitshumains.net\/?p=7973#primaryimage","url":"https:\/\/i0.wp.com\/infos-droitshumains.net\/wp-content\/uploads\/2023\/09\/IMG-20230914-WA0022_1.jpg?fit=1080%2C697&ssl=1","contentUrl":"https:\/\/i0.wp.com\/infos-droitshumains.net\/wp-content\/uploads\/2023\/09\/IMG-20230914-WA0022_1.jpg?fit=1080%2C697&ssl=1","width":1080,"height":697},{"@type":"BreadcrumbList","@id":"https:\/\/infos-droitshumains.net\/?p=7973#breadcrumb","itemListElement":[{"@type":"ListItem","position":1,"name":"Accueil","item":"https:\/\/infos-droitshumains.net\/"},{"@type":"ListItem","position":2,"name":"Tribunal de Commerce de Kinshasa\/Matete: Hubert Mbuku sort, Albert Kasanga entre"}]},{"@type":"WebSite","@id":"https:\/\/infos-droitshumains.net\/#website","url":"https:\/\/infos-droitshumains.net\/","name":"Infos Droits Humains","description":"S&#039;informer est un droit","publisher":{"@id":"https:\/\/infos-droitshumains.net\/#organization"},"potentialAction":[{"@type":"SearchAction","target":{"@type":"EntryPoint","urlTemplate":"https:\/\/infos-droitshumains.net\/?s={search_term_string}"},"query-input":{"@type":"PropertyValueSpecification","valueRequired":true,"valueName":"search_term_string"}}],"inLanguage":"fr-FR"},{"@type":"Organization","@id":"https:\/\/infos-droitshumains.net\/#organization","name":"Infos Droits Humains","url":"https:\/\/infos-droitshumains.net\/","logo":{"@type":"ImageObject","inLanguage":"fr-FR","@id":"https:\/\/infos-droitshumains.net\/#\/schema\/logo\/image\/","url":"https:\/\/i0.wp.com\/infos-droitshumains.net\/wp-content\/uploads\/2022\/05\/Logo.png?fit=333%2C129&ssl=1","contentUrl":"https:\/\/i0.wp.com\/infos-droitshumains.net\/wp-content\/uploads\/2022\/05\/Logo.png?fit=333%2C129&ssl=1","width":333,"height":129,"caption":"Infos Droits Humains"},"image":{"@id":"https:\/\/infos-droitshumains.net\/#\/schema\/logo\/image\/"}},{"@type":"Person","@id":"https:\/\/infos-droitshumains.net\/#\/schema\/person\/3dc5e921c3302172e0ed4362f96faab7","name":"Jo\u00ebl Diawa","image":{"@type":"ImageObject","inLanguage":"fr-FR","@id":"https:\/\/secure.gravatar.com\/avatar\/729bea6ff4604c624417803c477363be8e3c7186deaa65713313f9b4b820f41c?s=96&d=mm&r=g","url":"https:\/\/secure.gravatar.com\/avatar\/729bea6ff4604c624417803c477363be8e3c7186deaa65713313f9b4b820f41c?s=96&d=mm&r=g","contentUrl":"https:\/\/secure.gravatar.com\/avatar\/729bea6ff4604c624417803c477363be8e3c7186deaa65713313f9b4b820f41c?s=96&d=mm&r=g","caption":"Jo\u00ebl Diawa"},"sameAs":["https:\/\/www.infos-droitshumains.net"],"url":"https:\/\/infos-droitshumains.net\/?author=2"}]}},"featured_image_urls":{"full":["https:\/\/i0.wp.com\/infos-droitshumains.net\/wp-content\/uploads\/2023\/09\/IMG-20230914-WA0022_1.jpg?fit=1080%2C697&ssl=1",1080,697,false],"thumbnail":["https:\/\/i0.wp.com\/infos-droitshumains.net\/wp-content\/uploads\/2023\/09\/IMG-20230914-WA0022_1.jpg?resize=150%2C150&ssl=1",150,150,true],"medium":["https:\/\/i0.wp.com\/infos-droitshumains.net\/wp-content\/uploads\/2023\/09\/IMG-20230914-WA0022_1.jpg?fit=300%2C194&ssl=1",300,194,true],"medium_large":["https:\/\/i0.wp.com\/infos-droitshumains.net\/wp-content\/uploads\/2023\/09\/IMG-20230914-WA0022_1.jpg?fit=640%2C413&ssl=1",640,413,true],"large":["https:\/\/i0.wp.com\/infos-droitshumains.net\/wp-content\/uploads\/2023\/09\/IMG-20230914-WA0022_1.jpg?fit=640%2C413&ssl=1",640,413,true],"1536x1536":["https:\/\/i0.wp.com\/infos-droitshumains.net\/wp-content\/uploads\/2023\/09\/IMG-20230914-WA0022_1.jpg?fit=1080%2C697&ssl=1",1080,697,true],"2048x2048":["https:\/\/i0.wp.com\/infos-droitshumains.net\/wp-content\/uploads\/2023\/09\/IMG-20230914-WA0022_1.jpg?fit=1080%2C697&ssl=1",1080,697,true],"covernews-slider-full":["https:\/\/i0.wp.com\/infos-droitshumains.net\/wp-content\/uploads\/2023\/09\/IMG-20230914-WA0022_1.jpg?resize=1080%2C697&ssl=1",1080,697,true],"covernews-slider-center":["https:\/\/i0.wp.com\/infos-droitshumains.net\/wp-content\/uploads\/2023\/09\/IMG-20230914-WA0022_1.jpg?resize=800%2C500&ssl=1",800,500,true],"covernews-featured":["https:\/\/i0.wp.com\/infos-droitshumains.net\/wp-content\/uploads\/2023\/09\/IMG-20230914-WA0022_1.jpg?fit=1024%2C661&ssl=1",1024,661,true],"covernews-medium":["https:\/\/i0.wp.com\/infos-droitshumains.net\/wp-content\/uploads\/2023\/09\/IMG-20230914-WA0022_1.jpg?resize=540%2C340&ssl=1",540,340,true],"covernews-medium-square":["https:\/\/i0.wp.com\/infos-droitshumains.net\/wp-content\/uploads\/2023\/09\/IMG-20230914-WA0022_1.jpg?resize=400%2C250&ssl=1",400,250,true]},"author_info":{"display_name":"Jo\u00ebl Diawa","author_link":"https:\/\/infos-droitshumains.net\/?author=2"},"category_info":"<a href=\"https:\/\/infos-droitshumains.net\/?cat=6\" rel=\"category\">Justice<\/a>","tag_info":"Justice","comment_count":"0","jetpack_featured_media_url":"https:\/\/i0.wp.com\/infos-droitshumains.net\/wp-content\/uploads\/2023\/09\/IMG-20230914-WA0022_1.jpg?fit=1080%2C697&ssl=1","jetpack-related-posts":[],"jetpack_sharing_enabled":true,"_links":{"self":[{"href":"https:\/\/infos-droitshumains.net\/index.php?rest_route=\/wp\/v2\/posts\/7973","targetHints":{"allow":["GET"]}}],"collection":[{"href":"https:\/\/infos-droitshumains.net\/index.php?rest_route=\/wp\/v2\/posts"}],"about":[{"href":"https:\/\/infos-droitshumains.net\/index.php?rest_route=\/wp\/v2\/types\/post"}],"author":[{"embeddable":true,"href":"https:\/\/infos-droitshumains.net\/index.php?rest_route=\/wp\/v2\/users\/2"}],"replies":[{"embeddable":true,"href":"https:\/\/infos-droitshumains.net\/index.php?rest_route=%2Fwp%2Fv2%2Fcomments&post=7973"}],"version-history":[{"count":7,"href":"https:\/\/infos-droitshumains.net\/index.php?rest_route=\/wp\/v2\/posts\/7973\/revisions"}],"predecessor-version":[{"id":7985,"href":"https:\/\/infos-droitshumains.net\/index.php?rest_route=\/wp\/v2\/posts\/7973\/revisions\/7985"}],"wp:featuredmedia":[{"embeddable":true,"href":"https:\/\/infos-droitshumains.net\/index.php?rest_route=\/wp\/v2\/media\/7982"}],"wp:attachment":[{"href":"https:\/\/infos-droitshumains.net\/index.php?rest_route=%2Fwp%2Fv2%2Fmedia&parent=7973"}],"wp:term":[{"taxonomy":"category","embeddable":true,"href":"https:\/\/infos-droitshumains.net\/index.php?rest_route=%2Fwp%2Fv2%2Fcategories&post=7973"},{"taxonomy":"post_tag","embeddable":true,"href":"https:\/\/infos-droitshumains.net\/index.php?rest_route=%2Fwp%2Fv2%2Ftags&post=7973"}],"curies":[{"name":"wp","href":"https:\/\/api.w.org\/{rel}","templated":true}]}}