{"id":7970,"date":"2023-09-14T10:13:03","date_gmt":"2023-09-14T08:13:03","guid":{"rendered":"https:\/\/infos-droitshumains.net\/?p=7970"},"modified":"2023-09-14T10:18:37","modified_gmt":"2023-09-14T08:18:37","slug":"parquet-pres-le-tribunal-de-paix-de-kinshasa-lemba-je-serai-rigoureux-envers-ceux-qui-ne-voudraient-pas-respecter-la-loi-emmanuel-kitenge-nouveau-chef-doffice-plante-le-decor-de-son","status":"publish","type":"post","link":"https:\/\/infos-droitshumains.net\/?p=7970","title":{"rendered":"Parquet pr\u00e8s le Tribunal de Paix de Kinshasa\/Lemba\u00a0: Je serai rigoureux envers ceux qui ne voudraient pas respecter la loi (Emmanuel Kitenge, nouveau chef d\u2019office plante le d\u00e9cor de son mandat)"},"content":{"rendered":"\n<p><strong>R\u00e9daction :+243817406088<\/strong><\/p>\n\n\n\n<h4 class=\"wp-block-heading has-vivid-red-color has-text-color\">C\u2019est ce mercredi 13 septembre qu\u2019a eu lieu la c\u00e9r\u00e9monie de remise et reprise au Parquet pr\u00e8s le Tribunal de Paix de Kinshasa\/Lemba. Le Procureur Emmanuel Kitenge Amuri a remplac\u00e9 le Procureur Richard Vunda au poste du chef de cet office.<\/h4>\n\n\n\n<p>Un entretien en t\u00eate-\u00e0-t\u00eate de plus de trente minutes entre les deux officiers ce, avant la lecture du proc\u00e8s-verbal de remise et reprise lu en pr\u00e9sence des collaborateurs des deux personnalit\u00e9s, inspecteurs et agents de cet office.<\/p>\n\n\n\n<p>Richard Vunda et Emmanuel Kitenge, deux procureurs qui se sont compliment\u00e9s au cours de cette c\u00e9r\u00e9monie&nbsp;:<\/p>\n\n\n\n<p><em>\u00ab&nbsp;Le procureur Emmanuel Kitenge, c\u2019est quelqu\u2019un que j\u2019admire beaucoup parce que j\u2019ai eu \u00e0 travailler avec lui personnellement \u00e0 la Gombe pendant au moins six ans. Le Procureur Emma, c\u2019est quelqu\u2019un qui aime la science, qui aime \u00e9crire&nbsp;\u00bb<\/em>. a reconnu le sortant.<\/p>\n\n\n\n<p><em>\u00ab&nbsp;Nous avons travaill\u00e9 en fraternit\u00e9. Nous avons un m\u00eame p\u00e8re qu&rsquo;on appelle Aldar KISULA qui nous a re\u00e7us dans la magistrature\u2026 Nous avons fait beaucoup des choses avec lui. C\u2019est un monsieur tr\u00e8s&nbsp; calme, courtois, bien \u00e9duqu\u00e9, une personne qui a connu l\u2019\u00e9ducation dans plusieurs formes. Lorsque j\u2019ai \u00e9t\u00e9 nomm\u00e9 Procureur de la R\u00e9publique pour faire \u00e9tat de cet office, c\u2019est lui qui m\u2019a appel\u00e9 pour me f\u00e9liciter et demander ma disponibilit\u00e9 er, cela a constitu\u00e9 pour moi un grand signe d\u2019amour et d\u2019attachement&nbsp;\u00bb<\/em>, r\u00e9plique l\u2019entrant.<\/p>\n\n\n\n<p>Une allocution qui a commenc\u00e9 par des remerciements au Dieu tout puissant, et au Chef de l&rsquo;\u00c9tat puisque qui a compt\u00e9 sur ses comp\u00e9tences afin de lui confier ces genres de responsabilit\u00e9s.<\/p>\n\n\n\n<p>Une attitude affich\u00e9e par les deux Procureurs t\u00e9moigne la grandeur d\u2019esprit et le sens d\u2019ouverture. En sus de prodiguer quelques conseils \u00e0 son successeur, le Procureur Vunda a souhait\u00e9 que son mandat soit une r\u00e9ussite.<\/p>\n\n\n\n<p><em>\u00ab&nbsp;Je vous souhaite un fructueux mandat, je vous souhaite plein succ\u00e8s. Vous serez dans nos pri\u00e8res pour que, pendant votre r\u00e8gne, la justice triomphe, qu\u2019il n\u2019ait aucun incident. Nous avons fait trois ans ici, il n\u2019y a pas eu d\u2019incident majeur. Le parquet c\u2019est comme un h\u00f4pital, c\u2019est-\u00e0-dire, les gens qui viennent ici, ne viennent pas pour une partie de plaisir, ils viennent parce qu\u2019il y a des probl\u00e8mes. Et c\u2019est vous le premier responsable \u00e0 r\u00e9pondre \u00e0 cette demande&nbsp;\u00bb<\/em>, a-t-il dit au nouvel entrant.<\/p>\n\n\n\n<p><em>\u00ab&nbsp;Nous allons continuer avec le service que vous nous avez laiss\u00e9, nous allons b\u00e9n\u00e9ficier aussi des services rendus par vos collaborateurs\u2026&nbsp;\u00bb<\/em>, a r\u00e9agi le Procureur Emmanuel Kitenge qui a aussit\u00f4t, plant\u00e9 le d\u00e9cor de son mandat&nbsp;:<\/p>\n\n\n\n<p><em>\u00ab&nbsp;Je ne suis pas conflictuel, je suis calme, je sais comment m&rsquo;adapter au compl\u00e8tement de chacun, mais je resterai toujours attach\u00e9 \u00e0 la loi\u2026 Je serai tr\u00e8s rigoureux envers ceux-l\u00e0 qui ne voudraient pas respecter la loi. Vous allez donc m\u2019aider \u00e0 vous aider et ensemble, nous allons aider l\u2019Etat congolais. Nous sommes l\u00e0 pour servir les int\u00e9r\u00eats de l\u2019Etat, notre p\u00e8re commun&nbsp;; les int\u00e9r\u00eats de l\u2019Etat passent avant toute chose&nbsp;\u00bb<\/em>, a souhait\u00e9 le nouveau Chef du parquet Pr\u00e8s le Tribunal de Paix de Kinshasa\/Lemba qui dit par ailleurs rester disponible \u00e0 <em>\u00ab&nbsp;relever les d\u00e9bats&nbsp;\u00bb<\/em>.<\/p>\n\n\n\n<p>Notez que le ressort du Parquet pr\u00e8s le Tribunal de Paix de Kinshasa\/Lemba s\u2019\u00e9tend sur trois communes \u00e0 savoir, Lemba, Limete et Ngaba.<\/p>\n\n\n\n<p>Jo\u00ebl Diawa<\/p>\n","protected":false},"excerpt":{"rendered":"<p>R\u00e9daction :+243817406088 C\u2019est ce mercredi 13 septembre qu\u2019a eu lieu la c\u00e9r\u00e9monie de remise et&#8230;<\/p>\n","protected":false},"author":2,"featured_media":7972,"comment_status":"open","ping_status":"open","sticky":false,"template":"","format":"standard","meta":{"_jetpack_memberships_contains_paid_content":false,"footnotes":""},"categories":[6],"tags":[],"class_list":["post-7970","post","type-post","status-publish","format-standard","has-post-thumbnail","hentry","category-justice"],"yoast_head":"<!-- This site is optimized with the Yoast SEO plugin v27.5 - https:\/\/yoast.com\/product\/yoast-seo-wordpress\/ -->\n<title>Parquet pr\u00e8s le Tribunal de Paix de Kinshasa\/Lemba\u00a0: Je serai rigoureux envers ceux qui ne voudraient pas respecter la loi (Emmanuel Kitenge, nouveau chef d\u2019office plante le d\u00e9cor de son mandat) - Infos Droits Humains<\/title>\n<meta name=\"robots\" content=\"index, follow, max-snippet:-1, max-image-preview:large, max-video-preview:-1\" \/>\n<link rel=\"canonical\" href=\"https:\/\/infos-droitshumains.net\/?p=7970\" \/>\n<meta property=\"og:locale\" content=\"fr_FR\" \/>\n<meta property=\"og:type\" content=\"article\" \/>\n<meta property=\"og:title\" content=\"Parquet pr\u00e8s le Tribunal de Paix de Kinshasa\/Lemba\u00a0: Je serai rigoureux envers ceux qui ne voudraient pas respecter la loi (Emmanuel Kitenge, nouveau chef d\u2019office plante le d\u00e9cor de son mandat) - Infos Droits Humains\" \/>\n<meta property=\"og:description\" content=\"R\u00e9daction :+243817406088 C\u2019est ce mercredi 13 septembre qu\u2019a eu lieu la c\u00e9r\u00e9monie de remise et...\" \/>\n<meta property=\"og:url\" content=\"https:\/\/infos-droitshumains.net\/?p=7970\" \/>\n<meta property=\"og:site_name\" content=\"Infos Droits Humains\" \/>\n<meta property=\"article:published_time\" content=\"2023-09-14T08:13:03+00:00\" \/>\n<meta property=\"article:modified_time\" content=\"2023-09-14T08:18:37+00:00\" \/>\n<meta property=\"og:image\" content=\"https:\/\/infos-droitshumains.net\/wp-content\/uploads\/2023\/09\/IMG_20230913_133920_138.jpg\" \/>\n\t<meta property=\"og:image:width\" content=\"997\" \/>\n\t<meta property=\"og:image:height\" content=\"605\" \/>\n\t<meta property=\"og:image:type\" content=\"image\/jpeg\" \/>\n<meta name=\"author\" content=\"Jo\u00ebl Diawa\" \/>\n<meta name=\"twitter:card\" content=\"summary_large_image\" \/>\n<meta name=\"twitter:label1\" content=\"\u00c9crit par\" \/>\n\t<meta name=\"twitter:data1\" content=\"Jo\u00ebl Diawa\" \/>\n\t<meta name=\"twitter:label2\" content=\"Dur\u00e9e de lecture estim\u00e9e\" \/>\n\t<meta name=\"twitter:data2\" content=\"3 minutes\" \/>\n<script type=\"application\/ld+json\" class=\"yoast-schema-graph\">{\"@context\":\"https:\\\/\\\/schema.org\",\"@graph\":[{\"@type\":\"Article\",\"@id\":\"https:\\\/\\\/infos-droitshumains.net\\\/?p=7970#article\",\"isPartOf\":{\"@id\":\"https:\\\/\\\/infos-droitshumains.net\\\/?p=7970\"},\"author\":{\"name\":\"Jo\u00ebl Diawa\",\"@id\":\"https:\\\/\\\/infos-droitshumains.net\\\/#\\\/schema\\\/person\\\/3dc5e921c3302172e0ed4362f96faab7\"},\"headline\":\"Parquet pr\u00e8s le Tribunal de Paix de Kinshasa\\\/Lemba\u00a0: Je serai rigoureux envers ceux qui ne voudraient pas respecter la loi (Emmanuel Kitenge, nouveau chef d\u2019office plante le d\u00e9cor de son mandat)\",\"datePublished\":\"2023-09-14T08:13:03+00:00\",\"dateModified\":\"2023-09-14T08:18:37+00:00\",\"mainEntityOfPage\":{\"@id\":\"https:\\\/\\\/infos-droitshumains.net\\\/?p=7970\"},\"wordCount\":655,\"commentCount\":0,\"publisher\":{\"@id\":\"https:\\\/\\\/infos-droitshumains.net\\\/#organization\"},\"image\":{\"@id\":\"https:\\\/\\\/infos-droitshumains.net\\\/?p=7970#primaryimage\"},\"thumbnailUrl\":\"https:\\\/\\\/i0.wp.com\\\/infos-droitshumains.net\\\/wp-content\\\/uploads\\\/2023\\\/09\\\/IMG_20230913_133920_138.jpg?fit=997%2C605&ssl=1\",\"articleSection\":[\"Justice\"],\"inLanguage\":\"fr-FR\",\"potentialAction\":[{\"@type\":\"CommentAction\",\"name\":\"Comment\",\"target\":[\"https:\\\/\\\/infos-droitshumains.net\\\/?p=7970#respond\"]}]},{\"@type\":\"WebPage\",\"@id\":\"https:\\\/\\\/infos-droitshumains.net\\\/?p=7970\",\"url\":\"https:\\\/\\\/infos-droitshumains.net\\\/?p=7970\",\"name\":\"Parquet pr\u00e8s le Tribunal de Paix de Kinshasa\\\/Lemba\u00a0: Je serai rigoureux envers ceux qui ne voudraient pas respecter la loi (Emmanuel Kitenge, nouveau chef d\u2019office plante le d\u00e9cor de son mandat) - Infos Droits Humains\",\"isPartOf\":{\"@id\":\"https:\\\/\\\/infos-droitshumains.net\\\/#website\"},\"primaryImageOfPage\":{\"@id\":\"https:\\\/\\\/infos-droitshumains.net\\\/?p=7970#primaryimage\"},\"image\":{\"@id\":\"https:\\\/\\\/infos-droitshumains.net\\\/?p=7970#primaryimage\"},\"thumbnailUrl\":\"https:\\\/\\\/i0.wp.com\\\/infos-droitshumains.net\\\/wp-content\\\/uploads\\\/2023\\\/09\\\/IMG_20230913_133920_138.jpg?fit=997%2C605&ssl=1\",\"datePublished\":\"2023-09-14T08:13:03+00:00\",\"dateModified\":\"2023-09-14T08:18:37+00:00\",\"breadcrumb\":{\"@id\":\"https:\\\/\\\/infos-droitshumains.net\\\/?p=7970#breadcrumb\"},\"inLanguage\":\"fr-FR\",\"potentialAction\":[{\"@type\":\"ReadAction\",\"target\":[\"https:\\\/\\\/infos-droitshumains.net\\\/?p=7970\"]}]},{\"@type\":\"ImageObject\",\"inLanguage\":\"fr-FR\",\"@id\":\"https:\\\/\\\/infos-droitshumains.net\\\/?p=7970#primaryimage\",\"url\":\"https:\\\/\\\/i0.wp.com\\\/infos-droitshumains.net\\\/wp-content\\\/uploads\\\/2023\\\/09\\\/IMG_20230913_133920_138.jpg?fit=997%2C605&ssl=1\",\"contentUrl\":\"https:\\\/\\\/i0.wp.com\\\/infos-droitshumains.net\\\/wp-content\\\/uploads\\\/2023\\\/09\\\/IMG_20230913_133920_138.jpg?fit=997%2C605&ssl=1\",\"width\":997,\"height\":605},{\"@type\":\"BreadcrumbList\",\"@id\":\"https:\\\/\\\/infos-droitshumains.net\\\/?p=7970#breadcrumb\",\"itemListElement\":[{\"@type\":\"ListItem\",\"position\":1,\"name\":\"Accueil\",\"item\":\"https:\\\/\\\/infos-droitshumains.net\\\/\"},{\"@type\":\"ListItem\",\"position\":2,\"name\":\"Parquet pr\u00e8s le Tribunal de Paix de Kinshasa\\\/Lemba\u00a0: Je serai rigoureux envers ceux qui ne voudraient pas respecter la loi (Emmanuel Kitenge, nouveau chef d\u2019office plante le d\u00e9cor de son mandat)\"}]},{\"@type\":\"WebSite\",\"@id\":\"https:\\\/\\\/infos-droitshumains.net\\\/#website\",\"url\":\"https:\\\/\\\/infos-droitshumains.net\\\/\",\"name\":\"Infos Droits Humains\",\"description\":\"S&#039;informer est un droit\",\"publisher\":{\"@id\":\"https:\\\/\\\/infos-droitshumains.net\\\/#organization\"},\"potentialAction\":[{\"@type\":\"SearchAction\",\"target\":{\"@type\":\"EntryPoint\",\"urlTemplate\":\"https:\\\/\\\/infos-droitshumains.net\\\/?s={search_term_string}\"},\"query-input\":{\"@type\":\"PropertyValueSpecification\",\"valueRequired\":true,\"valueName\":\"search_term_string\"}}],\"inLanguage\":\"fr-FR\"},{\"@type\":\"Organization\",\"@id\":\"https:\\\/\\\/infos-droitshumains.net\\\/#organization\",\"name\":\"Infos Droits Humains\",\"url\":\"https:\\\/\\\/infos-droitshumains.net\\\/\",\"logo\":{\"@type\":\"ImageObject\",\"inLanguage\":\"fr-FR\",\"@id\":\"https:\\\/\\\/infos-droitshumains.net\\\/#\\\/schema\\\/logo\\\/image\\\/\",\"url\":\"https:\\\/\\\/i0.wp.com\\\/infos-droitshumains.net\\\/wp-content\\\/uploads\\\/2022\\\/05\\\/Logo.png?fit=333%2C129&ssl=1\",\"contentUrl\":\"https:\\\/\\\/i0.wp.com\\\/infos-droitshumains.net\\\/wp-content\\\/uploads\\\/2022\\\/05\\\/Logo.png?fit=333%2C129&ssl=1\",\"width\":333,\"height\":129,\"caption\":\"Infos Droits Humains\"},\"image\":{\"@id\":\"https:\\\/\\\/infos-droitshumains.net\\\/#\\\/schema\\\/logo\\\/image\\\/\"}},{\"@type\":\"Person\",\"@id\":\"https:\\\/\\\/infos-droitshumains.net\\\/#\\\/schema\\\/person\\\/3dc5e921c3302172e0ed4362f96faab7\",\"name\":\"Jo\u00ebl Diawa\",\"image\":{\"@type\":\"ImageObject\",\"inLanguage\":\"fr-FR\",\"@id\":\"https:\\\/\\\/secure.gravatar.com\\\/avatar\\\/729bea6ff4604c624417803c477363be8e3c7186deaa65713313f9b4b820f41c?s=96&d=mm&r=g\",\"url\":\"https:\\\/\\\/secure.gravatar.com\\\/avatar\\\/729bea6ff4604c624417803c477363be8e3c7186deaa65713313f9b4b820f41c?s=96&d=mm&r=g\",\"contentUrl\":\"https:\\\/\\\/secure.gravatar.com\\\/avatar\\\/729bea6ff4604c624417803c477363be8e3c7186deaa65713313f9b4b820f41c?s=96&d=mm&r=g\",\"caption\":\"Jo\u00ebl Diawa\"},\"sameAs\":[\"https:\\\/\\\/www.infos-droitshumains.net\"],\"url\":\"https:\\\/\\\/infos-droitshumains.net\\\/?author=2\"}]}<\/script>\n<!-- \/ Yoast SEO plugin. -->","yoast_head_json":{"title":"Parquet pr\u00e8s le Tribunal de Paix de Kinshasa\/Lemba\u00a0: Je serai rigoureux envers ceux qui ne voudraient pas respecter la loi (Emmanuel Kitenge, nouveau chef d\u2019office plante le d\u00e9cor de son mandat) - Infos Droits Humains","robots":{"index":"index","follow":"follow","max-snippet":"max-snippet:-1","max-image-preview":"max-image-preview:large","max-video-preview":"max-video-preview:-1"},"canonical":"https:\/\/infos-droitshumains.net\/?p=7970","og_locale":"fr_FR","og_type":"article","og_title":"Parquet pr\u00e8s le Tribunal de Paix de Kinshasa\/Lemba\u00a0: Je serai rigoureux envers ceux qui ne voudraient pas respecter la loi (Emmanuel Kitenge, nouveau chef d\u2019office plante le d\u00e9cor de son mandat) - Infos Droits Humains","og_description":"R\u00e9daction :+243817406088 C\u2019est ce mercredi 13 septembre qu\u2019a eu lieu la c\u00e9r\u00e9monie de remise et...","og_url":"https:\/\/infos-droitshumains.net\/?p=7970","og_site_name":"Infos Droits Humains","article_published_time":"2023-09-14T08:13:03+00:00","article_modified_time":"2023-09-14T08:18:37+00:00","og_image":[{"width":997,"height":605,"url":"https:\/\/infos-droitshumains.net\/wp-content\/uploads\/2023\/09\/IMG_20230913_133920_138.jpg","type":"image\/jpeg"}],"author":"Jo\u00ebl Diawa","twitter_card":"summary_large_image","twitter_misc":{"\u00c9crit par":"Jo\u00ebl Diawa","Dur\u00e9e de lecture estim\u00e9e":"3 minutes"},"schema":{"@context":"https:\/\/schema.org","@graph":[{"@type":"Article","@id":"https:\/\/infos-droitshumains.net\/?p=7970#article","isPartOf":{"@id":"https:\/\/infos-droitshumains.net\/?p=7970"},"author":{"name":"Jo\u00ebl Diawa","@id":"https:\/\/infos-droitshumains.net\/#\/schema\/person\/3dc5e921c3302172e0ed4362f96faab7"},"headline":"Parquet pr\u00e8s le Tribunal de Paix de Kinshasa\/Lemba\u00a0: Je serai rigoureux envers ceux qui ne voudraient pas respecter la loi (Emmanuel Kitenge, nouveau chef d\u2019office plante le d\u00e9cor de son mandat)","datePublished":"2023-09-14T08:13:03+00:00","dateModified":"2023-09-14T08:18:37+00:00","mainEntityOfPage":{"@id":"https:\/\/infos-droitshumains.net\/?p=7970"},"wordCount":655,"commentCount":0,"publisher":{"@id":"https:\/\/infos-droitshumains.net\/#organization"},"image":{"@id":"https:\/\/infos-droitshumains.net\/?p=7970#primaryimage"},"thumbnailUrl":"https:\/\/i0.wp.com\/infos-droitshumains.net\/wp-content\/uploads\/2023\/09\/IMG_20230913_133920_138.jpg?fit=997%2C605&ssl=1","articleSection":["Justice"],"inLanguage":"fr-FR","potentialAction":[{"@type":"CommentAction","name":"Comment","target":["https:\/\/infos-droitshumains.net\/?p=7970#respond"]}]},{"@type":"WebPage","@id":"https:\/\/infos-droitshumains.net\/?p=7970","url":"https:\/\/infos-droitshumains.net\/?p=7970","name":"Parquet pr\u00e8s le Tribunal de Paix de Kinshasa\/Lemba\u00a0: Je serai rigoureux envers ceux qui ne voudraient pas respecter la loi (Emmanuel Kitenge, nouveau chef d\u2019office plante le d\u00e9cor de son mandat) - Infos Droits Humains","isPartOf":{"@id":"https:\/\/infos-droitshumains.net\/#website"},"primaryImageOfPage":{"@id":"https:\/\/infos-droitshumains.net\/?p=7970#primaryimage"},"image":{"@id":"https:\/\/infos-droitshumains.net\/?p=7970#primaryimage"},"thumbnailUrl":"https:\/\/i0.wp.com\/infos-droitshumains.net\/wp-content\/uploads\/2023\/09\/IMG_20230913_133920_138.jpg?fit=997%2C605&ssl=1","datePublished":"2023-09-14T08:13:03+00:00","dateModified":"2023-09-14T08:18:37+00:00","breadcrumb":{"@id":"https:\/\/infos-droitshumains.net\/?p=7970#breadcrumb"},"inLanguage":"fr-FR","potentialAction":[{"@type":"ReadAction","target":["https:\/\/infos-droitshumains.net\/?p=7970"]}]},{"@type":"ImageObject","inLanguage":"fr-FR","@id":"https:\/\/infos-droitshumains.net\/?p=7970#primaryimage","url":"https:\/\/i0.wp.com\/infos-droitshumains.net\/wp-content\/uploads\/2023\/09\/IMG_20230913_133920_138.jpg?fit=997%2C605&ssl=1","contentUrl":"https:\/\/i0.wp.com\/infos-droitshumains.net\/wp-content\/uploads\/2023\/09\/IMG_20230913_133920_138.jpg?fit=997%2C605&ssl=1","width":997,"height":605},{"@type":"BreadcrumbList","@id":"https:\/\/infos-droitshumains.net\/?p=7970#breadcrumb","itemListElement":[{"@type":"ListItem","position":1,"name":"Accueil","item":"https:\/\/infos-droitshumains.net\/"},{"@type":"ListItem","position":2,"name":"Parquet pr\u00e8s le Tribunal de Paix de Kinshasa\/Lemba\u00a0: Je serai rigoureux envers ceux qui ne voudraient pas respecter la loi (Emmanuel Kitenge, nouveau chef d\u2019office plante le d\u00e9cor de son mandat)"}]},{"@type":"WebSite","@id":"https:\/\/infos-droitshumains.net\/#website","url":"https:\/\/infos-droitshumains.net\/","name":"Infos Droits Humains","description":"S&#039;informer est un droit","publisher":{"@id":"https:\/\/infos-droitshumains.net\/#organization"},"potentialAction":[{"@type":"SearchAction","target":{"@type":"EntryPoint","urlTemplate":"https:\/\/infos-droitshumains.net\/?s={search_term_string}"},"query-input":{"@type":"PropertyValueSpecification","valueRequired":true,"valueName":"search_term_string"}}],"inLanguage":"fr-FR"},{"@type":"Organization","@id":"https:\/\/infos-droitshumains.net\/#organization","name":"Infos Droits Humains","url":"https:\/\/infos-droitshumains.net\/","logo":{"@type":"ImageObject","inLanguage":"fr-FR","@id":"https:\/\/infos-droitshumains.net\/#\/schema\/logo\/image\/","url":"https:\/\/i0.wp.com\/infos-droitshumains.net\/wp-content\/uploads\/2022\/05\/Logo.png?fit=333%2C129&ssl=1","contentUrl":"https:\/\/i0.wp.com\/infos-droitshumains.net\/wp-content\/uploads\/2022\/05\/Logo.png?fit=333%2C129&ssl=1","width":333,"height":129,"caption":"Infos Droits Humains"},"image":{"@id":"https:\/\/infos-droitshumains.net\/#\/schema\/logo\/image\/"}},{"@type":"Person","@id":"https:\/\/infos-droitshumains.net\/#\/schema\/person\/3dc5e921c3302172e0ed4362f96faab7","name":"Jo\u00ebl Diawa","image":{"@type":"ImageObject","inLanguage":"fr-FR","@id":"https:\/\/secure.gravatar.com\/avatar\/729bea6ff4604c624417803c477363be8e3c7186deaa65713313f9b4b820f41c?s=96&d=mm&r=g","url":"https:\/\/secure.gravatar.com\/avatar\/729bea6ff4604c624417803c477363be8e3c7186deaa65713313f9b4b820f41c?s=96&d=mm&r=g","contentUrl":"https:\/\/secure.gravatar.com\/avatar\/729bea6ff4604c624417803c477363be8e3c7186deaa65713313f9b4b820f41c?s=96&d=mm&r=g","caption":"Jo\u00ebl Diawa"},"sameAs":["https:\/\/www.infos-droitshumains.net"],"url":"https:\/\/infos-droitshumains.net\/?author=2"}]}},"featured_image_urls":{"full":["https:\/\/i0.wp.com\/infos-droitshumains.net\/wp-content\/uploads\/2023\/09\/IMG_20230913_133920_138.jpg?fit=997%2C605&ssl=1",997,605,false],"thumbnail":["https:\/\/i0.wp.com\/infos-droitshumains.net\/wp-content\/uploads\/2023\/09\/IMG_20230913_133920_138.jpg?resize=150%2C150&ssl=1",150,150,true],"medium":["https:\/\/i0.wp.com\/infos-droitshumains.net\/wp-content\/uploads\/2023\/09\/IMG_20230913_133920_138.jpg?fit=300%2C182&ssl=1",300,182,true],"medium_large":["https:\/\/i0.wp.com\/infos-droitshumains.net\/wp-content\/uploads\/2023\/09\/IMG_20230913_133920_138.jpg?fit=640%2C388&ssl=1",640,388,true],"large":["https:\/\/i0.wp.com\/infos-droitshumains.net\/wp-content\/uploads\/2023\/09\/IMG_20230913_133920_138.jpg?fit=640%2C388&ssl=1",640,388,true],"1536x1536":["https:\/\/i0.wp.com\/infos-droitshumains.net\/wp-content\/uploads\/2023\/09\/IMG_20230913_133920_138.jpg?fit=997%2C605&ssl=1",997,605,true],"2048x2048":["https:\/\/i0.wp.com\/infos-droitshumains.net\/wp-content\/uploads\/2023\/09\/IMG_20230913_133920_138.jpg?fit=997%2C605&ssl=1",997,605,true],"covernews-slider-full":["https:\/\/i0.wp.com\/infos-droitshumains.net\/wp-content\/uploads\/2023\/09\/IMG_20230913_133920_138.jpg?resize=997%2C605&ssl=1",997,605,true],"covernews-slider-center":["https:\/\/i0.wp.com\/infos-droitshumains.net\/wp-content\/uploads\/2023\/09\/IMG_20230913_133920_138.jpg?resize=800%2C500&ssl=1",800,500,true],"covernews-featured":["https:\/\/i0.wp.com\/infos-droitshumains.net\/wp-content\/uploads\/2023\/09\/IMG_20230913_133920_138.jpg?fit=997%2C605&ssl=1",997,605,true],"covernews-medium":["https:\/\/i0.wp.com\/infos-droitshumains.net\/wp-content\/uploads\/2023\/09\/IMG_20230913_133920_138.jpg?resize=540%2C340&ssl=1",540,340,true],"covernews-medium-square":["https:\/\/i0.wp.com\/infos-droitshumains.net\/wp-content\/uploads\/2023\/09\/IMG_20230913_133920_138.jpg?resize=400%2C250&ssl=1",400,250,true]},"author_info":{"display_name":"Jo\u00ebl Diawa","author_link":"https:\/\/infos-droitshumains.net\/?author=2"},"category_info":"<a href=\"https:\/\/infos-droitshumains.net\/?cat=6\" rel=\"category\">Justice<\/a>","tag_info":"Justice","comment_count":"0","jetpack_featured_media_url":"https:\/\/i0.wp.com\/infos-droitshumains.net\/wp-content\/uploads\/2023\/09\/IMG_20230913_133920_138.jpg?fit=997%2C605&ssl=1","jetpack-related-posts":[],"jetpack_sharing_enabled":true,"_links":{"self":[{"href":"https:\/\/infos-droitshumains.net\/index.php?rest_route=\/wp\/v2\/posts\/7970","targetHints":{"allow":["GET"]}}],"collection":[{"href":"https:\/\/infos-droitshumains.net\/index.php?rest_route=\/wp\/v2\/posts"}],"about":[{"href":"https:\/\/infos-droitshumains.net\/index.php?rest_route=\/wp\/v2\/types\/post"}],"author":[{"embeddable":true,"href":"https:\/\/infos-droitshumains.net\/index.php?rest_route=\/wp\/v2\/users\/2"}],"replies":[{"embeddable":true,"href":"https:\/\/infos-droitshumains.net\/index.php?rest_route=%2Fwp%2Fv2%2Fcomments&post=7970"}],"version-history":[{"count":1,"href":"https:\/\/infos-droitshumains.net\/index.php?rest_route=\/wp\/v2\/posts\/7970\/revisions"}],"predecessor-version":[{"id":7971,"href":"https:\/\/infos-droitshumains.net\/index.php?rest_route=\/wp\/v2\/posts\/7970\/revisions\/7971"}],"wp:featuredmedia":[{"embeddable":true,"href":"https:\/\/infos-droitshumains.net\/index.php?rest_route=\/wp\/v2\/media\/7972"}],"wp:attachment":[{"href":"https:\/\/infos-droitshumains.net\/index.php?rest_route=%2Fwp%2Fv2%2Fmedia&parent=7970"}],"wp:term":[{"taxonomy":"category","embeddable":true,"href":"https:\/\/infos-droitshumains.net\/index.php?rest_route=%2Fwp%2Fv2%2Fcategories&post=7970"},{"taxonomy":"post_tag","embeddable":true,"href":"https:\/\/infos-droitshumains.net\/index.php?rest_route=%2Fwp%2Fv2%2Ftags&post=7970"}],"curies":[{"name":"wp","href":"https:\/\/api.w.org\/{rel}","templated":true}]}}