{"id":7966,"date":"2023-09-13T21:50:13","date_gmt":"2023-09-13T19:50:13","guid":{"rendered":"https:\/\/infos-droitshumains.net\/?p=7966"},"modified":"2023-09-13T21:52:52","modified_gmt":"2023-09-13T19:52:52","slug":"cour-dappel-de-kinshasa-gombe-notre-elevation-prouve-lengagement-du-chef-de-letat-a-promouvoir-le-genre-et-lavenement-du-leadership-feminin-esperance-dia-ak","status":"publish","type":"post","link":"https:\/\/infos-droitshumains.net\/?p=7966","title":{"rendered":"Cour d\u2019Appel de Kinshasa\/Gombe\u00a0: Notre \u00e9l\u00e9vation prouve l\u2019engagement du Chef de l\u2019Etat \u00e0 promouvoir le genre et l\u2019av\u00e8nement du leadership f\u00e9minin (Esp\u00e9rance Dia Akir Akir apr\u00e8s son renouvellement de serment)"},"content":{"rendered":"\n<p><strong>R\u00e9daction :+243817406088<\/strong><\/p>\n\n\n\n<h4 class=\"wp-block-heading has-vivid-red-color has-text-color\">Esp\u00e9rance Dia Akir Akir, Premi\u00e8re Pr\u00e9sidente de la Cour d\u2019Appel de Kinshasa\/Gombe a renouvel\u00e9 son serment statuaire ce samedi 09 septembre 2023 au cours d\u2019une audience solennelle ce, avant l\u2019entr\u00e9e officielle \u00e0 ses nouvelles fonctions, conform\u00e9ment&nbsp; aux dispositions de l\u2019article 5 de la loi organique n\u00b0 06\/020 du 10 octobre 2006 portant statut des magistrats.<\/h4>\n\n\n\n<p>Au Cour de cette c\u00e9r\u00e9monie, Esp\u00e9rance Dia Akir Akir a rendu les hommages les plus d\u00e9f\u00e9rents au Chef de l\u2019Etat pour&nbsp; <strong><em>\u00ab&nbsp;la confiance&nbsp;\u00bb<\/em><\/strong> plac\u00e9e en sa <strong><em>\u00ab&nbsp;modeste personne&nbsp;\u00bb<\/em><\/strong><\/p>\n\n\n\n<p>Premi\u00e8re femme \u00e0 \u00eatre nomm\u00e9e Premier Pr\u00e9sident d\u2019une Cour d\u2019 Appel en R\u00e9publique D\u00e9mocratique du Congo, Esp\u00e9rance Dia n\u2019estime que son \u00e9l\u00e9vation \u00e0 ce rang <em>\u00ab&nbsp;prouve d\u2019avantage, l\u2019engagement du Chef de l\u2019Etat \u00e0 promouvoir le genre et l\u2019av\u00e8nement du leadership f\u00e9minin&nbsp;\u00bb<\/em>. Un engagement d\u00e9j\u00e0 exprim\u00e9 dans le secteur de la justice par la nomination de Marthe Odio \u00e0 la t\u00eate du Conseil d\u2019Etat.<\/p>\n\n\n\n<p>Comme il est de tradition, en pareille circonstance, le Chef de juridiction appel\u00e9 \u00e0 prendre ses nouvelles fonctions est sens\u00e9 d\u00e9velopp\u00e9 un sujet de droit. La Premi\u00e8re Pr\u00e9sidente de la Cour d\u2019Appel de Kinshasa\/Gombe a d\u00e9velopp\u00e9 celui relatif un <strong><em>\u00abProc\u00e8s \u00e9quitable, gage de la restauration d\u2019un Etat de Droit&nbsp;\u00bb.<\/em><\/strong><\/p>\n\n\n\n<p>Pour elle, le proc\u00e8s \u00e9quitable constitue \u00e0 la fois, un <em>\u00ab&nbsp;droit fondamental des justiciables&nbsp;\u00bb<\/em> et un <em>\u00ab&nbsp;principe majeur pour la proc\u00e9dure judiciaire&nbsp;\u00bb<\/em>, dont la garantie et la preuve de r\u00e9alisation r\u00e9sident dans la cons\u00e9cration des principes fondamentaux de Droit de l\u2019homme parmi lesquels&nbsp;<em>\u00ab&nbsp;l\u2019ind\u00e9pendance du juge, le principe du contradictoire, la loyaut\u00e9 proc\u00e9durale, le principe du d\u00e9lai raisonnable, le principe du d\u00e9lib\u00e9r\u00e9, la pr\u00e9somption d\u2019innocence&nbsp;\u00bb<\/em>. A l\u2019en croire, l\u2019application des trois premiers principes pose probl\u00e8me.<\/p>\n\n\n\n<p><em>\u00ab\u2026 la qu\u00eate d\u2019une justice qui soit r\u00e9ellement \u00e0 la hauteur de la protection de droit des personnes est un facteur cr\u00e9dible de la restauration de l\u2019Etat de droit&nbsp;et, c\u2019est une pr\u00e9occupation des longues dates qui traverse toute l\u2019histoire de la R\u00e9publique D\u00e9mocratique du Congo depuis le Congo Belge \u00e0 nos jours. Cette pr\u00e9occupation a conduit au fil du temps \u00e0 souscrire au principe de protection des Droits de l\u2019Homme dont le Droit \u00e0 un proc\u00e8s \u00e9quitable reconnu \u00e0 toute personne en justice tant en demandant qu\u2019en d\u00e9fendant et dont la mise en application effective par les juridictions congolaises d\u00e9pend du savoir-faire, des conduites et de la conscience des acteurs judiciaires parmi lesquels, les magistrats\u00bb<\/em>. C\u2019est dans ce contexte poursuit-elle <em>\u00ab&nbsp;que le Pr\u00e9sident de la R\u00e9publique, magistrat supr\u00eame, d\u00e8s son accession au pouvoir n\u2019a cess\u00e9 d\u2019interpeller la conscinece des magistrats pour que la population b\u00e9n\u00e9ficie d\u2019une justice \u00e9quitable&nbsp;\u00bb<\/em>.<\/p>\n\n\n\n<p>Pour la mise en \u0153uvre effective des principes fondamentaux&nbsp;d\u2019un proc\u00e8s \u00e9quitable, le juge joue un r\u00f4le majeur et transcendant aux c\u00f4t\u00e9s d\u2019autres acteurs et auxiliaires de la justice&nbsp;; c\u2019est pourquoi, Esp\u00e9rance Dia Akir Akir a pour ce faire, formul\u00e9 quelques recommandations \u00e0 l\u2019endroit des justiciables, acteurs et auxiliaires de la justice.<\/p>\n\n\n\n<p>Elle a recommand\u00e9 aux juges d\u2019observer et de faire observer l\u2019application scrupuleuse des principes fondamentaux d\u2019un proc\u00e8s \u00e9quitable car dit-elle, \u00ab&nbsp;ils sont astreints au respect de la loi ainsi qu\u2019\u00e0 leurs r\u00e8gles d\u00e9ontologiques et \u00e9thique&nbsp;\u00bb. Esp\u00e9rance Dia a mis en garde&nbsp;; les greffiers&nbsp; sur la reprise des fausses mentions sur les exploits et la subtilisation des frais de justice, les huissiers de justice sur les d\u00e9rapages lors de l\u2019ex\u00e9cution des d\u00e9cisions judiciaires consistant souvent \u00e0 ex\u00e9cuter des d\u00e9cisions frapp\u00e9es d\u2019appel ou de d\u00e9fense \u00e0 ex\u00e9cution.<\/p>\n\n\n\n<p>Aux justiciables, la Premi\u00e8re Pr\u00e9sidente de la Cour d\u2019Appel de Kinshasa\/Gombe a pr\u00e9conise leur collaboration avec la justice pour mettre hors d\u2019\u00e9tat de nuire, tout acteur judiciaire dont le comportement est de nature \u00e0 porter atteinte \u00e0 l\u2019application des principes d\u2019un proc\u00e8s \u00e9quitable. C\u2019est ainsi qu\u2019en sa qualit\u00e9 de Pr\u00e9sident de la chambre provinciale de discipline, elle a rassur\u00e9 que&nbsp;tout manquement par un magistrat de ces principes, ne restera pas impuni&nbsp; et dit attendre des justiciables<em> \u00ab&nbsp;des d\u00e9nonciations de tout d\u00e9rapage des acteurs de la justice&nbsp;\u00bb<\/em>.<\/p>\n\n\n\n<p>Merlin Kamalandua<\/p>\n","protected":false},"excerpt":{"rendered":"<p>R\u00e9daction :+243817406088 Esp\u00e9rance Dia Akir Akir, Premi\u00e8re Pr\u00e9sidente de la Cour d\u2019Appel de Kinshasa\/Gombe a&#8230;<\/p>\n","protected":false},"author":2,"featured_media":7968,"comment_status":"open","ping_status":"open","sticky":false,"template":"","format":"standard","meta":{"_jetpack_memberships_contains_paid_content":false,"footnotes":""},"categories":[6],"tags":[],"class_list":["post-7966","post","type-post","status-publish","format-standard","has-post-thumbnail","hentry","category-justice"],"yoast_head":"<!-- This site is optimized with the Yoast SEO plugin v27.5 - https:\/\/yoast.com\/product\/yoast-seo-wordpress\/ -->\n<title>Cour d\u2019Appel de Kinshasa\/Gombe\u00a0: Notre \u00e9l\u00e9vation prouve l\u2019engagement du Chef de l\u2019Etat \u00e0 promouvoir le genre et l\u2019av\u00e8nement du leadership f\u00e9minin (Esp\u00e9rance Dia Akir Akir apr\u00e8s son renouvellement de serment) - Infos Droits Humains<\/title>\n<meta name=\"robots\" content=\"index, follow, max-snippet:-1, max-image-preview:large, max-video-preview:-1\" \/>\n<link rel=\"canonical\" href=\"https:\/\/infos-droitshumains.net\/?p=7966\" \/>\n<meta property=\"og:locale\" content=\"fr_FR\" \/>\n<meta property=\"og:type\" content=\"article\" \/>\n<meta property=\"og:title\" content=\"Cour d\u2019Appel de Kinshasa\/Gombe\u00a0: Notre \u00e9l\u00e9vation prouve l\u2019engagement du Chef de l\u2019Etat \u00e0 promouvoir le genre et l\u2019av\u00e8nement du leadership f\u00e9minin (Esp\u00e9rance Dia Akir Akir apr\u00e8s son renouvellement de serment) - Infos Droits Humains\" \/>\n<meta property=\"og:description\" content=\"R\u00e9daction :+243817406088 Esp\u00e9rance Dia Akir Akir, Premi\u00e8re Pr\u00e9sidente de la Cour d\u2019Appel de Kinshasa\/Gombe a...\" \/>\n<meta property=\"og:url\" content=\"https:\/\/infos-droitshumains.net\/?p=7966\" \/>\n<meta property=\"og:site_name\" content=\"Infos Droits Humains\" \/>\n<meta property=\"article:published_time\" content=\"2023-09-13T19:50:13+00:00\" \/>\n<meta property=\"article:modified_time\" content=\"2023-09-13T19:52:52+00:00\" \/>\n<meta property=\"og:image\" content=\"https:\/\/infos-droitshumains.net\/wp-content\/uploads\/2023\/09\/IMG_20230909_122916_16.jpg\" \/>\n\t<meta property=\"og:image:width\" content=\"1040\" \/>\n\t<meta property=\"og:image:height\" content=\"780\" \/>\n\t<meta property=\"og:image:type\" content=\"image\/jpeg\" \/>\n<meta name=\"author\" content=\"Jo\u00ebl Diawa\" \/>\n<meta name=\"twitter:card\" content=\"summary_large_image\" \/>\n<meta name=\"twitter:label1\" content=\"\u00c9crit par\" \/>\n\t<meta name=\"twitter:data1\" content=\"Jo\u00ebl Diawa\" \/>\n\t<meta name=\"twitter:label2\" content=\"Dur\u00e9e de lecture estim\u00e9e\" \/>\n\t<meta name=\"twitter:data2\" content=\"4 minutes\" \/>\n<script type=\"application\/ld+json\" class=\"yoast-schema-graph\">{\"@context\":\"https:\\\/\\\/schema.org\",\"@graph\":[{\"@type\":\"Article\",\"@id\":\"https:\\\/\\\/infos-droitshumains.net\\\/?p=7966#article\",\"isPartOf\":{\"@id\":\"https:\\\/\\\/infos-droitshumains.net\\\/?p=7966\"},\"author\":{\"name\":\"Jo\u00ebl Diawa\",\"@id\":\"https:\\\/\\\/infos-droitshumains.net\\\/#\\\/schema\\\/person\\\/3dc5e921c3302172e0ed4362f96faab7\"},\"headline\":\"Cour d\u2019Appel de Kinshasa\\\/Gombe\u00a0: Notre \u00e9l\u00e9vation prouve l\u2019engagement du Chef de l\u2019Etat \u00e0 promouvoir le genre et l\u2019av\u00e8nement du leadership f\u00e9minin (Esp\u00e9rance Dia Akir Akir apr\u00e8s son renouvellement de serment)\",\"datePublished\":\"2023-09-13T19:50:13+00:00\",\"dateModified\":\"2023-09-13T19:52:52+00:00\",\"mainEntityOfPage\":{\"@id\":\"https:\\\/\\\/infos-droitshumains.net\\\/?p=7966\"},\"wordCount\":817,\"commentCount\":0,\"publisher\":{\"@id\":\"https:\\\/\\\/infos-droitshumains.net\\\/#organization\"},\"image\":{\"@id\":\"https:\\\/\\\/infos-droitshumains.net\\\/?p=7966#primaryimage\"},\"thumbnailUrl\":\"https:\\\/\\\/i0.wp.com\\\/infos-droitshumains.net\\\/wp-content\\\/uploads\\\/2023\\\/09\\\/IMG_20230909_122916_16.jpg?fit=1040%2C780&ssl=1\",\"articleSection\":[\"Justice\"],\"inLanguage\":\"fr-FR\",\"potentialAction\":[{\"@type\":\"CommentAction\",\"name\":\"Comment\",\"target\":[\"https:\\\/\\\/infos-droitshumains.net\\\/?p=7966#respond\"]}]},{\"@type\":\"WebPage\",\"@id\":\"https:\\\/\\\/infos-droitshumains.net\\\/?p=7966\",\"url\":\"https:\\\/\\\/infos-droitshumains.net\\\/?p=7966\",\"name\":\"Cour d\u2019Appel de Kinshasa\\\/Gombe\u00a0: Notre \u00e9l\u00e9vation prouve l\u2019engagement du Chef de l\u2019Etat \u00e0 promouvoir le genre et l\u2019av\u00e8nement du leadership f\u00e9minin (Esp\u00e9rance Dia Akir Akir apr\u00e8s son renouvellement de serment) - Infos Droits Humains\",\"isPartOf\":{\"@id\":\"https:\\\/\\\/infos-droitshumains.net\\\/#website\"},\"primaryImageOfPage\":{\"@id\":\"https:\\\/\\\/infos-droitshumains.net\\\/?p=7966#primaryimage\"},\"image\":{\"@id\":\"https:\\\/\\\/infos-droitshumains.net\\\/?p=7966#primaryimage\"},\"thumbnailUrl\":\"https:\\\/\\\/i0.wp.com\\\/infos-droitshumains.net\\\/wp-content\\\/uploads\\\/2023\\\/09\\\/IMG_20230909_122916_16.jpg?fit=1040%2C780&ssl=1\",\"datePublished\":\"2023-09-13T19:50:13+00:00\",\"dateModified\":\"2023-09-13T19:52:52+00:00\",\"breadcrumb\":{\"@id\":\"https:\\\/\\\/infos-droitshumains.net\\\/?p=7966#breadcrumb\"},\"inLanguage\":\"fr-FR\",\"potentialAction\":[{\"@type\":\"ReadAction\",\"target\":[\"https:\\\/\\\/infos-droitshumains.net\\\/?p=7966\"]}]},{\"@type\":\"ImageObject\",\"inLanguage\":\"fr-FR\",\"@id\":\"https:\\\/\\\/infos-droitshumains.net\\\/?p=7966#primaryimage\",\"url\":\"https:\\\/\\\/i0.wp.com\\\/infos-droitshumains.net\\\/wp-content\\\/uploads\\\/2023\\\/09\\\/IMG_20230909_122916_16.jpg?fit=1040%2C780&ssl=1\",\"contentUrl\":\"https:\\\/\\\/i0.wp.com\\\/infos-droitshumains.net\\\/wp-content\\\/uploads\\\/2023\\\/09\\\/IMG_20230909_122916_16.jpg?fit=1040%2C780&ssl=1\",\"width\":1040,\"height\":780},{\"@type\":\"BreadcrumbList\",\"@id\":\"https:\\\/\\\/infos-droitshumains.net\\\/?p=7966#breadcrumb\",\"itemListElement\":[{\"@type\":\"ListItem\",\"position\":1,\"name\":\"Accueil\",\"item\":\"https:\\\/\\\/infos-droitshumains.net\\\/\"},{\"@type\":\"ListItem\",\"position\":2,\"name\":\"Cour d\u2019Appel de Kinshasa\\\/Gombe\u00a0: Notre \u00e9l\u00e9vation prouve l\u2019engagement du Chef de l\u2019Etat \u00e0 promouvoir le genre et l\u2019av\u00e8nement du leadership f\u00e9minin (Esp\u00e9rance Dia Akir Akir apr\u00e8s son renouvellement de serment)\"}]},{\"@type\":\"WebSite\",\"@id\":\"https:\\\/\\\/infos-droitshumains.net\\\/#website\",\"url\":\"https:\\\/\\\/infos-droitshumains.net\\\/\",\"name\":\"Infos Droits Humains\",\"description\":\"S&#039;informer est un droit\",\"publisher\":{\"@id\":\"https:\\\/\\\/infos-droitshumains.net\\\/#organization\"},\"potentialAction\":[{\"@type\":\"SearchAction\",\"target\":{\"@type\":\"EntryPoint\",\"urlTemplate\":\"https:\\\/\\\/infos-droitshumains.net\\\/?s={search_term_string}\"},\"query-input\":{\"@type\":\"PropertyValueSpecification\",\"valueRequired\":true,\"valueName\":\"search_term_string\"}}],\"inLanguage\":\"fr-FR\"},{\"@type\":\"Organization\",\"@id\":\"https:\\\/\\\/infos-droitshumains.net\\\/#organization\",\"name\":\"Infos Droits Humains\",\"url\":\"https:\\\/\\\/infos-droitshumains.net\\\/\",\"logo\":{\"@type\":\"ImageObject\",\"inLanguage\":\"fr-FR\",\"@id\":\"https:\\\/\\\/infos-droitshumains.net\\\/#\\\/schema\\\/logo\\\/image\\\/\",\"url\":\"https:\\\/\\\/i0.wp.com\\\/infos-droitshumains.net\\\/wp-content\\\/uploads\\\/2022\\\/05\\\/Logo.png?fit=333%2C129&ssl=1\",\"contentUrl\":\"https:\\\/\\\/i0.wp.com\\\/infos-droitshumains.net\\\/wp-content\\\/uploads\\\/2022\\\/05\\\/Logo.png?fit=333%2C129&ssl=1\",\"width\":333,\"height\":129,\"caption\":\"Infos Droits Humains\"},\"image\":{\"@id\":\"https:\\\/\\\/infos-droitshumains.net\\\/#\\\/schema\\\/logo\\\/image\\\/\"}},{\"@type\":\"Person\",\"@id\":\"https:\\\/\\\/infos-droitshumains.net\\\/#\\\/schema\\\/person\\\/3dc5e921c3302172e0ed4362f96faab7\",\"name\":\"Jo\u00ebl Diawa\",\"image\":{\"@type\":\"ImageObject\",\"inLanguage\":\"fr-FR\",\"@id\":\"https:\\\/\\\/secure.gravatar.com\\\/avatar\\\/729bea6ff4604c624417803c477363be8e3c7186deaa65713313f9b4b820f41c?s=96&d=mm&r=g\",\"url\":\"https:\\\/\\\/secure.gravatar.com\\\/avatar\\\/729bea6ff4604c624417803c477363be8e3c7186deaa65713313f9b4b820f41c?s=96&d=mm&r=g\",\"contentUrl\":\"https:\\\/\\\/secure.gravatar.com\\\/avatar\\\/729bea6ff4604c624417803c477363be8e3c7186deaa65713313f9b4b820f41c?s=96&d=mm&r=g\",\"caption\":\"Jo\u00ebl Diawa\"},\"sameAs\":[\"https:\\\/\\\/www.infos-droitshumains.net\"],\"url\":\"https:\\\/\\\/infos-droitshumains.net\\\/?author=2\"}]}<\/script>\n<!-- \/ Yoast SEO plugin. -->","yoast_head_json":{"title":"Cour d\u2019Appel de Kinshasa\/Gombe\u00a0: Notre \u00e9l\u00e9vation prouve l\u2019engagement du Chef de l\u2019Etat \u00e0 promouvoir le genre et l\u2019av\u00e8nement du leadership f\u00e9minin (Esp\u00e9rance Dia Akir Akir apr\u00e8s son renouvellement de serment) - Infos Droits Humains","robots":{"index":"index","follow":"follow","max-snippet":"max-snippet:-1","max-image-preview":"max-image-preview:large","max-video-preview":"max-video-preview:-1"},"canonical":"https:\/\/infos-droitshumains.net\/?p=7966","og_locale":"fr_FR","og_type":"article","og_title":"Cour d\u2019Appel de Kinshasa\/Gombe\u00a0: Notre \u00e9l\u00e9vation prouve l\u2019engagement du Chef de l\u2019Etat \u00e0 promouvoir le genre et l\u2019av\u00e8nement du leadership f\u00e9minin (Esp\u00e9rance Dia Akir Akir apr\u00e8s son renouvellement de serment) - Infos Droits Humains","og_description":"R\u00e9daction :+243817406088 Esp\u00e9rance Dia Akir Akir, Premi\u00e8re Pr\u00e9sidente de la Cour d\u2019Appel de Kinshasa\/Gombe a...","og_url":"https:\/\/infos-droitshumains.net\/?p=7966","og_site_name":"Infos Droits Humains","article_published_time":"2023-09-13T19:50:13+00:00","article_modified_time":"2023-09-13T19:52:52+00:00","og_image":[{"width":1040,"height":780,"url":"https:\/\/infos-droitshumains.net\/wp-content\/uploads\/2023\/09\/IMG_20230909_122916_16.jpg","type":"image\/jpeg"}],"author":"Jo\u00ebl Diawa","twitter_card":"summary_large_image","twitter_misc":{"\u00c9crit par":"Jo\u00ebl Diawa","Dur\u00e9e de lecture estim\u00e9e":"4 minutes"},"schema":{"@context":"https:\/\/schema.org","@graph":[{"@type":"Article","@id":"https:\/\/infos-droitshumains.net\/?p=7966#article","isPartOf":{"@id":"https:\/\/infos-droitshumains.net\/?p=7966"},"author":{"name":"Jo\u00ebl Diawa","@id":"https:\/\/infos-droitshumains.net\/#\/schema\/person\/3dc5e921c3302172e0ed4362f96faab7"},"headline":"Cour d\u2019Appel de Kinshasa\/Gombe\u00a0: Notre \u00e9l\u00e9vation prouve l\u2019engagement du Chef de l\u2019Etat \u00e0 promouvoir le genre et l\u2019av\u00e8nement du leadership f\u00e9minin (Esp\u00e9rance Dia Akir Akir apr\u00e8s son renouvellement de serment)","datePublished":"2023-09-13T19:50:13+00:00","dateModified":"2023-09-13T19:52:52+00:00","mainEntityOfPage":{"@id":"https:\/\/infos-droitshumains.net\/?p=7966"},"wordCount":817,"commentCount":0,"publisher":{"@id":"https:\/\/infos-droitshumains.net\/#organization"},"image":{"@id":"https:\/\/infos-droitshumains.net\/?p=7966#primaryimage"},"thumbnailUrl":"https:\/\/i0.wp.com\/infos-droitshumains.net\/wp-content\/uploads\/2023\/09\/IMG_20230909_122916_16.jpg?fit=1040%2C780&ssl=1","articleSection":["Justice"],"inLanguage":"fr-FR","potentialAction":[{"@type":"CommentAction","name":"Comment","target":["https:\/\/infos-droitshumains.net\/?p=7966#respond"]}]},{"@type":"WebPage","@id":"https:\/\/infos-droitshumains.net\/?p=7966","url":"https:\/\/infos-droitshumains.net\/?p=7966","name":"Cour d\u2019Appel de Kinshasa\/Gombe\u00a0: Notre \u00e9l\u00e9vation prouve l\u2019engagement du Chef de l\u2019Etat \u00e0 promouvoir le genre et l\u2019av\u00e8nement du leadership f\u00e9minin (Esp\u00e9rance Dia Akir Akir apr\u00e8s son renouvellement de serment) - Infos Droits Humains","isPartOf":{"@id":"https:\/\/infos-droitshumains.net\/#website"},"primaryImageOfPage":{"@id":"https:\/\/infos-droitshumains.net\/?p=7966#primaryimage"},"image":{"@id":"https:\/\/infos-droitshumains.net\/?p=7966#primaryimage"},"thumbnailUrl":"https:\/\/i0.wp.com\/infos-droitshumains.net\/wp-content\/uploads\/2023\/09\/IMG_20230909_122916_16.jpg?fit=1040%2C780&ssl=1","datePublished":"2023-09-13T19:50:13+00:00","dateModified":"2023-09-13T19:52:52+00:00","breadcrumb":{"@id":"https:\/\/infos-droitshumains.net\/?p=7966#breadcrumb"},"inLanguage":"fr-FR","potentialAction":[{"@type":"ReadAction","target":["https:\/\/infos-droitshumains.net\/?p=7966"]}]},{"@type":"ImageObject","inLanguage":"fr-FR","@id":"https:\/\/infos-droitshumains.net\/?p=7966#primaryimage","url":"https:\/\/i0.wp.com\/infos-droitshumains.net\/wp-content\/uploads\/2023\/09\/IMG_20230909_122916_16.jpg?fit=1040%2C780&ssl=1","contentUrl":"https:\/\/i0.wp.com\/infos-droitshumains.net\/wp-content\/uploads\/2023\/09\/IMG_20230909_122916_16.jpg?fit=1040%2C780&ssl=1","width":1040,"height":780},{"@type":"BreadcrumbList","@id":"https:\/\/infos-droitshumains.net\/?p=7966#breadcrumb","itemListElement":[{"@type":"ListItem","position":1,"name":"Accueil","item":"https:\/\/infos-droitshumains.net\/"},{"@type":"ListItem","position":2,"name":"Cour d\u2019Appel de Kinshasa\/Gombe\u00a0: Notre \u00e9l\u00e9vation prouve l\u2019engagement du Chef de l\u2019Etat \u00e0 promouvoir le genre et l\u2019av\u00e8nement du leadership f\u00e9minin (Esp\u00e9rance Dia Akir Akir apr\u00e8s son renouvellement de serment)"}]},{"@type":"WebSite","@id":"https:\/\/infos-droitshumains.net\/#website","url":"https:\/\/infos-droitshumains.net\/","name":"Infos Droits Humains","description":"S&#039;informer est un droit","publisher":{"@id":"https:\/\/infos-droitshumains.net\/#organization"},"potentialAction":[{"@type":"SearchAction","target":{"@type":"EntryPoint","urlTemplate":"https:\/\/infos-droitshumains.net\/?s={search_term_string}"},"query-input":{"@type":"PropertyValueSpecification","valueRequired":true,"valueName":"search_term_string"}}],"inLanguage":"fr-FR"},{"@type":"Organization","@id":"https:\/\/infos-droitshumains.net\/#organization","name":"Infos Droits Humains","url":"https:\/\/infos-droitshumains.net\/","logo":{"@type":"ImageObject","inLanguage":"fr-FR","@id":"https:\/\/infos-droitshumains.net\/#\/schema\/logo\/image\/","url":"https:\/\/i0.wp.com\/infos-droitshumains.net\/wp-content\/uploads\/2022\/05\/Logo.png?fit=333%2C129&ssl=1","contentUrl":"https:\/\/i0.wp.com\/infos-droitshumains.net\/wp-content\/uploads\/2022\/05\/Logo.png?fit=333%2C129&ssl=1","width":333,"height":129,"caption":"Infos Droits Humains"},"image":{"@id":"https:\/\/infos-droitshumains.net\/#\/schema\/logo\/image\/"}},{"@type":"Person","@id":"https:\/\/infos-droitshumains.net\/#\/schema\/person\/3dc5e921c3302172e0ed4362f96faab7","name":"Jo\u00ebl Diawa","image":{"@type":"ImageObject","inLanguage":"fr-FR","@id":"https:\/\/secure.gravatar.com\/avatar\/729bea6ff4604c624417803c477363be8e3c7186deaa65713313f9b4b820f41c?s=96&d=mm&r=g","url":"https:\/\/secure.gravatar.com\/avatar\/729bea6ff4604c624417803c477363be8e3c7186deaa65713313f9b4b820f41c?s=96&d=mm&r=g","contentUrl":"https:\/\/secure.gravatar.com\/avatar\/729bea6ff4604c624417803c477363be8e3c7186deaa65713313f9b4b820f41c?s=96&d=mm&r=g","caption":"Jo\u00ebl Diawa"},"sameAs":["https:\/\/www.infos-droitshumains.net"],"url":"https:\/\/infos-droitshumains.net\/?author=2"}]}},"featured_image_urls":{"full":["https:\/\/i0.wp.com\/infos-droitshumains.net\/wp-content\/uploads\/2023\/09\/IMG_20230909_122916_16.jpg?fit=1040%2C780&ssl=1",1040,780,false],"thumbnail":["https:\/\/i0.wp.com\/infos-droitshumains.net\/wp-content\/uploads\/2023\/09\/IMG_20230909_122916_16.jpg?resize=150%2C150&ssl=1",150,150,true],"medium":["https:\/\/i0.wp.com\/infos-droitshumains.net\/wp-content\/uploads\/2023\/09\/IMG_20230909_122916_16.jpg?fit=300%2C225&ssl=1",300,225,true],"medium_large":["https:\/\/i0.wp.com\/infos-droitshumains.net\/wp-content\/uploads\/2023\/09\/IMG_20230909_122916_16.jpg?fit=640%2C480&ssl=1",640,480,true],"large":["https:\/\/i0.wp.com\/infos-droitshumains.net\/wp-content\/uploads\/2023\/09\/IMG_20230909_122916_16.jpg?fit=640%2C480&ssl=1",640,480,true],"1536x1536":["https:\/\/i0.wp.com\/infos-droitshumains.net\/wp-content\/uploads\/2023\/09\/IMG_20230909_122916_16.jpg?fit=1040%2C780&ssl=1",1040,780,true],"2048x2048":["https:\/\/i0.wp.com\/infos-droitshumains.net\/wp-content\/uploads\/2023\/09\/IMG_20230909_122916_16.jpg?fit=1040%2C780&ssl=1",1040,780,true],"covernews-slider-full":["https:\/\/i0.wp.com\/infos-droitshumains.net\/wp-content\/uploads\/2023\/09\/IMG_20230909_122916_16.jpg?resize=1040%2C715&ssl=1",1040,715,true],"covernews-slider-center":["https:\/\/i0.wp.com\/infos-droitshumains.net\/wp-content\/uploads\/2023\/09\/IMG_20230909_122916_16.jpg?resize=800%2C500&ssl=1",800,500,true],"covernews-featured":["https:\/\/i0.wp.com\/infos-droitshumains.net\/wp-content\/uploads\/2023\/09\/IMG_20230909_122916_16.jpg?fit=1024%2C768&ssl=1",1024,768,true],"covernews-medium":["https:\/\/i0.wp.com\/infos-droitshumains.net\/wp-content\/uploads\/2023\/09\/IMG_20230909_122916_16.jpg?resize=540%2C340&ssl=1",540,340,true],"covernews-medium-square":["https:\/\/i0.wp.com\/infos-droitshumains.net\/wp-content\/uploads\/2023\/09\/IMG_20230909_122916_16.jpg?resize=400%2C250&ssl=1",400,250,true]},"author_info":{"display_name":"Jo\u00ebl Diawa","author_link":"https:\/\/infos-droitshumains.net\/?author=2"},"category_info":"<a href=\"https:\/\/infos-droitshumains.net\/?cat=6\" rel=\"category\">Justice<\/a>","tag_info":"Justice","comment_count":"0","jetpack_featured_media_url":"https:\/\/i0.wp.com\/infos-droitshumains.net\/wp-content\/uploads\/2023\/09\/IMG_20230909_122916_16.jpg?fit=1040%2C780&ssl=1","jetpack-related-posts":[],"jetpack_sharing_enabled":true,"_links":{"self":[{"href":"https:\/\/infos-droitshumains.net\/index.php?rest_route=\/wp\/v2\/posts\/7966","targetHints":{"allow":["GET"]}}],"collection":[{"href":"https:\/\/infos-droitshumains.net\/index.php?rest_route=\/wp\/v2\/posts"}],"about":[{"href":"https:\/\/infos-droitshumains.net\/index.php?rest_route=\/wp\/v2\/types\/post"}],"author":[{"embeddable":true,"href":"https:\/\/infos-droitshumains.net\/index.php?rest_route=\/wp\/v2\/users\/2"}],"replies":[{"embeddable":true,"href":"https:\/\/infos-droitshumains.net\/index.php?rest_route=%2Fwp%2Fv2%2Fcomments&post=7966"}],"version-history":[{"count":1,"href":"https:\/\/infos-droitshumains.net\/index.php?rest_route=\/wp\/v2\/posts\/7966\/revisions"}],"predecessor-version":[{"id":7967,"href":"https:\/\/infos-droitshumains.net\/index.php?rest_route=\/wp\/v2\/posts\/7966\/revisions\/7967"}],"wp:featuredmedia":[{"embeddable":true,"href":"https:\/\/infos-droitshumains.net\/index.php?rest_route=\/wp\/v2\/media\/7968"}],"wp:attachment":[{"href":"https:\/\/infos-droitshumains.net\/index.php?rest_route=%2Fwp%2Fv2%2Fmedia&parent=7966"}],"wp:term":[{"taxonomy":"category","embeddable":true,"href":"https:\/\/infos-droitshumains.net\/index.php?rest_route=%2Fwp%2Fv2%2Fcategories&post=7966"},{"taxonomy":"post_tag","embeddable":true,"href":"https:\/\/infos-droitshumains.net\/index.php?rest_route=%2Fwp%2Fv2%2Ftags&post=7966"}],"curies":[{"name":"wp","href":"https:\/\/api.w.org\/{rel}","templated":true}]}}