{"id":7962,"date":"2023-09-13T20:13:44","date_gmt":"2023-09-13T18:13:44","guid":{"rendered":"https:\/\/infos-droitshumains.net\/?p=7962"},"modified":"2023-09-13T20:18:08","modified_gmt":"2023-09-13T18:18:08","slug":"rdc-des-poursuites-engagees-contre-stanis-bujakera-constituent-une-tentative-autocratique-pour-reduire-au-silence-toutes-les-voies-dissonantes-et-dempecher-les-journalistes-independants-a-me","status":"publish","type":"post","link":"https:\/\/infos-droitshumains.net\/?p=7962","title":{"rendered":"RDC: Des poursuites engag\u00e9es contre Stanis Bujakera constituent une tentative autocratique pour r\u00e9duire au silence toutes les voies dissonantes et d\u2019emp\u00eacher les journalistes ind\u00e9pendants \u00e0 mener leurs activit\u00e9s (RAJEC)"},"content":{"rendered":"\n<p><strong>R\u00e9daction :+243817406088<\/strong><\/p>\n\n\n\n<h4 class=\"wp-block-heading has-vivid-red-color has-text-color\">Le Rassemblement des Journalistes pour l&rsquo;Emergence du Congo, RAJEC qualifie l&rsquo;arrestation du journaliste Stanis Bujakera d&rsquo;harc\u00e8lement et de marginalisation continus qui passent outre le code d&rsquo;\u00e9thique et de d\u00e9ontologie des journalistes et la loi sur l&rsquo;exercice de la libert\u00e9 de la presse en RDC. Cette d\u00e9claration a \u00e9t\u00e9 faite au cours d&rsquo;un point de presse tenu ce 13 septembre 2023 \u00e0 Kinshasa.<\/h4>\n\n\n\n<p><em>\u00ab&nbsp;Le service de s\u00e9curit\u00e9 mis en place pour enqu\u00eater sur l&rsquo;assassinat de Ch\u00e9rubin Okende va centrer son interrogatoire sur la publication d&rsquo;un rapport de l&rsquo;ANR dont le journaliste n&rsquo;est pas visiblement auteur. Pour nous RAJEC, cette affaire inflig\u00e9e \u00e0 cet infatigable chasseur d&rsquo;informations qui n&rsquo;h\u00e9site pas \u00e0 abandonner son \u00e9pouse et ses enfants, est une tragique illustration de la chasse aux sorci\u00e8res lanc\u00e9e contre les journalistes que nous sommes. Cela s&rsquo;av\u00e8re comme une honte pendant cette p\u00e9riode historique que traverse notre pays. Les journalistes professionnels, les m\u00e9dias ind\u00e9pendants subissent un harc\u00e8lement et une marginalisation continus&nbsp;\u00bb<\/em>, &nbsp;a d\u00e9nonc\u00e9 Edmond Izuba, porte-parole du RAJEC.<\/p>\n\n\n\n<p>A l\u2019en croire, <em>\u00ab&nbsp;des poursuites engag\u00e9es contre Stanis Bujakera constituent une tentative autocratique pour r\u00e9duire au silence toutes les voies dissonantes et d&#8217;emp\u00eacher les journalistes ind\u00e9pendants de mener leurs activit\u00e9s&nbsp;\u00bb<\/em>.<\/p>\n\n\n\n<p>C\u2019est ainsi que le RAJEC <em>\u00ab&nbsp;exige end\u00e9ans 72 h, la lib\u00e9ration sans condition&nbsp; ce journaliste qui n&rsquo;a viol\u00e9 aucune disposition d\u00e9ontologique, ni l\u00e9gale&nbsp;\u00bb<\/em>.<\/p>\n\n\n\n<p><em>\u00ab&nbsp;Nous demandons aux autorit\u00e9s comp\u00e9tentes de le laisser travailler libre et en toute s\u00e9curit\u00e9 et de prendre toutes les mesures n\u00e9cessaires pour am\u00e9liorer cet \u00e9tat qui devient de plus en plus d\u00e9sastreux de la libert\u00e9 de presse. Nous appelons les organisations, les organismes de d\u00e9fense et de promotion des droits de l\u2019homme, de la libert\u00e9 de presse nationaux et internationaux de maintenir la pression sans rel\u00e2che jusqu&rsquo;\u00e0 la lib\u00e9ration de Stanis Bujakera&nbsp;\u00bb<\/em>, tonne le RAJEC qui promet par ailleurs, de \u00abmener des <em>\u00ab&nbsp;manifestations de grande envergure&nbsp;\u00bb<\/em> dans un avenir proche au cas o\u00f9 Stanis Bujakera ne recouvre pas sa libert\u00e9.<\/p>\n\n\n\n<p>Cette structure des professionnels de m\u00e9dia &nbsp;a \u00e9galement saisi la meme occasion pour exprimer sa solidarit\u00e9 au journaliste Gauthier Sey, poursuivi par l\u2019artiste Fally Ipupa&nbsp;; elle a compati \u00e9galement avec les Journaistes tomb\u00e9s au front lors du r\u00e9cent carnage de Goma.<\/p>\n\n\n\n<p>Pour rappel, Stanis Bujakera, journaliste \u00e0 Jeune Afrique et actualit\u00e9.cd est actuellement sous mandat d&rsquo;arr\u00eat provisoire au Parquet G\u00e9n\u00e9ral pr\u00e8s le Tribunal de Grande Instance de Kinshasa\/Gombe. Il a \u00e9t\u00e9 appr\u00e9hend\u00e9 le 8 septembre dernier aux alentours de 21heures \u00e0 l&rsquo;a\u00e9roport de N&rsquo;djili par les services de renseignement pendant qu&rsquo;il s\u2019appr\u00eatait \u00e0 se rendre \u00e0 Lubumbashi. Selon les certaines sources non officielles, il lui serait reproch\u00e9 d&rsquo;avoir publi\u00e9 un rapport d\u2019une enqu\u00eate secr\u00e8te sur l&rsquo;assassinat de Ch\u00e9rubin Okende.<\/p>\n\n\n\n<p>AM<\/p>\n","protected":false},"excerpt":{"rendered":"<p>R\u00e9daction :+243817406088 Le Rassemblement des Journalistes pour l&rsquo;Emergence du Congo, RAJEC qualifie l&rsquo;arrestation du journaliste&#8230;<\/p>\n","protected":false},"author":2,"featured_media":7965,"comment_status":"open","ping_status":"open","sticky":false,"template":"","format":"standard","meta":{"_jetpack_memberships_contains_paid_content":false,"footnotes":""},"categories":[8],"tags":[],"class_list":["post-7962","post","type-post","status-publish","format-standard","has-post-thumbnail","hentry","category-societe"],"yoast_head":"<!-- This site is optimized with the Yoast SEO plugin v27.5 - https:\/\/yoast.com\/product\/yoast-seo-wordpress\/ -->\n<title>RDC: Des poursuites engag\u00e9es contre Stanis Bujakera constituent une tentative autocratique pour r\u00e9duire au silence toutes les voies dissonantes et d\u2019emp\u00eacher les journalistes ind\u00e9pendants \u00e0 mener leurs activit\u00e9s (RAJEC) - Infos Droits Humains<\/title>\n<meta name=\"robots\" content=\"index, follow, max-snippet:-1, max-image-preview:large, max-video-preview:-1\" \/>\n<link rel=\"canonical\" href=\"https:\/\/infos-droitshumains.net\/?p=7962\" \/>\n<meta property=\"og:locale\" content=\"fr_FR\" \/>\n<meta property=\"og:type\" content=\"article\" \/>\n<meta property=\"og:title\" content=\"RDC: Des poursuites engag\u00e9es contre Stanis Bujakera constituent une tentative autocratique pour r\u00e9duire au silence toutes les voies dissonantes et d\u2019emp\u00eacher les journalistes ind\u00e9pendants \u00e0 mener leurs activit\u00e9s (RAJEC) - Infos Droits Humains\" \/>\n<meta property=\"og:description\" content=\"R\u00e9daction :+243817406088 Le Rassemblement des Journalistes pour l&rsquo;Emergence du Congo, RAJEC qualifie l&rsquo;arrestation du journaliste...\" \/>\n<meta property=\"og:url\" content=\"https:\/\/infos-droitshumains.net\/?p=7962\" \/>\n<meta property=\"og:site_name\" content=\"Infos Droits Humains\" \/>\n<meta property=\"article:published_time\" content=\"2023-09-13T18:13:44+00:00\" \/>\n<meta property=\"article:modified_time\" content=\"2023-09-13T18:18:08+00:00\" \/>\n<meta property=\"og:image\" content=\"https:\/\/infos-droitshumains.net\/wp-content\/uploads\/2023\/09\/IMG-20230913-WA0053_1.jpg\" \/>\n\t<meta property=\"og:image:width\" content=\"1008\" \/>\n\t<meta property=\"og:image:height\" content=\"722\" \/>\n\t<meta property=\"og:image:type\" content=\"image\/jpeg\" \/>\n<meta name=\"author\" content=\"Jo\u00ebl Diawa\" \/>\n<meta name=\"twitter:card\" content=\"summary_large_image\" \/>\n<meta name=\"twitter:label1\" content=\"\u00c9crit par\" \/>\n\t<meta name=\"twitter:data1\" content=\"Jo\u00ebl Diawa\" \/>\n\t<meta name=\"twitter:label2\" content=\"Dur\u00e9e de lecture estim\u00e9e\" \/>\n\t<meta name=\"twitter:data2\" content=\"3 minutes\" \/>\n<script type=\"application\/ld+json\" class=\"yoast-schema-graph\">{\"@context\":\"https:\\\/\\\/schema.org\",\"@graph\":[{\"@type\":\"Article\",\"@id\":\"https:\\\/\\\/infos-droitshumains.net\\\/?p=7962#article\",\"isPartOf\":{\"@id\":\"https:\\\/\\\/infos-droitshumains.net\\\/?p=7962\"},\"author\":{\"name\":\"Jo\u00ebl Diawa\",\"@id\":\"https:\\\/\\\/infos-droitshumains.net\\\/#\\\/schema\\\/person\\\/3dc5e921c3302172e0ed4362f96faab7\"},\"headline\":\"RDC: Des poursuites engag\u00e9es contre Stanis Bujakera constituent une tentative autocratique pour r\u00e9duire au silence toutes les voies dissonantes et d\u2019emp\u00eacher les journalistes ind\u00e9pendants \u00e0 mener leurs activit\u00e9s (RAJEC)\",\"datePublished\":\"2023-09-13T18:13:44+00:00\",\"dateModified\":\"2023-09-13T18:18:08+00:00\",\"mainEntityOfPage\":{\"@id\":\"https:\\\/\\\/infos-droitshumains.net\\\/?p=7962\"},\"wordCount\":532,\"commentCount\":0,\"publisher\":{\"@id\":\"https:\\\/\\\/infos-droitshumains.net\\\/#organization\"},\"image\":{\"@id\":\"https:\\\/\\\/infos-droitshumains.net\\\/?p=7962#primaryimage\"},\"thumbnailUrl\":\"https:\\\/\\\/i0.wp.com\\\/infos-droitshumains.net\\\/wp-content\\\/uploads\\\/2023\\\/09\\\/IMG-20230913-WA0053_1.jpg?fit=1008%2C722&ssl=1\",\"articleSection\":[\"Soci\u00e9t\u00e9\"],\"inLanguage\":\"fr-FR\",\"potentialAction\":[{\"@type\":\"CommentAction\",\"name\":\"Comment\",\"target\":[\"https:\\\/\\\/infos-droitshumains.net\\\/?p=7962#respond\"]}]},{\"@type\":\"WebPage\",\"@id\":\"https:\\\/\\\/infos-droitshumains.net\\\/?p=7962\",\"url\":\"https:\\\/\\\/infos-droitshumains.net\\\/?p=7962\",\"name\":\"RDC: Des poursuites engag\u00e9es contre Stanis Bujakera constituent une tentative autocratique pour r\u00e9duire au silence toutes les voies dissonantes et d\u2019emp\u00eacher les journalistes ind\u00e9pendants \u00e0 mener leurs activit\u00e9s (RAJEC) - Infos Droits Humains\",\"isPartOf\":{\"@id\":\"https:\\\/\\\/infos-droitshumains.net\\\/#website\"},\"primaryImageOfPage\":{\"@id\":\"https:\\\/\\\/infos-droitshumains.net\\\/?p=7962#primaryimage\"},\"image\":{\"@id\":\"https:\\\/\\\/infos-droitshumains.net\\\/?p=7962#primaryimage\"},\"thumbnailUrl\":\"https:\\\/\\\/i0.wp.com\\\/infos-droitshumains.net\\\/wp-content\\\/uploads\\\/2023\\\/09\\\/IMG-20230913-WA0053_1.jpg?fit=1008%2C722&ssl=1\",\"datePublished\":\"2023-09-13T18:13:44+00:00\",\"dateModified\":\"2023-09-13T18:18:08+00:00\",\"breadcrumb\":{\"@id\":\"https:\\\/\\\/infos-droitshumains.net\\\/?p=7962#breadcrumb\"},\"inLanguage\":\"fr-FR\",\"potentialAction\":[{\"@type\":\"ReadAction\",\"target\":[\"https:\\\/\\\/infos-droitshumains.net\\\/?p=7962\"]}]},{\"@type\":\"ImageObject\",\"inLanguage\":\"fr-FR\",\"@id\":\"https:\\\/\\\/infos-droitshumains.net\\\/?p=7962#primaryimage\",\"url\":\"https:\\\/\\\/i0.wp.com\\\/infos-droitshumains.net\\\/wp-content\\\/uploads\\\/2023\\\/09\\\/IMG-20230913-WA0053_1.jpg?fit=1008%2C722&ssl=1\",\"contentUrl\":\"https:\\\/\\\/i0.wp.com\\\/infos-droitshumains.net\\\/wp-content\\\/uploads\\\/2023\\\/09\\\/IMG-20230913-WA0053_1.jpg?fit=1008%2C722&ssl=1\",\"width\":1008,\"height\":722},{\"@type\":\"BreadcrumbList\",\"@id\":\"https:\\\/\\\/infos-droitshumains.net\\\/?p=7962#breadcrumb\",\"itemListElement\":[{\"@type\":\"ListItem\",\"position\":1,\"name\":\"Accueil\",\"item\":\"https:\\\/\\\/infos-droitshumains.net\\\/\"},{\"@type\":\"ListItem\",\"position\":2,\"name\":\"RDC: Des poursuites engag\u00e9es contre Stanis Bujakera constituent une tentative autocratique pour r\u00e9duire au silence toutes les voies dissonantes et d\u2019emp\u00eacher les journalistes ind\u00e9pendants \u00e0 mener leurs activit\u00e9s (RAJEC)\"}]},{\"@type\":\"WebSite\",\"@id\":\"https:\\\/\\\/infos-droitshumains.net\\\/#website\",\"url\":\"https:\\\/\\\/infos-droitshumains.net\\\/\",\"name\":\"Infos Droits Humains\",\"description\":\"S&#039;informer est un droit\",\"publisher\":{\"@id\":\"https:\\\/\\\/infos-droitshumains.net\\\/#organization\"},\"potentialAction\":[{\"@type\":\"SearchAction\",\"target\":{\"@type\":\"EntryPoint\",\"urlTemplate\":\"https:\\\/\\\/infos-droitshumains.net\\\/?s={search_term_string}\"},\"query-input\":{\"@type\":\"PropertyValueSpecification\",\"valueRequired\":true,\"valueName\":\"search_term_string\"}}],\"inLanguage\":\"fr-FR\"},{\"@type\":\"Organization\",\"@id\":\"https:\\\/\\\/infos-droitshumains.net\\\/#organization\",\"name\":\"Infos Droits Humains\",\"url\":\"https:\\\/\\\/infos-droitshumains.net\\\/\",\"logo\":{\"@type\":\"ImageObject\",\"inLanguage\":\"fr-FR\",\"@id\":\"https:\\\/\\\/infos-droitshumains.net\\\/#\\\/schema\\\/logo\\\/image\\\/\",\"url\":\"https:\\\/\\\/i0.wp.com\\\/infos-droitshumains.net\\\/wp-content\\\/uploads\\\/2022\\\/05\\\/Logo.png?fit=333%2C129&ssl=1\",\"contentUrl\":\"https:\\\/\\\/i0.wp.com\\\/infos-droitshumains.net\\\/wp-content\\\/uploads\\\/2022\\\/05\\\/Logo.png?fit=333%2C129&ssl=1\",\"width\":333,\"height\":129,\"caption\":\"Infos Droits Humains\"},\"image\":{\"@id\":\"https:\\\/\\\/infos-droitshumains.net\\\/#\\\/schema\\\/logo\\\/image\\\/\"}},{\"@type\":\"Person\",\"@id\":\"https:\\\/\\\/infos-droitshumains.net\\\/#\\\/schema\\\/person\\\/3dc5e921c3302172e0ed4362f96faab7\",\"name\":\"Jo\u00ebl Diawa\",\"image\":{\"@type\":\"ImageObject\",\"inLanguage\":\"fr-FR\",\"@id\":\"https:\\\/\\\/secure.gravatar.com\\\/avatar\\\/729bea6ff4604c624417803c477363be8e3c7186deaa65713313f9b4b820f41c?s=96&d=mm&r=g\",\"url\":\"https:\\\/\\\/secure.gravatar.com\\\/avatar\\\/729bea6ff4604c624417803c477363be8e3c7186deaa65713313f9b4b820f41c?s=96&d=mm&r=g\",\"contentUrl\":\"https:\\\/\\\/secure.gravatar.com\\\/avatar\\\/729bea6ff4604c624417803c477363be8e3c7186deaa65713313f9b4b820f41c?s=96&d=mm&r=g\",\"caption\":\"Jo\u00ebl Diawa\"},\"sameAs\":[\"https:\\\/\\\/www.infos-droitshumains.net\"],\"url\":\"https:\\\/\\\/infos-droitshumains.net\\\/?author=2\"}]}<\/script>\n<!-- \/ Yoast SEO plugin. -->","yoast_head_json":{"title":"RDC: Des poursuites engag\u00e9es contre Stanis Bujakera constituent une tentative autocratique pour r\u00e9duire au silence toutes les voies dissonantes et d\u2019emp\u00eacher les journalistes ind\u00e9pendants \u00e0 mener leurs activit\u00e9s (RAJEC) - Infos Droits Humains","robots":{"index":"index","follow":"follow","max-snippet":"max-snippet:-1","max-image-preview":"max-image-preview:large","max-video-preview":"max-video-preview:-1"},"canonical":"https:\/\/infos-droitshumains.net\/?p=7962","og_locale":"fr_FR","og_type":"article","og_title":"RDC: Des poursuites engag\u00e9es contre Stanis Bujakera constituent une tentative autocratique pour r\u00e9duire au silence toutes les voies dissonantes et d\u2019emp\u00eacher les journalistes ind\u00e9pendants \u00e0 mener leurs activit\u00e9s (RAJEC) - Infos Droits Humains","og_description":"R\u00e9daction :+243817406088 Le Rassemblement des Journalistes pour l&rsquo;Emergence du Congo, RAJEC qualifie l&rsquo;arrestation du journaliste...","og_url":"https:\/\/infos-droitshumains.net\/?p=7962","og_site_name":"Infos Droits Humains","article_published_time":"2023-09-13T18:13:44+00:00","article_modified_time":"2023-09-13T18:18:08+00:00","og_image":[{"width":1008,"height":722,"url":"https:\/\/infos-droitshumains.net\/wp-content\/uploads\/2023\/09\/IMG-20230913-WA0053_1.jpg","type":"image\/jpeg"}],"author":"Jo\u00ebl Diawa","twitter_card":"summary_large_image","twitter_misc":{"\u00c9crit par":"Jo\u00ebl Diawa","Dur\u00e9e de lecture estim\u00e9e":"3 minutes"},"schema":{"@context":"https:\/\/schema.org","@graph":[{"@type":"Article","@id":"https:\/\/infos-droitshumains.net\/?p=7962#article","isPartOf":{"@id":"https:\/\/infos-droitshumains.net\/?p=7962"},"author":{"name":"Jo\u00ebl Diawa","@id":"https:\/\/infos-droitshumains.net\/#\/schema\/person\/3dc5e921c3302172e0ed4362f96faab7"},"headline":"RDC: Des poursuites engag\u00e9es contre Stanis Bujakera constituent une tentative autocratique pour r\u00e9duire au silence toutes les voies dissonantes et d\u2019emp\u00eacher les journalistes ind\u00e9pendants \u00e0 mener leurs activit\u00e9s (RAJEC)","datePublished":"2023-09-13T18:13:44+00:00","dateModified":"2023-09-13T18:18:08+00:00","mainEntityOfPage":{"@id":"https:\/\/infos-droitshumains.net\/?p=7962"},"wordCount":532,"commentCount":0,"publisher":{"@id":"https:\/\/infos-droitshumains.net\/#organization"},"image":{"@id":"https:\/\/infos-droitshumains.net\/?p=7962#primaryimage"},"thumbnailUrl":"https:\/\/i0.wp.com\/infos-droitshumains.net\/wp-content\/uploads\/2023\/09\/IMG-20230913-WA0053_1.jpg?fit=1008%2C722&ssl=1","articleSection":["Soci\u00e9t\u00e9"],"inLanguage":"fr-FR","potentialAction":[{"@type":"CommentAction","name":"Comment","target":["https:\/\/infos-droitshumains.net\/?p=7962#respond"]}]},{"@type":"WebPage","@id":"https:\/\/infos-droitshumains.net\/?p=7962","url":"https:\/\/infos-droitshumains.net\/?p=7962","name":"RDC: Des poursuites engag\u00e9es contre Stanis Bujakera constituent une tentative autocratique pour r\u00e9duire au silence toutes les voies dissonantes et d\u2019emp\u00eacher les journalistes ind\u00e9pendants \u00e0 mener leurs activit\u00e9s (RAJEC) - Infos Droits Humains","isPartOf":{"@id":"https:\/\/infos-droitshumains.net\/#website"},"primaryImageOfPage":{"@id":"https:\/\/infos-droitshumains.net\/?p=7962#primaryimage"},"image":{"@id":"https:\/\/infos-droitshumains.net\/?p=7962#primaryimage"},"thumbnailUrl":"https:\/\/i0.wp.com\/infos-droitshumains.net\/wp-content\/uploads\/2023\/09\/IMG-20230913-WA0053_1.jpg?fit=1008%2C722&ssl=1","datePublished":"2023-09-13T18:13:44+00:00","dateModified":"2023-09-13T18:18:08+00:00","breadcrumb":{"@id":"https:\/\/infos-droitshumains.net\/?p=7962#breadcrumb"},"inLanguage":"fr-FR","potentialAction":[{"@type":"ReadAction","target":["https:\/\/infos-droitshumains.net\/?p=7962"]}]},{"@type":"ImageObject","inLanguage":"fr-FR","@id":"https:\/\/infos-droitshumains.net\/?p=7962#primaryimage","url":"https:\/\/i0.wp.com\/infos-droitshumains.net\/wp-content\/uploads\/2023\/09\/IMG-20230913-WA0053_1.jpg?fit=1008%2C722&ssl=1","contentUrl":"https:\/\/i0.wp.com\/infos-droitshumains.net\/wp-content\/uploads\/2023\/09\/IMG-20230913-WA0053_1.jpg?fit=1008%2C722&ssl=1","width":1008,"height":722},{"@type":"BreadcrumbList","@id":"https:\/\/infos-droitshumains.net\/?p=7962#breadcrumb","itemListElement":[{"@type":"ListItem","position":1,"name":"Accueil","item":"https:\/\/infos-droitshumains.net\/"},{"@type":"ListItem","position":2,"name":"RDC: Des poursuites engag\u00e9es contre Stanis Bujakera constituent une tentative autocratique pour r\u00e9duire au silence toutes les voies dissonantes et d\u2019emp\u00eacher les journalistes ind\u00e9pendants \u00e0 mener leurs activit\u00e9s (RAJEC)"}]},{"@type":"WebSite","@id":"https:\/\/infos-droitshumains.net\/#website","url":"https:\/\/infos-droitshumains.net\/","name":"Infos Droits Humains","description":"S&#039;informer est un droit","publisher":{"@id":"https:\/\/infos-droitshumains.net\/#organization"},"potentialAction":[{"@type":"SearchAction","target":{"@type":"EntryPoint","urlTemplate":"https:\/\/infos-droitshumains.net\/?s={search_term_string}"},"query-input":{"@type":"PropertyValueSpecification","valueRequired":true,"valueName":"search_term_string"}}],"inLanguage":"fr-FR"},{"@type":"Organization","@id":"https:\/\/infos-droitshumains.net\/#organization","name":"Infos Droits Humains","url":"https:\/\/infos-droitshumains.net\/","logo":{"@type":"ImageObject","inLanguage":"fr-FR","@id":"https:\/\/infos-droitshumains.net\/#\/schema\/logo\/image\/","url":"https:\/\/i0.wp.com\/infos-droitshumains.net\/wp-content\/uploads\/2022\/05\/Logo.png?fit=333%2C129&ssl=1","contentUrl":"https:\/\/i0.wp.com\/infos-droitshumains.net\/wp-content\/uploads\/2022\/05\/Logo.png?fit=333%2C129&ssl=1","width":333,"height":129,"caption":"Infos Droits Humains"},"image":{"@id":"https:\/\/infos-droitshumains.net\/#\/schema\/logo\/image\/"}},{"@type":"Person","@id":"https:\/\/infos-droitshumains.net\/#\/schema\/person\/3dc5e921c3302172e0ed4362f96faab7","name":"Jo\u00ebl Diawa","image":{"@type":"ImageObject","inLanguage":"fr-FR","@id":"https:\/\/secure.gravatar.com\/avatar\/729bea6ff4604c624417803c477363be8e3c7186deaa65713313f9b4b820f41c?s=96&d=mm&r=g","url":"https:\/\/secure.gravatar.com\/avatar\/729bea6ff4604c624417803c477363be8e3c7186deaa65713313f9b4b820f41c?s=96&d=mm&r=g","contentUrl":"https:\/\/secure.gravatar.com\/avatar\/729bea6ff4604c624417803c477363be8e3c7186deaa65713313f9b4b820f41c?s=96&d=mm&r=g","caption":"Jo\u00ebl Diawa"},"sameAs":["https:\/\/www.infos-droitshumains.net"],"url":"https:\/\/infos-droitshumains.net\/?author=2"}]}},"featured_image_urls":{"full":["https:\/\/i0.wp.com\/infos-droitshumains.net\/wp-content\/uploads\/2023\/09\/IMG-20230913-WA0053_1.jpg?fit=1008%2C722&ssl=1",1008,722,false],"thumbnail":["https:\/\/i0.wp.com\/infos-droitshumains.net\/wp-content\/uploads\/2023\/09\/IMG-20230913-WA0053_1.jpg?resize=150%2C150&ssl=1",150,150,true],"medium":["https:\/\/i0.wp.com\/infos-droitshumains.net\/wp-content\/uploads\/2023\/09\/IMG-20230913-WA0053_1.jpg?fit=300%2C215&ssl=1",300,215,true],"medium_large":["https:\/\/i0.wp.com\/infos-droitshumains.net\/wp-content\/uploads\/2023\/09\/IMG-20230913-WA0053_1.jpg?fit=640%2C458&ssl=1",640,458,true],"large":["https:\/\/i0.wp.com\/infos-droitshumains.net\/wp-content\/uploads\/2023\/09\/IMG-20230913-WA0053_1.jpg?fit=640%2C458&ssl=1",640,458,true],"1536x1536":["https:\/\/i0.wp.com\/infos-droitshumains.net\/wp-content\/uploads\/2023\/09\/IMG-20230913-WA0053_1.jpg?fit=1008%2C722&ssl=1",1008,722,true],"2048x2048":["https:\/\/i0.wp.com\/infos-droitshumains.net\/wp-content\/uploads\/2023\/09\/IMG-20230913-WA0053_1.jpg?fit=1008%2C722&ssl=1",1008,722,true],"covernews-slider-full":["https:\/\/i0.wp.com\/infos-droitshumains.net\/wp-content\/uploads\/2023\/09\/IMG-20230913-WA0053_1.jpg?resize=1008%2C715&ssl=1",1008,715,true],"covernews-slider-center":["https:\/\/i0.wp.com\/infos-droitshumains.net\/wp-content\/uploads\/2023\/09\/IMG-20230913-WA0053_1.jpg?resize=800%2C500&ssl=1",800,500,true],"covernews-featured":["https:\/\/i0.wp.com\/infos-droitshumains.net\/wp-content\/uploads\/2023\/09\/IMG-20230913-WA0053_1.jpg?fit=1008%2C722&ssl=1",1008,722,true],"covernews-medium":["https:\/\/i0.wp.com\/infos-droitshumains.net\/wp-content\/uploads\/2023\/09\/IMG-20230913-WA0053_1.jpg?resize=540%2C340&ssl=1",540,340,true],"covernews-medium-square":["https:\/\/i0.wp.com\/infos-droitshumains.net\/wp-content\/uploads\/2023\/09\/IMG-20230913-WA0053_1.jpg?resize=400%2C250&ssl=1",400,250,true]},"author_info":{"display_name":"Jo\u00ebl Diawa","author_link":"https:\/\/infos-droitshumains.net\/?author=2"},"category_info":"<a href=\"https:\/\/infos-droitshumains.net\/?cat=8\" rel=\"category\">Soci\u00e9t\u00e9<\/a>","tag_info":"Soci\u00e9t\u00e9","comment_count":"0","jetpack_featured_media_url":"https:\/\/i0.wp.com\/infos-droitshumains.net\/wp-content\/uploads\/2023\/09\/IMG-20230913-WA0053_1.jpg?fit=1008%2C722&ssl=1","jetpack-related-posts":[],"jetpack_sharing_enabled":true,"_links":{"self":[{"href":"https:\/\/infos-droitshumains.net\/index.php?rest_route=\/wp\/v2\/posts\/7962","targetHints":{"allow":["GET"]}}],"collection":[{"href":"https:\/\/infos-droitshumains.net\/index.php?rest_route=\/wp\/v2\/posts"}],"about":[{"href":"https:\/\/infos-droitshumains.net\/index.php?rest_route=\/wp\/v2\/types\/post"}],"author":[{"embeddable":true,"href":"https:\/\/infos-droitshumains.net\/index.php?rest_route=\/wp\/v2\/users\/2"}],"replies":[{"embeddable":true,"href":"https:\/\/infos-droitshumains.net\/index.php?rest_route=%2Fwp%2Fv2%2Fcomments&post=7962"}],"version-history":[{"count":1,"href":"https:\/\/infos-droitshumains.net\/index.php?rest_route=\/wp\/v2\/posts\/7962\/revisions"}],"predecessor-version":[{"id":7963,"href":"https:\/\/infos-droitshumains.net\/index.php?rest_route=\/wp\/v2\/posts\/7962\/revisions\/7963"}],"wp:featuredmedia":[{"embeddable":true,"href":"https:\/\/infos-droitshumains.net\/index.php?rest_route=\/wp\/v2\/media\/7965"}],"wp:attachment":[{"href":"https:\/\/infos-droitshumains.net\/index.php?rest_route=%2Fwp%2Fv2%2Fmedia&parent=7962"}],"wp:term":[{"taxonomy":"category","embeddable":true,"href":"https:\/\/infos-droitshumains.net\/index.php?rest_route=%2Fwp%2Fv2%2Fcategories&post=7962"},{"taxonomy":"post_tag","embeddable":true,"href":"https:\/\/infos-droitshumains.net\/index.php?rest_route=%2Fwp%2Fv2%2Ftags&post=7962"}],"curies":[{"name":"wp","href":"https:\/\/api.w.org\/{rel}","templated":true}]}}