{"id":7935,"date":"2023-09-13T02:22:18","date_gmt":"2023-09-13T00:22:18","guid":{"rendered":"https:\/\/infos-droitshumains.net\/?p=7935"},"modified":"2023-09-13T12:33:23","modified_gmt":"2023-09-13T10:33:23","slug":"tribunal-de-paix-de-kinshasa-matete-vous-avez-balise-un-chemin-et-je-ne-voudrai-pas-men-ecarter-josephine-mukonkole-sur-les-traces-de-charly-kasunda","status":"publish","type":"post","link":"https:\/\/infos-droitshumains.net\/?p=7935","title":{"rendered":"Tribunal de Paix de Kinshasa\/Matete\u00a0: Vous avez balis\u00e9 un chemin et, je ne voudrai pas m\u2019y \u00e9carter (Jos\u00e9phine Mukonkole sur les traces de Charly Kasunda)"},"content":{"rendered":"\n<p><strong>R\u00e9daction :+243817406088<\/strong><\/p>\n\n\n\n<h4 class=\"wp-block-heading has-vivid-red-color has-text-color\">D\u00e9j\u00e0 install\u00e9 dans ses nouvelles fonctions comme Pr\u00e9sident du Tribunal de Grande Instance de Kinshasa\/Gombe, Charly Kasunda qui \u00e9tait, avant sa nomination, Pr\u00e9sident du Tribunal de Paix de Kinshasa\/Matete, a pass\u00e9 la main ce mardi 12 septembre 2023 \u00e0 Jos\u00e9phine Mukonkole Tshibambe.<\/h4>\n\n\n\n<p>La c\u00e9r\u00e9monie a commenc\u00e9 par un entretien en huis-clos entre les deux Pr\u00e9sident, puis la lecture du proc\u00e8s-verbal de remise et reprise.<\/p>\n\n\n\n\n\n<p>Le Pr\u00e9sident sortant a fait un discours tr\u00e8s \u00e9mouvant en rendant un vibrant hommage \u00e0 ses coll\u00e8gues de cette juridiction qu\u2019il a toujours consid\u00e9r\u00e9e comme une <em>\u00ab\u00a0famille\u00a0\u00bb.<\/em><\/p>\n\n\n\n<figure class=\"wp-block-image size-large\"><img data-recalc-dims=\"1\" fetchpriority=\"high\" decoding=\"async\" width=\"640\" height=\"398\" src=\"https:\/\/i0.wp.com\/infos-droitshumains.net\/wp-content\/uploads\/2023\/09\/IMG_20230912_170158_642.jpg?resize=640%2C398&#038;ssl=1\" alt=\"\" class=\"wp-image-7957\" srcset=\"https:\/\/i0.wp.com\/infos-droitshumains.net\/wp-content\/uploads\/2023\/09\/IMG_20230912_170158_642.jpg?resize=1024%2C636&amp;ssl=1 1024w, https:\/\/i0.wp.com\/infos-droitshumains.net\/wp-content\/uploads\/2023\/09\/IMG_20230912_170158_642.jpg?resize=300%2C186&amp;ssl=1 300w, https:\/\/i0.wp.com\/infos-droitshumains.net\/wp-content\/uploads\/2023\/09\/IMG_20230912_170158_642.jpg?resize=768%2C477&amp;ssl=1 768w, https:\/\/i0.wp.com\/infos-droitshumains.net\/wp-content\/uploads\/2023\/09\/IMG_20230912_170158_642.jpg?w=1040&amp;ssl=1 1040w\" sizes=\"(max-width: 640px) 100vw, 640px\" \/><\/figure>\n\n\n\n<p><em>\u00ab&nbsp;Je dis merci au Pr\u00e9sident de la R\u00e9publique qui a d\u00e9cid\u00e9 de nous placer nous deux, \u00e0 la t\u00eate des juridictions. Je voudrai remercier les autorit\u00e9s du Conseil Sup\u00e9rieur de la Magistrature qui aussi, ont port\u00e9 leur choix sur nous pour diriger ces juridictions. Ma pens\u00e9e va \u00e9galement \u00e0 tous les juges du Tribunal de Paix de Kinshasa\/Matete, ma famille\u2026 Merci pour ce que vous avez \u00e9t\u00e9 pour nous. Jour apr\u00e8s jours, j\u2019ai pu constater combien vous nous avez \u00e9t\u00e9 chers. Avoir vous tous comme coll\u00e8gues, c\u2019est vraiment une b\u00e9n\u00e9diction. Je suis un tout petit peu jaloux de ma coll\u00e8gue parce qu\u2019elle a une mine d\u2019or avec elle&nbsp;\u00bb<\/em>, a dit Charly Kasunda avant d\u2019adress\u00e9 un message \u00e0 Jos\u00e9phine Mukonkole&nbsp;:<\/p>\n\n\n\n<p><em>\u00ab&nbsp;Nous vous accueillons officiellement dans cette juridiction b\u00e9nie&nbsp;\u00bb<\/em><\/p>\n\n\n\n<p>La nouvelle Pr\u00e9sidente du Tribunal de Paix de Kinshasa\/Matete promis de march\u00e9 sur les traces de son pr\u00e9d\u00e9cesseur\u00a0:<\/p>\n\n\n\n<figure class=\"wp-block-image size-large\"><img data-recalc-dims=\"1\" decoding=\"async\" width=\"640\" height=\"480\" src=\"https:\/\/i0.wp.com\/infos-droitshumains.net\/wp-content\/uploads\/2023\/09\/IMG_20230912_170347_402.jpg?resize=640%2C480&#038;ssl=1\" alt=\"\" class=\"wp-image-7960\" srcset=\"https:\/\/i0.wp.com\/infos-droitshumains.net\/wp-content\/uploads\/2023\/09\/IMG_20230912_170347_402.jpg?resize=1024%2C768&amp;ssl=1 1024w, https:\/\/i0.wp.com\/infos-droitshumains.net\/wp-content\/uploads\/2023\/09\/IMG_20230912_170347_402.jpg?resize=300%2C225&amp;ssl=1 300w, https:\/\/i0.wp.com\/infos-droitshumains.net\/wp-content\/uploads\/2023\/09\/IMG_20230912_170347_402.jpg?resize=768%2C576&amp;ssl=1 768w, https:\/\/i0.wp.com\/infos-droitshumains.net\/wp-content\/uploads\/2023\/09\/IMG_20230912_170347_402.jpg?w=1040&amp;ssl=1 1040w\" sizes=\"(max-width: 640px) 100vw, 640px\" \/><\/figure>\n\n\n\n<p><em>\u00ab&nbsp;Merci au Pr\u00e9sident Kasunda Charly pour cette disponibilit\u00e9 de c\u0153ur et d\u2019esprit. Pour cette ouverture d\u2019esprit. Vous avez balis\u00e9 un chemin, et je ne voudrai pas m\u2019en \u00e9carter. Le chemin de la justice, de l\u2019\u00e9quit\u00e9 ainsi que de l\u2019\u00e9quilibre afin que tout citoyen congolais se retrouve dans la distribution de la justice comme vous l\u2019avez fait justement. J\u2019ai entendu les diff\u00e9rentes personnes qui ont \u0153uvr\u00e9es avec vous, il n\u2019y a que des bons t\u00e9moignages. En ce qui me concerne, je ne peux pas changer le chemin balis\u00e9 dans le bon. Vous \u00eates un mod\u00e8le pour moi. Que le seigneur m\u2019aide \u00e0 marcher \u00e0 respecter les pr\u00e9ceptes que vous avez respect\u00e9s jusque-l\u00e0, afin que chacun se r\u00e9jouisse. Que ce soit les juges, les greffiers, les justiciables, le m\u00eame t\u00e9moignage qu\u2019ils ont de vous demeure et soit p\u00e9rennis\u00e9&nbsp;\u00bb<\/em>, a rassur\u00e9 Jos\u00e9phine Mukonkole qui a par ailleurs pos\u00e9 les jalons de son mandat&nbsp;:<\/p>\n\n\n\n<p><em>\u00ab&nbsp;Je suis fi\u00e8re de travailler avec des gens qui sont honn\u00eate, transparents, qui travaille dans la v\u00e9rit\u00e9 comme moi-m\u00eame. Je crois que nous ferons une tr\u00e8s bonne \u00e9quipe&nbsp;\u00bb<\/em>, a-t-elle dit aux juges et personnel de cette juridiction pr\u00e9sents dans la salle.<\/p>\n\n\n\n<p>Avant de partir, Charly Kasunda a remis officiellement \u00e0 Jos\u00e9phine Mukonkole les cl\u00e9s du Tribunal. Un geste \u00e0 en croire cette derni\u00e8re, qui est la marque d\u2019une passation du pouvoir de mani\u00e8re civilis\u00e9e.<\/p>\n\n\n\n<p>Jo\u00ebl Diawa<\/p>\n","protected":false},"excerpt":{"rendered":"<p>R\u00e9daction :+243817406088 D\u00e9j\u00e0 install\u00e9 dans ses nouvelles fonctions comme Pr\u00e9sident du Tribunal de Grande Instance&#8230;<\/p>\n","protected":false},"author":2,"featured_media":7955,"comment_status":"open","ping_status":"open","sticky":false,"template":"","format":"standard","meta":{"_jetpack_memberships_contains_paid_content":false,"footnotes":""},"categories":[6],"tags":[],"class_list":["post-7935","post","type-post","status-publish","format-standard","has-post-thumbnail","hentry","category-justice"],"yoast_head":"<!-- This site is optimized with the Yoast SEO plugin v27.5 - https:\/\/yoast.com\/product\/yoast-seo-wordpress\/ -->\n<title>Tribunal de Paix de Kinshasa\/Matete\u00a0: Vous avez balis\u00e9 un chemin et, je ne voudrai pas m\u2019y \u00e9carter (Jos\u00e9phine Mukonkole sur les traces de Charly Kasunda) - Infos Droits Humains<\/title>\n<meta name=\"robots\" content=\"index, follow, max-snippet:-1, max-image-preview:large, max-video-preview:-1\" \/>\n<link rel=\"canonical\" href=\"https:\/\/infos-droitshumains.net\/?p=7935\" \/>\n<meta property=\"og:locale\" content=\"fr_FR\" \/>\n<meta property=\"og:type\" content=\"article\" \/>\n<meta property=\"og:title\" content=\"Tribunal de Paix de Kinshasa\/Matete\u00a0: Vous avez balis\u00e9 un chemin et, je ne voudrai pas m\u2019y \u00e9carter (Jos\u00e9phine Mukonkole sur les traces de Charly Kasunda) - Infos Droits Humains\" \/>\n<meta property=\"og:description\" content=\"R\u00e9daction :+243817406088 D\u00e9j\u00e0 install\u00e9 dans ses nouvelles fonctions comme Pr\u00e9sident du Tribunal de Grande Instance...\" \/>\n<meta property=\"og:url\" content=\"https:\/\/infos-droitshumains.net\/?p=7935\" \/>\n<meta property=\"og:site_name\" content=\"Infos Droits Humains\" \/>\n<meta property=\"article:published_time\" content=\"2023-09-13T00:22:18+00:00\" \/>\n<meta property=\"article:modified_time\" content=\"2023-09-13T10:33:23+00:00\" \/>\n<meta property=\"og:image\" content=\"https:\/\/infos-droitshumains.net\/wp-content\/uploads\/2023\/09\/IMG_20230912_170259_470.jpg\" \/>\n\t<meta property=\"og:image:width\" content=\"1040\" \/>\n\t<meta property=\"og:image:height\" content=\"780\" \/>\n\t<meta property=\"og:image:type\" content=\"image\/jpeg\" \/>\n<meta name=\"author\" content=\"Jo\u00ebl Diawa\" \/>\n<meta name=\"twitter:card\" content=\"summary_large_image\" \/>\n<meta name=\"twitter:label1\" content=\"\u00c9crit par\" \/>\n\t<meta name=\"twitter:data1\" content=\"Jo\u00ebl Diawa\" \/>\n\t<meta name=\"twitter:label2\" content=\"Dur\u00e9e de lecture estim\u00e9e\" \/>\n\t<meta name=\"twitter:data2\" content=\"3 minutes\" \/>\n<script type=\"application\/ld+json\" class=\"yoast-schema-graph\">{\"@context\":\"https:\\\/\\\/schema.org\",\"@graph\":[{\"@type\":\"Article\",\"@id\":\"https:\\\/\\\/infos-droitshumains.net\\\/?p=7935#article\",\"isPartOf\":{\"@id\":\"https:\\\/\\\/infos-droitshumains.net\\\/?p=7935\"},\"author\":{\"name\":\"Jo\u00ebl Diawa\",\"@id\":\"https:\\\/\\\/infos-droitshumains.net\\\/#\\\/schema\\\/person\\\/3dc5e921c3302172e0ed4362f96faab7\"},\"headline\":\"Tribunal de Paix de Kinshasa\\\/Matete\u00a0: Vous avez balis\u00e9 un chemin et, je ne voudrai pas m\u2019y \u00e9carter (Jos\u00e9phine Mukonkole sur les traces de Charly Kasunda)\",\"datePublished\":\"2023-09-13T00:22:18+00:00\",\"dateModified\":\"2023-09-13T10:33:23+00:00\",\"mainEntityOfPage\":{\"@id\":\"https:\\\/\\\/infos-droitshumains.net\\\/?p=7935\"},\"wordCount\":567,\"commentCount\":0,\"publisher\":{\"@id\":\"https:\\\/\\\/infos-droitshumains.net\\\/#organization\"},\"image\":{\"@id\":\"https:\\\/\\\/infos-droitshumains.net\\\/?p=7935#primaryimage\"},\"thumbnailUrl\":\"https:\\\/\\\/i0.wp.com\\\/infos-droitshumains.net\\\/wp-content\\\/uploads\\\/2023\\\/09\\\/IMG_20230912_170259_470.jpg?fit=1040%2C780&ssl=1\",\"articleSection\":[\"Justice\"],\"inLanguage\":\"fr-FR\",\"potentialAction\":[{\"@type\":\"CommentAction\",\"name\":\"Comment\",\"target\":[\"https:\\\/\\\/infos-droitshumains.net\\\/?p=7935#respond\"]}]},{\"@type\":\"WebPage\",\"@id\":\"https:\\\/\\\/infos-droitshumains.net\\\/?p=7935\",\"url\":\"https:\\\/\\\/infos-droitshumains.net\\\/?p=7935\",\"name\":\"Tribunal de Paix de Kinshasa\\\/Matete\u00a0: Vous avez balis\u00e9 un chemin et, je ne voudrai pas m\u2019y \u00e9carter (Jos\u00e9phine Mukonkole sur les traces de Charly Kasunda) - Infos Droits Humains\",\"isPartOf\":{\"@id\":\"https:\\\/\\\/infos-droitshumains.net\\\/#website\"},\"primaryImageOfPage\":{\"@id\":\"https:\\\/\\\/infos-droitshumains.net\\\/?p=7935#primaryimage\"},\"image\":{\"@id\":\"https:\\\/\\\/infos-droitshumains.net\\\/?p=7935#primaryimage\"},\"thumbnailUrl\":\"https:\\\/\\\/i0.wp.com\\\/infos-droitshumains.net\\\/wp-content\\\/uploads\\\/2023\\\/09\\\/IMG_20230912_170259_470.jpg?fit=1040%2C780&ssl=1\",\"datePublished\":\"2023-09-13T00:22:18+00:00\",\"dateModified\":\"2023-09-13T10:33:23+00:00\",\"breadcrumb\":{\"@id\":\"https:\\\/\\\/infos-droitshumains.net\\\/?p=7935#breadcrumb\"},\"inLanguage\":\"fr-FR\",\"potentialAction\":[{\"@type\":\"ReadAction\",\"target\":[\"https:\\\/\\\/infos-droitshumains.net\\\/?p=7935\"]}]},{\"@type\":\"ImageObject\",\"inLanguage\":\"fr-FR\",\"@id\":\"https:\\\/\\\/infos-droitshumains.net\\\/?p=7935#primaryimage\",\"url\":\"https:\\\/\\\/i0.wp.com\\\/infos-droitshumains.net\\\/wp-content\\\/uploads\\\/2023\\\/09\\\/IMG_20230912_170259_470.jpg?fit=1040%2C780&ssl=1\",\"contentUrl\":\"https:\\\/\\\/i0.wp.com\\\/infos-droitshumains.net\\\/wp-content\\\/uploads\\\/2023\\\/09\\\/IMG_20230912_170259_470.jpg?fit=1040%2C780&ssl=1\",\"width\":1040,\"height\":780},{\"@type\":\"BreadcrumbList\",\"@id\":\"https:\\\/\\\/infos-droitshumains.net\\\/?p=7935#breadcrumb\",\"itemListElement\":[{\"@type\":\"ListItem\",\"position\":1,\"name\":\"Accueil\",\"item\":\"https:\\\/\\\/infos-droitshumains.net\\\/\"},{\"@type\":\"ListItem\",\"position\":2,\"name\":\"Tribunal de Paix de Kinshasa\\\/Matete\u00a0: Vous avez balis\u00e9 un chemin et, je ne voudrai pas m\u2019y \u00e9carter (Jos\u00e9phine Mukonkole sur les traces de Charly Kasunda)\"}]},{\"@type\":\"WebSite\",\"@id\":\"https:\\\/\\\/infos-droitshumains.net\\\/#website\",\"url\":\"https:\\\/\\\/infos-droitshumains.net\\\/\",\"name\":\"Infos Droits Humains\",\"description\":\"S&#039;informer est un droit\",\"publisher\":{\"@id\":\"https:\\\/\\\/infos-droitshumains.net\\\/#organization\"},\"potentialAction\":[{\"@type\":\"SearchAction\",\"target\":{\"@type\":\"EntryPoint\",\"urlTemplate\":\"https:\\\/\\\/infos-droitshumains.net\\\/?s={search_term_string}\"},\"query-input\":{\"@type\":\"PropertyValueSpecification\",\"valueRequired\":true,\"valueName\":\"search_term_string\"}}],\"inLanguage\":\"fr-FR\"},{\"@type\":\"Organization\",\"@id\":\"https:\\\/\\\/infos-droitshumains.net\\\/#organization\",\"name\":\"Infos Droits Humains\",\"url\":\"https:\\\/\\\/infos-droitshumains.net\\\/\",\"logo\":{\"@type\":\"ImageObject\",\"inLanguage\":\"fr-FR\",\"@id\":\"https:\\\/\\\/infos-droitshumains.net\\\/#\\\/schema\\\/logo\\\/image\\\/\",\"url\":\"https:\\\/\\\/i0.wp.com\\\/infos-droitshumains.net\\\/wp-content\\\/uploads\\\/2022\\\/05\\\/Logo.png?fit=333%2C129&ssl=1\",\"contentUrl\":\"https:\\\/\\\/i0.wp.com\\\/infos-droitshumains.net\\\/wp-content\\\/uploads\\\/2022\\\/05\\\/Logo.png?fit=333%2C129&ssl=1\",\"width\":333,\"height\":129,\"caption\":\"Infos Droits Humains\"},\"image\":{\"@id\":\"https:\\\/\\\/infos-droitshumains.net\\\/#\\\/schema\\\/logo\\\/image\\\/\"}},{\"@type\":\"Person\",\"@id\":\"https:\\\/\\\/infos-droitshumains.net\\\/#\\\/schema\\\/person\\\/3dc5e921c3302172e0ed4362f96faab7\",\"name\":\"Jo\u00ebl Diawa\",\"image\":{\"@type\":\"ImageObject\",\"inLanguage\":\"fr-FR\",\"@id\":\"https:\\\/\\\/secure.gravatar.com\\\/avatar\\\/729bea6ff4604c624417803c477363be8e3c7186deaa65713313f9b4b820f41c?s=96&d=mm&r=g\",\"url\":\"https:\\\/\\\/secure.gravatar.com\\\/avatar\\\/729bea6ff4604c624417803c477363be8e3c7186deaa65713313f9b4b820f41c?s=96&d=mm&r=g\",\"contentUrl\":\"https:\\\/\\\/secure.gravatar.com\\\/avatar\\\/729bea6ff4604c624417803c477363be8e3c7186deaa65713313f9b4b820f41c?s=96&d=mm&r=g\",\"caption\":\"Jo\u00ebl Diawa\"},\"sameAs\":[\"https:\\\/\\\/www.infos-droitshumains.net\"],\"url\":\"https:\\\/\\\/infos-droitshumains.net\\\/?author=2\"}]}<\/script>\n<!-- \/ Yoast SEO plugin. -->","yoast_head_json":{"title":"Tribunal de Paix de Kinshasa\/Matete\u00a0: Vous avez balis\u00e9 un chemin et, je ne voudrai pas m\u2019y \u00e9carter (Jos\u00e9phine Mukonkole sur les traces de Charly Kasunda) - Infos Droits Humains","robots":{"index":"index","follow":"follow","max-snippet":"max-snippet:-1","max-image-preview":"max-image-preview:large","max-video-preview":"max-video-preview:-1"},"canonical":"https:\/\/infos-droitshumains.net\/?p=7935","og_locale":"fr_FR","og_type":"article","og_title":"Tribunal de Paix de Kinshasa\/Matete\u00a0: Vous avez balis\u00e9 un chemin et, je ne voudrai pas m\u2019y \u00e9carter (Jos\u00e9phine Mukonkole sur les traces de Charly Kasunda) - Infos Droits Humains","og_description":"R\u00e9daction :+243817406088 D\u00e9j\u00e0 install\u00e9 dans ses nouvelles fonctions comme Pr\u00e9sident du Tribunal de Grande Instance...","og_url":"https:\/\/infos-droitshumains.net\/?p=7935","og_site_name":"Infos Droits Humains","article_published_time":"2023-09-13T00:22:18+00:00","article_modified_time":"2023-09-13T10:33:23+00:00","og_image":[{"width":1040,"height":780,"url":"https:\/\/infos-droitshumains.net\/wp-content\/uploads\/2023\/09\/IMG_20230912_170259_470.jpg","type":"image\/jpeg"}],"author":"Jo\u00ebl Diawa","twitter_card":"summary_large_image","twitter_misc":{"\u00c9crit par":"Jo\u00ebl Diawa","Dur\u00e9e de lecture estim\u00e9e":"3 minutes"},"schema":{"@context":"https:\/\/schema.org","@graph":[{"@type":"Article","@id":"https:\/\/infos-droitshumains.net\/?p=7935#article","isPartOf":{"@id":"https:\/\/infos-droitshumains.net\/?p=7935"},"author":{"name":"Jo\u00ebl Diawa","@id":"https:\/\/infos-droitshumains.net\/#\/schema\/person\/3dc5e921c3302172e0ed4362f96faab7"},"headline":"Tribunal de Paix de Kinshasa\/Matete\u00a0: Vous avez balis\u00e9 un chemin et, je ne voudrai pas m\u2019y \u00e9carter (Jos\u00e9phine Mukonkole sur les traces de Charly Kasunda)","datePublished":"2023-09-13T00:22:18+00:00","dateModified":"2023-09-13T10:33:23+00:00","mainEntityOfPage":{"@id":"https:\/\/infos-droitshumains.net\/?p=7935"},"wordCount":567,"commentCount":0,"publisher":{"@id":"https:\/\/infos-droitshumains.net\/#organization"},"image":{"@id":"https:\/\/infos-droitshumains.net\/?p=7935#primaryimage"},"thumbnailUrl":"https:\/\/i0.wp.com\/infos-droitshumains.net\/wp-content\/uploads\/2023\/09\/IMG_20230912_170259_470.jpg?fit=1040%2C780&ssl=1","articleSection":["Justice"],"inLanguage":"fr-FR","potentialAction":[{"@type":"CommentAction","name":"Comment","target":["https:\/\/infos-droitshumains.net\/?p=7935#respond"]}]},{"@type":"WebPage","@id":"https:\/\/infos-droitshumains.net\/?p=7935","url":"https:\/\/infos-droitshumains.net\/?p=7935","name":"Tribunal de Paix de Kinshasa\/Matete\u00a0: Vous avez balis\u00e9 un chemin et, je ne voudrai pas m\u2019y \u00e9carter (Jos\u00e9phine Mukonkole sur les traces de Charly Kasunda) - Infos Droits Humains","isPartOf":{"@id":"https:\/\/infos-droitshumains.net\/#website"},"primaryImageOfPage":{"@id":"https:\/\/infos-droitshumains.net\/?p=7935#primaryimage"},"image":{"@id":"https:\/\/infos-droitshumains.net\/?p=7935#primaryimage"},"thumbnailUrl":"https:\/\/i0.wp.com\/infos-droitshumains.net\/wp-content\/uploads\/2023\/09\/IMG_20230912_170259_470.jpg?fit=1040%2C780&ssl=1","datePublished":"2023-09-13T00:22:18+00:00","dateModified":"2023-09-13T10:33:23+00:00","breadcrumb":{"@id":"https:\/\/infos-droitshumains.net\/?p=7935#breadcrumb"},"inLanguage":"fr-FR","potentialAction":[{"@type":"ReadAction","target":["https:\/\/infos-droitshumains.net\/?p=7935"]}]},{"@type":"ImageObject","inLanguage":"fr-FR","@id":"https:\/\/infos-droitshumains.net\/?p=7935#primaryimage","url":"https:\/\/i0.wp.com\/infos-droitshumains.net\/wp-content\/uploads\/2023\/09\/IMG_20230912_170259_470.jpg?fit=1040%2C780&ssl=1","contentUrl":"https:\/\/i0.wp.com\/infos-droitshumains.net\/wp-content\/uploads\/2023\/09\/IMG_20230912_170259_470.jpg?fit=1040%2C780&ssl=1","width":1040,"height":780},{"@type":"BreadcrumbList","@id":"https:\/\/infos-droitshumains.net\/?p=7935#breadcrumb","itemListElement":[{"@type":"ListItem","position":1,"name":"Accueil","item":"https:\/\/infos-droitshumains.net\/"},{"@type":"ListItem","position":2,"name":"Tribunal de Paix de Kinshasa\/Matete\u00a0: Vous avez balis\u00e9 un chemin et, je ne voudrai pas m\u2019y \u00e9carter (Jos\u00e9phine Mukonkole sur les traces de Charly Kasunda)"}]},{"@type":"WebSite","@id":"https:\/\/infos-droitshumains.net\/#website","url":"https:\/\/infos-droitshumains.net\/","name":"Infos Droits Humains","description":"S&#039;informer est un droit","publisher":{"@id":"https:\/\/infos-droitshumains.net\/#organization"},"potentialAction":[{"@type":"SearchAction","target":{"@type":"EntryPoint","urlTemplate":"https:\/\/infos-droitshumains.net\/?s={search_term_string}"},"query-input":{"@type":"PropertyValueSpecification","valueRequired":true,"valueName":"search_term_string"}}],"inLanguage":"fr-FR"},{"@type":"Organization","@id":"https:\/\/infos-droitshumains.net\/#organization","name":"Infos Droits Humains","url":"https:\/\/infos-droitshumains.net\/","logo":{"@type":"ImageObject","inLanguage":"fr-FR","@id":"https:\/\/infos-droitshumains.net\/#\/schema\/logo\/image\/","url":"https:\/\/i0.wp.com\/infos-droitshumains.net\/wp-content\/uploads\/2022\/05\/Logo.png?fit=333%2C129&ssl=1","contentUrl":"https:\/\/i0.wp.com\/infos-droitshumains.net\/wp-content\/uploads\/2022\/05\/Logo.png?fit=333%2C129&ssl=1","width":333,"height":129,"caption":"Infos Droits Humains"},"image":{"@id":"https:\/\/infos-droitshumains.net\/#\/schema\/logo\/image\/"}},{"@type":"Person","@id":"https:\/\/infos-droitshumains.net\/#\/schema\/person\/3dc5e921c3302172e0ed4362f96faab7","name":"Jo\u00ebl Diawa","image":{"@type":"ImageObject","inLanguage":"fr-FR","@id":"https:\/\/secure.gravatar.com\/avatar\/729bea6ff4604c624417803c477363be8e3c7186deaa65713313f9b4b820f41c?s=96&d=mm&r=g","url":"https:\/\/secure.gravatar.com\/avatar\/729bea6ff4604c624417803c477363be8e3c7186deaa65713313f9b4b820f41c?s=96&d=mm&r=g","contentUrl":"https:\/\/secure.gravatar.com\/avatar\/729bea6ff4604c624417803c477363be8e3c7186deaa65713313f9b4b820f41c?s=96&d=mm&r=g","caption":"Jo\u00ebl Diawa"},"sameAs":["https:\/\/www.infos-droitshumains.net"],"url":"https:\/\/infos-droitshumains.net\/?author=2"}]}},"featured_image_urls":{"full":["https:\/\/i0.wp.com\/infos-droitshumains.net\/wp-content\/uploads\/2023\/09\/IMG_20230912_170259_470.jpg?fit=1040%2C780&ssl=1",1040,780,false],"thumbnail":["https:\/\/i0.wp.com\/infos-droitshumains.net\/wp-content\/uploads\/2023\/09\/IMG_20230912_170259_470.jpg?resize=150%2C150&ssl=1",150,150,true],"medium":["https:\/\/i0.wp.com\/infos-droitshumains.net\/wp-content\/uploads\/2023\/09\/IMG_20230912_170259_470.jpg?fit=300%2C225&ssl=1",300,225,true],"medium_large":["https:\/\/i0.wp.com\/infos-droitshumains.net\/wp-content\/uploads\/2023\/09\/IMG_20230912_170259_470.jpg?fit=640%2C480&ssl=1",640,480,true],"large":["https:\/\/i0.wp.com\/infos-droitshumains.net\/wp-content\/uploads\/2023\/09\/IMG_20230912_170259_470.jpg?fit=640%2C480&ssl=1",640,480,true],"1536x1536":["https:\/\/i0.wp.com\/infos-droitshumains.net\/wp-content\/uploads\/2023\/09\/IMG_20230912_170259_470.jpg?fit=1040%2C780&ssl=1",1040,780,true],"2048x2048":["https:\/\/i0.wp.com\/infos-droitshumains.net\/wp-content\/uploads\/2023\/09\/IMG_20230912_170259_470.jpg?fit=1040%2C780&ssl=1",1040,780,true],"covernews-slider-full":["https:\/\/i0.wp.com\/infos-droitshumains.net\/wp-content\/uploads\/2023\/09\/IMG_20230912_170259_470.jpg?resize=1040%2C715&ssl=1",1040,715,true],"covernews-slider-center":["https:\/\/i0.wp.com\/infos-droitshumains.net\/wp-content\/uploads\/2023\/09\/IMG_20230912_170259_470.jpg?resize=800%2C500&ssl=1",800,500,true],"covernews-featured":["https:\/\/i0.wp.com\/infos-droitshumains.net\/wp-content\/uploads\/2023\/09\/IMG_20230912_170259_470.jpg?fit=1024%2C768&ssl=1",1024,768,true],"covernews-medium":["https:\/\/i0.wp.com\/infos-droitshumains.net\/wp-content\/uploads\/2023\/09\/IMG_20230912_170259_470.jpg?resize=540%2C340&ssl=1",540,340,true],"covernews-medium-square":["https:\/\/i0.wp.com\/infos-droitshumains.net\/wp-content\/uploads\/2023\/09\/IMG_20230912_170259_470.jpg?resize=400%2C250&ssl=1",400,250,true]},"author_info":{"display_name":"Jo\u00ebl Diawa","author_link":"https:\/\/infos-droitshumains.net\/?author=2"},"category_info":"<a href=\"https:\/\/infos-droitshumains.net\/?cat=6\" rel=\"category\">Justice<\/a>","tag_info":"Justice","comment_count":"0","jetpack_featured_media_url":"https:\/\/i0.wp.com\/infos-droitshumains.net\/wp-content\/uploads\/2023\/09\/IMG_20230912_170259_470.jpg?fit=1040%2C780&ssl=1","jetpack-related-posts":[],"jetpack_sharing_enabled":true,"_links":{"self":[{"href":"https:\/\/infos-droitshumains.net\/index.php?rest_route=\/wp\/v2\/posts\/7935","targetHints":{"allow":["GET"]}}],"collection":[{"href":"https:\/\/infos-droitshumains.net\/index.php?rest_route=\/wp\/v2\/posts"}],"about":[{"href":"https:\/\/infos-droitshumains.net\/index.php?rest_route=\/wp\/v2\/types\/post"}],"author":[{"embeddable":true,"href":"https:\/\/infos-droitshumains.net\/index.php?rest_route=\/wp\/v2\/users\/2"}],"replies":[{"embeddable":true,"href":"https:\/\/infos-droitshumains.net\/index.php?rest_route=%2Fwp%2Fv2%2Fcomments&post=7935"}],"version-history":[{"count":5,"href":"https:\/\/infos-droitshumains.net\/index.php?rest_route=\/wp\/v2\/posts\/7935\/revisions"}],"predecessor-version":[{"id":7961,"href":"https:\/\/infos-droitshumains.net\/index.php?rest_route=\/wp\/v2\/posts\/7935\/revisions\/7961"}],"wp:featuredmedia":[{"embeddable":true,"href":"https:\/\/infos-droitshumains.net\/index.php?rest_route=\/wp\/v2\/media\/7955"}],"wp:attachment":[{"href":"https:\/\/infos-droitshumains.net\/index.php?rest_route=%2Fwp%2Fv2%2Fmedia&parent=7935"}],"wp:term":[{"taxonomy":"category","embeddable":true,"href":"https:\/\/infos-droitshumains.net\/index.php?rest_route=%2Fwp%2Fv2%2Fcategories&post=7935"},{"taxonomy":"post_tag","embeddable":true,"href":"https:\/\/infos-droitshumains.net\/index.php?rest_route=%2Fwp%2Fv2%2Ftags&post=7935"}],"curies":[{"name":"wp","href":"https:\/\/api.w.org\/{rel}","templated":true}]}}