{"id":7923,"date":"2023-09-13T00:51:11","date_gmt":"2023-09-12T22:51:11","guid":{"rendered":"https:\/\/infos-droitshumains.net\/?p=7923"},"modified":"2023-09-13T00:57:31","modified_gmt":"2023-09-12T22:57:31","slug":"sensibilisation-et-vulgarisation-de-la-loi-sur-la-traite-des-personnes-fils-lien-ely-thelot-presente-aux-acteurs-judiciaires-les-manifestations-et-indicateurs-specifiques-de-ce-fleau","status":"publish","type":"post","link":"https:\/\/infos-droitshumains.net\/?p=7923","title":{"rendered":"Sensibilisation et vulgarisation de la loi du 26 d\u00e9cembre 2022: Fils-Lien Ely Thelot pr\u00e9sente aux acteurs judiciaires de la RDC les manifestations et indicateurs sp\u00e9cifiques de la traite des personnes"},"content":{"rendered":"\n<p><strong>R\u00e9daction :+243817406088<\/strong><\/p>\n\n\n\n<h4 class=\"wp-block-heading has-vivid-red-color has-text-color\">La Pr\u00e9sidence de la R\u00e9publique \u00e0 travers sa coordination en charge de la Jeunesse Lutte contre les Violences faites \u00e0 la Femme et la Traite des Personnes, et ses partenaires dont l\u2019Organisation Internationale pour les Migrations, Tag International et le gouvernement am\u00e9ricain \u00e0 travers l\u2019USAID a lanc\u00e9 le lundi 11 septembre, un atelier de vulgarisation et sensibilisation sur la loi n\u00b0 22\/067 du 26 d\u00e9cembre 2022 modifiant et compl\u00e9tant le D\u00e9cret du 30 janvier 1940 portant Code p\u00e9nal congolais en mati\u00e8re de pr\u00e9vention et de la r\u00e9pression de la traite des personnes.<\/h4>\n\n\n\n<p>Cet atelier organis\u00e9 \u00e0 l\u2019intention des acteurs judiciaires a \u00e9t\u00e9 anim\u00e9 par plusieurs experts dont, le Docteur Fils-Lien Ely Thelot. Le conseiller technique de l\u2019Organisation Internationale pour les Migrations a dans son module, abord\u00e9 la question relative \u00e0 \u00ab&nbsp;La traite des personnes&nbsp;: dimension, manifestations et indicateurs sp\u00e9cifiques.<\/p>\n\n\n\n<p>Dans la premi\u00e8re partie de son expos\u00e9, Le docteur Ely Thelot a expliqu\u00e9 l\u2019ampleur et l\u2019histoire de la traite des personnes dans le contexte international. A l\u2019en croire, la traite des personnes est au m\u00eame moment une grosse affaire et un fl\u00e9au mondial.<\/p>\n\n\n\n<p>Une grosse affaire car son chiffre d\u2019affaire est estim\u00e9 \u00e0 <em>\u00ab&nbsp; 32 milliards $&nbsp;\u00bb<\/em> avec un b\u00e9n\u00e9fice illicite du travail forc\u00e9 de <em>\u00ab&nbsp;150 milliards $&nbsp;\u00bb<\/em>, et un fl\u00e9au car, \u00e9tant <em>\u00ab&nbsp;la deuxi\u00e8me forme de trafic la plus rependue au monde apr\u00e8s la drogue avec 50 millions des victimes&nbsp;\u00bb<\/em>.<\/p>\n\n\n\n<p>Dans la deuxi\u00e8me parti, il a pr\u00e9sent\u00e9 les figures de la traite des personnes dans le contexte congolais de vuln\u00e9rabilit\u00e9&nbsp;qui sont entre autre <em>\u00ab&nbsp;la mendicit\u00e9 forc\u00e9e, l\u2019enr\u00f4lement des enfants dans des groupes arm\u00e9s en RDC, l\u2019esclavage moderne ou le travail forc\u00e9, la servitude domestique, l\u2019exploitation de la prostitution d\u2019autrui, les r\u00e9seaux de prox\u00e9n\u00e9tisme et exploitation sexuelle, le mariage forc\u00e9, l\u2019adoption international aux fins d\u2019exploitation&nbsp;\u00bb<\/em>.<\/p>\n\n\n\n<p>Dans la troisi\u00e8me partie, &nbsp;il a pr\u00e9sent\u00e9 les indicateurs de la traite des personnes.<\/p>\n\n\n\n<p>L\u2019OIM accompagne la R\u00e9publique D\u00e9mocratique du Congo dans la lutte contre la traite des personnes depuis maintenant plus trois ans. Pour son conseiller technique, le pays a fait des avanc\u00e9es significatives enregistr\u00e9es sur le plan international&nbsp;:<\/p>\n\n\n\n<p><em>\u00ab&nbsp;L\u2019Etat congolais peut \u00eatre satisfait des r\u00e9sultats obtenus jusque-l\u00e0. Il y a de cela trois ans, la RDC&nbsp; \u00e9tait class\u00e9e en tiers trois, aujourd\u2019hui, elle est class\u00e9e en tiers deux.&nbsp; A l\u2019\u00e9chelle internationale, c\u2019est un acquis extraordinaire qui m\u00e9rite le satisfecit du Chef de l\u2019Etat qui d\u00e8s son arriv\u00e9 en 2019, en mis en place une structure d\u00e9di\u00e9e \u00e0 la lutte contre la traite des personnes, a mis en place, les m\u00e9canismes de r\u00e9f\u00e9rencement des victimes et l\u2019OIM a toujours \u00e9tait l\u00e0 pour accompagner cet effort. En plus de cela, en d\u00e9cembre 2022, le Pr\u00e9sident a promulgu\u00e9 une loi sp\u00e9cifique qui criminalise la traite des personnes en RDC.&nbsp; Sur base de cette loi, plusieurs cas des condamnations, des proc\u00e8s ont \u00e9t\u00e9 initi\u00e9s&nbsp;; et avec cette loi, on peut condamner des bourreaux qui s\u2019adonnent \u00e0 la traite des personnes&nbsp;\u00bb<\/em>, a confi\u00e9 le docteur Fils-Lien Ely Thelot.<\/p>\n\n\n\n<p>La promulgation de cette loi avait \u00e9t\u00e9 un grand coup r\u00e9alis\u00e9 par la R\u00e9publique D\u00e9mocratique du Congo, mais sa vulgarisation en est un autre d\u00e9fi. D\u2019o\u00f9 cet atelier&nbsp;:<\/p>\n\n\n\n<p><em>\u00ab&nbsp;La Justice n\u2019est pas simplement une question d\u2019avoir les lois n\u00e9cessaires&nbsp;; ce qu\u2019il faut c\u2019est, appuyer&nbsp; ces mots par des moyens\u2026 \u00e0 quoi sert d\u2019avoir une loi si les acteurs les mieux plac\u00e9es pour la faire mettre en application ne la connaissent pas&nbsp;? Si les avocats, les magistrats du si\u00e8ge et du parquet ne connaissent pas cette loi, comment pouvons-nous faire pour condamner les bourreaux. Voil\u00e0 pourquoi aujourd\u2019hui, nous faisons l\u2019atelier au tour de la loi, pour la faire connaitre en suite, pour leur faire comprendre la n\u00e9cessit\u00e9 d\u2019appliquer cette loi quand il y a des cas. Parce que quand on ne sait pas ce que c\u2019est la traite des personnes, magistrat ou avocat qu\u2019on soit, on peut \u00eatre devant un cas, sans savoir ce que c\u2019est et ne pas pouvoir prononcer la sentence qu\u2019il faut&nbsp;\u00bb<\/em>, a-t-il conclu.<\/p>\n\n\n\n<p>Notons par ailleurs que les statistiques des d\u00e9cisions judiciaires en RDC sont faibles en d\u00e9pit des efforts consentis par les autorit\u00e9s politiques pour combattre la traite des personnes sur l\u2019ensemble du territoire national.<\/p>\n\n\n\n<p>Jo\u00ebl Diawa<\/p>\n","protected":false},"excerpt":{"rendered":"<p>R\u00e9daction :+243817406088 La Pr\u00e9sidence de la R\u00e9publique \u00e0 travers sa coordination en charge de la&#8230;<\/p>\n","protected":false},"author":2,"featured_media":7927,"comment_status":"open","ping_status":"open","sticky":false,"template":"","format":"standard","meta":{"_jetpack_memberships_contains_paid_content":false,"footnotes":""},"categories":[7],"tags":[],"class_list":["post-7923","post","type-post","status-publish","format-standard","has-post-thumbnail","hentry","category-droits-humains"],"yoast_head":"<!-- This site is optimized with the Yoast SEO plugin v27.5 - https:\/\/yoast.com\/product\/yoast-seo-wordpress\/ -->\n<title>Sensibilisation et vulgarisation de la loi du 26 d\u00e9cembre 2022: Fils-Lien Ely Thelot pr\u00e9sente aux acteurs judiciaires de la RDC les manifestations et indicateurs sp\u00e9cifiques de la traite des personnes - Infos Droits Humains<\/title>\n<meta name=\"robots\" content=\"index, follow, max-snippet:-1, max-image-preview:large, max-video-preview:-1\" \/>\n<link rel=\"canonical\" href=\"https:\/\/infos-droitshumains.net\/?p=7923\" \/>\n<meta property=\"og:locale\" content=\"fr_FR\" \/>\n<meta property=\"og:type\" content=\"article\" \/>\n<meta property=\"og:title\" content=\"Sensibilisation et vulgarisation de la loi du 26 d\u00e9cembre 2022: Fils-Lien Ely Thelot pr\u00e9sente aux acteurs judiciaires de la RDC les manifestations et indicateurs sp\u00e9cifiques de la traite des personnes - Infos Droits Humains\" \/>\n<meta property=\"og:description\" content=\"R\u00e9daction :+243817406088 La Pr\u00e9sidence de la R\u00e9publique \u00e0 travers sa coordination en charge de la...\" \/>\n<meta property=\"og:url\" content=\"https:\/\/infos-droitshumains.net\/?p=7923\" \/>\n<meta property=\"og:site_name\" content=\"Infos Droits Humains\" \/>\n<meta property=\"article:published_time\" content=\"2023-09-12T22:51:11+00:00\" \/>\n<meta property=\"article:modified_time\" content=\"2023-09-12T22:57:31+00:00\" \/>\n<meta property=\"og:image\" content=\"https:\/\/infos-droitshumains.net\/wp-content\/uploads\/2023\/09\/IMG-20230911-WA0088_1.jpg\" \/>\n\t<meta property=\"og:image:width\" content=\"688\" \/>\n\t<meta property=\"og:image:height\" content=\"560\" \/>\n\t<meta property=\"og:image:type\" content=\"image\/jpeg\" \/>\n<meta name=\"author\" content=\"Jo\u00ebl Diawa\" \/>\n<meta name=\"twitter:card\" content=\"summary_large_image\" \/>\n<meta name=\"twitter:label1\" content=\"\u00c9crit par\" \/>\n\t<meta name=\"twitter:data1\" content=\"Jo\u00ebl Diawa\" \/>\n\t<meta name=\"twitter:label2\" content=\"Dur\u00e9e de lecture estim\u00e9e\" \/>\n\t<meta name=\"twitter:data2\" content=\"4 minutes\" \/>\n<script type=\"application\/ld+json\" class=\"yoast-schema-graph\">{\"@context\":\"https:\\\/\\\/schema.org\",\"@graph\":[{\"@type\":\"Article\",\"@id\":\"https:\\\/\\\/infos-droitshumains.net\\\/?p=7923#article\",\"isPartOf\":{\"@id\":\"https:\\\/\\\/infos-droitshumains.net\\\/?p=7923\"},\"author\":{\"name\":\"Jo\u00ebl Diawa\",\"@id\":\"https:\\\/\\\/infos-droitshumains.net\\\/#\\\/schema\\\/person\\\/3dc5e921c3302172e0ed4362f96faab7\"},\"headline\":\"Sensibilisation et vulgarisation de la loi du 26 d\u00e9cembre 2022: Fils-Lien Ely Thelot pr\u00e9sente aux acteurs judiciaires de la RDC les manifestations et indicateurs sp\u00e9cifiques de la traite des personnes\",\"datePublished\":\"2023-09-12T22:51:11+00:00\",\"dateModified\":\"2023-09-12T22:57:31+00:00\",\"mainEntityOfPage\":{\"@id\":\"https:\\\/\\\/infos-droitshumains.net\\\/?p=7923\"},\"wordCount\":823,\"commentCount\":0,\"publisher\":{\"@id\":\"https:\\\/\\\/infos-droitshumains.net\\\/#organization\"},\"image\":{\"@id\":\"https:\\\/\\\/infos-droitshumains.net\\\/?p=7923#primaryimage\"},\"thumbnailUrl\":\"https:\\\/\\\/i0.wp.com\\\/infos-droitshumains.net\\\/wp-content\\\/uploads\\\/2023\\\/09\\\/IMG-20230911-WA0088_1.jpg?fit=688%2C560&ssl=1\",\"articleSection\":[\"Droits Humains\"],\"inLanguage\":\"fr-FR\",\"potentialAction\":[{\"@type\":\"CommentAction\",\"name\":\"Comment\",\"target\":[\"https:\\\/\\\/infos-droitshumains.net\\\/?p=7923#respond\"]}]},{\"@type\":\"WebPage\",\"@id\":\"https:\\\/\\\/infos-droitshumains.net\\\/?p=7923\",\"url\":\"https:\\\/\\\/infos-droitshumains.net\\\/?p=7923\",\"name\":\"Sensibilisation et vulgarisation de la loi du 26 d\u00e9cembre 2022: Fils-Lien Ely Thelot pr\u00e9sente aux acteurs judiciaires de la RDC les manifestations et indicateurs sp\u00e9cifiques de la traite des personnes - Infos Droits Humains\",\"isPartOf\":{\"@id\":\"https:\\\/\\\/infos-droitshumains.net\\\/#website\"},\"primaryImageOfPage\":{\"@id\":\"https:\\\/\\\/infos-droitshumains.net\\\/?p=7923#primaryimage\"},\"image\":{\"@id\":\"https:\\\/\\\/infos-droitshumains.net\\\/?p=7923#primaryimage\"},\"thumbnailUrl\":\"https:\\\/\\\/i0.wp.com\\\/infos-droitshumains.net\\\/wp-content\\\/uploads\\\/2023\\\/09\\\/IMG-20230911-WA0088_1.jpg?fit=688%2C560&ssl=1\",\"datePublished\":\"2023-09-12T22:51:11+00:00\",\"dateModified\":\"2023-09-12T22:57:31+00:00\",\"breadcrumb\":{\"@id\":\"https:\\\/\\\/infos-droitshumains.net\\\/?p=7923#breadcrumb\"},\"inLanguage\":\"fr-FR\",\"potentialAction\":[{\"@type\":\"ReadAction\",\"target\":[\"https:\\\/\\\/infos-droitshumains.net\\\/?p=7923\"]}]},{\"@type\":\"ImageObject\",\"inLanguage\":\"fr-FR\",\"@id\":\"https:\\\/\\\/infos-droitshumains.net\\\/?p=7923#primaryimage\",\"url\":\"https:\\\/\\\/i0.wp.com\\\/infos-droitshumains.net\\\/wp-content\\\/uploads\\\/2023\\\/09\\\/IMG-20230911-WA0088_1.jpg?fit=688%2C560&ssl=1\",\"contentUrl\":\"https:\\\/\\\/i0.wp.com\\\/infos-droitshumains.net\\\/wp-content\\\/uploads\\\/2023\\\/09\\\/IMG-20230911-WA0088_1.jpg?fit=688%2C560&ssl=1\",\"width\":688,\"height\":560},{\"@type\":\"BreadcrumbList\",\"@id\":\"https:\\\/\\\/infos-droitshumains.net\\\/?p=7923#breadcrumb\",\"itemListElement\":[{\"@type\":\"ListItem\",\"position\":1,\"name\":\"Accueil\",\"item\":\"https:\\\/\\\/infos-droitshumains.net\\\/\"},{\"@type\":\"ListItem\",\"position\":2,\"name\":\"Sensibilisation et vulgarisation de la loi du 26 d\u00e9cembre 2022: Fils-Lien Ely Thelot pr\u00e9sente aux acteurs judiciaires de la RDC les manifestations et indicateurs sp\u00e9cifiques de la traite des personnes\"}]},{\"@type\":\"WebSite\",\"@id\":\"https:\\\/\\\/infos-droitshumains.net\\\/#website\",\"url\":\"https:\\\/\\\/infos-droitshumains.net\\\/\",\"name\":\"Infos Droits Humains\",\"description\":\"S&#039;informer est un droit\",\"publisher\":{\"@id\":\"https:\\\/\\\/infos-droitshumains.net\\\/#organization\"},\"potentialAction\":[{\"@type\":\"SearchAction\",\"target\":{\"@type\":\"EntryPoint\",\"urlTemplate\":\"https:\\\/\\\/infos-droitshumains.net\\\/?s={search_term_string}\"},\"query-input\":{\"@type\":\"PropertyValueSpecification\",\"valueRequired\":true,\"valueName\":\"search_term_string\"}}],\"inLanguage\":\"fr-FR\"},{\"@type\":\"Organization\",\"@id\":\"https:\\\/\\\/infos-droitshumains.net\\\/#organization\",\"name\":\"Infos Droits Humains\",\"url\":\"https:\\\/\\\/infos-droitshumains.net\\\/\",\"logo\":{\"@type\":\"ImageObject\",\"inLanguage\":\"fr-FR\",\"@id\":\"https:\\\/\\\/infos-droitshumains.net\\\/#\\\/schema\\\/logo\\\/image\\\/\",\"url\":\"https:\\\/\\\/i0.wp.com\\\/infos-droitshumains.net\\\/wp-content\\\/uploads\\\/2022\\\/05\\\/Logo.png?fit=333%2C129&ssl=1\",\"contentUrl\":\"https:\\\/\\\/i0.wp.com\\\/infos-droitshumains.net\\\/wp-content\\\/uploads\\\/2022\\\/05\\\/Logo.png?fit=333%2C129&ssl=1\",\"width\":333,\"height\":129,\"caption\":\"Infos Droits Humains\"},\"image\":{\"@id\":\"https:\\\/\\\/infos-droitshumains.net\\\/#\\\/schema\\\/logo\\\/image\\\/\"}},{\"@type\":\"Person\",\"@id\":\"https:\\\/\\\/infos-droitshumains.net\\\/#\\\/schema\\\/person\\\/3dc5e921c3302172e0ed4362f96faab7\",\"name\":\"Jo\u00ebl Diawa\",\"image\":{\"@type\":\"ImageObject\",\"inLanguage\":\"fr-FR\",\"@id\":\"https:\\\/\\\/secure.gravatar.com\\\/avatar\\\/729bea6ff4604c624417803c477363be8e3c7186deaa65713313f9b4b820f41c?s=96&d=mm&r=g\",\"url\":\"https:\\\/\\\/secure.gravatar.com\\\/avatar\\\/729bea6ff4604c624417803c477363be8e3c7186deaa65713313f9b4b820f41c?s=96&d=mm&r=g\",\"contentUrl\":\"https:\\\/\\\/secure.gravatar.com\\\/avatar\\\/729bea6ff4604c624417803c477363be8e3c7186deaa65713313f9b4b820f41c?s=96&d=mm&r=g\",\"caption\":\"Jo\u00ebl Diawa\"},\"sameAs\":[\"https:\\\/\\\/www.infos-droitshumains.net\"],\"url\":\"https:\\\/\\\/infos-droitshumains.net\\\/?author=2\"}]}<\/script>\n<!-- \/ Yoast SEO plugin. -->","yoast_head_json":{"title":"Sensibilisation et vulgarisation de la loi du 26 d\u00e9cembre 2022: Fils-Lien Ely Thelot pr\u00e9sente aux acteurs judiciaires de la RDC les manifestations et indicateurs sp\u00e9cifiques de la traite des personnes - Infos Droits Humains","robots":{"index":"index","follow":"follow","max-snippet":"max-snippet:-1","max-image-preview":"max-image-preview:large","max-video-preview":"max-video-preview:-1"},"canonical":"https:\/\/infos-droitshumains.net\/?p=7923","og_locale":"fr_FR","og_type":"article","og_title":"Sensibilisation et vulgarisation de la loi du 26 d\u00e9cembre 2022: Fils-Lien Ely Thelot pr\u00e9sente aux acteurs judiciaires de la RDC les manifestations et indicateurs sp\u00e9cifiques de la traite des personnes - Infos Droits Humains","og_description":"R\u00e9daction :+243817406088 La Pr\u00e9sidence de la R\u00e9publique \u00e0 travers sa coordination en charge de la...","og_url":"https:\/\/infos-droitshumains.net\/?p=7923","og_site_name":"Infos Droits Humains","article_published_time":"2023-09-12T22:51:11+00:00","article_modified_time":"2023-09-12T22:57:31+00:00","og_image":[{"width":688,"height":560,"url":"https:\/\/infos-droitshumains.net\/wp-content\/uploads\/2023\/09\/IMG-20230911-WA0088_1.jpg","type":"image\/jpeg"}],"author":"Jo\u00ebl Diawa","twitter_card":"summary_large_image","twitter_misc":{"\u00c9crit par":"Jo\u00ebl Diawa","Dur\u00e9e de lecture estim\u00e9e":"4 minutes"},"schema":{"@context":"https:\/\/schema.org","@graph":[{"@type":"Article","@id":"https:\/\/infos-droitshumains.net\/?p=7923#article","isPartOf":{"@id":"https:\/\/infos-droitshumains.net\/?p=7923"},"author":{"name":"Jo\u00ebl Diawa","@id":"https:\/\/infos-droitshumains.net\/#\/schema\/person\/3dc5e921c3302172e0ed4362f96faab7"},"headline":"Sensibilisation et vulgarisation de la loi du 26 d\u00e9cembre 2022: Fils-Lien Ely Thelot pr\u00e9sente aux acteurs judiciaires de la RDC les manifestations et indicateurs sp\u00e9cifiques de la traite des personnes","datePublished":"2023-09-12T22:51:11+00:00","dateModified":"2023-09-12T22:57:31+00:00","mainEntityOfPage":{"@id":"https:\/\/infos-droitshumains.net\/?p=7923"},"wordCount":823,"commentCount":0,"publisher":{"@id":"https:\/\/infos-droitshumains.net\/#organization"},"image":{"@id":"https:\/\/infos-droitshumains.net\/?p=7923#primaryimage"},"thumbnailUrl":"https:\/\/i0.wp.com\/infos-droitshumains.net\/wp-content\/uploads\/2023\/09\/IMG-20230911-WA0088_1.jpg?fit=688%2C560&ssl=1","articleSection":["Droits Humains"],"inLanguage":"fr-FR","potentialAction":[{"@type":"CommentAction","name":"Comment","target":["https:\/\/infos-droitshumains.net\/?p=7923#respond"]}]},{"@type":"WebPage","@id":"https:\/\/infos-droitshumains.net\/?p=7923","url":"https:\/\/infos-droitshumains.net\/?p=7923","name":"Sensibilisation et vulgarisation de la loi du 26 d\u00e9cembre 2022: Fils-Lien Ely Thelot pr\u00e9sente aux acteurs judiciaires de la RDC les manifestations et indicateurs sp\u00e9cifiques de la traite des personnes - Infos Droits Humains","isPartOf":{"@id":"https:\/\/infos-droitshumains.net\/#website"},"primaryImageOfPage":{"@id":"https:\/\/infos-droitshumains.net\/?p=7923#primaryimage"},"image":{"@id":"https:\/\/infos-droitshumains.net\/?p=7923#primaryimage"},"thumbnailUrl":"https:\/\/i0.wp.com\/infos-droitshumains.net\/wp-content\/uploads\/2023\/09\/IMG-20230911-WA0088_1.jpg?fit=688%2C560&ssl=1","datePublished":"2023-09-12T22:51:11+00:00","dateModified":"2023-09-12T22:57:31+00:00","breadcrumb":{"@id":"https:\/\/infos-droitshumains.net\/?p=7923#breadcrumb"},"inLanguage":"fr-FR","potentialAction":[{"@type":"ReadAction","target":["https:\/\/infos-droitshumains.net\/?p=7923"]}]},{"@type":"ImageObject","inLanguage":"fr-FR","@id":"https:\/\/infos-droitshumains.net\/?p=7923#primaryimage","url":"https:\/\/i0.wp.com\/infos-droitshumains.net\/wp-content\/uploads\/2023\/09\/IMG-20230911-WA0088_1.jpg?fit=688%2C560&ssl=1","contentUrl":"https:\/\/i0.wp.com\/infos-droitshumains.net\/wp-content\/uploads\/2023\/09\/IMG-20230911-WA0088_1.jpg?fit=688%2C560&ssl=1","width":688,"height":560},{"@type":"BreadcrumbList","@id":"https:\/\/infos-droitshumains.net\/?p=7923#breadcrumb","itemListElement":[{"@type":"ListItem","position":1,"name":"Accueil","item":"https:\/\/infos-droitshumains.net\/"},{"@type":"ListItem","position":2,"name":"Sensibilisation et vulgarisation de la loi du 26 d\u00e9cembre 2022: Fils-Lien Ely Thelot pr\u00e9sente aux acteurs judiciaires de la RDC les manifestations et indicateurs sp\u00e9cifiques de la traite des personnes"}]},{"@type":"WebSite","@id":"https:\/\/infos-droitshumains.net\/#website","url":"https:\/\/infos-droitshumains.net\/","name":"Infos Droits Humains","description":"S&#039;informer est un droit","publisher":{"@id":"https:\/\/infos-droitshumains.net\/#organization"},"potentialAction":[{"@type":"SearchAction","target":{"@type":"EntryPoint","urlTemplate":"https:\/\/infos-droitshumains.net\/?s={search_term_string}"},"query-input":{"@type":"PropertyValueSpecification","valueRequired":true,"valueName":"search_term_string"}}],"inLanguage":"fr-FR"},{"@type":"Organization","@id":"https:\/\/infos-droitshumains.net\/#organization","name":"Infos Droits Humains","url":"https:\/\/infos-droitshumains.net\/","logo":{"@type":"ImageObject","inLanguage":"fr-FR","@id":"https:\/\/infos-droitshumains.net\/#\/schema\/logo\/image\/","url":"https:\/\/i0.wp.com\/infos-droitshumains.net\/wp-content\/uploads\/2022\/05\/Logo.png?fit=333%2C129&ssl=1","contentUrl":"https:\/\/i0.wp.com\/infos-droitshumains.net\/wp-content\/uploads\/2022\/05\/Logo.png?fit=333%2C129&ssl=1","width":333,"height":129,"caption":"Infos Droits Humains"},"image":{"@id":"https:\/\/infos-droitshumains.net\/#\/schema\/logo\/image\/"}},{"@type":"Person","@id":"https:\/\/infos-droitshumains.net\/#\/schema\/person\/3dc5e921c3302172e0ed4362f96faab7","name":"Jo\u00ebl Diawa","image":{"@type":"ImageObject","inLanguage":"fr-FR","@id":"https:\/\/secure.gravatar.com\/avatar\/729bea6ff4604c624417803c477363be8e3c7186deaa65713313f9b4b820f41c?s=96&d=mm&r=g","url":"https:\/\/secure.gravatar.com\/avatar\/729bea6ff4604c624417803c477363be8e3c7186deaa65713313f9b4b820f41c?s=96&d=mm&r=g","contentUrl":"https:\/\/secure.gravatar.com\/avatar\/729bea6ff4604c624417803c477363be8e3c7186deaa65713313f9b4b820f41c?s=96&d=mm&r=g","caption":"Jo\u00ebl Diawa"},"sameAs":["https:\/\/www.infos-droitshumains.net"],"url":"https:\/\/infos-droitshumains.net\/?author=2"}]}},"featured_image_urls":{"full":["https:\/\/i0.wp.com\/infos-droitshumains.net\/wp-content\/uploads\/2023\/09\/IMG-20230911-WA0088_1.jpg?fit=688%2C560&ssl=1",688,560,false],"thumbnail":["https:\/\/i0.wp.com\/infos-droitshumains.net\/wp-content\/uploads\/2023\/09\/IMG-20230911-WA0088_1.jpg?resize=150%2C150&ssl=1",150,150,true],"medium":["https:\/\/i0.wp.com\/infos-droitshumains.net\/wp-content\/uploads\/2023\/09\/IMG-20230911-WA0088_1.jpg?fit=300%2C244&ssl=1",300,244,true],"medium_large":["https:\/\/i0.wp.com\/infos-droitshumains.net\/wp-content\/uploads\/2023\/09\/IMG-20230911-WA0088_1.jpg?fit=640%2C521&ssl=1",640,521,true],"large":["https:\/\/i0.wp.com\/infos-droitshumains.net\/wp-content\/uploads\/2023\/09\/IMG-20230911-WA0088_1.jpg?fit=640%2C521&ssl=1",640,521,true],"1536x1536":["https:\/\/i0.wp.com\/infos-droitshumains.net\/wp-content\/uploads\/2023\/09\/IMG-20230911-WA0088_1.jpg?fit=688%2C560&ssl=1",688,560,true],"2048x2048":["https:\/\/i0.wp.com\/infos-droitshumains.net\/wp-content\/uploads\/2023\/09\/IMG-20230911-WA0088_1.jpg?fit=688%2C560&ssl=1",688,560,true],"covernews-slider-full":["https:\/\/i0.wp.com\/infos-droitshumains.net\/wp-content\/uploads\/2023\/09\/IMG-20230911-WA0088_1.jpg?resize=688%2C560&ssl=1",688,560,true],"covernews-slider-center":["https:\/\/i0.wp.com\/infos-droitshumains.net\/wp-content\/uploads\/2023\/09\/IMG-20230911-WA0088_1.jpg?resize=688%2C500&ssl=1",688,500,true],"covernews-featured":["https:\/\/i0.wp.com\/infos-droitshumains.net\/wp-content\/uploads\/2023\/09\/IMG-20230911-WA0088_1.jpg?fit=688%2C560&ssl=1",688,560,true],"covernews-medium":["https:\/\/i0.wp.com\/infos-droitshumains.net\/wp-content\/uploads\/2023\/09\/IMG-20230911-WA0088_1.jpg?resize=540%2C340&ssl=1",540,340,true],"covernews-medium-square":["https:\/\/i0.wp.com\/infos-droitshumains.net\/wp-content\/uploads\/2023\/09\/IMG-20230911-WA0088_1.jpg?resize=400%2C250&ssl=1",400,250,true]},"author_info":{"display_name":"Jo\u00ebl Diawa","author_link":"https:\/\/infos-droitshumains.net\/?author=2"},"category_info":"<a href=\"https:\/\/infos-droitshumains.net\/?cat=7\" rel=\"category\">Droits Humains<\/a>","tag_info":"Droits Humains","comment_count":"0","jetpack_featured_media_url":"https:\/\/i0.wp.com\/infos-droitshumains.net\/wp-content\/uploads\/2023\/09\/IMG-20230911-WA0088_1.jpg?fit=688%2C560&ssl=1","jetpack-related-posts":[],"jetpack_sharing_enabled":true,"_links":{"self":[{"href":"https:\/\/infos-droitshumains.net\/index.php?rest_route=\/wp\/v2\/posts\/7923","targetHints":{"allow":["GET"]}}],"collection":[{"href":"https:\/\/infos-droitshumains.net\/index.php?rest_route=\/wp\/v2\/posts"}],"about":[{"href":"https:\/\/infos-droitshumains.net\/index.php?rest_route=\/wp\/v2\/types\/post"}],"author":[{"embeddable":true,"href":"https:\/\/infos-droitshumains.net\/index.php?rest_route=\/wp\/v2\/users\/2"}],"replies":[{"embeddable":true,"href":"https:\/\/infos-droitshumains.net\/index.php?rest_route=%2Fwp%2Fv2%2Fcomments&post=7923"}],"version-history":[{"count":5,"href":"https:\/\/infos-droitshumains.net\/index.php?rest_route=\/wp\/v2\/posts\/7923\/revisions"}],"predecessor-version":[{"id":7934,"href":"https:\/\/infos-droitshumains.net\/index.php?rest_route=\/wp\/v2\/posts\/7923\/revisions\/7934"}],"wp:featuredmedia":[{"embeddable":true,"href":"https:\/\/infos-droitshumains.net\/index.php?rest_route=\/wp\/v2\/media\/7927"}],"wp:attachment":[{"href":"https:\/\/infos-droitshumains.net\/index.php?rest_route=%2Fwp%2Fv2%2Fmedia&parent=7923"}],"wp:term":[{"taxonomy":"category","embeddable":true,"href":"https:\/\/infos-droitshumains.net\/index.php?rest_route=%2Fwp%2Fv2%2Fcategories&post=7923"},{"taxonomy":"post_tag","embeddable":true,"href":"https:\/\/infos-droitshumains.net\/index.php?rest_route=%2Fwp%2Fv2%2Ftags&post=7923"}],"curies":[{"name":"wp","href":"https:\/\/api.w.org\/{rel}","templated":true}]}}