{"id":7864,"date":"2023-09-12T00:12:48","date_gmt":"2023-09-11T22:12:48","guid":{"rendered":"https:\/\/infos-droitshumains.net\/?p=7864"},"modified":"2023-09-12T09:51:44","modified_gmt":"2023-09-12T07:51:44","slug":"remise-et-reprise-au-tribunal-de-grande-instance-de-kinshasa-ndjili-nathalie-mastaki-yohali-tres-rassurees-par-les-valeurs-de-sa-successeuse","status":"publish","type":"post","link":"https:\/\/infos-droitshumains.net\/?p=7864","title":{"rendered":"Remise et Reprise au Tribunal de Grande Instance de Kinshasa\/N\u2019djili\u00a0: Nathalie Mastaki tr\u00e8s rassur\u00e9es par les valeurs de sa successeuse"},"content":{"rendered":"\n<p><strong>R\u00e9daction :+243817406088<\/strong><\/p>\n\n\n\n<h4 class=\"wp-block-heading has-vivid-red-color has-text-color\">Passage du t\u00e9moin ce lundi 11 septembre 2023 au Tribunal de Grande Instance de Kinshasa\/Nd\u2019jili. Nathalie Mastaki Yohali a pass\u00e9 le flambeau \u00e0 Marthe Fikilini Kakongolongo au cours d\u2019une c\u00e9r\u00e9monie de remise et reprise qui s\u2019est d\u00e9roul\u00e9e en pr\u00e9sence des autorit\u00e9s judiciaires, de tous les juges de ce ressort, des greffiers et tant d&rsquo;autres invit\u00e9s de marque.<\/h4>\n\n\n\n<figure class=\"wp-block-image alignfull size-large\"><img data-recalc-dims=\"1\" fetchpriority=\"high\" decoding=\"async\" width=\"640\" height=\"427\" src=\"https:\/\/i0.wp.com\/infos-droitshumains.net\/wp-content\/uploads\/2023\/09\/IMG-20230911-WA0096-1.jpg?resize=640%2C427&#038;ssl=1\" alt=\"\" class=\"wp-image-7893\" srcset=\"https:\/\/i0.wp.com\/infos-droitshumains.net\/wp-content\/uploads\/2023\/09\/IMG-20230911-WA0096-1.jpg?resize=1024%2C683&amp;ssl=1 1024w, https:\/\/i0.wp.com\/infos-droitshumains.net\/wp-content\/uploads\/2023\/09\/IMG-20230911-WA0096-1.jpg?resize=300%2C200&amp;ssl=1 300w, https:\/\/i0.wp.com\/infos-droitshumains.net\/wp-content\/uploads\/2023\/09\/IMG-20230911-WA0096-1.jpg?resize=768%2C512&amp;ssl=1 768w, https:\/\/i0.wp.com\/infos-droitshumains.net\/wp-content\/uploads\/2023\/09\/IMG-20230911-WA0096-1.jpg?w=1080&amp;ssl=1 1080w\" sizes=\"(max-width: 640px) 100vw, 640px\" \/><\/figure>\n\n\n\n<figure class=\"wp-block-image alignfull size-large\"><img data-recalc-dims=\"1\" decoding=\"async\" width=\"640\" height=\"427\" src=\"https:\/\/i0.wp.com\/infos-droitshumains.net\/wp-content\/uploads\/2023\/09\/IMG-20230911-WA0101.jpg?resize=640%2C427&#038;ssl=1\" alt=\"\" class=\"wp-image-7896\" srcset=\"https:\/\/i0.wp.com\/infos-droitshumains.net\/wp-content\/uploads\/2023\/09\/IMG-20230911-WA0101.jpg?resize=1024%2C683&amp;ssl=1 1024w, https:\/\/i0.wp.com\/infos-droitshumains.net\/wp-content\/uploads\/2023\/09\/IMG-20230911-WA0101.jpg?resize=300%2C200&amp;ssl=1 300w, https:\/\/i0.wp.com\/infos-droitshumains.net\/wp-content\/uploads\/2023\/09\/IMG-20230911-WA0101.jpg?resize=768%2C512&amp;ssl=1 768w, https:\/\/i0.wp.com\/infos-droitshumains.net\/wp-content\/uploads\/2023\/09\/IMG-20230911-WA0101.jpg?w=1080&amp;ssl=1 1080w\" sizes=\"(max-width: 640px) 100vw, 640px\" \/><\/figure>\n\n\n\n<p>Apr\u00e8s la lecture du proc\u00e8s-verbal de remise et reprise, Nathalie Mastaki Yohali, Pr\u00e9sidente sortante de cette juridiction a avant tout, f\u00e9licit\u00e9 la nouvelle Pr\u00e9sidente avec qui, elle a d\u00e9j\u00e0 eu \u00e0 travailler au Tribunal de Grande Instance de Kinshasa\/Gombe. Elle a en outre pas tari d\u2019\u00e9loges \u00e0 l\u2019endroit de celle qui l\u2019a remplac\u00e9.<\/p>\n\n\n\n<figure class=\"wp-block-image alignfull size-full\"><img data-recalc-dims=\"1\" decoding=\"async\" width=\"640\" height=\"647\" src=\"https:\/\/i0.wp.com\/infos-droitshumains.net\/wp-content\/uploads\/2023\/09\/IMG-20230911-WA0097-1.jpg?resize=640%2C647&#038;ssl=1\" alt=\"\" class=\"wp-image-7899\" srcset=\"https:\/\/i0.wp.com\/infos-droitshumains.net\/wp-content\/uploads\/2023\/09\/IMG-20230911-WA0097-1.jpg?w=927&amp;ssl=1 927w, https:\/\/i0.wp.com\/infos-droitshumains.net\/wp-content\/uploads\/2023\/09\/IMG-20230911-WA0097-1.jpg?resize=297%2C300&amp;ssl=1 297w, https:\/\/i0.wp.com\/infos-droitshumains.net\/wp-content\/uploads\/2023\/09\/IMG-20230911-WA0097-1.jpg?resize=768%2C776&amp;ssl=1 768w\" sizes=\"(max-width: 640px) 100vw, 640px\" \/><\/figure>\n\n\n\n<p><em>\u00ab&nbsp;A madame la pr\u00e9sidente, je vous laisse cette juridiction, c\u2019est une juridiction qui est comme les autres juridictions. Vous connaissant particuli\u00e8rement, je sais que vous serez \u00e0 mesure de&nbsp; relever les d\u00e9fis\u2026 Ce que&nbsp; nous n\u2019avons pas pu organiser\u2026 vous connaissant une femme int\u00e8gre et intelligente, que sais-je encore\u2026 Je pense que \u00e7a ira avec les coll\u00e8gues qui vont rester avec vous&nbsp;\u00bb<\/em>, a-t-elle d\u00e9clar\u00e9.<\/p>\n\n\n\n<p>A l\u2019endroit de ses d\u00e9sormais ex-collaborateurs, Nathalie Mastaki Yohali a eu des mots justes pour leur rendre hommage.<\/p>\n\n\n\n<p><em>\u00ab&nbsp;\u2026Et aux coll\u00e8gues, je voudrais vous remercier sinc\u00e8rement, je vous disais toujours que vous \u00e9tiez ma seconde famille. On a eu \u00e0 passer vraiment du temps, du bon temps bien&nbsp;; qu\u2019il y avait certains couacs par-ci par-l\u00e0, on arrivait toujours \u00e0 une&nbsp; solution. Si certains d\u2019entre vous ont&nbsp; \u00e9t\u00e9 vex\u00e9s, je n&rsquo;h\u00e9siterai pas \u00e0 vous pr\u00e9senter toutes mes excuses avant que je ne quitte ce lieu. Et au personnel, greffiers, divisionnaires et secr\u00e9tariat, je vous dis sinc\u00e8rement merci, c\u2019est peut-\u00eatre avec larmes aux yeux que je suis en train de&nbsp; quitter le Tribunal de Grande Instance de Kinshasa\/N\u2019djili mais, je suis ou, je serai encore avec vous&#8230;&nbsp;\u00bb<\/em><\/p>\n\n\n\n<figure class=\"wp-block-image alignfull size-large\"><img data-recalc-dims=\"1\" loading=\"lazy\" decoding=\"async\" width=\"640\" height=\"427\" src=\"https:\/\/i0.wp.com\/infos-droitshumains.net\/wp-content\/uploads\/2023\/09\/IMG-20230911-WA0105.jpg?resize=640%2C427&#038;ssl=1\" alt=\"\" class=\"wp-image-7901\" srcset=\"https:\/\/i0.wp.com\/infos-droitshumains.net\/wp-content\/uploads\/2023\/09\/IMG-20230911-WA0105.jpg?resize=1024%2C683&amp;ssl=1 1024w, https:\/\/i0.wp.com\/infos-droitshumains.net\/wp-content\/uploads\/2023\/09\/IMG-20230911-WA0105.jpg?resize=300%2C200&amp;ssl=1 300w, https:\/\/i0.wp.com\/infos-droitshumains.net\/wp-content\/uploads\/2023\/09\/IMG-20230911-WA0105.jpg?resize=768%2C512&amp;ssl=1 768w, https:\/\/i0.wp.com\/infos-droitshumains.net\/wp-content\/uploads\/2023\/09\/IMG-20230911-WA0105.jpg?w=1080&amp;ssl=1 1080w\" sizes=\"(max-width: 640px) 100vw, 640px\" \/><\/figure>\n\n\n\n<p>Nathalie Mastaki a son allocution en remerciant le Chef de l\u2019Etat et toute la hi\u00e9rarchie pour le choix port\u00e9 \u00e0 elle.<\/p>\n\n\n\n<figure class=\"wp-block-image alignfull size-large\"><img data-recalc-dims=\"1\" loading=\"lazy\" decoding=\"async\" width=\"640\" height=\"446\" src=\"https:\/\/i0.wp.com\/infos-droitshumains.net\/wp-content\/uploads\/2023\/09\/IMG-20230911-WA0098.jpg?resize=640%2C446&#038;ssl=1\" alt=\"\" class=\"wp-image-7904\" srcset=\"https:\/\/i0.wp.com\/infos-droitshumains.net\/wp-content\/uploads\/2023\/09\/IMG-20230911-WA0098.jpg?resize=1024%2C713&amp;ssl=1 1024w, https:\/\/i0.wp.com\/infos-droitshumains.net\/wp-content\/uploads\/2023\/09\/IMG-20230911-WA0098.jpg?resize=300%2C209&amp;ssl=1 300w, https:\/\/i0.wp.com\/infos-droitshumains.net\/wp-content\/uploads\/2023\/09\/IMG-20230911-WA0098.jpg?resize=768%2C535&amp;ssl=1 768w, https:\/\/i0.wp.com\/infos-droitshumains.net\/wp-content\/uploads\/2023\/09\/IMG-20230911-WA0098.jpg?w=1080&amp;ssl=1 1080w\" sizes=\"(max-width: 640px) 100vw, 640px\" \/><\/figure>\n\n\n\n<p>Cette c\u00e9r\u00e9monie a \u00e9t\u00e9 caract\u00e9ris\u00e9e par une convivialit\u00e9 extraordinaire. Marthe Fikilini Kakongolongo a \u00e0 son tour, rendu l\u2019ascenseur \u00e0 sa pr\u00e9d\u00e9cesseur.<\/p>\n\n\n\n<figure class=\"wp-block-image alignfull size-full\"><img data-recalc-dims=\"1\" loading=\"lazy\" decoding=\"async\" width=\"640\" height=\"713\" src=\"https:\/\/i0.wp.com\/infos-droitshumains.net\/wp-content\/uploads\/2023\/09\/IMG-20230911-WA0092-1.jpg?resize=640%2C713&#038;ssl=1\" alt=\"\" class=\"wp-image-7910\" srcset=\"https:\/\/i0.wp.com\/infos-droitshumains.net\/wp-content\/uploads\/2023\/09\/IMG-20230911-WA0092-1.jpg?w=897&amp;ssl=1 897w, https:\/\/i0.wp.com\/infos-droitshumains.net\/wp-content\/uploads\/2023\/09\/IMG-20230911-WA0092-1.jpg?resize=269%2C300&amp;ssl=1 269w, https:\/\/i0.wp.com\/infos-droitshumains.net\/wp-content\/uploads\/2023\/09\/IMG-20230911-WA0092-1.jpg?resize=768%2C856&amp;ssl=1 768w\" sizes=\"(max-width: 640px) 100vw, 640px\" \/><\/figure>\n\n\n\n<p><em>\u00ab&nbsp;C\u2019est un plaisir de vous remplacer.&nbsp; Pendant tout ce que vous avez passez ici, vous avez eu \u00e0 apporter votre pierre de reconstruction. Le service de l\u2019Etat est une continuit\u00e9, \u00e7a fait plaisir que par la volont\u00e9 du Chef de l\u2019Etat, du Conseil sup\u00e9rieur de la Magistrature, de vous remplacer&nbsp;\u00bb<\/em>, a-t-elle dit avant de prendre l\u2019engagement de <em>\u00ab&nbsp;faire la fiert\u00e9 de la justice, de la dame congolaise et de la magistrature&nbsp;\u00bb<\/em>.<\/p>\n\n\n\n<figure class=\"wp-block-image alignfull size-large\"><img data-recalc-dims=\"1\" loading=\"lazy\" decoding=\"async\" width=\"640\" height=\"427\" src=\"https:\/\/i0.wp.com\/infos-droitshumains.net\/wp-content\/uploads\/2023\/09\/IMG-20230911-WA0103.jpg?resize=640%2C427&#038;ssl=1\" alt=\"\" class=\"wp-image-7907\" srcset=\"https:\/\/i0.wp.com\/infos-droitshumains.net\/wp-content\/uploads\/2023\/09\/IMG-20230911-WA0103.jpg?resize=1024%2C683&amp;ssl=1 1024w, https:\/\/i0.wp.com\/infos-droitshumains.net\/wp-content\/uploads\/2023\/09\/IMG-20230911-WA0103.jpg?resize=300%2C200&amp;ssl=1 300w, https:\/\/i0.wp.com\/infos-droitshumains.net\/wp-content\/uploads\/2023\/09\/IMG-20230911-WA0103.jpg?resize=768%2C512&amp;ssl=1 768w, https:\/\/i0.wp.com\/infos-droitshumains.net\/wp-content\/uploads\/2023\/09\/IMG-20230911-WA0103.jpg?w=1080&amp;ssl=1 1080w\" sizes=\"(max-width: 640px) 100vw, 640px\" \/><\/figure>\n\n\n\n<p><em>\u00ab&nbsp;Nous osons croire qu\u2019avec l\u2019aide de Dieu, nous n\u2019h\u00e9siterons pas d\u2019apporter notre pierre de construction pour que ceux qui viendrons, continuent avec le travail. Quand on dit que la justice \u00e9l\u00e8ve une nation ce n\u2019est pas seulement le pr\u00e9sident de juridiction, je pense \u00e0 tous les magistrats et \u00e0 tout le personnel judiciaire. Ils sont l\u00e0 pour nous accompagner dans ce mandat. Donc, nous esp\u00e9rons qu\u2019\u00e0 la fin de notre mandat, nous osons croire que la justice sera vraiment \u00e9lev\u00e9e&nbsp;\u00bb<\/em>, par conclu la nouvelle Pr\u00e9sidente du Tribunal de Grande Instance de Kinshasa\/N\u2019djili.<\/p>\n\n\n\n<p>Nathalie Mastaki Yohali qui a \u00e9t\u00e9 affect\u00e9 comme Pr\u00e9sidente au Tribunal de Grande Instance de Kinshasa\/Kalamu, s&rsquo;est tout juste apr\u00e8s la c\u00e9r\u00e9monie, rendue dans sa nouvelle juridiction pour \u00e9galement prendre officiellement ses fonctions.<\/p>\n\n\n\n<p>Merlin Kamalandua<\/p>\n","protected":false},"excerpt":{"rendered":"<p>R\u00e9daction :+243817406088 Passage du t\u00e9moin ce lundi 11 septembre 2023 au Tribunal de Grande Instance&#8230;<\/p>\n","protected":false},"author":2,"featured_media":7880,"comment_status":"open","ping_status":"open","sticky":false,"template":"","format":"standard","meta":{"_jetpack_memberships_contains_paid_content":false,"footnotes":""},"categories":[6],"tags":[],"class_list":["post-7864","post","type-post","status-publish","format-standard","has-post-thumbnail","hentry","category-justice"],"yoast_head":"<!-- This site is optimized with the Yoast SEO plugin v27.5 - https:\/\/yoast.com\/product\/yoast-seo-wordpress\/ -->\n<title>Remise et Reprise au Tribunal de Grande Instance de Kinshasa\/N\u2019djili\u00a0: Nathalie Mastaki tr\u00e8s rassur\u00e9es par les valeurs de sa successeuse - Infos Droits Humains<\/title>\n<meta name=\"robots\" content=\"index, follow, max-snippet:-1, max-image-preview:large, max-video-preview:-1\" \/>\n<link rel=\"canonical\" href=\"https:\/\/infos-droitshumains.net\/?p=7864\" \/>\n<meta property=\"og:locale\" content=\"fr_FR\" \/>\n<meta property=\"og:type\" content=\"article\" \/>\n<meta property=\"og:title\" content=\"Remise et Reprise au Tribunal de Grande Instance de Kinshasa\/N\u2019djili\u00a0: Nathalie Mastaki tr\u00e8s rassur\u00e9es par les valeurs de sa successeuse - Infos Droits Humains\" \/>\n<meta property=\"og:description\" content=\"R\u00e9daction :+243817406088 Passage du t\u00e9moin ce lundi 11 septembre 2023 au Tribunal de Grande Instance...\" \/>\n<meta property=\"og:url\" content=\"https:\/\/infos-droitshumains.net\/?p=7864\" \/>\n<meta property=\"og:site_name\" content=\"Infos Droits Humains\" \/>\n<meta property=\"article:published_time\" content=\"2023-09-11T22:12:48+00:00\" \/>\n<meta property=\"article:modified_time\" content=\"2023-09-12T07:51:44+00:00\" \/>\n<meta property=\"og:image\" content=\"https:\/\/infos-droitshumains.net\/wp-content\/uploads\/2023\/09\/IMG-20230911-WA0094.jpg\" \/>\n\t<meta property=\"og:image:width\" content=\"1080\" \/>\n\t<meta property=\"og:image:height\" content=\"739\" \/>\n\t<meta property=\"og:image:type\" content=\"image\/jpeg\" \/>\n<meta name=\"author\" content=\"Jo\u00ebl Diawa\" \/>\n<meta name=\"twitter:card\" content=\"summary_large_image\" \/>\n<meta name=\"twitter:label1\" content=\"\u00c9crit par\" \/>\n\t<meta name=\"twitter:data1\" content=\"Jo\u00ebl Diawa\" \/>\n\t<meta name=\"twitter:label2\" content=\"Dur\u00e9e de lecture estim\u00e9e\" \/>\n\t<meta name=\"twitter:data2\" content=\"5 minutes\" \/>\n<script type=\"application\/ld+json\" class=\"yoast-schema-graph\">{\"@context\":\"https:\\\/\\\/schema.org\",\"@graph\":[{\"@type\":\"Article\",\"@id\":\"https:\\\/\\\/infos-droitshumains.net\\\/?p=7864#article\",\"isPartOf\":{\"@id\":\"https:\\\/\\\/infos-droitshumains.net\\\/?p=7864\"},\"author\":{\"name\":\"Jo\u00ebl Diawa\",\"@id\":\"https:\\\/\\\/infos-droitshumains.net\\\/#\\\/schema\\\/person\\\/3dc5e921c3302172e0ed4362f96faab7\"},\"headline\":\"Remise et Reprise au Tribunal de Grande Instance de Kinshasa\\\/N\u2019djili\u00a0: Nathalie Mastaki tr\u00e8s rassur\u00e9es par les valeurs de sa successeuse\",\"datePublished\":\"2023-09-11T22:12:48+00:00\",\"dateModified\":\"2023-09-12T07:51:44+00:00\",\"mainEntityOfPage\":{\"@id\":\"https:\\\/\\\/infos-droitshumains.net\\\/?p=7864\"},\"wordCount\":644,\"commentCount\":0,\"publisher\":{\"@id\":\"https:\\\/\\\/infos-droitshumains.net\\\/#organization\"},\"image\":{\"@id\":\"https:\\\/\\\/infos-droitshumains.net\\\/?p=7864#primaryimage\"},\"thumbnailUrl\":\"https:\\\/\\\/i0.wp.com\\\/infos-droitshumains.net\\\/wp-content\\\/uploads\\\/2023\\\/09\\\/IMG-20230911-WA0094.jpg?fit=1080%2C739&ssl=1\",\"articleSection\":[\"Justice\"],\"inLanguage\":\"fr-FR\",\"potentialAction\":[{\"@type\":\"CommentAction\",\"name\":\"Comment\",\"target\":[\"https:\\\/\\\/infos-droitshumains.net\\\/?p=7864#respond\"]}]},{\"@type\":\"WebPage\",\"@id\":\"https:\\\/\\\/infos-droitshumains.net\\\/?p=7864\",\"url\":\"https:\\\/\\\/infos-droitshumains.net\\\/?p=7864\",\"name\":\"Remise et Reprise au Tribunal de Grande Instance de Kinshasa\\\/N\u2019djili\u00a0: Nathalie Mastaki tr\u00e8s rassur\u00e9es par les valeurs de sa successeuse - Infos Droits Humains\",\"isPartOf\":{\"@id\":\"https:\\\/\\\/infos-droitshumains.net\\\/#website\"},\"primaryImageOfPage\":{\"@id\":\"https:\\\/\\\/infos-droitshumains.net\\\/?p=7864#primaryimage\"},\"image\":{\"@id\":\"https:\\\/\\\/infos-droitshumains.net\\\/?p=7864#primaryimage\"},\"thumbnailUrl\":\"https:\\\/\\\/i0.wp.com\\\/infos-droitshumains.net\\\/wp-content\\\/uploads\\\/2023\\\/09\\\/IMG-20230911-WA0094.jpg?fit=1080%2C739&ssl=1\",\"datePublished\":\"2023-09-11T22:12:48+00:00\",\"dateModified\":\"2023-09-12T07:51:44+00:00\",\"breadcrumb\":{\"@id\":\"https:\\\/\\\/infos-droitshumains.net\\\/?p=7864#breadcrumb\"},\"inLanguage\":\"fr-FR\",\"potentialAction\":[{\"@type\":\"ReadAction\",\"target\":[\"https:\\\/\\\/infos-droitshumains.net\\\/?p=7864\"]}]},{\"@type\":\"ImageObject\",\"inLanguage\":\"fr-FR\",\"@id\":\"https:\\\/\\\/infos-droitshumains.net\\\/?p=7864#primaryimage\",\"url\":\"https:\\\/\\\/i0.wp.com\\\/infos-droitshumains.net\\\/wp-content\\\/uploads\\\/2023\\\/09\\\/IMG-20230911-WA0094.jpg?fit=1080%2C739&ssl=1\",\"contentUrl\":\"https:\\\/\\\/i0.wp.com\\\/infos-droitshumains.net\\\/wp-content\\\/uploads\\\/2023\\\/09\\\/IMG-20230911-WA0094.jpg?fit=1080%2C739&ssl=1\",\"width\":1080,\"height\":739},{\"@type\":\"BreadcrumbList\",\"@id\":\"https:\\\/\\\/infos-droitshumains.net\\\/?p=7864#breadcrumb\",\"itemListElement\":[{\"@type\":\"ListItem\",\"position\":1,\"name\":\"Accueil\",\"item\":\"https:\\\/\\\/infos-droitshumains.net\\\/\"},{\"@type\":\"ListItem\",\"position\":2,\"name\":\"Remise et Reprise au Tribunal de Grande Instance de Kinshasa\\\/N\u2019djili\u00a0: Nathalie Mastaki tr\u00e8s rassur\u00e9es par les valeurs de sa successeuse\"}]},{\"@type\":\"WebSite\",\"@id\":\"https:\\\/\\\/infos-droitshumains.net\\\/#website\",\"url\":\"https:\\\/\\\/infos-droitshumains.net\\\/\",\"name\":\"Infos Droits Humains\",\"description\":\"S&#039;informer est un droit\",\"publisher\":{\"@id\":\"https:\\\/\\\/infos-droitshumains.net\\\/#organization\"},\"potentialAction\":[{\"@type\":\"SearchAction\",\"target\":{\"@type\":\"EntryPoint\",\"urlTemplate\":\"https:\\\/\\\/infos-droitshumains.net\\\/?s={search_term_string}\"},\"query-input\":{\"@type\":\"PropertyValueSpecification\",\"valueRequired\":true,\"valueName\":\"search_term_string\"}}],\"inLanguage\":\"fr-FR\"},{\"@type\":\"Organization\",\"@id\":\"https:\\\/\\\/infos-droitshumains.net\\\/#organization\",\"name\":\"Infos Droits Humains\",\"url\":\"https:\\\/\\\/infos-droitshumains.net\\\/\",\"logo\":{\"@type\":\"ImageObject\",\"inLanguage\":\"fr-FR\",\"@id\":\"https:\\\/\\\/infos-droitshumains.net\\\/#\\\/schema\\\/logo\\\/image\\\/\",\"url\":\"https:\\\/\\\/i0.wp.com\\\/infos-droitshumains.net\\\/wp-content\\\/uploads\\\/2022\\\/05\\\/Logo.png?fit=333%2C129&ssl=1\",\"contentUrl\":\"https:\\\/\\\/i0.wp.com\\\/infos-droitshumains.net\\\/wp-content\\\/uploads\\\/2022\\\/05\\\/Logo.png?fit=333%2C129&ssl=1\",\"width\":333,\"height\":129,\"caption\":\"Infos Droits Humains\"},\"image\":{\"@id\":\"https:\\\/\\\/infos-droitshumains.net\\\/#\\\/schema\\\/logo\\\/image\\\/\"}},{\"@type\":\"Person\",\"@id\":\"https:\\\/\\\/infos-droitshumains.net\\\/#\\\/schema\\\/person\\\/3dc5e921c3302172e0ed4362f96faab7\",\"name\":\"Jo\u00ebl Diawa\",\"image\":{\"@type\":\"ImageObject\",\"inLanguage\":\"fr-FR\",\"@id\":\"https:\\\/\\\/secure.gravatar.com\\\/avatar\\\/729bea6ff4604c624417803c477363be8e3c7186deaa65713313f9b4b820f41c?s=96&d=mm&r=g\",\"url\":\"https:\\\/\\\/secure.gravatar.com\\\/avatar\\\/729bea6ff4604c624417803c477363be8e3c7186deaa65713313f9b4b820f41c?s=96&d=mm&r=g\",\"contentUrl\":\"https:\\\/\\\/secure.gravatar.com\\\/avatar\\\/729bea6ff4604c624417803c477363be8e3c7186deaa65713313f9b4b820f41c?s=96&d=mm&r=g\",\"caption\":\"Jo\u00ebl Diawa\"},\"sameAs\":[\"https:\\\/\\\/www.infos-droitshumains.net\"],\"url\":\"https:\\\/\\\/infos-droitshumains.net\\\/?author=2\"}]}<\/script>\n<!-- \/ Yoast SEO plugin. -->","yoast_head_json":{"title":"Remise et Reprise au Tribunal de Grande Instance de Kinshasa\/N\u2019djili\u00a0: Nathalie Mastaki tr\u00e8s rassur\u00e9es par les valeurs de sa successeuse - Infos Droits Humains","robots":{"index":"index","follow":"follow","max-snippet":"max-snippet:-1","max-image-preview":"max-image-preview:large","max-video-preview":"max-video-preview:-1"},"canonical":"https:\/\/infos-droitshumains.net\/?p=7864","og_locale":"fr_FR","og_type":"article","og_title":"Remise et Reprise au Tribunal de Grande Instance de Kinshasa\/N\u2019djili\u00a0: Nathalie Mastaki tr\u00e8s rassur\u00e9es par les valeurs de sa successeuse - Infos Droits Humains","og_description":"R\u00e9daction :+243817406088 Passage du t\u00e9moin ce lundi 11 septembre 2023 au Tribunal de Grande Instance...","og_url":"https:\/\/infos-droitshumains.net\/?p=7864","og_site_name":"Infos Droits Humains","article_published_time":"2023-09-11T22:12:48+00:00","article_modified_time":"2023-09-12T07:51:44+00:00","og_image":[{"width":1080,"height":739,"url":"https:\/\/infos-droitshumains.net\/wp-content\/uploads\/2023\/09\/IMG-20230911-WA0094.jpg","type":"image\/jpeg"}],"author":"Jo\u00ebl Diawa","twitter_card":"summary_large_image","twitter_misc":{"\u00c9crit par":"Jo\u00ebl Diawa","Dur\u00e9e de lecture estim\u00e9e":"5 minutes"},"schema":{"@context":"https:\/\/schema.org","@graph":[{"@type":"Article","@id":"https:\/\/infos-droitshumains.net\/?p=7864#article","isPartOf":{"@id":"https:\/\/infos-droitshumains.net\/?p=7864"},"author":{"name":"Jo\u00ebl Diawa","@id":"https:\/\/infos-droitshumains.net\/#\/schema\/person\/3dc5e921c3302172e0ed4362f96faab7"},"headline":"Remise et Reprise au Tribunal de Grande Instance de Kinshasa\/N\u2019djili\u00a0: Nathalie Mastaki tr\u00e8s rassur\u00e9es par les valeurs de sa successeuse","datePublished":"2023-09-11T22:12:48+00:00","dateModified":"2023-09-12T07:51:44+00:00","mainEntityOfPage":{"@id":"https:\/\/infos-droitshumains.net\/?p=7864"},"wordCount":644,"commentCount":0,"publisher":{"@id":"https:\/\/infos-droitshumains.net\/#organization"},"image":{"@id":"https:\/\/infos-droitshumains.net\/?p=7864#primaryimage"},"thumbnailUrl":"https:\/\/i0.wp.com\/infos-droitshumains.net\/wp-content\/uploads\/2023\/09\/IMG-20230911-WA0094.jpg?fit=1080%2C739&ssl=1","articleSection":["Justice"],"inLanguage":"fr-FR","potentialAction":[{"@type":"CommentAction","name":"Comment","target":["https:\/\/infos-droitshumains.net\/?p=7864#respond"]}]},{"@type":"WebPage","@id":"https:\/\/infos-droitshumains.net\/?p=7864","url":"https:\/\/infos-droitshumains.net\/?p=7864","name":"Remise et Reprise au Tribunal de Grande Instance de Kinshasa\/N\u2019djili\u00a0: Nathalie Mastaki tr\u00e8s rassur\u00e9es par les valeurs de sa successeuse - Infos Droits Humains","isPartOf":{"@id":"https:\/\/infos-droitshumains.net\/#website"},"primaryImageOfPage":{"@id":"https:\/\/infos-droitshumains.net\/?p=7864#primaryimage"},"image":{"@id":"https:\/\/infos-droitshumains.net\/?p=7864#primaryimage"},"thumbnailUrl":"https:\/\/i0.wp.com\/infos-droitshumains.net\/wp-content\/uploads\/2023\/09\/IMG-20230911-WA0094.jpg?fit=1080%2C739&ssl=1","datePublished":"2023-09-11T22:12:48+00:00","dateModified":"2023-09-12T07:51:44+00:00","breadcrumb":{"@id":"https:\/\/infos-droitshumains.net\/?p=7864#breadcrumb"},"inLanguage":"fr-FR","potentialAction":[{"@type":"ReadAction","target":["https:\/\/infos-droitshumains.net\/?p=7864"]}]},{"@type":"ImageObject","inLanguage":"fr-FR","@id":"https:\/\/infos-droitshumains.net\/?p=7864#primaryimage","url":"https:\/\/i0.wp.com\/infos-droitshumains.net\/wp-content\/uploads\/2023\/09\/IMG-20230911-WA0094.jpg?fit=1080%2C739&ssl=1","contentUrl":"https:\/\/i0.wp.com\/infos-droitshumains.net\/wp-content\/uploads\/2023\/09\/IMG-20230911-WA0094.jpg?fit=1080%2C739&ssl=1","width":1080,"height":739},{"@type":"BreadcrumbList","@id":"https:\/\/infos-droitshumains.net\/?p=7864#breadcrumb","itemListElement":[{"@type":"ListItem","position":1,"name":"Accueil","item":"https:\/\/infos-droitshumains.net\/"},{"@type":"ListItem","position":2,"name":"Remise et Reprise au Tribunal de Grande Instance de Kinshasa\/N\u2019djili\u00a0: Nathalie Mastaki tr\u00e8s rassur\u00e9es par les valeurs de sa successeuse"}]},{"@type":"WebSite","@id":"https:\/\/infos-droitshumains.net\/#website","url":"https:\/\/infos-droitshumains.net\/","name":"Infos Droits Humains","description":"S&#039;informer est un droit","publisher":{"@id":"https:\/\/infos-droitshumains.net\/#organization"},"potentialAction":[{"@type":"SearchAction","target":{"@type":"EntryPoint","urlTemplate":"https:\/\/infos-droitshumains.net\/?s={search_term_string}"},"query-input":{"@type":"PropertyValueSpecification","valueRequired":true,"valueName":"search_term_string"}}],"inLanguage":"fr-FR"},{"@type":"Organization","@id":"https:\/\/infos-droitshumains.net\/#organization","name":"Infos Droits Humains","url":"https:\/\/infos-droitshumains.net\/","logo":{"@type":"ImageObject","inLanguage":"fr-FR","@id":"https:\/\/infos-droitshumains.net\/#\/schema\/logo\/image\/","url":"https:\/\/i0.wp.com\/infos-droitshumains.net\/wp-content\/uploads\/2022\/05\/Logo.png?fit=333%2C129&ssl=1","contentUrl":"https:\/\/i0.wp.com\/infos-droitshumains.net\/wp-content\/uploads\/2022\/05\/Logo.png?fit=333%2C129&ssl=1","width":333,"height":129,"caption":"Infos Droits Humains"},"image":{"@id":"https:\/\/infos-droitshumains.net\/#\/schema\/logo\/image\/"}},{"@type":"Person","@id":"https:\/\/infos-droitshumains.net\/#\/schema\/person\/3dc5e921c3302172e0ed4362f96faab7","name":"Jo\u00ebl Diawa","image":{"@type":"ImageObject","inLanguage":"fr-FR","@id":"https:\/\/secure.gravatar.com\/avatar\/729bea6ff4604c624417803c477363be8e3c7186deaa65713313f9b4b820f41c?s=96&d=mm&r=g","url":"https:\/\/secure.gravatar.com\/avatar\/729bea6ff4604c624417803c477363be8e3c7186deaa65713313f9b4b820f41c?s=96&d=mm&r=g","contentUrl":"https:\/\/secure.gravatar.com\/avatar\/729bea6ff4604c624417803c477363be8e3c7186deaa65713313f9b4b820f41c?s=96&d=mm&r=g","caption":"Jo\u00ebl Diawa"},"sameAs":["https:\/\/www.infos-droitshumains.net"],"url":"https:\/\/infos-droitshumains.net\/?author=2"}]}},"featured_image_urls":{"full":["https:\/\/i0.wp.com\/infos-droitshumains.net\/wp-content\/uploads\/2023\/09\/IMG-20230911-WA0094.jpg?fit=1080%2C739&ssl=1",1080,739,false],"thumbnail":["https:\/\/i0.wp.com\/infos-droitshumains.net\/wp-content\/uploads\/2023\/09\/IMG-20230911-WA0094.jpg?resize=150%2C150&ssl=1",150,150,true],"medium":["https:\/\/i0.wp.com\/infos-droitshumains.net\/wp-content\/uploads\/2023\/09\/IMG-20230911-WA0094.jpg?fit=300%2C205&ssl=1",300,205,true],"medium_large":["https:\/\/i0.wp.com\/infos-droitshumains.net\/wp-content\/uploads\/2023\/09\/IMG-20230911-WA0094.jpg?fit=640%2C438&ssl=1",640,438,true],"large":["https:\/\/i0.wp.com\/infos-droitshumains.net\/wp-content\/uploads\/2023\/09\/IMG-20230911-WA0094.jpg?fit=640%2C438&ssl=1",640,438,true],"1536x1536":["https:\/\/i0.wp.com\/infos-droitshumains.net\/wp-content\/uploads\/2023\/09\/IMG-20230911-WA0094.jpg?fit=1080%2C739&ssl=1",1080,739,true],"2048x2048":["https:\/\/i0.wp.com\/infos-droitshumains.net\/wp-content\/uploads\/2023\/09\/IMG-20230911-WA0094.jpg?fit=1080%2C739&ssl=1",1080,739,true],"covernews-slider-full":["https:\/\/i0.wp.com\/infos-droitshumains.net\/wp-content\/uploads\/2023\/09\/IMG-20230911-WA0094.jpg?resize=1080%2C715&ssl=1",1080,715,true],"covernews-slider-center":["https:\/\/i0.wp.com\/infos-droitshumains.net\/wp-content\/uploads\/2023\/09\/IMG-20230911-WA0094.jpg?resize=800%2C500&ssl=1",800,500,true],"covernews-featured":["https:\/\/i0.wp.com\/infos-droitshumains.net\/wp-content\/uploads\/2023\/09\/IMG-20230911-WA0094.jpg?fit=1024%2C701&ssl=1",1024,701,true],"covernews-medium":["https:\/\/i0.wp.com\/infos-droitshumains.net\/wp-content\/uploads\/2023\/09\/IMG-20230911-WA0094.jpg?resize=540%2C340&ssl=1",540,340,true],"covernews-medium-square":["https:\/\/i0.wp.com\/infos-droitshumains.net\/wp-content\/uploads\/2023\/09\/IMG-20230911-WA0094.jpg?resize=400%2C250&ssl=1",400,250,true]},"author_info":{"display_name":"Jo\u00ebl Diawa","author_link":"https:\/\/infos-droitshumains.net\/?author=2"},"category_info":"<a href=\"https:\/\/infos-droitshumains.net\/?cat=6\" rel=\"category\">Justice<\/a>","tag_info":"Justice","comment_count":"0","jetpack_featured_media_url":"https:\/\/i0.wp.com\/infos-droitshumains.net\/wp-content\/uploads\/2023\/09\/IMG-20230911-WA0094.jpg?fit=1080%2C739&ssl=1","jetpack-related-posts":[],"jetpack_sharing_enabled":true,"_links":{"self":[{"href":"https:\/\/infos-droitshumains.net\/index.php?rest_route=\/wp\/v2\/posts\/7864","targetHints":{"allow":["GET"]}}],"collection":[{"href":"https:\/\/infos-droitshumains.net\/index.php?rest_route=\/wp\/v2\/posts"}],"about":[{"href":"https:\/\/infos-droitshumains.net\/index.php?rest_route=\/wp\/v2\/types\/post"}],"author":[{"embeddable":true,"href":"https:\/\/infos-droitshumains.net\/index.php?rest_route=\/wp\/v2\/users\/2"}],"replies":[{"embeddable":true,"href":"https:\/\/infos-droitshumains.net\/index.php?rest_route=%2Fwp%2Fv2%2Fcomments&post=7864"}],"version-history":[{"count":22,"href":"https:\/\/infos-droitshumains.net\/index.php?rest_route=\/wp\/v2\/posts\/7864\/revisions"}],"predecessor-version":[{"id":7922,"href":"https:\/\/infos-droitshumains.net\/index.php?rest_route=\/wp\/v2\/posts\/7864\/revisions\/7922"}],"wp:featuredmedia":[{"embeddable":true,"href":"https:\/\/infos-droitshumains.net\/index.php?rest_route=\/wp\/v2\/media\/7880"}],"wp:attachment":[{"href":"https:\/\/infos-droitshumains.net\/index.php?rest_route=%2Fwp%2Fv2%2Fmedia&parent=7864"}],"wp:term":[{"taxonomy":"category","embeddable":true,"href":"https:\/\/infos-droitshumains.net\/index.php?rest_route=%2Fwp%2Fv2%2Fcategories&post=7864"},{"taxonomy":"post_tag","embeddable":true,"href":"https:\/\/infos-droitshumains.net\/index.php?rest_route=%2Fwp%2Fv2%2Ftags&post=7864"}],"curies":[{"name":"wp","href":"https:\/\/api.w.org\/{rel}","templated":true}]}}