{"id":7846,"date":"2023-09-11T23:28:12","date_gmt":"2023-09-11T21:28:12","guid":{"rendered":"https:\/\/infos-droitshumains.net\/?p=7846"},"modified":"2023-09-12T00:28:24","modified_gmt":"2023-09-11T22:28:24","slug":"rdc-outilles-les-acteurs-judiciaires-sont-invites-a-sapproprier-la-loi-sur-la-traite-des-personnes","status":"publish","type":"post","link":"https:\/\/infos-droitshumains.net\/?p=7846","title":{"rendered":"Lutte contre la traite des personnes en RDC : Outill\u00e9s, les acteurs judiciaires sont invit\u00e9s \u00e0 s&rsquo;approprier la nouvelle loi"},"content":{"rendered":"\n<p><strong>R\u00e9daction :+243817406088<\/strong><\/p>\n\n\n\n<h4 class=\"wp-block-heading has-vivid-red-color has-text-color\">La traite des personnes est devenue un sujet d\u2019inqui\u00e9tude grandissant en R\u00e9publique D\u00e9mocratique du Congo. Selon les enqu\u00eates de l\u2019Organisation Mondiale pour les Migrations, OIM, le pays est \u00e0 lui seule, un pays d\u2019origine, de transit et de destination pour les victimes du trafic humain.<\/h4>\n\n\n\n<p>Depuis le 26 d\u00e9cembre 2022, la R\u00e9publique a pu franchir un pas consid\u00e9rable en ins\u00e9rant pour la premi\u00e8re fois, la notion de criminalisation de la traite des personnes dans son code p\u00e9nal. Mais cette loi p\u00e9nale n\u2019est malheureusement pas connue de plusieurs acteurs judiciaires et n\u2019est quasiment pas appliqu\u00e9e en d\u00e9pit des quelques cas isol\u00e9s.<\/p>\n\n\n\n<p>Cons\u00e9quence, les statistiques des d\u00e9cisions judiciaires en RDC sont faibles que la moyenne mondiale malgr\u00e9 des efforts consentis par les autorit\u00e9s politiques pour combattre la traite des personnes sur l\u2019ensemble du territoire.<\/p>\n\n\n\n<p>C\u2019est alors que pour pallier \u00e0 cette insuffisance, le cabinet du Chef de l&rsquo;Etat F\u00e9lix-Antoine Tshisekedi Tshilombo \u00e0 travers sa coordination en charge de la Jeunesse Lutte contre les Violences faites \u00e0 la Femme et la Traite des Personnes a lanc\u00e9 ce lundi 11 septembre, un atelier de vulgarisation et sensibilisation sur la loi N\u00b0 22\/067 du 26 septembre 2022 modifiant et compl\u00e9tant le D\u00e9cret du 30 janvier 1940 portant Code p\u00e9nal congolais en mati\u00e8re de pr\u00e9vention et de la r\u00e9pression de la traite des personnes.<\/p>\n\n\n\n<p>Cet atelier qui a \u00e9t\u00e9 organis\u00e9 gr\u00e2ce \u00e0 l\u2019appui technique de l\u2019Organisation Internationales pour les Migrations, OIM et Tag International avec le financement du gouvernement am\u00e9ricain \u00e0 travers l\u2019Agence des Etats-Unis pour le d\u00e9veloppement international, USAID, l\u2019a \u00e9t\u00e9, au b\u00e9n\u00e9fice des acteurs judiciaires avec pour objectifs, de les sensibiliser sur cette nouvelle loi au regards des autres l\u00e9gislations existantes, am\u00e9nager un cadre d\u2019\u00e9changes autour de la question de traite des personnes en vue de l\u2019appropriation et adh\u00e9sion de la nouvelle loi p\u00e9nale, et fournir les outils et techniques aux acteurs de premi\u00e8re ligne en vue d\u2019accroitre les poursuites p\u00e9nales et relever le niveau de signalement.<\/p>\n\n\n\n<p><em>\u00ab&nbsp;La loi \u00e9tait promulgu\u00e9e en d\u00e9cembre 2022 par le Pr\u00e9sident de la R\u00e9publique, maintenant, il faut qu\u2019elle soit mise en pratique. En R\u00e9publique D\u00e9mocratique du Congo, la traite des personnes existe depuis tr\u00e8s longtemps, mais c\u2019\u00e9tait difficile de proc\u00e9der aux investigations, aux arrestations et condamnations des bourreaux. Maintenant qu\u2019on a la loi, on forme les magistrats, on peut alors facilement les poursuivre\u00bb<\/em>, a confi\u00e9 Chantal Yelu Mulop, coordonnatrice de la coordination en charge de la Jeunesse Lutte contre les Violences faites \u00e0 la Femme et la Traite des Personnes.<\/p>\n\n\n\n<p>L\u2019OIM qui apporte son appui technique \u00e0 la RDC dans la lutte contre&nbsp; la traite des personnes depuis plus de trois ans, se satisfait des avanc\u00e9es r\u00e9alis\u00e9es jusque-l\u00e0.<\/p>\n\n\n\n<p><em>\u00ab&nbsp;L\u2019Etat congolais peut \u00eatre satisfait des r\u00e9sultats obtenus jusque-l\u00e0. Il y a de cela trois ans, la RDC&nbsp; \u00e9tait class\u00e9e en tiers trois, aujourd\u2019hui, elle est class\u00e9e en tiers deux. &nbsp;A l\u2019\u00e9chelle internationale, c\u2019est un acquis extraordinaire qui m\u00e9rite le satisfecit du Chef de l\u2019Etat qui d\u00e8s son arriv\u00e9 en 2019, a mis en place une structure d\u00e9di\u00e9e \u00e0 la lutte contre la traite des personnes, les m\u00e9canismes de r\u00e9f\u00e9rencement des victimes et, l\u2019OIM a toujours \u00e9t\u00e9 l\u00e0 pour accompagner cet effort. En plus de cela, en d\u00e9cembre 2022, le Pr\u00e9sident a promulgu\u00e9 une loi sp\u00e9cifique qui criminalise la traite des personnes en RDC.&nbsp; Sur base de cette loi, plusieurs cas des condamnations, des proc\u00e8s ont \u00e9t\u00e9 initi\u00e9s&nbsp;; et avec cette loi, on peut condamner des bourreaux qui s\u2019adonnent \u00e0 la traite des personnes&nbsp;\u00bb<\/em>, s\u2019est r\u00e9joui Fils-Lien Ely Thelot.<\/p>\n\n\n\n<p><em>\u00ab&nbsp;Mais le probl\u00e8me en est qu\u2019\u00e0 quoi sert d\u2019avoir une loi si les acteurs les mieux plac\u00e9es pour la faire mettre en application ne la connaissent pas&nbsp;?&nbsp;\u00bb<\/em>, s\u2019est par ailleurs interrog\u00e9 ce Conseill\u00e9 technique \u00e0 l\u2019OIM.<\/p>\n\n\n\n<p>Tag International qui a rejoint d\u2019autres partenaires de la RDC dans ce combat &nbsp;apportera son <em>\u00ab appui \u00e0 la coordination sp\u00e9cialement pour la nouvelle strat\u00e9gie nationale&nbsp;\u00bb<\/em>, a annonc\u00e9 Ruth Freedom, responsable technique de TAG International.<\/p>\n\n\n\n<p>Aux termes de cet atelier, l\u2019appareil judiciaire est dor\u00e9navant dot\u00e9 &nbsp;de ressources humaines comp\u00e9tentes en mati\u00e8re de lutte contre la traite des personnes car, ses acteurs viennent de disposer d\u2019un cadre d\u2019\u00e9changes et d\u2019un r\u00e9f\u00e9rentiel technique susceptible de leur permettre de mieux travailler afin de mieux combattre la traite des personnes.<\/p>\n\n\n\n<p>Outill\u00e9s, ces acteurs de l\u2019appareil judiciaires qui se sont s\u2019appropri\u00e9s des acquis de la loi p\u00e9nale, peuvent donc documenter les cas et mener les poursuites afin de rehausser les condamnations des trafiquants.<\/p>\n\n\n\n<p>Jo\u00ebl Diawa<\/p>\n","protected":false},"excerpt":{"rendered":"<p>R\u00e9daction :+243817406088 La traite des personnes est devenue un sujet d\u2019inqui\u00e9tude grandissant en R\u00e9publique D\u00e9mocratique&#8230;<\/p>\n","protected":false},"author":2,"featured_media":7849,"comment_status":"open","ping_status":"open","sticky":false,"template":"","format":"standard","meta":{"_jetpack_memberships_contains_paid_content":false,"footnotes":""},"categories":[7],"tags":[],"class_list":["post-7846","post","type-post","status-publish","format-standard","has-post-thumbnail","hentry","category-droits-humains"],"yoast_head":"<!-- This site is optimized with the Yoast SEO plugin v27.5 - https:\/\/yoast.com\/product\/yoast-seo-wordpress\/ -->\n<title>Lutte contre la traite des personnes en RDC : Outill\u00e9s, les acteurs judiciaires sont invit\u00e9s \u00e0 s&#039;approprier la nouvelle loi - Infos Droits Humains<\/title>\n<meta name=\"robots\" content=\"index, follow, max-snippet:-1, max-image-preview:large, max-video-preview:-1\" \/>\n<link rel=\"canonical\" href=\"https:\/\/infos-droitshumains.net\/?p=7846\" \/>\n<meta property=\"og:locale\" content=\"fr_FR\" \/>\n<meta property=\"og:type\" content=\"article\" \/>\n<meta property=\"og:title\" content=\"Lutte contre la traite des personnes en RDC : Outill\u00e9s, les acteurs judiciaires sont invit\u00e9s \u00e0 s&#039;approprier la nouvelle loi - Infos Droits Humains\" \/>\n<meta property=\"og:description\" content=\"R\u00e9daction :+243817406088 La traite des personnes est devenue un sujet d\u2019inqui\u00e9tude grandissant en R\u00e9publique D\u00e9mocratique...\" \/>\n<meta property=\"og:url\" content=\"https:\/\/infos-droitshumains.net\/?p=7846\" \/>\n<meta property=\"og:site_name\" content=\"Infos Droits Humains\" \/>\n<meta property=\"article:published_time\" content=\"2023-09-11T21:28:12+00:00\" \/>\n<meta property=\"article:modified_time\" content=\"2023-09-11T22:28:24+00:00\" \/>\n<meta property=\"og:image\" content=\"https:\/\/infos-droitshumains.net\/wp-content\/uploads\/2023\/09\/IMG_8725.jpg\" \/>\n\t<meta property=\"og:image:width\" content=\"750\" \/>\n\t<meta property=\"og:image:height\" content=\"500\" \/>\n\t<meta property=\"og:image:type\" content=\"image\/jpeg\" \/>\n<meta name=\"author\" content=\"Jo\u00ebl Diawa\" \/>\n<meta name=\"twitter:card\" content=\"summary_large_image\" \/>\n<meta name=\"twitter:label1\" content=\"\u00c9crit par\" \/>\n\t<meta name=\"twitter:data1\" content=\"Jo\u00ebl Diawa\" \/>\n\t<meta name=\"twitter:label2\" content=\"Dur\u00e9e de lecture estim\u00e9e\" \/>\n\t<meta name=\"twitter:data2\" content=\"4 minutes\" \/>\n<script type=\"application\/ld+json\" class=\"yoast-schema-graph\">{\"@context\":\"https:\\\/\\\/schema.org\",\"@graph\":[{\"@type\":\"Article\",\"@id\":\"https:\\\/\\\/infos-droitshumains.net\\\/?p=7846#article\",\"isPartOf\":{\"@id\":\"https:\\\/\\\/infos-droitshumains.net\\\/?p=7846\"},\"author\":{\"name\":\"Jo\u00ebl Diawa\",\"@id\":\"https:\\\/\\\/infos-droitshumains.net\\\/#\\\/schema\\\/person\\\/3dc5e921c3302172e0ed4362f96faab7\"},\"headline\":\"Lutte contre la traite des personnes en RDC : Outill\u00e9s, les acteurs judiciaires sont invit\u00e9s \u00e0 s&rsquo;approprier la nouvelle loi\",\"datePublished\":\"2023-09-11T21:28:12+00:00\",\"dateModified\":\"2023-09-11T22:28:24+00:00\",\"mainEntityOfPage\":{\"@id\":\"https:\\\/\\\/infos-droitshumains.net\\\/?p=7846\"},\"wordCount\":858,\"commentCount\":0,\"publisher\":{\"@id\":\"https:\\\/\\\/infos-droitshumains.net\\\/#organization\"},\"image\":{\"@id\":\"https:\\\/\\\/infos-droitshumains.net\\\/?p=7846#primaryimage\"},\"thumbnailUrl\":\"https:\\\/\\\/i0.wp.com\\\/infos-droitshumains.net\\\/wp-content\\\/uploads\\\/2023\\\/09\\\/IMG_8725.jpg?fit=750%2C500&ssl=1\",\"articleSection\":[\"Droits Humains\"],\"inLanguage\":\"fr-FR\",\"potentialAction\":[{\"@type\":\"CommentAction\",\"name\":\"Comment\",\"target\":[\"https:\\\/\\\/infos-droitshumains.net\\\/?p=7846#respond\"]}]},{\"@type\":\"WebPage\",\"@id\":\"https:\\\/\\\/infos-droitshumains.net\\\/?p=7846\",\"url\":\"https:\\\/\\\/infos-droitshumains.net\\\/?p=7846\",\"name\":\"Lutte contre la traite des personnes en RDC : Outill\u00e9s, les acteurs judiciaires sont invit\u00e9s \u00e0 s'approprier la nouvelle loi - Infos Droits Humains\",\"isPartOf\":{\"@id\":\"https:\\\/\\\/infos-droitshumains.net\\\/#website\"},\"primaryImageOfPage\":{\"@id\":\"https:\\\/\\\/infos-droitshumains.net\\\/?p=7846#primaryimage\"},\"image\":{\"@id\":\"https:\\\/\\\/infos-droitshumains.net\\\/?p=7846#primaryimage\"},\"thumbnailUrl\":\"https:\\\/\\\/i0.wp.com\\\/infos-droitshumains.net\\\/wp-content\\\/uploads\\\/2023\\\/09\\\/IMG_8725.jpg?fit=750%2C500&ssl=1\",\"datePublished\":\"2023-09-11T21:28:12+00:00\",\"dateModified\":\"2023-09-11T22:28:24+00:00\",\"breadcrumb\":{\"@id\":\"https:\\\/\\\/infos-droitshumains.net\\\/?p=7846#breadcrumb\"},\"inLanguage\":\"fr-FR\",\"potentialAction\":[{\"@type\":\"ReadAction\",\"target\":[\"https:\\\/\\\/infos-droitshumains.net\\\/?p=7846\"]}]},{\"@type\":\"ImageObject\",\"inLanguage\":\"fr-FR\",\"@id\":\"https:\\\/\\\/infos-droitshumains.net\\\/?p=7846#primaryimage\",\"url\":\"https:\\\/\\\/i0.wp.com\\\/infos-droitshumains.net\\\/wp-content\\\/uploads\\\/2023\\\/09\\\/IMG_8725.jpg?fit=750%2C500&ssl=1\",\"contentUrl\":\"https:\\\/\\\/i0.wp.com\\\/infos-droitshumains.net\\\/wp-content\\\/uploads\\\/2023\\\/09\\\/IMG_8725.jpg?fit=750%2C500&ssl=1\",\"width\":750,\"height\":500},{\"@type\":\"BreadcrumbList\",\"@id\":\"https:\\\/\\\/infos-droitshumains.net\\\/?p=7846#breadcrumb\",\"itemListElement\":[{\"@type\":\"ListItem\",\"position\":1,\"name\":\"Accueil\",\"item\":\"https:\\\/\\\/infos-droitshumains.net\\\/\"},{\"@type\":\"ListItem\",\"position\":2,\"name\":\"Lutte contre la traite des personnes en RDC : Outill\u00e9s, les acteurs judiciaires sont invit\u00e9s \u00e0 s&rsquo;approprier la nouvelle loi\"}]},{\"@type\":\"WebSite\",\"@id\":\"https:\\\/\\\/infos-droitshumains.net\\\/#website\",\"url\":\"https:\\\/\\\/infos-droitshumains.net\\\/\",\"name\":\"Infos Droits Humains\",\"description\":\"S&#039;informer est un droit\",\"publisher\":{\"@id\":\"https:\\\/\\\/infos-droitshumains.net\\\/#organization\"},\"potentialAction\":[{\"@type\":\"SearchAction\",\"target\":{\"@type\":\"EntryPoint\",\"urlTemplate\":\"https:\\\/\\\/infos-droitshumains.net\\\/?s={search_term_string}\"},\"query-input\":{\"@type\":\"PropertyValueSpecification\",\"valueRequired\":true,\"valueName\":\"search_term_string\"}}],\"inLanguage\":\"fr-FR\"},{\"@type\":\"Organization\",\"@id\":\"https:\\\/\\\/infos-droitshumains.net\\\/#organization\",\"name\":\"Infos Droits Humains\",\"url\":\"https:\\\/\\\/infos-droitshumains.net\\\/\",\"logo\":{\"@type\":\"ImageObject\",\"inLanguage\":\"fr-FR\",\"@id\":\"https:\\\/\\\/infos-droitshumains.net\\\/#\\\/schema\\\/logo\\\/image\\\/\",\"url\":\"https:\\\/\\\/i0.wp.com\\\/infos-droitshumains.net\\\/wp-content\\\/uploads\\\/2022\\\/05\\\/Logo.png?fit=333%2C129&ssl=1\",\"contentUrl\":\"https:\\\/\\\/i0.wp.com\\\/infos-droitshumains.net\\\/wp-content\\\/uploads\\\/2022\\\/05\\\/Logo.png?fit=333%2C129&ssl=1\",\"width\":333,\"height\":129,\"caption\":\"Infos Droits Humains\"},\"image\":{\"@id\":\"https:\\\/\\\/infos-droitshumains.net\\\/#\\\/schema\\\/logo\\\/image\\\/\"}},{\"@type\":\"Person\",\"@id\":\"https:\\\/\\\/infos-droitshumains.net\\\/#\\\/schema\\\/person\\\/3dc5e921c3302172e0ed4362f96faab7\",\"name\":\"Jo\u00ebl Diawa\",\"image\":{\"@type\":\"ImageObject\",\"inLanguage\":\"fr-FR\",\"@id\":\"https:\\\/\\\/secure.gravatar.com\\\/avatar\\\/729bea6ff4604c624417803c477363be8e3c7186deaa65713313f9b4b820f41c?s=96&d=mm&r=g\",\"url\":\"https:\\\/\\\/secure.gravatar.com\\\/avatar\\\/729bea6ff4604c624417803c477363be8e3c7186deaa65713313f9b4b820f41c?s=96&d=mm&r=g\",\"contentUrl\":\"https:\\\/\\\/secure.gravatar.com\\\/avatar\\\/729bea6ff4604c624417803c477363be8e3c7186deaa65713313f9b4b820f41c?s=96&d=mm&r=g\",\"caption\":\"Jo\u00ebl Diawa\"},\"sameAs\":[\"https:\\\/\\\/www.infos-droitshumains.net\"],\"url\":\"https:\\\/\\\/infos-droitshumains.net\\\/?author=2\"}]}<\/script>\n<!-- \/ Yoast SEO plugin. -->","yoast_head_json":{"title":"Lutte contre la traite des personnes en RDC : Outill\u00e9s, les acteurs judiciaires sont invit\u00e9s \u00e0 s'approprier la nouvelle loi - Infos Droits Humains","robots":{"index":"index","follow":"follow","max-snippet":"max-snippet:-1","max-image-preview":"max-image-preview:large","max-video-preview":"max-video-preview:-1"},"canonical":"https:\/\/infos-droitshumains.net\/?p=7846","og_locale":"fr_FR","og_type":"article","og_title":"Lutte contre la traite des personnes en RDC : Outill\u00e9s, les acteurs judiciaires sont invit\u00e9s \u00e0 s'approprier la nouvelle loi - Infos Droits Humains","og_description":"R\u00e9daction :+243817406088 La traite des personnes est devenue un sujet d\u2019inqui\u00e9tude grandissant en R\u00e9publique D\u00e9mocratique...","og_url":"https:\/\/infos-droitshumains.net\/?p=7846","og_site_name":"Infos Droits Humains","article_published_time":"2023-09-11T21:28:12+00:00","article_modified_time":"2023-09-11T22:28:24+00:00","og_image":[{"width":750,"height":500,"url":"https:\/\/infos-droitshumains.net\/wp-content\/uploads\/2023\/09\/IMG_8725.jpg","type":"image\/jpeg"}],"author":"Jo\u00ebl Diawa","twitter_card":"summary_large_image","twitter_misc":{"\u00c9crit par":"Jo\u00ebl Diawa","Dur\u00e9e de lecture estim\u00e9e":"4 minutes"},"schema":{"@context":"https:\/\/schema.org","@graph":[{"@type":"Article","@id":"https:\/\/infos-droitshumains.net\/?p=7846#article","isPartOf":{"@id":"https:\/\/infos-droitshumains.net\/?p=7846"},"author":{"name":"Jo\u00ebl Diawa","@id":"https:\/\/infos-droitshumains.net\/#\/schema\/person\/3dc5e921c3302172e0ed4362f96faab7"},"headline":"Lutte contre la traite des personnes en RDC : Outill\u00e9s, les acteurs judiciaires sont invit\u00e9s \u00e0 s&rsquo;approprier la nouvelle loi","datePublished":"2023-09-11T21:28:12+00:00","dateModified":"2023-09-11T22:28:24+00:00","mainEntityOfPage":{"@id":"https:\/\/infos-droitshumains.net\/?p=7846"},"wordCount":858,"commentCount":0,"publisher":{"@id":"https:\/\/infos-droitshumains.net\/#organization"},"image":{"@id":"https:\/\/infos-droitshumains.net\/?p=7846#primaryimage"},"thumbnailUrl":"https:\/\/i0.wp.com\/infos-droitshumains.net\/wp-content\/uploads\/2023\/09\/IMG_8725.jpg?fit=750%2C500&ssl=1","articleSection":["Droits Humains"],"inLanguage":"fr-FR","potentialAction":[{"@type":"CommentAction","name":"Comment","target":["https:\/\/infos-droitshumains.net\/?p=7846#respond"]}]},{"@type":"WebPage","@id":"https:\/\/infos-droitshumains.net\/?p=7846","url":"https:\/\/infos-droitshumains.net\/?p=7846","name":"Lutte contre la traite des personnes en RDC : Outill\u00e9s, les acteurs judiciaires sont invit\u00e9s \u00e0 s'approprier la nouvelle loi - Infos Droits Humains","isPartOf":{"@id":"https:\/\/infos-droitshumains.net\/#website"},"primaryImageOfPage":{"@id":"https:\/\/infos-droitshumains.net\/?p=7846#primaryimage"},"image":{"@id":"https:\/\/infos-droitshumains.net\/?p=7846#primaryimage"},"thumbnailUrl":"https:\/\/i0.wp.com\/infos-droitshumains.net\/wp-content\/uploads\/2023\/09\/IMG_8725.jpg?fit=750%2C500&ssl=1","datePublished":"2023-09-11T21:28:12+00:00","dateModified":"2023-09-11T22:28:24+00:00","breadcrumb":{"@id":"https:\/\/infos-droitshumains.net\/?p=7846#breadcrumb"},"inLanguage":"fr-FR","potentialAction":[{"@type":"ReadAction","target":["https:\/\/infos-droitshumains.net\/?p=7846"]}]},{"@type":"ImageObject","inLanguage":"fr-FR","@id":"https:\/\/infos-droitshumains.net\/?p=7846#primaryimage","url":"https:\/\/i0.wp.com\/infos-droitshumains.net\/wp-content\/uploads\/2023\/09\/IMG_8725.jpg?fit=750%2C500&ssl=1","contentUrl":"https:\/\/i0.wp.com\/infos-droitshumains.net\/wp-content\/uploads\/2023\/09\/IMG_8725.jpg?fit=750%2C500&ssl=1","width":750,"height":500},{"@type":"BreadcrumbList","@id":"https:\/\/infos-droitshumains.net\/?p=7846#breadcrumb","itemListElement":[{"@type":"ListItem","position":1,"name":"Accueil","item":"https:\/\/infos-droitshumains.net\/"},{"@type":"ListItem","position":2,"name":"Lutte contre la traite des personnes en RDC : Outill\u00e9s, les acteurs judiciaires sont invit\u00e9s \u00e0 s&rsquo;approprier la nouvelle loi"}]},{"@type":"WebSite","@id":"https:\/\/infos-droitshumains.net\/#website","url":"https:\/\/infos-droitshumains.net\/","name":"Infos Droits Humains","description":"S&#039;informer est un droit","publisher":{"@id":"https:\/\/infos-droitshumains.net\/#organization"},"potentialAction":[{"@type":"SearchAction","target":{"@type":"EntryPoint","urlTemplate":"https:\/\/infos-droitshumains.net\/?s={search_term_string}"},"query-input":{"@type":"PropertyValueSpecification","valueRequired":true,"valueName":"search_term_string"}}],"inLanguage":"fr-FR"},{"@type":"Organization","@id":"https:\/\/infos-droitshumains.net\/#organization","name":"Infos Droits Humains","url":"https:\/\/infos-droitshumains.net\/","logo":{"@type":"ImageObject","inLanguage":"fr-FR","@id":"https:\/\/infos-droitshumains.net\/#\/schema\/logo\/image\/","url":"https:\/\/i0.wp.com\/infos-droitshumains.net\/wp-content\/uploads\/2022\/05\/Logo.png?fit=333%2C129&ssl=1","contentUrl":"https:\/\/i0.wp.com\/infos-droitshumains.net\/wp-content\/uploads\/2022\/05\/Logo.png?fit=333%2C129&ssl=1","width":333,"height":129,"caption":"Infos Droits Humains"},"image":{"@id":"https:\/\/infos-droitshumains.net\/#\/schema\/logo\/image\/"}},{"@type":"Person","@id":"https:\/\/infos-droitshumains.net\/#\/schema\/person\/3dc5e921c3302172e0ed4362f96faab7","name":"Jo\u00ebl Diawa","image":{"@type":"ImageObject","inLanguage":"fr-FR","@id":"https:\/\/secure.gravatar.com\/avatar\/729bea6ff4604c624417803c477363be8e3c7186deaa65713313f9b4b820f41c?s=96&d=mm&r=g","url":"https:\/\/secure.gravatar.com\/avatar\/729bea6ff4604c624417803c477363be8e3c7186deaa65713313f9b4b820f41c?s=96&d=mm&r=g","contentUrl":"https:\/\/secure.gravatar.com\/avatar\/729bea6ff4604c624417803c477363be8e3c7186deaa65713313f9b4b820f41c?s=96&d=mm&r=g","caption":"Jo\u00ebl Diawa"},"sameAs":["https:\/\/www.infos-droitshumains.net"],"url":"https:\/\/infos-droitshumains.net\/?author=2"}]}},"featured_image_urls":{"full":["https:\/\/i0.wp.com\/infos-droitshumains.net\/wp-content\/uploads\/2023\/09\/IMG_8725.jpg?fit=750%2C500&ssl=1",750,500,false],"thumbnail":["https:\/\/i0.wp.com\/infos-droitshumains.net\/wp-content\/uploads\/2023\/09\/IMG_8725.jpg?resize=150%2C150&ssl=1",150,150,true],"medium":["https:\/\/i0.wp.com\/infos-droitshumains.net\/wp-content\/uploads\/2023\/09\/IMG_8725.jpg?fit=300%2C200&ssl=1",300,200,true],"medium_large":["https:\/\/i0.wp.com\/infos-droitshumains.net\/wp-content\/uploads\/2023\/09\/IMG_8725.jpg?fit=640%2C427&ssl=1",640,427,true],"large":["https:\/\/i0.wp.com\/infos-droitshumains.net\/wp-content\/uploads\/2023\/09\/IMG_8725.jpg?fit=640%2C427&ssl=1",640,427,true],"1536x1536":["https:\/\/i0.wp.com\/infos-droitshumains.net\/wp-content\/uploads\/2023\/09\/IMG_8725.jpg?fit=750%2C500&ssl=1",750,500,true],"2048x2048":["https:\/\/i0.wp.com\/infos-droitshumains.net\/wp-content\/uploads\/2023\/09\/IMG_8725.jpg?fit=750%2C500&ssl=1",750,500,true],"covernews-slider-full":["https:\/\/i0.wp.com\/infos-droitshumains.net\/wp-content\/uploads\/2023\/09\/IMG_8725.jpg?resize=750%2C500&ssl=1",750,500,true],"covernews-slider-center":["https:\/\/i0.wp.com\/infos-droitshumains.net\/wp-content\/uploads\/2023\/09\/IMG_8725.jpg?resize=750%2C500&ssl=1",750,500,true],"covernews-featured":["https:\/\/i0.wp.com\/infos-droitshumains.net\/wp-content\/uploads\/2023\/09\/IMG_8725.jpg?fit=750%2C500&ssl=1",750,500,true],"covernews-medium":["https:\/\/i0.wp.com\/infos-droitshumains.net\/wp-content\/uploads\/2023\/09\/IMG_8725.jpg?resize=540%2C340&ssl=1",540,340,true],"covernews-medium-square":["https:\/\/i0.wp.com\/infos-droitshumains.net\/wp-content\/uploads\/2023\/09\/IMG_8725.jpg?resize=400%2C250&ssl=1",400,250,true]},"author_info":{"display_name":"Jo\u00ebl Diawa","author_link":"https:\/\/infos-droitshumains.net\/?author=2"},"category_info":"<a href=\"https:\/\/infos-droitshumains.net\/?cat=7\" rel=\"category\">Droits Humains<\/a>","tag_info":"Droits Humains","comment_count":"0","jetpack_featured_media_url":"https:\/\/i0.wp.com\/infos-droitshumains.net\/wp-content\/uploads\/2023\/09\/IMG_8725.jpg?fit=750%2C500&ssl=1","jetpack-related-posts":[],"jetpack_sharing_enabled":true,"_links":{"self":[{"href":"https:\/\/infos-droitshumains.net\/index.php?rest_route=\/wp\/v2\/posts\/7846","targetHints":{"allow":["GET"]}}],"collection":[{"href":"https:\/\/infos-droitshumains.net\/index.php?rest_route=\/wp\/v2\/posts"}],"about":[{"href":"https:\/\/infos-droitshumains.net\/index.php?rest_route=\/wp\/v2\/types\/post"}],"author":[{"embeddable":true,"href":"https:\/\/infos-droitshumains.net\/index.php?rest_route=\/wp\/v2\/users\/2"}],"replies":[{"embeddable":true,"href":"https:\/\/infos-droitshumains.net\/index.php?rest_route=%2Fwp%2Fv2%2Fcomments&post=7846"}],"version-history":[{"count":3,"href":"https:\/\/infos-droitshumains.net\/index.php?rest_route=\/wp\/v2\/posts\/7846\/revisions"}],"predecessor-version":[{"id":7877,"href":"https:\/\/infos-droitshumains.net\/index.php?rest_route=\/wp\/v2\/posts\/7846\/revisions\/7877"}],"wp:featuredmedia":[{"embeddable":true,"href":"https:\/\/infos-droitshumains.net\/index.php?rest_route=\/wp\/v2\/media\/7849"}],"wp:attachment":[{"href":"https:\/\/infos-droitshumains.net\/index.php?rest_route=%2Fwp%2Fv2%2Fmedia&parent=7846"}],"wp:term":[{"taxonomy":"category","embeddable":true,"href":"https:\/\/infos-droitshumains.net\/index.php?rest_route=%2Fwp%2Fv2%2Fcategories&post=7846"},{"taxonomy":"post_tag","embeddable":true,"href":"https:\/\/infos-droitshumains.net\/index.php?rest_route=%2Fwp%2Fv2%2Ftags&post=7846"}],"curies":[{"name":"wp","href":"https:\/\/api.w.org\/{rel}","templated":true}]}}