{"id":7842,"date":"2023-09-10T23:08:05","date_gmt":"2023-09-10T21:08:05","guid":{"rendered":"https:\/\/infos-droitshumains.net\/?p=7842"},"modified":"2023-09-10T23:16:23","modified_gmt":"2023-09-10T21:16:23","slug":"parquet-general-pres-la-cour-dappel-de-kinshasa-gombe-le-nouveau-procureur-general-placide-lusamba-exprime-son-soutien-a-la-procedure-de-flagrance-dans-le-but-de-reta","status":"publish","type":"post","link":"https:\/\/infos-droitshumains.net\/?p=7842","title":{"rendered":"Parquet G\u00e9n\u00e9ral pr\u00e8s la Cour d\u2019Appel de Kinshasa\/Gombe\u00a0: Le nouveau Procureur G\u00e9n\u00e9ral Placide Lusamba favorable \u00e0 la proc\u00e9dure de flagrance pour \u2018\u2019r\u00e9tablir dans les citoyens, la confiance en la justice ainsi que le sentiment de la crainte du ch\u00e2timent \u2019\u2019"},"content":{"rendered":"\n<p><strong>R\u00e9daction :+243817406088<\/strong><\/p>\n\n\n\n<h4 class=\"wp-block-heading has-vivid-red-color has-text-color\"><em>\u00ab Je jure de respecter la Constitution et les lois de la R\u00e9publique D\u00e9mocratique du Congo et de remplir loyalement et fid\u00e8lement, avec honneur et dignit\u00e9, les fonctions qui me sont confi\u00e9es \u00bb<\/em>. C\u2019est en ce terme que, Placide Lusamba M\u2019bombola nouveau Procureur G\u00e9n\u00e9ral pr\u00e8s la Cour d\u2019Appel de Kinshasa\/Gombe a renouvel\u00e9 son serment ce samedi 09 septembre au Cour d\u2019une audience publique et solennelle&nbsp; organis\u00e9e \u00e0 la Cour d\u2019Appel de Kinshasa\/Gombe pour la cause.<\/h4>\n\n\n\n<p>Placide Lusamba M\u2019bombola a avant tout, rendus des hommages les plus d\u00e9f\u00e9rents au Pr\u00e9sident de la R\u00e9publique pour avoir port\u00e9 son choix sur sa modeste personne. Des hommages ont \u00e9galement \u00e9t\u00e9 rendus au Pr\u00e9sident du Conseil Sup\u00e9rieur de la Magistrature et tous les membres du bureau, <em>\u00ab&nbsp;pour les efforts et sacrifices consentis au quotidien dans la gestion de ce corps public&nbsp;\u00bb<\/em>.<\/p>\n\n\n\n<p>Comme le veut la loi, le magistrat qui entre en fonction, est appel\u00e9 \u00e0 d\u00e9velopper un sujet de droit. Cet officier du minist\u00e8re public a abord\u00e9 la question relative \u00e0 <strong><em>\u00ab&nbsp;La proc\u00e9dure p\u00e9nale de flagrance&nbsp;\u00bb<\/em><\/strong><em>.<\/em><\/p>\n\n\n\n<p>Un sujet qui a sa raison d\u2019\u00eatre car, estime-t-il <em>\u00ab&nbsp;Les atermoiements et la lenteur constat\u00e9e \u00e7\u00e0 et l\u00e0, dans&nbsp; le chef des magistrats du parquet sous la surveillance et la direction desquels, \u0153uvrent les officiers de police judiciaire, remettent de nouveau sur la table, le m\u00eame souci qui avait anim\u00e9 le l\u00e9gislateur en 1972&nbsp;\u00bb<\/em>.<\/p>\n\n\n\n<p><em>\u00ab&nbsp;Le laps de temps qui s\u2019\u00e9croulait entre le moment de la commission de l\u2019infraction et de celui de prise de la sanction \u00e9tait jug\u00e9 souvent trop long pour ne&nbsp; pas impacter malgr\u00e9 l\u2019attention des citoyens. La flagrance a donc pour but, de r\u00e9tablir dans les citoyens, la confiance en la justice ainsi que le sentiment de la crainte du ch\u00e2timent&nbsp;\u00bb<\/em>, a rench\u00e9rit Placide Lusamba qui estime <em>\u00ab&nbsp;urgent et n\u00e9cessaire&nbsp;\u00bb<\/em> de recourir \u00e0 cette proc\u00e9dure p\u00e9nale pour contrer de mani\u00e8re <em>\u00ab&nbsp;forte et l\u00e9gale&nbsp;\u00bb<\/em> la d\u00e9fiance de la loi p\u00e9nale en R\u00e9publique D\u00e9mocratique du Congo.<\/p>\n\n\n\n<p>Comme garant de la loi, le nouveau Chef d\u2019office du ressort de la Cour d\u2019Appel de Kinshasa\/Gombe a de ce fait, promis de prendre l\u2019engagement de tout <em>\u00ab&nbsp;mettre en \u0153uvre afin de ranger la politique d\u2019oppression\u2026 pour faire de la R\u00e9publique D\u00e9mocratique du Congo, un Etat v\u00e9ritablement de Droit&nbsp;\u00bb <\/em>car pour lui, la justice est, au-del\u00e0 son aspect organique, <em>\u00ab&nbsp;une valeur fondamentale de la soci\u00e9t\u00e9 et une aspiration profonde \u00e0 tous&nbsp;\u00bb <\/em>dont il faut en assurer la promotion.<\/p>\n\n\n\n<p>Merlin Kamalandua<\/p>\n","protected":false},"excerpt":{"rendered":"<p>R\u00e9daction :+243817406088 \u00ab Je jure de respecter la Constitution et les lois de la R\u00e9publique&#8230;<\/p>\n","protected":false},"author":2,"featured_media":7844,"comment_status":"open","ping_status":"open","sticky":false,"template":"","format":"standard","meta":{"_jetpack_memberships_contains_paid_content":false,"footnotes":""},"categories":[6],"tags":[],"class_list":["post-7842","post","type-post","status-publish","format-standard","has-post-thumbnail","hentry","category-justice"],"yoast_head":"<!-- This site is optimized with the Yoast SEO plugin v27.5 - https:\/\/yoast.com\/product\/yoast-seo-wordpress\/ -->\n<title>Parquet G\u00e9n\u00e9ral pr\u00e8s la Cour d\u2019Appel de Kinshasa\/Gombe\u00a0: Le nouveau Procureur G\u00e9n\u00e9ral Placide Lusamba favorable \u00e0 la proc\u00e9dure de flagrance pour \u2018\u2019r\u00e9tablir dans les citoyens, la confiance en la justice ainsi que le sentiment de la crainte du ch\u00e2timent \u2019\u2019 - Infos Droits Humains<\/title>\n<meta name=\"robots\" content=\"index, follow, max-snippet:-1, max-image-preview:large, max-video-preview:-1\" \/>\n<link rel=\"canonical\" href=\"https:\/\/infos-droitshumains.net\/?p=7842\" \/>\n<meta property=\"og:locale\" content=\"fr_FR\" \/>\n<meta property=\"og:type\" content=\"article\" \/>\n<meta property=\"og:title\" content=\"Parquet G\u00e9n\u00e9ral pr\u00e8s la Cour d\u2019Appel de Kinshasa\/Gombe\u00a0: Le nouveau Procureur G\u00e9n\u00e9ral Placide Lusamba favorable \u00e0 la proc\u00e9dure de flagrance pour \u2018\u2019r\u00e9tablir dans les citoyens, la confiance en la justice ainsi que le sentiment de la crainte du ch\u00e2timent \u2019\u2019 - Infos Droits Humains\" \/>\n<meta property=\"og:description\" content=\"R\u00e9daction :+243817406088 \u00ab Je jure de respecter la Constitution et les lois de la R\u00e9publique...\" \/>\n<meta property=\"og:url\" content=\"https:\/\/infos-droitshumains.net\/?p=7842\" \/>\n<meta property=\"og:site_name\" content=\"Infos Droits Humains\" \/>\n<meta property=\"article:published_time\" content=\"2023-09-10T21:08:05+00:00\" \/>\n<meta property=\"article:modified_time\" content=\"2023-09-10T21:16:23+00:00\" \/>\n<meta property=\"og:image\" content=\"https:\/\/infos-droitshumains.net\/wp-content\/uploads\/2023\/09\/IMG_20230909_123309_82.jpg\" \/>\n\t<meta property=\"og:image:width\" content=\"1040\" \/>\n\t<meta property=\"og:image:height\" content=\"641\" \/>\n\t<meta property=\"og:image:type\" content=\"image\/jpeg\" \/>\n<meta name=\"author\" content=\"Jo\u00ebl Diawa\" \/>\n<meta name=\"twitter:card\" content=\"summary_large_image\" \/>\n<meta name=\"twitter:label1\" content=\"\u00c9crit par\" \/>\n\t<meta name=\"twitter:data1\" content=\"Jo\u00ebl Diawa\" \/>\n\t<meta name=\"twitter:label2\" content=\"Dur\u00e9e de lecture estim\u00e9e\" \/>\n\t<meta name=\"twitter:data2\" content=\"3 minutes\" \/>\n<script type=\"application\/ld+json\" class=\"yoast-schema-graph\">{\"@context\":\"https:\\\/\\\/schema.org\",\"@graph\":[{\"@type\":\"Article\",\"@id\":\"https:\\\/\\\/infos-droitshumains.net\\\/?p=7842#article\",\"isPartOf\":{\"@id\":\"https:\\\/\\\/infos-droitshumains.net\\\/?p=7842\"},\"author\":{\"name\":\"Jo\u00ebl Diawa\",\"@id\":\"https:\\\/\\\/infos-droitshumains.net\\\/#\\\/schema\\\/person\\\/3dc5e921c3302172e0ed4362f96faab7\"},\"headline\":\"Parquet G\u00e9n\u00e9ral pr\u00e8s la Cour d\u2019Appel de Kinshasa\\\/Gombe\u00a0: Le nouveau Procureur G\u00e9n\u00e9ral Placide Lusamba favorable \u00e0 la proc\u00e9dure de flagrance pour \u2018\u2019r\u00e9tablir dans les citoyens, la confiance en la justice ainsi que le sentiment de la crainte du ch\u00e2timent \u2019\u2019\",\"datePublished\":\"2023-09-10T21:08:05+00:00\",\"dateModified\":\"2023-09-10T21:16:23+00:00\",\"mainEntityOfPage\":{\"@id\":\"https:\\\/\\\/infos-droitshumains.net\\\/?p=7842\"},\"wordCount\":511,\"commentCount\":0,\"publisher\":{\"@id\":\"https:\\\/\\\/infos-droitshumains.net\\\/#organization\"},\"image\":{\"@id\":\"https:\\\/\\\/infos-droitshumains.net\\\/?p=7842#primaryimage\"},\"thumbnailUrl\":\"https:\\\/\\\/i0.wp.com\\\/infos-droitshumains.net\\\/wp-content\\\/uploads\\\/2023\\\/09\\\/IMG_20230909_123309_82.jpg?fit=1040%2C641&ssl=1\",\"articleSection\":[\"Justice\"],\"inLanguage\":\"fr-FR\",\"potentialAction\":[{\"@type\":\"CommentAction\",\"name\":\"Comment\",\"target\":[\"https:\\\/\\\/infos-droitshumains.net\\\/?p=7842#respond\"]}]},{\"@type\":\"WebPage\",\"@id\":\"https:\\\/\\\/infos-droitshumains.net\\\/?p=7842\",\"url\":\"https:\\\/\\\/infos-droitshumains.net\\\/?p=7842\",\"name\":\"Parquet G\u00e9n\u00e9ral pr\u00e8s la Cour d\u2019Appel de Kinshasa\\\/Gombe\u00a0: Le nouveau Procureur G\u00e9n\u00e9ral Placide Lusamba favorable \u00e0 la proc\u00e9dure de flagrance pour \u2018\u2019r\u00e9tablir dans les citoyens, la confiance en la justice ainsi que le sentiment de la crainte du ch\u00e2timent \u2019\u2019 - Infos Droits Humains\",\"isPartOf\":{\"@id\":\"https:\\\/\\\/infos-droitshumains.net\\\/#website\"},\"primaryImageOfPage\":{\"@id\":\"https:\\\/\\\/infos-droitshumains.net\\\/?p=7842#primaryimage\"},\"image\":{\"@id\":\"https:\\\/\\\/infos-droitshumains.net\\\/?p=7842#primaryimage\"},\"thumbnailUrl\":\"https:\\\/\\\/i0.wp.com\\\/infos-droitshumains.net\\\/wp-content\\\/uploads\\\/2023\\\/09\\\/IMG_20230909_123309_82.jpg?fit=1040%2C641&ssl=1\",\"datePublished\":\"2023-09-10T21:08:05+00:00\",\"dateModified\":\"2023-09-10T21:16:23+00:00\",\"breadcrumb\":{\"@id\":\"https:\\\/\\\/infos-droitshumains.net\\\/?p=7842#breadcrumb\"},\"inLanguage\":\"fr-FR\",\"potentialAction\":[{\"@type\":\"ReadAction\",\"target\":[\"https:\\\/\\\/infos-droitshumains.net\\\/?p=7842\"]}]},{\"@type\":\"ImageObject\",\"inLanguage\":\"fr-FR\",\"@id\":\"https:\\\/\\\/infos-droitshumains.net\\\/?p=7842#primaryimage\",\"url\":\"https:\\\/\\\/i0.wp.com\\\/infos-droitshumains.net\\\/wp-content\\\/uploads\\\/2023\\\/09\\\/IMG_20230909_123309_82.jpg?fit=1040%2C641&ssl=1\",\"contentUrl\":\"https:\\\/\\\/i0.wp.com\\\/infos-droitshumains.net\\\/wp-content\\\/uploads\\\/2023\\\/09\\\/IMG_20230909_123309_82.jpg?fit=1040%2C641&ssl=1\",\"width\":1040,\"height\":641},{\"@type\":\"BreadcrumbList\",\"@id\":\"https:\\\/\\\/infos-droitshumains.net\\\/?p=7842#breadcrumb\",\"itemListElement\":[{\"@type\":\"ListItem\",\"position\":1,\"name\":\"Accueil\",\"item\":\"https:\\\/\\\/infos-droitshumains.net\\\/\"},{\"@type\":\"ListItem\",\"position\":2,\"name\":\"Parquet G\u00e9n\u00e9ral pr\u00e8s la Cour d\u2019Appel de Kinshasa\\\/Gombe\u00a0: Le nouveau Procureur G\u00e9n\u00e9ral Placide Lusamba favorable \u00e0 la proc\u00e9dure de flagrance pour \u2018\u2019r\u00e9tablir dans les citoyens, la confiance en la justice ainsi que le sentiment de la crainte du ch\u00e2timent \u2019\u2019\"}]},{\"@type\":\"WebSite\",\"@id\":\"https:\\\/\\\/infos-droitshumains.net\\\/#website\",\"url\":\"https:\\\/\\\/infos-droitshumains.net\\\/\",\"name\":\"Infos Droits Humains\",\"description\":\"S&#039;informer est un droit\",\"publisher\":{\"@id\":\"https:\\\/\\\/infos-droitshumains.net\\\/#organization\"},\"potentialAction\":[{\"@type\":\"SearchAction\",\"target\":{\"@type\":\"EntryPoint\",\"urlTemplate\":\"https:\\\/\\\/infos-droitshumains.net\\\/?s={search_term_string}\"},\"query-input\":{\"@type\":\"PropertyValueSpecification\",\"valueRequired\":true,\"valueName\":\"search_term_string\"}}],\"inLanguage\":\"fr-FR\"},{\"@type\":\"Organization\",\"@id\":\"https:\\\/\\\/infos-droitshumains.net\\\/#organization\",\"name\":\"Infos Droits Humains\",\"url\":\"https:\\\/\\\/infos-droitshumains.net\\\/\",\"logo\":{\"@type\":\"ImageObject\",\"inLanguage\":\"fr-FR\",\"@id\":\"https:\\\/\\\/infos-droitshumains.net\\\/#\\\/schema\\\/logo\\\/image\\\/\",\"url\":\"https:\\\/\\\/i0.wp.com\\\/infos-droitshumains.net\\\/wp-content\\\/uploads\\\/2022\\\/05\\\/Logo.png?fit=333%2C129&ssl=1\",\"contentUrl\":\"https:\\\/\\\/i0.wp.com\\\/infos-droitshumains.net\\\/wp-content\\\/uploads\\\/2022\\\/05\\\/Logo.png?fit=333%2C129&ssl=1\",\"width\":333,\"height\":129,\"caption\":\"Infos Droits Humains\"},\"image\":{\"@id\":\"https:\\\/\\\/infos-droitshumains.net\\\/#\\\/schema\\\/logo\\\/image\\\/\"}},{\"@type\":\"Person\",\"@id\":\"https:\\\/\\\/infos-droitshumains.net\\\/#\\\/schema\\\/person\\\/3dc5e921c3302172e0ed4362f96faab7\",\"name\":\"Jo\u00ebl Diawa\",\"image\":{\"@type\":\"ImageObject\",\"inLanguage\":\"fr-FR\",\"@id\":\"https:\\\/\\\/secure.gravatar.com\\\/avatar\\\/729bea6ff4604c624417803c477363be8e3c7186deaa65713313f9b4b820f41c?s=96&d=mm&r=g\",\"url\":\"https:\\\/\\\/secure.gravatar.com\\\/avatar\\\/729bea6ff4604c624417803c477363be8e3c7186deaa65713313f9b4b820f41c?s=96&d=mm&r=g\",\"contentUrl\":\"https:\\\/\\\/secure.gravatar.com\\\/avatar\\\/729bea6ff4604c624417803c477363be8e3c7186deaa65713313f9b4b820f41c?s=96&d=mm&r=g\",\"caption\":\"Jo\u00ebl Diawa\"},\"sameAs\":[\"https:\\\/\\\/www.infos-droitshumains.net\"],\"url\":\"https:\\\/\\\/infos-droitshumains.net\\\/?author=2\"}]}<\/script>\n<!-- \/ Yoast SEO plugin. -->","yoast_head_json":{"title":"Parquet G\u00e9n\u00e9ral pr\u00e8s la Cour d\u2019Appel de Kinshasa\/Gombe\u00a0: Le nouveau Procureur G\u00e9n\u00e9ral Placide Lusamba favorable \u00e0 la proc\u00e9dure de flagrance pour \u2018\u2019r\u00e9tablir dans les citoyens, la confiance en la justice ainsi que le sentiment de la crainte du ch\u00e2timent \u2019\u2019 - Infos Droits Humains","robots":{"index":"index","follow":"follow","max-snippet":"max-snippet:-1","max-image-preview":"max-image-preview:large","max-video-preview":"max-video-preview:-1"},"canonical":"https:\/\/infos-droitshumains.net\/?p=7842","og_locale":"fr_FR","og_type":"article","og_title":"Parquet G\u00e9n\u00e9ral pr\u00e8s la Cour d\u2019Appel de Kinshasa\/Gombe\u00a0: Le nouveau Procureur G\u00e9n\u00e9ral Placide Lusamba favorable \u00e0 la proc\u00e9dure de flagrance pour \u2018\u2019r\u00e9tablir dans les citoyens, la confiance en la justice ainsi que le sentiment de la crainte du ch\u00e2timent \u2019\u2019 - Infos Droits Humains","og_description":"R\u00e9daction :+243817406088 \u00ab Je jure de respecter la Constitution et les lois de la R\u00e9publique...","og_url":"https:\/\/infos-droitshumains.net\/?p=7842","og_site_name":"Infos Droits Humains","article_published_time":"2023-09-10T21:08:05+00:00","article_modified_time":"2023-09-10T21:16:23+00:00","og_image":[{"width":1040,"height":641,"url":"https:\/\/infos-droitshumains.net\/wp-content\/uploads\/2023\/09\/IMG_20230909_123309_82.jpg","type":"image\/jpeg"}],"author":"Jo\u00ebl Diawa","twitter_card":"summary_large_image","twitter_misc":{"\u00c9crit par":"Jo\u00ebl Diawa","Dur\u00e9e de lecture estim\u00e9e":"3 minutes"},"schema":{"@context":"https:\/\/schema.org","@graph":[{"@type":"Article","@id":"https:\/\/infos-droitshumains.net\/?p=7842#article","isPartOf":{"@id":"https:\/\/infos-droitshumains.net\/?p=7842"},"author":{"name":"Jo\u00ebl Diawa","@id":"https:\/\/infos-droitshumains.net\/#\/schema\/person\/3dc5e921c3302172e0ed4362f96faab7"},"headline":"Parquet G\u00e9n\u00e9ral pr\u00e8s la Cour d\u2019Appel de Kinshasa\/Gombe\u00a0: Le nouveau Procureur G\u00e9n\u00e9ral Placide Lusamba favorable \u00e0 la proc\u00e9dure de flagrance pour \u2018\u2019r\u00e9tablir dans les citoyens, la confiance en la justice ainsi que le sentiment de la crainte du ch\u00e2timent \u2019\u2019","datePublished":"2023-09-10T21:08:05+00:00","dateModified":"2023-09-10T21:16:23+00:00","mainEntityOfPage":{"@id":"https:\/\/infos-droitshumains.net\/?p=7842"},"wordCount":511,"commentCount":0,"publisher":{"@id":"https:\/\/infos-droitshumains.net\/#organization"},"image":{"@id":"https:\/\/infos-droitshumains.net\/?p=7842#primaryimage"},"thumbnailUrl":"https:\/\/i0.wp.com\/infos-droitshumains.net\/wp-content\/uploads\/2023\/09\/IMG_20230909_123309_82.jpg?fit=1040%2C641&ssl=1","articleSection":["Justice"],"inLanguage":"fr-FR","potentialAction":[{"@type":"CommentAction","name":"Comment","target":["https:\/\/infos-droitshumains.net\/?p=7842#respond"]}]},{"@type":"WebPage","@id":"https:\/\/infos-droitshumains.net\/?p=7842","url":"https:\/\/infos-droitshumains.net\/?p=7842","name":"Parquet G\u00e9n\u00e9ral pr\u00e8s la Cour d\u2019Appel de Kinshasa\/Gombe\u00a0: Le nouveau Procureur G\u00e9n\u00e9ral Placide Lusamba favorable \u00e0 la proc\u00e9dure de flagrance pour \u2018\u2019r\u00e9tablir dans les citoyens, la confiance en la justice ainsi que le sentiment de la crainte du ch\u00e2timent \u2019\u2019 - Infos Droits Humains","isPartOf":{"@id":"https:\/\/infos-droitshumains.net\/#website"},"primaryImageOfPage":{"@id":"https:\/\/infos-droitshumains.net\/?p=7842#primaryimage"},"image":{"@id":"https:\/\/infos-droitshumains.net\/?p=7842#primaryimage"},"thumbnailUrl":"https:\/\/i0.wp.com\/infos-droitshumains.net\/wp-content\/uploads\/2023\/09\/IMG_20230909_123309_82.jpg?fit=1040%2C641&ssl=1","datePublished":"2023-09-10T21:08:05+00:00","dateModified":"2023-09-10T21:16:23+00:00","breadcrumb":{"@id":"https:\/\/infos-droitshumains.net\/?p=7842#breadcrumb"},"inLanguage":"fr-FR","potentialAction":[{"@type":"ReadAction","target":["https:\/\/infos-droitshumains.net\/?p=7842"]}]},{"@type":"ImageObject","inLanguage":"fr-FR","@id":"https:\/\/infos-droitshumains.net\/?p=7842#primaryimage","url":"https:\/\/i0.wp.com\/infos-droitshumains.net\/wp-content\/uploads\/2023\/09\/IMG_20230909_123309_82.jpg?fit=1040%2C641&ssl=1","contentUrl":"https:\/\/i0.wp.com\/infos-droitshumains.net\/wp-content\/uploads\/2023\/09\/IMG_20230909_123309_82.jpg?fit=1040%2C641&ssl=1","width":1040,"height":641},{"@type":"BreadcrumbList","@id":"https:\/\/infos-droitshumains.net\/?p=7842#breadcrumb","itemListElement":[{"@type":"ListItem","position":1,"name":"Accueil","item":"https:\/\/infos-droitshumains.net\/"},{"@type":"ListItem","position":2,"name":"Parquet G\u00e9n\u00e9ral pr\u00e8s la Cour d\u2019Appel de Kinshasa\/Gombe\u00a0: Le nouveau Procureur G\u00e9n\u00e9ral Placide Lusamba favorable \u00e0 la proc\u00e9dure de flagrance pour \u2018\u2019r\u00e9tablir dans les citoyens, la confiance en la justice ainsi que le sentiment de la crainte du ch\u00e2timent \u2019\u2019"}]},{"@type":"WebSite","@id":"https:\/\/infos-droitshumains.net\/#website","url":"https:\/\/infos-droitshumains.net\/","name":"Infos Droits Humains","description":"S&#039;informer est un droit","publisher":{"@id":"https:\/\/infos-droitshumains.net\/#organization"},"potentialAction":[{"@type":"SearchAction","target":{"@type":"EntryPoint","urlTemplate":"https:\/\/infos-droitshumains.net\/?s={search_term_string}"},"query-input":{"@type":"PropertyValueSpecification","valueRequired":true,"valueName":"search_term_string"}}],"inLanguage":"fr-FR"},{"@type":"Organization","@id":"https:\/\/infos-droitshumains.net\/#organization","name":"Infos Droits Humains","url":"https:\/\/infos-droitshumains.net\/","logo":{"@type":"ImageObject","inLanguage":"fr-FR","@id":"https:\/\/infos-droitshumains.net\/#\/schema\/logo\/image\/","url":"https:\/\/i0.wp.com\/infos-droitshumains.net\/wp-content\/uploads\/2022\/05\/Logo.png?fit=333%2C129&ssl=1","contentUrl":"https:\/\/i0.wp.com\/infos-droitshumains.net\/wp-content\/uploads\/2022\/05\/Logo.png?fit=333%2C129&ssl=1","width":333,"height":129,"caption":"Infos Droits Humains"},"image":{"@id":"https:\/\/infos-droitshumains.net\/#\/schema\/logo\/image\/"}},{"@type":"Person","@id":"https:\/\/infos-droitshumains.net\/#\/schema\/person\/3dc5e921c3302172e0ed4362f96faab7","name":"Jo\u00ebl Diawa","image":{"@type":"ImageObject","inLanguage":"fr-FR","@id":"https:\/\/secure.gravatar.com\/avatar\/729bea6ff4604c624417803c477363be8e3c7186deaa65713313f9b4b820f41c?s=96&d=mm&r=g","url":"https:\/\/secure.gravatar.com\/avatar\/729bea6ff4604c624417803c477363be8e3c7186deaa65713313f9b4b820f41c?s=96&d=mm&r=g","contentUrl":"https:\/\/secure.gravatar.com\/avatar\/729bea6ff4604c624417803c477363be8e3c7186deaa65713313f9b4b820f41c?s=96&d=mm&r=g","caption":"Jo\u00ebl Diawa"},"sameAs":["https:\/\/www.infos-droitshumains.net"],"url":"https:\/\/infos-droitshumains.net\/?author=2"}]}},"featured_image_urls":{"full":["https:\/\/i0.wp.com\/infos-droitshumains.net\/wp-content\/uploads\/2023\/09\/IMG_20230909_123309_82.jpg?fit=1040%2C641&ssl=1",1040,641,false],"thumbnail":["https:\/\/i0.wp.com\/infos-droitshumains.net\/wp-content\/uploads\/2023\/09\/IMG_20230909_123309_82.jpg?resize=150%2C150&ssl=1",150,150,true],"medium":["https:\/\/i0.wp.com\/infos-droitshumains.net\/wp-content\/uploads\/2023\/09\/IMG_20230909_123309_82.jpg?fit=300%2C185&ssl=1",300,185,true],"medium_large":["https:\/\/i0.wp.com\/infos-droitshumains.net\/wp-content\/uploads\/2023\/09\/IMG_20230909_123309_82.jpg?fit=640%2C394&ssl=1",640,394,true],"large":["https:\/\/i0.wp.com\/infos-droitshumains.net\/wp-content\/uploads\/2023\/09\/IMG_20230909_123309_82.jpg?fit=640%2C394&ssl=1",640,394,true],"1536x1536":["https:\/\/i0.wp.com\/infos-droitshumains.net\/wp-content\/uploads\/2023\/09\/IMG_20230909_123309_82.jpg?fit=1040%2C641&ssl=1",1040,641,true],"2048x2048":["https:\/\/i0.wp.com\/infos-droitshumains.net\/wp-content\/uploads\/2023\/09\/IMG_20230909_123309_82.jpg?fit=1040%2C641&ssl=1",1040,641,true],"covernews-slider-full":["https:\/\/i0.wp.com\/infos-droitshumains.net\/wp-content\/uploads\/2023\/09\/IMG_20230909_123309_82.jpg?resize=1040%2C641&ssl=1",1040,641,true],"covernews-slider-center":["https:\/\/i0.wp.com\/infos-droitshumains.net\/wp-content\/uploads\/2023\/09\/IMG_20230909_123309_82.jpg?resize=800%2C500&ssl=1",800,500,true],"covernews-featured":["https:\/\/i0.wp.com\/infos-droitshumains.net\/wp-content\/uploads\/2023\/09\/IMG_20230909_123309_82.jpg?fit=1024%2C631&ssl=1",1024,631,true],"covernews-medium":["https:\/\/i0.wp.com\/infos-droitshumains.net\/wp-content\/uploads\/2023\/09\/IMG_20230909_123309_82.jpg?resize=540%2C340&ssl=1",540,340,true],"covernews-medium-square":["https:\/\/i0.wp.com\/infos-droitshumains.net\/wp-content\/uploads\/2023\/09\/IMG_20230909_123309_82.jpg?resize=400%2C250&ssl=1",400,250,true]},"author_info":{"display_name":"Jo\u00ebl Diawa","author_link":"https:\/\/infos-droitshumains.net\/?author=2"},"category_info":"<a href=\"https:\/\/infos-droitshumains.net\/?cat=6\" rel=\"category\">Justice<\/a>","tag_info":"Justice","comment_count":"0","jetpack_featured_media_url":"https:\/\/i0.wp.com\/infos-droitshumains.net\/wp-content\/uploads\/2023\/09\/IMG_20230909_123309_82.jpg?fit=1040%2C641&ssl=1","jetpack-related-posts":[],"jetpack_sharing_enabled":true,"_links":{"self":[{"href":"https:\/\/infos-droitshumains.net\/index.php?rest_route=\/wp\/v2\/posts\/7842","targetHints":{"allow":["GET"]}}],"collection":[{"href":"https:\/\/infos-droitshumains.net\/index.php?rest_route=\/wp\/v2\/posts"}],"about":[{"href":"https:\/\/infos-droitshumains.net\/index.php?rest_route=\/wp\/v2\/types\/post"}],"author":[{"embeddable":true,"href":"https:\/\/infos-droitshumains.net\/index.php?rest_route=\/wp\/v2\/users\/2"}],"replies":[{"embeddable":true,"href":"https:\/\/infos-droitshumains.net\/index.php?rest_route=%2Fwp%2Fv2%2Fcomments&post=7842"}],"version-history":[{"count":2,"href":"https:\/\/infos-droitshumains.net\/index.php?rest_route=\/wp\/v2\/posts\/7842\/revisions"}],"predecessor-version":[{"id":7845,"href":"https:\/\/infos-droitshumains.net\/index.php?rest_route=\/wp\/v2\/posts\/7842\/revisions\/7845"}],"wp:featuredmedia":[{"embeddable":true,"href":"https:\/\/infos-droitshumains.net\/index.php?rest_route=\/wp\/v2\/media\/7844"}],"wp:attachment":[{"href":"https:\/\/infos-droitshumains.net\/index.php?rest_route=%2Fwp%2Fv2%2Fmedia&parent=7842"}],"wp:term":[{"taxonomy":"category","embeddable":true,"href":"https:\/\/infos-droitshumains.net\/index.php?rest_route=%2Fwp%2Fv2%2Fcategories&post=7842"},{"taxonomy":"post_tag","embeddable":true,"href":"https:\/\/infos-droitshumains.net\/index.php?rest_route=%2Fwp%2Fv2%2Ftags&post=7842"}],"curies":[{"name":"wp","href":"https:\/\/api.w.org\/{rel}","templated":true}]}}