{"id":782,"date":"2021-09-16T00:35:28","date_gmt":"2021-09-15T22:35:28","guid":{"rendered":"https:\/\/infos-droitshumains.net\/?p=782"},"modified":"2023-04-06T12:11:44","modified_gmt":"2023-04-06T10:11:44","slug":"assemblee-nationale-christophe-mboso-devoile-lagenda-prioritaire-de-la-session-de-septembre-2021","status":"publish","type":"post","link":"https:\/\/infos-droitshumains.net\/?p=782","title":{"rendered":"Assembl\u00e9e Nationale : Christophe Mboso d\u00e9voile l\u2019agenda prioritaire de la session de septembre 2021"},"content":{"rendered":"\n<p><strong>R\u00e9daction :+243817406088<\/strong><\/p>\n\n\n\n<p>Ouverture ce mercredi 15 septembre de la session ordinaire de septembre \u00e0 l&rsquo;Assembl\u00e9e Nationale conform\u00e9ment aux prescrits de l\u2019article 115, alin\u00e9a 1, pont 2 de la Constitution et de l\u2019article 104, alin\u00e9a 1, point 2 du R\u00e8glement Int\u00e9rieur de l\u2019Assembl\u00e9e nationale. Une session essentiellement budg\u00e9taire mais qui va \u00e9galement donner une attention particuli\u00e8re \u00e0 plusieurs questions politiques s\u00e9curitaires et sociales. Outre cette c\u00e9r\u00e9monie d&rsquo;ouverture, il \u00e9tait aussi question de cl\u00f4turer la cl\u00f4ture la session de mars retard\u00e9e conform\u00e9ment aux dispositions de l\u2019article 144 de la Constitution de la R\u00e9publique, du fait de la d\u00e9claration de l\u2019\u00e9tat de si\u00e8ge sur une partie du territoire national.<\/p>\n\n\n\n<p><strong><em>L&rsquo;ent\u00e9rinement des membres de la Ceni \u00e0 l&rsquo;ordre du jour.<\/em><\/strong><\/p>\n\n\n\n<p>Cette session s&rsquo;ouvre dans un contexte caract\u00e9ris\u00e9 par le processus de d\u00e9signation des animateurs de la Commission \u00c9lectorale Nationale Ind\u00e9pendante, CENI, qui reste au point mort du fait de manque de consensus entre les confessions religieuses sens\u00e9es designer le pr\u00e9sident de cette institution d&rsquo;appui \u00e0 la d\u00e9mocratie. L&rsquo;ent\u00e9rinement imm\u00e9diat de ces animateurs  par l\u2019Assembl\u00e9e nationale ainsi que la poursuite des r\u00e9formes dans ce domaine pr\u00e9occupent au plus haut point Christophe Mboso :<\/p>\n\n\n\n<p><em>\u00ab\u00a0Ala cl\u00f4ture de la session de septembre, la nation sera plus proche de la tenue de nouvelles \u00e9lections. D\u2019o\u00f9 l\u2019urgence de parachever au plus vite le processus d\u2019ent\u00e9rinement des membres de la CENI\u00a0\u00bb<\/em> a-t-il annonc\u00e9.<\/p>\n\n\n\n<figure class=\"wp-block-image alignfull size-large\"><img data-recalc-dims=\"1\" height=\"427\" width=\"640\" decoding=\"async\" src=\"https:\/\/i0.wp.com\/infos-droitshumains.net\/wp-content\/uploads\/2021\/09\/IMG-20210915-WA0039-1024x683.jpg?resize=640%2C427&#038;ssl=1\" alt=\"\" class=\"wp-image-785\" \/><\/figure>\n\n\n\n<p><strong><em>La s\u00e9curit\u00e9 et la sant\u00e9 pr\u00e9occupent \u00e9galement<\/em><\/strong><\/p>\n\n\n\n<p>Sur le plan s\u00e9curitaire, Christophe Mboso a not\u00e9 que l\u2019Est de la R\u00e9publique baigne dans la violence aveugle et inacceptable des groupes arm\u00e9s nationaux et \u00e9trangers depuis plus deux d\u00e9cennies. Sur le plan sanitaire, il a not\u00e9 que le monde est toujours sous l\u2019emprise de la pand\u00e9mie \u00e0 Covid-19 et la RDC n\u2019a pas \u00e9t\u00e9 \u00e9pargn\u00e9 par les effets pervers de cette pand\u00e9mie tant sur le plan social, \u00e9conomique et financier.<\/p>\n\n\n\n<p>\u00c0 cet effet, l\u2019Assembl\u00e9e Nationale exhorte le peuple \u00e0 continuer \u00e0 observer les gestes barri\u00e8res pour assurer sa propre protection et contenir la propagation de la maladie, au gouvernement, avec l\u2019appui de ses partenaires \u00e0 poursuivre la campagne de vaccination contre la Covid-19.Session essentiellement Budg\u00e9taire.<\/p>\n\n\n\n<figure class=\"wp-block-image alignfull size-large\"><img data-recalc-dims=\"1\" height=\"427\" width=\"640\" decoding=\"async\" src=\"https:\/\/i0.wp.com\/infos-droitshumains.net\/wp-content\/uploads\/2021\/09\/IMG-20210915-WA0041-1024x683.jpg?resize=640%2C427&#038;ssl=1\" alt=\"\" class=\"wp-image-783\" \/><\/figure>\n\n\n\n<p><strong><em>La tradition \u00e0 respecter<\/em><\/strong><\/p>\n\n\n\n<p>Au-del\u00e0 de ce survol, le speeker de la chambre basse du parlement a rappel\u00e9 que la session de septembre est essentiellement budg\u00e9taire:<\/p>\n\n\n\n<p>\u00ab\u00a0<em>La priorit\u00e9 sera accord\u00e9e \u00e0 l\u2019examen et vote du projet de loi de finances de l\u2019exercice 2022. N\u00e9anmoins, cet examen et vote de l\u2019examen du projet de loi de finances sera subordonn\u00e9 par le vote pr\u00e9alable de la loi portant reddition des comptes pour l\u2019exercice clos\u00a0\u00bb.<\/em><\/p>\n\n\n\n<p>Mboso s\u2019est f\u00e9licit\u00e9 du fait que l\u2019examen du projet de loi de finances de l\u2019exercice 2022 va intervenir dans un contexte de stabilit\u00e9 des principaux indicateurs du cadre macro\u00e9conomique tel que d\u00e9crit en ao\u00fbt 2021 par le Comit\u00e9 politique mon\u00e9taire de la BCC.<\/p>\n\n\n\n<figure class=\"wp-block-image alignfull size-large\"><img data-recalc-dims=\"1\" height=\"427\" width=\"640\" decoding=\"async\" src=\"https:\/\/i0.wp.com\/infos-droitshumains.net\/wp-content\/uploads\/2021\/09\/IMG-20210915-WA0035-1024x683.jpg?resize=640%2C427&#038;ssl=1\" alt=\"\" class=\"wp-image-784\" \/><\/figure>\n\n\n\n<p>L&rsquo;Assembl\u00e9e nationale a pour se faire, exhort\u00e9 le gouvernement \u00e0 pr\u00e9voir dans le projet de loi de finances de l\u2019exercice 2022 des ressources suffisantes pour le financement des projets \u00e0 impact rapide sur la production interne des denr\u00e9es alimentaires de consommation courante et leur acheminement vers les centres de consommation afin d\u2019\u00e9conomiser les devises affect\u00e9es \u00e0 l\u2019importation de ces denr\u00e9es alimentaires.<\/p>\n\n\n\n<p>S\u2019agissant de la gestion du secteur des ressources naturelles, Mboso rel\u00e8ve une situation d\u00e9sastreuse dans le domaine des ressources mini\u00e8res, o\u00f9 il identifie une situation qui frise la fraude. La repr\u00e9sentation nationale appelle  le gouvernement quant \u00e0 ce, \u00e0 r\u00e9gulariser le statut des titres miniers et l\u2019encourage \u00e0 d\u00e9choir ou \u00e0 retirer, dans le respect du code minier, le droit minier aux exploitants v\u00e9reux, afin de permettre aux nouveaux investisseurs d\u2019occuper le m\u00eame titre et \u00e0 augmenter d\u2019ardeur pour la v\u00e9rification des preuves de paiement des imp\u00f4ts, droits, taxes et redevances pour chaque permis minier.<\/p>\n\n\n\n<p>A cet effet, l\u2019Assembl\u00e9e nationale entend mettre sur pied une commission d\u2019enqu\u00eate charg\u00e9e d\u2019auditer le CAMI et d\u2019\u00e9valuer sur le terrain les dates d\u2019acquisition et d\u2019expiration des titres miniers ainsi que les droits revenant \u00e0 l\u2019Etat pour augmenter les recettes du pays ainsi inscrire la gestion de ces ressources dans une perspective de d\u00e9veloppement durable au profit des g\u00e9n\u00e9rations pr\u00e9sentes et futures.<\/p>\n\n\n\n<p>Au chapitre du contr\u00f4le parlementaire, Christophe Mboso annonce la fin du d\u00e9lai de gr\u00e2ce dont a b\u00e9n\u00e9fici\u00e9 le gouvernement.<\/p>\n","protected":false},"excerpt":{"rendered":"<p>R\u00e9daction :+243817406088 Ouverture ce mercredi 15 septembre de la session ordinaire de septembre \u00e0 l&rsquo;Assembl\u00e9e&#8230;<\/p>\n","protected":false},"author":2,"featured_media":0,"comment_status":"closed","ping_status":"open","sticky":false,"template":"","format":"standard","meta":{"_jetpack_memberships_contains_paid_content":false,"footnotes":""},"categories":[1],"tags":[],"class_list":["post-782","post","type-post","status-publish","format-standard","hentry","category-non-classe"],"yoast_head":"<!-- This site is optimized with the Yoast SEO plugin v27.5 - https:\/\/yoast.com\/product\/yoast-seo-wordpress\/ -->\n<title>Assembl\u00e9e Nationale : Christophe Mboso d\u00e9voile l\u2019agenda prioritaire de la session de septembre 2021 - Infos Droits Humains<\/title>\n<meta name=\"robots\" content=\"index, follow, max-snippet:-1, max-image-preview:large, max-video-preview:-1\" \/>\n<link rel=\"canonical\" href=\"https:\/\/infos-droitshumains.net\/?p=782\" \/>\n<meta property=\"og:locale\" content=\"fr_FR\" \/>\n<meta property=\"og:type\" content=\"article\" \/>\n<meta property=\"og:title\" content=\"Assembl\u00e9e Nationale : Christophe Mboso d\u00e9voile l\u2019agenda prioritaire de la session de septembre 2021 - Infos Droits Humains\" \/>\n<meta property=\"og:description\" content=\"R\u00e9daction :+243817406088 Ouverture ce mercredi 15 septembre de la session ordinaire de septembre \u00e0 l&rsquo;Assembl\u00e9e...\" \/>\n<meta property=\"og:url\" content=\"https:\/\/infos-droitshumains.net\/?p=782\" \/>\n<meta property=\"og:site_name\" content=\"Infos Droits Humains\" \/>\n<meta property=\"article:published_time\" content=\"2021-09-15T22:35:28+00:00\" \/>\n<meta property=\"article:modified_time\" content=\"2023-04-06T10:11:44+00:00\" \/>\n<meta property=\"og:image\" content=\"https:\/\/infos-droitshumains.net\/wp-content\/uploads\/2021\/09\/IMG-20210915-WA0039-1024x683.jpg\" \/>\n<meta name=\"author\" content=\"Jo\u00ebl Diawa\" \/>\n<meta name=\"twitter:card\" content=\"summary_large_image\" \/>\n<meta name=\"twitter:label1\" content=\"\u00c9crit par\" \/>\n\t<meta name=\"twitter:data1\" content=\"Jo\u00ebl Diawa\" \/>\n\t<meta name=\"twitter:label2\" content=\"Dur\u00e9e de lecture estim\u00e9e\" \/>\n\t<meta name=\"twitter:data2\" content=\"4 minutes\" \/>\n<script type=\"application\/ld+json\" class=\"yoast-schema-graph\">{\"@context\":\"https:\\\/\\\/schema.org\",\"@graph\":[{\"@type\":\"Article\",\"@id\":\"https:\\\/\\\/infos-droitshumains.net\\\/?p=782#article\",\"isPartOf\":{\"@id\":\"https:\\\/\\\/infos-droitshumains.net\\\/?p=782\"},\"author\":{\"name\":\"Jo\u00ebl Diawa\",\"@id\":\"https:\\\/\\\/infos-droitshumains.net\\\/#\\\/schema\\\/person\\\/3dc5e921c3302172e0ed4362f96faab7\"},\"headline\":\"Assembl\u00e9e Nationale : Christophe Mboso d\u00e9voile l\u2019agenda prioritaire de la session de septembre 2021\",\"datePublished\":\"2021-09-15T22:35:28+00:00\",\"dateModified\":\"2023-04-06T10:11:44+00:00\",\"mainEntityOfPage\":{\"@id\":\"https:\\\/\\\/infos-droitshumains.net\\\/?p=782\"},\"wordCount\":796,\"publisher\":{\"@id\":\"https:\\\/\\\/infos-droitshumains.net\\\/#organization\"},\"image\":{\"@id\":\"https:\\\/\\\/infos-droitshumains.net\\\/?p=782#primaryimage\"},\"thumbnailUrl\":\"https:\\\/\\\/infos-droitshumains.net\\\/wp-content\\\/uploads\\\/2021\\\/09\\\/IMG-20210915-WA0039-1024x683.jpg\",\"inLanguage\":\"fr-FR\"},{\"@type\":\"WebPage\",\"@id\":\"https:\\\/\\\/infos-droitshumains.net\\\/?p=782\",\"url\":\"https:\\\/\\\/infos-droitshumains.net\\\/?p=782\",\"name\":\"Assembl\u00e9e Nationale : Christophe Mboso d\u00e9voile l\u2019agenda prioritaire de la session de septembre 2021 - Infos Droits Humains\",\"isPartOf\":{\"@id\":\"https:\\\/\\\/infos-droitshumains.net\\\/#website\"},\"primaryImageOfPage\":{\"@id\":\"https:\\\/\\\/infos-droitshumains.net\\\/?p=782#primaryimage\"},\"image\":{\"@id\":\"https:\\\/\\\/infos-droitshumains.net\\\/?p=782#primaryimage\"},\"thumbnailUrl\":\"https:\\\/\\\/infos-droitshumains.net\\\/wp-content\\\/uploads\\\/2021\\\/09\\\/IMG-20210915-WA0039-1024x683.jpg\",\"datePublished\":\"2021-09-15T22:35:28+00:00\",\"dateModified\":\"2023-04-06T10:11:44+00:00\",\"breadcrumb\":{\"@id\":\"https:\\\/\\\/infos-droitshumains.net\\\/?p=782#breadcrumb\"},\"inLanguage\":\"fr-FR\",\"potentialAction\":[{\"@type\":\"ReadAction\",\"target\":[\"https:\\\/\\\/infos-droitshumains.net\\\/?p=782\"]}]},{\"@type\":\"ImageObject\",\"inLanguage\":\"fr-FR\",\"@id\":\"https:\\\/\\\/infos-droitshumains.net\\\/?p=782#primaryimage\",\"url\":\"https:\\\/\\\/infos-droitshumains.net\\\/wp-content\\\/uploads\\\/2021\\\/09\\\/IMG-20210915-WA0039-1024x683.jpg\",\"contentUrl\":\"https:\\\/\\\/infos-droitshumains.net\\\/wp-content\\\/uploads\\\/2021\\\/09\\\/IMG-20210915-WA0039-1024x683.jpg\"},{\"@type\":\"BreadcrumbList\",\"@id\":\"https:\\\/\\\/infos-droitshumains.net\\\/?p=782#breadcrumb\",\"itemListElement\":[{\"@type\":\"ListItem\",\"position\":1,\"name\":\"Accueil\",\"item\":\"https:\\\/\\\/infos-droitshumains.net\\\/\"},{\"@type\":\"ListItem\",\"position\":2,\"name\":\"Assembl\u00e9e Nationale : Christophe Mboso d\u00e9voile l\u2019agenda prioritaire de la session de septembre 2021\"}]},{\"@type\":\"WebSite\",\"@id\":\"https:\\\/\\\/infos-droitshumains.net\\\/#website\",\"url\":\"https:\\\/\\\/infos-droitshumains.net\\\/\",\"name\":\"Infos Droits Humains\",\"description\":\"S&#039;informer est un droit\",\"publisher\":{\"@id\":\"https:\\\/\\\/infos-droitshumains.net\\\/#organization\"},\"potentialAction\":[{\"@type\":\"SearchAction\",\"target\":{\"@type\":\"EntryPoint\",\"urlTemplate\":\"https:\\\/\\\/infos-droitshumains.net\\\/?s={search_term_string}\"},\"query-input\":{\"@type\":\"PropertyValueSpecification\",\"valueRequired\":true,\"valueName\":\"search_term_string\"}}],\"inLanguage\":\"fr-FR\"},{\"@type\":\"Organization\",\"@id\":\"https:\\\/\\\/infos-droitshumains.net\\\/#organization\",\"name\":\"Infos Droits Humains\",\"url\":\"https:\\\/\\\/infos-droitshumains.net\\\/\",\"logo\":{\"@type\":\"ImageObject\",\"inLanguage\":\"fr-FR\",\"@id\":\"https:\\\/\\\/infos-droitshumains.net\\\/#\\\/schema\\\/logo\\\/image\\\/\",\"url\":\"https:\\\/\\\/i0.wp.com\\\/infos-droitshumains.net\\\/wp-content\\\/uploads\\\/2022\\\/05\\\/Logo.png?fit=333%2C129&ssl=1\",\"contentUrl\":\"https:\\\/\\\/i0.wp.com\\\/infos-droitshumains.net\\\/wp-content\\\/uploads\\\/2022\\\/05\\\/Logo.png?fit=333%2C129&ssl=1\",\"width\":333,\"height\":129,\"caption\":\"Infos Droits Humains\"},\"image\":{\"@id\":\"https:\\\/\\\/infos-droitshumains.net\\\/#\\\/schema\\\/logo\\\/image\\\/\"}},{\"@type\":\"Person\",\"@id\":\"https:\\\/\\\/infos-droitshumains.net\\\/#\\\/schema\\\/person\\\/3dc5e921c3302172e0ed4362f96faab7\",\"name\":\"Jo\u00ebl Diawa\",\"image\":{\"@type\":\"ImageObject\",\"inLanguage\":\"fr-FR\",\"@id\":\"https:\\\/\\\/secure.gravatar.com\\\/avatar\\\/729bea6ff4604c624417803c477363be8e3c7186deaa65713313f9b4b820f41c?s=96&d=mm&r=g\",\"url\":\"https:\\\/\\\/secure.gravatar.com\\\/avatar\\\/729bea6ff4604c624417803c477363be8e3c7186deaa65713313f9b4b820f41c?s=96&d=mm&r=g\",\"contentUrl\":\"https:\\\/\\\/secure.gravatar.com\\\/avatar\\\/729bea6ff4604c624417803c477363be8e3c7186deaa65713313f9b4b820f41c?s=96&d=mm&r=g\",\"caption\":\"Jo\u00ebl Diawa\"},\"sameAs\":[\"https:\\\/\\\/www.infos-droitshumains.net\"],\"url\":\"https:\\\/\\\/infos-droitshumains.net\\\/?author=2\"}]}<\/script>\n<!-- \/ Yoast SEO plugin. -->","yoast_head_json":{"title":"Assembl\u00e9e Nationale : Christophe Mboso d\u00e9voile l\u2019agenda prioritaire de la session de septembre 2021 - Infos Droits Humains","robots":{"index":"index","follow":"follow","max-snippet":"max-snippet:-1","max-image-preview":"max-image-preview:large","max-video-preview":"max-video-preview:-1"},"canonical":"https:\/\/infos-droitshumains.net\/?p=782","og_locale":"fr_FR","og_type":"article","og_title":"Assembl\u00e9e Nationale : Christophe Mboso d\u00e9voile l\u2019agenda prioritaire de la session de septembre 2021 - Infos Droits Humains","og_description":"R\u00e9daction :+243817406088 Ouverture ce mercredi 15 septembre de la session ordinaire de septembre \u00e0 l&rsquo;Assembl\u00e9e...","og_url":"https:\/\/infos-droitshumains.net\/?p=782","og_site_name":"Infos Droits Humains","article_published_time":"2021-09-15T22:35:28+00:00","article_modified_time":"2023-04-06T10:11:44+00:00","og_image":[{"url":"https:\/\/infos-droitshumains.net\/wp-content\/uploads\/2021\/09\/IMG-20210915-WA0039-1024x683.jpg","type":"","width":"","height":""}],"author":"Jo\u00ebl Diawa","twitter_card":"summary_large_image","twitter_misc":{"\u00c9crit par":"Jo\u00ebl Diawa","Dur\u00e9e de lecture estim\u00e9e":"4 minutes"},"schema":{"@context":"https:\/\/schema.org","@graph":[{"@type":"Article","@id":"https:\/\/infos-droitshumains.net\/?p=782#article","isPartOf":{"@id":"https:\/\/infos-droitshumains.net\/?p=782"},"author":{"name":"Jo\u00ebl Diawa","@id":"https:\/\/infos-droitshumains.net\/#\/schema\/person\/3dc5e921c3302172e0ed4362f96faab7"},"headline":"Assembl\u00e9e Nationale : Christophe Mboso d\u00e9voile l\u2019agenda prioritaire de la session de septembre 2021","datePublished":"2021-09-15T22:35:28+00:00","dateModified":"2023-04-06T10:11:44+00:00","mainEntityOfPage":{"@id":"https:\/\/infos-droitshumains.net\/?p=782"},"wordCount":796,"publisher":{"@id":"https:\/\/infos-droitshumains.net\/#organization"},"image":{"@id":"https:\/\/infos-droitshumains.net\/?p=782#primaryimage"},"thumbnailUrl":"https:\/\/infos-droitshumains.net\/wp-content\/uploads\/2021\/09\/IMG-20210915-WA0039-1024x683.jpg","inLanguage":"fr-FR"},{"@type":"WebPage","@id":"https:\/\/infos-droitshumains.net\/?p=782","url":"https:\/\/infos-droitshumains.net\/?p=782","name":"Assembl\u00e9e Nationale : Christophe Mboso d\u00e9voile l\u2019agenda prioritaire de la session de septembre 2021 - Infos Droits Humains","isPartOf":{"@id":"https:\/\/infos-droitshumains.net\/#website"},"primaryImageOfPage":{"@id":"https:\/\/infos-droitshumains.net\/?p=782#primaryimage"},"image":{"@id":"https:\/\/infos-droitshumains.net\/?p=782#primaryimage"},"thumbnailUrl":"https:\/\/infos-droitshumains.net\/wp-content\/uploads\/2021\/09\/IMG-20210915-WA0039-1024x683.jpg","datePublished":"2021-09-15T22:35:28+00:00","dateModified":"2023-04-06T10:11:44+00:00","breadcrumb":{"@id":"https:\/\/infos-droitshumains.net\/?p=782#breadcrumb"},"inLanguage":"fr-FR","potentialAction":[{"@type":"ReadAction","target":["https:\/\/infos-droitshumains.net\/?p=782"]}]},{"@type":"ImageObject","inLanguage":"fr-FR","@id":"https:\/\/infos-droitshumains.net\/?p=782#primaryimage","url":"https:\/\/infos-droitshumains.net\/wp-content\/uploads\/2021\/09\/IMG-20210915-WA0039-1024x683.jpg","contentUrl":"https:\/\/infos-droitshumains.net\/wp-content\/uploads\/2021\/09\/IMG-20210915-WA0039-1024x683.jpg"},{"@type":"BreadcrumbList","@id":"https:\/\/infos-droitshumains.net\/?p=782#breadcrumb","itemListElement":[{"@type":"ListItem","position":1,"name":"Accueil","item":"https:\/\/infos-droitshumains.net\/"},{"@type":"ListItem","position":2,"name":"Assembl\u00e9e Nationale : Christophe Mboso d\u00e9voile l\u2019agenda prioritaire de la session de septembre 2021"}]},{"@type":"WebSite","@id":"https:\/\/infos-droitshumains.net\/#website","url":"https:\/\/infos-droitshumains.net\/","name":"Infos Droits Humains","description":"S&#039;informer est un droit","publisher":{"@id":"https:\/\/infos-droitshumains.net\/#organization"},"potentialAction":[{"@type":"SearchAction","target":{"@type":"EntryPoint","urlTemplate":"https:\/\/infos-droitshumains.net\/?s={search_term_string}"},"query-input":{"@type":"PropertyValueSpecification","valueRequired":true,"valueName":"search_term_string"}}],"inLanguage":"fr-FR"},{"@type":"Organization","@id":"https:\/\/infos-droitshumains.net\/#organization","name":"Infos Droits Humains","url":"https:\/\/infos-droitshumains.net\/","logo":{"@type":"ImageObject","inLanguage":"fr-FR","@id":"https:\/\/infos-droitshumains.net\/#\/schema\/logo\/image\/","url":"https:\/\/i0.wp.com\/infos-droitshumains.net\/wp-content\/uploads\/2022\/05\/Logo.png?fit=333%2C129&ssl=1","contentUrl":"https:\/\/i0.wp.com\/infos-droitshumains.net\/wp-content\/uploads\/2022\/05\/Logo.png?fit=333%2C129&ssl=1","width":333,"height":129,"caption":"Infos Droits Humains"},"image":{"@id":"https:\/\/infos-droitshumains.net\/#\/schema\/logo\/image\/"}},{"@type":"Person","@id":"https:\/\/infos-droitshumains.net\/#\/schema\/person\/3dc5e921c3302172e0ed4362f96faab7","name":"Jo\u00ebl Diawa","image":{"@type":"ImageObject","inLanguage":"fr-FR","@id":"https:\/\/secure.gravatar.com\/avatar\/729bea6ff4604c624417803c477363be8e3c7186deaa65713313f9b4b820f41c?s=96&d=mm&r=g","url":"https:\/\/secure.gravatar.com\/avatar\/729bea6ff4604c624417803c477363be8e3c7186deaa65713313f9b4b820f41c?s=96&d=mm&r=g","contentUrl":"https:\/\/secure.gravatar.com\/avatar\/729bea6ff4604c624417803c477363be8e3c7186deaa65713313f9b4b820f41c?s=96&d=mm&r=g","caption":"Jo\u00ebl Diawa"},"sameAs":["https:\/\/www.infos-droitshumains.net"],"url":"https:\/\/infos-droitshumains.net\/?author=2"}]}},"featured_image_urls":{"full":"","thumbnail":"","medium":"","medium_large":"","large":"","1536x1536":"","2048x2048":"","covernews-slider-full":"","covernews-slider-center":"","covernews-featured":"","covernews-medium":"","covernews-medium-square":""},"author_info":{"display_name":"Jo\u00ebl Diawa","author_link":"https:\/\/infos-droitshumains.net\/?author=2"},"category_info":"<a href=\"https:\/\/infos-droitshumains.net\/?cat=1\" rel=\"category\">Non class\u00e9<\/a>","tag_info":"Non class\u00e9","comment_count":"0","jetpack_featured_media_url":"","jetpack-related-posts":[],"jetpack_sharing_enabled":true,"_links":{"self":[{"href":"https:\/\/infos-droitshumains.net\/index.php?rest_route=\/wp\/v2\/posts\/782","targetHints":{"allow":["GET"]}}],"collection":[{"href":"https:\/\/infos-droitshumains.net\/index.php?rest_route=\/wp\/v2\/posts"}],"about":[{"href":"https:\/\/infos-droitshumains.net\/index.php?rest_route=\/wp\/v2\/types\/post"}],"author":[{"embeddable":true,"href":"https:\/\/infos-droitshumains.net\/index.php?rest_route=\/wp\/v2\/users\/2"}],"replies":[{"embeddable":true,"href":"https:\/\/infos-droitshumains.net\/index.php?rest_route=%2Fwp%2Fv2%2Fcomments&post=782"}],"version-history":[{"count":1,"href":"https:\/\/infos-droitshumains.net\/index.php?rest_route=\/wp\/v2\/posts\/782\/revisions"}],"predecessor-version":[{"id":787,"href":"https:\/\/infos-droitshumains.net\/index.php?rest_route=\/wp\/v2\/posts\/782\/revisions\/787"}],"wp:attachment":[{"href":"https:\/\/infos-droitshumains.net\/index.php?rest_route=%2Fwp%2Fv2%2Fmedia&parent=782"}],"wp:term":[{"taxonomy":"category","embeddable":true,"href":"https:\/\/infos-droitshumains.net\/index.php?rest_route=%2Fwp%2Fv2%2Fcategories&post=782"},{"taxonomy":"post_tag","embeddable":true,"href":"https:\/\/infos-droitshumains.net\/index.php?rest_route=%2Fwp%2Fv2%2Ftags&post=782"}],"curies":[{"name":"wp","href":"https:\/\/api.w.org\/{rel}","templated":true}]}}