{"id":7752,"date":"2023-09-07T02:23:38","date_gmt":"2023-09-07T00:23:38","guid":{"rendered":"https:\/\/infos-droitshumains.net\/?p=7752"},"modified":"2023-09-07T16:11:24","modified_gmt":"2023-09-07T14:11:24","slug":"remise-et-reprise-a-la-cour-dappel-de-kinshasa-gombe-la-premiere-presidente-entrante-promet-de-preserver-les-acquis-lui-legues-par-son-predecesseur","status":"publish","type":"post","link":"https:\/\/infos-droitshumains.net\/?p=7752","title":{"rendered":"Remise et reprise \u00e0 la Cour d&rsquo;Appel de Kinshasa\/Gombe : Esp\u00e9rance Dia Akir Akir, Premi\u00e8re Pr\u00e9sidente entrante promet de pr\u00e9server les acquis de son pr\u00e9d\u00e9cesseur"},"content":{"rendered":"\n<p><strong>R\u00e9daction :+243817406088<\/strong><\/p>\n\n\n\n<h4 class=\"wp-block-heading has-vivid-red-color has-text-color\">C\u2019est une nouvelle page d\u2019histoire qui est en train de s\u2019\u00e9crire dans le syst\u00e8me judiciaire de la R\u00e9publique D\u00e9mocratique du Congo. Pour une premi\u00e8re, une dame va assumer les fonctions de Premi\u00e8re Pr\u00e9sidente d&rsquo;une Cour d\u2019Appel. Il s\u2019agit d\u2019Esp\u00e9rance Dia Akir Akir qui a \u00e9t\u00e9 promis Premi\u00e8re Pr\u00e9sidente de la Cour d\u2019Appel de Kinshasa\/Gombe. La C\u00e9r\u00e9monie de remise et reprise avec le sortant Aim\u00e9 Ilunga Tshiamakeji a eu lieu ce mercredi 07 aout.<\/h4>\n\n\n\n<figure class=\"wp-block-image alignfull size-large\"><img data-recalc-dims=\"1\" fetchpriority=\"high\" decoding=\"async\" width=\"640\" height=\"480\" src=\"https:\/\/i0.wp.com\/infos-droitshumains.net\/wp-content\/uploads\/2023\/09\/IMG-20230906-WA0063.jpg?resize=640%2C480&#038;ssl=1\" alt=\"\" class=\"wp-image-7757\" srcset=\"https:\/\/i0.wp.com\/infos-droitshumains.net\/wp-content\/uploads\/2023\/09\/IMG-20230906-WA0063.jpg?resize=1024%2C768&amp;ssl=1 1024w, https:\/\/i0.wp.com\/infos-droitshumains.net\/wp-content\/uploads\/2023\/09\/IMG-20230906-WA0063.jpg?resize=300%2C225&amp;ssl=1 300w, https:\/\/i0.wp.com\/infos-droitshumains.net\/wp-content\/uploads\/2023\/09\/IMG-20230906-WA0063.jpg?resize=768%2C576&amp;ssl=1 768w, https:\/\/i0.wp.com\/infos-droitshumains.net\/wp-content\/uploads\/2023\/09\/IMG-20230906-WA0063.jpg?w=1080&amp;ssl=1 1080w\" sizes=\"(max-width: 640px) 100vw, 640px\" \/><\/figure>\n\n\n\n<p>Tout a commenc\u00e9 par un t\u00eate-\u00e0-t\u00eate entre les deux personnalit\u00e9s, puis, se sont invit\u00e9s leurs collaborateurs. Le Premier Pr\u00e9sident sortant, Ilunga Tshiamakeji a rappel\u00e9 les p\u00e9rip\u00e9ties qui ont \u00e9maill\u00e9es son passage \u00e0 la t\u00eate de cette juridiction. Il a ensuite pr\u00e9sent\u00e9 l\u2019h\u00e9ritage l\u00e9gu\u00e9 \u00e0 sa successeuse constitu\u00e9 entre autre d\u2019une biblioth\u00e8que et autres objets du bureau.<\/p>\n\n\n\n<figure class=\"wp-block-image alignfull size-large\"><img data-recalc-dims=\"1\" decoding=\"async\" width=\"640\" height=\"480\" src=\"https:\/\/i0.wp.com\/infos-droitshumains.net\/wp-content\/uploads\/2023\/09\/IMG-20230906-WA0070.jpg?resize=640%2C480&#038;ssl=1\" alt=\"\" class=\"wp-image-7754\" srcset=\"https:\/\/i0.wp.com\/infos-droitshumains.net\/wp-content\/uploads\/2023\/09\/IMG-20230906-WA0070.jpg?resize=1024%2C768&amp;ssl=1 1024w, https:\/\/i0.wp.com\/infos-droitshumains.net\/wp-content\/uploads\/2023\/09\/IMG-20230906-WA0070.jpg?resize=300%2C225&amp;ssl=1 300w, https:\/\/i0.wp.com\/infos-droitshumains.net\/wp-content\/uploads\/2023\/09\/IMG-20230906-WA0070.jpg?resize=768%2C576&amp;ssl=1 768w, https:\/\/i0.wp.com\/infos-droitshumains.net\/wp-content\/uploads\/2023\/09\/IMG-20230906-WA0070.jpg?w=1080&amp;ssl=1 1080w\" sizes=\"(max-width: 640px) 100vw, 640px\" \/><\/figure>\n\n\n\n<p>En ce qui concerne le personnel, Ilunga Tshiamakeji a invit\u00e9 Esp\u00e9rance Dia Akir Akir \u00e0 cultiver le <em>\u00ab&nbsp;caract\u00e8re humain&nbsp;\u00bb <\/em>mais <em>&nbsp;<\/em>tout en restant<em> \u00ab&nbsp;ferme avec ses coll\u00e8gues pour bien g\u00e9rer&nbsp;\u00bb<\/em>.<\/p>\n\n\n\n<p>Pour sa part, Esp\u00e9rance Dia Akir Akir s\u2019est avant tout, montr\u00e9e reconnaissante envers son pr\u00e9d\u00e9cesseur<\/p>\n\n\n\n<p><em>\u00ab\u00a0Je voudrais exprimer ma gratitude au pr\u00e8s du pr\u00e9sident, mon chef Ilunga Tshamakeshi. J&rsquo;ose croire que c&rsquo;est possible qu&rsquo;ensemble nous puissions  construire une parfaite relation de collaboration. J&rsquo;aimerai profiter de votre exp\u00e9rience et toutes les gr\u00e2ces que vous avez eues pour g\u00e9rer cette Cour parce que \u00e7a n\u2019a pas \u00e9t\u00e9 facile, mais vous vous en \u00eates sortis\u00a0\u00bb<\/em>, a-t-elle d\u00e9clar\u00e9 avant de faire montre par ailleurs d\u2019un esprit d\u2019ouverture sans pr\u00e9c\u00e9dent et en appeler \u00e0 l\u2019unit\u00e9 pour la r\u00e9ussite de son mandat:<\/p>\n\n\n\n<figure class=\"wp-block-image alignfull size-large\"><img data-recalc-dims=\"1\" decoding=\"async\" width=\"640\" height=\"480\" src=\"https:\/\/i0.wp.com\/infos-droitshumains.net\/wp-content\/uploads\/2023\/09\/IMG-20230906-WA0068.jpg?resize=640%2C480&#038;ssl=1\" alt=\"\" class=\"wp-image-7755\" srcset=\"https:\/\/i0.wp.com\/infos-droitshumains.net\/wp-content\/uploads\/2023\/09\/IMG-20230906-WA0068.jpg?resize=1024%2C768&amp;ssl=1 1024w, https:\/\/i0.wp.com\/infos-droitshumains.net\/wp-content\/uploads\/2023\/09\/IMG-20230906-WA0068.jpg?resize=300%2C225&amp;ssl=1 300w, https:\/\/i0.wp.com\/infos-droitshumains.net\/wp-content\/uploads\/2023\/09\/IMG-20230906-WA0068.jpg?resize=768%2C576&amp;ssl=1 768w, https:\/\/i0.wp.com\/infos-droitshumains.net\/wp-content\/uploads\/2023\/09\/IMG-20230906-WA0068.jpg?w=1080&amp;ssl=1 1080w\" sizes=\"(max-width: 640px) 100vw, 640px\" \/><\/figure>\n\n\n\n<p><em>\u00ab&nbsp;J\u2019aimerai que nous travaillions ensemble pour des meilleurs r\u00e9sultats. On a les cinq doigts de la main, quand  y en a un seul qui ne fonctionne pas, les quatres doigts restants, ne suffiront pas a eux seuls, bien qu&rsquo;ils soient majoritaires. Je compte sur tout le monde et je demande \u00e0 tout le monde de travailler avec moi. Je reste ouverte. Je voudrai qu\u2019on se tienne la main, qu\u2019on travaille.&nbsp;\u00bb<\/em>, a rappel\u00e9 Esp\u00e9rance Dia.<\/p>\n\n\n\n<figure class=\"wp-block-image alignfull size-full\"><img data-recalc-dims=\"1\" loading=\"lazy\" decoding=\"async\" width=\"640\" height=\"853\" src=\"https:\/\/i0.wp.com\/infos-droitshumains.net\/wp-content\/uploads\/2023\/09\/IMG-20230906-WA0069.jpg?resize=640%2C853&#038;ssl=1\" alt=\"\" class=\"wp-image-7756\" srcset=\"https:\/\/i0.wp.com\/infos-droitshumains.net\/wp-content\/uploads\/2023\/09\/IMG-20230906-WA0069.jpg?w=744&amp;ssl=1 744w, https:\/\/i0.wp.com\/infos-droitshumains.net\/wp-content\/uploads\/2023\/09\/IMG-20230906-WA0069.jpg?resize=225%2C300&amp;ssl=1 225w\" sizes=\"(max-width: 640px) 100vw, 640px\" \/><\/figure>\n\n\n\n<p>Premi\u00e8re femme \u00e0 occuper le poste de Premier Pr\u00e9sident d\u2019une Cour d\u2019Appel en R\u00e9publique D\u00e9mocratique du Congo, Esp\u00e9rance Dia Akir Akir a derni\u00e8re elle, 28 ans de carri\u00e8re dans la magistrature.<\/p>\n\n\n\n<p>Le fait pour elle d&rsquo;avoir officier \u00e0 la m\u00eame Cour d&rsquo;Appel avant sa nomination est un <em>\u00ab&nbsp;avantage\u00bb <\/em>pour elle, c&rsquo;est alors qu&rsquo;elle a promis de <em>\u00abconserver cet h\u00e9ritage&nbsp;\u00bb<\/em>.<\/p>\n\n\n\n<p>En attendant son renouvellement de serment pr\u00e9vu ce samedi 09 septembre, Esp\u00e9rance Dia Akir Akir a \u00e9galement re\u00e7u de son pr\u00e9d\u00e9cesseur, un m\u00e9mo de la chambre provinciale des huissiers de justice du ressort de la cour d&rsquo;appel de kin\/Gombe fustigeant la violation flagrante et continue de la loi par certain greffier de cette juridiction en <em>\u00ab&nbsp;ex\u00e9cutant les d\u00e9cisions judiciaires sur terrain&nbsp;\u00bb<\/em>.<\/p>\n\n\n\n<p>Cette c\u00e9r\u00e9monie est consid\u00e9r\u00e9e comme une passation civilis\u00e9e du pouvoir car, un tel \u00e9v\u00e9nement ne s&rsquo;est jamais produit \u00e0 la Cour d&rsquo;Appel de Kinshasa\/Gombe.<\/p>\n\n\n\n<p>Merlin Kamalandua <\/p>\n","protected":false},"excerpt":{"rendered":"<p>R\u00e9daction :+243817406088 C\u2019est une nouvelle page d\u2019histoire qui est en train de s\u2019\u00e9crire dans le&#8230;<\/p>\n","protected":false},"author":2,"featured_media":7753,"comment_status":"open","ping_status":"open","sticky":false,"template":"","format":"standard","meta":{"_jetpack_memberships_contains_paid_content":false,"footnotes":""},"categories":[6],"tags":[],"class_list":["post-7752","post","type-post","status-publish","format-standard","has-post-thumbnail","hentry","category-justice"],"yoast_head":"<!-- This site is optimized with the Yoast SEO plugin v27.5 - https:\/\/yoast.com\/product\/yoast-seo-wordpress\/ -->\n<title>Remise et reprise \u00e0 la Cour d&#039;Appel de Kinshasa\/Gombe : Esp\u00e9rance Dia Akir Akir, Premi\u00e8re Pr\u00e9sidente entrante promet de pr\u00e9server les acquis de son pr\u00e9d\u00e9cesseur - Infos Droits Humains<\/title>\n<meta name=\"robots\" content=\"index, follow, max-snippet:-1, max-image-preview:large, max-video-preview:-1\" \/>\n<link rel=\"canonical\" href=\"https:\/\/infos-droitshumains.net\/?p=7752\" \/>\n<meta property=\"og:locale\" content=\"fr_FR\" \/>\n<meta property=\"og:type\" content=\"article\" \/>\n<meta property=\"og:title\" content=\"Remise et reprise \u00e0 la Cour d&#039;Appel de Kinshasa\/Gombe : Esp\u00e9rance Dia Akir Akir, Premi\u00e8re Pr\u00e9sidente entrante promet de pr\u00e9server les acquis de son pr\u00e9d\u00e9cesseur - Infos Droits Humains\" \/>\n<meta property=\"og:description\" content=\"R\u00e9daction :+243817406088 C\u2019est une nouvelle page d\u2019histoire qui est en train de s\u2019\u00e9crire dans le...\" \/>\n<meta property=\"og:url\" content=\"https:\/\/infos-droitshumains.net\/?p=7752\" \/>\n<meta property=\"og:site_name\" content=\"Infos Droits Humains\" \/>\n<meta property=\"article:published_time\" content=\"2023-09-07T00:23:38+00:00\" \/>\n<meta property=\"article:modified_time\" content=\"2023-09-07T14:11:24+00:00\" \/>\n<meta property=\"og:image\" content=\"https:\/\/infos-droitshumains.net\/wp-content\/uploads\/2023\/09\/IMG-20230906-WA0071.jpg\" \/>\n\t<meta property=\"og:image:width\" content=\"1080\" \/>\n\t<meta property=\"og:image:height\" content=\"810\" \/>\n\t<meta property=\"og:image:type\" content=\"image\/jpeg\" \/>\n<meta name=\"author\" content=\"Jo\u00ebl Diawa\" \/>\n<meta name=\"twitter:card\" content=\"summary_large_image\" \/>\n<meta name=\"twitter:label1\" content=\"\u00c9crit par\" \/>\n\t<meta name=\"twitter:data1\" content=\"Jo\u00ebl Diawa\" \/>\n\t<meta name=\"twitter:label2\" content=\"Dur\u00e9e de lecture estim\u00e9e\" \/>\n\t<meta name=\"twitter:data2\" content=\"4 minutes\" \/>\n<script type=\"application\/ld+json\" class=\"yoast-schema-graph\">{\"@context\":\"https:\\\/\\\/schema.org\",\"@graph\":[{\"@type\":\"Article\",\"@id\":\"https:\\\/\\\/infos-droitshumains.net\\\/?p=7752#article\",\"isPartOf\":{\"@id\":\"https:\\\/\\\/infos-droitshumains.net\\\/?p=7752\"},\"author\":{\"name\":\"Jo\u00ebl Diawa\",\"@id\":\"https:\\\/\\\/infos-droitshumains.net\\\/#\\\/schema\\\/person\\\/3dc5e921c3302172e0ed4362f96faab7\"},\"headline\":\"Remise et reprise \u00e0 la Cour d&rsquo;Appel de Kinshasa\\\/Gombe : Esp\u00e9rance Dia Akir Akir, Premi\u00e8re Pr\u00e9sidente entrante promet de pr\u00e9server les acquis de son pr\u00e9d\u00e9cesseur\",\"datePublished\":\"2023-09-07T00:23:38+00:00\",\"dateModified\":\"2023-09-07T14:11:24+00:00\",\"mainEntityOfPage\":{\"@id\":\"https:\\\/\\\/infos-droitshumains.net\\\/?p=7752\"},\"wordCount\":596,\"commentCount\":0,\"publisher\":{\"@id\":\"https:\\\/\\\/infos-droitshumains.net\\\/#organization\"},\"image\":{\"@id\":\"https:\\\/\\\/infos-droitshumains.net\\\/?p=7752#primaryimage\"},\"thumbnailUrl\":\"https:\\\/\\\/i0.wp.com\\\/infos-droitshumains.net\\\/wp-content\\\/uploads\\\/2023\\\/09\\\/IMG-20230906-WA0071.jpg?fit=1080%2C810&ssl=1\",\"articleSection\":[\"Justice\"],\"inLanguage\":\"fr-FR\",\"potentialAction\":[{\"@type\":\"CommentAction\",\"name\":\"Comment\",\"target\":[\"https:\\\/\\\/infos-droitshumains.net\\\/?p=7752#respond\"]}]},{\"@type\":\"WebPage\",\"@id\":\"https:\\\/\\\/infos-droitshumains.net\\\/?p=7752\",\"url\":\"https:\\\/\\\/infos-droitshumains.net\\\/?p=7752\",\"name\":\"Remise et reprise \u00e0 la Cour d'Appel de Kinshasa\\\/Gombe : Esp\u00e9rance Dia Akir Akir, Premi\u00e8re Pr\u00e9sidente entrante promet de pr\u00e9server les acquis de son pr\u00e9d\u00e9cesseur - Infos Droits Humains\",\"isPartOf\":{\"@id\":\"https:\\\/\\\/infos-droitshumains.net\\\/#website\"},\"primaryImageOfPage\":{\"@id\":\"https:\\\/\\\/infos-droitshumains.net\\\/?p=7752#primaryimage\"},\"image\":{\"@id\":\"https:\\\/\\\/infos-droitshumains.net\\\/?p=7752#primaryimage\"},\"thumbnailUrl\":\"https:\\\/\\\/i0.wp.com\\\/infos-droitshumains.net\\\/wp-content\\\/uploads\\\/2023\\\/09\\\/IMG-20230906-WA0071.jpg?fit=1080%2C810&ssl=1\",\"datePublished\":\"2023-09-07T00:23:38+00:00\",\"dateModified\":\"2023-09-07T14:11:24+00:00\",\"breadcrumb\":{\"@id\":\"https:\\\/\\\/infos-droitshumains.net\\\/?p=7752#breadcrumb\"},\"inLanguage\":\"fr-FR\",\"potentialAction\":[{\"@type\":\"ReadAction\",\"target\":[\"https:\\\/\\\/infos-droitshumains.net\\\/?p=7752\"]}]},{\"@type\":\"ImageObject\",\"inLanguage\":\"fr-FR\",\"@id\":\"https:\\\/\\\/infos-droitshumains.net\\\/?p=7752#primaryimage\",\"url\":\"https:\\\/\\\/i0.wp.com\\\/infos-droitshumains.net\\\/wp-content\\\/uploads\\\/2023\\\/09\\\/IMG-20230906-WA0071.jpg?fit=1080%2C810&ssl=1\",\"contentUrl\":\"https:\\\/\\\/i0.wp.com\\\/infos-droitshumains.net\\\/wp-content\\\/uploads\\\/2023\\\/09\\\/IMG-20230906-WA0071.jpg?fit=1080%2C810&ssl=1\",\"width\":1080,\"height\":810},{\"@type\":\"BreadcrumbList\",\"@id\":\"https:\\\/\\\/infos-droitshumains.net\\\/?p=7752#breadcrumb\",\"itemListElement\":[{\"@type\":\"ListItem\",\"position\":1,\"name\":\"Accueil\",\"item\":\"https:\\\/\\\/infos-droitshumains.net\\\/\"},{\"@type\":\"ListItem\",\"position\":2,\"name\":\"Remise et reprise \u00e0 la Cour d&rsquo;Appel de Kinshasa\\\/Gombe : Esp\u00e9rance Dia Akir Akir, Premi\u00e8re Pr\u00e9sidente entrante promet de pr\u00e9server les acquis de son pr\u00e9d\u00e9cesseur\"}]},{\"@type\":\"WebSite\",\"@id\":\"https:\\\/\\\/infos-droitshumains.net\\\/#website\",\"url\":\"https:\\\/\\\/infos-droitshumains.net\\\/\",\"name\":\"Infos Droits Humains\",\"description\":\"S&#039;informer est un droit\",\"publisher\":{\"@id\":\"https:\\\/\\\/infos-droitshumains.net\\\/#organization\"},\"potentialAction\":[{\"@type\":\"SearchAction\",\"target\":{\"@type\":\"EntryPoint\",\"urlTemplate\":\"https:\\\/\\\/infos-droitshumains.net\\\/?s={search_term_string}\"},\"query-input\":{\"@type\":\"PropertyValueSpecification\",\"valueRequired\":true,\"valueName\":\"search_term_string\"}}],\"inLanguage\":\"fr-FR\"},{\"@type\":\"Organization\",\"@id\":\"https:\\\/\\\/infos-droitshumains.net\\\/#organization\",\"name\":\"Infos Droits Humains\",\"url\":\"https:\\\/\\\/infos-droitshumains.net\\\/\",\"logo\":{\"@type\":\"ImageObject\",\"inLanguage\":\"fr-FR\",\"@id\":\"https:\\\/\\\/infos-droitshumains.net\\\/#\\\/schema\\\/logo\\\/image\\\/\",\"url\":\"https:\\\/\\\/i0.wp.com\\\/infos-droitshumains.net\\\/wp-content\\\/uploads\\\/2022\\\/05\\\/Logo.png?fit=333%2C129&ssl=1\",\"contentUrl\":\"https:\\\/\\\/i0.wp.com\\\/infos-droitshumains.net\\\/wp-content\\\/uploads\\\/2022\\\/05\\\/Logo.png?fit=333%2C129&ssl=1\",\"width\":333,\"height\":129,\"caption\":\"Infos Droits Humains\"},\"image\":{\"@id\":\"https:\\\/\\\/infos-droitshumains.net\\\/#\\\/schema\\\/logo\\\/image\\\/\"}},{\"@type\":\"Person\",\"@id\":\"https:\\\/\\\/infos-droitshumains.net\\\/#\\\/schema\\\/person\\\/3dc5e921c3302172e0ed4362f96faab7\",\"name\":\"Jo\u00ebl Diawa\",\"image\":{\"@type\":\"ImageObject\",\"inLanguage\":\"fr-FR\",\"@id\":\"https:\\\/\\\/secure.gravatar.com\\\/avatar\\\/729bea6ff4604c624417803c477363be8e3c7186deaa65713313f9b4b820f41c?s=96&d=mm&r=g\",\"url\":\"https:\\\/\\\/secure.gravatar.com\\\/avatar\\\/729bea6ff4604c624417803c477363be8e3c7186deaa65713313f9b4b820f41c?s=96&d=mm&r=g\",\"contentUrl\":\"https:\\\/\\\/secure.gravatar.com\\\/avatar\\\/729bea6ff4604c624417803c477363be8e3c7186deaa65713313f9b4b820f41c?s=96&d=mm&r=g\",\"caption\":\"Jo\u00ebl Diawa\"},\"sameAs\":[\"https:\\\/\\\/www.infos-droitshumains.net\"],\"url\":\"https:\\\/\\\/infos-droitshumains.net\\\/?author=2\"}]}<\/script>\n<!-- \/ Yoast SEO plugin. -->","yoast_head_json":{"title":"Remise et reprise \u00e0 la Cour d'Appel de Kinshasa\/Gombe : Esp\u00e9rance Dia Akir Akir, Premi\u00e8re Pr\u00e9sidente entrante promet de pr\u00e9server les acquis de son pr\u00e9d\u00e9cesseur - Infos Droits Humains","robots":{"index":"index","follow":"follow","max-snippet":"max-snippet:-1","max-image-preview":"max-image-preview:large","max-video-preview":"max-video-preview:-1"},"canonical":"https:\/\/infos-droitshumains.net\/?p=7752","og_locale":"fr_FR","og_type":"article","og_title":"Remise et reprise \u00e0 la Cour d'Appel de Kinshasa\/Gombe : Esp\u00e9rance Dia Akir Akir, Premi\u00e8re Pr\u00e9sidente entrante promet de pr\u00e9server les acquis de son pr\u00e9d\u00e9cesseur - Infos Droits Humains","og_description":"R\u00e9daction :+243817406088 C\u2019est une nouvelle page d\u2019histoire qui est en train de s\u2019\u00e9crire dans le...","og_url":"https:\/\/infos-droitshumains.net\/?p=7752","og_site_name":"Infos Droits Humains","article_published_time":"2023-09-07T00:23:38+00:00","article_modified_time":"2023-09-07T14:11:24+00:00","og_image":[{"width":1080,"height":810,"url":"https:\/\/infos-droitshumains.net\/wp-content\/uploads\/2023\/09\/IMG-20230906-WA0071.jpg","type":"image\/jpeg"}],"author":"Jo\u00ebl Diawa","twitter_card":"summary_large_image","twitter_misc":{"\u00c9crit par":"Jo\u00ebl Diawa","Dur\u00e9e de lecture estim\u00e9e":"4 minutes"},"schema":{"@context":"https:\/\/schema.org","@graph":[{"@type":"Article","@id":"https:\/\/infos-droitshumains.net\/?p=7752#article","isPartOf":{"@id":"https:\/\/infos-droitshumains.net\/?p=7752"},"author":{"name":"Jo\u00ebl Diawa","@id":"https:\/\/infos-droitshumains.net\/#\/schema\/person\/3dc5e921c3302172e0ed4362f96faab7"},"headline":"Remise et reprise \u00e0 la Cour d&rsquo;Appel de Kinshasa\/Gombe : Esp\u00e9rance Dia Akir Akir, Premi\u00e8re Pr\u00e9sidente entrante promet de pr\u00e9server les acquis de son pr\u00e9d\u00e9cesseur","datePublished":"2023-09-07T00:23:38+00:00","dateModified":"2023-09-07T14:11:24+00:00","mainEntityOfPage":{"@id":"https:\/\/infos-droitshumains.net\/?p=7752"},"wordCount":596,"commentCount":0,"publisher":{"@id":"https:\/\/infos-droitshumains.net\/#organization"},"image":{"@id":"https:\/\/infos-droitshumains.net\/?p=7752#primaryimage"},"thumbnailUrl":"https:\/\/i0.wp.com\/infos-droitshumains.net\/wp-content\/uploads\/2023\/09\/IMG-20230906-WA0071.jpg?fit=1080%2C810&ssl=1","articleSection":["Justice"],"inLanguage":"fr-FR","potentialAction":[{"@type":"CommentAction","name":"Comment","target":["https:\/\/infos-droitshumains.net\/?p=7752#respond"]}]},{"@type":"WebPage","@id":"https:\/\/infos-droitshumains.net\/?p=7752","url":"https:\/\/infos-droitshumains.net\/?p=7752","name":"Remise et reprise \u00e0 la Cour d'Appel de Kinshasa\/Gombe : Esp\u00e9rance Dia Akir Akir, Premi\u00e8re Pr\u00e9sidente entrante promet de pr\u00e9server les acquis de son pr\u00e9d\u00e9cesseur - Infos Droits Humains","isPartOf":{"@id":"https:\/\/infos-droitshumains.net\/#website"},"primaryImageOfPage":{"@id":"https:\/\/infos-droitshumains.net\/?p=7752#primaryimage"},"image":{"@id":"https:\/\/infos-droitshumains.net\/?p=7752#primaryimage"},"thumbnailUrl":"https:\/\/i0.wp.com\/infos-droitshumains.net\/wp-content\/uploads\/2023\/09\/IMG-20230906-WA0071.jpg?fit=1080%2C810&ssl=1","datePublished":"2023-09-07T00:23:38+00:00","dateModified":"2023-09-07T14:11:24+00:00","breadcrumb":{"@id":"https:\/\/infos-droitshumains.net\/?p=7752#breadcrumb"},"inLanguage":"fr-FR","potentialAction":[{"@type":"ReadAction","target":["https:\/\/infos-droitshumains.net\/?p=7752"]}]},{"@type":"ImageObject","inLanguage":"fr-FR","@id":"https:\/\/infos-droitshumains.net\/?p=7752#primaryimage","url":"https:\/\/i0.wp.com\/infos-droitshumains.net\/wp-content\/uploads\/2023\/09\/IMG-20230906-WA0071.jpg?fit=1080%2C810&ssl=1","contentUrl":"https:\/\/i0.wp.com\/infos-droitshumains.net\/wp-content\/uploads\/2023\/09\/IMG-20230906-WA0071.jpg?fit=1080%2C810&ssl=1","width":1080,"height":810},{"@type":"BreadcrumbList","@id":"https:\/\/infos-droitshumains.net\/?p=7752#breadcrumb","itemListElement":[{"@type":"ListItem","position":1,"name":"Accueil","item":"https:\/\/infos-droitshumains.net\/"},{"@type":"ListItem","position":2,"name":"Remise et reprise \u00e0 la Cour d&rsquo;Appel de Kinshasa\/Gombe : Esp\u00e9rance Dia Akir Akir, Premi\u00e8re Pr\u00e9sidente entrante promet de pr\u00e9server les acquis de son pr\u00e9d\u00e9cesseur"}]},{"@type":"WebSite","@id":"https:\/\/infos-droitshumains.net\/#website","url":"https:\/\/infos-droitshumains.net\/","name":"Infos Droits Humains","description":"S&#039;informer est un droit","publisher":{"@id":"https:\/\/infos-droitshumains.net\/#organization"},"potentialAction":[{"@type":"SearchAction","target":{"@type":"EntryPoint","urlTemplate":"https:\/\/infos-droitshumains.net\/?s={search_term_string}"},"query-input":{"@type":"PropertyValueSpecification","valueRequired":true,"valueName":"search_term_string"}}],"inLanguage":"fr-FR"},{"@type":"Organization","@id":"https:\/\/infos-droitshumains.net\/#organization","name":"Infos Droits Humains","url":"https:\/\/infos-droitshumains.net\/","logo":{"@type":"ImageObject","inLanguage":"fr-FR","@id":"https:\/\/infos-droitshumains.net\/#\/schema\/logo\/image\/","url":"https:\/\/i0.wp.com\/infos-droitshumains.net\/wp-content\/uploads\/2022\/05\/Logo.png?fit=333%2C129&ssl=1","contentUrl":"https:\/\/i0.wp.com\/infos-droitshumains.net\/wp-content\/uploads\/2022\/05\/Logo.png?fit=333%2C129&ssl=1","width":333,"height":129,"caption":"Infos Droits Humains"},"image":{"@id":"https:\/\/infos-droitshumains.net\/#\/schema\/logo\/image\/"}},{"@type":"Person","@id":"https:\/\/infos-droitshumains.net\/#\/schema\/person\/3dc5e921c3302172e0ed4362f96faab7","name":"Jo\u00ebl Diawa","image":{"@type":"ImageObject","inLanguage":"fr-FR","@id":"https:\/\/secure.gravatar.com\/avatar\/729bea6ff4604c624417803c477363be8e3c7186deaa65713313f9b4b820f41c?s=96&d=mm&r=g","url":"https:\/\/secure.gravatar.com\/avatar\/729bea6ff4604c624417803c477363be8e3c7186deaa65713313f9b4b820f41c?s=96&d=mm&r=g","contentUrl":"https:\/\/secure.gravatar.com\/avatar\/729bea6ff4604c624417803c477363be8e3c7186deaa65713313f9b4b820f41c?s=96&d=mm&r=g","caption":"Jo\u00ebl Diawa"},"sameAs":["https:\/\/www.infos-droitshumains.net"],"url":"https:\/\/infos-droitshumains.net\/?author=2"}]}},"featured_image_urls":{"full":["https:\/\/i0.wp.com\/infos-droitshumains.net\/wp-content\/uploads\/2023\/09\/IMG-20230906-WA0071.jpg?fit=1080%2C810&ssl=1",1080,810,false],"thumbnail":["https:\/\/i0.wp.com\/infos-droitshumains.net\/wp-content\/uploads\/2023\/09\/IMG-20230906-WA0071.jpg?resize=150%2C150&ssl=1",150,150,true],"medium":["https:\/\/i0.wp.com\/infos-droitshumains.net\/wp-content\/uploads\/2023\/09\/IMG-20230906-WA0071.jpg?fit=300%2C225&ssl=1",300,225,true],"medium_large":["https:\/\/i0.wp.com\/infos-droitshumains.net\/wp-content\/uploads\/2023\/09\/IMG-20230906-WA0071.jpg?fit=640%2C480&ssl=1",640,480,true],"large":["https:\/\/i0.wp.com\/infos-droitshumains.net\/wp-content\/uploads\/2023\/09\/IMG-20230906-WA0071.jpg?fit=640%2C480&ssl=1",640,480,true],"1536x1536":["https:\/\/i0.wp.com\/infos-droitshumains.net\/wp-content\/uploads\/2023\/09\/IMG-20230906-WA0071.jpg?fit=1080%2C810&ssl=1",1080,810,true],"2048x2048":["https:\/\/i0.wp.com\/infos-droitshumains.net\/wp-content\/uploads\/2023\/09\/IMG-20230906-WA0071.jpg?fit=1080%2C810&ssl=1",1080,810,true],"covernews-slider-full":["https:\/\/i0.wp.com\/infos-droitshumains.net\/wp-content\/uploads\/2023\/09\/IMG-20230906-WA0071.jpg?resize=1080%2C715&ssl=1",1080,715,true],"covernews-slider-center":["https:\/\/i0.wp.com\/infos-droitshumains.net\/wp-content\/uploads\/2023\/09\/IMG-20230906-WA0071.jpg?resize=800%2C500&ssl=1",800,500,true],"covernews-featured":["https:\/\/i0.wp.com\/infos-droitshumains.net\/wp-content\/uploads\/2023\/09\/IMG-20230906-WA0071.jpg?fit=1024%2C768&ssl=1",1024,768,true],"covernews-medium":["https:\/\/i0.wp.com\/infos-droitshumains.net\/wp-content\/uploads\/2023\/09\/IMG-20230906-WA0071.jpg?resize=540%2C340&ssl=1",540,340,true],"covernews-medium-square":["https:\/\/i0.wp.com\/infos-droitshumains.net\/wp-content\/uploads\/2023\/09\/IMG-20230906-WA0071.jpg?resize=400%2C250&ssl=1",400,250,true]},"author_info":{"display_name":"Jo\u00ebl Diawa","author_link":"https:\/\/infos-droitshumains.net\/?author=2"},"category_info":"<a href=\"https:\/\/infos-droitshumains.net\/?cat=6\" rel=\"category\">Justice<\/a>","tag_info":"Justice","comment_count":"0","jetpack_featured_media_url":"https:\/\/i0.wp.com\/infos-droitshumains.net\/wp-content\/uploads\/2023\/09\/IMG-20230906-WA0071.jpg?fit=1080%2C810&ssl=1","jetpack-related-posts":[],"jetpack_sharing_enabled":true,"_links":{"self":[{"href":"https:\/\/infos-droitshumains.net\/index.php?rest_route=\/wp\/v2\/posts\/7752","targetHints":{"allow":["GET"]}}],"collection":[{"href":"https:\/\/infos-droitshumains.net\/index.php?rest_route=\/wp\/v2\/posts"}],"about":[{"href":"https:\/\/infos-droitshumains.net\/index.php?rest_route=\/wp\/v2\/types\/post"}],"author":[{"embeddable":true,"href":"https:\/\/infos-droitshumains.net\/index.php?rest_route=\/wp\/v2\/users\/2"}],"replies":[{"embeddable":true,"href":"https:\/\/infos-droitshumains.net\/index.php?rest_route=%2Fwp%2Fv2%2Fcomments&post=7752"}],"version-history":[{"count":30,"href":"https:\/\/infos-droitshumains.net\/index.php?rest_route=\/wp\/v2\/posts\/7752\/revisions"}],"predecessor-version":[{"id":7799,"href":"https:\/\/infos-droitshumains.net\/index.php?rest_route=\/wp\/v2\/posts\/7752\/revisions\/7799"}],"wp:featuredmedia":[{"embeddable":true,"href":"https:\/\/infos-droitshumains.net\/index.php?rest_route=\/wp\/v2\/media\/7753"}],"wp:attachment":[{"href":"https:\/\/infos-droitshumains.net\/index.php?rest_route=%2Fwp%2Fv2%2Fmedia&parent=7752"}],"wp:term":[{"taxonomy":"category","embeddable":true,"href":"https:\/\/infos-droitshumains.net\/index.php?rest_route=%2Fwp%2Fv2%2Fcategories&post=7752"},{"taxonomy":"post_tag","embeddable":true,"href":"https:\/\/infos-droitshumains.net\/index.php?rest_route=%2Fwp%2Fv2%2Ftags&post=7752"}],"curies":[{"name":"wp","href":"https:\/\/api.w.org\/{rel}","templated":true}]}}