{"id":7732,"date":"2023-09-05T15:30:29","date_gmt":"2023-09-05T13:30:29","guid":{"rendered":"https:\/\/infos-droitshumains.net\/?p=7732"},"modified":"2023-09-05T19:39:13","modified_gmt":"2023-09-05T17:39:13","slug":"affaire-fally-ipupa-gauthier-sey-lexploit-est-irregulier-denonce-la-partie-prevenue","status":"publish","type":"post","link":"https:\/\/infos-droitshumains.net\/?p=7732","title":{"rendered":"Affaire Fally Ipupa-Gauthier Sey\u00a0: L\u2019exploit est irr\u00e9gulier d\u00e9nonce la partie pr\u00e9venue"},"content":{"rendered":"\n<p><strong>R\u00e9daction :+243817406088<\/strong><\/p>\n\n\n\n<h4 class=\"wp-block-heading has-vivid-red-color has-text-color\">C\u2019est ce mardi 05 septembre que s\u2019est ouvert le proc\u00e8s qui oppose l\u2019artiste musicien Fally Ipupa au journaliste Gauthier Sey poursuivi pour outrage et atteinte \u00e0 la personnalit\u00e9. Ce dernier s\u2019est bien pr\u00e9sent\u00e9 dans la salle d\u2019audience du Tribunal de Paix de Kinshasa\/Gombe aux c\u00f4t\u00e9s de ses conseils tandis que Fally Ipupa, absent, s\u2019est fait repr\u00e9senter par ses conseils.<\/h4>\n\n\n\n<figure class=\"wp-block-image alignfull size-large\"><img data-recalc-dims=\"1\" fetchpriority=\"high\" decoding=\"async\" width=\"640\" height=\"360\" src=\"https:\/\/i0.wp.com\/infos-droitshumains.net\/wp-content\/uploads\/2023\/09\/IMG-20230905-WA0036.jpg?resize=640%2C360&#038;ssl=1\" alt=\"\" class=\"wp-image-7745\" srcset=\"https:\/\/i0.wp.com\/infos-droitshumains.net\/wp-content\/uploads\/2023\/09\/IMG-20230905-WA0036.jpg?resize=1024%2C576&amp;ssl=1 1024w, https:\/\/i0.wp.com\/infos-droitshumains.net\/wp-content\/uploads\/2023\/09\/IMG-20230905-WA0036.jpg?resize=300%2C169&amp;ssl=1 300w, https:\/\/i0.wp.com\/infos-droitshumains.net\/wp-content\/uploads\/2023\/09\/IMG-20230905-WA0036.jpg?resize=768%2C432&amp;ssl=1 768w, https:\/\/i0.wp.com\/infos-droitshumains.net\/wp-content\/uploads\/2023\/09\/IMG-20230905-WA0036.jpg?w=1280&amp;ssl=1 1280w\" sizes=\"(max-width: 640px) 100vw, 640px\" \/><\/figure>\n\n\n\n<p>Un vif d\u00e9bat s\u2019est invit\u00e9 \u00e0 l\u2019audience de ce jour au tour de l\u2019article 60 du code de proc\u00e9dure p\u00e9nale relatif \u00e0 la saisine du tribunal \u00e0 l\u2019\u00e9gard du pr\u00e9venu. Les avocats de ce dernier ont act\u00e9 leur comparution sous r\u00e9serve, car estimant le Tribunal ne pouvait pas se d\u00e9clarer saisi \u00e0 l\u2019\u00e9gard de leur client au regard de l\u2019irr\u00e9gularit\u00e9 de l\u2019exploit. Le cit\u00e9 n\u2019a pas \u00e9t\u00e9 signifi\u00e9 classiquement mais plut\u00f4t par voie de poste d\u00e9noncent par ailleurs ses avocats.<\/p>\n\n\n\n<figure class=\"wp-block-image alignfull size-large\"><img data-recalc-dims=\"1\" decoding=\"async\" width=\"640\" height=\"360\" src=\"https:\/\/i0.wp.com\/infos-droitshumains.net\/wp-content\/uploads\/2023\/09\/IMG-20230905-WA0035.jpg?resize=640%2C360&#038;ssl=1\" alt=\"\" class=\"wp-image-7736\" srcset=\"https:\/\/i0.wp.com\/infos-droitshumains.net\/wp-content\/uploads\/2023\/09\/IMG-20230905-WA0035.jpg?resize=1024%2C576&amp;ssl=1 1024w, https:\/\/i0.wp.com\/infos-droitshumains.net\/wp-content\/uploads\/2023\/09\/IMG-20230905-WA0035.jpg?resize=300%2C169&amp;ssl=1 300w, https:\/\/i0.wp.com\/infos-droitshumains.net\/wp-content\/uploads\/2023\/09\/IMG-20230905-WA0035.jpg?resize=768%2C432&amp;ssl=1 768w, https:\/\/i0.wp.com\/infos-droitshumains.net\/wp-content\/uploads\/2023\/09\/IMG-20230905-WA0035.jpg?w=1280&amp;ssl=1 1280w\" sizes=\"(max-width: 640px) 100vw, 640px\" \/><\/figure>\n\n\n\n<p><em>\u00ab&nbsp;La partie Nsimba Fally a us\u00e9 de ce qu\u2019il appelle <strong>\u00ab&nbsp;kosa leka&nbsp;\u00bb.<\/strong> C\u2019est-\u00e0-dire qu\u2019il y a une affaire en justice, vous ne signifiez pas correctement, vous gardez les pi\u00e8ces. C\u2019est ce matin que la partie Gauthier Sey a pris connaissance des faits&nbsp;\u00bb<\/em>, a regrett\u00e9 Maitre Guy Mafuta Kabongo.<\/p>\n\n\n\n<figure class=\"wp-block-image alignfull size-large\"><img data-recalc-dims=\"1\" decoding=\"async\" width=\"640\" height=\"360\" src=\"https:\/\/i0.wp.com\/infos-droitshumains.net\/wp-content\/uploads\/2023\/09\/IMG-20230905-WA0037.jpg?resize=640%2C360&#038;ssl=1\" alt=\"\" class=\"wp-image-7742\" srcset=\"https:\/\/i0.wp.com\/infos-droitshumains.net\/wp-content\/uploads\/2023\/09\/IMG-20230905-WA0037.jpg?resize=1024%2C576&amp;ssl=1 1024w, https:\/\/i0.wp.com\/infos-droitshumains.net\/wp-content\/uploads\/2023\/09\/IMG-20230905-WA0037.jpg?resize=300%2C169&amp;ssl=1 300w, https:\/\/i0.wp.com\/infos-droitshumains.net\/wp-content\/uploads\/2023\/09\/IMG-20230905-WA0037.jpg?resize=768%2C432&amp;ssl=1 768w, https:\/\/i0.wp.com\/infos-droitshumains.net\/wp-content\/uploads\/2023\/09\/IMG-20230905-WA0037.jpg?w=1280&amp;ssl=1 1280w\" sizes=\"(max-width: 640px) 100vw, 640px\" \/><\/figure>\n\n\n\n<p>Des moyens rejet\u00e9s par les avocats de Fally Ipupa pour qui, <em>\u00ab&nbsp;il y a eu des zones d\u2019ombre dans la t\u00eate de la partie pr\u00e9venue qui n\u2019a pas su bien intellig\u00e9e le mode de signification des exploits&nbsp;\u00bb<\/em>.<\/p>\n\n\n\n<p><em>\u00ab\u00a0Vous comprendrez que le tribunal s\u2019est d\u00e9clar\u00e9 saisi \u00e0 la suite \u00a0de la fa\u00e7on d\u2019instrumenter du greffier par voie de la poste. Cela est pr\u00e9vu par l\u2019article 60 du code des proc\u00e9dures p\u00e9nales\u00a0\u00bb<\/em>, a rench\u00e9rit \u00a0Me. Pierre Edagrd Omalufulu.<\/p>\n\n\n\n<p>Le minist\u00e8re public a dans son avis, a demand\u00e9 au tribunal de se d\u00e9clarer saisie. Il soutient que les prescrit de l&rsquo;article 60 sus \u00e9voqu\u00e9 ont \u00e9t\u00e9 respect\u00e9 car note-t-il, cet exploit est annex\u00e9 d&rsquo;avis de r\u00e9ception. Quant au rabattement de d\u00e9lai, le minist\u00e8re public soutient que cette proc\u00e9dure est pr\u00e9vue par la loi, il ne peut y poser probl\u00e8me car c&rsquo;est la volont\u00e9 du l\u00e9gislateur.<\/p>\n\n\n\n<p>Au vu de ce qui pr\u00e9c\u00e8de, le tribunal \u00e9tant souverain se&nbsp; d\u00e9clare valablement saisie sur exploit r\u00e9gulier \u00e0 l&rsquo;\u00e9gard du cit\u00e9, le journaliste Gauthier Sey et sur comparution volontaire du citant Fally Ipupa. Apr\u00e8s identification, les avocats de Gauthier Sey sollicite du tribunal une remise \u00e0 deux semaines pour leurs permettre de compulser le dossier car estimant-ils qu\u2019ils ont re\u00e7u aucune pi\u00e8ce du dossier comme le veut le r\u00e8glement d\u2019ordre int\u00e9rieur des Cours et Tribunaux.<\/p>\n\n\n\n<p>Le Tribunal a acc\u00e9d\u00e9 \u00e0 la demande du pr\u00e9venu et a renvoy\u00e9 la cause \u00e0 deux semaines pour instruction question de permettre \u00e0 la d\u00e9fense d\u2019entrer en possession des pi\u00e8ces du dossier.<\/p>\n\n\n\n<figure class=\"wp-block-image alignfull size-large\"><img data-recalc-dims=\"1\" loading=\"lazy\" decoding=\"async\" width=\"640\" height=\"360\" src=\"https:\/\/i0.wp.com\/infos-droitshumains.net\/wp-content\/uploads\/2023\/09\/IMG-20230905-WA0034.jpg?resize=640%2C360&#038;ssl=1\" alt=\"\" class=\"wp-image-7739\" srcset=\"https:\/\/i0.wp.com\/infos-droitshumains.net\/wp-content\/uploads\/2023\/09\/IMG-20230905-WA0034.jpg?resize=1024%2C576&amp;ssl=1 1024w, https:\/\/i0.wp.com\/infos-droitshumains.net\/wp-content\/uploads\/2023\/09\/IMG-20230905-WA0034.jpg?resize=300%2C169&amp;ssl=1 300w, https:\/\/i0.wp.com\/infos-droitshumains.net\/wp-content\/uploads\/2023\/09\/IMG-20230905-WA0034.jpg?resize=768%2C432&amp;ssl=1 768w, https:\/\/i0.wp.com\/infos-droitshumains.net\/wp-content\/uploads\/2023\/09\/IMG-20230905-WA0034.jpg?w=1280&amp;ssl=1 1280w\" sizes=\"(max-width: 640px) 100vw, 640px\" \/><\/figure>\n\n\n\n<p>Me. Laurent Onyemba qui fait partie de la d\u00e9fense du journaliste Gauthier Sey a saisi cet instant pour en appeler \u00e0 l\u2019application de la d\u00e9p\u00e9nalisation des d\u00e9lits de presse.<\/p>\n\n\n\n<p><em>\u00ab&nbsp;\u2026Comme le tribunal a pass\u00e9 outre cette exception, nous avons sollicit\u00e9 une remise \u00e0 deux semaines non seulement pour nous restructurer, mais aussi de nous garantir que devant ce tribunal de paix, il y aura la justice parce que, visiblement, le d\u00e9cor est plant\u00e9 pour la condamnation de Gauthier Sey\u2026 C\u2019est ici qu\u2019il faut rappeler la pauvre th\u00e9orie la d\u00e9p\u00e9nalisation des d\u00e9lits de presse. Gauthier m\u00e8ne une enqu\u00eate, il l\u2019a soutenu au cours d\u2019un d\u00e9bat t\u00e9l\u00e9vis\u00e9 o\u00f9 il y a un repr\u00e9sentant de monsieur Nsimba (Fally Ipupa), mais est-ce-que \u00e0 la base d\u2019un d\u00e9bat contradictoire, on peut d\u00e9celer des propos diffamatoires&nbsp;?&nbsp; C\u2019est cela la question, mais il est serein, il se tient \u00e0 son enqu\u00eate parce que ce n\u2019est pas lui qui le dit, il a fait parler les personnes qui existent\u2026&nbsp;\u00bb<\/em>, a-t-il plaid\u00e9.<\/p>\n\n\n\n<p>Merlin Kamalandua<\/p>\n","protected":false},"excerpt":{"rendered":"<p>R\u00e9daction :+243817406088 C\u2019est ce mardi 05 septembre que s\u2019est ouvert le proc\u00e8s qui oppose l\u2019artiste&#8230;<\/p>\n","protected":false},"author":2,"featured_media":7733,"comment_status":"open","ping_status":"open","sticky":false,"template":"","format":"standard","meta":{"_jetpack_memberships_contains_paid_content":false,"footnotes":""},"categories":[6],"tags":[],"class_list":["post-7732","post","type-post","status-publish","format-standard","has-post-thumbnail","hentry","category-justice"],"yoast_head":"<!-- This site is optimized with the Yoast SEO plugin v27.5 - https:\/\/yoast.com\/product\/yoast-seo-wordpress\/ -->\n<title>Affaire Fally Ipupa-Gauthier Sey\u00a0: L\u2019exploit est irr\u00e9gulier d\u00e9nonce la partie pr\u00e9venue - Infos Droits Humains<\/title>\n<meta name=\"robots\" content=\"index, follow, max-snippet:-1, max-image-preview:large, max-video-preview:-1\" \/>\n<link rel=\"canonical\" href=\"https:\/\/infos-droitshumains.net\/?p=7732\" \/>\n<meta property=\"og:locale\" content=\"fr_FR\" \/>\n<meta property=\"og:type\" content=\"article\" \/>\n<meta property=\"og:title\" content=\"Affaire Fally Ipupa-Gauthier Sey\u00a0: L\u2019exploit est irr\u00e9gulier d\u00e9nonce la partie pr\u00e9venue - Infos Droits Humains\" \/>\n<meta property=\"og:description\" content=\"R\u00e9daction :+243817406088 C\u2019est ce mardi 05 septembre que s\u2019est ouvert le proc\u00e8s qui oppose l\u2019artiste...\" \/>\n<meta property=\"og:url\" content=\"https:\/\/infos-droitshumains.net\/?p=7732\" \/>\n<meta property=\"og:site_name\" content=\"Infos Droits Humains\" \/>\n<meta property=\"article:published_time\" content=\"2023-09-05T13:30:29+00:00\" \/>\n<meta property=\"article:modified_time\" content=\"2023-09-05T17:39:13+00:00\" \/>\n<meta property=\"og:image\" content=\"https:\/\/infos-droitshumains.net\/wp-content\/uploads\/2023\/09\/InCollage_20230905_131301601.jpg\" \/>\n\t<meta property=\"og:image:width\" content=\"960\" \/>\n\t<meta property=\"og:image:height\" content=\"720\" \/>\n\t<meta property=\"og:image:type\" content=\"image\/jpeg\" \/>\n<meta name=\"author\" content=\"Jo\u00ebl Diawa\" \/>\n<meta name=\"twitter:card\" content=\"summary_large_image\" \/>\n<meta name=\"twitter:label1\" content=\"\u00c9crit par\" \/>\n\t<meta name=\"twitter:data1\" content=\"Jo\u00ebl Diawa\" \/>\n\t<meta name=\"twitter:label2\" content=\"Dur\u00e9e de lecture estim\u00e9e\" \/>\n\t<meta name=\"twitter:data2\" content=\"5 minutes\" \/>\n<script type=\"application\/ld+json\" class=\"yoast-schema-graph\">{\"@context\":\"https:\\\/\\\/schema.org\",\"@graph\":[{\"@type\":\"Article\",\"@id\":\"https:\\\/\\\/infos-droitshumains.net\\\/?p=7732#article\",\"isPartOf\":{\"@id\":\"https:\\\/\\\/infos-droitshumains.net\\\/?p=7732\"},\"author\":{\"name\":\"Jo\u00ebl Diawa\",\"@id\":\"https:\\\/\\\/infos-droitshumains.net\\\/#\\\/schema\\\/person\\\/3dc5e921c3302172e0ed4362f96faab7\"},\"headline\":\"Affaire Fally Ipupa-Gauthier Sey\u00a0: L\u2019exploit est irr\u00e9gulier d\u00e9nonce la partie pr\u00e9venue\",\"datePublished\":\"2023-09-05T13:30:29+00:00\",\"dateModified\":\"2023-09-05T17:39:13+00:00\",\"mainEntityOfPage\":{\"@id\":\"https:\\\/\\\/infos-droitshumains.net\\\/?p=7732\"},\"wordCount\":712,\"commentCount\":0,\"publisher\":{\"@id\":\"https:\\\/\\\/infos-droitshumains.net\\\/#organization\"},\"image\":{\"@id\":\"https:\\\/\\\/infos-droitshumains.net\\\/?p=7732#primaryimage\"},\"thumbnailUrl\":\"https:\\\/\\\/i0.wp.com\\\/infos-droitshumains.net\\\/wp-content\\\/uploads\\\/2023\\\/09\\\/InCollage_20230905_131301601.jpg?fit=960%2C720&ssl=1\",\"articleSection\":[\"Justice\"],\"inLanguage\":\"fr-FR\",\"potentialAction\":[{\"@type\":\"CommentAction\",\"name\":\"Comment\",\"target\":[\"https:\\\/\\\/infos-droitshumains.net\\\/?p=7732#respond\"]}]},{\"@type\":\"WebPage\",\"@id\":\"https:\\\/\\\/infos-droitshumains.net\\\/?p=7732\",\"url\":\"https:\\\/\\\/infos-droitshumains.net\\\/?p=7732\",\"name\":\"Affaire Fally Ipupa-Gauthier Sey\u00a0: L\u2019exploit est irr\u00e9gulier d\u00e9nonce la partie pr\u00e9venue - Infos Droits Humains\",\"isPartOf\":{\"@id\":\"https:\\\/\\\/infos-droitshumains.net\\\/#website\"},\"primaryImageOfPage\":{\"@id\":\"https:\\\/\\\/infos-droitshumains.net\\\/?p=7732#primaryimage\"},\"image\":{\"@id\":\"https:\\\/\\\/infos-droitshumains.net\\\/?p=7732#primaryimage\"},\"thumbnailUrl\":\"https:\\\/\\\/i0.wp.com\\\/infos-droitshumains.net\\\/wp-content\\\/uploads\\\/2023\\\/09\\\/InCollage_20230905_131301601.jpg?fit=960%2C720&ssl=1\",\"datePublished\":\"2023-09-05T13:30:29+00:00\",\"dateModified\":\"2023-09-05T17:39:13+00:00\",\"breadcrumb\":{\"@id\":\"https:\\\/\\\/infos-droitshumains.net\\\/?p=7732#breadcrumb\"},\"inLanguage\":\"fr-FR\",\"potentialAction\":[{\"@type\":\"ReadAction\",\"target\":[\"https:\\\/\\\/infos-droitshumains.net\\\/?p=7732\"]}]},{\"@type\":\"ImageObject\",\"inLanguage\":\"fr-FR\",\"@id\":\"https:\\\/\\\/infos-droitshumains.net\\\/?p=7732#primaryimage\",\"url\":\"https:\\\/\\\/i0.wp.com\\\/infos-droitshumains.net\\\/wp-content\\\/uploads\\\/2023\\\/09\\\/InCollage_20230905_131301601.jpg?fit=960%2C720&ssl=1\",\"contentUrl\":\"https:\\\/\\\/i0.wp.com\\\/infos-droitshumains.net\\\/wp-content\\\/uploads\\\/2023\\\/09\\\/InCollage_20230905_131301601.jpg?fit=960%2C720&ssl=1\",\"width\":960,\"height\":720},{\"@type\":\"BreadcrumbList\",\"@id\":\"https:\\\/\\\/infos-droitshumains.net\\\/?p=7732#breadcrumb\",\"itemListElement\":[{\"@type\":\"ListItem\",\"position\":1,\"name\":\"Accueil\",\"item\":\"https:\\\/\\\/infos-droitshumains.net\\\/\"},{\"@type\":\"ListItem\",\"position\":2,\"name\":\"Affaire Fally Ipupa-Gauthier Sey\u00a0: L\u2019exploit est irr\u00e9gulier d\u00e9nonce la partie pr\u00e9venue\"}]},{\"@type\":\"WebSite\",\"@id\":\"https:\\\/\\\/infos-droitshumains.net\\\/#website\",\"url\":\"https:\\\/\\\/infos-droitshumains.net\\\/\",\"name\":\"Infos Droits Humains\",\"description\":\"S&#039;informer est un droit\",\"publisher\":{\"@id\":\"https:\\\/\\\/infos-droitshumains.net\\\/#organization\"},\"potentialAction\":[{\"@type\":\"SearchAction\",\"target\":{\"@type\":\"EntryPoint\",\"urlTemplate\":\"https:\\\/\\\/infos-droitshumains.net\\\/?s={search_term_string}\"},\"query-input\":{\"@type\":\"PropertyValueSpecification\",\"valueRequired\":true,\"valueName\":\"search_term_string\"}}],\"inLanguage\":\"fr-FR\"},{\"@type\":\"Organization\",\"@id\":\"https:\\\/\\\/infos-droitshumains.net\\\/#organization\",\"name\":\"Infos Droits Humains\",\"url\":\"https:\\\/\\\/infos-droitshumains.net\\\/\",\"logo\":{\"@type\":\"ImageObject\",\"inLanguage\":\"fr-FR\",\"@id\":\"https:\\\/\\\/infos-droitshumains.net\\\/#\\\/schema\\\/logo\\\/image\\\/\",\"url\":\"https:\\\/\\\/i0.wp.com\\\/infos-droitshumains.net\\\/wp-content\\\/uploads\\\/2022\\\/05\\\/Logo.png?fit=333%2C129&ssl=1\",\"contentUrl\":\"https:\\\/\\\/i0.wp.com\\\/infos-droitshumains.net\\\/wp-content\\\/uploads\\\/2022\\\/05\\\/Logo.png?fit=333%2C129&ssl=1\",\"width\":333,\"height\":129,\"caption\":\"Infos Droits Humains\"},\"image\":{\"@id\":\"https:\\\/\\\/infos-droitshumains.net\\\/#\\\/schema\\\/logo\\\/image\\\/\"}},{\"@type\":\"Person\",\"@id\":\"https:\\\/\\\/infos-droitshumains.net\\\/#\\\/schema\\\/person\\\/3dc5e921c3302172e0ed4362f96faab7\",\"name\":\"Jo\u00ebl Diawa\",\"image\":{\"@type\":\"ImageObject\",\"inLanguage\":\"fr-FR\",\"@id\":\"https:\\\/\\\/secure.gravatar.com\\\/avatar\\\/729bea6ff4604c624417803c477363be8e3c7186deaa65713313f9b4b820f41c?s=96&d=mm&r=g\",\"url\":\"https:\\\/\\\/secure.gravatar.com\\\/avatar\\\/729bea6ff4604c624417803c477363be8e3c7186deaa65713313f9b4b820f41c?s=96&d=mm&r=g\",\"contentUrl\":\"https:\\\/\\\/secure.gravatar.com\\\/avatar\\\/729bea6ff4604c624417803c477363be8e3c7186deaa65713313f9b4b820f41c?s=96&d=mm&r=g\",\"caption\":\"Jo\u00ebl Diawa\"},\"sameAs\":[\"https:\\\/\\\/www.infos-droitshumains.net\"],\"url\":\"https:\\\/\\\/infos-droitshumains.net\\\/?author=2\"}]}<\/script>\n<!-- \/ Yoast SEO plugin. -->","yoast_head_json":{"title":"Affaire Fally Ipupa-Gauthier Sey\u00a0: L\u2019exploit est irr\u00e9gulier d\u00e9nonce la partie pr\u00e9venue - Infos Droits Humains","robots":{"index":"index","follow":"follow","max-snippet":"max-snippet:-1","max-image-preview":"max-image-preview:large","max-video-preview":"max-video-preview:-1"},"canonical":"https:\/\/infos-droitshumains.net\/?p=7732","og_locale":"fr_FR","og_type":"article","og_title":"Affaire Fally Ipupa-Gauthier Sey\u00a0: L\u2019exploit est irr\u00e9gulier d\u00e9nonce la partie pr\u00e9venue - Infos Droits Humains","og_description":"R\u00e9daction :+243817406088 C\u2019est ce mardi 05 septembre que s\u2019est ouvert le proc\u00e8s qui oppose l\u2019artiste...","og_url":"https:\/\/infos-droitshumains.net\/?p=7732","og_site_name":"Infos Droits Humains","article_published_time":"2023-09-05T13:30:29+00:00","article_modified_time":"2023-09-05T17:39:13+00:00","og_image":[{"width":960,"height":720,"url":"https:\/\/infos-droitshumains.net\/wp-content\/uploads\/2023\/09\/InCollage_20230905_131301601.jpg","type":"image\/jpeg"}],"author":"Jo\u00ebl Diawa","twitter_card":"summary_large_image","twitter_misc":{"\u00c9crit par":"Jo\u00ebl Diawa","Dur\u00e9e de lecture estim\u00e9e":"5 minutes"},"schema":{"@context":"https:\/\/schema.org","@graph":[{"@type":"Article","@id":"https:\/\/infos-droitshumains.net\/?p=7732#article","isPartOf":{"@id":"https:\/\/infos-droitshumains.net\/?p=7732"},"author":{"name":"Jo\u00ebl Diawa","@id":"https:\/\/infos-droitshumains.net\/#\/schema\/person\/3dc5e921c3302172e0ed4362f96faab7"},"headline":"Affaire Fally Ipupa-Gauthier Sey\u00a0: L\u2019exploit est irr\u00e9gulier d\u00e9nonce la partie pr\u00e9venue","datePublished":"2023-09-05T13:30:29+00:00","dateModified":"2023-09-05T17:39:13+00:00","mainEntityOfPage":{"@id":"https:\/\/infos-droitshumains.net\/?p=7732"},"wordCount":712,"commentCount":0,"publisher":{"@id":"https:\/\/infos-droitshumains.net\/#organization"},"image":{"@id":"https:\/\/infos-droitshumains.net\/?p=7732#primaryimage"},"thumbnailUrl":"https:\/\/i0.wp.com\/infos-droitshumains.net\/wp-content\/uploads\/2023\/09\/InCollage_20230905_131301601.jpg?fit=960%2C720&ssl=1","articleSection":["Justice"],"inLanguage":"fr-FR","potentialAction":[{"@type":"CommentAction","name":"Comment","target":["https:\/\/infos-droitshumains.net\/?p=7732#respond"]}]},{"@type":"WebPage","@id":"https:\/\/infos-droitshumains.net\/?p=7732","url":"https:\/\/infos-droitshumains.net\/?p=7732","name":"Affaire Fally Ipupa-Gauthier Sey\u00a0: L\u2019exploit est irr\u00e9gulier d\u00e9nonce la partie pr\u00e9venue - Infos Droits Humains","isPartOf":{"@id":"https:\/\/infos-droitshumains.net\/#website"},"primaryImageOfPage":{"@id":"https:\/\/infos-droitshumains.net\/?p=7732#primaryimage"},"image":{"@id":"https:\/\/infos-droitshumains.net\/?p=7732#primaryimage"},"thumbnailUrl":"https:\/\/i0.wp.com\/infos-droitshumains.net\/wp-content\/uploads\/2023\/09\/InCollage_20230905_131301601.jpg?fit=960%2C720&ssl=1","datePublished":"2023-09-05T13:30:29+00:00","dateModified":"2023-09-05T17:39:13+00:00","breadcrumb":{"@id":"https:\/\/infos-droitshumains.net\/?p=7732#breadcrumb"},"inLanguage":"fr-FR","potentialAction":[{"@type":"ReadAction","target":["https:\/\/infos-droitshumains.net\/?p=7732"]}]},{"@type":"ImageObject","inLanguage":"fr-FR","@id":"https:\/\/infos-droitshumains.net\/?p=7732#primaryimage","url":"https:\/\/i0.wp.com\/infos-droitshumains.net\/wp-content\/uploads\/2023\/09\/InCollage_20230905_131301601.jpg?fit=960%2C720&ssl=1","contentUrl":"https:\/\/i0.wp.com\/infos-droitshumains.net\/wp-content\/uploads\/2023\/09\/InCollage_20230905_131301601.jpg?fit=960%2C720&ssl=1","width":960,"height":720},{"@type":"BreadcrumbList","@id":"https:\/\/infos-droitshumains.net\/?p=7732#breadcrumb","itemListElement":[{"@type":"ListItem","position":1,"name":"Accueil","item":"https:\/\/infos-droitshumains.net\/"},{"@type":"ListItem","position":2,"name":"Affaire Fally Ipupa-Gauthier Sey\u00a0: L\u2019exploit est irr\u00e9gulier d\u00e9nonce la partie pr\u00e9venue"}]},{"@type":"WebSite","@id":"https:\/\/infos-droitshumains.net\/#website","url":"https:\/\/infos-droitshumains.net\/","name":"Infos Droits Humains","description":"S&#039;informer est un droit","publisher":{"@id":"https:\/\/infos-droitshumains.net\/#organization"},"potentialAction":[{"@type":"SearchAction","target":{"@type":"EntryPoint","urlTemplate":"https:\/\/infos-droitshumains.net\/?s={search_term_string}"},"query-input":{"@type":"PropertyValueSpecification","valueRequired":true,"valueName":"search_term_string"}}],"inLanguage":"fr-FR"},{"@type":"Organization","@id":"https:\/\/infos-droitshumains.net\/#organization","name":"Infos Droits Humains","url":"https:\/\/infos-droitshumains.net\/","logo":{"@type":"ImageObject","inLanguage":"fr-FR","@id":"https:\/\/infos-droitshumains.net\/#\/schema\/logo\/image\/","url":"https:\/\/i0.wp.com\/infos-droitshumains.net\/wp-content\/uploads\/2022\/05\/Logo.png?fit=333%2C129&ssl=1","contentUrl":"https:\/\/i0.wp.com\/infos-droitshumains.net\/wp-content\/uploads\/2022\/05\/Logo.png?fit=333%2C129&ssl=1","width":333,"height":129,"caption":"Infos Droits Humains"},"image":{"@id":"https:\/\/infos-droitshumains.net\/#\/schema\/logo\/image\/"}},{"@type":"Person","@id":"https:\/\/infos-droitshumains.net\/#\/schema\/person\/3dc5e921c3302172e0ed4362f96faab7","name":"Jo\u00ebl Diawa","image":{"@type":"ImageObject","inLanguage":"fr-FR","@id":"https:\/\/secure.gravatar.com\/avatar\/729bea6ff4604c624417803c477363be8e3c7186deaa65713313f9b4b820f41c?s=96&d=mm&r=g","url":"https:\/\/secure.gravatar.com\/avatar\/729bea6ff4604c624417803c477363be8e3c7186deaa65713313f9b4b820f41c?s=96&d=mm&r=g","contentUrl":"https:\/\/secure.gravatar.com\/avatar\/729bea6ff4604c624417803c477363be8e3c7186deaa65713313f9b4b820f41c?s=96&d=mm&r=g","caption":"Jo\u00ebl Diawa"},"sameAs":["https:\/\/www.infos-droitshumains.net"],"url":"https:\/\/infos-droitshumains.net\/?author=2"}]}},"featured_image_urls":{"full":["https:\/\/i0.wp.com\/infos-droitshumains.net\/wp-content\/uploads\/2023\/09\/InCollage_20230905_131301601.jpg?fit=960%2C720&ssl=1",960,720,false],"thumbnail":["https:\/\/i0.wp.com\/infos-droitshumains.net\/wp-content\/uploads\/2023\/09\/InCollage_20230905_131301601.jpg?resize=150%2C150&ssl=1",150,150,true],"medium":["https:\/\/i0.wp.com\/infos-droitshumains.net\/wp-content\/uploads\/2023\/09\/InCollage_20230905_131301601.jpg?fit=300%2C225&ssl=1",300,225,true],"medium_large":["https:\/\/i0.wp.com\/infos-droitshumains.net\/wp-content\/uploads\/2023\/09\/InCollage_20230905_131301601.jpg?fit=640%2C480&ssl=1",640,480,true],"large":["https:\/\/i0.wp.com\/infos-droitshumains.net\/wp-content\/uploads\/2023\/09\/InCollage_20230905_131301601.jpg?fit=640%2C480&ssl=1",640,480,true],"1536x1536":["https:\/\/i0.wp.com\/infos-droitshumains.net\/wp-content\/uploads\/2023\/09\/InCollage_20230905_131301601.jpg?fit=960%2C720&ssl=1",960,720,true],"2048x2048":["https:\/\/i0.wp.com\/infos-droitshumains.net\/wp-content\/uploads\/2023\/09\/InCollage_20230905_131301601.jpg?fit=960%2C720&ssl=1",960,720,true],"covernews-slider-full":["https:\/\/i0.wp.com\/infos-droitshumains.net\/wp-content\/uploads\/2023\/09\/InCollage_20230905_131301601.jpg?resize=960%2C715&ssl=1",960,715,true],"covernews-slider-center":["https:\/\/i0.wp.com\/infos-droitshumains.net\/wp-content\/uploads\/2023\/09\/InCollage_20230905_131301601.jpg?resize=800%2C500&ssl=1",800,500,true],"covernews-featured":["https:\/\/i0.wp.com\/infos-droitshumains.net\/wp-content\/uploads\/2023\/09\/InCollage_20230905_131301601.jpg?fit=960%2C720&ssl=1",960,720,true],"covernews-medium":["https:\/\/i0.wp.com\/infos-droitshumains.net\/wp-content\/uploads\/2023\/09\/InCollage_20230905_131301601.jpg?resize=540%2C340&ssl=1",540,340,true],"covernews-medium-square":["https:\/\/i0.wp.com\/infos-droitshumains.net\/wp-content\/uploads\/2023\/09\/InCollage_20230905_131301601.jpg?resize=400%2C250&ssl=1",400,250,true]},"author_info":{"display_name":"Jo\u00ebl Diawa","author_link":"https:\/\/infos-droitshumains.net\/?author=2"},"category_info":"<a href=\"https:\/\/infos-droitshumains.net\/?cat=6\" rel=\"category\">Justice<\/a>","tag_info":"Justice","comment_count":"0","jetpack_featured_media_url":"https:\/\/i0.wp.com\/infos-droitshumains.net\/wp-content\/uploads\/2023\/09\/InCollage_20230905_131301601.jpg?fit=960%2C720&ssl=1","jetpack-related-posts":[],"jetpack_sharing_enabled":true,"_links":{"self":[{"href":"https:\/\/infos-droitshumains.net\/index.php?rest_route=\/wp\/v2\/posts\/7732","targetHints":{"allow":["GET"]}}],"collection":[{"href":"https:\/\/infos-droitshumains.net\/index.php?rest_route=\/wp\/v2\/posts"}],"about":[{"href":"https:\/\/infos-droitshumains.net\/index.php?rest_route=\/wp\/v2\/types\/post"}],"author":[{"embeddable":true,"href":"https:\/\/infos-droitshumains.net\/index.php?rest_route=\/wp\/v2\/users\/2"}],"replies":[{"embeddable":true,"href":"https:\/\/infos-droitshumains.net\/index.php?rest_route=%2Fwp%2Fv2%2Fcomments&post=7732"}],"version-history":[{"count":9,"href":"https:\/\/infos-droitshumains.net\/index.php?rest_route=\/wp\/v2\/posts\/7732\/revisions"}],"predecessor-version":[{"id":7751,"href":"https:\/\/infos-droitshumains.net\/index.php?rest_route=\/wp\/v2\/posts\/7732\/revisions\/7751"}],"wp:featuredmedia":[{"embeddable":true,"href":"https:\/\/infos-droitshumains.net\/index.php?rest_route=\/wp\/v2\/media\/7733"}],"wp:attachment":[{"href":"https:\/\/infos-droitshumains.net\/index.php?rest_route=%2Fwp%2Fv2%2Fmedia&parent=7732"}],"wp:term":[{"taxonomy":"category","embeddable":true,"href":"https:\/\/infos-droitshumains.net\/index.php?rest_route=%2Fwp%2Fv2%2Fcategories&post=7732"},{"taxonomy":"post_tag","embeddable":true,"href":"https:\/\/infos-droitshumains.net\/index.php?rest_route=%2Fwp%2Fv2%2Ftags&post=7732"}],"curies":[{"name":"wp","href":"https:\/\/api.w.org\/{rel}","templated":true}]}}