{"id":7713,"date":"2023-09-02T18:41:37","date_gmt":"2023-09-02T16:41:37","guid":{"rendered":"https:\/\/infos-droitshumains.net\/?p=7713"},"modified":"2023-09-02T22:58:54","modified_gmt":"2023-09-02T20:58:54","slug":"tgi-gombe-pierrot-bakenge-mvita-aura-marque-la-justice-congolaise-dune-empreinte-indelebile","status":"publish","type":"post","link":"https:\/\/infos-droitshumains.net\/?p=7713","title":{"rendered":"TGI\/Gombe\u00a0: Pierrot Bakenge Mvita aura marqu\u00e9 la justice congolaise d\u2019une empreinte ind\u00e9l\u00e9bile"},"content":{"rendered":"\n<p><strong>R\u00e9daction :+243817406088<\/strong><\/p>\n\n\n\n<p>Apr\u00e8s avoir pass\u00e9 trois ans \u00e0 la t\u00eate du Tribunal de Grande instance de Kinshasa\/Gombe, Pierrot Bakenge Mvita aura le m\u00e9rite d\u2019avoir \u00e9crit son nom en lettre d\u2019or. Remplac\u00e9 par Charly Kasunda Ngeleka, le d\u00e9sormais ex Pr\u00e9sident du Tribunal de Grande Instance de Kinshasa\/Gombe est sans nul doute la personne qui a r\u00e9volutionner cette juridiction par ses \u0153uvres.<\/p>\n\n\n\n<p>D\u00e8s son av\u00e8nement, Pierrot Bakenge avait aussit\u00f4t lanc\u00e9 les travaux de r\u00e9habilitation du b\u00e2timent qui abrite cette juridiction, un b\u00e2timent qui \u00e9tait en \u00e9tat de d\u00e9labrement. De la salle des juges aux greffes en passant par les salles d\u2019audiences, la salle de banquet et autres services, tous les locaux, en sus d\u2019avoir subi un coup de pinceau, ont \u00e9t\u00e9 climatis\u00e9s, mettant ainsi tout le personnel dans des bonnes conditions de travail.<\/p>\n\n\n\n<p><em>\u00abNous faisons un effort pour que les magistrats soient dans des conditions plus au moins acceptable, les justiciables que nous recevons, les soient aussi\u00bb<\/em><strong>&nbsp;<\/strong>d\u00e9clarait-il dans une interview accord\u00e9e \u00e0 la r\u00e9daction d\u2019infos-droitshumains.net le 22 mars 2022.<\/p>\n\n\n\n<p>Du point de vue fond, le Pr\u00e9sident Pierrot Bakenge avait, d\u00e8s sa prise des fonctions, repos\u00e9 son action sur cinq axes prioritaires afin d\u2019instaurer la bonne administration de la justice, gage de l\u2019\u00e9tat de droit.<\/p>\n\n\n\n<p>Le premier axe \u00e9tait celui de faire respecter les d\u00e9lais des prononc\u00e9s. <em>Il a \u00e9t\u00e9 toujours derni\u00e8re les juges pour que les d\u00e9cisions soient rendues dans le d\u00e9lai pr\u00e9vu par la loi&nbsp;;<\/em><\/p>\n\n\n\n<p>Le deuxi\u00e8me axe \u00e9tait celui d\u2019\u00e9viter les r\u00e9ouvertures des d\u00e9bats de complaisance&nbsp;;<\/p>\n\n\n\n<p>Dans le troisi\u00e8me axe, il avait mis l\u2019accent sur la formation afin de rendre les magistrats de sa juridiction comp\u00e9titifs et assidus. Pour y parvenir, il <em>a<\/em><strong><em> <\/em><\/strong><em>instaur\u00e9 le syst\u00e8me des pl\u00e9ni\u00e8res qui se tiennent r\u00e9guli\u00e8rement, pour d\u00e9battre des questions de droit et \u00e9changer avec les magistrats, aborder des dossiers assez complexes et trouver des solutions d\u2019ensemble, car \u00e0 l\u2019en croire, \u00abLe justiciable a droit \u00e0 un juge bien form\u00e9, un juge qui est bien form\u00e9, peut bien dire le droit&nbsp;\u00bb&nbsp;;<\/em><\/p>\n\n\n\n<p><em>Dans son quatri\u00e8me axe, Pierrot Bakenge a d\u00e9cid\u00e9 de mettre <\/em>tous les juges au service.<strong> <\/strong>Avec 57 magistrats, le Tribunal de Grande Instance de Kinshasa\/Gombe semblait \u00eatre la juridiction la plus pl\u00e9thorique de la R\u00e9publique. Mais au regard du volume des dossiers enregistr\u00e9s et de la strat\u00e9gie mise en place, aucun d\u2019entre eux ne tourne les pouces.<\/p>\n\n\n\n<p>Une autre grande r\u00e9alisation \u00e0 mettre \u00e0 l\u2019actif de Bakenge, c\u2019est la baisse de certains frais de justice. Avant qu\u2019il ne soit nomm\u00e9 pr\u00e9sident du TGI\/Gombe, pour avoir une ordonnance abr\u00e9viative de d\u00e9lai, il fallait payer&nbsp;100$, mais depuis qu\u2019il est l\u00e0, le prix a \u00e9t\u00e9 rabattu \u00e0&nbsp;20$, de quoi soulager la peine des justiciables.<\/p>\n\n\n\n<p>Drainant derri\u00e8re lui une grande et longue exp\u00e9rience, le sens d\u2019\u00e9coute, la dext\u00e9rit\u00e9 \u00e0 dire le droit, l\u2019int\u00e9grit\u00e9 et la discipline sont les quelques-unes des vertus qui ont fait la renomm\u00e9e de celui qui est surnomm\u00e9 par ses coll\u00e8gues <em>\u00ab&nbsp;Coach&nbsp;\u00bb<\/em>.<\/p>\n\n\n\n<p><em>\u00ab&nbsp;Pierrot Bakenge est un juge comp\u00e9tent. J\u2019ai eu l\u2019avantage de le c\u00f4toyer depuis 5 ans. Au TGI\/Gombe, except\u00e9 le chef de juridiction qu\u2019il est, il compte parmi les juges que tout le monde consulte pour diverses questions complexes li\u00e9es au droit. C\u2019est avec spontan\u00e9it\u00e9 qu\u2019il r\u00e9agit et n\u2019est jamais indisponible pour les siens&nbsp;\u00bb, <\/em><em>l\u2019encensait<\/em><em> <\/em>un juge du TGI\/Gombe sous couvert de l\u2019anonymat pour qui, <em>\u00ab&nbsp;Les jeunes juges trouvent en Pierrot Bakenge, le support id\u00e9al, une source intarissable en mati\u00e8re de droit&nbsp;\u00bb.<\/em><\/p>\n\n\n\n<p><em>Aujourd\u2019hui, l\u2019opinion et les justiciable sont fiers de tout ce &nbsp;que Pierrot Bakenge a r\u00e9alis\u00e9 dans cette juridiction m\u00e9tropolitaine. En trois ans, nos enqu\u00eates ont conclu que contrairement \u00e0 ses pr\u00e9d\u00e9cesseurs, il n\u2019a subi ni interdiction, ni suspension moins encore un bl\u00e2me. D\u00e8s lors qu\u2019il a appris l\u2019information de son remplacement, en un digne homme d\u2019Etat, il a \u00e9t\u00e9 le premier \u00e0 appeler son successeur pour le f\u00e9liciter.<\/em><\/p>\n\n\n\n<p>Au regard de toutes ces r\u00e9alisations, tout porte \u00e0 croire que le passage de ce f\u00e9ru du syst\u00e8me judiciaire congolais \u00e0 la t\u00eate du Tribunal de Grande Instance de Kinshasa\/Gombe aura \u00e9t\u00e9 une totale r\u00e9ussite et que son successeur \u00e0 tout int\u00e9r\u00eat \u00e0 capitaliser ces acquis et poursuivre les projets qui \u00e9taient encore en gestation, dont celui de la num\u00e9risation du TGI\/Gombe<\/p>\n\n\n\n<p>Merlin Kamalandua<\/p>\n","protected":false},"excerpt":{"rendered":"<p>R\u00e9daction :+243817406088 Apr\u00e8s avoir pass\u00e9 trois ans \u00e0 la t\u00eate du Tribunal de Grande instance&#8230;<\/p>\n","protected":false},"author":2,"featured_media":7722,"comment_status":"open","ping_status":"open","sticky":false,"template":"","format":"standard","meta":{"_jetpack_memberships_contains_paid_content":false,"footnotes":""},"categories":[6],"tags":[],"class_list":["post-7713","post","type-post","status-publish","format-standard","has-post-thumbnail","hentry","category-justice"],"yoast_head":"<!-- This site is optimized with the Yoast SEO plugin v27.5 - https:\/\/yoast.com\/product\/yoast-seo-wordpress\/ -->\n<title>TGI\/Gombe\u00a0: Pierrot Bakenge Mvita aura marqu\u00e9 la justice congolaise d\u2019une empreinte ind\u00e9l\u00e9bile - Infos Droits Humains<\/title>\n<meta name=\"robots\" content=\"index, follow, max-snippet:-1, max-image-preview:large, max-video-preview:-1\" \/>\n<link rel=\"canonical\" href=\"https:\/\/infos-droitshumains.net\/?p=7713\" \/>\n<meta property=\"og:locale\" content=\"fr_FR\" \/>\n<meta property=\"og:type\" content=\"article\" \/>\n<meta property=\"og:title\" content=\"TGI\/Gombe\u00a0: Pierrot Bakenge Mvita aura marqu\u00e9 la justice congolaise d\u2019une empreinte ind\u00e9l\u00e9bile - Infos Droits Humains\" \/>\n<meta property=\"og:description\" content=\"R\u00e9daction :+243817406088 Apr\u00e8s avoir pass\u00e9 trois ans \u00e0 la t\u00eate du Tribunal de Grande instance...\" \/>\n<meta property=\"og:url\" content=\"https:\/\/infos-droitshumains.net\/?p=7713\" \/>\n<meta property=\"og:site_name\" content=\"Infos Droits Humains\" \/>\n<meta property=\"article:published_time\" content=\"2023-09-02T16:41:37+00:00\" \/>\n<meta property=\"article:modified_time\" content=\"2023-09-02T20:58:54+00:00\" \/>\n<meta property=\"og:image\" content=\"https:\/\/infos-droitshumains.net\/wp-content\/uploads\/2023\/09\/IMG-20221117-WA0002_2-2.jpg\" \/>\n\t<meta property=\"og:image:width\" content=\"754\" \/>\n\t<meta property=\"og:image:height\" content=\"815\" \/>\n\t<meta property=\"og:image:type\" content=\"image\/jpeg\" \/>\n<meta name=\"author\" content=\"Jo\u00ebl Diawa\" \/>\n<meta name=\"twitter:card\" content=\"summary_large_image\" \/>\n<meta name=\"twitter:label1\" content=\"\u00c9crit par\" \/>\n\t<meta name=\"twitter:data1\" content=\"Jo\u00ebl Diawa\" \/>\n\t<meta name=\"twitter:label2\" content=\"Dur\u00e9e de lecture estim\u00e9e\" \/>\n\t<meta name=\"twitter:data2\" content=\"4 minutes\" \/>\n<script type=\"application\/ld+json\" class=\"yoast-schema-graph\">{\"@context\":\"https:\\\/\\\/schema.org\",\"@graph\":[{\"@type\":\"Article\",\"@id\":\"https:\\\/\\\/infos-droitshumains.net\\\/?p=7713#article\",\"isPartOf\":{\"@id\":\"https:\\\/\\\/infos-droitshumains.net\\\/?p=7713\"},\"author\":{\"name\":\"Jo\u00ebl Diawa\",\"@id\":\"https:\\\/\\\/infos-droitshumains.net\\\/#\\\/schema\\\/person\\\/3dc5e921c3302172e0ed4362f96faab7\"},\"headline\":\"TGI\\\/Gombe\u00a0: Pierrot Bakenge Mvita aura marqu\u00e9 la justice congolaise d\u2019une empreinte ind\u00e9l\u00e9bile\",\"datePublished\":\"2023-09-02T16:41:37+00:00\",\"dateModified\":\"2023-09-02T20:58:54+00:00\",\"mainEntityOfPage\":{\"@id\":\"https:\\\/\\\/infos-droitshumains.net\\\/?p=7713\"},\"wordCount\":820,\"commentCount\":0,\"publisher\":{\"@id\":\"https:\\\/\\\/infos-droitshumains.net\\\/#organization\"},\"image\":{\"@id\":\"https:\\\/\\\/infos-droitshumains.net\\\/?p=7713#primaryimage\"},\"thumbnailUrl\":\"https:\\\/\\\/i0.wp.com\\\/infos-droitshumains.net\\\/wp-content\\\/uploads\\\/2023\\\/09\\\/IMG-20221117-WA0002_2-2.jpg?fit=754%2C815&ssl=1\",\"articleSection\":[\"Justice\"],\"inLanguage\":\"fr-FR\",\"potentialAction\":[{\"@type\":\"CommentAction\",\"name\":\"Comment\",\"target\":[\"https:\\\/\\\/infos-droitshumains.net\\\/?p=7713#respond\"]}]},{\"@type\":\"WebPage\",\"@id\":\"https:\\\/\\\/infos-droitshumains.net\\\/?p=7713\",\"url\":\"https:\\\/\\\/infos-droitshumains.net\\\/?p=7713\",\"name\":\"TGI\\\/Gombe\u00a0: Pierrot Bakenge Mvita aura marqu\u00e9 la justice congolaise d\u2019une empreinte ind\u00e9l\u00e9bile - Infos Droits Humains\",\"isPartOf\":{\"@id\":\"https:\\\/\\\/infos-droitshumains.net\\\/#website\"},\"primaryImageOfPage\":{\"@id\":\"https:\\\/\\\/infos-droitshumains.net\\\/?p=7713#primaryimage\"},\"image\":{\"@id\":\"https:\\\/\\\/infos-droitshumains.net\\\/?p=7713#primaryimage\"},\"thumbnailUrl\":\"https:\\\/\\\/i0.wp.com\\\/infos-droitshumains.net\\\/wp-content\\\/uploads\\\/2023\\\/09\\\/IMG-20221117-WA0002_2-2.jpg?fit=754%2C815&ssl=1\",\"datePublished\":\"2023-09-02T16:41:37+00:00\",\"dateModified\":\"2023-09-02T20:58:54+00:00\",\"breadcrumb\":{\"@id\":\"https:\\\/\\\/infos-droitshumains.net\\\/?p=7713#breadcrumb\"},\"inLanguage\":\"fr-FR\",\"potentialAction\":[{\"@type\":\"ReadAction\",\"target\":[\"https:\\\/\\\/infos-droitshumains.net\\\/?p=7713\"]}]},{\"@type\":\"ImageObject\",\"inLanguage\":\"fr-FR\",\"@id\":\"https:\\\/\\\/infos-droitshumains.net\\\/?p=7713#primaryimage\",\"url\":\"https:\\\/\\\/i0.wp.com\\\/infos-droitshumains.net\\\/wp-content\\\/uploads\\\/2023\\\/09\\\/IMG-20221117-WA0002_2-2.jpg?fit=754%2C815&ssl=1\",\"contentUrl\":\"https:\\\/\\\/i0.wp.com\\\/infos-droitshumains.net\\\/wp-content\\\/uploads\\\/2023\\\/09\\\/IMG-20221117-WA0002_2-2.jpg?fit=754%2C815&ssl=1\",\"width\":754,\"height\":815},{\"@type\":\"BreadcrumbList\",\"@id\":\"https:\\\/\\\/infos-droitshumains.net\\\/?p=7713#breadcrumb\",\"itemListElement\":[{\"@type\":\"ListItem\",\"position\":1,\"name\":\"Accueil\",\"item\":\"https:\\\/\\\/infos-droitshumains.net\\\/\"},{\"@type\":\"ListItem\",\"position\":2,\"name\":\"TGI\\\/Gombe\u00a0: Pierrot Bakenge Mvita aura marqu\u00e9 la justice congolaise d\u2019une empreinte ind\u00e9l\u00e9bile\"}]},{\"@type\":\"WebSite\",\"@id\":\"https:\\\/\\\/infos-droitshumains.net\\\/#website\",\"url\":\"https:\\\/\\\/infos-droitshumains.net\\\/\",\"name\":\"Infos Droits Humains\",\"description\":\"S&#039;informer est un droit\",\"publisher\":{\"@id\":\"https:\\\/\\\/infos-droitshumains.net\\\/#organization\"},\"potentialAction\":[{\"@type\":\"SearchAction\",\"target\":{\"@type\":\"EntryPoint\",\"urlTemplate\":\"https:\\\/\\\/infos-droitshumains.net\\\/?s={search_term_string}\"},\"query-input\":{\"@type\":\"PropertyValueSpecification\",\"valueRequired\":true,\"valueName\":\"search_term_string\"}}],\"inLanguage\":\"fr-FR\"},{\"@type\":\"Organization\",\"@id\":\"https:\\\/\\\/infos-droitshumains.net\\\/#organization\",\"name\":\"Infos Droits Humains\",\"url\":\"https:\\\/\\\/infos-droitshumains.net\\\/\",\"logo\":{\"@type\":\"ImageObject\",\"inLanguage\":\"fr-FR\",\"@id\":\"https:\\\/\\\/infos-droitshumains.net\\\/#\\\/schema\\\/logo\\\/image\\\/\",\"url\":\"https:\\\/\\\/i0.wp.com\\\/infos-droitshumains.net\\\/wp-content\\\/uploads\\\/2022\\\/05\\\/Logo.png?fit=333%2C129&ssl=1\",\"contentUrl\":\"https:\\\/\\\/i0.wp.com\\\/infos-droitshumains.net\\\/wp-content\\\/uploads\\\/2022\\\/05\\\/Logo.png?fit=333%2C129&ssl=1\",\"width\":333,\"height\":129,\"caption\":\"Infos Droits Humains\"},\"image\":{\"@id\":\"https:\\\/\\\/infos-droitshumains.net\\\/#\\\/schema\\\/logo\\\/image\\\/\"}},{\"@type\":\"Person\",\"@id\":\"https:\\\/\\\/infos-droitshumains.net\\\/#\\\/schema\\\/person\\\/3dc5e921c3302172e0ed4362f96faab7\",\"name\":\"Jo\u00ebl Diawa\",\"image\":{\"@type\":\"ImageObject\",\"inLanguage\":\"fr-FR\",\"@id\":\"https:\\\/\\\/secure.gravatar.com\\\/avatar\\\/729bea6ff4604c624417803c477363be8e3c7186deaa65713313f9b4b820f41c?s=96&d=mm&r=g\",\"url\":\"https:\\\/\\\/secure.gravatar.com\\\/avatar\\\/729bea6ff4604c624417803c477363be8e3c7186deaa65713313f9b4b820f41c?s=96&d=mm&r=g\",\"contentUrl\":\"https:\\\/\\\/secure.gravatar.com\\\/avatar\\\/729bea6ff4604c624417803c477363be8e3c7186deaa65713313f9b4b820f41c?s=96&d=mm&r=g\",\"caption\":\"Jo\u00ebl Diawa\"},\"sameAs\":[\"https:\\\/\\\/www.infos-droitshumains.net\"],\"url\":\"https:\\\/\\\/infos-droitshumains.net\\\/?author=2\"}]}<\/script>\n<!-- \/ Yoast SEO plugin. -->","yoast_head_json":{"title":"TGI\/Gombe\u00a0: Pierrot Bakenge Mvita aura marqu\u00e9 la justice congolaise d\u2019une empreinte ind\u00e9l\u00e9bile - Infos Droits Humains","robots":{"index":"index","follow":"follow","max-snippet":"max-snippet:-1","max-image-preview":"max-image-preview:large","max-video-preview":"max-video-preview:-1"},"canonical":"https:\/\/infos-droitshumains.net\/?p=7713","og_locale":"fr_FR","og_type":"article","og_title":"TGI\/Gombe\u00a0: Pierrot Bakenge Mvita aura marqu\u00e9 la justice congolaise d\u2019une empreinte ind\u00e9l\u00e9bile - Infos Droits Humains","og_description":"R\u00e9daction :+243817406088 Apr\u00e8s avoir pass\u00e9 trois ans \u00e0 la t\u00eate du Tribunal de Grande instance...","og_url":"https:\/\/infos-droitshumains.net\/?p=7713","og_site_name":"Infos Droits Humains","article_published_time":"2023-09-02T16:41:37+00:00","article_modified_time":"2023-09-02T20:58:54+00:00","og_image":[{"width":754,"height":815,"url":"https:\/\/infos-droitshumains.net\/wp-content\/uploads\/2023\/09\/IMG-20221117-WA0002_2-2.jpg","type":"image\/jpeg"}],"author":"Jo\u00ebl Diawa","twitter_card":"summary_large_image","twitter_misc":{"\u00c9crit par":"Jo\u00ebl Diawa","Dur\u00e9e de lecture estim\u00e9e":"4 minutes"},"schema":{"@context":"https:\/\/schema.org","@graph":[{"@type":"Article","@id":"https:\/\/infos-droitshumains.net\/?p=7713#article","isPartOf":{"@id":"https:\/\/infos-droitshumains.net\/?p=7713"},"author":{"name":"Jo\u00ebl Diawa","@id":"https:\/\/infos-droitshumains.net\/#\/schema\/person\/3dc5e921c3302172e0ed4362f96faab7"},"headline":"TGI\/Gombe\u00a0: Pierrot Bakenge Mvita aura marqu\u00e9 la justice congolaise d\u2019une empreinte ind\u00e9l\u00e9bile","datePublished":"2023-09-02T16:41:37+00:00","dateModified":"2023-09-02T20:58:54+00:00","mainEntityOfPage":{"@id":"https:\/\/infos-droitshumains.net\/?p=7713"},"wordCount":820,"commentCount":0,"publisher":{"@id":"https:\/\/infos-droitshumains.net\/#organization"},"image":{"@id":"https:\/\/infos-droitshumains.net\/?p=7713#primaryimage"},"thumbnailUrl":"https:\/\/i0.wp.com\/infos-droitshumains.net\/wp-content\/uploads\/2023\/09\/IMG-20221117-WA0002_2-2.jpg?fit=754%2C815&ssl=1","articleSection":["Justice"],"inLanguage":"fr-FR","potentialAction":[{"@type":"CommentAction","name":"Comment","target":["https:\/\/infos-droitshumains.net\/?p=7713#respond"]}]},{"@type":"WebPage","@id":"https:\/\/infos-droitshumains.net\/?p=7713","url":"https:\/\/infos-droitshumains.net\/?p=7713","name":"TGI\/Gombe\u00a0: Pierrot Bakenge Mvita aura marqu\u00e9 la justice congolaise d\u2019une empreinte ind\u00e9l\u00e9bile - Infos Droits Humains","isPartOf":{"@id":"https:\/\/infos-droitshumains.net\/#website"},"primaryImageOfPage":{"@id":"https:\/\/infos-droitshumains.net\/?p=7713#primaryimage"},"image":{"@id":"https:\/\/infos-droitshumains.net\/?p=7713#primaryimage"},"thumbnailUrl":"https:\/\/i0.wp.com\/infos-droitshumains.net\/wp-content\/uploads\/2023\/09\/IMG-20221117-WA0002_2-2.jpg?fit=754%2C815&ssl=1","datePublished":"2023-09-02T16:41:37+00:00","dateModified":"2023-09-02T20:58:54+00:00","breadcrumb":{"@id":"https:\/\/infos-droitshumains.net\/?p=7713#breadcrumb"},"inLanguage":"fr-FR","potentialAction":[{"@type":"ReadAction","target":["https:\/\/infos-droitshumains.net\/?p=7713"]}]},{"@type":"ImageObject","inLanguage":"fr-FR","@id":"https:\/\/infos-droitshumains.net\/?p=7713#primaryimage","url":"https:\/\/i0.wp.com\/infos-droitshumains.net\/wp-content\/uploads\/2023\/09\/IMG-20221117-WA0002_2-2.jpg?fit=754%2C815&ssl=1","contentUrl":"https:\/\/i0.wp.com\/infos-droitshumains.net\/wp-content\/uploads\/2023\/09\/IMG-20221117-WA0002_2-2.jpg?fit=754%2C815&ssl=1","width":754,"height":815},{"@type":"BreadcrumbList","@id":"https:\/\/infos-droitshumains.net\/?p=7713#breadcrumb","itemListElement":[{"@type":"ListItem","position":1,"name":"Accueil","item":"https:\/\/infos-droitshumains.net\/"},{"@type":"ListItem","position":2,"name":"TGI\/Gombe\u00a0: Pierrot Bakenge Mvita aura marqu\u00e9 la justice congolaise d\u2019une empreinte ind\u00e9l\u00e9bile"}]},{"@type":"WebSite","@id":"https:\/\/infos-droitshumains.net\/#website","url":"https:\/\/infos-droitshumains.net\/","name":"Infos Droits Humains","description":"S&#039;informer est un droit","publisher":{"@id":"https:\/\/infos-droitshumains.net\/#organization"},"potentialAction":[{"@type":"SearchAction","target":{"@type":"EntryPoint","urlTemplate":"https:\/\/infos-droitshumains.net\/?s={search_term_string}"},"query-input":{"@type":"PropertyValueSpecification","valueRequired":true,"valueName":"search_term_string"}}],"inLanguage":"fr-FR"},{"@type":"Organization","@id":"https:\/\/infos-droitshumains.net\/#organization","name":"Infos Droits Humains","url":"https:\/\/infos-droitshumains.net\/","logo":{"@type":"ImageObject","inLanguage":"fr-FR","@id":"https:\/\/infos-droitshumains.net\/#\/schema\/logo\/image\/","url":"https:\/\/i0.wp.com\/infos-droitshumains.net\/wp-content\/uploads\/2022\/05\/Logo.png?fit=333%2C129&ssl=1","contentUrl":"https:\/\/i0.wp.com\/infos-droitshumains.net\/wp-content\/uploads\/2022\/05\/Logo.png?fit=333%2C129&ssl=1","width":333,"height":129,"caption":"Infos Droits Humains"},"image":{"@id":"https:\/\/infos-droitshumains.net\/#\/schema\/logo\/image\/"}},{"@type":"Person","@id":"https:\/\/infos-droitshumains.net\/#\/schema\/person\/3dc5e921c3302172e0ed4362f96faab7","name":"Jo\u00ebl Diawa","image":{"@type":"ImageObject","inLanguage":"fr-FR","@id":"https:\/\/secure.gravatar.com\/avatar\/729bea6ff4604c624417803c477363be8e3c7186deaa65713313f9b4b820f41c?s=96&d=mm&r=g","url":"https:\/\/secure.gravatar.com\/avatar\/729bea6ff4604c624417803c477363be8e3c7186deaa65713313f9b4b820f41c?s=96&d=mm&r=g","contentUrl":"https:\/\/secure.gravatar.com\/avatar\/729bea6ff4604c624417803c477363be8e3c7186deaa65713313f9b4b820f41c?s=96&d=mm&r=g","caption":"Jo\u00ebl Diawa"},"sameAs":["https:\/\/www.infos-droitshumains.net"],"url":"https:\/\/infos-droitshumains.net\/?author=2"}]}},"featured_image_urls":{"full":["https:\/\/i0.wp.com\/infos-droitshumains.net\/wp-content\/uploads\/2023\/09\/IMG-20221117-WA0002_2-2.jpg?fit=754%2C815&ssl=1",754,815,false],"thumbnail":["https:\/\/i0.wp.com\/infos-droitshumains.net\/wp-content\/uploads\/2023\/09\/IMG-20221117-WA0002_2-2.jpg?resize=150%2C150&ssl=1",150,150,true],"medium":["https:\/\/i0.wp.com\/infos-droitshumains.net\/wp-content\/uploads\/2023\/09\/IMG-20221117-WA0002_2-2.jpg?fit=278%2C300&ssl=1",278,300,true],"medium_large":["https:\/\/i0.wp.com\/infos-droitshumains.net\/wp-content\/uploads\/2023\/09\/IMG-20221117-WA0002_2-2.jpg?fit=640%2C692&ssl=1",640,692,true],"large":["https:\/\/i0.wp.com\/infos-droitshumains.net\/wp-content\/uploads\/2023\/09\/IMG-20221117-WA0002_2-2.jpg?fit=640%2C692&ssl=1",640,692,true],"1536x1536":["https:\/\/i0.wp.com\/infos-droitshumains.net\/wp-content\/uploads\/2023\/09\/IMG-20221117-WA0002_2-2.jpg?fit=754%2C815&ssl=1",754,815,true],"2048x2048":["https:\/\/i0.wp.com\/infos-droitshumains.net\/wp-content\/uploads\/2023\/09\/IMG-20221117-WA0002_2-2.jpg?fit=754%2C815&ssl=1",754,815,true],"covernews-slider-full":["https:\/\/i0.wp.com\/infos-droitshumains.net\/wp-content\/uploads\/2023\/09\/IMG-20221117-WA0002_2-2.jpg?resize=754%2C715&ssl=1",754,715,true],"covernews-slider-center":["https:\/\/i0.wp.com\/infos-droitshumains.net\/wp-content\/uploads\/2023\/09\/IMG-20221117-WA0002_2-2.jpg?resize=754%2C500&ssl=1",754,500,true],"covernews-featured":["https:\/\/i0.wp.com\/infos-droitshumains.net\/wp-content\/uploads\/2023\/09\/IMG-20221117-WA0002_2-2.jpg?fit=754%2C815&ssl=1",754,815,true],"covernews-medium":["https:\/\/i0.wp.com\/infos-droitshumains.net\/wp-content\/uploads\/2023\/09\/IMG-20221117-WA0002_2-2.jpg?resize=540%2C340&ssl=1",540,340,true],"covernews-medium-square":["https:\/\/i0.wp.com\/infos-droitshumains.net\/wp-content\/uploads\/2023\/09\/IMG-20221117-WA0002_2-2.jpg?resize=400%2C250&ssl=1",400,250,true]},"author_info":{"display_name":"Jo\u00ebl Diawa","author_link":"https:\/\/infos-droitshumains.net\/?author=2"},"category_info":"<a href=\"https:\/\/infos-droitshumains.net\/?cat=6\" rel=\"category\">Justice<\/a>","tag_info":"Justice","comment_count":"0","jetpack_featured_media_url":"https:\/\/i0.wp.com\/infos-droitshumains.net\/wp-content\/uploads\/2023\/09\/IMG-20221117-WA0002_2-2.jpg?fit=754%2C815&ssl=1","jetpack-related-posts":[],"jetpack_sharing_enabled":true,"_links":{"self":[{"href":"https:\/\/infos-droitshumains.net\/index.php?rest_route=\/wp\/v2\/posts\/7713","targetHints":{"allow":["GET"]}}],"collection":[{"href":"https:\/\/infos-droitshumains.net\/index.php?rest_route=\/wp\/v2\/posts"}],"about":[{"href":"https:\/\/infos-droitshumains.net\/index.php?rest_route=\/wp\/v2\/types\/post"}],"author":[{"embeddable":true,"href":"https:\/\/infos-droitshumains.net\/index.php?rest_route=\/wp\/v2\/users\/2"}],"replies":[{"embeddable":true,"href":"https:\/\/infos-droitshumains.net\/index.php?rest_route=%2Fwp%2Fv2%2Fcomments&post=7713"}],"version-history":[{"count":1,"href":"https:\/\/infos-droitshumains.net\/index.php?rest_route=\/wp\/v2\/posts\/7713\/revisions"}],"predecessor-version":[{"id":7720,"href":"https:\/\/infos-droitshumains.net\/index.php?rest_route=\/wp\/v2\/posts\/7713\/revisions\/7720"}],"wp:featuredmedia":[{"embeddable":true,"href":"https:\/\/infos-droitshumains.net\/index.php?rest_route=\/wp\/v2\/media\/7722"}],"wp:attachment":[{"href":"https:\/\/infos-droitshumains.net\/index.php?rest_route=%2Fwp%2Fv2%2Fmedia&parent=7713"}],"wp:term":[{"taxonomy":"category","embeddable":true,"href":"https:\/\/infos-droitshumains.net\/index.php?rest_route=%2Fwp%2Fv2%2Fcategories&post=7713"},{"taxonomy":"post_tag","embeddable":true,"href":"https:\/\/infos-droitshumains.net\/index.php?rest_route=%2Fwp%2Fv2%2Ftags&post=7713"}],"curies":[{"name":"wp","href":"https:\/\/api.w.org\/{rel}","templated":true}]}}