{"id":7692,"date":"2023-08-28T22:46:28","date_gmt":"2023-08-28T20:46:28","guid":{"rendered":"https:\/\/infos-droitshumains.net\/?p=7692"},"modified":"2023-09-01T01:01:06","modified_gmt":"2023-08-31T23:01:06","slug":"rdc-sous-payes-les-agents-du-ministere-de-la-jeunesse-inc-denoncent-linjustice-salariale-dont-ils-sont-victimes-sous-letat-de-droit-enquete","status":"publish","type":"post","link":"https:\/\/infos-droitshumains.net\/?p=7692","title":{"rendered":"RDC\u00a0: Sous-pay\u00e9s, les agents du minist\u00e8re de la jeunesse, INC d\u00e9noncent l\u2019injustice salariale dont ils sont victimes sous l\u2019Etat de Droit (Enqu\u00eate)"},"content":{"rendered":"\n<p><strong>R\u00e9daction :+243817406088<\/strong><\/p>\n\n\n\n<h4 class=\"wp-block-heading has-vivid-red-color has-text-color\"><em>\u00ab\u2026Nous entendons aussi am\u00e9liorer les conditions de travail des fonctionnaires et agents de l\u2019Etat. Dans cette optique, nous souhaitons initier des \u00e9changes avec les diff\u00e9rents syndicats socio professionnels afin de trouver des solutions \u00e0 toutes ces pr\u00e9occupations\u2026&nbsp;\u00bb<\/em>, disait le chef de l\u2019Etat F\u00e9lix-Antoine Tshisekedi Tshilombo dans son discours d\u2019investiture le 19 janvier 2019. Une volont\u00e9 r\u00e9it\u00e9r\u00e9e trois ans plus tard \u00e0 dans la Province du Sankuru&nbsp;: <em>\u00ab&nbsp;<\/em><em>vous verrez, avec notre politique de mobilisation accrue des recettes publiques, les cons\u00e9quences que cela va apporter. Les salaires des fonctionnaires de l\u2019\u00c9tat vont augmenter. Nous ne sommes pas venus voler. Faites-moi confiance&nbsp;\u00bb<\/em>, r\u00e9pondait le Pr\u00e9sident de la R\u00e9publique \u00e0 la pr\u00e9occupation de la femme d\u2019un policier sur les conditions salariales de son mari.<\/h4>\n\n\n\n<p>Malheureusement, cette promesse du Premier des congolais n\u2019a \u00e9t\u00e9 r\u00e9alis\u00e9e que de mani\u00e8re s\u00e9lective. Si les agents de certains minist\u00e8res ont b\u00e9n\u00e9fici\u00e9 de l\u2019augmentation des primes et avantages sociaux, il n\u2019en est pas le cas pour le minist\u00e8re de la jeunesse et initiation \u00e0 la nouvelle citoyennet\u00e9 o\u00f9 les agents du secr\u00e9tariat g\u00e9n\u00e9ral se plaignent des leurs conditions.<\/p>\n\n\n\n<p><em>\u00ab&nbsp;Nous ne nous rendons pas au travail r\u00e9guli\u00e8rement parce que nous sommes sous-pay\u00e9 pour ne pas dire mal-pay\u00e9. Un attach\u00e9 de deuxi\u00e8me classe qui a un titre acad\u00e9mique de licenci\u00e9, au minist\u00e8re de la jeunesse, il a une prime de 200.000 franc congolais. S\u2019il n\u2019est pas m\u00e9canis\u00e9, il ne vit qu\u2019avec \u00e7a mais s\u2019il est m\u00e9canis\u00e9, il a un salaire de base d\u2019environ 270.000 fc ce qui lui fait environ 470.000 fc. Par contre, un agent qui a le m\u00eame grade dans d\u2019autres minist\u00e8res touche aux environs 1.000.000 et 1.250.000 franc congolais ou plus selon les minist\u00e8res. Nous vivons l\u2019injustice de l\u2019Etat sous l\u2019Etat de droit parce que nous sommes sous-pay\u00e9s\u00bb<\/em>, d\u00e9nonce BDK, attach\u00e9e de deuxi\u00e8me classe au minist\u00e8re de la jeunesse qui s\u2019interroge sur les raisons de cet \u00e9cart de traitement.<\/p>\n\n\n\n<p><em>\u00ab&nbsp;Nous sommes tous, travailleurs de l\u2019Etat congolais, mais comment ce m\u00eame Etat qui doit \u00eatre comme une m\u00e8re, traite ses enfants de mani\u00e8re injuste&nbsp;?&nbsp;\u00bb<\/em>, s\u2019est-elle interrog\u00e9e.<\/p>\n\n\n\n<p>Certaines sources justifient cette diff\u00e9rence par le fait que le minist\u00e8re de la jeunesse ne soit pas g\u00e9n\u00e9rateur des recettes. Mais dans une r\u00e9publique, tous les minist\u00e8res ne sont pas g\u00e9n\u00e9rateurs des recettes, ils y a ceux qui existe pour le bon fonctionnement de l\u2019Etat, ses agents ne peuvent donc pas \u00eatre victimes des missions que l\u2019Etat lui a confi\u00e9es.<\/p>\n\n\n\n<p>Outre des raisons exog\u00e8nes, les agents du secr\u00e9tariat g\u00e9n\u00e9ral \u00e0 la jeunesse d\u00e9noncent aussi le comportement d\u2019une certaine Th\u00e9r\u00e8se Mbuji Bungi, conseill\u00e8re financier au cabinet du minist\u00e8re.<\/p>\n\n\n\n<p><em>\u00ab\u00a0Madame Th\u00e9r\u00e8se Mbuji Bungi a pass\u00e9 pr\u00e8s de 5 ans comme Secr\u00e9taire G\u00e9n\u00e9rale ai. Actuellement, elle est conseill\u00e8re au cabinet, si l\u2019actuel Secr\u00e9taire G\u00e9n\u00e9ral va au cabinet pour plaider en faveur des agents, c\u2019est elle qui bloque\u00a0\u00bb<\/em>.<\/p>\n\n\n\n<p>Apr\u00e8s les enqu\u00eates men\u00e9es au sein du minist\u00e8re de la jeunesse et initiation \u00e0 la nouvelle citoyennet\u00e9, la r\u00e9daction d\u2019infos-droitshumains.net a d\u00e9couvert &nbsp;deux listings&nbsp;; le premier est celui des agents qui touchent la prime de 200.000 et le deuxi\u00e8me, constitu\u00e9 d\u2019environ 40 agents qui touchent au-del\u00e0. Aucune justification n\u2019a \u00e9t\u00e9 fournie quand \u00e0 ce.<\/p>\n\n\n\n<p>Depuis le mois de juillet de cette ann\u00e9e, sur instruction du Vice-Premier Ministre, Ministre de la fonction publique, 4% de la prime sont retenus pour le compte de la CNSSAP dans tous les minist\u00e8res, une situation qui inqui\u00e8te \u00e9norm\u00e9ment les agents du minist\u00e8re de la jeunesse qui se.<\/p>\n\n\n\n<p><em>\u00ab&nbsp;Jusqu\u2019\u00e0 pr\u00e9sent, cette retenue ne pose aucun probl\u00e8me. Mais nos coll\u00e8gues d\u2019autres minist\u00e8res, qui touchent des millions de franc congolais, leur 4% sera beaucoup plus significatif que le n\u00f4tre. Cela veut dire qu\u2019au moment de la retraite, nous pouvons avoir le m\u00eame grade, &nbsp;mais, lui aura plus d\u2019avantages que nous&nbsp;\u00bb<\/em>, a regrett\u00e9 Charly. Cons\u00e9quence, les agents du minist\u00e8re de la jeunesse cherchent \u00e0 \u00eatre transf\u00e9r\u00e9s ailleurs comme Richard.<\/p>\n\n\n\n<p><em>\u00ab&nbsp;J\u2019\u00e9tais \u00e0 la jeunesse entre 2018-2019, j\u2019ai demand\u00e9 un transfert \u00e0 l\u2019ESU. J\u2019ai quitt\u00e9 parce que non seulement la prime ne sortait pas, mais ceux qui percevaient, leurs primes \u00e9taient tr\u00e8s insignifiantes. Pour ne pas subir le m\u00eame sort, j\u2019ai sollicit\u00e9 le transf\u00e8re ailleurs&nbsp;\u00bb<\/em>, nous a dit Richard.<\/p>\n\n\n\n<p>Au-del\u00e0 de ces d\u00e9nonciations, les agents du secr\u00e9tariat \u00e0 la jeunesse ont en outre, formul\u00e9s quelques propositions dont l\u2019instauration d\u2019une taxe pour la jeunesse afin de pouvoir r\u00e9sorber le probl\u00e8me.<\/p>\n\n\n\n<p><em>\u00ab&nbsp;Notre minist\u00e8re a pour vocation d\u2019encadrer les jeunes, mais si nous n\u2019avons pas des moyens, comment allons-nous les encadrer&nbsp;? Nos centres sont pollu\u00e9s, nous n\u2019avons pas des moyens. Si l\u2019Etat n\u2019a pas des moyens, il peut cr\u00e9er une taxe de la jeunesse qui pourra permettre au ministre d\u2019avoir les moyens de sa politique\u00bb<\/em>, a sugg\u00e9r\u00e9 Wilson.<\/p>\n\n\n\n<p>Lors de son passage au Stade des Tata Raphael pour visiter les infrastructures de la francophonie, le Pr\u00e9sident de la R\u00e9publique avait constat\u00e9 que le b\u00e2timent qui abrite le secr\u00e9tariat g\u00e9n\u00e9ral \u00e0 la jeunesse \u00e9tait en \u00e9tat de d\u00e9labrement tr\u00e8s avanc\u00e9. Il a aussit\u00f4t instruit que le b\u00e2timent soit r\u00e9habilit\u00e9 tout en promettant d\u2019y revenir pour s\u2019assurer de l\u2019\u00e9volution des travaux. Aux derni\u00e8res nouvelles, nous apprenons qu\u2019il y a certains agents qui s\u2019organiseraient pour faire croire au Chef de l\u2019Etat que dans leur minist\u00e8re, tout marchait sur des roulettes, et les avertis s\u2019organisent aussi pour faire \u00e9chec \u00e0 cette d\u00e9marche.<\/p>\n\n\n\n<p>Jo\u00ebl Diawa<\/p>\n","protected":false},"excerpt":{"rendered":"<p>R\u00e9daction :+243817406088 \u00ab\u2026Nous entendons aussi am\u00e9liorer les conditions de travail des fonctionnaires et agents de&#8230;<\/p>\n","protected":false},"author":2,"featured_media":7693,"comment_status":"open","ping_status":"open","sticky":false,"template":"","format":"standard","meta":{"_jetpack_memberships_contains_paid_content":false,"footnotes":""},"categories":[8],"tags":[],"class_list":["post-7692","post","type-post","status-publish","format-standard","has-post-thumbnail","hentry","category-societe"],"yoast_head":"<!-- This site is optimized with the Yoast SEO plugin v27.5 - https:\/\/yoast.com\/product\/yoast-seo-wordpress\/ -->\n<title>RDC\u00a0: Sous-pay\u00e9s, les agents du minist\u00e8re de la jeunesse, INC d\u00e9noncent l\u2019injustice salariale dont ils sont victimes sous l\u2019Etat de Droit (Enqu\u00eate) - Infos Droits Humains<\/title>\n<meta name=\"robots\" content=\"index, follow, max-snippet:-1, max-image-preview:large, max-video-preview:-1\" \/>\n<link rel=\"canonical\" href=\"https:\/\/infos-droitshumains.net\/?p=7692\" \/>\n<meta property=\"og:locale\" content=\"fr_FR\" \/>\n<meta property=\"og:type\" content=\"article\" \/>\n<meta property=\"og:title\" content=\"RDC\u00a0: Sous-pay\u00e9s, les agents du minist\u00e8re de la jeunesse, INC d\u00e9noncent l\u2019injustice salariale dont ils sont victimes sous l\u2019Etat de Droit (Enqu\u00eate) - Infos Droits Humains\" \/>\n<meta property=\"og:description\" content=\"R\u00e9daction :+243817406088 \u00ab\u2026Nous entendons aussi am\u00e9liorer les conditions de travail des fonctionnaires et agents de...\" \/>\n<meta property=\"og:url\" content=\"https:\/\/infos-droitshumains.net\/?p=7692\" \/>\n<meta property=\"og:site_name\" content=\"Infos Droits Humains\" \/>\n<meta property=\"article:published_time\" content=\"2023-08-28T20:46:28+00:00\" \/>\n<meta property=\"article:modified_time\" content=\"2023-08-31T23:01:06+00:00\" \/>\n<meta property=\"og:image\" content=\"https:\/\/infos-droitshumains.net\/wp-content\/uploads\/2023\/08\/JEUNESSE-2.jpeg\" \/>\n\t<meta property=\"og:image:width\" content=\"554\" \/>\n\t<meta property=\"og:image:height\" content=\"554\" \/>\n\t<meta property=\"og:image:type\" content=\"image\/jpeg\" \/>\n<meta name=\"author\" content=\"Jo\u00ebl Diawa\" \/>\n<meta name=\"twitter:card\" content=\"summary_large_image\" \/>\n<meta name=\"twitter:label1\" content=\"\u00c9crit par\" \/>\n\t<meta name=\"twitter:data1\" content=\"Jo\u00ebl Diawa\" \/>\n\t<meta name=\"twitter:label2\" content=\"Dur\u00e9e de lecture estim\u00e9e\" \/>\n\t<meta name=\"twitter:data2\" content=\"5 minutes\" \/>\n<script type=\"application\/ld+json\" class=\"yoast-schema-graph\">{\"@context\":\"https:\\\/\\\/schema.org\",\"@graph\":[{\"@type\":\"Article\",\"@id\":\"https:\\\/\\\/infos-droitshumains.net\\\/?p=7692#article\",\"isPartOf\":{\"@id\":\"https:\\\/\\\/infos-droitshumains.net\\\/?p=7692\"},\"author\":{\"name\":\"Jo\u00ebl Diawa\",\"@id\":\"https:\\\/\\\/infos-droitshumains.net\\\/#\\\/schema\\\/person\\\/3dc5e921c3302172e0ed4362f96faab7\"},\"headline\":\"RDC\u00a0: Sous-pay\u00e9s, les agents du minist\u00e8re de la jeunesse, INC d\u00e9noncent l\u2019injustice salariale dont ils sont victimes sous l\u2019Etat de Droit (Enqu\u00eate)\",\"datePublished\":\"2023-08-28T20:46:28+00:00\",\"dateModified\":\"2023-08-31T23:01:06+00:00\",\"mainEntityOfPage\":{\"@id\":\"https:\\\/\\\/infos-droitshumains.net\\\/?p=7692\"},\"wordCount\":1059,\"commentCount\":0,\"publisher\":{\"@id\":\"https:\\\/\\\/infos-droitshumains.net\\\/#organization\"},\"image\":{\"@id\":\"https:\\\/\\\/infos-droitshumains.net\\\/?p=7692#primaryimage\"},\"thumbnailUrl\":\"https:\\\/\\\/i0.wp.com\\\/infos-droitshumains.net\\\/wp-content\\\/uploads\\\/2023\\\/08\\\/JEUNESSE-2.jpeg?fit=554%2C554&ssl=1\",\"articleSection\":[\"Soci\u00e9t\u00e9\"],\"inLanguage\":\"fr-FR\",\"potentialAction\":[{\"@type\":\"CommentAction\",\"name\":\"Comment\",\"target\":[\"https:\\\/\\\/infos-droitshumains.net\\\/?p=7692#respond\"]}]},{\"@type\":\"WebPage\",\"@id\":\"https:\\\/\\\/infos-droitshumains.net\\\/?p=7692\",\"url\":\"https:\\\/\\\/infos-droitshumains.net\\\/?p=7692\",\"name\":\"RDC\u00a0: Sous-pay\u00e9s, les agents du minist\u00e8re de la jeunesse, INC d\u00e9noncent l\u2019injustice salariale dont ils sont victimes sous l\u2019Etat de Droit (Enqu\u00eate) - Infos Droits Humains\",\"isPartOf\":{\"@id\":\"https:\\\/\\\/infos-droitshumains.net\\\/#website\"},\"primaryImageOfPage\":{\"@id\":\"https:\\\/\\\/infos-droitshumains.net\\\/?p=7692#primaryimage\"},\"image\":{\"@id\":\"https:\\\/\\\/infos-droitshumains.net\\\/?p=7692#primaryimage\"},\"thumbnailUrl\":\"https:\\\/\\\/i0.wp.com\\\/infos-droitshumains.net\\\/wp-content\\\/uploads\\\/2023\\\/08\\\/JEUNESSE-2.jpeg?fit=554%2C554&ssl=1\",\"datePublished\":\"2023-08-28T20:46:28+00:00\",\"dateModified\":\"2023-08-31T23:01:06+00:00\",\"breadcrumb\":{\"@id\":\"https:\\\/\\\/infos-droitshumains.net\\\/?p=7692#breadcrumb\"},\"inLanguage\":\"fr-FR\",\"potentialAction\":[{\"@type\":\"ReadAction\",\"target\":[\"https:\\\/\\\/infos-droitshumains.net\\\/?p=7692\"]}]},{\"@type\":\"ImageObject\",\"inLanguage\":\"fr-FR\",\"@id\":\"https:\\\/\\\/infos-droitshumains.net\\\/?p=7692#primaryimage\",\"url\":\"https:\\\/\\\/i0.wp.com\\\/infos-droitshumains.net\\\/wp-content\\\/uploads\\\/2023\\\/08\\\/JEUNESSE-2.jpeg?fit=554%2C554&ssl=1\",\"contentUrl\":\"https:\\\/\\\/i0.wp.com\\\/infos-droitshumains.net\\\/wp-content\\\/uploads\\\/2023\\\/08\\\/JEUNESSE-2.jpeg?fit=554%2C554&ssl=1\",\"width\":554,\"height\":554},{\"@type\":\"BreadcrumbList\",\"@id\":\"https:\\\/\\\/infos-droitshumains.net\\\/?p=7692#breadcrumb\",\"itemListElement\":[{\"@type\":\"ListItem\",\"position\":1,\"name\":\"Accueil\",\"item\":\"https:\\\/\\\/infos-droitshumains.net\\\/\"},{\"@type\":\"ListItem\",\"position\":2,\"name\":\"RDC\u00a0: Sous-pay\u00e9s, les agents du minist\u00e8re de la jeunesse, INC d\u00e9noncent l\u2019injustice salariale dont ils sont victimes sous l\u2019Etat de Droit (Enqu\u00eate)\"}]},{\"@type\":\"WebSite\",\"@id\":\"https:\\\/\\\/infos-droitshumains.net\\\/#website\",\"url\":\"https:\\\/\\\/infos-droitshumains.net\\\/\",\"name\":\"Infos Droits Humains\",\"description\":\"S&#039;informer est un droit\",\"publisher\":{\"@id\":\"https:\\\/\\\/infos-droitshumains.net\\\/#organization\"},\"potentialAction\":[{\"@type\":\"SearchAction\",\"target\":{\"@type\":\"EntryPoint\",\"urlTemplate\":\"https:\\\/\\\/infos-droitshumains.net\\\/?s={search_term_string}\"},\"query-input\":{\"@type\":\"PropertyValueSpecification\",\"valueRequired\":true,\"valueName\":\"search_term_string\"}}],\"inLanguage\":\"fr-FR\"},{\"@type\":\"Organization\",\"@id\":\"https:\\\/\\\/infos-droitshumains.net\\\/#organization\",\"name\":\"Infos Droits Humains\",\"url\":\"https:\\\/\\\/infos-droitshumains.net\\\/\",\"logo\":{\"@type\":\"ImageObject\",\"inLanguage\":\"fr-FR\",\"@id\":\"https:\\\/\\\/infos-droitshumains.net\\\/#\\\/schema\\\/logo\\\/image\\\/\",\"url\":\"https:\\\/\\\/i0.wp.com\\\/infos-droitshumains.net\\\/wp-content\\\/uploads\\\/2022\\\/05\\\/Logo.png?fit=333%2C129&ssl=1\",\"contentUrl\":\"https:\\\/\\\/i0.wp.com\\\/infos-droitshumains.net\\\/wp-content\\\/uploads\\\/2022\\\/05\\\/Logo.png?fit=333%2C129&ssl=1\",\"width\":333,\"height\":129,\"caption\":\"Infos Droits Humains\"},\"image\":{\"@id\":\"https:\\\/\\\/infos-droitshumains.net\\\/#\\\/schema\\\/logo\\\/image\\\/\"}},{\"@type\":\"Person\",\"@id\":\"https:\\\/\\\/infos-droitshumains.net\\\/#\\\/schema\\\/person\\\/3dc5e921c3302172e0ed4362f96faab7\",\"name\":\"Jo\u00ebl Diawa\",\"image\":{\"@type\":\"ImageObject\",\"inLanguage\":\"fr-FR\",\"@id\":\"https:\\\/\\\/secure.gravatar.com\\\/avatar\\\/729bea6ff4604c624417803c477363be8e3c7186deaa65713313f9b4b820f41c?s=96&d=mm&r=g\",\"url\":\"https:\\\/\\\/secure.gravatar.com\\\/avatar\\\/729bea6ff4604c624417803c477363be8e3c7186deaa65713313f9b4b820f41c?s=96&d=mm&r=g\",\"contentUrl\":\"https:\\\/\\\/secure.gravatar.com\\\/avatar\\\/729bea6ff4604c624417803c477363be8e3c7186deaa65713313f9b4b820f41c?s=96&d=mm&r=g\",\"caption\":\"Jo\u00ebl Diawa\"},\"sameAs\":[\"https:\\\/\\\/www.infos-droitshumains.net\"],\"url\":\"https:\\\/\\\/infos-droitshumains.net\\\/?author=2\"}]}<\/script>\n<!-- \/ Yoast SEO plugin. -->","yoast_head_json":{"title":"RDC\u00a0: Sous-pay\u00e9s, les agents du minist\u00e8re de la jeunesse, INC d\u00e9noncent l\u2019injustice salariale dont ils sont victimes sous l\u2019Etat de Droit (Enqu\u00eate) - Infos Droits Humains","robots":{"index":"index","follow":"follow","max-snippet":"max-snippet:-1","max-image-preview":"max-image-preview:large","max-video-preview":"max-video-preview:-1"},"canonical":"https:\/\/infos-droitshumains.net\/?p=7692","og_locale":"fr_FR","og_type":"article","og_title":"RDC\u00a0: Sous-pay\u00e9s, les agents du minist\u00e8re de la jeunesse, INC d\u00e9noncent l\u2019injustice salariale dont ils sont victimes sous l\u2019Etat de Droit (Enqu\u00eate) - Infos Droits Humains","og_description":"R\u00e9daction :+243817406088 \u00ab\u2026Nous entendons aussi am\u00e9liorer les conditions de travail des fonctionnaires et agents de...","og_url":"https:\/\/infos-droitshumains.net\/?p=7692","og_site_name":"Infos Droits Humains","article_published_time":"2023-08-28T20:46:28+00:00","article_modified_time":"2023-08-31T23:01:06+00:00","og_image":[{"width":554,"height":554,"url":"https:\/\/infos-droitshumains.net\/wp-content\/uploads\/2023\/08\/JEUNESSE-2.jpeg","type":"image\/jpeg"}],"author":"Jo\u00ebl Diawa","twitter_card":"summary_large_image","twitter_misc":{"\u00c9crit par":"Jo\u00ebl Diawa","Dur\u00e9e de lecture estim\u00e9e":"5 minutes"},"schema":{"@context":"https:\/\/schema.org","@graph":[{"@type":"Article","@id":"https:\/\/infos-droitshumains.net\/?p=7692#article","isPartOf":{"@id":"https:\/\/infos-droitshumains.net\/?p=7692"},"author":{"name":"Jo\u00ebl Diawa","@id":"https:\/\/infos-droitshumains.net\/#\/schema\/person\/3dc5e921c3302172e0ed4362f96faab7"},"headline":"RDC\u00a0: Sous-pay\u00e9s, les agents du minist\u00e8re de la jeunesse, INC d\u00e9noncent l\u2019injustice salariale dont ils sont victimes sous l\u2019Etat de Droit (Enqu\u00eate)","datePublished":"2023-08-28T20:46:28+00:00","dateModified":"2023-08-31T23:01:06+00:00","mainEntityOfPage":{"@id":"https:\/\/infos-droitshumains.net\/?p=7692"},"wordCount":1059,"commentCount":0,"publisher":{"@id":"https:\/\/infos-droitshumains.net\/#organization"},"image":{"@id":"https:\/\/infos-droitshumains.net\/?p=7692#primaryimage"},"thumbnailUrl":"https:\/\/i0.wp.com\/infos-droitshumains.net\/wp-content\/uploads\/2023\/08\/JEUNESSE-2.jpeg?fit=554%2C554&ssl=1","articleSection":["Soci\u00e9t\u00e9"],"inLanguage":"fr-FR","potentialAction":[{"@type":"CommentAction","name":"Comment","target":["https:\/\/infos-droitshumains.net\/?p=7692#respond"]}]},{"@type":"WebPage","@id":"https:\/\/infos-droitshumains.net\/?p=7692","url":"https:\/\/infos-droitshumains.net\/?p=7692","name":"RDC\u00a0: Sous-pay\u00e9s, les agents du minist\u00e8re de la jeunesse, INC d\u00e9noncent l\u2019injustice salariale dont ils sont victimes sous l\u2019Etat de Droit (Enqu\u00eate) - Infos Droits Humains","isPartOf":{"@id":"https:\/\/infos-droitshumains.net\/#website"},"primaryImageOfPage":{"@id":"https:\/\/infos-droitshumains.net\/?p=7692#primaryimage"},"image":{"@id":"https:\/\/infos-droitshumains.net\/?p=7692#primaryimage"},"thumbnailUrl":"https:\/\/i0.wp.com\/infos-droitshumains.net\/wp-content\/uploads\/2023\/08\/JEUNESSE-2.jpeg?fit=554%2C554&ssl=1","datePublished":"2023-08-28T20:46:28+00:00","dateModified":"2023-08-31T23:01:06+00:00","breadcrumb":{"@id":"https:\/\/infos-droitshumains.net\/?p=7692#breadcrumb"},"inLanguage":"fr-FR","potentialAction":[{"@type":"ReadAction","target":["https:\/\/infos-droitshumains.net\/?p=7692"]}]},{"@type":"ImageObject","inLanguage":"fr-FR","@id":"https:\/\/infos-droitshumains.net\/?p=7692#primaryimage","url":"https:\/\/i0.wp.com\/infos-droitshumains.net\/wp-content\/uploads\/2023\/08\/JEUNESSE-2.jpeg?fit=554%2C554&ssl=1","contentUrl":"https:\/\/i0.wp.com\/infos-droitshumains.net\/wp-content\/uploads\/2023\/08\/JEUNESSE-2.jpeg?fit=554%2C554&ssl=1","width":554,"height":554},{"@type":"BreadcrumbList","@id":"https:\/\/infos-droitshumains.net\/?p=7692#breadcrumb","itemListElement":[{"@type":"ListItem","position":1,"name":"Accueil","item":"https:\/\/infos-droitshumains.net\/"},{"@type":"ListItem","position":2,"name":"RDC\u00a0: Sous-pay\u00e9s, les agents du minist\u00e8re de la jeunesse, INC d\u00e9noncent l\u2019injustice salariale dont ils sont victimes sous l\u2019Etat de Droit (Enqu\u00eate)"}]},{"@type":"WebSite","@id":"https:\/\/infos-droitshumains.net\/#website","url":"https:\/\/infos-droitshumains.net\/","name":"Infos Droits Humains","description":"S&#039;informer est un droit","publisher":{"@id":"https:\/\/infos-droitshumains.net\/#organization"},"potentialAction":[{"@type":"SearchAction","target":{"@type":"EntryPoint","urlTemplate":"https:\/\/infos-droitshumains.net\/?s={search_term_string}"},"query-input":{"@type":"PropertyValueSpecification","valueRequired":true,"valueName":"search_term_string"}}],"inLanguage":"fr-FR"},{"@type":"Organization","@id":"https:\/\/infos-droitshumains.net\/#organization","name":"Infos Droits Humains","url":"https:\/\/infos-droitshumains.net\/","logo":{"@type":"ImageObject","inLanguage":"fr-FR","@id":"https:\/\/infos-droitshumains.net\/#\/schema\/logo\/image\/","url":"https:\/\/i0.wp.com\/infos-droitshumains.net\/wp-content\/uploads\/2022\/05\/Logo.png?fit=333%2C129&ssl=1","contentUrl":"https:\/\/i0.wp.com\/infos-droitshumains.net\/wp-content\/uploads\/2022\/05\/Logo.png?fit=333%2C129&ssl=1","width":333,"height":129,"caption":"Infos Droits Humains"},"image":{"@id":"https:\/\/infos-droitshumains.net\/#\/schema\/logo\/image\/"}},{"@type":"Person","@id":"https:\/\/infos-droitshumains.net\/#\/schema\/person\/3dc5e921c3302172e0ed4362f96faab7","name":"Jo\u00ebl Diawa","image":{"@type":"ImageObject","inLanguage":"fr-FR","@id":"https:\/\/secure.gravatar.com\/avatar\/729bea6ff4604c624417803c477363be8e3c7186deaa65713313f9b4b820f41c?s=96&d=mm&r=g","url":"https:\/\/secure.gravatar.com\/avatar\/729bea6ff4604c624417803c477363be8e3c7186deaa65713313f9b4b820f41c?s=96&d=mm&r=g","contentUrl":"https:\/\/secure.gravatar.com\/avatar\/729bea6ff4604c624417803c477363be8e3c7186deaa65713313f9b4b820f41c?s=96&d=mm&r=g","caption":"Jo\u00ebl Diawa"},"sameAs":["https:\/\/www.infos-droitshumains.net"],"url":"https:\/\/infos-droitshumains.net\/?author=2"}]}},"featured_image_urls":{"full":["https:\/\/i0.wp.com\/infos-droitshumains.net\/wp-content\/uploads\/2023\/08\/JEUNESSE-2.jpeg?fit=554%2C554&ssl=1",554,554,false],"thumbnail":["https:\/\/i0.wp.com\/infos-droitshumains.net\/wp-content\/uploads\/2023\/08\/JEUNESSE-2.jpeg?resize=150%2C150&ssl=1",150,150,true],"medium":["https:\/\/i0.wp.com\/infos-droitshumains.net\/wp-content\/uploads\/2023\/08\/JEUNESSE-2.jpeg?fit=300%2C300&ssl=1",300,300,true],"medium_large":["https:\/\/i0.wp.com\/infos-droitshumains.net\/wp-content\/uploads\/2023\/08\/JEUNESSE-2.jpeg?fit=554%2C554&ssl=1",554,554,true],"large":["https:\/\/i0.wp.com\/infos-droitshumains.net\/wp-content\/uploads\/2023\/08\/JEUNESSE-2.jpeg?fit=554%2C554&ssl=1",554,554,true],"1536x1536":["https:\/\/i0.wp.com\/infos-droitshumains.net\/wp-content\/uploads\/2023\/08\/JEUNESSE-2.jpeg?fit=554%2C554&ssl=1",554,554,true],"2048x2048":["https:\/\/i0.wp.com\/infos-droitshumains.net\/wp-content\/uploads\/2023\/08\/JEUNESSE-2.jpeg?fit=554%2C554&ssl=1",554,554,true],"covernews-slider-full":["https:\/\/i0.wp.com\/infos-droitshumains.net\/wp-content\/uploads\/2023\/08\/JEUNESSE-2.jpeg?resize=554%2C554&ssl=1",554,554,true],"covernews-slider-center":["https:\/\/i0.wp.com\/infos-droitshumains.net\/wp-content\/uploads\/2023\/08\/JEUNESSE-2.jpeg?resize=554%2C500&ssl=1",554,500,true],"covernews-featured":["https:\/\/i0.wp.com\/infos-droitshumains.net\/wp-content\/uploads\/2023\/08\/JEUNESSE-2.jpeg?fit=554%2C554&ssl=1",554,554,true],"covernews-medium":["https:\/\/i0.wp.com\/infos-droitshumains.net\/wp-content\/uploads\/2023\/08\/JEUNESSE-2.jpeg?resize=540%2C340&ssl=1",540,340,true],"covernews-medium-square":["https:\/\/i0.wp.com\/infos-droitshumains.net\/wp-content\/uploads\/2023\/08\/JEUNESSE-2.jpeg?resize=400%2C250&ssl=1",400,250,true]},"author_info":{"display_name":"Jo\u00ebl Diawa","author_link":"https:\/\/infos-droitshumains.net\/?author=2"},"category_info":"<a href=\"https:\/\/infos-droitshumains.net\/?cat=8\" rel=\"category\">Soci\u00e9t\u00e9<\/a>","tag_info":"Soci\u00e9t\u00e9","comment_count":"0","jetpack_featured_media_url":"https:\/\/i0.wp.com\/infos-droitshumains.net\/wp-content\/uploads\/2023\/08\/JEUNESSE-2.jpeg?fit=554%2C554&ssl=1","jetpack-related-posts":[],"jetpack_sharing_enabled":true,"_links":{"self":[{"href":"https:\/\/infos-droitshumains.net\/index.php?rest_route=\/wp\/v2\/posts\/7692","targetHints":{"allow":["GET"]}}],"collection":[{"href":"https:\/\/infos-droitshumains.net\/index.php?rest_route=\/wp\/v2\/posts"}],"about":[{"href":"https:\/\/infos-droitshumains.net\/index.php?rest_route=\/wp\/v2\/types\/post"}],"author":[{"embeddable":true,"href":"https:\/\/infos-droitshumains.net\/index.php?rest_route=\/wp\/v2\/users\/2"}],"replies":[{"embeddable":true,"href":"https:\/\/infos-droitshumains.net\/index.php?rest_route=%2Fwp%2Fv2%2Fcomments&post=7692"}],"version-history":[{"count":6,"href":"https:\/\/infos-droitshumains.net\/index.php?rest_route=\/wp\/v2\/posts\/7692\/revisions"}],"predecessor-version":[{"id":7702,"href":"https:\/\/infos-droitshumains.net\/index.php?rest_route=\/wp\/v2\/posts\/7692\/revisions\/7702"}],"wp:featuredmedia":[{"embeddable":true,"href":"https:\/\/infos-droitshumains.net\/index.php?rest_route=\/wp\/v2\/media\/7693"}],"wp:attachment":[{"href":"https:\/\/infos-droitshumains.net\/index.php?rest_route=%2Fwp%2Fv2%2Fmedia&parent=7692"}],"wp:term":[{"taxonomy":"category","embeddable":true,"href":"https:\/\/infos-droitshumains.net\/index.php?rest_route=%2Fwp%2Fv2%2Fcategories&post=7692"},{"taxonomy":"post_tag","embeddable":true,"href":"https:\/\/infos-droitshumains.net\/index.php?rest_route=%2Fwp%2Fv2%2Ftags&post=7692"}],"curies":[{"name":"wp","href":"https:\/\/api.w.org\/{rel}","templated":true}]}}