{"id":7682,"date":"2023-08-25T14:45:49","date_gmt":"2023-08-25T12:45:49","guid":{"rendered":"https:\/\/infos-droitshumains.net\/?p=7682"},"modified":"2023-08-25T14:46:02","modified_gmt":"2023-08-25T12:46:02","slug":"rdc-les-personnes-avec-handicap-se-dotent-des-documents-pragmatiques-et-ceux-constitutifs-du-cadre-de-concertation-et-du-conseil-national","status":"publish","type":"post","link":"https:\/\/infos-droitshumains.net\/?p=7682","title":{"rendered":"RDC : Les personnes avec handicap se dotent des documents pragmatiques et ceux constitutifs du cadre de concertation et du conseil national"},"content":{"rendered":"\n<p><strong>R\u00e9daction :+243817406088<\/strong><\/p>\n\n\n\n<p class=\"has-vivid-red-color has-text-color\"><span style=\"font-size: revert; text-align: justify; color: initial;\">C&rsquo;est sous une note de satisfaction que s&rsquo;est cl\u00f4tur\u00e9 ce jeudi 24 ao\u00fbt 2023 \u00e0 Kinshasa, l&rsquo;atelier de relecture des documents pragmatiques et ceux constitutifs du cadre de concertation et du conseil national pour les personnes avec handicap.<\/span><p class=\"MsoNormal\" style=\"text-align:justify;text-justify:inter-ideograph\"><\/p><span style=\"font-size: revert; text-align: justify; color: initial;\">Durant trois jours, les experts des minist\u00e8res sectoriels, les organisations des personnes avec handicap, les acteurs de la soci\u00e9t\u00e9 civile et autres parties prenantes \u00e0 ces travaux ont apport\u00e9 des amendements profonds \u00e0 ces documents qui visent la promotion des droits des personnes vivant avec handicap en RDC et leur inclusion sociale.<\/span><p class=\"MsoNormal\" style=\"text-align:justify;text-justify:inter-ideograph\"><\/p><span style=\"font-size: revert; text-align: justify; color: initial;\">Tr\u00e8s satisfait du travail abattu, Maitre Baron Otoka, directeur de cabinet adjoint au minist\u00e8re en charge des personnes vivant avec handicap et autres personnes vuln\u00e9rables n\u2019a pas tari d\u2019\u00e9loges les parties prenantes de cet atelier.<\/span><p class=\"MsoNormal\" style=\"text-align:justify;text-justify:inter-ideograph\"><\/p><span style=\"font-size: revert; text-align: justify; color: initial;\">Il s\u2019est par ailleurs montr\u00e9 tr\u00e8s reconnaissant pour \u00a0leur <\/span><i style=\"font-size: revert; text-align: justify; color: initial;\">\u00ab\u00a0disponibilit\u00e9, participation active et assiduit\u00e9 durant trois jours de cet atelier\u00a0\u00bb<\/i><span style=\"font-size: revert; text-align: justify; color: initial;\"> avant de promettre que le <\/span><i style=\"font-size: revert; text-align: justify; color: initial;\">\u00ab\u00a0secr\u00e9tariat technique et les consultants vont parfaire le reste des travaux\u00a0\u00bb<\/i><span style=\"font-size: revert; text-align: justify; color: initial;\">.<\/span><p class=\"MsoNormal\" style=\"text-align:justify;text-justify:inter-ideograph\"><\/p><span style=\"font-size: revert; text-align: justify; color: initial;\">Ces documents pragmatiques qui ont \u00e9t\u00e9 enrichis sont notamment, la politique nationale de promotion et protection des droits des personnes vivant avec handicap, la strat\u00e9gie nationale d&rsquo;autonomisation et d&rsquo;inclusion sociale des personnes vivant avec handicap et autres personnes vuln\u00e9rables et le programme national de promotion et de protection des droits des personnes atteintes d&rsquo;albinisme\u00a0; \u00e0 ceux-l\u00e0 s\u2019est ajout\u00e9 le dictionnaire de la langue des signes congolaise.<\/span><p class=\"MsoNormal\" style=\"text-align:justify;text-justify:inter-ideograph\"><\/p><span style=\"font-size: revert; text-align: justify; color: initial;\">Notons que cet atelier s&rsquo;inscrit dans le cadre du projet Partenariat des Nations Unies pour la promotion des droits des Personnes handicap\u00e9es (UNPRPD), lequel projet, dont l&rsquo;ex\u00e9cution est assur\u00e9e en RDC par le BCNUDH, l&rsquo;UNESCO et l&rsquo;ONU Femme.<\/span><p class=\"MsoNormal\" style=\"text-align:justify;text-justify:inter-ideograph\"><\/p><span style=\"font-size: revert; text-align: justify; color: initial;\">AM<\/span><\/p>\n","protected":false},"excerpt":{"rendered":"<p>R\u00e9daction :+243817406088 C&rsquo;est sous une note de satisfaction que s&rsquo;est cl\u00f4tur\u00e9 ce jeudi 24 ao\u00fbt&#8230;<\/p>\n","protected":false},"author":2,"featured_media":7683,"comment_status":"open","ping_status":"open","sticky":false,"template":"","format":"standard","meta":{"_jetpack_memberships_contains_paid_content":false,"footnotes":""},"categories":[8],"tags":[],"class_list":["post-7682","post","type-post","status-publish","format-standard","has-post-thumbnail","hentry","category-societe"],"yoast_head":"<!-- This site is optimized with the Yoast SEO plugin v27.5 - https:\/\/yoast.com\/product\/yoast-seo-wordpress\/ -->\n<title>RDC : Les personnes avec handicap se dotent des documents pragmatiques et ceux constitutifs du cadre de concertation et du conseil national - Infos Droits Humains<\/title>\n<meta name=\"robots\" content=\"index, follow, max-snippet:-1, max-image-preview:large, max-video-preview:-1\" \/>\n<link rel=\"canonical\" href=\"https:\/\/infos-droitshumains.net\/?p=7682\" \/>\n<meta property=\"og:locale\" content=\"fr_FR\" \/>\n<meta property=\"og:type\" content=\"article\" \/>\n<meta property=\"og:title\" content=\"RDC : Les personnes avec handicap se dotent des documents pragmatiques et ceux constitutifs du cadre de concertation et du conseil national - Infos Droits Humains\" \/>\n<meta property=\"og:description\" content=\"R\u00e9daction :+243817406088 C&rsquo;est sous une note de satisfaction que s&rsquo;est cl\u00f4tur\u00e9 ce jeudi 24 ao\u00fbt...\" \/>\n<meta property=\"og:url\" content=\"https:\/\/infos-droitshumains.net\/?p=7682\" \/>\n<meta property=\"og:site_name\" content=\"Infos Droits Humains\" \/>\n<meta property=\"article:published_time\" content=\"2023-08-25T12:45:49+00:00\" \/>\n<meta property=\"article:modified_time\" content=\"2023-08-25T12:46:02+00:00\" \/>\n<meta property=\"og:image\" content=\"https:\/\/infos-droitshumains.net\/wp-content\/uploads\/2023\/08\/IMG-20230825-WA0010.jpg\" \/>\n\t<meta property=\"og:image:width\" content=\"1040\" \/>\n\t<meta property=\"og:image:height\" content=\"780\" \/>\n\t<meta property=\"og:image:type\" content=\"image\/jpeg\" \/>\n<meta name=\"author\" content=\"Jo\u00ebl Diawa\" \/>\n<meta name=\"twitter:card\" content=\"summary_large_image\" \/>\n<meta name=\"twitter:label1\" content=\"\u00c9crit par\" \/>\n\t<meta name=\"twitter:data1\" content=\"Jo\u00ebl Diawa\" \/>\n\t<meta name=\"twitter:label2\" content=\"Dur\u00e9e de lecture estim\u00e9e\" \/>\n\t<meta name=\"twitter:data2\" content=\"2 minutes\" \/>\n<script type=\"application\/ld+json\" class=\"yoast-schema-graph\">{\"@context\":\"https:\\\/\\\/schema.org\",\"@graph\":[{\"@type\":\"Article\",\"@id\":\"https:\\\/\\\/infos-droitshumains.net\\\/?p=7682#article\",\"isPartOf\":{\"@id\":\"https:\\\/\\\/infos-droitshumains.net\\\/?p=7682\"},\"author\":{\"name\":\"Jo\u00ebl Diawa\",\"@id\":\"https:\\\/\\\/infos-droitshumains.net\\\/#\\\/schema\\\/person\\\/3dc5e921c3302172e0ed4362f96faab7\"},\"headline\":\"RDC : Les personnes avec handicap se dotent des documents pragmatiques et ceux constitutifs du cadre de concertation et du conseil national\",\"datePublished\":\"2023-08-25T12:45:49+00:00\",\"dateModified\":\"2023-08-25T12:46:02+00:00\",\"mainEntityOfPage\":{\"@id\":\"https:\\\/\\\/infos-droitshumains.net\\\/?p=7682\"},\"wordCount\":301,\"commentCount\":0,\"publisher\":{\"@id\":\"https:\\\/\\\/infos-droitshumains.net\\\/#organization\"},\"image\":{\"@id\":\"https:\\\/\\\/infos-droitshumains.net\\\/?p=7682#primaryimage\"},\"thumbnailUrl\":\"https:\\\/\\\/i0.wp.com\\\/infos-droitshumains.net\\\/wp-content\\\/uploads\\\/2023\\\/08\\\/IMG-20230825-WA0010.jpg?fit=1040%2C780&ssl=1\",\"articleSection\":[\"Soci\u00e9t\u00e9\"],\"inLanguage\":\"fr-FR\",\"potentialAction\":[{\"@type\":\"CommentAction\",\"name\":\"Comment\",\"target\":[\"https:\\\/\\\/infos-droitshumains.net\\\/?p=7682#respond\"]}]},{\"@type\":\"WebPage\",\"@id\":\"https:\\\/\\\/infos-droitshumains.net\\\/?p=7682\",\"url\":\"https:\\\/\\\/infos-droitshumains.net\\\/?p=7682\",\"name\":\"RDC : Les personnes avec handicap se dotent des documents pragmatiques et ceux constitutifs du cadre de concertation et du conseil national - Infos Droits Humains\",\"isPartOf\":{\"@id\":\"https:\\\/\\\/infos-droitshumains.net\\\/#website\"},\"primaryImageOfPage\":{\"@id\":\"https:\\\/\\\/infos-droitshumains.net\\\/?p=7682#primaryimage\"},\"image\":{\"@id\":\"https:\\\/\\\/infos-droitshumains.net\\\/?p=7682#primaryimage\"},\"thumbnailUrl\":\"https:\\\/\\\/i0.wp.com\\\/infos-droitshumains.net\\\/wp-content\\\/uploads\\\/2023\\\/08\\\/IMG-20230825-WA0010.jpg?fit=1040%2C780&ssl=1\",\"datePublished\":\"2023-08-25T12:45:49+00:00\",\"dateModified\":\"2023-08-25T12:46:02+00:00\",\"breadcrumb\":{\"@id\":\"https:\\\/\\\/infos-droitshumains.net\\\/?p=7682#breadcrumb\"},\"inLanguage\":\"fr-FR\",\"potentialAction\":[{\"@type\":\"ReadAction\",\"target\":[\"https:\\\/\\\/infos-droitshumains.net\\\/?p=7682\"]}]},{\"@type\":\"ImageObject\",\"inLanguage\":\"fr-FR\",\"@id\":\"https:\\\/\\\/infos-droitshumains.net\\\/?p=7682#primaryimage\",\"url\":\"https:\\\/\\\/i0.wp.com\\\/infos-droitshumains.net\\\/wp-content\\\/uploads\\\/2023\\\/08\\\/IMG-20230825-WA0010.jpg?fit=1040%2C780&ssl=1\",\"contentUrl\":\"https:\\\/\\\/i0.wp.com\\\/infos-droitshumains.net\\\/wp-content\\\/uploads\\\/2023\\\/08\\\/IMG-20230825-WA0010.jpg?fit=1040%2C780&ssl=1\",\"width\":1040,\"height\":780},{\"@type\":\"BreadcrumbList\",\"@id\":\"https:\\\/\\\/infos-droitshumains.net\\\/?p=7682#breadcrumb\",\"itemListElement\":[{\"@type\":\"ListItem\",\"position\":1,\"name\":\"Accueil\",\"item\":\"https:\\\/\\\/infos-droitshumains.net\\\/\"},{\"@type\":\"ListItem\",\"position\":2,\"name\":\"RDC : Les personnes avec handicap se dotent des documents pragmatiques et ceux constitutifs du cadre de concertation et du conseil national\"}]},{\"@type\":\"WebSite\",\"@id\":\"https:\\\/\\\/infos-droitshumains.net\\\/#website\",\"url\":\"https:\\\/\\\/infos-droitshumains.net\\\/\",\"name\":\"Infos Droits Humains\",\"description\":\"S&#039;informer est un droit\",\"publisher\":{\"@id\":\"https:\\\/\\\/infos-droitshumains.net\\\/#organization\"},\"potentialAction\":[{\"@type\":\"SearchAction\",\"target\":{\"@type\":\"EntryPoint\",\"urlTemplate\":\"https:\\\/\\\/infos-droitshumains.net\\\/?s={search_term_string}\"},\"query-input\":{\"@type\":\"PropertyValueSpecification\",\"valueRequired\":true,\"valueName\":\"search_term_string\"}}],\"inLanguage\":\"fr-FR\"},{\"@type\":\"Organization\",\"@id\":\"https:\\\/\\\/infos-droitshumains.net\\\/#organization\",\"name\":\"Infos Droits Humains\",\"url\":\"https:\\\/\\\/infos-droitshumains.net\\\/\",\"logo\":{\"@type\":\"ImageObject\",\"inLanguage\":\"fr-FR\",\"@id\":\"https:\\\/\\\/infos-droitshumains.net\\\/#\\\/schema\\\/logo\\\/image\\\/\",\"url\":\"https:\\\/\\\/i0.wp.com\\\/infos-droitshumains.net\\\/wp-content\\\/uploads\\\/2022\\\/05\\\/Logo.png?fit=333%2C129&ssl=1\",\"contentUrl\":\"https:\\\/\\\/i0.wp.com\\\/infos-droitshumains.net\\\/wp-content\\\/uploads\\\/2022\\\/05\\\/Logo.png?fit=333%2C129&ssl=1\",\"width\":333,\"height\":129,\"caption\":\"Infos Droits Humains\"},\"image\":{\"@id\":\"https:\\\/\\\/infos-droitshumains.net\\\/#\\\/schema\\\/logo\\\/image\\\/\"}},{\"@type\":\"Person\",\"@id\":\"https:\\\/\\\/infos-droitshumains.net\\\/#\\\/schema\\\/person\\\/3dc5e921c3302172e0ed4362f96faab7\",\"name\":\"Jo\u00ebl Diawa\",\"image\":{\"@type\":\"ImageObject\",\"inLanguage\":\"fr-FR\",\"@id\":\"https:\\\/\\\/secure.gravatar.com\\\/avatar\\\/729bea6ff4604c624417803c477363be8e3c7186deaa65713313f9b4b820f41c?s=96&d=mm&r=g\",\"url\":\"https:\\\/\\\/secure.gravatar.com\\\/avatar\\\/729bea6ff4604c624417803c477363be8e3c7186deaa65713313f9b4b820f41c?s=96&d=mm&r=g\",\"contentUrl\":\"https:\\\/\\\/secure.gravatar.com\\\/avatar\\\/729bea6ff4604c624417803c477363be8e3c7186deaa65713313f9b4b820f41c?s=96&d=mm&r=g\",\"caption\":\"Jo\u00ebl Diawa\"},\"sameAs\":[\"https:\\\/\\\/www.infos-droitshumains.net\"],\"url\":\"https:\\\/\\\/infos-droitshumains.net\\\/?author=2\"}]}<\/script>\n<!-- \/ Yoast SEO plugin. -->","yoast_head_json":{"title":"RDC : Les personnes avec handicap se dotent des documents pragmatiques et ceux constitutifs du cadre de concertation et du conseil national - Infos Droits Humains","robots":{"index":"index","follow":"follow","max-snippet":"max-snippet:-1","max-image-preview":"max-image-preview:large","max-video-preview":"max-video-preview:-1"},"canonical":"https:\/\/infos-droitshumains.net\/?p=7682","og_locale":"fr_FR","og_type":"article","og_title":"RDC : Les personnes avec handicap se dotent des documents pragmatiques et ceux constitutifs du cadre de concertation et du conseil national - Infos Droits Humains","og_description":"R\u00e9daction :+243817406088 C&rsquo;est sous une note de satisfaction que s&rsquo;est cl\u00f4tur\u00e9 ce jeudi 24 ao\u00fbt...","og_url":"https:\/\/infos-droitshumains.net\/?p=7682","og_site_name":"Infos Droits Humains","article_published_time":"2023-08-25T12:45:49+00:00","article_modified_time":"2023-08-25T12:46:02+00:00","og_image":[{"width":1040,"height":780,"url":"https:\/\/infos-droitshumains.net\/wp-content\/uploads\/2023\/08\/IMG-20230825-WA0010.jpg","type":"image\/jpeg"}],"author":"Jo\u00ebl Diawa","twitter_card":"summary_large_image","twitter_misc":{"\u00c9crit par":"Jo\u00ebl Diawa","Dur\u00e9e de lecture estim\u00e9e":"2 minutes"},"schema":{"@context":"https:\/\/schema.org","@graph":[{"@type":"Article","@id":"https:\/\/infos-droitshumains.net\/?p=7682#article","isPartOf":{"@id":"https:\/\/infos-droitshumains.net\/?p=7682"},"author":{"name":"Jo\u00ebl Diawa","@id":"https:\/\/infos-droitshumains.net\/#\/schema\/person\/3dc5e921c3302172e0ed4362f96faab7"},"headline":"RDC : Les personnes avec handicap se dotent des documents pragmatiques et ceux constitutifs du cadre de concertation et du conseil national","datePublished":"2023-08-25T12:45:49+00:00","dateModified":"2023-08-25T12:46:02+00:00","mainEntityOfPage":{"@id":"https:\/\/infos-droitshumains.net\/?p=7682"},"wordCount":301,"commentCount":0,"publisher":{"@id":"https:\/\/infos-droitshumains.net\/#organization"},"image":{"@id":"https:\/\/infos-droitshumains.net\/?p=7682#primaryimage"},"thumbnailUrl":"https:\/\/i0.wp.com\/infos-droitshumains.net\/wp-content\/uploads\/2023\/08\/IMG-20230825-WA0010.jpg?fit=1040%2C780&ssl=1","articleSection":["Soci\u00e9t\u00e9"],"inLanguage":"fr-FR","potentialAction":[{"@type":"CommentAction","name":"Comment","target":["https:\/\/infos-droitshumains.net\/?p=7682#respond"]}]},{"@type":"WebPage","@id":"https:\/\/infos-droitshumains.net\/?p=7682","url":"https:\/\/infos-droitshumains.net\/?p=7682","name":"RDC : Les personnes avec handicap se dotent des documents pragmatiques et ceux constitutifs du cadre de concertation et du conseil national - Infos Droits Humains","isPartOf":{"@id":"https:\/\/infos-droitshumains.net\/#website"},"primaryImageOfPage":{"@id":"https:\/\/infos-droitshumains.net\/?p=7682#primaryimage"},"image":{"@id":"https:\/\/infos-droitshumains.net\/?p=7682#primaryimage"},"thumbnailUrl":"https:\/\/i0.wp.com\/infos-droitshumains.net\/wp-content\/uploads\/2023\/08\/IMG-20230825-WA0010.jpg?fit=1040%2C780&ssl=1","datePublished":"2023-08-25T12:45:49+00:00","dateModified":"2023-08-25T12:46:02+00:00","breadcrumb":{"@id":"https:\/\/infos-droitshumains.net\/?p=7682#breadcrumb"},"inLanguage":"fr-FR","potentialAction":[{"@type":"ReadAction","target":["https:\/\/infos-droitshumains.net\/?p=7682"]}]},{"@type":"ImageObject","inLanguage":"fr-FR","@id":"https:\/\/infos-droitshumains.net\/?p=7682#primaryimage","url":"https:\/\/i0.wp.com\/infos-droitshumains.net\/wp-content\/uploads\/2023\/08\/IMG-20230825-WA0010.jpg?fit=1040%2C780&ssl=1","contentUrl":"https:\/\/i0.wp.com\/infos-droitshumains.net\/wp-content\/uploads\/2023\/08\/IMG-20230825-WA0010.jpg?fit=1040%2C780&ssl=1","width":1040,"height":780},{"@type":"BreadcrumbList","@id":"https:\/\/infos-droitshumains.net\/?p=7682#breadcrumb","itemListElement":[{"@type":"ListItem","position":1,"name":"Accueil","item":"https:\/\/infos-droitshumains.net\/"},{"@type":"ListItem","position":2,"name":"RDC : Les personnes avec handicap se dotent des documents pragmatiques et ceux constitutifs du cadre de concertation et du conseil national"}]},{"@type":"WebSite","@id":"https:\/\/infos-droitshumains.net\/#website","url":"https:\/\/infos-droitshumains.net\/","name":"Infos Droits Humains","description":"S&#039;informer est un droit","publisher":{"@id":"https:\/\/infos-droitshumains.net\/#organization"},"potentialAction":[{"@type":"SearchAction","target":{"@type":"EntryPoint","urlTemplate":"https:\/\/infos-droitshumains.net\/?s={search_term_string}"},"query-input":{"@type":"PropertyValueSpecification","valueRequired":true,"valueName":"search_term_string"}}],"inLanguage":"fr-FR"},{"@type":"Organization","@id":"https:\/\/infos-droitshumains.net\/#organization","name":"Infos Droits Humains","url":"https:\/\/infos-droitshumains.net\/","logo":{"@type":"ImageObject","inLanguage":"fr-FR","@id":"https:\/\/infos-droitshumains.net\/#\/schema\/logo\/image\/","url":"https:\/\/i0.wp.com\/infos-droitshumains.net\/wp-content\/uploads\/2022\/05\/Logo.png?fit=333%2C129&ssl=1","contentUrl":"https:\/\/i0.wp.com\/infos-droitshumains.net\/wp-content\/uploads\/2022\/05\/Logo.png?fit=333%2C129&ssl=1","width":333,"height":129,"caption":"Infos Droits Humains"},"image":{"@id":"https:\/\/infos-droitshumains.net\/#\/schema\/logo\/image\/"}},{"@type":"Person","@id":"https:\/\/infos-droitshumains.net\/#\/schema\/person\/3dc5e921c3302172e0ed4362f96faab7","name":"Jo\u00ebl Diawa","image":{"@type":"ImageObject","inLanguage":"fr-FR","@id":"https:\/\/secure.gravatar.com\/avatar\/729bea6ff4604c624417803c477363be8e3c7186deaa65713313f9b4b820f41c?s=96&d=mm&r=g","url":"https:\/\/secure.gravatar.com\/avatar\/729bea6ff4604c624417803c477363be8e3c7186deaa65713313f9b4b820f41c?s=96&d=mm&r=g","contentUrl":"https:\/\/secure.gravatar.com\/avatar\/729bea6ff4604c624417803c477363be8e3c7186deaa65713313f9b4b820f41c?s=96&d=mm&r=g","caption":"Jo\u00ebl Diawa"},"sameAs":["https:\/\/www.infos-droitshumains.net"],"url":"https:\/\/infos-droitshumains.net\/?author=2"}]}},"featured_image_urls":{"full":["https:\/\/i0.wp.com\/infos-droitshumains.net\/wp-content\/uploads\/2023\/08\/IMG-20230825-WA0010.jpg?fit=1040%2C780&ssl=1",1040,780,false],"thumbnail":["https:\/\/i0.wp.com\/infos-droitshumains.net\/wp-content\/uploads\/2023\/08\/IMG-20230825-WA0010.jpg?resize=150%2C150&ssl=1",150,150,true],"medium":["https:\/\/i0.wp.com\/infos-droitshumains.net\/wp-content\/uploads\/2023\/08\/IMG-20230825-WA0010.jpg?fit=300%2C225&ssl=1",300,225,true],"medium_large":["https:\/\/i0.wp.com\/infos-droitshumains.net\/wp-content\/uploads\/2023\/08\/IMG-20230825-WA0010.jpg?fit=640%2C480&ssl=1",640,480,true],"large":["https:\/\/i0.wp.com\/infos-droitshumains.net\/wp-content\/uploads\/2023\/08\/IMG-20230825-WA0010.jpg?fit=640%2C480&ssl=1",640,480,true],"1536x1536":["https:\/\/i0.wp.com\/infos-droitshumains.net\/wp-content\/uploads\/2023\/08\/IMG-20230825-WA0010.jpg?fit=1040%2C780&ssl=1",1040,780,true],"2048x2048":["https:\/\/i0.wp.com\/infos-droitshumains.net\/wp-content\/uploads\/2023\/08\/IMG-20230825-WA0010.jpg?fit=1040%2C780&ssl=1",1040,780,true],"covernews-slider-full":["https:\/\/i0.wp.com\/infos-droitshumains.net\/wp-content\/uploads\/2023\/08\/IMG-20230825-WA0010.jpg?resize=1040%2C715&ssl=1",1040,715,true],"covernews-slider-center":["https:\/\/i0.wp.com\/infos-droitshumains.net\/wp-content\/uploads\/2023\/08\/IMG-20230825-WA0010.jpg?resize=800%2C500&ssl=1",800,500,true],"covernews-featured":["https:\/\/i0.wp.com\/infos-droitshumains.net\/wp-content\/uploads\/2023\/08\/IMG-20230825-WA0010.jpg?fit=1024%2C768&ssl=1",1024,768,true],"covernews-medium":["https:\/\/i0.wp.com\/infos-droitshumains.net\/wp-content\/uploads\/2023\/08\/IMG-20230825-WA0010.jpg?resize=540%2C340&ssl=1",540,340,true],"covernews-medium-square":["https:\/\/i0.wp.com\/infos-droitshumains.net\/wp-content\/uploads\/2023\/08\/IMG-20230825-WA0010.jpg?resize=400%2C250&ssl=1",400,250,true]},"author_info":{"display_name":"Jo\u00ebl Diawa","author_link":"https:\/\/infos-droitshumains.net\/?author=2"},"category_info":"<a href=\"https:\/\/infos-droitshumains.net\/?cat=8\" rel=\"category\">Soci\u00e9t\u00e9<\/a>","tag_info":"Soci\u00e9t\u00e9","comment_count":"0","jetpack_featured_media_url":"https:\/\/i0.wp.com\/infos-droitshumains.net\/wp-content\/uploads\/2023\/08\/IMG-20230825-WA0010.jpg?fit=1040%2C780&ssl=1","jetpack-related-posts":[],"jetpack_sharing_enabled":true,"_links":{"self":[{"href":"https:\/\/infos-droitshumains.net\/index.php?rest_route=\/wp\/v2\/posts\/7682","targetHints":{"allow":["GET"]}}],"collection":[{"href":"https:\/\/infos-droitshumains.net\/index.php?rest_route=\/wp\/v2\/posts"}],"about":[{"href":"https:\/\/infos-droitshumains.net\/index.php?rest_route=\/wp\/v2\/types\/post"}],"author":[{"embeddable":true,"href":"https:\/\/infos-droitshumains.net\/index.php?rest_route=\/wp\/v2\/users\/2"}],"replies":[{"embeddable":true,"href":"https:\/\/infos-droitshumains.net\/index.php?rest_route=%2Fwp%2Fv2%2Fcomments&post=7682"}],"version-history":[{"count":1,"href":"https:\/\/infos-droitshumains.net\/index.php?rest_route=\/wp\/v2\/posts\/7682\/revisions"}],"predecessor-version":[{"id":7684,"href":"https:\/\/infos-droitshumains.net\/index.php?rest_route=\/wp\/v2\/posts\/7682\/revisions\/7684"}],"wp:featuredmedia":[{"embeddable":true,"href":"https:\/\/infos-droitshumains.net\/index.php?rest_route=\/wp\/v2\/media\/7683"}],"wp:attachment":[{"href":"https:\/\/infos-droitshumains.net\/index.php?rest_route=%2Fwp%2Fv2%2Fmedia&parent=7682"}],"wp:term":[{"taxonomy":"category","embeddable":true,"href":"https:\/\/infos-droitshumains.net\/index.php?rest_route=%2Fwp%2Fv2%2Fcategories&post=7682"},{"taxonomy":"post_tag","embeddable":true,"href":"https:\/\/infos-droitshumains.net\/index.php?rest_route=%2Fwp%2Fv2%2Ftags&post=7682"}],"curies":[{"name":"wp","href":"https:\/\/api.w.org\/{rel}","templated":true}]}}