{"id":7674,"date":"2023-08-23T20:09:45","date_gmt":"2023-08-23T18:09:45","guid":{"rendered":"https:\/\/infos-droitshumains.net\/?p=7674"},"modified":"2023-08-24T11:45:16","modified_gmt":"2023-08-24T09:45:16","slug":"rdc-long-jurec-accompagne-les-acteurs-de-mai-ndombe-a-faire-de-leur-province-une-solution-au-changement-climatique","status":"publish","type":"post","link":"https:\/\/infos-droitshumains.net\/?p=7674","title":{"rendered":"RDC : l&rsquo;ONG JUREC accompagne les acteurs de Ma\u00ef-Ndombe pour faire de leur province une solution au changement climatique"},"content":{"rendered":"\n<p><strong>R\u00e9daction :+243817406088<\/strong><\/p>\n\n\n\n<h4 class=\"wp-block-heading has-vivid-red-color has-text-color\">L&rsquo; ONG Juristes pour l\u2019Environnement au Congo (JUREC) a organis\u00e9 du 14 au 16 ao\u00fbt dans la ville d\u2019Inongo, Chef-lieu de la province de Ma\u00ef-Ndombe, un atelier d\u2019information sur le cadre juridique des changements climatiques et la Contribution D\u00e9termin\u00e9e au niveau National(CDN ).<\/h4>\n\n\n\n<p>Les autorit\u00e9s politiques, Administratives, Organisations de la soci\u00e9t\u00e9 civile, le secteur priv\u00e9, centres de recherche et universit\u00e9s ont tous \u00e9taient invit\u00e9s \u00e0 prendre part \u00e0 cet atelier.<\/p>\n\n\n\n<p>L\u2019objectif \u00e9tait d\u2019apporter suffisamment d\u2019informations \u00e0 ces acteurs sur les diff\u00e9rents textes juridiques internationaux et nationaux relatifs aux changements climatiques.<\/p>\n\n\n\n<p>Me Edo Lilakako, repr\u00e9sentant de l\u2019ONG JUREC les a rappel\u00e9 que les changements climatiques constituent actuellement un danger pour le monde entier et la R\u00e9publique D\u00e9mocratique du Congo en particulier.<\/p>\n\n\n\n<p><em>\u00ab Les changements climatiques qui sont observ\u00e9s dans le monde, repr\u00e9sentent une menace pour les \u00e9cosyst\u00e8mes et, est \u00e9galement un d\u00e9fi au c\u0153ur du syst\u00e8me \u00e9conomique mondial et des relations entre les \u00c9tats \u00bb<\/em>, a fait savoir ma\u00eetre Edo Lilakako.Ce, avant de poursuivre :  <em>\u00ab l\u2019ONG JUREC entend \u00e9pingler le r\u00f4le de chaque acteur dans la lutte contre le changement climatique et la mise en \u0153uvre de la CDN, mais aussi, et surtout, de poser les bases d\u2019une dynamique de recherches et d\u2019int\u00e9r\u00eats sur les questions des changements climatiques au niveau provincial \u00bb<\/em>.<\/p>\n\n\n\n<p>Reconnue protectrice de la nature, la Gouverneure de la province du Mai-Ndombe, a lors de l\u2019ouverture de ces travaux, invit\u00e9 les participants \u00e0 faire bon usage des connaissances apprises, mais surtout, de vanter leur province qui constitue un palliatif indispensable face au changement climatique, au regard de ses potentialit\u00e9s naturelles.<\/p>\n\n\n\n<p><em>\u00ab Je souhaite que les acteurs de notre province que vous repr\u00e9sentez soient suffisamment inform\u00e9s sur les diff\u00e9rents textes juridiques internationaux et nationaux relatifs aux changements climatiques, en vue d\u2019inciter et de r\u00e9veiller votre engagement pour des solutions climatiques ad\u00e9quates. Aussi, \u00e0 capitaliser les acquis de cet atelier et \u00e0 f\u00e9d\u00e9rer vos efforts en vue de faire de la province du Ma\u00ef-Ndombe, une province solution aux probl\u00e8mes du changement climatique \u00bb<\/em>, a dit Rita Bola.<\/p>\n\n\n\n<p>Cet atelier a \u00e9t\u00e9 organis\u00e9 gr\u00e2ce au financement des Affaires Mondiales Canada (AMC) avec l\u2019appui d\u2019Alin\u00e9a International.<\/p>\n\n\n\n<p>AM <\/p>\n","protected":false},"excerpt":{"rendered":"<p>R\u00e9daction :+243817406088 L&rsquo; ONG Juristes pour l\u2019Environnement au Congo (JUREC) a organis\u00e9 du 14 au&#8230;<\/p>\n","protected":false},"author":2,"featured_media":7678,"comment_status":"open","ping_status":"open","sticky":false,"template":"","format":"standard","meta":{"_jetpack_memberships_contains_paid_content":false,"footnotes":""},"categories":[8],"tags":[],"class_list":["post-7674","post","type-post","status-publish","format-standard","has-post-thumbnail","hentry","category-societe"],"yoast_head":"<!-- This site is optimized with the Yoast SEO plugin v27.5 - https:\/\/yoast.com\/product\/yoast-seo-wordpress\/ -->\n<title>RDC : l&#039;ONG JUREC accompagne les acteurs de Ma\u00ef-Ndombe pour faire de leur province une solution au changement climatique - Infos Droits Humains<\/title>\n<meta name=\"robots\" content=\"index, follow, max-snippet:-1, max-image-preview:large, max-video-preview:-1\" \/>\n<link rel=\"canonical\" href=\"https:\/\/infos-droitshumains.net\/?p=7674\" \/>\n<meta property=\"og:locale\" content=\"fr_FR\" \/>\n<meta property=\"og:type\" content=\"article\" \/>\n<meta property=\"og:title\" content=\"RDC : l&#039;ONG JUREC accompagne les acteurs de Ma\u00ef-Ndombe pour faire de leur province une solution au changement climatique - Infos Droits Humains\" \/>\n<meta property=\"og:description\" content=\"R\u00e9daction :+243817406088 L&rsquo; ONG Juristes pour l\u2019Environnement au Congo (JUREC) a organis\u00e9 du 14 au...\" \/>\n<meta property=\"og:url\" content=\"https:\/\/infos-droitshumains.net\/?p=7674\" \/>\n<meta property=\"og:site_name\" content=\"Infos Droits Humains\" \/>\n<meta property=\"article:published_time\" content=\"2023-08-23T18:09:45+00:00\" \/>\n<meta property=\"article:modified_time\" content=\"2023-08-24T09:45:16+00:00\" \/>\n<meta property=\"og:image\" content=\"https:\/\/infos-droitshumains.net\/wp-content\/uploads\/2023\/08\/IMG-20230823-WA0004_1.jpg\" \/>\n\t<meta property=\"og:image:width\" content=\"1080\" \/>\n\t<meta property=\"og:image:height\" content=\"715\" \/>\n\t<meta property=\"og:image:type\" content=\"image\/jpeg\" \/>\n<meta name=\"author\" content=\"Jo\u00ebl Diawa\" \/>\n<meta name=\"twitter:card\" content=\"summary_large_image\" \/>\n<meta name=\"twitter:label1\" content=\"\u00c9crit par\" \/>\n\t<meta name=\"twitter:data1\" content=\"Jo\u00ebl Diawa\" \/>\n\t<meta name=\"twitter:label2\" content=\"Dur\u00e9e de lecture estim\u00e9e\" \/>\n\t<meta name=\"twitter:data2\" content=\"2 minutes\" \/>\n<script type=\"application\/ld+json\" class=\"yoast-schema-graph\">{\"@context\":\"https:\\\/\\\/schema.org\",\"@graph\":[{\"@type\":\"Article\",\"@id\":\"https:\\\/\\\/infos-droitshumains.net\\\/?p=7674#article\",\"isPartOf\":{\"@id\":\"https:\\\/\\\/infos-droitshumains.net\\\/?p=7674\"},\"author\":{\"name\":\"Jo\u00ebl Diawa\",\"@id\":\"https:\\\/\\\/infos-droitshumains.net\\\/#\\\/schema\\\/person\\\/3dc5e921c3302172e0ed4362f96faab7\"},\"headline\":\"RDC : l&rsquo;ONG JUREC accompagne les acteurs de Ma\u00ef-Ndombe pour faire de leur province une solution au changement climatique\",\"datePublished\":\"2023-08-23T18:09:45+00:00\",\"dateModified\":\"2023-08-24T09:45:16+00:00\",\"mainEntityOfPage\":{\"@id\":\"https:\\\/\\\/infos-droitshumains.net\\\/?p=7674\"},\"wordCount\":411,\"commentCount\":0,\"publisher\":{\"@id\":\"https:\\\/\\\/infos-droitshumains.net\\\/#organization\"},\"image\":{\"@id\":\"https:\\\/\\\/infos-droitshumains.net\\\/?p=7674#primaryimage\"},\"thumbnailUrl\":\"https:\\\/\\\/i0.wp.com\\\/infos-droitshumains.net\\\/wp-content\\\/uploads\\\/2023\\\/08\\\/IMG-20230823-WA0004_1.jpg?fit=1080%2C715&ssl=1\",\"articleSection\":[\"Soci\u00e9t\u00e9\"],\"inLanguage\":\"fr-FR\",\"potentialAction\":[{\"@type\":\"CommentAction\",\"name\":\"Comment\",\"target\":[\"https:\\\/\\\/infos-droitshumains.net\\\/?p=7674#respond\"]}]},{\"@type\":\"WebPage\",\"@id\":\"https:\\\/\\\/infos-droitshumains.net\\\/?p=7674\",\"url\":\"https:\\\/\\\/infos-droitshumains.net\\\/?p=7674\",\"name\":\"RDC : l'ONG JUREC accompagne les acteurs de Ma\u00ef-Ndombe pour faire de leur province une solution au changement climatique - Infos Droits Humains\",\"isPartOf\":{\"@id\":\"https:\\\/\\\/infos-droitshumains.net\\\/#website\"},\"primaryImageOfPage\":{\"@id\":\"https:\\\/\\\/infos-droitshumains.net\\\/?p=7674#primaryimage\"},\"image\":{\"@id\":\"https:\\\/\\\/infos-droitshumains.net\\\/?p=7674#primaryimage\"},\"thumbnailUrl\":\"https:\\\/\\\/i0.wp.com\\\/infos-droitshumains.net\\\/wp-content\\\/uploads\\\/2023\\\/08\\\/IMG-20230823-WA0004_1.jpg?fit=1080%2C715&ssl=1\",\"datePublished\":\"2023-08-23T18:09:45+00:00\",\"dateModified\":\"2023-08-24T09:45:16+00:00\",\"breadcrumb\":{\"@id\":\"https:\\\/\\\/infos-droitshumains.net\\\/?p=7674#breadcrumb\"},\"inLanguage\":\"fr-FR\",\"potentialAction\":[{\"@type\":\"ReadAction\",\"target\":[\"https:\\\/\\\/infos-droitshumains.net\\\/?p=7674\"]}]},{\"@type\":\"ImageObject\",\"inLanguage\":\"fr-FR\",\"@id\":\"https:\\\/\\\/infos-droitshumains.net\\\/?p=7674#primaryimage\",\"url\":\"https:\\\/\\\/i0.wp.com\\\/infos-droitshumains.net\\\/wp-content\\\/uploads\\\/2023\\\/08\\\/IMG-20230823-WA0004_1.jpg?fit=1080%2C715&ssl=1\",\"contentUrl\":\"https:\\\/\\\/i0.wp.com\\\/infos-droitshumains.net\\\/wp-content\\\/uploads\\\/2023\\\/08\\\/IMG-20230823-WA0004_1.jpg?fit=1080%2C715&ssl=1\",\"width\":1080,\"height\":715},{\"@type\":\"BreadcrumbList\",\"@id\":\"https:\\\/\\\/infos-droitshumains.net\\\/?p=7674#breadcrumb\",\"itemListElement\":[{\"@type\":\"ListItem\",\"position\":1,\"name\":\"Accueil\",\"item\":\"https:\\\/\\\/infos-droitshumains.net\\\/\"},{\"@type\":\"ListItem\",\"position\":2,\"name\":\"RDC : l&rsquo;ONG JUREC accompagne les acteurs de Ma\u00ef-Ndombe pour faire de leur province une solution au changement climatique\"}]},{\"@type\":\"WebSite\",\"@id\":\"https:\\\/\\\/infos-droitshumains.net\\\/#website\",\"url\":\"https:\\\/\\\/infos-droitshumains.net\\\/\",\"name\":\"Infos Droits Humains\",\"description\":\"S&#039;informer est un droit\",\"publisher\":{\"@id\":\"https:\\\/\\\/infos-droitshumains.net\\\/#organization\"},\"potentialAction\":[{\"@type\":\"SearchAction\",\"target\":{\"@type\":\"EntryPoint\",\"urlTemplate\":\"https:\\\/\\\/infos-droitshumains.net\\\/?s={search_term_string}\"},\"query-input\":{\"@type\":\"PropertyValueSpecification\",\"valueRequired\":true,\"valueName\":\"search_term_string\"}}],\"inLanguage\":\"fr-FR\"},{\"@type\":\"Organization\",\"@id\":\"https:\\\/\\\/infos-droitshumains.net\\\/#organization\",\"name\":\"Infos Droits Humains\",\"url\":\"https:\\\/\\\/infos-droitshumains.net\\\/\",\"logo\":{\"@type\":\"ImageObject\",\"inLanguage\":\"fr-FR\",\"@id\":\"https:\\\/\\\/infos-droitshumains.net\\\/#\\\/schema\\\/logo\\\/image\\\/\",\"url\":\"https:\\\/\\\/i0.wp.com\\\/infos-droitshumains.net\\\/wp-content\\\/uploads\\\/2022\\\/05\\\/Logo.png?fit=333%2C129&ssl=1\",\"contentUrl\":\"https:\\\/\\\/i0.wp.com\\\/infos-droitshumains.net\\\/wp-content\\\/uploads\\\/2022\\\/05\\\/Logo.png?fit=333%2C129&ssl=1\",\"width\":333,\"height\":129,\"caption\":\"Infos Droits Humains\"},\"image\":{\"@id\":\"https:\\\/\\\/infos-droitshumains.net\\\/#\\\/schema\\\/logo\\\/image\\\/\"}},{\"@type\":\"Person\",\"@id\":\"https:\\\/\\\/infos-droitshumains.net\\\/#\\\/schema\\\/person\\\/3dc5e921c3302172e0ed4362f96faab7\",\"name\":\"Jo\u00ebl Diawa\",\"image\":{\"@type\":\"ImageObject\",\"inLanguage\":\"fr-FR\",\"@id\":\"https:\\\/\\\/secure.gravatar.com\\\/avatar\\\/729bea6ff4604c624417803c477363be8e3c7186deaa65713313f9b4b820f41c?s=96&d=mm&r=g\",\"url\":\"https:\\\/\\\/secure.gravatar.com\\\/avatar\\\/729bea6ff4604c624417803c477363be8e3c7186deaa65713313f9b4b820f41c?s=96&d=mm&r=g\",\"contentUrl\":\"https:\\\/\\\/secure.gravatar.com\\\/avatar\\\/729bea6ff4604c624417803c477363be8e3c7186deaa65713313f9b4b820f41c?s=96&d=mm&r=g\",\"caption\":\"Jo\u00ebl Diawa\"},\"sameAs\":[\"https:\\\/\\\/www.infos-droitshumains.net\"],\"url\":\"https:\\\/\\\/infos-droitshumains.net\\\/?author=2\"}]}<\/script>\n<!-- \/ Yoast SEO plugin. -->","yoast_head_json":{"title":"RDC : l'ONG JUREC accompagne les acteurs de Ma\u00ef-Ndombe pour faire de leur province une solution au changement climatique - Infos Droits Humains","robots":{"index":"index","follow":"follow","max-snippet":"max-snippet:-1","max-image-preview":"max-image-preview:large","max-video-preview":"max-video-preview:-1"},"canonical":"https:\/\/infos-droitshumains.net\/?p=7674","og_locale":"fr_FR","og_type":"article","og_title":"RDC : l'ONG JUREC accompagne les acteurs de Ma\u00ef-Ndombe pour faire de leur province une solution au changement climatique - Infos Droits Humains","og_description":"R\u00e9daction :+243817406088 L&rsquo; ONG Juristes pour l\u2019Environnement au Congo (JUREC) a organis\u00e9 du 14 au...","og_url":"https:\/\/infos-droitshumains.net\/?p=7674","og_site_name":"Infos Droits Humains","article_published_time":"2023-08-23T18:09:45+00:00","article_modified_time":"2023-08-24T09:45:16+00:00","og_image":[{"width":1080,"height":715,"url":"https:\/\/infos-droitshumains.net\/wp-content\/uploads\/2023\/08\/IMG-20230823-WA0004_1.jpg","type":"image\/jpeg"}],"author":"Jo\u00ebl Diawa","twitter_card":"summary_large_image","twitter_misc":{"\u00c9crit par":"Jo\u00ebl Diawa","Dur\u00e9e de lecture estim\u00e9e":"2 minutes"},"schema":{"@context":"https:\/\/schema.org","@graph":[{"@type":"Article","@id":"https:\/\/infos-droitshumains.net\/?p=7674#article","isPartOf":{"@id":"https:\/\/infos-droitshumains.net\/?p=7674"},"author":{"name":"Jo\u00ebl Diawa","@id":"https:\/\/infos-droitshumains.net\/#\/schema\/person\/3dc5e921c3302172e0ed4362f96faab7"},"headline":"RDC : l&rsquo;ONG JUREC accompagne les acteurs de Ma\u00ef-Ndombe pour faire de leur province une solution au changement climatique","datePublished":"2023-08-23T18:09:45+00:00","dateModified":"2023-08-24T09:45:16+00:00","mainEntityOfPage":{"@id":"https:\/\/infos-droitshumains.net\/?p=7674"},"wordCount":411,"commentCount":0,"publisher":{"@id":"https:\/\/infos-droitshumains.net\/#organization"},"image":{"@id":"https:\/\/infos-droitshumains.net\/?p=7674#primaryimage"},"thumbnailUrl":"https:\/\/i0.wp.com\/infos-droitshumains.net\/wp-content\/uploads\/2023\/08\/IMG-20230823-WA0004_1.jpg?fit=1080%2C715&ssl=1","articleSection":["Soci\u00e9t\u00e9"],"inLanguage":"fr-FR","potentialAction":[{"@type":"CommentAction","name":"Comment","target":["https:\/\/infos-droitshumains.net\/?p=7674#respond"]}]},{"@type":"WebPage","@id":"https:\/\/infos-droitshumains.net\/?p=7674","url":"https:\/\/infos-droitshumains.net\/?p=7674","name":"RDC : l'ONG JUREC accompagne les acteurs de Ma\u00ef-Ndombe pour faire de leur province une solution au changement climatique - Infos Droits Humains","isPartOf":{"@id":"https:\/\/infos-droitshumains.net\/#website"},"primaryImageOfPage":{"@id":"https:\/\/infos-droitshumains.net\/?p=7674#primaryimage"},"image":{"@id":"https:\/\/infos-droitshumains.net\/?p=7674#primaryimage"},"thumbnailUrl":"https:\/\/i0.wp.com\/infos-droitshumains.net\/wp-content\/uploads\/2023\/08\/IMG-20230823-WA0004_1.jpg?fit=1080%2C715&ssl=1","datePublished":"2023-08-23T18:09:45+00:00","dateModified":"2023-08-24T09:45:16+00:00","breadcrumb":{"@id":"https:\/\/infos-droitshumains.net\/?p=7674#breadcrumb"},"inLanguage":"fr-FR","potentialAction":[{"@type":"ReadAction","target":["https:\/\/infos-droitshumains.net\/?p=7674"]}]},{"@type":"ImageObject","inLanguage":"fr-FR","@id":"https:\/\/infos-droitshumains.net\/?p=7674#primaryimage","url":"https:\/\/i0.wp.com\/infos-droitshumains.net\/wp-content\/uploads\/2023\/08\/IMG-20230823-WA0004_1.jpg?fit=1080%2C715&ssl=1","contentUrl":"https:\/\/i0.wp.com\/infos-droitshumains.net\/wp-content\/uploads\/2023\/08\/IMG-20230823-WA0004_1.jpg?fit=1080%2C715&ssl=1","width":1080,"height":715},{"@type":"BreadcrumbList","@id":"https:\/\/infos-droitshumains.net\/?p=7674#breadcrumb","itemListElement":[{"@type":"ListItem","position":1,"name":"Accueil","item":"https:\/\/infos-droitshumains.net\/"},{"@type":"ListItem","position":2,"name":"RDC : l&rsquo;ONG JUREC accompagne les acteurs de Ma\u00ef-Ndombe pour faire de leur province une solution au changement climatique"}]},{"@type":"WebSite","@id":"https:\/\/infos-droitshumains.net\/#website","url":"https:\/\/infos-droitshumains.net\/","name":"Infos Droits Humains","description":"S&#039;informer est un droit","publisher":{"@id":"https:\/\/infos-droitshumains.net\/#organization"},"potentialAction":[{"@type":"SearchAction","target":{"@type":"EntryPoint","urlTemplate":"https:\/\/infos-droitshumains.net\/?s={search_term_string}"},"query-input":{"@type":"PropertyValueSpecification","valueRequired":true,"valueName":"search_term_string"}}],"inLanguage":"fr-FR"},{"@type":"Organization","@id":"https:\/\/infos-droitshumains.net\/#organization","name":"Infos Droits Humains","url":"https:\/\/infos-droitshumains.net\/","logo":{"@type":"ImageObject","inLanguage":"fr-FR","@id":"https:\/\/infos-droitshumains.net\/#\/schema\/logo\/image\/","url":"https:\/\/i0.wp.com\/infos-droitshumains.net\/wp-content\/uploads\/2022\/05\/Logo.png?fit=333%2C129&ssl=1","contentUrl":"https:\/\/i0.wp.com\/infos-droitshumains.net\/wp-content\/uploads\/2022\/05\/Logo.png?fit=333%2C129&ssl=1","width":333,"height":129,"caption":"Infos Droits Humains"},"image":{"@id":"https:\/\/infos-droitshumains.net\/#\/schema\/logo\/image\/"}},{"@type":"Person","@id":"https:\/\/infos-droitshumains.net\/#\/schema\/person\/3dc5e921c3302172e0ed4362f96faab7","name":"Jo\u00ebl Diawa","image":{"@type":"ImageObject","inLanguage":"fr-FR","@id":"https:\/\/secure.gravatar.com\/avatar\/729bea6ff4604c624417803c477363be8e3c7186deaa65713313f9b4b820f41c?s=96&d=mm&r=g","url":"https:\/\/secure.gravatar.com\/avatar\/729bea6ff4604c624417803c477363be8e3c7186deaa65713313f9b4b820f41c?s=96&d=mm&r=g","contentUrl":"https:\/\/secure.gravatar.com\/avatar\/729bea6ff4604c624417803c477363be8e3c7186deaa65713313f9b4b820f41c?s=96&d=mm&r=g","caption":"Jo\u00ebl Diawa"},"sameAs":["https:\/\/www.infos-droitshumains.net"],"url":"https:\/\/infos-droitshumains.net\/?author=2"}]}},"featured_image_urls":{"full":["https:\/\/i0.wp.com\/infos-droitshumains.net\/wp-content\/uploads\/2023\/08\/IMG-20230823-WA0004_1.jpg?fit=1080%2C715&ssl=1",1080,715,false],"thumbnail":["https:\/\/i0.wp.com\/infos-droitshumains.net\/wp-content\/uploads\/2023\/08\/IMG-20230823-WA0004_1.jpg?resize=150%2C150&ssl=1",150,150,true],"medium":["https:\/\/i0.wp.com\/infos-droitshumains.net\/wp-content\/uploads\/2023\/08\/IMG-20230823-WA0004_1.jpg?fit=300%2C199&ssl=1",300,199,true],"medium_large":["https:\/\/i0.wp.com\/infos-droitshumains.net\/wp-content\/uploads\/2023\/08\/IMG-20230823-WA0004_1.jpg?fit=640%2C423&ssl=1",640,423,true],"large":["https:\/\/i0.wp.com\/infos-droitshumains.net\/wp-content\/uploads\/2023\/08\/IMG-20230823-WA0004_1.jpg?fit=640%2C424&ssl=1",640,424,true],"1536x1536":["https:\/\/i0.wp.com\/infos-droitshumains.net\/wp-content\/uploads\/2023\/08\/IMG-20230823-WA0004_1.jpg?fit=1080%2C715&ssl=1",1080,715,true],"2048x2048":["https:\/\/i0.wp.com\/infos-droitshumains.net\/wp-content\/uploads\/2023\/08\/IMG-20230823-WA0004_1.jpg?fit=1080%2C715&ssl=1",1080,715,true],"covernews-slider-full":["https:\/\/i0.wp.com\/infos-droitshumains.net\/wp-content\/uploads\/2023\/08\/IMG-20230823-WA0004_1.jpg?resize=1080%2C715&ssl=1",1080,715,true],"covernews-slider-center":["https:\/\/i0.wp.com\/infos-droitshumains.net\/wp-content\/uploads\/2023\/08\/IMG-20230823-WA0004_1.jpg?resize=800%2C500&ssl=1",800,500,true],"covernews-featured":["https:\/\/i0.wp.com\/infos-droitshumains.net\/wp-content\/uploads\/2023\/08\/IMG-20230823-WA0004_1.jpg?fit=1024%2C678&ssl=1",1024,678,true],"covernews-medium":["https:\/\/i0.wp.com\/infos-droitshumains.net\/wp-content\/uploads\/2023\/08\/IMG-20230823-WA0004_1.jpg?resize=540%2C340&ssl=1",540,340,true],"covernews-medium-square":["https:\/\/i0.wp.com\/infos-droitshumains.net\/wp-content\/uploads\/2023\/08\/IMG-20230823-WA0004_1.jpg?resize=400%2C250&ssl=1",400,250,true]},"author_info":{"display_name":"Jo\u00ebl Diawa","author_link":"https:\/\/infos-droitshumains.net\/?author=2"},"category_info":"<a href=\"https:\/\/infos-droitshumains.net\/?cat=8\" rel=\"category\">Soci\u00e9t\u00e9<\/a>","tag_info":"Soci\u00e9t\u00e9","comment_count":"0","jetpack_featured_media_url":"https:\/\/i0.wp.com\/infos-droitshumains.net\/wp-content\/uploads\/2023\/08\/IMG-20230823-WA0004_1.jpg?fit=1080%2C715&ssl=1","jetpack-related-posts":[],"jetpack_sharing_enabled":true,"_links":{"self":[{"href":"https:\/\/infos-droitshumains.net\/index.php?rest_route=\/wp\/v2\/posts\/7674","targetHints":{"allow":["GET"]}}],"collection":[{"href":"https:\/\/infos-droitshumains.net\/index.php?rest_route=\/wp\/v2\/posts"}],"about":[{"href":"https:\/\/infos-droitshumains.net\/index.php?rest_route=\/wp\/v2\/types\/post"}],"author":[{"embeddable":true,"href":"https:\/\/infos-droitshumains.net\/index.php?rest_route=\/wp\/v2\/users\/2"}],"replies":[{"embeddable":true,"href":"https:\/\/infos-droitshumains.net\/index.php?rest_route=%2Fwp%2Fv2%2Fcomments&post=7674"}],"version-history":[{"count":5,"href":"https:\/\/infos-droitshumains.net\/index.php?rest_route=\/wp\/v2\/posts\/7674\/revisions"}],"predecessor-version":[{"id":7681,"href":"https:\/\/infos-droitshumains.net\/index.php?rest_route=\/wp\/v2\/posts\/7674\/revisions\/7681"}],"wp:featuredmedia":[{"embeddable":true,"href":"https:\/\/infos-droitshumains.net\/index.php?rest_route=\/wp\/v2\/media\/7678"}],"wp:attachment":[{"href":"https:\/\/infos-droitshumains.net\/index.php?rest_route=%2Fwp%2Fv2%2Fmedia&parent=7674"}],"wp:term":[{"taxonomy":"category","embeddable":true,"href":"https:\/\/infos-droitshumains.net\/index.php?rest_route=%2Fwp%2Fv2%2Fcategories&post=7674"},{"taxonomy":"post_tag","embeddable":true,"href":"https:\/\/infos-droitshumains.net\/index.php?rest_route=%2Fwp%2Fv2%2Ftags&post=7674"}],"curies":[{"name":"wp","href":"https:\/\/api.w.org\/{rel}","templated":true}]}}