{"id":7663,"date":"2023-08-18T02:16:25","date_gmt":"2023-08-18T00:16:25","guid":{"rendered":"https:\/\/infos-droitshumains.net\/?p=7663"},"modified":"2023-08-18T02:16:27","modified_gmt":"2023-08-18T00:16:27","slug":"rdc-debut-du-proces-de-salomon-kalonda-les-avocats-du-conseiller-de-katumbi-surpris-dentendre-des-nouveaux-chefs-dinculpation","status":"publish","type":"post","link":"https:\/\/infos-droitshumains.net\/?p=7663","title":{"rendered":"RDC\u00a0: D\u00e9but du proc\u00e8s de Salomon Kalonda, les avocats du conseiller de Katumbi surpris d\u2019entendre des nouveaux chefs d\u2019inculpation"},"content":{"rendered":"\n<p><strong>R\u00e9daction :+243817406088<\/strong><\/p>\n\n\n\n<h4 class=\"wp-block-heading has-vivid-red-color has-text-color\">Apr\u00e8s pr\u00e8s de 3 mois de d\u00e9tention, Salomon Idi Kalonda a comparu pour la premi\u00e8re fois devant le juge ce mercredi 17 juillet \u00e0 la Cour Militaire de Kinshasa\/Gombe.<\/h4>\n\n\n\n<h3 class=\"wp-block-heading\"><strong><em>Inculpation de d\u00e9tention d\u2019arme boot\u00e9e en touche<\/em><\/strong><\/h3>\n\n\n\n<p>Arr\u00eat\u00e9 le 30 mai dernier au tarmac de l\u2019a\u00e9roport international de Nd\u2019jili \u00e0 Kinshasa alors qu\u2019il s\u2019appr\u00eatait \u00e0 prendre l\u2019avion pour Lubumbashi, les premi\u00e8res informations faisait \u00e9tat d\u2019une interpellation du conseiller sp\u00e9cial de l\u2019opposant Moise Katumbi pour d\u00e9tention illicite d\u2019arme \u00e0 feu qu\u2019il porterait lors de la marche de l\u2019opposition du samedi 20 mai.<\/p>\n\n\n\n<p>Ce Chef d\u2019inculpation et tant d\u2019autres comme tentative de Coup d\u2019Etat afin d\u2019installer un ressortissant du Katanga \u00e0 la t\u00eate de l\u2019Etat cit\u00e9s par le renseignement militaire au cours de l\u2019instruction pr\u00e9juridictionnelle n\u2019ont pas \u00e9t\u00e9 renseign\u00e9s par l\u2019auditeur militaire lors de la premi\u00e8re audience.<\/p>\n\n\n\n<h3 class=\"wp-block-heading\"><strong><em>Trahison et divulgation des secrets de l\u2019arm\u00e9e<\/em><\/strong><\/h3>\n\n\n\n<p>Salomon Idi Kalonda est d\u00e9sormais accus\u00e9 de trahison pour avoir remis, en date du 22 mai 2022 un certain Patrick Nyundo, agent de l\u2019ANR, les images des tenues et bottines militaires soigneusement et secr\u00e8tement choisies par la hi\u00e9rarchie militaire en vue de doter les militaires de FARDC.<\/p>\n\n\n\n<p>Il lui est aussi reproch\u00e9 d\u2019avoir livr\u00e9 \u00e0 une puissance \u00e9trang\u00e8re, une organisation \u00e9trang\u00e8re ou sous contr\u00f4le \u00e9tranger, soit des troupes appartenant aux FARDC, soit tout ou une partie du territoire national, des mat\u00e9riels de construction, \u00e9quipement, installations, appareils ou autres mat\u00e9riels affect\u00e9s aux FARDC.<\/p>\n\n\n\n<p>L\u2019auditeur militaire reproche aussi \u00e0 celui qui est surnomm\u00e9 SK Della le fait d\u2019entretenir des intelligences avec des puissances \u00e9trang\u00e8res en vue de susciter des hostilit\u00e9s ou des actes d\u2019agression contre la R\u00e9publique, de livrer des renseignements de nature \u00e0 porter atteinte aux int\u00e9r\u00eats fondamentaux de la nation.<\/p>\n\n\n\n<p>Ses avocats se disent surpris de voir les inculpations pour lesquelles il a \u00e9t\u00e9 arr\u00eat\u00e9 soient \u00e9lagu\u00e9es. Surpris des nouvelles charges qui p\u00e8sent sur leur client, ils ont sollicit\u00e9 et obtenu le report du proc\u00e8s pour le 18 septembre prochain, question de bien pr\u00e9parer la d\u00e9fense.<\/p>\n\n\n\n<p>Au sortir de cette audience, Me. Herv\u00e9 Diakese son avocat a d\u00e9clar\u00e9&nbsp;: <em>\u00ab&nbsp;Si nous \u00e9tions dans un pays s\u00e9rieux, Salomon devrait d\u00e9j\u00e0 \u00eatre libre, son dossier est visiblement vide&nbsp;\u00bb<\/em>.<\/p>\n\n\n\n<p>Les opposants dont Moise Katumbi, d\u00e9noncent une affaire <em>\u00ab\u00a0purement politique\u00a0\u00bb<\/em> visant \u00e0 \u00e9carter ce dernier de la Course \u00e0 la Pr\u00e9sidentielle de d\u00e9cembre prochain.<\/p>\n\n\n\n<p>Jo\u00ebl Diawa<\/p>\n","protected":false},"excerpt":{"rendered":"<p>R\u00e9daction :+243817406088 Apr\u00e8s pr\u00e8s de 3 mois de d\u00e9tention, Salomon Idi Kalonda a comparu pour&#8230;<\/p>\n","protected":false},"author":2,"featured_media":7664,"comment_status":"open","ping_status":"open","sticky":false,"template":"","format":"standard","meta":{"_jetpack_memberships_contains_paid_content":false,"footnotes":""},"categories":[6],"tags":[],"class_list":["post-7663","post","type-post","status-publish","format-standard","has-post-thumbnail","hentry","category-justice"],"yoast_head":"<!-- This site is optimized with the Yoast SEO plugin v27.5 - https:\/\/yoast.com\/product\/yoast-seo-wordpress\/ -->\n<title>RDC\u00a0: D\u00e9but du proc\u00e8s de Salomon Kalonda, les avocats du conseiller de Katumbi surpris d\u2019entendre des nouveaux chefs d\u2019inculpation - Infos Droits Humains<\/title>\n<meta name=\"robots\" content=\"index, follow, max-snippet:-1, max-image-preview:large, max-video-preview:-1\" \/>\n<link rel=\"canonical\" href=\"https:\/\/infos-droitshumains.net\/?p=7663\" \/>\n<meta property=\"og:locale\" content=\"fr_FR\" \/>\n<meta property=\"og:type\" content=\"article\" \/>\n<meta property=\"og:title\" content=\"RDC\u00a0: D\u00e9but du proc\u00e8s de Salomon Kalonda, les avocats du conseiller de Katumbi surpris d\u2019entendre des nouveaux chefs d\u2019inculpation - Infos Droits Humains\" \/>\n<meta property=\"og:description\" content=\"R\u00e9daction :+243817406088 Apr\u00e8s pr\u00e8s de 3 mois de d\u00e9tention, Salomon Idi Kalonda a comparu pour...\" \/>\n<meta property=\"og:url\" content=\"https:\/\/infos-droitshumains.net\/?p=7663\" \/>\n<meta property=\"og:site_name\" content=\"Infos Droits Humains\" \/>\n<meta property=\"article:published_time\" content=\"2023-08-18T00:16:25+00:00\" \/>\n<meta property=\"article:modified_time\" content=\"2023-08-18T00:16:27+00:00\" \/>\n<meta property=\"og:image\" content=\"https:\/\/infos-droitshumains.net\/wp-content\/uploads\/2023\/08\/20230611_113907.jpg\" \/>\n\t<meta property=\"og:image:width\" content=\"1012\" \/>\n\t<meta property=\"og:image:height\" content=\"674\" \/>\n\t<meta property=\"og:image:type\" content=\"image\/jpeg\" \/>\n<meta name=\"author\" content=\"Jo\u00ebl Diawa\" \/>\n<meta name=\"twitter:card\" content=\"summary_large_image\" \/>\n<meta name=\"twitter:label1\" content=\"\u00c9crit par\" \/>\n\t<meta name=\"twitter:data1\" content=\"Jo\u00ebl Diawa\" \/>\n\t<meta name=\"twitter:label2\" content=\"Dur\u00e9e de lecture estim\u00e9e\" \/>\n\t<meta name=\"twitter:data2\" content=\"2 minutes\" \/>\n<script type=\"application\/ld+json\" class=\"yoast-schema-graph\">{\"@context\":\"https:\\\/\\\/schema.org\",\"@graph\":[{\"@type\":\"Article\",\"@id\":\"https:\\\/\\\/infos-droitshumains.net\\\/?p=7663#article\",\"isPartOf\":{\"@id\":\"https:\\\/\\\/infos-droitshumains.net\\\/?p=7663\"},\"author\":{\"name\":\"Jo\u00ebl Diawa\",\"@id\":\"https:\\\/\\\/infos-droitshumains.net\\\/#\\\/schema\\\/person\\\/3dc5e921c3302172e0ed4362f96faab7\"},\"headline\":\"RDC\u00a0: D\u00e9but du proc\u00e8s de Salomon Kalonda, les avocats du conseiller de Katumbi surpris d\u2019entendre des nouveaux chefs d\u2019inculpation\",\"datePublished\":\"2023-08-18T00:16:25+00:00\",\"dateModified\":\"2023-08-18T00:16:27+00:00\",\"mainEntityOfPage\":{\"@id\":\"https:\\\/\\\/infos-droitshumains.net\\\/?p=7663\"},\"wordCount\":464,\"commentCount\":0,\"publisher\":{\"@id\":\"https:\\\/\\\/infos-droitshumains.net\\\/#organization\"},\"image\":{\"@id\":\"https:\\\/\\\/infos-droitshumains.net\\\/?p=7663#primaryimage\"},\"thumbnailUrl\":\"https:\\\/\\\/i0.wp.com\\\/infos-droitshumains.net\\\/wp-content\\\/uploads\\\/2023\\\/08\\\/20230611_113907.jpg?fit=1012%2C674&ssl=1\",\"articleSection\":[\"Justice\"],\"inLanguage\":\"fr-FR\",\"potentialAction\":[{\"@type\":\"CommentAction\",\"name\":\"Comment\",\"target\":[\"https:\\\/\\\/infos-droitshumains.net\\\/?p=7663#respond\"]}]},{\"@type\":\"WebPage\",\"@id\":\"https:\\\/\\\/infos-droitshumains.net\\\/?p=7663\",\"url\":\"https:\\\/\\\/infos-droitshumains.net\\\/?p=7663\",\"name\":\"RDC\u00a0: D\u00e9but du proc\u00e8s de Salomon Kalonda, les avocats du conseiller de Katumbi surpris d\u2019entendre des nouveaux chefs d\u2019inculpation - Infos Droits Humains\",\"isPartOf\":{\"@id\":\"https:\\\/\\\/infos-droitshumains.net\\\/#website\"},\"primaryImageOfPage\":{\"@id\":\"https:\\\/\\\/infos-droitshumains.net\\\/?p=7663#primaryimage\"},\"image\":{\"@id\":\"https:\\\/\\\/infos-droitshumains.net\\\/?p=7663#primaryimage\"},\"thumbnailUrl\":\"https:\\\/\\\/i0.wp.com\\\/infos-droitshumains.net\\\/wp-content\\\/uploads\\\/2023\\\/08\\\/20230611_113907.jpg?fit=1012%2C674&ssl=1\",\"datePublished\":\"2023-08-18T00:16:25+00:00\",\"dateModified\":\"2023-08-18T00:16:27+00:00\",\"breadcrumb\":{\"@id\":\"https:\\\/\\\/infos-droitshumains.net\\\/?p=7663#breadcrumb\"},\"inLanguage\":\"fr-FR\",\"potentialAction\":[{\"@type\":\"ReadAction\",\"target\":[\"https:\\\/\\\/infos-droitshumains.net\\\/?p=7663\"]}]},{\"@type\":\"ImageObject\",\"inLanguage\":\"fr-FR\",\"@id\":\"https:\\\/\\\/infos-droitshumains.net\\\/?p=7663#primaryimage\",\"url\":\"https:\\\/\\\/i0.wp.com\\\/infos-droitshumains.net\\\/wp-content\\\/uploads\\\/2023\\\/08\\\/20230611_113907.jpg?fit=1012%2C674&ssl=1\",\"contentUrl\":\"https:\\\/\\\/i0.wp.com\\\/infos-droitshumains.net\\\/wp-content\\\/uploads\\\/2023\\\/08\\\/20230611_113907.jpg?fit=1012%2C674&ssl=1\",\"width\":1012,\"height\":674},{\"@type\":\"BreadcrumbList\",\"@id\":\"https:\\\/\\\/infos-droitshumains.net\\\/?p=7663#breadcrumb\",\"itemListElement\":[{\"@type\":\"ListItem\",\"position\":1,\"name\":\"Accueil\",\"item\":\"https:\\\/\\\/infos-droitshumains.net\\\/\"},{\"@type\":\"ListItem\",\"position\":2,\"name\":\"RDC\u00a0: D\u00e9but du proc\u00e8s de Salomon Kalonda, les avocats du conseiller de Katumbi surpris d\u2019entendre des nouveaux chefs d\u2019inculpation\"}]},{\"@type\":\"WebSite\",\"@id\":\"https:\\\/\\\/infos-droitshumains.net\\\/#website\",\"url\":\"https:\\\/\\\/infos-droitshumains.net\\\/\",\"name\":\"Infos Droits Humains\",\"description\":\"S&#039;informer est un droit\",\"publisher\":{\"@id\":\"https:\\\/\\\/infos-droitshumains.net\\\/#organization\"},\"potentialAction\":[{\"@type\":\"SearchAction\",\"target\":{\"@type\":\"EntryPoint\",\"urlTemplate\":\"https:\\\/\\\/infos-droitshumains.net\\\/?s={search_term_string}\"},\"query-input\":{\"@type\":\"PropertyValueSpecification\",\"valueRequired\":true,\"valueName\":\"search_term_string\"}}],\"inLanguage\":\"fr-FR\"},{\"@type\":\"Organization\",\"@id\":\"https:\\\/\\\/infos-droitshumains.net\\\/#organization\",\"name\":\"Infos Droits Humains\",\"url\":\"https:\\\/\\\/infos-droitshumains.net\\\/\",\"logo\":{\"@type\":\"ImageObject\",\"inLanguage\":\"fr-FR\",\"@id\":\"https:\\\/\\\/infos-droitshumains.net\\\/#\\\/schema\\\/logo\\\/image\\\/\",\"url\":\"https:\\\/\\\/i0.wp.com\\\/infos-droitshumains.net\\\/wp-content\\\/uploads\\\/2022\\\/05\\\/Logo.png?fit=333%2C129&ssl=1\",\"contentUrl\":\"https:\\\/\\\/i0.wp.com\\\/infos-droitshumains.net\\\/wp-content\\\/uploads\\\/2022\\\/05\\\/Logo.png?fit=333%2C129&ssl=1\",\"width\":333,\"height\":129,\"caption\":\"Infos Droits Humains\"},\"image\":{\"@id\":\"https:\\\/\\\/infos-droitshumains.net\\\/#\\\/schema\\\/logo\\\/image\\\/\"}},{\"@type\":\"Person\",\"@id\":\"https:\\\/\\\/infos-droitshumains.net\\\/#\\\/schema\\\/person\\\/3dc5e921c3302172e0ed4362f96faab7\",\"name\":\"Jo\u00ebl Diawa\",\"image\":{\"@type\":\"ImageObject\",\"inLanguage\":\"fr-FR\",\"@id\":\"https:\\\/\\\/secure.gravatar.com\\\/avatar\\\/729bea6ff4604c624417803c477363be8e3c7186deaa65713313f9b4b820f41c?s=96&d=mm&r=g\",\"url\":\"https:\\\/\\\/secure.gravatar.com\\\/avatar\\\/729bea6ff4604c624417803c477363be8e3c7186deaa65713313f9b4b820f41c?s=96&d=mm&r=g\",\"contentUrl\":\"https:\\\/\\\/secure.gravatar.com\\\/avatar\\\/729bea6ff4604c624417803c477363be8e3c7186deaa65713313f9b4b820f41c?s=96&d=mm&r=g\",\"caption\":\"Jo\u00ebl Diawa\"},\"sameAs\":[\"https:\\\/\\\/www.infos-droitshumains.net\"],\"url\":\"https:\\\/\\\/infos-droitshumains.net\\\/?author=2\"}]}<\/script>\n<!-- \/ Yoast SEO plugin. -->","yoast_head_json":{"title":"RDC\u00a0: D\u00e9but du proc\u00e8s de Salomon Kalonda, les avocats du conseiller de Katumbi surpris d\u2019entendre des nouveaux chefs d\u2019inculpation - Infos Droits Humains","robots":{"index":"index","follow":"follow","max-snippet":"max-snippet:-1","max-image-preview":"max-image-preview:large","max-video-preview":"max-video-preview:-1"},"canonical":"https:\/\/infos-droitshumains.net\/?p=7663","og_locale":"fr_FR","og_type":"article","og_title":"RDC\u00a0: D\u00e9but du proc\u00e8s de Salomon Kalonda, les avocats du conseiller de Katumbi surpris d\u2019entendre des nouveaux chefs d\u2019inculpation - Infos Droits Humains","og_description":"R\u00e9daction :+243817406088 Apr\u00e8s pr\u00e8s de 3 mois de d\u00e9tention, Salomon Idi Kalonda a comparu pour...","og_url":"https:\/\/infos-droitshumains.net\/?p=7663","og_site_name":"Infos Droits Humains","article_published_time":"2023-08-18T00:16:25+00:00","article_modified_time":"2023-08-18T00:16:27+00:00","og_image":[{"width":1012,"height":674,"url":"https:\/\/infos-droitshumains.net\/wp-content\/uploads\/2023\/08\/20230611_113907.jpg","type":"image\/jpeg"}],"author":"Jo\u00ebl Diawa","twitter_card":"summary_large_image","twitter_misc":{"\u00c9crit par":"Jo\u00ebl Diawa","Dur\u00e9e de lecture estim\u00e9e":"2 minutes"},"schema":{"@context":"https:\/\/schema.org","@graph":[{"@type":"Article","@id":"https:\/\/infos-droitshumains.net\/?p=7663#article","isPartOf":{"@id":"https:\/\/infos-droitshumains.net\/?p=7663"},"author":{"name":"Jo\u00ebl Diawa","@id":"https:\/\/infos-droitshumains.net\/#\/schema\/person\/3dc5e921c3302172e0ed4362f96faab7"},"headline":"RDC\u00a0: D\u00e9but du proc\u00e8s de Salomon Kalonda, les avocats du conseiller de Katumbi surpris d\u2019entendre des nouveaux chefs d\u2019inculpation","datePublished":"2023-08-18T00:16:25+00:00","dateModified":"2023-08-18T00:16:27+00:00","mainEntityOfPage":{"@id":"https:\/\/infos-droitshumains.net\/?p=7663"},"wordCount":464,"commentCount":0,"publisher":{"@id":"https:\/\/infos-droitshumains.net\/#organization"},"image":{"@id":"https:\/\/infos-droitshumains.net\/?p=7663#primaryimage"},"thumbnailUrl":"https:\/\/i0.wp.com\/infos-droitshumains.net\/wp-content\/uploads\/2023\/08\/20230611_113907.jpg?fit=1012%2C674&ssl=1","articleSection":["Justice"],"inLanguage":"fr-FR","potentialAction":[{"@type":"CommentAction","name":"Comment","target":["https:\/\/infos-droitshumains.net\/?p=7663#respond"]}]},{"@type":"WebPage","@id":"https:\/\/infos-droitshumains.net\/?p=7663","url":"https:\/\/infos-droitshumains.net\/?p=7663","name":"RDC\u00a0: D\u00e9but du proc\u00e8s de Salomon Kalonda, les avocats du conseiller de Katumbi surpris d\u2019entendre des nouveaux chefs d\u2019inculpation - Infos Droits Humains","isPartOf":{"@id":"https:\/\/infos-droitshumains.net\/#website"},"primaryImageOfPage":{"@id":"https:\/\/infos-droitshumains.net\/?p=7663#primaryimage"},"image":{"@id":"https:\/\/infos-droitshumains.net\/?p=7663#primaryimage"},"thumbnailUrl":"https:\/\/i0.wp.com\/infos-droitshumains.net\/wp-content\/uploads\/2023\/08\/20230611_113907.jpg?fit=1012%2C674&ssl=1","datePublished":"2023-08-18T00:16:25+00:00","dateModified":"2023-08-18T00:16:27+00:00","breadcrumb":{"@id":"https:\/\/infos-droitshumains.net\/?p=7663#breadcrumb"},"inLanguage":"fr-FR","potentialAction":[{"@type":"ReadAction","target":["https:\/\/infos-droitshumains.net\/?p=7663"]}]},{"@type":"ImageObject","inLanguage":"fr-FR","@id":"https:\/\/infos-droitshumains.net\/?p=7663#primaryimage","url":"https:\/\/i0.wp.com\/infos-droitshumains.net\/wp-content\/uploads\/2023\/08\/20230611_113907.jpg?fit=1012%2C674&ssl=1","contentUrl":"https:\/\/i0.wp.com\/infos-droitshumains.net\/wp-content\/uploads\/2023\/08\/20230611_113907.jpg?fit=1012%2C674&ssl=1","width":1012,"height":674},{"@type":"BreadcrumbList","@id":"https:\/\/infos-droitshumains.net\/?p=7663#breadcrumb","itemListElement":[{"@type":"ListItem","position":1,"name":"Accueil","item":"https:\/\/infos-droitshumains.net\/"},{"@type":"ListItem","position":2,"name":"RDC\u00a0: D\u00e9but du proc\u00e8s de Salomon Kalonda, les avocats du conseiller de Katumbi surpris d\u2019entendre des nouveaux chefs d\u2019inculpation"}]},{"@type":"WebSite","@id":"https:\/\/infos-droitshumains.net\/#website","url":"https:\/\/infos-droitshumains.net\/","name":"Infos Droits Humains","description":"S&#039;informer est un droit","publisher":{"@id":"https:\/\/infos-droitshumains.net\/#organization"},"potentialAction":[{"@type":"SearchAction","target":{"@type":"EntryPoint","urlTemplate":"https:\/\/infos-droitshumains.net\/?s={search_term_string}"},"query-input":{"@type":"PropertyValueSpecification","valueRequired":true,"valueName":"search_term_string"}}],"inLanguage":"fr-FR"},{"@type":"Organization","@id":"https:\/\/infos-droitshumains.net\/#organization","name":"Infos Droits Humains","url":"https:\/\/infos-droitshumains.net\/","logo":{"@type":"ImageObject","inLanguage":"fr-FR","@id":"https:\/\/infos-droitshumains.net\/#\/schema\/logo\/image\/","url":"https:\/\/i0.wp.com\/infos-droitshumains.net\/wp-content\/uploads\/2022\/05\/Logo.png?fit=333%2C129&ssl=1","contentUrl":"https:\/\/i0.wp.com\/infos-droitshumains.net\/wp-content\/uploads\/2022\/05\/Logo.png?fit=333%2C129&ssl=1","width":333,"height":129,"caption":"Infos Droits Humains"},"image":{"@id":"https:\/\/infos-droitshumains.net\/#\/schema\/logo\/image\/"}},{"@type":"Person","@id":"https:\/\/infos-droitshumains.net\/#\/schema\/person\/3dc5e921c3302172e0ed4362f96faab7","name":"Jo\u00ebl Diawa","image":{"@type":"ImageObject","inLanguage":"fr-FR","@id":"https:\/\/secure.gravatar.com\/avatar\/729bea6ff4604c624417803c477363be8e3c7186deaa65713313f9b4b820f41c?s=96&d=mm&r=g","url":"https:\/\/secure.gravatar.com\/avatar\/729bea6ff4604c624417803c477363be8e3c7186deaa65713313f9b4b820f41c?s=96&d=mm&r=g","contentUrl":"https:\/\/secure.gravatar.com\/avatar\/729bea6ff4604c624417803c477363be8e3c7186deaa65713313f9b4b820f41c?s=96&d=mm&r=g","caption":"Jo\u00ebl Diawa"},"sameAs":["https:\/\/www.infos-droitshumains.net"],"url":"https:\/\/infos-droitshumains.net\/?author=2"}]}},"featured_image_urls":{"full":["https:\/\/i0.wp.com\/infos-droitshumains.net\/wp-content\/uploads\/2023\/08\/20230611_113907.jpg?fit=1012%2C674&ssl=1",1012,674,false],"thumbnail":["https:\/\/i0.wp.com\/infos-droitshumains.net\/wp-content\/uploads\/2023\/08\/20230611_113907.jpg?resize=150%2C150&ssl=1",150,150,true],"medium":["https:\/\/i0.wp.com\/infos-droitshumains.net\/wp-content\/uploads\/2023\/08\/20230611_113907.jpg?fit=300%2C200&ssl=1",300,200,true],"medium_large":["https:\/\/i0.wp.com\/infos-droitshumains.net\/wp-content\/uploads\/2023\/08\/20230611_113907.jpg?fit=640%2C426&ssl=1",640,426,true],"large":["https:\/\/i0.wp.com\/infos-droitshumains.net\/wp-content\/uploads\/2023\/08\/20230611_113907.jpg?fit=640%2C426&ssl=1",640,426,true],"1536x1536":["https:\/\/i0.wp.com\/infos-droitshumains.net\/wp-content\/uploads\/2023\/08\/20230611_113907.jpg?fit=1012%2C674&ssl=1",1012,674,true],"2048x2048":["https:\/\/i0.wp.com\/infos-droitshumains.net\/wp-content\/uploads\/2023\/08\/20230611_113907.jpg?fit=1012%2C674&ssl=1",1012,674,true],"covernews-slider-full":["https:\/\/i0.wp.com\/infos-droitshumains.net\/wp-content\/uploads\/2023\/08\/20230611_113907.jpg?resize=1012%2C674&ssl=1",1012,674,true],"covernews-slider-center":["https:\/\/i0.wp.com\/infos-droitshumains.net\/wp-content\/uploads\/2023\/08\/20230611_113907.jpg?resize=800%2C500&ssl=1",800,500,true],"covernews-featured":["https:\/\/i0.wp.com\/infos-droitshumains.net\/wp-content\/uploads\/2023\/08\/20230611_113907.jpg?fit=1012%2C674&ssl=1",1012,674,true],"covernews-medium":["https:\/\/i0.wp.com\/infos-droitshumains.net\/wp-content\/uploads\/2023\/08\/20230611_113907.jpg?resize=540%2C340&ssl=1",540,340,true],"covernews-medium-square":["https:\/\/i0.wp.com\/infos-droitshumains.net\/wp-content\/uploads\/2023\/08\/20230611_113907.jpg?resize=400%2C250&ssl=1",400,250,true]},"author_info":{"display_name":"Jo\u00ebl Diawa","author_link":"https:\/\/infos-droitshumains.net\/?author=2"},"category_info":"<a href=\"https:\/\/infos-droitshumains.net\/?cat=6\" rel=\"category\">Justice<\/a>","tag_info":"Justice","comment_count":"0","jetpack_featured_media_url":"https:\/\/i0.wp.com\/infos-droitshumains.net\/wp-content\/uploads\/2023\/08\/20230611_113907.jpg?fit=1012%2C674&ssl=1","jetpack-related-posts":[],"jetpack_sharing_enabled":true,"_links":{"self":[{"href":"https:\/\/infos-droitshumains.net\/index.php?rest_route=\/wp\/v2\/posts\/7663","targetHints":{"allow":["GET"]}}],"collection":[{"href":"https:\/\/infos-droitshumains.net\/index.php?rest_route=\/wp\/v2\/posts"}],"about":[{"href":"https:\/\/infos-droitshumains.net\/index.php?rest_route=\/wp\/v2\/types\/post"}],"author":[{"embeddable":true,"href":"https:\/\/infos-droitshumains.net\/index.php?rest_route=\/wp\/v2\/users\/2"}],"replies":[{"embeddable":true,"href":"https:\/\/infos-droitshumains.net\/index.php?rest_route=%2Fwp%2Fv2%2Fcomments&post=7663"}],"version-history":[{"count":1,"href":"https:\/\/infos-droitshumains.net\/index.php?rest_route=\/wp\/v2\/posts\/7663\/revisions"}],"predecessor-version":[{"id":7665,"href":"https:\/\/infos-droitshumains.net\/index.php?rest_route=\/wp\/v2\/posts\/7663\/revisions\/7665"}],"wp:featuredmedia":[{"embeddable":true,"href":"https:\/\/infos-droitshumains.net\/index.php?rest_route=\/wp\/v2\/media\/7664"}],"wp:attachment":[{"href":"https:\/\/infos-droitshumains.net\/index.php?rest_route=%2Fwp%2Fv2%2Fmedia&parent=7663"}],"wp:term":[{"taxonomy":"category","embeddable":true,"href":"https:\/\/infos-droitshumains.net\/index.php?rest_route=%2Fwp%2Fv2%2Fcategories&post=7663"},{"taxonomy":"post_tag","embeddable":true,"href":"https:\/\/infos-droitshumains.net\/index.php?rest_route=%2Fwp%2Fv2%2Ftags&post=7663"}],"curies":[{"name":"wp","href":"https:\/\/api.w.org\/{rel}","templated":true}]}}