{"id":7642,"date":"2023-08-13T15:25:01","date_gmt":"2023-08-13T13:25:01","guid":{"rendered":"https:\/\/infos-droitshumains.net\/?p=7642"},"modified":"2023-08-15T11:09:43","modified_gmt":"2023-08-15T09:09:43","slug":"kinshasa-desire-luhahi-fait-adherer-plus-de-4500-membres-de-son-asbl-adelu-a-laldec-dadele-kayinda","status":"publish","type":"post","link":"https:\/\/infos-droitshumains.net\/?p=7642","title":{"rendered":"Kinshasa : D\u00e9sir\u00e9 Luhahi fait adh\u00e9rer plus de 4500 membres de son Asbl \u00a0ADELU \u00e0 l&rsquo;ALDEC d&rsquo;Ad\u00e8le Kayinda"},"content":{"rendered":"\n<p> <strong>R\u00e9daction :+243817406088<\/strong><\/p>\n\n\n\n<p><span style=\"color: initial; font-size: revert;\">A quelques quatre mois des \u00e9lections g\u00e9n\u00e9rales en R\u00e9publique D\u00e9mocratique du Congo, les \u00e9tats-majors des partis politiques s&rsquo;huilent en vue de bien affronter cet exercice d\u00e9mocratique. C&rsquo;est le cas de l&rsquo;Alliance des D\u00e9mocrates Chr\u00e9tiens du Congo (ALDEC) que dirige la Princesse Ad\u00e8le Kayinda. Ce parti membre de l&rsquo;Union Sacr\u00e9e a b\u00e9n\u00e9fici\u00e9 ce samedi 12 ao\u00fbt, de l&rsquo;adh\u00e9sion massive de plus de 4500 membres.<\/span><\/p>\n\n\n\n<figure class=\"wp-block-image alignfull size-full\"><img data-recalc-dims=\"1\" fetchpriority=\"high\" decoding=\"async\" width=\"640\" height=\"428\" src=\"https:\/\/i0.wp.com\/infos-droitshumains.net\/wp-content\/uploads\/2023\/08\/IMG-20230812-WA0017.jpg?resize=640%2C428&#038;ssl=1\" alt=\"\" class=\"wp-image-7644\" srcset=\"https:\/\/i0.wp.com\/infos-droitshumains.net\/wp-content\/uploads\/2023\/08\/IMG-20230812-WA0017.jpg?w=886&amp;ssl=1 886w, https:\/\/i0.wp.com\/infos-droitshumains.net\/wp-content\/uploads\/2023\/08\/IMG-20230812-WA0017.jpg?resize=300%2C200&amp;ssl=1 300w, https:\/\/i0.wp.com\/infos-droitshumains.net\/wp-content\/uploads\/2023\/08\/IMG-20230812-WA0017.jpg?resize=768%2C513&amp;ssl=1 768w\" sizes=\"(max-width: 640px) 100vw, 640px\" \/><\/figure>\n\n\n\n<figure class=\"wp-block-image alignfull size-full\"><img data-recalc-dims=\"1\" decoding=\"async\" width=\"640\" height=\"428\" src=\"https:\/\/i0.wp.com\/infos-droitshumains.net\/wp-content\/uploads\/2023\/08\/IMG-20230812-WA0022.jpg?resize=640%2C428&#038;ssl=1\" alt=\"\" class=\"wp-image-7650\" srcset=\"https:\/\/i0.wp.com\/infos-droitshumains.net\/wp-content\/uploads\/2023\/08\/IMG-20230812-WA0022.jpg?w=886&amp;ssl=1 886w, https:\/\/i0.wp.com\/infos-droitshumains.net\/wp-content\/uploads\/2023\/08\/IMG-20230812-WA0022.jpg?resize=300%2C200&amp;ssl=1 300w, https:\/\/i0.wp.com\/infos-droitshumains.net\/wp-content\/uploads\/2023\/08\/IMG-20230812-WA0022.jpg?resize=768%2C513&amp;ssl=1 768w\" sizes=\"(max-width: 640px) 100vw, 640px\" \/><\/figure>\n\n\n\n<p>C&rsquo;\u00e9tait au cours d&rsquo;une c\u00e9r\u00e9monie d&rsquo;adh\u00e9sion massive organis\u00e9e \u00e0 Lemba dans la circonscription du Mont-Amba. <span style=\"font-size: revert; text-align: justify; color: initial;\">Les adh\u00e9rents ne sont tout autre que les membres de l&rsquo;asbl les amis de D\u00e9sir\u00e9 Luhahi, (ADELU). Une d\u00e9cision prise par l&rsquo;Assembl\u00e9e G\u00e9n\u00e9rale que l\u2019initiateur&nbsp; justice par les principes moraux qui pr\u00e9sident aux destin\u00e9es de l&rsquo;ALDEC.<\/span><\/p>\n\n\n\n<p><i style=\"font-size: revert; text-align: justify; color: initial;\">\u00ab&nbsp;L\u2019amour du prochain, l\u2019amour de la patrie\u2026 Ce sont ces principes-l\u00e0 qui nous ont guid\u00e9s \u00e0 aller vers ce parti qui a fait d\u00e9j\u00e0 des preuves au niveau de la vie spirituel de la mobilisation pour soutenir notre pays, pour soutenir l\u2019arm\u00e9e. C\u2019est vraiment un parti qui a fait quelque chose de tr\u00e8s important dans ce pays. M\u00eame par la fa\u00e7on d\u2019\u00eatre de ses dirigeants, ce parti a prouv\u00e9 que c\u2019est un parti des chr\u00e9tiens\u00bb<\/i><span style=\"font-size: revert; text-align: justify; color: initial;\">, a d\u00e9clar\u00e9 D\u00e9sir\u00e9 Luhahi lors de cette c\u00e9r\u00e9monie.<\/span><\/p>\n\n\n\n<figure class=\"wp-block-image alignfull size-full\"><img data-recalc-dims=\"1\" decoding=\"async\" width=\"640\" height=\"428\" src=\"https:\/\/i0.wp.com\/infos-droitshumains.net\/wp-content\/uploads\/2023\/08\/IMG-20230813-WA0018.jpg?resize=640%2C428&#038;ssl=1\" alt=\"\" class=\"wp-image-7645\" srcset=\"https:\/\/i0.wp.com\/infos-droitshumains.net\/wp-content\/uploads\/2023\/08\/IMG-20230813-WA0018.jpg?w=886&amp;ssl=1 886w, https:\/\/i0.wp.com\/infos-droitshumains.net\/wp-content\/uploads\/2023\/08\/IMG-20230813-WA0018.jpg?resize=300%2C200&amp;ssl=1 300w, https:\/\/i0.wp.com\/infos-droitshumains.net\/wp-content\/uploads\/2023\/08\/IMG-20230813-WA0018.jpg?resize=768%2C513&amp;ssl=1 768w\" sizes=\"(max-width: 640px) 100vw, 640px\" \/><\/figure>\n\n\n\n<p><span style=\"font-size: revert; text-align: justify; color: initial;\">Surprise par une foule d\u00e9bordante \u00e0 laquelle elle ne s&rsquo;attendait pas, la princesse Ad\u00e8le Kayinda, autorit\u00e9 morale de l&rsquo;ALDEC\u00a0 s&rsquo;est au retour montr\u00e9 reconnaissante vis-\u00e0-vis de l&rsquo;ADELU qu&rsquo;elle consid\u00e8re comme une <\/span><i style=\"font-size: revert; text-align: justify; color: initial;\">\u00ab\u00a0valeur ajout\u00e9e\u00a0\u00bb<\/i><span style=\"font-size: revert; text-align: justify; color: initial;\"> au sein du parti.<\/span><\/p>\n\n\n\n<figure class=\"wp-block-image alignfull size-large\"><img data-recalc-dims=\"1\" loading=\"lazy\" decoding=\"async\" width=\"640\" height=\"958\" src=\"https:\/\/i0.wp.com\/infos-droitshumains.net\/wp-content\/uploads\/2023\/08\/IMG-20230812-WA0019.jpg?resize=640%2C958&#038;ssl=1\" alt=\"\" class=\"wp-image-7646\" srcset=\"https:\/\/i0.wp.com\/infos-droitshumains.net\/wp-content\/uploads\/2023\/08\/IMG-20230812-WA0019.jpg?resize=684%2C1024&amp;ssl=1 684w, https:\/\/i0.wp.com\/infos-droitshumains.net\/wp-content\/uploads\/2023\/08\/IMG-20230812-WA0019.jpg?resize=200%2C300&amp;ssl=1 200w, https:\/\/i0.wp.com\/infos-droitshumains.net\/wp-content\/uploads\/2023\/08\/IMG-20230812-WA0019.jpg?w=721&amp;ssl=1 721w\" sizes=\"(max-width: 640px) 100vw, 640px\" \/><\/figure>\n\n\n\n<figure class=\"wp-block-image alignfull size-full\"><img data-recalc-dims=\"1\" loading=\"lazy\" decoding=\"async\" width=\"640\" height=\"428\" src=\"https:\/\/i0.wp.com\/infos-droitshumains.net\/wp-content\/uploads\/2023\/08\/IMG-20230812-WA0016.jpg?resize=640%2C428&#038;ssl=1\" alt=\"\" class=\"wp-image-7651\" srcset=\"https:\/\/i0.wp.com\/infos-droitshumains.net\/wp-content\/uploads\/2023\/08\/IMG-20230812-WA0016.jpg?w=886&amp;ssl=1 886w, https:\/\/i0.wp.com\/infos-droitshumains.net\/wp-content\/uploads\/2023\/08\/IMG-20230812-WA0016.jpg?resize=300%2C200&amp;ssl=1 300w, https:\/\/i0.wp.com\/infos-droitshumains.net\/wp-content\/uploads\/2023\/08\/IMG-20230812-WA0016.jpg?resize=768%2C513&amp;ssl=1 768w\" sizes=\"(max-width: 640px) 100vw, 640px\" \/><\/figure>\n\n\n\n<p><span style=\"font-size: revert; text-align: justify; color: initial;\">En d\u00e9pit de ces 4500 adh\u00e9rents, D\u00e9sir\u00e9 Luhahi voit le verre est \u00e0 moiti\u00e9 plein parce qu\u2019ils attendaient environs 10.000 membres, mais <\/span><i style=\"font-size: revert; text-align: justify; color: initial;\">\u00ab&nbsp;faute de place tout le monde n\u2019a pas pu venir&nbsp;\u00bb<\/i><span style=\"font-size: revert; text-align: justify; color: initial;\">, <\/span><i style=\"font-size: revert; text-align: justify; color: initial;\">\u00ab&nbsp;La prochaine fois \u00e7a sera encore plus imposant&nbsp;\u00bb<\/i><span style=\"font-size: revert; text-align: justify; color: initial;\">, a-t-il poursuivi.<\/span><\/p>\n\n\n\n<p><span style=\"font-size: revert; text-align: justify; color: initial;\">Avec cette adh\u00e9sion, ADELU dit vouloir <\/span><i style=\"font-size: revert; text-align: justify; color: initial;\">\u00ab&nbsp;profiter de l\u2019exp\u00e9rience du parti et l\u2019accompagner dans la poursuite de ses objectifs&nbsp;\u00bb<\/i><span style=\"font-size: revert; text-align: justify; color: initial;\">. <\/span><i style=\"font-size: revert; text-align: justify; color: initial;\">\u00ab&nbsp;Cette situation est rendu possible gr\u00e2ce \u00e0 la magnanimit\u00e9 de la Princesse Ad\u00e8le Kayinda qui par ailleurs, n\u2019a pas manqu\u00e9 \u00e0 aligner sur la liste des candidats du parti \u00e0 la d\u00e9putation nationale dans la circonscription du Mont-Amba, un des n\u00f4tres en la personne de monsieur D\u00e9sir\u00e9 Luhahi&nbsp;\u00bb<\/i><span style=\"font-size: revert; text-align: justify; color: initial;\">, a reconnu Serge Kulayidiku coordonnateur de cette Asbl qui a en outre promis d\u2019\u0153uvrer pour donner au Chef de l\u2019Etat le deuxi\u00e8me mandat&nbsp;:<\/span><\/p>\n\n\n\n<p><span style=\"background-color: rgba(0, 0, 0, 0.2); font-size: revert; text-align: justify; color: initial;\"><em>\u00ab\u2026 D\u00e8s par cette adh\u00e9sion et au vue des premiers actes palpables de son Excellence, nous du Mont-<\/em><\/span><i style=\"font-size: revert; text-align: justify; color: initial;\">Amba, hier amis de d\u00e9sir\u00e9 Luhahi, sommes \u00e0 pr\u00e9sent membres du parti ALDEC au m\u00eame titre que les camarades qui y militent depuis. Nous devons par cons\u00e9quent, t\u00e9moigner notre ind\u00e9fectible attachement \u00e0 l\u2019autorit\u00e9 morale du parti pr\u00e9sente \u00e0 ce lieu. En fin, main dans la main, nous allons lutter ensemble en pr\u00e9vision des \u00e9lections g\u00e9n\u00e9rales de d\u00e9cembre prochain pour la victoire \u00e9crasante du parti, et surtout, celle de son Excellence Monsieur F\u00e9lix-Antoine Tshisekedi Tshilombo \u00e0 la magistrature supr\u00eame\u00a0\u00bb<\/i><span style=\"background-color: rgba(0, 0, 0, 0.2); font-size: revert; text-align: justify; color: initial;\">, a rassur\u00e9 Serge Kulayidila.<\/span><\/p>\n\n\n\n<p><span style=\"font-size: revert; text-align: justify; color: initial;\">Pour mat\u00e9rialiser cette alliance entre les deux parties, Ad\u00e8le Kahinda a, au nom de tous les adh\u00e9rents, remis symboliquement \u00e0 D\u00e9sir\u00e9 Luhahi, les insignes du parti ce dernier a pour sa part, remis \u00e0 l\u2019autorit\u00e9 morale de l\u2019ALDEC, les fiches d\u2019adh\u00e9sion de tous les 4500 membres qui ont accept\u00e9 de l\u2019accompagner.<\/span><\/p>\n\n\n\n<figure class=\"wp-block-image alignfull size-full\"><img data-recalc-dims=\"1\" loading=\"lazy\" decoding=\"async\" width=\"640\" height=\"428\" src=\"https:\/\/i0.wp.com\/infos-droitshumains.net\/wp-content\/uploads\/2023\/08\/IMG-20230813-WA0021.jpg?resize=640%2C428&#038;ssl=1\" alt=\"\" class=\"wp-image-7647\" srcset=\"https:\/\/i0.wp.com\/infos-droitshumains.net\/wp-content\/uploads\/2023\/08\/IMG-20230813-WA0021.jpg?w=886&amp;ssl=1 886w, https:\/\/i0.wp.com\/infos-droitshumains.net\/wp-content\/uploads\/2023\/08\/IMG-20230813-WA0021.jpg?resize=300%2C200&amp;ssl=1 300w, https:\/\/i0.wp.com\/infos-droitshumains.net\/wp-content\/uploads\/2023\/08\/IMG-20230813-WA0021.jpg?resize=768%2C513&amp;ssl=1 768w\" sizes=\"(max-width: 640px) 100vw, 640px\" \/><\/figure>\n\n\n\n<figure class=\"wp-block-image alignfull size-full\"><img data-recalc-dims=\"1\" loading=\"lazy\" decoding=\"async\" width=\"640\" height=\"428\" src=\"https:\/\/i0.wp.com\/infos-droitshumains.net\/wp-content\/uploads\/2023\/08\/IMG-20230813-WA0022.jpg?resize=640%2C428&#038;ssl=1\" alt=\"\" class=\"wp-image-7648\" srcset=\"https:\/\/i0.wp.com\/infos-droitshumains.net\/wp-content\/uploads\/2023\/08\/IMG-20230813-WA0022.jpg?w=886&amp;ssl=1 886w, https:\/\/i0.wp.com\/infos-droitshumains.net\/wp-content\/uploads\/2023\/08\/IMG-20230813-WA0022.jpg?resize=300%2C200&amp;ssl=1 300w, https:\/\/i0.wp.com\/infos-droitshumains.net\/wp-content\/uploads\/2023\/08\/IMG-20230813-WA0022.jpg?resize=768%2C513&amp;ssl=1 768w\" sizes=\"(max-width: 640px) 100vw, 640px\" \/><\/figure>\n\n\n\n<figure class=\"wp-block-image alignfull size-full\"><img data-recalc-dims=\"1\" loading=\"lazy\" decoding=\"async\" width=\"640\" height=\"428\" src=\"https:\/\/i0.wp.com\/infos-droitshumains.net\/wp-content\/uploads\/2023\/08\/IMG-20230813-WA0014-1.jpg?resize=640%2C428&#038;ssl=1\" alt=\"\" class=\"wp-image-7649\" srcset=\"https:\/\/i0.wp.com\/infos-droitshumains.net\/wp-content\/uploads\/2023\/08\/IMG-20230813-WA0014-1.jpg?w=886&amp;ssl=1 886w, https:\/\/i0.wp.com\/infos-droitshumains.net\/wp-content\/uploads\/2023\/08\/IMG-20230813-WA0014-1.jpg?resize=300%2C200&amp;ssl=1 300w, https:\/\/i0.wp.com\/infos-droitshumains.net\/wp-content\/uploads\/2023\/08\/IMG-20230813-WA0014-1.jpg?resize=768%2C513&amp;ssl=1 768w\" sizes=\"(max-width: 640px) 100vw, 640px\" \/><\/figure>\n\n\n\n<p><span style=\"background-color: rgba(0, 0, 0, 0.2); color: initial; font-size: revert;\">Jo\u00ebl Diawa<\/span><\/p>\n","protected":false},"excerpt":{"rendered":"<p>R\u00e9daction :+243817406088 A quelques quatre mois des \u00e9lections g\u00e9n\u00e9rales en R\u00e9publique D\u00e9mocratique du Congo, les&#8230;<\/p>\n","protected":false},"author":2,"featured_media":7643,"comment_status":"open","ping_status":"open","sticky":false,"template":"","format":"standard","meta":{"_jetpack_memberships_contains_paid_content":false,"footnotes":""},"categories":[3],"tags":[],"class_list":["post-7642","post","type-post","status-publish","format-standard","has-post-thumbnail","hentry","category-politique"],"yoast_head":"<!-- This site is optimized with the Yoast SEO plugin v27.5 - https:\/\/yoast.com\/product\/yoast-seo-wordpress\/ -->\n<title>Kinshasa : D\u00e9sir\u00e9 Luhahi fait adh\u00e9rer plus de 4500 membres de son Asbl \u00a0ADELU \u00e0 l&#039;ALDEC d&#039;Ad\u00e8le Kayinda - Infos Droits Humains<\/title>\n<meta name=\"robots\" content=\"index, follow, max-snippet:-1, max-image-preview:large, max-video-preview:-1\" \/>\n<link rel=\"canonical\" href=\"https:\/\/infos-droitshumains.net\/?p=7642\" \/>\n<meta property=\"og:locale\" content=\"fr_FR\" \/>\n<meta property=\"og:type\" content=\"article\" \/>\n<meta property=\"og:title\" content=\"Kinshasa : D\u00e9sir\u00e9 Luhahi fait adh\u00e9rer plus de 4500 membres de son Asbl \u00a0ADELU \u00e0 l&#039;ALDEC d&#039;Ad\u00e8le Kayinda - Infos Droits Humains\" \/>\n<meta property=\"og:description\" content=\"R\u00e9daction :+243817406088 A quelques quatre mois des \u00e9lections g\u00e9n\u00e9rales en R\u00e9publique D\u00e9mocratique du Congo, les...\" \/>\n<meta property=\"og:url\" content=\"https:\/\/infos-droitshumains.net\/?p=7642\" \/>\n<meta property=\"og:site_name\" content=\"Infos Droits Humains\" \/>\n<meta property=\"article:published_time\" content=\"2023-08-13T13:25:01+00:00\" \/>\n<meta property=\"article:modified_time\" content=\"2023-08-15T09:09:43+00:00\" \/>\n<meta property=\"og:image\" content=\"https:\/\/infos-droitshumains.net\/wp-content\/uploads\/2023\/08\/IMG-20230813-WA0014.jpg\" \/>\n\t<meta property=\"og:image:width\" content=\"886\" \/>\n\t<meta property=\"og:image:height\" content=\"592\" \/>\n\t<meta property=\"og:image:type\" content=\"image\/jpeg\" \/>\n<meta name=\"author\" content=\"Jo\u00ebl Diawa\" \/>\n<meta name=\"twitter:card\" content=\"summary_large_image\" \/>\n<meta name=\"twitter:label1\" content=\"\u00c9crit par\" \/>\n\t<meta name=\"twitter:data1\" content=\"Jo\u00ebl Diawa\" \/>\n\t<meta name=\"twitter:label2\" content=\"Dur\u00e9e de lecture estim\u00e9e\" \/>\n\t<meta name=\"twitter:data2\" content=\"5 minutes\" \/>\n<script type=\"application\/ld+json\" class=\"yoast-schema-graph\">{\"@context\":\"https:\\\/\\\/schema.org\",\"@graph\":[{\"@type\":\"Article\",\"@id\":\"https:\\\/\\\/infos-droitshumains.net\\\/?p=7642#article\",\"isPartOf\":{\"@id\":\"https:\\\/\\\/infos-droitshumains.net\\\/?p=7642\"},\"author\":{\"name\":\"Jo\u00ebl Diawa\",\"@id\":\"https:\\\/\\\/infos-droitshumains.net\\\/#\\\/schema\\\/person\\\/3dc5e921c3302172e0ed4362f96faab7\"},\"headline\":\"Kinshasa : D\u00e9sir\u00e9 Luhahi fait adh\u00e9rer plus de 4500 membres de son Asbl \u00a0ADELU \u00e0 l&rsquo;ALDEC d&rsquo;Ad\u00e8le Kayinda\",\"datePublished\":\"2023-08-13T13:25:01+00:00\",\"dateModified\":\"2023-08-15T09:09:43+00:00\",\"mainEntityOfPage\":{\"@id\":\"https:\\\/\\\/infos-droitshumains.net\\\/?p=7642\"},\"wordCount\":624,\"commentCount\":0,\"publisher\":{\"@id\":\"https:\\\/\\\/infos-droitshumains.net\\\/#organization\"},\"image\":{\"@id\":\"https:\\\/\\\/infos-droitshumains.net\\\/?p=7642#primaryimage\"},\"thumbnailUrl\":\"https:\\\/\\\/i0.wp.com\\\/infos-droitshumains.net\\\/wp-content\\\/uploads\\\/2023\\\/08\\\/IMG-20230813-WA0014.jpg?fit=886%2C592&ssl=1\",\"articleSection\":[\"Politique\"],\"inLanguage\":\"fr-FR\",\"potentialAction\":[{\"@type\":\"CommentAction\",\"name\":\"Comment\",\"target\":[\"https:\\\/\\\/infos-droitshumains.net\\\/?p=7642#respond\"]}]},{\"@type\":\"WebPage\",\"@id\":\"https:\\\/\\\/infos-droitshumains.net\\\/?p=7642\",\"url\":\"https:\\\/\\\/infos-droitshumains.net\\\/?p=7642\",\"name\":\"Kinshasa : D\u00e9sir\u00e9 Luhahi fait adh\u00e9rer plus de 4500 membres de son Asbl \u00a0ADELU \u00e0 l'ALDEC d'Ad\u00e8le Kayinda - Infos Droits Humains\",\"isPartOf\":{\"@id\":\"https:\\\/\\\/infos-droitshumains.net\\\/#website\"},\"primaryImageOfPage\":{\"@id\":\"https:\\\/\\\/infos-droitshumains.net\\\/?p=7642#primaryimage\"},\"image\":{\"@id\":\"https:\\\/\\\/infos-droitshumains.net\\\/?p=7642#primaryimage\"},\"thumbnailUrl\":\"https:\\\/\\\/i0.wp.com\\\/infos-droitshumains.net\\\/wp-content\\\/uploads\\\/2023\\\/08\\\/IMG-20230813-WA0014.jpg?fit=886%2C592&ssl=1\",\"datePublished\":\"2023-08-13T13:25:01+00:00\",\"dateModified\":\"2023-08-15T09:09:43+00:00\",\"breadcrumb\":{\"@id\":\"https:\\\/\\\/infos-droitshumains.net\\\/?p=7642#breadcrumb\"},\"inLanguage\":\"fr-FR\",\"potentialAction\":[{\"@type\":\"ReadAction\",\"target\":[\"https:\\\/\\\/infos-droitshumains.net\\\/?p=7642\"]}]},{\"@type\":\"ImageObject\",\"inLanguage\":\"fr-FR\",\"@id\":\"https:\\\/\\\/infos-droitshumains.net\\\/?p=7642#primaryimage\",\"url\":\"https:\\\/\\\/i0.wp.com\\\/infos-droitshumains.net\\\/wp-content\\\/uploads\\\/2023\\\/08\\\/IMG-20230813-WA0014.jpg?fit=886%2C592&ssl=1\",\"contentUrl\":\"https:\\\/\\\/i0.wp.com\\\/infos-droitshumains.net\\\/wp-content\\\/uploads\\\/2023\\\/08\\\/IMG-20230813-WA0014.jpg?fit=886%2C592&ssl=1\",\"width\":886,\"height\":592},{\"@type\":\"BreadcrumbList\",\"@id\":\"https:\\\/\\\/infos-droitshumains.net\\\/?p=7642#breadcrumb\",\"itemListElement\":[{\"@type\":\"ListItem\",\"position\":1,\"name\":\"Accueil\",\"item\":\"https:\\\/\\\/infos-droitshumains.net\\\/\"},{\"@type\":\"ListItem\",\"position\":2,\"name\":\"Kinshasa : D\u00e9sir\u00e9 Luhahi fait adh\u00e9rer plus de 4500 membres de son Asbl \u00a0ADELU \u00e0 l&rsquo;ALDEC d&rsquo;Ad\u00e8le Kayinda\"}]},{\"@type\":\"WebSite\",\"@id\":\"https:\\\/\\\/infos-droitshumains.net\\\/#website\",\"url\":\"https:\\\/\\\/infos-droitshumains.net\\\/\",\"name\":\"Infos Droits Humains\",\"description\":\"S&#039;informer est un droit\",\"publisher\":{\"@id\":\"https:\\\/\\\/infos-droitshumains.net\\\/#organization\"},\"potentialAction\":[{\"@type\":\"SearchAction\",\"target\":{\"@type\":\"EntryPoint\",\"urlTemplate\":\"https:\\\/\\\/infos-droitshumains.net\\\/?s={search_term_string}\"},\"query-input\":{\"@type\":\"PropertyValueSpecification\",\"valueRequired\":true,\"valueName\":\"search_term_string\"}}],\"inLanguage\":\"fr-FR\"},{\"@type\":\"Organization\",\"@id\":\"https:\\\/\\\/infos-droitshumains.net\\\/#organization\",\"name\":\"Infos Droits Humains\",\"url\":\"https:\\\/\\\/infos-droitshumains.net\\\/\",\"logo\":{\"@type\":\"ImageObject\",\"inLanguage\":\"fr-FR\",\"@id\":\"https:\\\/\\\/infos-droitshumains.net\\\/#\\\/schema\\\/logo\\\/image\\\/\",\"url\":\"https:\\\/\\\/i0.wp.com\\\/infos-droitshumains.net\\\/wp-content\\\/uploads\\\/2022\\\/05\\\/Logo.png?fit=333%2C129&ssl=1\",\"contentUrl\":\"https:\\\/\\\/i0.wp.com\\\/infos-droitshumains.net\\\/wp-content\\\/uploads\\\/2022\\\/05\\\/Logo.png?fit=333%2C129&ssl=1\",\"width\":333,\"height\":129,\"caption\":\"Infos Droits Humains\"},\"image\":{\"@id\":\"https:\\\/\\\/infos-droitshumains.net\\\/#\\\/schema\\\/logo\\\/image\\\/\"}},{\"@type\":\"Person\",\"@id\":\"https:\\\/\\\/infos-droitshumains.net\\\/#\\\/schema\\\/person\\\/3dc5e921c3302172e0ed4362f96faab7\",\"name\":\"Jo\u00ebl Diawa\",\"image\":{\"@type\":\"ImageObject\",\"inLanguage\":\"fr-FR\",\"@id\":\"https:\\\/\\\/secure.gravatar.com\\\/avatar\\\/729bea6ff4604c624417803c477363be8e3c7186deaa65713313f9b4b820f41c?s=96&d=mm&r=g\",\"url\":\"https:\\\/\\\/secure.gravatar.com\\\/avatar\\\/729bea6ff4604c624417803c477363be8e3c7186deaa65713313f9b4b820f41c?s=96&d=mm&r=g\",\"contentUrl\":\"https:\\\/\\\/secure.gravatar.com\\\/avatar\\\/729bea6ff4604c624417803c477363be8e3c7186deaa65713313f9b4b820f41c?s=96&d=mm&r=g\",\"caption\":\"Jo\u00ebl Diawa\"},\"sameAs\":[\"https:\\\/\\\/www.infos-droitshumains.net\"],\"url\":\"https:\\\/\\\/infos-droitshumains.net\\\/?author=2\"}]}<\/script>\n<!-- \/ Yoast SEO plugin. -->","yoast_head_json":{"title":"Kinshasa : D\u00e9sir\u00e9 Luhahi fait adh\u00e9rer plus de 4500 membres de son Asbl \u00a0ADELU \u00e0 l'ALDEC d'Ad\u00e8le Kayinda - Infos Droits Humains","robots":{"index":"index","follow":"follow","max-snippet":"max-snippet:-1","max-image-preview":"max-image-preview:large","max-video-preview":"max-video-preview:-1"},"canonical":"https:\/\/infos-droitshumains.net\/?p=7642","og_locale":"fr_FR","og_type":"article","og_title":"Kinshasa : D\u00e9sir\u00e9 Luhahi fait adh\u00e9rer plus de 4500 membres de son Asbl \u00a0ADELU \u00e0 l'ALDEC d'Ad\u00e8le Kayinda - Infos Droits Humains","og_description":"R\u00e9daction :+243817406088 A quelques quatre mois des \u00e9lections g\u00e9n\u00e9rales en R\u00e9publique D\u00e9mocratique du Congo, les...","og_url":"https:\/\/infos-droitshumains.net\/?p=7642","og_site_name":"Infos Droits Humains","article_published_time":"2023-08-13T13:25:01+00:00","article_modified_time":"2023-08-15T09:09:43+00:00","og_image":[{"width":886,"height":592,"url":"https:\/\/infos-droitshumains.net\/wp-content\/uploads\/2023\/08\/IMG-20230813-WA0014.jpg","type":"image\/jpeg"}],"author":"Jo\u00ebl Diawa","twitter_card":"summary_large_image","twitter_misc":{"\u00c9crit par":"Jo\u00ebl Diawa","Dur\u00e9e de lecture estim\u00e9e":"5 minutes"},"schema":{"@context":"https:\/\/schema.org","@graph":[{"@type":"Article","@id":"https:\/\/infos-droitshumains.net\/?p=7642#article","isPartOf":{"@id":"https:\/\/infos-droitshumains.net\/?p=7642"},"author":{"name":"Jo\u00ebl Diawa","@id":"https:\/\/infos-droitshumains.net\/#\/schema\/person\/3dc5e921c3302172e0ed4362f96faab7"},"headline":"Kinshasa : D\u00e9sir\u00e9 Luhahi fait adh\u00e9rer plus de 4500 membres de son Asbl \u00a0ADELU \u00e0 l&rsquo;ALDEC d&rsquo;Ad\u00e8le Kayinda","datePublished":"2023-08-13T13:25:01+00:00","dateModified":"2023-08-15T09:09:43+00:00","mainEntityOfPage":{"@id":"https:\/\/infos-droitshumains.net\/?p=7642"},"wordCount":624,"commentCount":0,"publisher":{"@id":"https:\/\/infos-droitshumains.net\/#organization"},"image":{"@id":"https:\/\/infos-droitshumains.net\/?p=7642#primaryimage"},"thumbnailUrl":"https:\/\/i0.wp.com\/infos-droitshumains.net\/wp-content\/uploads\/2023\/08\/IMG-20230813-WA0014.jpg?fit=886%2C592&ssl=1","articleSection":["Politique"],"inLanguage":"fr-FR","potentialAction":[{"@type":"CommentAction","name":"Comment","target":["https:\/\/infos-droitshumains.net\/?p=7642#respond"]}]},{"@type":"WebPage","@id":"https:\/\/infos-droitshumains.net\/?p=7642","url":"https:\/\/infos-droitshumains.net\/?p=7642","name":"Kinshasa : D\u00e9sir\u00e9 Luhahi fait adh\u00e9rer plus de 4500 membres de son Asbl \u00a0ADELU \u00e0 l'ALDEC d'Ad\u00e8le Kayinda - Infos Droits Humains","isPartOf":{"@id":"https:\/\/infos-droitshumains.net\/#website"},"primaryImageOfPage":{"@id":"https:\/\/infos-droitshumains.net\/?p=7642#primaryimage"},"image":{"@id":"https:\/\/infos-droitshumains.net\/?p=7642#primaryimage"},"thumbnailUrl":"https:\/\/i0.wp.com\/infos-droitshumains.net\/wp-content\/uploads\/2023\/08\/IMG-20230813-WA0014.jpg?fit=886%2C592&ssl=1","datePublished":"2023-08-13T13:25:01+00:00","dateModified":"2023-08-15T09:09:43+00:00","breadcrumb":{"@id":"https:\/\/infos-droitshumains.net\/?p=7642#breadcrumb"},"inLanguage":"fr-FR","potentialAction":[{"@type":"ReadAction","target":["https:\/\/infos-droitshumains.net\/?p=7642"]}]},{"@type":"ImageObject","inLanguage":"fr-FR","@id":"https:\/\/infos-droitshumains.net\/?p=7642#primaryimage","url":"https:\/\/i0.wp.com\/infos-droitshumains.net\/wp-content\/uploads\/2023\/08\/IMG-20230813-WA0014.jpg?fit=886%2C592&ssl=1","contentUrl":"https:\/\/i0.wp.com\/infos-droitshumains.net\/wp-content\/uploads\/2023\/08\/IMG-20230813-WA0014.jpg?fit=886%2C592&ssl=1","width":886,"height":592},{"@type":"BreadcrumbList","@id":"https:\/\/infos-droitshumains.net\/?p=7642#breadcrumb","itemListElement":[{"@type":"ListItem","position":1,"name":"Accueil","item":"https:\/\/infos-droitshumains.net\/"},{"@type":"ListItem","position":2,"name":"Kinshasa : D\u00e9sir\u00e9 Luhahi fait adh\u00e9rer plus de 4500 membres de son Asbl \u00a0ADELU \u00e0 l&rsquo;ALDEC d&rsquo;Ad\u00e8le Kayinda"}]},{"@type":"WebSite","@id":"https:\/\/infos-droitshumains.net\/#website","url":"https:\/\/infos-droitshumains.net\/","name":"Infos Droits Humains","description":"S&#039;informer est un droit","publisher":{"@id":"https:\/\/infos-droitshumains.net\/#organization"},"potentialAction":[{"@type":"SearchAction","target":{"@type":"EntryPoint","urlTemplate":"https:\/\/infos-droitshumains.net\/?s={search_term_string}"},"query-input":{"@type":"PropertyValueSpecification","valueRequired":true,"valueName":"search_term_string"}}],"inLanguage":"fr-FR"},{"@type":"Organization","@id":"https:\/\/infos-droitshumains.net\/#organization","name":"Infos Droits Humains","url":"https:\/\/infos-droitshumains.net\/","logo":{"@type":"ImageObject","inLanguage":"fr-FR","@id":"https:\/\/infos-droitshumains.net\/#\/schema\/logo\/image\/","url":"https:\/\/i0.wp.com\/infos-droitshumains.net\/wp-content\/uploads\/2022\/05\/Logo.png?fit=333%2C129&ssl=1","contentUrl":"https:\/\/i0.wp.com\/infos-droitshumains.net\/wp-content\/uploads\/2022\/05\/Logo.png?fit=333%2C129&ssl=1","width":333,"height":129,"caption":"Infos Droits Humains"},"image":{"@id":"https:\/\/infos-droitshumains.net\/#\/schema\/logo\/image\/"}},{"@type":"Person","@id":"https:\/\/infos-droitshumains.net\/#\/schema\/person\/3dc5e921c3302172e0ed4362f96faab7","name":"Jo\u00ebl Diawa","image":{"@type":"ImageObject","inLanguage":"fr-FR","@id":"https:\/\/secure.gravatar.com\/avatar\/729bea6ff4604c624417803c477363be8e3c7186deaa65713313f9b4b820f41c?s=96&d=mm&r=g","url":"https:\/\/secure.gravatar.com\/avatar\/729bea6ff4604c624417803c477363be8e3c7186deaa65713313f9b4b820f41c?s=96&d=mm&r=g","contentUrl":"https:\/\/secure.gravatar.com\/avatar\/729bea6ff4604c624417803c477363be8e3c7186deaa65713313f9b4b820f41c?s=96&d=mm&r=g","caption":"Jo\u00ebl Diawa"},"sameAs":["https:\/\/www.infos-droitshumains.net"],"url":"https:\/\/infos-droitshumains.net\/?author=2"}]}},"featured_image_urls":{"full":["https:\/\/i0.wp.com\/infos-droitshumains.net\/wp-content\/uploads\/2023\/08\/IMG-20230813-WA0014.jpg?fit=886%2C592&ssl=1",886,592,false],"thumbnail":["https:\/\/i0.wp.com\/infos-droitshumains.net\/wp-content\/uploads\/2023\/08\/IMG-20230813-WA0014.jpg?resize=150%2C150&ssl=1",150,150,true],"medium":["https:\/\/i0.wp.com\/infos-droitshumains.net\/wp-content\/uploads\/2023\/08\/IMG-20230813-WA0014.jpg?fit=300%2C200&ssl=1",300,200,true],"medium_large":["https:\/\/i0.wp.com\/infos-droitshumains.net\/wp-content\/uploads\/2023\/08\/IMG-20230813-WA0014.jpg?fit=640%2C428&ssl=1",640,428,true],"large":["https:\/\/i0.wp.com\/infos-droitshumains.net\/wp-content\/uploads\/2023\/08\/IMG-20230813-WA0014.jpg?fit=640%2C428&ssl=1",640,428,true],"1536x1536":["https:\/\/i0.wp.com\/infos-droitshumains.net\/wp-content\/uploads\/2023\/08\/IMG-20230813-WA0014.jpg?fit=886%2C592&ssl=1",886,592,true],"2048x2048":["https:\/\/i0.wp.com\/infos-droitshumains.net\/wp-content\/uploads\/2023\/08\/IMG-20230813-WA0014.jpg?fit=886%2C592&ssl=1",886,592,true],"covernews-slider-full":["https:\/\/i0.wp.com\/infos-droitshumains.net\/wp-content\/uploads\/2023\/08\/IMG-20230813-WA0014.jpg?resize=886%2C592&ssl=1",886,592,true],"covernews-slider-center":["https:\/\/i0.wp.com\/infos-droitshumains.net\/wp-content\/uploads\/2023\/08\/IMG-20230813-WA0014.jpg?resize=800%2C500&ssl=1",800,500,true],"covernews-featured":["https:\/\/i0.wp.com\/infos-droitshumains.net\/wp-content\/uploads\/2023\/08\/IMG-20230813-WA0014.jpg?fit=886%2C592&ssl=1",886,592,true],"covernews-medium":["https:\/\/i0.wp.com\/infos-droitshumains.net\/wp-content\/uploads\/2023\/08\/IMG-20230813-WA0014.jpg?resize=540%2C340&ssl=1",540,340,true],"covernews-medium-square":["https:\/\/i0.wp.com\/infos-droitshumains.net\/wp-content\/uploads\/2023\/08\/IMG-20230813-WA0014.jpg?resize=400%2C250&ssl=1",400,250,true]},"author_info":{"display_name":"Jo\u00ebl Diawa","author_link":"https:\/\/infos-droitshumains.net\/?author=2"},"category_info":"<a href=\"https:\/\/infos-droitshumains.net\/?cat=3\" rel=\"category\">Politique<\/a>","tag_info":"Politique","comment_count":"0","jetpack_featured_media_url":"https:\/\/i0.wp.com\/infos-droitshumains.net\/wp-content\/uploads\/2023\/08\/IMG-20230813-WA0014.jpg?fit=886%2C592&ssl=1","jetpack-related-posts":[],"jetpack_sharing_enabled":true,"_links":{"self":[{"href":"https:\/\/infos-droitshumains.net\/index.php?rest_route=\/wp\/v2\/posts\/7642","targetHints":{"allow":["GET"]}}],"collection":[{"href":"https:\/\/infos-droitshumains.net\/index.php?rest_route=\/wp\/v2\/posts"}],"about":[{"href":"https:\/\/infos-droitshumains.net\/index.php?rest_route=\/wp\/v2\/types\/post"}],"author":[{"embeddable":true,"href":"https:\/\/infos-droitshumains.net\/index.php?rest_route=\/wp\/v2\/users\/2"}],"replies":[{"embeddable":true,"href":"https:\/\/infos-droitshumains.net\/index.php?rest_route=%2Fwp%2Fv2%2Fcomments&post=7642"}],"version-history":[{"count":4,"href":"https:\/\/infos-droitshumains.net\/index.php?rest_route=\/wp\/v2\/posts\/7642\/revisions"}],"predecessor-version":[{"id":7658,"href":"https:\/\/infos-droitshumains.net\/index.php?rest_route=\/wp\/v2\/posts\/7642\/revisions\/7658"}],"wp:featuredmedia":[{"embeddable":true,"href":"https:\/\/infos-droitshumains.net\/index.php?rest_route=\/wp\/v2\/media\/7643"}],"wp:attachment":[{"href":"https:\/\/infos-droitshumains.net\/index.php?rest_route=%2Fwp%2Fv2%2Fmedia&parent=7642"}],"wp:term":[{"taxonomy":"category","embeddable":true,"href":"https:\/\/infos-droitshumains.net\/index.php?rest_route=%2Fwp%2Fv2%2Fcategories&post=7642"},{"taxonomy":"post_tag","embeddable":true,"href":"https:\/\/infos-droitshumains.net\/index.php?rest_route=%2Fwp%2Fv2%2Ftags&post=7642"}],"curies":[{"name":"wp","href":"https:\/\/api.w.org\/{rel}","templated":true}]}}