{"id":7632,"date":"2023-08-08T17:28:24","date_gmt":"2023-08-08T15:28:24","guid":{"rendered":"https:\/\/infos-droitshumains.net\/?p=7632"},"modified":"2023-08-08T17:29:22","modified_gmt":"2023-08-08T15:29:22","slug":"lutte-contre-limpunite-le-bcnudh-et-le-ministere-des-droits-humains-dotent-la-rdc-dun-plan-daction-strategique-en-matiere-de-justice-transitionnelle","status":"publish","type":"post","link":"https:\/\/infos-droitshumains.net\/?p=7632","title":{"rendered":"Lutte contre l&rsquo;impunit\u00e9: Le BCNUDH et le minist\u00e8re des droits humains dotent la RDC d&rsquo;un plan d&rsquo;action strat\u00e9gique en mati\u00e8re de justice transitionnelle"},"content":{"rendered":"\n<p><strong>R\u00e9daction :+243817406088<\/strong><\/p>\n\n\n\n<h4 class=\"wp-block-heading has-vivid-red-color has-text-color\">Ce plan d&rsquo;action strat\u00e9gique du minist\u00e8re des droits humains en mati\u00e8re de justice transitionnelle a \u00e9t\u00e9 valid\u00e9 ce mardi 8 ao\u00fbt 2023 \u00e0 Kinshasa. C\u2019\u00e9tait au cours d&rsquo;un atelier organis\u00e9 avec l&rsquo;appui financier et technique du Bureau Conjoint des Nations Unies aux Droits de l&rsquo;Homme, l&rsquo;\u00e9quipe d&rsquo;experts internationaux et l\u2019ONU Femmes.<\/h4>\n\n\n\n<p>Un plan d\u2019action dont le contenu a \u00e9t\u00e9 d\u00e9voil\u00e9 par le ministre des droits humains au cours de cet atelier.<\/p>\n\n\n\n<p><em>\u00ab\u00a0Face \u00e0 la vari\u00e9t\u00e9 des activit\u00e9s qui sont men\u00e9es par les acteurs et partenaires divers, exemplifi\u00e9es par les initiatives et dans le but d&rsquo;apporter une certaine coh\u00e9rence dans la mise en \u0153uvre du processus de justice transitionnelle, il est apparu essentiel d&rsquo;avoir un document r\u00e9f\u00e9rence qui pourra, d&rsquo;une part, pr\u00e9senter les diff\u00e9rents axes de la politique du minist\u00e8re des droits humains \u00e0 la mati\u00e8re et d&rsquo;autre part, d\u00e9finir les actions prioritaires \u00e0 mener\u00a0\u00bb<\/em>, a d\u00e9clar\u00e9 Albert-Fabrice Puela.<\/p>\n\n\n\n<figure class=\"wp-block-image alignfull size-large\"><img data-recalc-dims=\"1\" fetchpriority=\"high\" decoding=\"async\" width=\"640\" height=\"381\" src=\"https:\/\/i0.wp.com\/infos-droitshumains.net\/wp-content\/uploads\/2023\/08\/IMG-20230808-WA0027_1.jpg?resize=640%2C381&#038;ssl=1\" alt=\"\" class=\"wp-image-7633\" srcset=\"https:\/\/i0.wp.com\/infos-droitshumains.net\/wp-content\/uploads\/2023\/08\/IMG-20230808-WA0027_1.jpg?resize=1024%2C609&amp;ssl=1 1024w, https:\/\/i0.wp.com\/infos-droitshumains.net\/wp-content\/uploads\/2023\/08\/IMG-20230808-WA0027_1.jpg?resize=300%2C179&amp;ssl=1 300w, https:\/\/i0.wp.com\/infos-droitshumains.net\/wp-content\/uploads\/2023\/08\/IMG-20230808-WA0027_1.jpg?resize=768%2C457&amp;ssl=1 768w, https:\/\/i0.wp.com\/infos-droitshumains.net\/wp-content\/uploads\/2023\/08\/IMG-20230808-WA0027_1.jpg?w=1040&amp;ssl=1 1040w\" sizes=\"(max-width: 640px) 100vw, 640px\" \/><\/figure>\n\n\n\n<p>\u00c0 en croire Rapha\u00ebl Yaho fils, repr\u00e9sentant du directeur du BCNUDH, <em>\u00ab\u00a0La justice transitionnelle constitue un pr\u00e9cieux outil pour faire face au lourd h\u00e9ritage des violences qui persistent en RDC afin d&rsquo;offrir les chances pour un environnement pacifi\u00e9, contribu\u00e9 \u00e0 la coh\u00e9sion sociale et \u00e0 la r\u00e9conciliation nationale\u00a0\u00bb<\/em>.<\/p>\n\n\n\n<figure class=\"wp-block-image alignfull size-large\"><img data-recalc-dims=\"1\" decoding=\"async\" width=\"640\" height=\"374\" src=\"https:\/\/i0.wp.com\/infos-droitshumains.net\/wp-content\/uploads\/2023\/08\/IMG-20230808-WA0024_1.jpg?resize=640%2C374&#038;ssl=1\" alt=\"\" class=\"wp-image-7634\" srcset=\"https:\/\/i0.wp.com\/infos-droitshumains.net\/wp-content\/uploads\/2023\/08\/IMG-20230808-WA0024_1.jpg?resize=1024%2C599&amp;ssl=1 1024w, https:\/\/i0.wp.com\/infos-droitshumains.net\/wp-content\/uploads\/2023\/08\/IMG-20230808-WA0024_1.jpg?resize=300%2C175&amp;ssl=1 300w, https:\/\/i0.wp.com\/infos-droitshumains.net\/wp-content\/uploads\/2023\/08\/IMG-20230808-WA0024_1.jpg?resize=768%2C449&amp;ssl=1 768w, https:\/\/i0.wp.com\/infos-droitshumains.net\/wp-content\/uploads\/2023\/08\/IMG-20230808-WA0024_1.jpg?w=1040&amp;ssl=1 1040w\" sizes=\"(max-width: 640px) 100vw, 640px\" \/><\/figure>\n\n\n\n<p>Ce fonctionnaire des nations unies consid\u00e8re la justice transitionnelle comme une <em>\u00ab&nbsp;combinaison&nbsp;\u00bb<\/em> des m\u00e9canismes judiciaires et non judiciaires pour <em>\u00ab&nbsp;affronter&nbsp;\u00bb<\/em> le pass\u00e9, <em>\u00ab&nbsp;\u00e9tablir la v\u00e9rit\u00e9 et mettre fin \u00e0 l&rsquo;impunit\u00e9&nbsp;\u00bb<\/em> dans le but de <em>\u00ab&nbsp;favoriser&nbsp;\u00bb<\/em> le vivre ensemble des populations.<\/p>\n\n\n\n<p>Faisant suite des assises de la retraite d&rsquo;\u00e9criture du plan d&rsquo;action strat\u00e9gique du minist\u00e8re des droits humains en mati\u00e8re de justice transitionnelle tenues du 25 au 27 juillet 2023 \u00e0 Zongo dans la province de Kongo-Central, l&rsquo;atelier de ce jour a permis \u00e0 l&rsquo;ensemble des participants de s&rsquo;approprier ce document afin de fournir des commentaires et observations avant sa validation.<\/p>\n\n\n\n<p>AM<\/p>\n","protected":false},"excerpt":{"rendered":"<p>R\u00e9daction :+243817406088 Ce plan d&rsquo;action strat\u00e9gique du minist\u00e8re des droits humains en mati\u00e8re de justice&#8230;<\/p>\n","protected":false},"author":2,"featured_media":7635,"comment_status":"open","ping_status":"open","sticky":false,"template":"","format":"standard","meta":{"_jetpack_memberships_contains_paid_content":false,"footnotes":""},"categories":[7],"tags":[],"class_list":["post-7632","post","type-post","status-publish","format-standard","has-post-thumbnail","hentry","category-droits-humains"],"yoast_head":"<!-- This site is optimized with the Yoast SEO plugin v27.5 - https:\/\/yoast.com\/product\/yoast-seo-wordpress\/ -->\n<title>Lutte contre l&#039;impunit\u00e9: Le BCNUDH et le minist\u00e8re des droits humains dotent la RDC d&#039;un plan d&#039;action strat\u00e9gique en mati\u00e8re de justice transitionnelle - Infos Droits Humains<\/title>\n<meta name=\"robots\" content=\"index, follow, max-snippet:-1, max-image-preview:large, max-video-preview:-1\" \/>\n<link rel=\"canonical\" href=\"https:\/\/infos-droitshumains.net\/?p=7632\" \/>\n<meta property=\"og:locale\" content=\"fr_FR\" \/>\n<meta property=\"og:type\" content=\"article\" \/>\n<meta property=\"og:title\" content=\"Lutte contre l&#039;impunit\u00e9: Le BCNUDH et le minist\u00e8re des droits humains dotent la RDC d&#039;un plan d&#039;action strat\u00e9gique en mati\u00e8re de justice transitionnelle - Infos Droits Humains\" \/>\n<meta property=\"og:description\" content=\"R\u00e9daction :+243817406088 Ce plan d&rsquo;action strat\u00e9gique du minist\u00e8re des droits humains en mati\u00e8re de justice...\" \/>\n<meta property=\"og:url\" content=\"https:\/\/infos-droitshumains.net\/?p=7632\" \/>\n<meta property=\"og:site_name\" content=\"Infos Droits Humains\" \/>\n<meta property=\"article:published_time\" content=\"2023-08-08T15:28:24+00:00\" \/>\n<meta property=\"article:modified_time\" content=\"2023-08-08T15:29:22+00:00\" \/>\n<meta property=\"og:image\" content=\"https:\/\/infos-droitshumains.net\/wp-content\/uploads\/2023\/08\/IMG-20230808-WA0023_1.jpg\" \/>\n\t<meta property=\"og:image:width\" content=\"780\" \/>\n\t<meta property=\"og:image:height\" content=\"1040\" \/>\n\t<meta property=\"og:image:type\" content=\"image\/jpeg\" \/>\n<meta name=\"author\" content=\"Jo\u00ebl Diawa\" \/>\n<meta name=\"twitter:card\" content=\"summary_large_image\" \/>\n<meta name=\"twitter:label1\" content=\"\u00c9crit par\" \/>\n\t<meta name=\"twitter:data1\" content=\"Jo\u00ebl Diawa\" \/>\n\t<meta name=\"twitter:label2\" content=\"Dur\u00e9e de lecture estim\u00e9e\" \/>\n\t<meta name=\"twitter:data2\" content=\"2 minutes\" \/>\n<script type=\"application\/ld+json\" class=\"yoast-schema-graph\">{\"@context\":\"https:\\\/\\\/schema.org\",\"@graph\":[{\"@type\":\"Article\",\"@id\":\"https:\\\/\\\/infos-droitshumains.net\\\/?p=7632#article\",\"isPartOf\":{\"@id\":\"https:\\\/\\\/infos-droitshumains.net\\\/?p=7632\"},\"author\":{\"name\":\"Jo\u00ebl Diawa\",\"@id\":\"https:\\\/\\\/infos-droitshumains.net\\\/#\\\/schema\\\/person\\\/3dc5e921c3302172e0ed4362f96faab7\"},\"headline\":\"Lutte contre l&rsquo;impunit\u00e9: Le BCNUDH et le minist\u00e8re des droits humains dotent la RDC d&rsquo;un plan d&rsquo;action strat\u00e9gique en mati\u00e8re de justice transitionnelle\",\"datePublished\":\"2023-08-08T15:28:24+00:00\",\"dateModified\":\"2023-08-08T15:29:22+00:00\",\"mainEntityOfPage\":{\"@id\":\"https:\\\/\\\/infos-droitshumains.net\\\/?p=7632\"},\"wordCount\":353,\"commentCount\":0,\"publisher\":{\"@id\":\"https:\\\/\\\/infos-droitshumains.net\\\/#organization\"},\"image\":{\"@id\":\"https:\\\/\\\/infos-droitshumains.net\\\/?p=7632#primaryimage\"},\"thumbnailUrl\":\"https:\\\/\\\/i0.wp.com\\\/infos-droitshumains.net\\\/wp-content\\\/uploads\\\/2023\\\/08\\\/IMG-20230808-WA0023_1.jpg?fit=780%2C1040&ssl=1\",\"articleSection\":[\"Droits Humains\"],\"inLanguage\":\"fr-FR\",\"potentialAction\":[{\"@type\":\"CommentAction\",\"name\":\"Comment\",\"target\":[\"https:\\\/\\\/infos-droitshumains.net\\\/?p=7632#respond\"]}]},{\"@type\":\"WebPage\",\"@id\":\"https:\\\/\\\/infos-droitshumains.net\\\/?p=7632\",\"url\":\"https:\\\/\\\/infos-droitshumains.net\\\/?p=7632\",\"name\":\"Lutte contre l'impunit\u00e9: Le BCNUDH et le minist\u00e8re des droits humains dotent la RDC d'un plan d'action strat\u00e9gique en mati\u00e8re de justice transitionnelle - Infos Droits Humains\",\"isPartOf\":{\"@id\":\"https:\\\/\\\/infos-droitshumains.net\\\/#website\"},\"primaryImageOfPage\":{\"@id\":\"https:\\\/\\\/infos-droitshumains.net\\\/?p=7632#primaryimage\"},\"image\":{\"@id\":\"https:\\\/\\\/infos-droitshumains.net\\\/?p=7632#primaryimage\"},\"thumbnailUrl\":\"https:\\\/\\\/i0.wp.com\\\/infos-droitshumains.net\\\/wp-content\\\/uploads\\\/2023\\\/08\\\/IMG-20230808-WA0023_1.jpg?fit=780%2C1040&ssl=1\",\"datePublished\":\"2023-08-08T15:28:24+00:00\",\"dateModified\":\"2023-08-08T15:29:22+00:00\",\"breadcrumb\":{\"@id\":\"https:\\\/\\\/infos-droitshumains.net\\\/?p=7632#breadcrumb\"},\"inLanguage\":\"fr-FR\",\"potentialAction\":[{\"@type\":\"ReadAction\",\"target\":[\"https:\\\/\\\/infos-droitshumains.net\\\/?p=7632\"]}]},{\"@type\":\"ImageObject\",\"inLanguage\":\"fr-FR\",\"@id\":\"https:\\\/\\\/infos-droitshumains.net\\\/?p=7632#primaryimage\",\"url\":\"https:\\\/\\\/i0.wp.com\\\/infos-droitshumains.net\\\/wp-content\\\/uploads\\\/2023\\\/08\\\/IMG-20230808-WA0023_1.jpg?fit=780%2C1040&ssl=1\",\"contentUrl\":\"https:\\\/\\\/i0.wp.com\\\/infos-droitshumains.net\\\/wp-content\\\/uploads\\\/2023\\\/08\\\/IMG-20230808-WA0023_1.jpg?fit=780%2C1040&ssl=1\",\"width\":780,\"height\":1040},{\"@type\":\"BreadcrumbList\",\"@id\":\"https:\\\/\\\/infos-droitshumains.net\\\/?p=7632#breadcrumb\",\"itemListElement\":[{\"@type\":\"ListItem\",\"position\":1,\"name\":\"Accueil\",\"item\":\"https:\\\/\\\/infos-droitshumains.net\\\/\"},{\"@type\":\"ListItem\",\"position\":2,\"name\":\"Lutte contre l&rsquo;impunit\u00e9: Le BCNUDH et le minist\u00e8re des droits humains dotent la RDC d&rsquo;un plan d&rsquo;action strat\u00e9gique en mati\u00e8re de justice transitionnelle\"}]},{\"@type\":\"WebSite\",\"@id\":\"https:\\\/\\\/infos-droitshumains.net\\\/#website\",\"url\":\"https:\\\/\\\/infos-droitshumains.net\\\/\",\"name\":\"Infos Droits Humains\",\"description\":\"S&#039;informer est un droit\",\"publisher\":{\"@id\":\"https:\\\/\\\/infos-droitshumains.net\\\/#organization\"},\"potentialAction\":[{\"@type\":\"SearchAction\",\"target\":{\"@type\":\"EntryPoint\",\"urlTemplate\":\"https:\\\/\\\/infos-droitshumains.net\\\/?s={search_term_string}\"},\"query-input\":{\"@type\":\"PropertyValueSpecification\",\"valueRequired\":true,\"valueName\":\"search_term_string\"}}],\"inLanguage\":\"fr-FR\"},{\"@type\":\"Organization\",\"@id\":\"https:\\\/\\\/infos-droitshumains.net\\\/#organization\",\"name\":\"Infos Droits Humains\",\"url\":\"https:\\\/\\\/infos-droitshumains.net\\\/\",\"logo\":{\"@type\":\"ImageObject\",\"inLanguage\":\"fr-FR\",\"@id\":\"https:\\\/\\\/infos-droitshumains.net\\\/#\\\/schema\\\/logo\\\/image\\\/\",\"url\":\"https:\\\/\\\/i0.wp.com\\\/infos-droitshumains.net\\\/wp-content\\\/uploads\\\/2022\\\/05\\\/Logo.png?fit=333%2C129&ssl=1\",\"contentUrl\":\"https:\\\/\\\/i0.wp.com\\\/infos-droitshumains.net\\\/wp-content\\\/uploads\\\/2022\\\/05\\\/Logo.png?fit=333%2C129&ssl=1\",\"width\":333,\"height\":129,\"caption\":\"Infos Droits Humains\"},\"image\":{\"@id\":\"https:\\\/\\\/infos-droitshumains.net\\\/#\\\/schema\\\/logo\\\/image\\\/\"}},{\"@type\":\"Person\",\"@id\":\"https:\\\/\\\/infos-droitshumains.net\\\/#\\\/schema\\\/person\\\/3dc5e921c3302172e0ed4362f96faab7\",\"name\":\"Jo\u00ebl Diawa\",\"image\":{\"@type\":\"ImageObject\",\"inLanguage\":\"fr-FR\",\"@id\":\"https:\\\/\\\/secure.gravatar.com\\\/avatar\\\/729bea6ff4604c624417803c477363be8e3c7186deaa65713313f9b4b820f41c?s=96&d=mm&r=g\",\"url\":\"https:\\\/\\\/secure.gravatar.com\\\/avatar\\\/729bea6ff4604c624417803c477363be8e3c7186deaa65713313f9b4b820f41c?s=96&d=mm&r=g\",\"contentUrl\":\"https:\\\/\\\/secure.gravatar.com\\\/avatar\\\/729bea6ff4604c624417803c477363be8e3c7186deaa65713313f9b4b820f41c?s=96&d=mm&r=g\",\"caption\":\"Jo\u00ebl Diawa\"},\"sameAs\":[\"https:\\\/\\\/www.infos-droitshumains.net\"],\"url\":\"https:\\\/\\\/infos-droitshumains.net\\\/?author=2\"}]}<\/script>\n<!-- \/ Yoast SEO plugin. -->","yoast_head_json":{"title":"Lutte contre l'impunit\u00e9: Le BCNUDH et le minist\u00e8re des droits humains dotent la RDC d'un plan d'action strat\u00e9gique en mati\u00e8re de justice transitionnelle - Infos Droits Humains","robots":{"index":"index","follow":"follow","max-snippet":"max-snippet:-1","max-image-preview":"max-image-preview:large","max-video-preview":"max-video-preview:-1"},"canonical":"https:\/\/infos-droitshumains.net\/?p=7632","og_locale":"fr_FR","og_type":"article","og_title":"Lutte contre l'impunit\u00e9: Le BCNUDH et le minist\u00e8re des droits humains dotent la RDC d'un plan d'action strat\u00e9gique en mati\u00e8re de justice transitionnelle - Infos Droits Humains","og_description":"R\u00e9daction :+243817406088 Ce plan d&rsquo;action strat\u00e9gique du minist\u00e8re des droits humains en mati\u00e8re de justice...","og_url":"https:\/\/infos-droitshumains.net\/?p=7632","og_site_name":"Infos Droits Humains","article_published_time":"2023-08-08T15:28:24+00:00","article_modified_time":"2023-08-08T15:29:22+00:00","og_image":[{"width":780,"height":1040,"url":"https:\/\/infos-droitshumains.net\/wp-content\/uploads\/2023\/08\/IMG-20230808-WA0023_1.jpg","type":"image\/jpeg"}],"author":"Jo\u00ebl Diawa","twitter_card":"summary_large_image","twitter_misc":{"\u00c9crit par":"Jo\u00ebl Diawa","Dur\u00e9e de lecture estim\u00e9e":"2 minutes"},"schema":{"@context":"https:\/\/schema.org","@graph":[{"@type":"Article","@id":"https:\/\/infos-droitshumains.net\/?p=7632#article","isPartOf":{"@id":"https:\/\/infos-droitshumains.net\/?p=7632"},"author":{"name":"Jo\u00ebl Diawa","@id":"https:\/\/infos-droitshumains.net\/#\/schema\/person\/3dc5e921c3302172e0ed4362f96faab7"},"headline":"Lutte contre l&rsquo;impunit\u00e9: Le BCNUDH et le minist\u00e8re des droits humains dotent la RDC d&rsquo;un plan d&rsquo;action strat\u00e9gique en mati\u00e8re de justice transitionnelle","datePublished":"2023-08-08T15:28:24+00:00","dateModified":"2023-08-08T15:29:22+00:00","mainEntityOfPage":{"@id":"https:\/\/infos-droitshumains.net\/?p=7632"},"wordCount":353,"commentCount":0,"publisher":{"@id":"https:\/\/infos-droitshumains.net\/#organization"},"image":{"@id":"https:\/\/infos-droitshumains.net\/?p=7632#primaryimage"},"thumbnailUrl":"https:\/\/i0.wp.com\/infos-droitshumains.net\/wp-content\/uploads\/2023\/08\/IMG-20230808-WA0023_1.jpg?fit=780%2C1040&ssl=1","articleSection":["Droits Humains"],"inLanguage":"fr-FR","potentialAction":[{"@type":"CommentAction","name":"Comment","target":["https:\/\/infos-droitshumains.net\/?p=7632#respond"]}]},{"@type":"WebPage","@id":"https:\/\/infos-droitshumains.net\/?p=7632","url":"https:\/\/infos-droitshumains.net\/?p=7632","name":"Lutte contre l'impunit\u00e9: Le BCNUDH et le minist\u00e8re des droits humains dotent la RDC d'un plan d'action strat\u00e9gique en mati\u00e8re de justice transitionnelle - Infos Droits Humains","isPartOf":{"@id":"https:\/\/infos-droitshumains.net\/#website"},"primaryImageOfPage":{"@id":"https:\/\/infos-droitshumains.net\/?p=7632#primaryimage"},"image":{"@id":"https:\/\/infos-droitshumains.net\/?p=7632#primaryimage"},"thumbnailUrl":"https:\/\/i0.wp.com\/infos-droitshumains.net\/wp-content\/uploads\/2023\/08\/IMG-20230808-WA0023_1.jpg?fit=780%2C1040&ssl=1","datePublished":"2023-08-08T15:28:24+00:00","dateModified":"2023-08-08T15:29:22+00:00","breadcrumb":{"@id":"https:\/\/infos-droitshumains.net\/?p=7632#breadcrumb"},"inLanguage":"fr-FR","potentialAction":[{"@type":"ReadAction","target":["https:\/\/infos-droitshumains.net\/?p=7632"]}]},{"@type":"ImageObject","inLanguage":"fr-FR","@id":"https:\/\/infos-droitshumains.net\/?p=7632#primaryimage","url":"https:\/\/i0.wp.com\/infos-droitshumains.net\/wp-content\/uploads\/2023\/08\/IMG-20230808-WA0023_1.jpg?fit=780%2C1040&ssl=1","contentUrl":"https:\/\/i0.wp.com\/infos-droitshumains.net\/wp-content\/uploads\/2023\/08\/IMG-20230808-WA0023_1.jpg?fit=780%2C1040&ssl=1","width":780,"height":1040},{"@type":"BreadcrumbList","@id":"https:\/\/infos-droitshumains.net\/?p=7632#breadcrumb","itemListElement":[{"@type":"ListItem","position":1,"name":"Accueil","item":"https:\/\/infos-droitshumains.net\/"},{"@type":"ListItem","position":2,"name":"Lutte contre l&rsquo;impunit\u00e9: Le BCNUDH et le minist\u00e8re des droits humains dotent la RDC d&rsquo;un plan d&rsquo;action strat\u00e9gique en mati\u00e8re de justice transitionnelle"}]},{"@type":"WebSite","@id":"https:\/\/infos-droitshumains.net\/#website","url":"https:\/\/infos-droitshumains.net\/","name":"Infos Droits Humains","description":"S&#039;informer est un droit","publisher":{"@id":"https:\/\/infos-droitshumains.net\/#organization"},"potentialAction":[{"@type":"SearchAction","target":{"@type":"EntryPoint","urlTemplate":"https:\/\/infos-droitshumains.net\/?s={search_term_string}"},"query-input":{"@type":"PropertyValueSpecification","valueRequired":true,"valueName":"search_term_string"}}],"inLanguage":"fr-FR"},{"@type":"Organization","@id":"https:\/\/infos-droitshumains.net\/#organization","name":"Infos Droits Humains","url":"https:\/\/infos-droitshumains.net\/","logo":{"@type":"ImageObject","inLanguage":"fr-FR","@id":"https:\/\/infos-droitshumains.net\/#\/schema\/logo\/image\/","url":"https:\/\/i0.wp.com\/infos-droitshumains.net\/wp-content\/uploads\/2022\/05\/Logo.png?fit=333%2C129&ssl=1","contentUrl":"https:\/\/i0.wp.com\/infos-droitshumains.net\/wp-content\/uploads\/2022\/05\/Logo.png?fit=333%2C129&ssl=1","width":333,"height":129,"caption":"Infos Droits Humains"},"image":{"@id":"https:\/\/infos-droitshumains.net\/#\/schema\/logo\/image\/"}},{"@type":"Person","@id":"https:\/\/infos-droitshumains.net\/#\/schema\/person\/3dc5e921c3302172e0ed4362f96faab7","name":"Jo\u00ebl Diawa","image":{"@type":"ImageObject","inLanguage":"fr-FR","@id":"https:\/\/secure.gravatar.com\/avatar\/729bea6ff4604c624417803c477363be8e3c7186deaa65713313f9b4b820f41c?s=96&d=mm&r=g","url":"https:\/\/secure.gravatar.com\/avatar\/729bea6ff4604c624417803c477363be8e3c7186deaa65713313f9b4b820f41c?s=96&d=mm&r=g","contentUrl":"https:\/\/secure.gravatar.com\/avatar\/729bea6ff4604c624417803c477363be8e3c7186deaa65713313f9b4b820f41c?s=96&d=mm&r=g","caption":"Jo\u00ebl Diawa"},"sameAs":["https:\/\/www.infos-droitshumains.net"],"url":"https:\/\/infos-droitshumains.net\/?author=2"}]}},"featured_image_urls":{"full":["https:\/\/i0.wp.com\/infos-droitshumains.net\/wp-content\/uploads\/2023\/08\/IMG-20230808-WA0023_1.jpg?fit=780%2C1040&ssl=1",780,1040,false],"thumbnail":["https:\/\/i0.wp.com\/infos-droitshumains.net\/wp-content\/uploads\/2023\/08\/IMG-20230808-WA0023_1.jpg?resize=150%2C150&ssl=1",150,150,true],"medium":["https:\/\/i0.wp.com\/infos-droitshumains.net\/wp-content\/uploads\/2023\/08\/IMG-20230808-WA0023_1.jpg?fit=225%2C300&ssl=1",225,300,true],"medium_large":["https:\/\/i0.wp.com\/infos-droitshumains.net\/wp-content\/uploads\/2023\/08\/IMG-20230808-WA0023_1.jpg?fit=640%2C853&ssl=1",640,853,true],"large":["https:\/\/i0.wp.com\/infos-droitshumains.net\/wp-content\/uploads\/2023\/08\/IMG-20230808-WA0023_1.jpg?fit=640%2C853&ssl=1",640,853,true],"1536x1536":["https:\/\/i0.wp.com\/infos-droitshumains.net\/wp-content\/uploads\/2023\/08\/IMG-20230808-WA0023_1.jpg?fit=780%2C1040&ssl=1",780,1040,true],"2048x2048":["https:\/\/i0.wp.com\/infos-droitshumains.net\/wp-content\/uploads\/2023\/08\/IMG-20230808-WA0023_1.jpg?fit=780%2C1040&ssl=1",780,1040,true],"covernews-slider-full":["https:\/\/i0.wp.com\/infos-droitshumains.net\/wp-content\/uploads\/2023\/08\/IMG-20230808-WA0023_1.jpg?resize=780%2C715&ssl=1",780,715,true],"covernews-slider-center":["https:\/\/i0.wp.com\/infos-droitshumains.net\/wp-content\/uploads\/2023\/08\/IMG-20230808-WA0023_1.jpg?resize=780%2C500&ssl=1",780,500,true],"covernews-featured":["https:\/\/i0.wp.com\/infos-droitshumains.net\/wp-content\/uploads\/2023\/08\/IMG-20230808-WA0023_1.jpg?fit=780%2C1040&ssl=1",780,1040,true],"covernews-medium":["https:\/\/i0.wp.com\/infos-droitshumains.net\/wp-content\/uploads\/2023\/08\/IMG-20230808-WA0023_1.jpg?resize=540%2C340&ssl=1",540,340,true],"covernews-medium-square":["https:\/\/i0.wp.com\/infos-droitshumains.net\/wp-content\/uploads\/2023\/08\/IMG-20230808-WA0023_1.jpg?resize=400%2C250&ssl=1",400,250,true]},"author_info":{"display_name":"Jo\u00ebl Diawa","author_link":"https:\/\/infos-droitshumains.net\/?author=2"},"category_info":"<a href=\"https:\/\/infos-droitshumains.net\/?cat=7\" rel=\"category\">Droits Humains<\/a>","tag_info":"Droits Humains","comment_count":"0","jetpack_featured_media_url":"https:\/\/i0.wp.com\/infos-droitshumains.net\/wp-content\/uploads\/2023\/08\/IMG-20230808-WA0023_1.jpg?fit=780%2C1040&ssl=1","jetpack-related-posts":[],"jetpack_sharing_enabled":true,"_links":{"self":[{"href":"https:\/\/infos-droitshumains.net\/index.php?rest_route=\/wp\/v2\/posts\/7632","targetHints":{"allow":["GET"]}}],"collection":[{"href":"https:\/\/infos-droitshumains.net\/index.php?rest_route=\/wp\/v2\/posts"}],"about":[{"href":"https:\/\/infos-droitshumains.net\/index.php?rest_route=\/wp\/v2\/types\/post"}],"author":[{"embeddable":true,"href":"https:\/\/infos-droitshumains.net\/index.php?rest_route=\/wp\/v2\/users\/2"}],"replies":[{"embeddable":true,"href":"https:\/\/infos-droitshumains.net\/index.php?rest_route=%2Fwp%2Fv2%2Fcomments&post=7632"}],"version-history":[{"count":2,"href":"https:\/\/infos-droitshumains.net\/index.php?rest_route=\/wp\/v2\/posts\/7632\/revisions"}],"predecessor-version":[{"id":7637,"href":"https:\/\/infos-droitshumains.net\/index.php?rest_route=\/wp\/v2\/posts\/7632\/revisions\/7637"}],"wp:featuredmedia":[{"embeddable":true,"href":"https:\/\/infos-droitshumains.net\/index.php?rest_route=\/wp\/v2\/media\/7635"}],"wp:attachment":[{"href":"https:\/\/infos-droitshumains.net\/index.php?rest_route=%2Fwp%2Fv2%2Fmedia&parent=7632"}],"wp:term":[{"taxonomy":"category","embeddable":true,"href":"https:\/\/infos-droitshumains.net\/index.php?rest_route=%2Fwp%2Fv2%2Fcategories&post=7632"},{"taxonomy":"post_tag","embeddable":true,"href":"https:\/\/infos-droitshumains.net\/index.php?rest_route=%2Fwp%2Fv2%2Ftags&post=7632"}],"curies":[{"name":"wp","href":"https:\/\/api.w.org\/{rel}","templated":true}]}}