{"id":7616,"date":"2023-08-08T16:04:20","date_gmt":"2023-08-08T14:04:20","guid":{"rendered":"https:\/\/infos-droitshumains.net\/?p=7616"},"modified":"2023-08-08T16:14:37","modified_gmt":"2023-08-08T14:14:37","slug":"rdc-la-cour-constitutionnelle-est-le-juge-competent-pour-le-premier-ministre-ancien-comme-nouveau-le-professeur-luzolo-bambi-realimente-le-debat-dans-laffaire-matata-ponyo","status":"publish","type":"post","link":"https:\/\/infos-droitshumains.net\/?p=7616","title":{"rendered":"RDC\u00a0: La Cour constitutionnelle est le juge comp\u00e9tent pour le Premier-Ministre ancien comme nouveau. Le Professeur Luzolo Bambi r\u00e9alimente le d\u00e9bat juridique sur l\u2019affaire Matata Ponyo"},"content":{"rendered":"\n<p><strong>R\u00e9daction :+243817406088<\/strong><\/p>\n\n\n\n<h4 class=\"wp-block-heading has-vivid-red-color has-text-color\">Alors qu\u2019en 2021, la Cour Constitutionnelle pr\u00e9sid\u00e9e par Dieudonn\u00e9 Kaluba se d\u00e9clarait incomp\u00e9tente \u00e0 juger Augustin Matata Ponyo, ancien Premier-Ministre, accus\u00e9 de d\u00e9tournement des fonds public dans l\u2019affaire du Parc Agroindustriel de Bukanga-Lonzo, il y a eu revirement de situation d\u00e8s juin 2022 apr\u00e8s que Dieudonn\u00e9 Kamuleta ait remplac\u00e9 Dieudonn\u00e9 Kaluba \u00e0 la t\u00eate de cette haute juridiction.<\/h4>\n\n\n\n<p>Depuis, le Procureur G\u00e9n\u00e9ral Pr\u00e8s la Cour Constitutionnelle est revenu \u00e0 la charge affirmant avoir des nouveaux \u00e9l\u00e9ments sur le dossier.<\/p>\n\n\n\n<p>Ce revirement de la justice suscite depuis, un vif d\u00e9bat dans les salons et couloirs juridiques. Professeur dans la facult\u00e9 de droit \u00e0 l\u2019Universit\u00e9 de Kinshasa et ancien ministre de justice, Luzolo Bambi est sorti de son silence pour \u00e9mettre son point de vue sur la question.<\/p>\n\n\n\n<p>Il estime que tout au d\u00e9but, lors du premier arr\u00eat, la Cour qui s\u2019\u00e9tait d\u00e9clar\u00e9e incomp\u00e9tente, <em>\u00ab&nbsp;s\u2019\u00e9tait plant\u00e9&nbsp;\u00bb<\/em>. Lui qui reste ferme pour le principe selon lequel la Cour constitutionnelle est le juge comp\u00e9tent pour le Premier-Ministre ancien comme nouveau, laisse en attendre que dans le premier arr\u00eat, le juge constitutionnel avait omis un principe fondamental du droit p\u00e9nal.<\/p>\n\n\n\n<p><em>\u00ab&nbsp;Je le dis parce que les juges membres de la Cour Constitutionnelle lors de leur premier arr\u00eat, s\u2019\u00e9taient comport\u00e9s plus en constitutionnaliste qu\u2019en p\u00e9naliste\u2026cet arr\u00eat avait m\u00e9connu un principe fondamental de droit p\u00e9nal qui est la cristallisation qui se caract\u00e9rise par les faits simple&nbsp;: le juge au moment des faits est celui toujours comp\u00e9tent des poursuites&nbsp;\u00bb<\/em>, a d\u00e9clar\u00e9 ce p\u00e9naliste.<\/p>\n\n\n\n<p><em>\u00ab&nbsp;\u2026 Ce principe ayant \u00e9t\u00e9 m\u00e9connu par le premier juge de la Cour Constitutionnelle, a soulev\u00e9 justement tout ce pol\u00e9mique et tous ces all\u00e9s retours qui nous ont amen\u00e9s \u00e0 ce point. A ce jour, je note qu\u2019il y a eu une jurisprudence et que la jurisprudence en principe g\u00e9n\u00e9ral de droit est une institution qui est permise, c\u2019est-\u00e0-dire, toutes les juridictions sont autoris\u00e9es \u00e0 revirer leurs jurisprudence&nbsp;\u00bb<\/em>, a poursuivi Luzolo Bambi.<\/p>\n\n\n\n<p>Pour l\u2019auteur de \u00ab&nbsp;Manuel de proc\u00e9dure p\u00e9nale&nbsp;\u00bb, <em>\u00ab&nbsp;la particularit\u00e9 du revirement c\u2019est qu\u2019un revirement jurisprudentiel a un fait r\u00e9troactif&nbsp;\u00bb<\/em><\/p>\n\n\n\n<p><em>\u00ab&nbsp;Je prends les deux arr\u00eats de la Cour Constitutionnelle, je les fonds en un seul en l\u2019appelant le principe selon lequel le juge au moment des faits est celui qui est comp\u00e9tent au moment des poursuites. C\u2019est-\u00e0-dire, l\u2019ancien Premier-Ministre peut \u00eatre poursuivi aujourd\u2019hui par la Cour Constitutionnelle pour les faits commis au moment o\u00f9 il \u00e9tait Premier-Ministre o\u00f9 \u00e0 l\u2019occasion de l\u2019exercice de ses fonctions. Je reste sur le principe de cristallisation qui est un principe fondamental de droit p\u00e9nal et qui respecte l\u2019autonomie du droit p\u00e9nal. Cette position que je viens de d\u00e9fendre est consacr\u00e9e par la jurisprudence de tous les palais de justice de Kinshasa depuis le premier code de proc\u00e9dures p\u00e9nales&nbsp;\u00bb<\/em>, a conclu le Professeur Luzolo Bambi.<\/p>\n\n\n\n<p>La position soutenue ce p\u00e9naliste vient mettre la poudre au feu car l\u2019ancien Premier-Ministre mis en cause &nbsp;consid\u00e8re cette affaire beaucoup plus politique que judiciaire. Mais Luzolo Bambi dit rester ouvert \u00e0 tout d\u00e9bat dans le but d\u2019\u00e9clairer la lanterne de l\u2019opinion quant \u00e0 ce dossier.<\/p>\n\n\n\n<p>Jo\u00ebl Diawa<\/p>\n","protected":false},"excerpt":{"rendered":"<p>R\u00e9daction :+243817406088 Alors qu\u2019en 2021, la Cour Constitutionnelle pr\u00e9sid\u00e9e par Dieudonn\u00e9 Kaluba se d\u00e9clarait incomp\u00e9tente&#8230;<\/p>\n","protected":false},"author":2,"featured_media":7621,"comment_status":"open","ping_status":"open","sticky":false,"template":"","format":"standard","meta":{"_jetpack_memberships_contains_paid_content":false,"footnotes":""},"categories":[6],"tags":[],"class_list":["post-7616","post","type-post","status-publish","format-standard","has-post-thumbnail","hentry","category-justice"],"yoast_head":"<!-- This site is optimized with the Yoast SEO plugin v27.5 - https:\/\/yoast.com\/product\/yoast-seo-wordpress\/ -->\n<title>RDC\u00a0: La Cour constitutionnelle est le juge comp\u00e9tent pour le Premier-Ministre ancien comme nouveau. Le Professeur Luzolo Bambi r\u00e9alimente le d\u00e9bat juridique sur l\u2019affaire Matata Ponyo - Infos Droits Humains<\/title>\n<meta name=\"robots\" content=\"index, follow, max-snippet:-1, max-image-preview:large, max-video-preview:-1\" \/>\n<link rel=\"canonical\" href=\"https:\/\/infos-droitshumains.net\/?p=7616\" \/>\n<meta property=\"og:locale\" content=\"fr_FR\" \/>\n<meta property=\"og:type\" content=\"article\" \/>\n<meta property=\"og:title\" content=\"RDC\u00a0: La Cour constitutionnelle est le juge comp\u00e9tent pour le Premier-Ministre ancien comme nouveau. Le Professeur Luzolo Bambi r\u00e9alimente le d\u00e9bat juridique sur l\u2019affaire Matata Ponyo - Infos Droits Humains\" \/>\n<meta property=\"og:description\" content=\"R\u00e9daction :+243817406088 Alors qu\u2019en 2021, la Cour Constitutionnelle pr\u00e9sid\u00e9e par Dieudonn\u00e9 Kaluba se d\u00e9clarait incomp\u00e9tente...\" \/>\n<meta property=\"og:url\" content=\"https:\/\/infos-droitshumains.net\/?p=7616\" \/>\n<meta property=\"og:site_name\" content=\"Infos Droits Humains\" \/>\n<meta property=\"article:published_time\" content=\"2023-08-08T14:04:20+00:00\" \/>\n<meta property=\"article:modified_time\" content=\"2023-08-08T14:14:37+00:00\" \/>\n<meta property=\"og:image\" content=\"https:\/\/infos-droitshumains.net\/wp-content\/uploads\/2023\/08\/InCollage_20230808_144944022.jpg\" \/>\n\t<meta property=\"og:image:width\" content=\"960\" \/>\n\t<meta property=\"og:image:height\" content=\"683\" \/>\n\t<meta property=\"og:image:type\" content=\"image\/jpeg\" \/>\n<meta name=\"author\" content=\"Jo\u00ebl Diawa\" \/>\n<meta name=\"twitter:card\" content=\"summary_large_image\" \/>\n<meta name=\"twitter:label1\" content=\"\u00c9crit par\" \/>\n\t<meta name=\"twitter:data1\" content=\"Jo\u00ebl Diawa\" \/>\n\t<meta name=\"twitter:label2\" content=\"Dur\u00e9e de lecture estim\u00e9e\" \/>\n\t<meta name=\"twitter:data2\" content=\"3 minutes\" \/>\n<script type=\"application\/ld+json\" class=\"yoast-schema-graph\">{\"@context\":\"https:\\\/\\\/schema.org\",\"@graph\":[{\"@type\":\"Article\",\"@id\":\"https:\\\/\\\/infos-droitshumains.net\\\/?p=7616#article\",\"isPartOf\":{\"@id\":\"https:\\\/\\\/infos-droitshumains.net\\\/?p=7616\"},\"author\":{\"name\":\"Jo\u00ebl Diawa\",\"@id\":\"https:\\\/\\\/infos-droitshumains.net\\\/#\\\/schema\\\/person\\\/3dc5e921c3302172e0ed4362f96faab7\"},\"headline\":\"RDC\u00a0: La Cour constitutionnelle est le juge comp\u00e9tent pour le Premier-Ministre ancien comme nouveau. Le Professeur Luzolo Bambi r\u00e9alimente le d\u00e9bat juridique sur l\u2019affaire Matata Ponyo\",\"datePublished\":\"2023-08-08T14:04:20+00:00\",\"dateModified\":\"2023-08-08T14:14:37+00:00\",\"mainEntityOfPage\":{\"@id\":\"https:\\\/\\\/infos-droitshumains.net\\\/?p=7616\"},\"wordCount\":616,\"commentCount\":0,\"publisher\":{\"@id\":\"https:\\\/\\\/infos-droitshumains.net\\\/#organization\"},\"image\":{\"@id\":\"https:\\\/\\\/infos-droitshumains.net\\\/?p=7616#primaryimage\"},\"thumbnailUrl\":\"https:\\\/\\\/i0.wp.com\\\/infos-droitshumains.net\\\/wp-content\\\/uploads\\\/2023\\\/08\\\/InCollage_20230808_144944022.jpg?fit=960%2C683&ssl=1\",\"articleSection\":[\"Justice\"],\"inLanguage\":\"fr-FR\",\"potentialAction\":[{\"@type\":\"CommentAction\",\"name\":\"Comment\",\"target\":[\"https:\\\/\\\/infos-droitshumains.net\\\/?p=7616#respond\"]}]},{\"@type\":\"WebPage\",\"@id\":\"https:\\\/\\\/infos-droitshumains.net\\\/?p=7616\",\"url\":\"https:\\\/\\\/infos-droitshumains.net\\\/?p=7616\",\"name\":\"RDC\u00a0: La Cour constitutionnelle est le juge comp\u00e9tent pour le Premier-Ministre ancien comme nouveau. Le Professeur Luzolo Bambi r\u00e9alimente le d\u00e9bat juridique sur l\u2019affaire Matata Ponyo - Infos Droits Humains\",\"isPartOf\":{\"@id\":\"https:\\\/\\\/infos-droitshumains.net\\\/#website\"},\"primaryImageOfPage\":{\"@id\":\"https:\\\/\\\/infos-droitshumains.net\\\/?p=7616#primaryimage\"},\"image\":{\"@id\":\"https:\\\/\\\/infos-droitshumains.net\\\/?p=7616#primaryimage\"},\"thumbnailUrl\":\"https:\\\/\\\/i0.wp.com\\\/infos-droitshumains.net\\\/wp-content\\\/uploads\\\/2023\\\/08\\\/InCollage_20230808_144944022.jpg?fit=960%2C683&ssl=1\",\"datePublished\":\"2023-08-08T14:04:20+00:00\",\"dateModified\":\"2023-08-08T14:14:37+00:00\",\"breadcrumb\":{\"@id\":\"https:\\\/\\\/infos-droitshumains.net\\\/?p=7616#breadcrumb\"},\"inLanguage\":\"fr-FR\",\"potentialAction\":[{\"@type\":\"ReadAction\",\"target\":[\"https:\\\/\\\/infos-droitshumains.net\\\/?p=7616\"]}]},{\"@type\":\"ImageObject\",\"inLanguage\":\"fr-FR\",\"@id\":\"https:\\\/\\\/infos-droitshumains.net\\\/?p=7616#primaryimage\",\"url\":\"https:\\\/\\\/i0.wp.com\\\/infos-droitshumains.net\\\/wp-content\\\/uploads\\\/2023\\\/08\\\/InCollage_20230808_144944022.jpg?fit=960%2C683&ssl=1\",\"contentUrl\":\"https:\\\/\\\/i0.wp.com\\\/infos-droitshumains.net\\\/wp-content\\\/uploads\\\/2023\\\/08\\\/InCollage_20230808_144944022.jpg?fit=960%2C683&ssl=1\",\"width\":960,\"height\":683},{\"@type\":\"BreadcrumbList\",\"@id\":\"https:\\\/\\\/infos-droitshumains.net\\\/?p=7616#breadcrumb\",\"itemListElement\":[{\"@type\":\"ListItem\",\"position\":1,\"name\":\"Accueil\",\"item\":\"https:\\\/\\\/infos-droitshumains.net\\\/\"},{\"@type\":\"ListItem\",\"position\":2,\"name\":\"RDC\u00a0: La Cour constitutionnelle est le juge comp\u00e9tent pour le Premier-Ministre ancien comme nouveau. Le Professeur Luzolo Bambi r\u00e9alimente le d\u00e9bat juridique sur l\u2019affaire Matata Ponyo\"}]},{\"@type\":\"WebSite\",\"@id\":\"https:\\\/\\\/infos-droitshumains.net\\\/#website\",\"url\":\"https:\\\/\\\/infos-droitshumains.net\\\/\",\"name\":\"Infos Droits Humains\",\"description\":\"S&#039;informer est un droit\",\"publisher\":{\"@id\":\"https:\\\/\\\/infos-droitshumains.net\\\/#organization\"},\"potentialAction\":[{\"@type\":\"SearchAction\",\"target\":{\"@type\":\"EntryPoint\",\"urlTemplate\":\"https:\\\/\\\/infos-droitshumains.net\\\/?s={search_term_string}\"},\"query-input\":{\"@type\":\"PropertyValueSpecification\",\"valueRequired\":true,\"valueName\":\"search_term_string\"}}],\"inLanguage\":\"fr-FR\"},{\"@type\":\"Organization\",\"@id\":\"https:\\\/\\\/infos-droitshumains.net\\\/#organization\",\"name\":\"Infos Droits Humains\",\"url\":\"https:\\\/\\\/infos-droitshumains.net\\\/\",\"logo\":{\"@type\":\"ImageObject\",\"inLanguage\":\"fr-FR\",\"@id\":\"https:\\\/\\\/infos-droitshumains.net\\\/#\\\/schema\\\/logo\\\/image\\\/\",\"url\":\"https:\\\/\\\/i0.wp.com\\\/infos-droitshumains.net\\\/wp-content\\\/uploads\\\/2022\\\/05\\\/Logo.png?fit=333%2C129&ssl=1\",\"contentUrl\":\"https:\\\/\\\/i0.wp.com\\\/infos-droitshumains.net\\\/wp-content\\\/uploads\\\/2022\\\/05\\\/Logo.png?fit=333%2C129&ssl=1\",\"width\":333,\"height\":129,\"caption\":\"Infos Droits Humains\"},\"image\":{\"@id\":\"https:\\\/\\\/infos-droitshumains.net\\\/#\\\/schema\\\/logo\\\/image\\\/\"}},{\"@type\":\"Person\",\"@id\":\"https:\\\/\\\/infos-droitshumains.net\\\/#\\\/schema\\\/person\\\/3dc5e921c3302172e0ed4362f96faab7\",\"name\":\"Jo\u00ebl Diawa\",\"image\":{\"@type\":\"ImageObject\",\"inLanguage\":\"fr-FR\",\"@id\":\"https:\\\/\\\/secure.gravatar.com\\\/avatar\\\/729bea6ff4604c624417803c477363be8e3c7186deaa65713313f9b4b820f41c?s=96&d=mm&r=g\",\"url\":\"https:\\\/\\\/secure.gravatar.com\\\/avatar\\\/729bea6ff4604c624417803c477363be8e3c7186deaa65713313f9b4b820f41c?s=96&d=mm&r=g\",\"contentUrl\":\"https:\\\/\\\/secure.gravatar.com\\\/avatar\\\/729bea6ff4604c624417803c477363be8e3c7186deaa65713313f9b4b820f41c?s=96&d=mm&r=g\",\"caption\":\"Jo\u00ebl Diawa\"},\"sameAs\":[\"https:\\\/\\\/www.infos-droitshumains.net\"],\"url\":\"https:\\\/\\\/infos-droitshumains.net\\\/?author=2\"}]}<\/script>\n<!-- \/ Yoast SEO plugin. -->","yoast_head_json":{"title":"RDC\u00a0: La Cour constitutionnelle est le juge comp\u00e9tent pour le Premier-Ministre ancien comme nouveau. Le Professeur Luzolo Bambi r\u00e9alimente le d\u00e9bat juridique sur l\u2019affaire Matata Ponyo - Infos Droits Humains","robots":{"index":"index","follow":"follow","max-snippet":"max-snippet:-1","max-image-preview":"max-image-preview:large","max-video-preview":"max-video-preview:-1"},"canonical":"https:\/\/infos-droitshumains.net\/?p=7616","og_locale":"fr_FR","og_type":"article","og_title":"RDC\u00a0: La Cour constitutionnelle est le juge comp\u00e9tent pour le Premier-Ministre ancien comme nouveau. Le Professeur Luzolo Bambi r\u00e9alimente le d\u00e9bat juridique sur l\u2019affaire Matata Ponyo - Infos Droits Humains","og_description":"R\u00e9daction :+243817406088 Alors qu\u2019en 2021, la Cour Constitutionnelle pr\u00e9sid\u00e9e par Dieudonn\u00e9 Kaluba se d\u00e9clarait incomp\u00e9tente...","og_url":"https:\/\/infos-droitshumains.net\/?p=7616","og_site_name":"Infos Droits Humains","article_published_time":"2023-08-08T14:04:20+00:00","article_modified_time":"2023-08-08T14:14:37+00:00","og_image":[{"width":960,"height":683,"url":"https:\/\/infos-droitshumains.net\/wp-content\/uploads\/2023\/08\/InCollage_20230808_144944022.jpg","type":"image\/jpeg"}],"author":"Jo\u00ebl Diawa","twitter_card":"summary_large_image","twitter_misc":{"\u00c9crit par":"Jo\u00ebl Diawa","Dur\u00e9e de lecture estim\u00e9e":"3 minutes"},"schema":{"@context":"https:\/\/schema.org","@graph":[{"@type":"Article","@id":"https:\/\/infos-droitshumains.net\/?p=7616#article","isPartOf":{"@id":"https:\/\/infos-droitshumains.net\/?p=7616"},"author":{"name":"Jo\u00ebl Diawa","@id":"https:\/\/infos-droitshumains.net\/#\/schema\/person\/3dc5e921c3302172e0ed4362f96faab7"},"headline":"RDC\u00a0: La Cour constitutionnelle est le juge comp\u00e9tent pour le Premier-Ministre ancien comme nouveau. Le Professeur Luzolo Bambi r\u00e9alimente le d\u00e9bat juridique sur l\u2019affaire Matata Ponyo","datePublished":"2023-08-08T14:04:20+00:00","dateModified":"2023-08-08T14:14:37+00:00","mainEntityOfPage":{"@id":"https:\/\/infos-droitshumains.net\/?p=7616"},"wordCount":616,"commentCount":0,"publisher":{"@id":"https:\/\/infos-droitshumains.net\/#organization"},"image":{"@id":"https:\/\/infos-droitshumains.net\/?p=7616#primaryimage"},"thumbnailUrl":"https:\/\/i0.wp.com\/infos-droitshumains.net\/wp-content\/uploads\/2023\/08\/InCollage_20230808_144944022.jpg?fit=960%2C683&ssl=1","articleSection":["Justice"],"inLanguage":"fr-FR","potentialAction":[{"@type":"CommentAction","name":"Comment","target":["https:\/\/infos-droitshumains.net\/?p=7616#respond"]}]},{"@type":"WebPage","@id":"https:\/\/infos-droitshumains.net\/?p=7616","url":"https:\/\/infos-droitshumains.net\/?p=7616","name":"RDC\u00a0: La Cour constitutionnelle est le juge comp\u00e9tent pour le Premier-Ministre ancien comme nouveau. Le Professeur Luzolo Bambi r\u00e9alimente le d\u00e9bat juridique sur l\u2019affaire Matata Ponyo - Infos Droits Humains","isPartOf":{"@id":"https:\/\/infos-droitshumains.net\/#website"},"primaryImageOfPage":{"@id":"https:\/\/infos-droitshumains.net\/?p=7616#primaryimage"},"image":{"@id":"https:\/\/infos-droitshumains.net\/?p=7616#primaryimage"},"thumbnailUrl":"https:\/\/i0.wp.com\/infos-droitshumains.net\/wp-content\/uploads\/2023\/08\/InCollage_20230808_144944022.jpg?fit=960%2C683&ssl=1","datePublished":"2023-08-08T14:04:20+00:00","dateModified":"2023-08-08T14:14:37+00:00","breadcrumb":{"@id":"https:\/\/infos-droitshumains.net\/?p=7616#breadcrumb"},"inLanguage":"fr-FR","potentialAction":[{"@type":"ReadAction","target":["https:\/\/infos-droitshumains.net\/?p=7616"]}]},{"@type":"ImageObject","inLanguage":"fr-FR","@id":"https:\/\/infos-droitshumains.net\/?p=7616#primaryimage","url":"https:\/\/i0.wp.com\/infos-droitshumains.net\/wp-content\/uploads\/2023\/08\/InCollage_20230808_144944022.jpg?fit=960%2C683&ssl=1","contentUrl":"https:\/\/i0.wp.com\/infos-droitshumains.net\/wp-content\/uploads\/2023\/08\/InCollage_20230808_144944022.jpg?fit=960%2C683&ssl=1","width":960,"height":683},{"@type":"BreadcrumbList","@id":"https:\/\/infos-droitshumains.net\/?p=7616#breadcrumb","itemListElement":[{"@type":"ListItem","position":1,"name":"Accueil","item":"https:\/\/infos-droitshumains.net\/"},{"@type":"ListItem","position":2,"name":"RDC\u00a0: La Cour constitutionnelle est le juge comp\u00e9tent pour le Premier-Ministre ancien comme nouveau. Le Professeur Luzolo Bambi r\u00e9alimente le d\u00e9bat juridique sur l\u2019affaire Matata Ponyo"}]},{"@type":"WebSite","@id":"https:\/\/infos-droitshumains.net\/#website","url":"https:\/\/infos-droitshumains.net\/","name":"Infos Droits Humains","description":"S&#039;informer est un droit","publisher":{"@id":"https:\/\/infos-droitshumains.net\/#organization"},"potentialAction":[{"@type":"SearchAction","target":{"@type":"EntryPoint","urlTemplate":"https:\/\/infos-droitshumains.net\/?s={search_term_string}"},"query-input":{"@type":"PropertyValueSpecification","valueRequired":true,"valueName":"search_term_string"}}],"inLanguage":"fr-FR"},{"@type":"Organization","@id":"https:\/\/infos-droitshumains.net\/#organization","name":"Infos Droits Humains","url":"https:\/\/infos-droitshumains.net\/","logo":{"@type":"ImageObject","inLanguage":"fr-FR","@id":"https:\/\/infos-droitshumains.net\/#\/schema\/logo\/image\/","url":"https:\/\/i0.wp.com\/infos-droitshumains.net\/wp-content\/uploads\/2022\/05\/Logo.png?fit=333%2C129&ssl=1","contentUrl":"https:\/\/i0.wp.com\/infos-droitshumains.net\/wp-content\/uploads\/2022\/05\/Logo.png?fit=333%2C129&ssl=1","width":333,"height":129,"caption":"Infos Droits Humains"},"image":{"@id":"https:\/\/infos-droitshumains.net\/#\/schema\/logo\/image\/"}},{"@type":"Person","@id":"https:\/\/infos-droitshumains.net\/#\/schema\/person\/3dc5e921c3302172e0ed4362f96faab7","name":"Jo\u00ebl Diawa","image":{"@type":"ImageObject","inLanguage":"fr-FR","@id":"https:\/\/secure.gravatar.com\/avatar\/729bea6ff4604c624417803c477363be8e3c7186deaa65713313f9b4b820f41c?s=96&d=mm&r=g","url":"https:\/\/secure.gravatar.com\/avatar\/729bea6ff4604c624417803c477363be8e3c7186deaa65713313f9b4b820f41c?s=96&d=mm&r=g","contentUrl":"https:\/\/secure.gravatar.com\/avatar\/729bea6ff4604c624417803c477363be8e3c7186deaa65713313f9b4b820f41c?s=96&d=mm&r=g","caption":"Jo\u00ebl Diawa"},"sameAs":["https:\/\/www.infos-droitshumains.net"],"url":"https:\/\/infos-droitshumains.net\/?author=2"}]}},"featured_image_urls":{"full":["https:\/\/i0.wp.com\/infos-droitshumains.net\/wp-content\/uploads\/2023\/08\/InCollage_20230808_144944022.jpg?fit=960%2C683&ssl=1",960,683,false],"thumbnail":["https:\/\/i0.wp.com\/infos-droitshumains.net\/wp-content\/uploads\/2023\/08\/InCollage_20230808_144944022.jpg?resize=150%2C150&ssl=1",150,150,true],"medium":["https:\/\/i0.wp.com\/infos-droitshumains.net\/wp-content\/uploads\/2023\/08\/InCollage_20230808_144944022.jpg?fit=300%2C213&ssl=1",300,213,true],"medium_large":["https:\/\/i0.wp.com\/infos-droitshumains.net\/wp-content\/uploads\/2023\/08\/InCollage_20230808_144944022.jpg?fit=640%2C455&ssl=1",640,455,true],"large":["https:\/\/i0.wp.com\/infos-droitshumains.net\/wp-content\/uploads\/2023\/08\/InCollage_20230808_144944022.jpg?fit=640%2C455&ssl=1",640,455,true],"1536x1536":["https:\/\/i0.wp.com\/infos-droitshumains.net\/wp-content\/uploads\/2023\/08\/InCollage_20230808_144944022.jpg?fit=960%2C683&ssl=1",960,683,true],"2048x2048":["https:\/\/i0.wp.com\/infos-droitshumains.net\/wp-content\/uploads\/2023\/08\/InCollage_20230808_144944022.jpg?fit=960%2C683&ssl=1",960,683,true],"covernews-slider-full":["https:\/\/i0.wp.com\/infos-droitshumains.net\/wp-content\/uploads\/2023\/08\/InCollage_20230808_144944022.jpg?resize=960%2C683&ssl=1",960,683,true],"covernews-slider-center":["https:\/\/i0.wp.com\/infos-droitshumains.net\/wp-content\/uploads\/2023\/08\/InCollage_20230808_144944022.jpg?resize=800%2C500&ssl=1",800,500,true],"covernews-featured":["https:\/\/i0.wp.com\/infos-droitshumains.net\/wp-content\/uploads\/2023\/08\/InCollage_20230808_144944022.jpg?fit=960%2C683&ssl=1",960,683,true],"covernews-medium":["https:\/\/i0.wp.com\/infos-droitshumains.net\/wp-content\/uploads\/2023\/08\/InCollage_20230808_144944022.jpg?resize=540%2C340&ssl=1",540,340,true],"covernews-medium-square":["https:\/\/i0.wp.com\/infos-droitshumains.net\/wp-content\/uploads\/2023\/08\/InCollage_20230808_144944022.jpg?resize=400%2C250&ssl=1",400,250,true]},"author_info":{"display_name":"Jo\u00ebl Diawa","author_link":"https:\/\/infos-droitshumains.net\/?author=2"},"category_info":"<a href=\"https:\/\/infos-droitshumains.net\/?cat=6\" rel=\"category\">Justice<\/a>","tag_info":"Justice","comment_count":"0","jetpack_featured_media_url":"https:\/\/i0.wp.com\/infos-droitshumains.net\/wp-content\/uploads\/2023\/08\/InCollage_20230808_144944022.jpg?fit=960%2C683&ssl=1","jetpack-related-posts":[],"jetpack_sharing_enabled":true,"_links":{"self":[{"href":"https:\/\/infos-droitshumains.net\/index.php?rest_route=\/wp\/v2\/posts\/7616","targetHints":{"allow":["GET"]}}],"collection":[{"href":"https:\/\/infos-droitshumains.net\/index.php?rest_route=\/wp\/v2\/posts"}],"about":[{"href":"https:\/\/infos-droitshumains.net\/index.php?rest_route=\/wp\/v2\/types\/post"}],"author":[{"embeddable":true,"href":"https:\/\/infos-droitshumains.net\/index.php?rest_route=\/wp\/v2\/users\/2"}],"replies":[{"embeddable":true,"href":"https:\/\/infos-droitshumains.net\/index.php?rest_route=%2Fwp%2Fv2%2Fcomments&post=7616"}],"version-history":[{"count":3,"href":"https:\/\/infos-droitshumains.net\/index.php?rest_route=\/wp\/v2\/posts\/7616\/revisions"}],"predecessor-version":[{"id":7622,"href":"https:\/\/infos-droitshumains.net\/index.php?rest_route=\/wp\/v2\/posts\/7616\/revisions\/7622"}],"wp:featuredmedia":[{"embeddable":true,"href":"https:\/\/infos-droitshumains.net\/index.php?rest_route=\/wp\/v2\/media\/7621"}],"wp:attachment":[{"href":"https:\/\/infos-droitshumains.net\/index.php?rest_route=%2Fwp%2Fv2%2Fmedia&parent=7616"}],"wp:term":[{"taxonomy":"category","embeddable":true,"href":"https:\/\/infos-droitshumains.net\/index.php?rest_route=%2Fwp%2Fv2%2Fcategories&post=7616"},{"taxonomy":"post_tag","embeddable":true,"href":"https:\/\/infos-droitshumains.net\/index.php?rest_route=%2Fwp%2Fv2%2Ftags&post=7616"}],"curies":[{"name":"wp","href":"https:\/\/api.w.org\/{rel}","templated":true}]}}