{"id":7606,"date":"2023-07-30T19:00:28","date_gmt":"2023-07-30T17:00:28","guid":{"rendered":"https:\/\/infos-droitshumains.net\/?p=7606"},"modified":"2023-07-30T19:00:32","modified_gmt":"2023-07-30T17:00:32","slug":"journee-mondiale-de-lutte-contre-la-traite-des-personnes-en-rdc-malgre-les-avancees-enregistrees-dans-la-lutte-les-autorites-sont-appelees-a-mettre-en-exergue-les-efforts-qui-restent-a-faire","status":"publish","type":"post","link":"https:\/\/infos-droitshumains.net\/?p=7606","title":{"rendered":"Journ\u00e9e mondiale de lutte contre la traite des personnes\u00a0: En RDC, malgr\u00e9 les avanc\u00e9es enregistr\u00e9es dans la lutte, les autorit\u00e9s sont appel\u00e9es \u00e0 mettre en exergue les efforts qui restent \u00e0 faire"},"content":{"rendered":"\n<p><strong>R\u00e9daction :+243817406088<\/strong><\/p>\n\n\n\n<h4 class=\"wp-block-heading has-vivid-red-color has-text-color\">L\u2019humanit\u00e9 comm\u00e9more ce 30 juillet, la journ\u00e9e mondiale de lutte contre la traite des personnes. Cette ann\u00e9e, la communaut\u00e9 internationale s\u2019est rang\u00e9e derri\u00e8re un th\u00e8me et un message clair&nbsp;: <em>\u00ab&nbsp;Chaque victime de la traite des \u00eatres humains compte, ne laissez personne de c\u00f4t\u00e9&nbsp;\u00bb.<\/em> En R\u00e9publique D\u00e9mocratique du Congo, cette journ\u00e9e a \u00e9t\u00e9 c\u00e9l\u00e9br\u00e9e le samedi 29 sous l\u2019\u00e9gide de la Coordination en Charge de la Jeunesse Lutte contre les Violences faites \u00e0 la Femme et Traite des Personnes, service sp\u00e9cialis\u00e9 du cabinet du Chef de l\u2019\u00e9tat et l\u2019Organisation Internationale pour les Migrations.<\/h4>\n\n\n\n<p>Au cours de cette journ\u00e9e, les acteurs de premi\u00e8re ligne ont \u00e9chang\u00e9 entre eux autour des efforts fournis, des avanc\u00e9s observ\u00e9s et des d\u00e9fis \u00e0 relever dans la lutte contre la traite des personnes en RDC au cours des 12 derniers mois.<\/p>\n\n\n\n<p>Les USA qui financent la lutte contre la traite des personnes en RDC \u00e0 travers l\u2019USAID fait de ce combat l\u2019une de ses <em>\u00ab&nbsp;principales priorit\u00e9s \u00e0 l\u2019\u00e9chelle mondiale&nbsp;\u00bb<\/em>. Lucy Tamlyn, ambassadeur des USA en RDC a au cours de cette c\u00e9l\u00e9bration, f\u00e9licit\u00e9 les avanc\u00e9s consid\u00e9rables des autorit\u00e9s congolaises.<\/p>\n\n\n\n<p><em>\u00ab&nbsp;Les d\u00e9fis li\u00e9s \u00e0 la traite d\u2019\u00eatres humains en RDC sont consid\u00e9rables. Pas plus tard qu\u2019en 2019, la RDC \u00e9tait class\u00e9e au niveau 3&nbsp; par le d\u00e9partement d\u2019Etat am\u00e9ricain. Ce classement indiquait une marge d\u2019am\u00e9lioration importante dans la lutte contre la traite \u00e0 l\u2019\u00e9poque et limitait l\u00e9galement notre capacit\u00e9 \u00e0 fournir une aide au d\u00e9veloppement. Toutefois, il y a eu une dynamique progressive depuis 2019. Les efforts d\u00e9ploy\u00e9s par l\u2019administration de son Excellence F\u00e9lix Tshisekedi au cours des quatre derni\u00e8res ann\u00e9es pour lutter contre la traite des personnes ont port\u00e9 les r\u00e9sultats probants. Le 15 juin, le d\u00e9partement am\u00e9ricain a publi\u00e9 son rapport annuel qui met en lumi\u00e8re les progr\u00e8s et les \u00e9checs dans cette lutte \u00e0 travers le monde. Le rapport de cette ann\u00e9e, reconnait les efforts du gouvernement de la RDC dans la lutte contre la traite des personnes en 2022 et fait passer le pays au niveau 2&nbsp;\u00bb<\/em>, a annonc\u00e9 le diplomate pour qui, le gouvernement de la RDC doit consacrer <em>\u00ab&nbsp;d\u2019avantage des ressources \u00e0 la poursuite des auteurs de la traite, \u00e0 la protection des victimes et la pr\u00e9vention de la traite afin de satisfaire aux normes minimales de l\u2019\u00e9radication de la traite&nbsp;\u00bb<\/em> afin d\u2019\u00e9viter une r\u00e9trogradation au statut du niveau 3.<\/p>\n\n\n\n<p>Cette am\u00e9lioration est rendu possible gr\u00e2ce au \u00a0Pr\u00e9sident de la R\u00e9publique qui fait du <em>\u00ab\u00a0respect des Droits de l\u2019Homme son cheval de bataille\u00a0\u00bb<\/em> reconnait Albert-Fabrice Puela, mais aussi, gr\u00e2ce \u00e0 la promulgation de la loi criminalisant la traite des personnes promulgu\u00e9e en d\u00e9cembre dernier. Pour le ministre des Droits Humains qui avait port\u00e9 et d\u00e9fendu le projet de cette loi \u00e0 l\u2019Assembl\u00e9e Nationale, la RDC \u00a0ne doit pas se <em>\u00ab\u00a0complaire de ce statut de deuxi\u00e8me tiers\u00a0\u00bb<\/em>, mais plut\u00f4t \u00e0 continuer <em>\u00ab\u00a0sans rel\u00e2che\u00a0\u00bb<\/em> \u00e0 fournir des efforts.<\/p>\n\n\n\n<figure class=\"wp-block-image alignfull size-large\"><img data-recalc-dims=\"1\" fetchpriority=\"high\" decoding=\"async\" width=\"640\" height=\"427\" src=\"https:\/\/i0.wp.com\/infos-droitshumains.net\/wp-content\/uploads\/2023\/07\/IMG-20230730-WA0003.jpg?resize=640%2C427&#038;ssl=1\" alt=\"\" class=\"wp-image-7608\" srcset=\"https:\/\/i0.wp.com\/infos-droitshumains.net\/wp-content\/uploads\/2023\/07\/IMG-20230730-WA0003.jpg?resize=1024%2C683&amp;ssl=1 1024w, https:\/\/i0.wp.com\/infos-droitshumains.net\/wp-content\/uploads\/2023\/07\/IMG-20230730-WA0003.jpg?resize=300%2C200&amp;ssl=1 300w, https:\/\/i0.wp.com\/infos-droitshumains.net\/wp-content\/uploads\/2023\/07\/IMG-20230730-WA0003.jpg?resize=768%2C512&amp;ssl=1 768w, https:\/\/i0.wp.com\/infos-droitshumains.net\/wp-content\/uploads\/2023\/07\/IMG-20230730-WA0003.jpg?w=1080&amp;ssl=1 1080w\" sizes=\"(max-width: 640px) 100vw, 640px\" \/><\/figure>\n\n\n\n<p>Selon les statistiques de l\u2019Organisation Mondiale pour les Migrations, la plus part, les victimes de fl\u00e9au sont les groupes les plus vuln\u00e9rables, notamment les femmes et les filles, qui repr\u00e9sentent les deux-tiers &nbsp;des victimes d\u00e9tect\u00e9es et signal\u00e9es par 148 pays mais qui s\u2019ignorent. La c\u00e9l\u00e9bration de cette journ\u00e9e est aussi une occasion pour La coordonnatrice la Coordination en Charge de la Jeunesse Lutte contre les Violences faites \u00e0 la Femme et Traite des Personnes \u00e0 appeler \u00e0 la sensibiliser la population le plus largement possible.<\/p>\n\n\n\n<p><em>\u00ab\u00a0Le pr\u00e9sident de la R\u00e9publique qui a plac\u00e9 le capital humain au centre de toute action durant son mandat. Pas plus tard qu\u2019il y a un mois, et m\u00eame actuellement, la ville capitale Kinshasa et quelques autres villes du pays vivent dans l\u2019\u00e9moi et dans la psychose \u00e0 cause des ph\u00e9nom\u00e8nes d\u2019enl\u00e8vement et de kidnapping. Les destinations des victimes n\u2019\u00e9taient pas connues, ni l\u2019usage de leurs corps encore moins de leurs biens apr\u00e8s l\u2019enl\u00e8vement. La comm\u00e9moration d\u2019aujourd\u2019hui est un appel \u00e0 la mobilisation communautaire afin de sensibiliser le plus grand nombre des personnes possibles pour que chacun de nous comprenne les m\u00e9faits de la traite des personnes et ses cons\u00e9quences humaines sociales et \u00e9conomiques d\u00e9sastreuse au sein de notre communaut\u00e9. En R\u00e9publique D\u00e9mocratique du Congo, la population n\u2019ayant pas l\u2019information sur cette mati\u00e8re, a tendance \u00e0 banaliser les faits qui, pourtant, d\u00e9ciment des milliers des milliers des compatriotes<\/em>\u00a0\u00bb, a dit Chantal Yelu Mulop qui a ax\u00e9 son action sur la jeunesse.<\/p>\n\n\n\n<figure class=\"wp-block-image alignfull size-large\"><img data-recalc-dims=\"1\" decoding=\"async\" width=\"640\" height=\"427\" src=\"https:\/\/i0.wp.com\/infos-droitshumains.net\/wp-content\/uploads\/2023\/07\/IMG-20230730-WA0002.jpg?resize=640%2C427&#038;ssl=1\" alt=\"\" class=\"wp-image-7609\" srcset=\"https:\/\/i0.wp.com\/infos-droitshumains.net\/wp-content\/uploads\/2023\/07\/IMG-20230730-WA0002.jpg?resize=1024%2C683&amp;ssl=1 1024w, https:\/\/i0.wp.com\/infos-droitshumains.net\/wp-content\/uploads\/2023\/07\/IMG-20230730-WA0002.jpg?resize=300%2C200&amp;ssl=1 300w, https:\/\/i0.wp.com\/infos-droitshumains.net\/wp-content\/uploads\/2023\/07\/IMG-20230730-WA0002.jpg?resize=768%2C512&amp;ssl=1 768w, https:\/\/i0.wp.com\/infos-droitshumains.net\/wp-content\/uploads\/2023\/07\/IMG-20230730-WA0002.jpg?w=1080&amp;ssl=1 1080w\" sizes=\"(max-width: 640px) 100vw, 640px\" \/><\/figure>\n\n\n\n<p><em>\u00ab&nbsp;Voil\u00e0 pourquoi dans le cadre&nbsp; de mon mandat, j\u2019ai pris la jeunesse comme levier dans la lutte contre la traite des personnes d\u2019autant plus &nbsp;que les statistiques montrent que les jeunes sont de plus en plus impliqu\u00e9s dans les questions de traite des personnes \u00e0 cause de plusieurs r\u00e9alit\u00e9s entre autre, le ch\u00f4mage, la pauvret\u00e9, etc\u2026 D\u2019o\u00f9 l\u2019obligation de les responsabiliser d\u2019avantage afin qu\u2019ils soient des acteurs mod\u00e8les sur qui l\u2019humanit\u00e9 pourra compter&nbsp;\u00bb<\/em> a-t-elle poursuivi.<\/p>\n\n\n\n<p>L\u2019OIM qui a accompagn\u00e9 la coordination dans ses efforts notamment de la vulgarisation de la loi sur la traite des personnes, la prise en charge des victimes ainsi que les activit\u00e9s de sensibilisation sur la traite dit rester <em>\u00ab&nbsp;d\u00e9termin\u00e9e \u00e0 mettre fin \u00e0 la traite des personnes et garder les victimes et les survivants au centre de ses missions et pr\u00e9occupations&nbsp;\u00bb<\/em>. De ce fait, le directeur ai de cette organisme en RDC en a appel\u00e9 \u00e0 une <em>\u00ab&nbsp;action commune et \u00e0 des partenariats plus solde pour ne laisser personne de c\u00f4t\u00e9&nbsp;\u00bb<\/em>.<\/p>\n\n\n\n<p>Selon les derni\u00e8res estimations de l\u2019Organisation Mondiale pour les Migrations, Cinquante millions des personnes ont \u00e9t\u00e9 recens\u00e9es comme victimes de la Traite des personnes en 2021. Parmi ces personnes, 28 millions \u00e9taient soumises au travail forc\u00e9 et 22 millions \u00e9taient pi\u00e9g\u00e9es dans un mariage forc\u00e9.<\/p>\n\n\n\n<p>Jo\u00ebl Diawa<\/p>\n","protected":false},"excerpt":{"rendered":"<p>R\u00e9daction :+243817406088 L\u2019humanit\u00e9 comm\u00e9more ce 30 juillet, la journ\u00e9e mondiale de lutte contre la traite&#8230;<\/p>\n","protected":false},"author":2,"featured_media":7607,"comment_status":"open","ping_status":"open","sticky":false,"template":"","format":"standard","meta":{"_jetpack_memberships_contains_paid_content":false,"footnotes":""},"categories":[7],"tags":[],"class_list":["post-7606","post","type-post","status-publish","format-standard","has-post-thumbnail","hentry","category-droits-humains"],"yoast_head":"<!-- This site is optimized with the Yoast SEO plugin v27.5 - https:\/\/yoast.com\/product\/yoast-seo-wordpress\/ -->\n<title>Journ\u00e9e mondiale de lutte contre la traite des personnes\u00a0: En RDC, malgr\u00e9 les avanc\u00e9es enregistr\u00e9es dans la lutte, les autorit\u00e9s sont appel\u00e9es \u00e0 mettre en exergue les efforts qui restent \u00e0 faire - Infos Droits Humains<\/title>\n<meta name=\"robots\" content=\"index, follow, max-snippet:-1, max-image-preview:large, max-video-preview:-1\" \/>\n<link rel=\"canonical\" href=\"https:\/\/infos-droitshumains.net\/?p=7606\" \/>\n<meta property=\"og:locale\" content=\"fr_FR\" \/>\n<meta property=\"og:type\" content=\"article\" \/>\n<meta property=\"og:title\" content=\"Journ\u00e9e mondiale de lutte contre la traite des personnes\u00a0: En RDC, malgr\u00e9 les avanc\u00e9es enregistr\u00e9es dans la lutte, les autorit\u00e9s sont appel\u00e9es \u00e0 mettre en exergue les efforts qui restent \u00e0 faire - Infos Droits Humains\" \/>\n<meta property=\"og:description\" content=\"R\u00e9daction :+243817406088 L\u2019humanit\u00e9 comm\u00e9more ce 30 juillet, la journ\u00e9e mondiale de lutte contre la traite...\" \/>\n<meta property=\"og:url\" content=\"https:\/\/infos-droitshumains.net\/?p=7606\" \/>\n<meta property=\"og:site_name\" content=\"Infos Droits Humains\" \/>\n<meta property=\"article:published_time\" content=\"2023-07-30T17:00:28+00:00\" \/>\n<meta property=\"article:modified_time\" content=\"2023-07-30T17:00:32+00:00\" \/>\n<meta property=\"og:image\" content=\"https:\/\/infos-droitshumains.net\/wp-content\/uploads\/2023\/07\/IMG-20230730-WA0004.jpg\" \/>\n\t<meta property=\"og:image:width\" content=\"1080\" \/>\n\t<meta property=\"og:image:height\" content=\"664\" \/>\n\t<meta property=\"og:image:type\" content=\"image\/jpeg\" \/>\n<meta name=\"author\" content=\"Jo\u00ebl Diawa\" \/>\n<meta name=\"twitter:card\" content=\"summary_large_image\" \/>\n<meta name=\"twitter:label1\" content=\"\u00c9crit par\" \/>\n\t<meta name=\"twitter:data1\" content=\"Jo\u00ebl Diawa\" \/>\n\t<meta name=\"twitter:label2\" content=\"Dur\u00e9e de lecture estim\u00e9e\" \/>\n\t<meta name=\"twitter:data2\" content=\"6 minutes\" \/>\n<script type=\"application\/ld+json\" class=\"yoast-schema-graph\">{\"@context\":\"https:\\\/\\\/schema.org\",\"@graph\":[{\"@type\":\"Article\",\"@id\":\"https:\\\/\\\/infos-droitshumains.net\\\/?p=7606#article\",\"isPartOf\":{\"@id\":\"https:\\\/\\\/infos-droitshumains.net\\\/?p=7606\"},\"author\":{\"name\":\"Jo\u00ebl Diawa\",\"@id\":\"https:\\\/\\\/infos-droitshumains.net\\\/#\\\/schema\\\/person\\\/3dc5e921c3302172e0ed4362f96faab7\"},\"headline\":\"Journ\u00e9e mondiale de lutte contre la traite des personnes\u00a0: En RDC, malgr\u00e9 les avanc\u00e9es enregistr\u00e9es dans la lutte, les autorit\u00e9s sont appel\u00e9es \u00e0 mettre en exergue les efforts qui restent \u00e0 faire\",\"datePublished\":\"2023-07-30T17:00:28+00:00\",\"dateModified\":\"2023-07-30T17:00:32+00:00\",\"mainEntityOfPage\":{\"@id\":\"https:\\\/\\\/infos-droitshumains.net\\\/?p=7606\"},\"wordCount\":1090,\"commentCount\":0,\"publisher\":{\"@id\":\"https:\\\/\\\/infos-droitshumains.net\\\/#organization\"},\"image\":{\"@id\":\"https:\\\/\\\/infos-droitshumains.net\\\/?p=7606#primaryimage\"},\"thumbnailUrl\":\"https:\\\/\\\/i0.wp.com\\\/infos-droitshumains.net\\\/wp-content\\\/uploads\\\/2023\\\/07\\\/IMG-20230730-WA0004.jpg?fit=1080%2C664&ssl=1\",\"articleSection\":[\"Droits Humains\"],\"inLanguage\":\"fr-FR\",\"potentialAction\":[{\"@type\":\"CommentAction\",\"name\":\"Comment\",\"target\":[\"https:\\\/\\\/infos-droitshumains.net\\\/?p=7606#respond\"]}]},{\"@type\":\"WebPage\",\"@id\":\"https:\\\/\\\/infos-droitshumains.net\\\/?p=7606\",\"url\":\"https:\\\/\\\/infos-droitshumains.net\\\/?p=7606\",\"name\":\"Journ\u00e9e mondiale de lutte contre la traite des personnes\u00a0: En RDC, malgr\u00e9 les avanc\u00e9es enregistr\u00e9es dans la lutte, les autorit\u00e9s sont appel\u00e9es \u00e0 mettre en exergue les efforts qui restent \u00e0 faire - Infos Droits Humains\",\"isPartOf\":{\"@id\":\"https:\\\/\\\/infos-droitshumains.net\\\/#website\"},\"primaryImageOfPage\":{\"@id\":\"https:\\\/\\\/infos-droitshumains.net\\\/?p=7606#primaryimage\"},\"image\":{\"@id\":\"https:\\\/\\\/infos-droitshumains.net\\\/?p=7606#primaryimage\"},\"thumbnailUrl\":\"https:\\\/\\\/i0.wp.com\\\/infos-droitshumains.net\\\/wp-content\\\/uploads\\\/2023\\\/07\\\/IMG-20230730-WA0004.jpg?fit=1080%2C664&ssl=1\",\"datePublished\":\"2023-07-30T17:00:28+00:00\",\"dateModified\":\"2023-07-30T17:00:32+00:00\",\"breadcrumb\":{\"@id\":\"https:\\\/\\\/infos-droitshumains.net\\\/?p=7606#breadcrumb\"},\"inLanguage\":\"fr-FR\",\"potentialAction\":[{\"@type\":\"ReadAction\",\"target\":[\"https:\\\/\\\/infos-droitshumains.net\\\/?p=7606\"]}]},{\"@type\":\"ImageObject\",\"inLanguage\":\"fr-FR\",\"@id\":\"https:\\\/\\\/infos-droitshumains.net\\\/?p=7606#primaryimage\",\"url\":\"https:\\\/\\\/i0.wp.com\\\/infos-droitshumains.net\\\/wp-content\\\/uploads\\\/2023\\\/07\\\/IMG-20230730-WA0004.jpg?fit=1080%2C664&ssl=1\",\"contentUrl\":\"https:\\\/\\\/i0.wp.com\\\/infos-droitshumains.net\\\/wp-content\\\/uploads\\\/2023\\\/07\\\/IMG-20230730-WA0004.jpg?fit=1080%2C664&ssl=1\",\"width\":1080,\"height\":664},{\"@type\":\"BreadcrumbList\",\"@id\":\"https:\\\/\\\/infos-droitshumains.net\\\/?p=7606#breadcrumb\",\"itemListElement\":[{\"@type\":\"ListItem\",\"position\":1,\"name\":\"Accueil\",\"item\":\"https:\\\/\\\/infos-droitshumains.net\\\/\"},{\"@type\":\"ListItem\",\"position\":2,\"name\":\"Journ\u00e9e mondiale de lutte contre la traite des personnes\u00a0: En RDC, malgr\u00e9 les avanc\u00e9es enregistr\u00e9es dans la lutte, les autorit\u00e9s sont appel\u00e9es \u00e0 mettre en exergue les efforts qui restent \u00e0 faire\"}]},{\"@type\":\"WebSite\",\"@id\":\"https:\\\/\\\/infos-droitshumains.net\\\/#website\",\"url\":\"https:\\\/\\\/infos-droitshumains.net\\\/\",\"name\":\"Infos Droits Humains\",\"description\":\"S&#039;informer est un droit\",\"publisher\":{\"@id\":\"https:\\\/\\\/infos-droitshumains.net\\\/#organization\"},\"potentialAction\":[{\"@type\":\"SearchAction\",\"target\":{\"@type\":\"EntryPoint\",\"urlTemplate\":\"https:\\\/\\\/infos-droitshumains.net\\\/?s={search_term_string}\"},\"query-input\":{\"@type\":\"PropertyValueSpecification\",\"valueRequired\":true,\"valueName\":\"search_term_string\"}}],\"inLanguage\":\"fr-FR\"},{\"@type\":\"Organization\",\"@id\":\"https:\\\/\\\/infos-droitshumains.net\\\/#organization\",\"name\":\"Infos Droits Humains\",\"url\":\"https:\\\/\\\/infos-droitshumains.net\\\/\",\"logo\":{\"@type\":\"ImageObject\",\"inLanguage\":\"fr-FR\",\"@id\":\"https:\\\/\\\/infos-droitshumains.net\\\/#\\\/schema\\\/logo\\\/image\\\/\",\"url\":\"https:\\\/\\\/i0.wp.com\\\/infos-droitshumains.net\\\/wp-content\\\/uploads\\\/2022\\\/05\\\/Logo.png?fit=333%2C129&ssl=1\",\"contentUrl\":\"https:\\\/\\\/i0.wp.com\\\/infos-droitshumains.net\\\/wp-content\\\/uploads\\\/2022\\\/05\\\/Logo.png?fit=333%2C129&ssl=1\",\"width\":333,\"height\":129,\"caption\":\"Infos Droits Humains\"},\"image\":{\"@id\":\"https:\\\/\\\/infos-droitshumains.net\\\/#\\\/schema\\\/logo\\\/image\\\/\"}},{\"@type\":\"Person\",\"@id\":\"https:\\\/\\\/infos-droitshumains.net\\\/#\\\/schema\\\/person\\\/3dc5e921c3302172e0ed4362f96faab7\",\"name\":\"Jo\u00ebl Diawa\",\"image\":{\"@type\":\"ImageObject\",\"inLanguage\":\"fr-FR\",\"@id\":\"https:\\\/\\\/secure.gravatar.com\\\/avatar\\\/729bea6ff4604c624417803c477363be8e3c7186deaa65713313f9b4b820f41c?s=96&d=mm&r=g\",\"url\":\"https:\\\/\\\/secure.gravatar.com\\\/avatar\\\/729bea6ff4604c624417803c477363be8e3c7186deaa65713313f9b4b820f41c?s=96&d=mm&r=g\",\"contentUrl\":\"https:\\\/\\\/secure.gravatar.com\\\/avatar\\\/729bea6ff4604c624417803c477363be8e3c7186deaa65713313f9b4b820f41c?s=96&d=mm&r=g\",\"caption\":\"Jo\u00ebl Diawa\"},\"sameAs\":[\"https:\\\/\\\/www.infos-droitshumains.net\"],\"url\":\"https:\\\/\\\/infos-droitshumains.net\\\/?author=2\"}]}<\/script>\n<!-- \/ Yoast SEO plugin. -->","yoast_head_json":{"title":"Journ\u00e9e mondiale de lutte contre la traite des personnes\u00a0: En RDC, malgr\u00e9 les avanc\u00e9es enregistr\u00e9es dans la lutte, les autorit\u00e9s sont appel\u00e9es \u00e0 mettre en exergue les efforts qui restent \u00e0 faire - Infos Droits Humains","robots":{"index":"index","follow":"follow","max-snippet":"max-snippet:-1","max-image-preview":"max-image-preview:large","max-video-preview":"max-video-preview:-1"},"canonical":"https:\/\/infos-droitshumains.net\/?p=7606","og_locale":"fr_FR","og_type":"article","og_title":"Journ\u00e9e mondiale de lutte contre la traite des personnes\u00a0: En RDC, malgr\u00e9 les avanc\u00e9es enregistr\u00e9es dans la lutte, les autorit\u00e9s sont appel\u00e9es \u00e0 mettre en exergue les efforts qui restent \u00e0 faire - Infos Droits Humains","og_description":"R\u00e9daction :+243817406088 L\u2019humanit\u00e9 comm\u00e9more ce 30 juillet, la journ\u00e9e mondiale de lutte contre la traite...","og_url":"https:\/\/infos-droitshumains.net\/?p=7606","og_site_name":"Infos Droits Humains","article_published_time":"2023-07-30T17:00:28+00:00","article_modified_time":"2023-07-30T17:00:32+00:00","og_image":[{"width":1080,"height":664,"url":"https:\/\/infos-droitshumains.net\/wp-content\/uploads\/2023\/07\/IMG-20230730-WA0004.jpg","type":"image\/jpeg"}],"author":"Jo\u00ebl Diawa","twitter_card":"summary_large_image","twitter_misc":{"\u00c9crit par":"Jo\u00ebl Diawa","Dur\u00e9e de lecture estim\u00e9e":"6 minutes"},"schema":{"@context":"https:\/\/schema.org","@graph":[{"@type":"Article","@id":"https:\/\/infos-droitshumains.net\/?p=7606#article","isPartOf":{"@id":"https:\/\/infos-droitshumains.net\/?p=7606"},"author":{"name":"Jo\u00ebl Diawa","@id":"https:\/\/infos-droitshumains.net\/#\/schema\/person\/3dc5e921c3302172e0ed4362f96faab7"},"headline":"Journ\u00e9e mondiale de lutte contre la traite des personnes\u00a0: En RDC, malgr\u00e9 les avanc\u00e9es enregistr\u00e9es dans la lutte, les autorit\u00e9s sont appel\u00e9es \u00e0 mettre en exergue les efforts qui restent \u00e0 faire","datePublished":"2023-07-30T17:00:28+00:00","dateModified":"2023-07-30T17:00:32+00:00","mainEntityOfPage":{"@id":"https:\/\/infos-droitshumains.net\/?p=7606"},"wordCount":1090,"commentCount":0,"publisher":{"@id":"https:\/\/infos-droitshumains.net\/#organization"},"image":{"@id":"https:\/\/infos-droitshumains.net\/?p=7606#primaryimage"},"thumbnailUrl":"https:\/\/i0.wp.com\/infos-droitshumains.net\/wp-content\/uploads\/2023\/07\/IMG-20230730-WA0004.jpg?fit=1080%2C664&ssl=1","articleSection":["Droits Humains"],"inLanguage":"fr-FR","potentialAction":[{"@type":"CommentAction","name":"Comment","target":["https:\/\/infos-droitshumains.net\/?p=7606#respond"]}]},{"@type":"WebPage","@id":"https:\/\/infos-droitshumains.net\/?p=7606","url":"https:\/\/infos-droitshumains.net\/?p=7606","name":"Journ\u00e9e mondiale de lutte contre la traite des personnes\u00a0: En RDC, malgr\u00e9 les avanc\u00e9es enregistr\u00e9es dans la lutte, les autorit\u00e9s sont appel\u00e9es \u00e0 mettre en exergue les efforts qui restent \u00e0 faire - Infos Droits Humains","isPartOf":{"@id":"https:\/\/infos-droitshumains.net\/#website"},"primaryImageOfPage":{"@id":"https:\/\/infos-droitshumains.net\/?p=7606#primaryimage"},"image":{"@id":"https:\/\/infos-droitshumains.net\/?p=7606#primaryimage"},"thumbnailUrl":"https:\/\/i0.wp.com\/infos-droitshumains.net\/wp-content\/uploads\/2023\/07\/IMG-20230730-WA0004.jpg?fit=1080%2C664&ssl=1","datePublished":"2023-07-30T17:00:28+00:00","dateModified":"2023-07-30T17:00:32+00:00","breadcrumb":{"@id":"https:\/\/infos-droitshumains.net\/?p=7606#breadcrumb"},"inLanguage":"fr-FR","potentialAction":[{"@type":"ReadAction","target":["https:\/\/infos-droitshumains.net\/?p=7606"]}]},{"@type":"ImageObject","inLanguage":"fr-FR","@id":"https:\/\/infos-droitshumains.net\/?p=7606#primaryimage","url":"https:\/\/i0.wp.com\/infos-droitshumains.net\/wp-content\/uploads\/2023\/07\/IMG-20230730-WA0004.jpg?fit=1080%2C664&ssl=1","contentUrl":"https:\/\/i0.wp.com\/infos-droitshumains.net\/wp-content\/uploads\/2023\/07\/IMG-20230730-WA0004.jpg?fit=1080%2C664&ssl=1","width":1080,"height":664},{"@type":"BreadcrumbList","@id":"https:\/\/infos-droitshumains.net\/?p=7606#breadcrumb","itemListElement":[{"@type":"ListItem","position":1,"name":"Accueil","item":"https:\/\/infos-droitshumains.net\/"},{"@type":"ListItem","position":2,"name":"Journ\u00e9e mondiale de lutte contre la traite des personnes\u00a0: En RDC, malgr\u00e9 les avanc\u00e9es enregistr\u00e9es dans la lutte, les autorit\u00e9s sont appel\u00e9es \u00e0 mettre en exergue les efforts qui restent \u00e0 faire"}]},{"@type":"WebSite","@id":"https:\/\/infos-droitshumains.net\/#website","url":"https:\/\/infos-droitshumains.net\/","name":"Infos Droits Humains","description":"S&#039;informer est un droit","publisher":{"@id":"https:\/\/infos-droitshumains.net\/#organization"},"potentialAction":[{"@type":"SearchAction","target":{"@type":"EntryPoint","urlTemplate":"https:\/\/infos-droitshumains.net\/?s={search_term_string}"},"query-input":{"@type":"PropertyValueSpecification","valueRequired":true,"valueName":"search_term_string"}}],"inLanguage":"fr-FR"},{"@type":"Organization","@id":"https:\/\/infos-droitshumains.net\/#organization","name":"Infos Droits Humains","url":"https:\/\/infos-droitshumains.net\/","logo":{"@type":"ImageObject","inLanguage":"fr-FR","@id":"https:\/\/infos-droitshumains.net\/#\/schema\/logo\/image\/","url":"https:\/\/i0.wp.com\/infos-droitshumains.net\/wp-content\/uploads\/2022\/05\/Logo.png?fit=333%2C129&ssl=1","contentUrl":"https:\/\/i0.wp.com\/infos-droitshumains.net\/wp-content\/uploads\/2022\/05\/Logo.png?fit=333%2C129&ssl=1","width":333,"height":129,"caption":"Infos Droits Humains"},"image":{"@id":"https:\/\/infos-droitshumains.net\/#\/schema\/logo\/image\/"}},{"@type":"Person","@id":"https:\/\/infos-droitshumains.net\/#\/schema\/person\/3dc5e921c3302172e0ed4362f96faab7","name":"Jo\u00ebl Diawa","image":{"@type":"ImageObject","inLanguage":"fr-FR","@id":"https:\/\/secure.gravatar.com\/avatar\/729bea6ff4604c624417803c477363be8e3c7186deaa65713313f9b4b820f41c?s=96&d=mm&r=g","url":"https:\/\/secure.gravatar.com\/avatar\/729bea6ff4604c624417803c477363be8e3c7186deaa65713313f9b4b820f41c?s=96&d=mm&r=g","contentUrl":"https:\/\/secure.gravatar.com\/avatar\/729bea6ff4604c624417803c477363be8e3c7186deaa65713313f9b4b820f41c?s=96&d=mm&r=g","caption":"Jo\u00ebl Diawa"},"sameAs":["https:\/\/www.infos-droitshumains.net"],"url":"https:\/\/infos-droitshumains.net\/?author=2"}]}},"featured_image_urls":{"full":["https:\/\/i0.wp.com\/infos-droitshumains.net\/wp-content\/uploads\/2023\/07\/IMG-20230730-WA0004.jpg?fit=1080%2C664&ssl=1",1080,664,false],"thumbnail":["https:\/\/i0.wp.com\/infos-droitshumains.net\/wp-content\/uploads\/2023\/07\/IMG-20230730-WA0004.jpg?resize=150%2C150&ssl=1",150,150,true],"medium":["https:\/\/i0.wp.com\/infos-droitshumains.net\/wp-content\/uploads\/2023\/07\/IMG-20230730-WA0004.jpg?fit=300%2C184&ssl=1",300,184,true],"medium_large":["https:\/\/i0.wp.com\/infos-droitshumains.net\/wp-content\/uploads\/2023\/07\/IMG-20230730-WA0004.jpg?fit=640%2C393&ssl=1",640,393,true],"large":["https:\/\/i0.wp.com\/infos-droitshumains.net\/wp-content\/uploads\/2023\/07\/IMG-20230730-WA0004.jpg?fit=640%2C394&ssl=1",640,394,true],"1536x1536":["https:\/\/i0.wp.com\/infos-droitshumains.net\/wp-content\/uploads\/2023\/07\/IMG-20230730-WA0004.jpg?fit=1080%2C664&ssl=1",1080,664,true],"2048x2048":["https:\/\/i0.wp.com\/infos-droitshumains.net\/wp-content\/uploads\/2023\/07\/IMG-20230730-WA0004.jpg?fit=1080%2C664&ssl=1",1080,664,true],"covernews-slider-full":["https:\/\/i0.wp.com\/infos-droitshumains.net\/wp-content\/uploads\/2023\/07\/IMG-20230730-WA0004.jpg?resize=1080%2C664&ssl=1",1080,664,true],"covernews-slider-center":["https:\/\/i0.wp.com\/infos-droitshumains.net\/wp-content\/uploads\/2023\/07\/IMG-20230730-WA0004.jpg?resize=800%2C500&ssl=1",800,500,true],"covernews-featured":["https:\/\/i0.wp.com\/infos-droitshumains.net\/wp-content\/uploads\/2023\/07\/IMG-20230730-WA0004.jpg?fit=1024%2C630&ssl=1",1024,630,true],"covernews-medium":["https:\/\/i0.wp.com\/infos-droitshumains.net\/wp-content\/uploads\/2023\/07\/IMG-20230730-WA0004.jpg?resize=540%2C340&ssl=1",540,340,true],"covernews-medium-square":["https:\/\/i0.wp.com\/infos-droitshumains.net\/wp-content\/uploads\/2023\/07\/IMG-20230730-WA0004.jpg?resize=400%2C250&ssl=1",400,250,true]},"author_info":{"display_name":"Jo\u00ebl Diawa","author_link":"https:\/\/infos-droitshumains.net\/?author=2"},"category_info":"<a href=\"https:\/\/infos-droitshumains.net\/?cat=7\" rel=\"category\">Droits Humains<\/a>","tag_info":"Droits Humains","comment_count":"0","jetpack_featured_media_url":"https:\/\/i0.wp.com\/infos-droitshumains.net\/wp-content\/uploads\/2023\/07\/IMG-20230730-WA0004.jpg?fit=1080%2C664&ssl=1","jetpack-related-posts":[],"jetpack_sharing_enabled":true,"_links":{"self":[{"href":"https:\/\/infos-droitshumains.net\/index.php?rest_route=\/wp\/v2\/posts\/7606","targetHints":{"allow":["GET"]}}],"collection":[{"href":"https:\/\/infos-droitshumains.net\/index.php?rest_route=\/wp\/v2\/posts"}],"about":[{"href":"https:\/\/infos-droitshumains.net\/index.php?rest_route=\/wp\/v2\/types\/post"}],"author":[{"embeddable":true,"href":"https:\/\/infos-droitshumains.net\/index.php?rest_route=\/wp\/v2\/users\/2"}],"replies":[{"embeddable":true,"href":"https:\/\/infos-droitshumains.net\/index.php?rest_route=%2Fwp%2Fv2%2Fcomments&post=7606"}],"version-history":[{"count":1,"href":"https:\/\/infos-droitshumains.net\/index.php?rest_route=\/wp\/v2\/posts\/7606\/revisions"}],"predecessor-version":[{"id":7610,"href":"https:\/\/infos-droitshumains.net\/index.php?rest_route=\/wp\/v2\/posts\/7606\/revisions\/7610"}],"wp:featuredmedia":[{"embeddable":true,"href":"https:\/\/infos-droitshumains.net\/index.php?rest_route=\/wp\/v2\/media\/7607"}],"wp:attachment":[{"href":"https:\/\/infos-droitshumains.net\/index.php?rest_route=%2Fwp%2Fv2%2Fmedia&parent=7606"}],"wp:term":[{"taxonomy":"category","embeddable":true,"href":"https:\/\/infos-droitshumains.net\/index.php?rest_route=%2Fwp%2Fv2%2Fcategories&post=7606"},{"taxonomy":"post_tag","embeddable":true,"href":"https:\/\/infos-droitshumains.net\/index.php?rest_route=%2Fwp%2Fv2%2Ftags&post=7606"}],"curies":[{"name":"wp","href":"https:\/\/api.w.org\/{rel}","templated":true}]}}