{"id":7598,"date":"2023-07-30T11:16:25","date_gmt":"2023-07-30T09:16:25","guid":{"rendered":"https:\/\/infos-droitshumains.net\/?p=7598"},"modified":"2023-07-30T11:16:27","modified_gmt":"2023-07-30T09:16:27","slug":"kinshasa-outilles-sur-la-communication-politique-les-communicateurs-de-ludps-federation-du-mont-amba-invites-a-defendre-le-bilan-du-chef-de-letat","status":"publish","type":"post","link":"https:\/\/infos-droitshumains.net\/?p=7598","title":{"rendered":"Kinshasa\u00a0: Outill\u00e9s sur la communication politique, les communicateurs de l\u2019UDPS\/F\u00e9d\u00e9ration du Mont-Amba invit\u00e9s \u00e0 d\u00e9fendre le bilan du Chef de l&rsquo;\u00c9tat"},"content":{"rendered":"\n<p><strong>R\u00e9daction :+243817406088<\/strong><\/p>\n\n\n\n<h4 class=\"wp-block-heading has-vivid-red-color has-text-color\">Ax\u00e9e sur la communication politique et institutionnelle en p\u00e9riode pr\u00e9-\u00e9lectorale, l\u2019atelier de formation des communicateurs de l\u2019Union pour la D\u00e9mocratie et le Progr\u00e8s Social, f\u00e9d\u00e9ration du Mont-Amba qui a \u00e9t\u00e9 ouvert le mercredi 26 juillet dans la commune de Lemba, a tir\u00e9 ses rideaux ce samedi 29 juillet sur une note de satisfaction de Steve Mulumba Nkongolo, d\u00e9put\u00e9 provincial \u00e9lu de la commune de Lemba et organisateur de cette session.<\/h4>\n\n\n\n<p><em>\u00ab&nbsp;C\u2019\u00e9tait une lourde charge, un \u00e9v\u00e8nement in\u00e9dit, mais le seigneur a permis que nous puissions commencer en bont\u00e9 et finir bont\u00e9. Tous les participants ont \u00e9t\u00e9 satisfaits et nous ne pouvons \u00eatre que satisfaits quant \u00e0 ce&nbsp;\u00bb<\/em>, a-t-il d\u00e9clar\u00e9 lors de la c\u00e9r\u00e9monie de cl\u00f4ture.<\/p>\n\n\n\n<p>Une c\u00e9r\u00e9monie coupl\u00e9e de la remise des brevets pr\u00e9sid\u00e9e par Peter Kazadi sous le parrainage de qui la formation a \u00e9t\u00e9 rendu possible. Cadre du parti au pouvoir, le Vice-premier Ministre et Ministre de l&rsquo;Int\u00e9rieur, S\u00e9curit\u00e9 et Affaires coutumi\u00e8res a invit\u00e9 les r\u00e9cipiendaires \u00a0\u00e0 se servir des connaissances re\u00e7ues dans le domaine de communication pour d\u00e9velopper un discours qui puisse faire la promotion des actions du Pr\u00e9sident de la R\u00e9publique.<\/p>\n\n\n\n<figure class=\"wp-block-image alignfull size-large\"><img data-recalc-dims=\"1\" fetchpriority=\"high\" decoding=\"async\" width=\"640\" height=\"427\" src=\"https:\/\/i0.wp.com\/infos-droitshumains.net\/wp-content\/uploads\/2023\/07\/IMG-20230729-WA0133.jpg?resize=640%2C427&#038;ssl=1\" alt=\"\" class=\"wp-image-7601\" srcset=\"https:\/\/i0.wp.com\/infos-droitshumains.net\/wp-content\/uploads\/2023\/07\/IMG-20230729-WA0133.jpg?resize=1024%2C683&amp;ssl=1 1024w, https:\/\/i0.wp.com\/infos-droitshumains.net\/wp-content\/uploads\/2023\/07\/IMG-20230729-WA0133.jpg?resize=300%2C200&amp;ssl=1 300w, https:\/\/i0.wp.com\/infos-droitshumains.net\/wp-content\/uploads\/2023\/07\/IMG-20230729-WA0133.jpg?resize=768%2C512&amp;ssl=1 768w, https:\/\/i0.wp.com\/infos-droitshumains.net\/wp-content\/uploads\/2023\/07\/IMG-20230729-WA0133.jpg?w=1080&amp;ssl=1 1080w\" sizes=\"(max-width: 640px) 100vw, 640px\" \/><\/figure>\n\n\n\n<p><em>\u00ab\u00a0Le Chef de l&rsquo;\u00c9tat F\u00e9lix-Antoine Tshisekedi Tshilombo a r\u00e9alis\u00e9 les actions de grande envergure dans\u00a0 plusieurs secteurs, mais qui ne sont pas connues par la population\u2026Vous qui avez suivi cette formation, vous devez \u00eatre les mod\u00e8les. Notre discours ne consiste plus \u00e0 nous attaquer aux gens, \u00e0 nous attaquer aux personnes, mais notre communication doit consister \u00e0 d\u00e9fendre notre bilan, \u00e0 pr\u00e9senter \u00e0 la population ce que nous sommes en train de faire. Depuis que le Pr\u00e9sident Tshisekedi est l\u00e0, nous avons beaucoup d&rsquo;\u0153uvres, mais qui ne sont pas suffisamment expliqu\u00e9es \u00e0 la population. Voil\u00e0 pourquoi je souhaite qu&rsquo;apr\u00e8s cette formation, vous soyez les v\u00e9ritables porte-paroles du Parti, que vous puissiez montrer \u00e0 la population les actions positives de F\u00e9lix Tshisekedi, les actions positives du Gouvernement Tshisekedi \u00bb<\/em>, a-t-il recommand\u00e9 aux communicateurs de la f\u00e9d\u00e9ration de Mont Amba.<\/p>\n\n\n\n<h2 class=\"wp-block-heading\"><\/h2>\n\n\n\n<figure class=\"wp-block-image alignfull size-large\"><img data-recalc-dims=\"1\" decoding=\"async\" width=\"640\" height=\"427\" src=\"https:\/\/i0.wp.com\/infos-droitshumains.net\/wp-content\/uploads\/2023\/07\/IMG-20230729-WA0105.jpg?resize=640%2C427&#038;ssl=1\" alt=\"\" class=\"wp-image-7602\" srcset=\"https:\/\/i0.wp.com\/infos-droitshumains.net\/wp-content\/uploads\/2023\/07\/IMG-20230729-WA0105.jpg?resize=1024%2C683&amp;ssl=1 1024w, https:\/\/i0.wp.com\/infos-droitshumains.net\/wp-content\/uploads\/2023\/07\/IMG-20230729-WA0105.jpg?resize=300%2C200&amp;ssl=1 300w, https:\/\/i0.wp.com\/infos-droitshumains.net\/wp-content\/uploads\/2023\/07\/IMG-20230729-WA0105.jpg?resize=768%2C512&amp;ssl=1 768w, https:\/\/i0.wp.com\/infos-droitshumains.net\/wp-content\/uploads\/2023\/07\/IMG-20230729-WA0105.jpg?w=1080&amp;ssl=1 1080w\" sizes=\"(max-width: 640px) 100vw, 640px\" \/><\/figure>\n\n\n\n<p>Quant \u00e0 l\u2019organisateur, il s\u2019est montr\u00e9 tr\u00e8s reconnaissant vis-\u00e0-vis de l\u2019homme pour qui il \u00e9tait suppl\u00e9ant \u00e0 l\u2019Assembl\u00e9e Provinciale il y a quelques mois. <em>\u00ab\u00a0Nous ne pouvons que le remercier. Il dirige un tr\u00e8s grand minist\u00e8re qui est comme un pays, trouver un temps pour venir communier avec ces combattants de la libert\u00e9 et de la d\u00e9mocratie n\u2019est pas facile. Il s\u2019est d\u00e9men\u00e9 entre toutes les activit\u00e9s qu\u2019il avait. Il est venu nous honorer et il a partag\u00e9 avec nous le petit repas qui qu\u2019il pouvait disposer entre ses mains\u00a0\u00bb<\/em>, a rench\u00e9rit Steve Mulumba.<\/p>\n\n\n\n<figure class=\"wp-block-image alignfull size-large\"><img data-recalc-dims=\"1\" decoding=\"async\" width=\"640\" height=\"427\" src=\"https:\/\/i0.wp.com\/infos-droitshumains.net\/wp-content\/uploads\/2023\/07\/IMG-20230729-WA0127.jpg?resize=640%2C427&#038;ssl=1\" alt=\"\" class=\"wp-image-7603\" srcset=\"https:\/\/i0.wp.com\/infos-droitshumains.net\/wp-content\/uploads\/2023\/07\/IMG-20230729-WA0127.jpg?resize=1024%2C683&amp;ssl=1 1024w, https:\/\/i0.wp.com\/infos-droitshumains.net\/wp-content\/uploads\/2023\/07\/IMG-20230729-WA0127.jpg?resize=300%2C200&amp;ssl=1 300w, https:\/\/i0.wp.com\/infos-droitshumains.net\/wp-content\/uploads\/2023\/07\/IMG-20230729-WA0127.jpg?resize=768%2C512&amp;ssl=1 768w, https:\/\/i0.wp.com\/infos-droitshumains.net\/wp-content\/uploads\/2023\/07\/IMG-20230729-WA0127.jpg?w=1080&amp;ssl=1 1080w\" sizes=\"(max-width: 640px) 100vw, 640px\" \/><\/figure>\n\n\n\n<p>Il a \u00e9t\u00e9 convenu en toute unanimit\u00e9 que ce mod\u00e8le de formation sera dupliqu\u00e9 dans d\u2019autres f\u00e9d\u00e9rations de la ville de Kinshasa et \u00e0 l\u2019int\u00e9rieur du pays.<\/p>\n\n\n\n<p>Jo\u00ebl Diawa<\/p>\n","protected":false},"excerpt":{"rendered":"<p>R\u00e9daction :+243817406088 Ax\u00e9e sur la communication politique et institutionnelle en p\u00e9riode pr\u00e9-\u00e9lectorale, l\u2019atelier de formation&#8230;<\/p>\n","protected":false},"author":2,"featured_media":7600,"comment_status":"open","ping_status":"open","sticky":false,"template":"","format":"standard","meta":{"_jetpack_memberships_contains_paid_content":false,"footnotes":""},"categories":[3],"tags":[],"class_list":["post-7598","post","type-post","status-publish","format-standard","has-post-thumbnail","hentry","category-politique"],"yoast_head":"<!-- This site is optimized with the Yoast SEO plugin v27.5 - https:\/\/yoast.com\/product\/yoast-seo-wordpress\/ -->\n<title>Kinshasa\u00a0: Outill\u00e9s sur la communication politique, les communicateurs de l\u2019UDPS\/F\u00e9d\u00e9ration du Mont-Amba invit\u00e9s \u00e0 d\u00e9fendre le bilan du Chef de l&#039;\u00c9tat - Infos Droits Humains<\/title>\n<meta name=\"robots\" content=\"index, follow, max-snippet:-1, max-image-preview:large, max-video-preview:-1\" \/>\n<link rel=\"canonical\" href=\"https:\/\/infos-droitshumains.net\/?p=7598\" \/>\n<meta property=\"og:locale\" content=\"fr_FR\" \/>\n<meta property=\"og:type\" content=\"article\" \/>\n<meta property=\"og:title\" content=\"Kinshasa\u00a0: Outill\u00e9s sur la communication politique, les communicateurs de l\u2019UDPS\/F\u00e9d\u00e9ration du Mont-Amba invit\u00e9s \u00e0 d\u00e9fendre le bilan du Chef de l&#039;\u00c9tat - Infos Droits Humains\" \/>\n<meta property=\"og:description\" content=\"R\u00e9daction :+243817406088 Ax\u00e9e sur la communication politique et institutionnelle en p\u00e9riode pr\u00e9-\u00e9lectorale, l\u2019atelier de formation...\" \/>\n<meta property=\"og:url\" content=\"https:\/\/infos-droitshumains.net\/?p=7598\" \/>\n<meta property=\"og:site_name\" content=\"Infos Droits Humains\" \/>\n<meta property=\"article:published_time\" content=\"2023-07-30T09:16:25+00:00\" \/>\n<meta property=\"article:modified_time\" content=\"2023-07-30T09:16:27+00:00\" \/>\n<meta property=\"og:image\" content=\"https:\/\/infos-droitshumains.net\/wp-content\/uploads\/2023\/07\/IMG-20230729-WA0136.jpg\" \/>\n\t<meta property=\"og:image:width\" content=\"1080\" \/>\n\t<meta property=\"og:image:height\" content=\"720\" \/>\n\t<meta property=\"og:image:type\" content=\"image\/jpeg\" \/>\n<meta name=\"author\" content=\"Jo\u00ebl Diawa\" \/>\n<meta name=\"twitter:card\" content=\"summary_large_image\" \/>\n<meta name=\"twitter:label1\" content=\"\u00c9crit par\" \/>\n\t<meta name=\"twitter:data1\" content=\"Jo\u00ebl Diawa\" \/>\n\t<meta name=\"twitter:label2\" content=\"Dur\u00e9e de lecture estim\u00e9e\" \/>\n\t<meta name=\"twitter:data2\" content=\"3 minutes\" \/>\n<script type=\"application\/ld+json\" class=\"yoast-schema-graph\">{\"@context\":\"https:\\\/\\\/schema.org\",\"@graph\":[{\"@type\":\"Article\",\"@id\":\"https:\\\/\\\/infos-droitshumains.net\\\/?p=7598#article\",\"isPartOf\":{\"@id\":\"https:\\\/\\\/infos-droitshumains.net\\\/?p=7598\"},\"author\":{\"name\":\"Jo\u00ebl Diawa\",\"@id\":\"https:\\\/\\\/infos-droitshumains.net\\\/#\\\/schema\\\/person\\\/3dc5e921c3302172e0ed4362f96faab7\"},\"headline\":\"Kinshasa\u00a0: Outill\u00e9s sur la communication politique, les communicateurs de l\u2019UDPS\\\/F\u00e9d\u00e9ration du Mont-Amba invit\u00e9s \u00e0 d\u00e9fendre le bilan du Chef de l&rsquo;\u00c9tat\",\"datePublished\":\"2023-07-30T09:16:25+00:00\",\"dateModified\":\"2023-07-30T09:16:27+00:00\",\"mainEntityOfPage\":{\"@id\":\"https:\\\/\\\/infos-droitshumains.net\\\/?p=7598\"},\"wordCount\":534,\"commentCount\":0,\"publisher\":{\"@id\":\"https:\\\/\\\/infos-droitshumains.net\\\/#organization\"},\"image\":{\"@id\":\"https:\\\/\\\/infos-droitshumains.net\\\/?p=7598#primaryimage\"},\"thumbnailUrl\":\"https:\\\/\\\/i0.wp.com\\\/infos-droitshumains.net\\\/wp-content\\\/uploads\\\/2023\\\/07\\\/IMG-20230729-WA0136.jpg?fit=1080%2C720&ssl=1\",\"articleSection\":[\"Politique\"],\"inLanguage\":\"fr-FR\",\"potentialAction\":[{\"@type\":\"CommentAction\",\"name\":\"Comment\",\"target\":[\"https:\\\/\\\/infos-droitshumains.net\\\/?p=7598#respond\"]}]},{\"@type\":\"WebPage\",\"@id\":\"https:\\\/\\\/infos-droitshumains.net\\\/?p=7598\",\"url\":\"https:\\\/\\\/infos-droitshumains.net\\\/?p=7598\",\"name\":\"Kinshasa\u00a0: Outill\u00e9s sur la communication politique, les communicateurs de l\u2019UDPS\\\/F\u00e9d\u00e9ration du Mont-Amba invit\u00e9s \u00e0 d\u00e9fendre le bilan du Chef de l'\u00c9tat - Infos Droits Humains\",\"isPartOf\":{\"@id\":\"https:\\\/\\\/infos-droitshumains.net\\\/#website\"},\"primaryImageOfPage\":{\"@id\":\"https:\\\/\\\/infos-droitshumains.net\\\/?p=7598#primaryimage\"},\"image\":{\"@id\":\"https:\\\/\\\/infos-droitshumains.net\\\/?p=7598#primaryimage\"},\"thumbnailUrl\":\"https:\\\/\\\/i0.wp.com\\\/infos-droitshumains.net\\\/wp-content\\\/uploads\\\/2023\\\/07\\\/IMG-20230729-WA0136.jpg?fit=1080%2C720&ssl=1\",\"datePublished\":\"2023-07-30T09:16:25+00:00\",\"dateModified\":\"2023-07-30T09:16:27+00:00\",\"breadcrumb\":{\"@id\":\"https:\\\/\\\/infos-droitshumains.net\\\/?p=7598#breadcrumb\"},\"inLanguage\":\"fr-FR\",\"potentialAction\":[{\"@type\":\"ReadAction\",\"target\":[\"https:\\\/\\\/infos-droitshumains.net\\\/?p=7598\"]}]},{\"@type\":\"ImageObject\",\"inLanguage\":\"fr-FR\",\"@id\":\"https:\\\/\\\/infos-droitshumains.net\\\/?p=7598#primaryimage\",\"url\":\"https:\\\/\\\/i0.wp.com\\\/infos-droitshumains.net\\\/wp-content\\\/uploads\\\/2023\\\/07\\\/IMG-20230729-WA0136.jpg?fit=1080%2C720&ssl=1\",\"contentUrl\":\"https:\\\/\\\/i0.wp.com\\\/infos-droitshumains.net\\\/wp-content\\\/uploads\\\/2023\\\/07\\\/IMG-20230729-WA0136.jpg?fit=1080%2C720&ssl=1\",\"width\":1080,\"height\":720},{\"@type\":\"BreadcrumbList\",\"@id\":\"https:\\\/\\\/infos-droitshumains.net\\\/?p=7598#breadcrumb\",\"itemListElement\":[{\"@type\":\"ListItem\",\"position\":1,\"name\":\"Accueil\",\"item\":\"https:\\\/\\\/infos-droitshumains.net\\\/\"},{\"@type\":\"ListItem\",\"position\":2,\"name\":\"Kinshasa\u00a0: Outill\u00e9s sur la communication politique, les communicateurs de l\u2019UDPS\\\/F\u00e9d\u00e9ration du Mont-Amba invit\u00e9s \u00e0 d\u00e9fendre le bilan du Chef de l&rsquo;\u00c9tat\"}]},{\"@type\":\"WebSite\",\"@id\":\"https:\\\/\\\/infos-droitshumains.net\\\/#website\",\"url\":\"https:\\\/\\\/infos-droitshumains.net\\\/\",\"name\":\"Infos Droits Humains\",\"description\":\"S&#039;informer est un droit\",\"publisher\":{\"@id\":\"https:\\\/\\\/infos-droitshumains.net\\\/#organization\"},\"potentialAction\":[{\"@type\":\"SearchAction\",\"target\":{\"@type\":\"EntryPoint\",\"urlTemplate\":\"https:\\\/\\\/infos-droitshumains.net\\\/?s={search_term_string}\"},\"query-input\":{\"@type\":\"PropertyValueSpecification\",\"valueRequired\":true,\"valueName\":\"search_term_string\"}}],\"inLanguage\":\"fr-FR\"},{\"@type\":\"Organization\",\"@id\":\"https:\\\/\\\/infos-droitshumains.net\\\/#organization\",\"name\":\"Infos Droits Humains\",\"url\":\"https:\\\/\\\/infos-droitshumains.net\\\/\",\"logo\":{\"@type\":\"ImageObject\",\"inLanguage\":\"fr-FR\",\"@id\":\"https:\\\/\\\/infos-droitshumains.net\\\/#\\\/schema\\\/logo\\\/image\\\/\",\"url\":\"https:\\\/\\\/i0.wp.com\\\/infos-droitshumains.net\\\/wp-content\\\/uploads\\\/2022\\\/05\\\/Logo.png?fit=333%2C129&ssl=1\",\"contentUrl\":\"https:\\\/\\\/i0.wp.com\\\/infos-droitshumains.net\\\/wp-content\\\/uploads\\\/2022\\\/05\\\/Logo.png?fit=333%2C129&ssl=1\",\"width\":333,\"height\":129,\"caption\":\"Infos Droits Humains\"},\"image\":{\"@id\":\"https:\\\/\\\/infos-droitshumains.net\\\/#\\\/schema\\\/logo\\\/image\\\/\"}},{\"@type\":\"Person\",\"@id\":\"https:\\\/\\\/infos-droitshumains.net\\\/#\\\/schema\\\/person\\\/3dc5e921c3302172e0ed4362f96faab7\",\"name\":\"Jo\u00ebl Diawa\",\"image\":{\"@type\":\"ImageObject\",\"inLanguage\":\"fr-FR\",\"@id\":\"https:\\\/\\\/secure.gravatar.com\\\/avatar\\\/729bea6ff4604c624417803c477363be8e3c7186deaa65713313f9b4b820f41c?s=96&d=mm&r=g\",\"url\":\"https:\\\/\\\/secure.gravatar.com\\\/avatar\\\/729bea6ff4604c624417803c477363be8e3c7186deaa65713313f9b4b820f41c?s=96&d=mm&r=g\",\"contentUrl\":\"https:\\\/\\\/secure.gravatar.com\\\/avatar\\\/729bea6ff4604c624417803c477363be8e3c7186deaa65713313f9b4b820f41c?s=96&d=mm&r=g\",\"caption\":\"Jo\u00ebl Diawa\"},\"sameAs\":[\"https:\\\/\\\/www.infos-droitshumains.net\"],\"url\":\"https:\\\/\\\/infos-droitshumains.net\\\/?author=2\"}]}<\/script>\n<!-- \/ Yoast SEO plugin. -->","yoast_head_json":{"title":"Kinshasa\u00a0: Outill\u00e9s sur la communication politique, les communicateurs de l\u2019UDPS\/F\u00e9d\u00e9ration du Mont-Amba invit\u00e9s \u00e0 d\u00e9fendre le bilan du Chef de l'\u00c9tat - Infos Droits Humains","robots":{"index":"index","follow":"follow","max-snippet":"max-snippet:-1","max-image-preview":"max-image-preview:large","max-video-preview":"max-video-preview:-1"},"canonical":"https:\/\/infos-droitshumains.net\/?p=7598","og_locale":"fr_FR","og_type":"article","og_title":"Kinshasa\u00a0: Outill\u00e9s sur la communication politique, les communicateurs de l\u2019UDPS\/F\u00e9d\u00e9ration du Mont-Amba invit\u00e9s \u00e0 d\u00e9fendre le bilan du Chef de l'\u00c9tat - Infos Droits Humains","og_description":"R\u00e9daction :+243817406088 Ax\u00e9e sur la communication politique et institutionnelle en p\u00e9riode pr\u00e9-\u00e9lectorale, l\u2019atelier de formation...","og_url":"https:\/\/infos-droitshumains.net\/?p=7598","og_site_name":"Infos Droits Humains","article_published_time":"2023-07-30T09:16:25+00:00","article_modified_time":"2023-07-30T09:16:27+00:00","og_image":[{"width":1080,"height":720,"url":"https:\/\/infos-droitshumains.net\/wp-content\/uploads\/2023\/07\/IMG-20230729-WA0136.jpg","type":"image\/jpeg"}],"author":"Jo\u00ebl Diawa","twitter_card":"summary_large_image","twitter_misc":{"\u00c9crit par":"Jo\u00ebl Diawa","Dur\u00e9e de lecture estim\u00e9e":"3 minutes"},"schema":{"@context":"https:\/\/schema.org","@graph":[{"@type":"Article","@id":"https:\/\/infos-droitshumains.net\/?p=7598#article","isPartOf":{"@id":"https:\/\/infos-droitshumains.net\/?p=7598"},"author":{"name":"Jo\u00ebl Diawa","@id":"https:\/\/infos-droitshumains.net\/#\/schema\/person\/3dc5e921c3302172e0ed4362f96faab7"},"headline":"Kinshasa\u00a0: Outill\u00e9s sur la communication politique, les communicateurs de l\u2019UDPS\/F\u00e9d\u00e9ration du Mont-Amba invit\u00e9s \u00e0 d\u00e9fendre le bilan du Chef de l&rsquo;\u00c9tat","datePublished":"2023-07-30T09:16:25+00:00","dateModified":"2023-07-30T09:16:27+00:00","mainEntityOfPage":{"@id":"https:\/\/infos-droitshumains.net\/?p=7598"},"wordCount":534,"commentCount":0,"publisher":{"@id":"https:\/\/infos-droitshumains.net\/#organization"},"image":{"@id":"https:\/\/infos-droitshumains.net\/?p=7598#primaryimage"},"thumbnailUrl":"https:\/\/i0.wp.com\/infos-droitshumains.net\/wp-content\/uploads\/2023\/07\/IMG-20230729-WA0136.jpg?fit=1080%2C720&ssl=1","articleSection":["Politique"],"inLanguage":"fr-FR","potentialAction":[{"@type":"CommentAction","name":"Comment","target":["https:\/\/infos-droitshumains.net\/?p=7598#respond"]}]},{"@type":"WebPage","@id":"https:\/\/infos-droitshumains.net\/?p=7598","url":"https:\/\/infos-droitshumains.net\/?p=7598","name":"Kinshasa\u00a0: Outill\u00e9s sur la communication politique, les communicateurs de l\u2019UDPS\/F\u00e9d\u00e9ration du Mont-Amba invit\u00e9s \u00e0 d\u00e9fendre le bilan du Chef de l'\u00c9tat - Infos Droits Humains","isPartOf":{"@id":"https:\/\/infos-droitshumains.net\/#website"},"primaryImageOfPage":{"@id":"https:\/\/infos-droitshumains.net\/?p=7598#primaryimage"},"image":{"@id":"https:\/\/infos-droitshumains.net\/?p=7598#primaryimage"},"thumbnailUrl":"https:\/\/i0.wp.com\/infos-droitshumains.net\/wp-content\/uploads\/2023\/07\/IMG-20230729-WA0136.jpg?fit=1080%2C720&ssl=1","datePublished":"2023-07-30T09:16:25+00:00","dateModified":"2023-07-30T09:16:27+00:00","breadcrumb":{"@id":"https:\/\/infos-droitshumains.net\/?p=7598#breadcrumb"},"inLanguage":"fr-FR","potentialAction":[{"@type":"ReadAction","target":["https:\/\/infos-droitshumains.net\/?p=7598"]}]},{"@type":"ImageObject","inLanguage":"fr-FR","@id":"https:\/\/infos-droitshumains.net\/?p=7598#primaryimage","url":"https:\/\/i0.wp.com\/infos-droitshumains.net\/wp-content\/uploads\/2023\/07\/IMG-20230729-WA0136.jpg?fit=1080%2C720&ssl=1","contentUrl":"https:\/\/i0.wp.com\/infos-droitshumains.net\/wp-content\/uploads\/2023\/07\/IMG-20230729-WA0136.jpg?fit=1080%2C720&ssl=1","width":1080,"height":720},{"@type":"BreadcrumbList","@id":"https:\/\/infos-droitshumains.net\/?p=7598#breadcrumb","itemListElement":[{"@type":"ListItem","position":1,"name":"Accueil","item":"https:\/\/infos-droitshumains.net\/"},{"@type":"ListItem","position":2,"name":"Kinshasa\u00a0: Outill\u00e9s sur la communication politique, les communicateurs de l\u2019UDPS\/F\u00e9d\u00e9ration du Mont-Amba invit\u00e9s \u00e0 d\u00e9fendre le bilan du Chef de l&rsquo;\u00c9tat"}]},{"@type":"WebSite","@id":"https:\/\/infos-droitshumains.net\/#website","url":"https:\/\/infos-droitshumains.net\/","name":"Infos Droits Humains","description":"S&#039;informer est un droit","publisher":{"@id":"https:\/\/infos-droitshumains.net\/#organization"},"potentialAction":[{"@type":"SearchAction","target":{"@type":"EntryPoint","urlTemplate":"https:\/\/infos-droitshumains.net\/?s={search_term_string}"},"query-input":{"@type":"PropertyValueSpecification","valueRequired":true,"valueName":"search_term_string"}}],"inLanguage":"fr-FR"},{"@type":"Organization","@id":"https:\/\/infos-droitshumains.net\/#organization","name":"Infos Droits Humains","url":"https:\/\/infos-droitshumains.net\/","logo":{"@type":"ImageObject","inLanguage":"fr-FR","@id":"https:\/\/infos-droitshumains.net\/#\/schema\/logo\/image\/","url":"https:\/\/i0.wp.com\/infos-droitshumains.net\/wp-content\/uploads\/2022\/05\/Logo.png?fit=333%2C129&ssl=1","contentUrl":"https:\/\/i0.wp.com\/infos-droitshumains.net\/wp-content\/uploads\/2022\/05\/Logo.png?fit=333%2C129&ssl=1","width":333,"height":129,"caption":"Infos Droits Humains"},"image":{"@id":"https:\/\/infos-droitshumains.net\/#\/schema\/logo\/image\/"}},{"@type":"Person","@id":"https:\/\/infos-droitshumains.net\/#\/schema\/person\/3dc5e921c3302172e0ed4362f96faab7","name":"Jo\u00ebl Diawa","image":{"@type":"ImageObject","inLanguage":"fr-FR","@id":"https:\/\/secure.gravatar.com\/avatar\/729bea6ff4604c624417803c477363be8e3c7186deaa65713313f9b4b820f41c?s=96&d=mm&r=g","url":"https:\/\/secure.gravatar.com\/avatar\/729bea6ff4604c624417803c477363be8e3c7186deaa65713313f9b4b820f41c?s=96&d=mm&r=g","contentUrl":"https:\/\/secure.gravatar.com\/avatar\/729bea6ff4604c624417803c477363be8e3c7186deaa65713313f9b4b820f41c?s=96&d=mm&r=g","caption":"Jo\u00ebl Diawa"},"sameAs":["https:\/\/www.infos-droitshumains.net"],"url":"https:\/\/infos-droitshumains.net\/?author=2"}]}},"featured_image_urls":{"full":["https:\/\/i0.wp.com\/infos-droitshumains.net\/wp-content\/uploads\/2023\/07\/IMG-20230729-WA0136.jpg?fit=1080%2C720&ssl=1",1080,720,false],"thumbnail":["https:\/\/i0.wp.com\/infos-droitshumains.net\/wp-content\/uploads\/2023\/07\/IMG-20230729-WA0136.jpg?resize=150%2C150&ssl=1",150,150,true],"medium":["https:\/\/i0.wp.com\/infos-droitshumains.net\/wp-content\/uploads\/2023\/07\/IMG-20230729-WA0136.jpg?fit=300%2C200&ssl=1",300,200,true],"medium_large":["https:\/\/i0.wp.com\/infos-droitshumains.net\/wp-content\/uploads\/2023\/07\/IMG-20230729-WA0136.jpg?fit=640%2C427&ssl=1",640,427,true],"large":["https:\/\/i0.wp.com\/infos-droitshumains.net\/wp-content\/uploads\/2023\/07\/IMG-20230729-WA0136.jpg?fit=640%2C427&ssl=1",640,427,true],"1536x1536":["https:\/\/i0.wp.com\/infos-droitshumains.net\/wp-content\/uploads\/2023\/07\/IMG-20230729-WA0136.jpg?fit=1080%2C720&ssl=1",1080,720,true],"2048x2048":["https:\/\/i0.wp.com\/infos-droitshumains.net\/wp-content\/uploads\/2023\/07\/IMG-20230729-WA0136.jpg?fit=1080%2C720&ssl=1",1080,720,true],"covernews-slider-full":["https:\/\/i0.wp.com\/infos-droitshumains.net\/wp-content\/uploads\/2023\/07\/IMG-20230729-WA0136.jpg?resize=1080%2C715&ssl=1",1080,715,true],"covernews-slider-center":["https:\/\/i0.wp.com\/infos-droitshumains.net\/wp-content\/uploads\/2023\/07\/IMG-20230729-WA0136.jpg?resize=800%2C500&ssl=1",800,500,true],"covernews-featured":["https:\/\/i0.wp.com\/infos-droitshumains.net\/wp-content\/uploads\/2023\/07\/IMG-20230729-WA0136.jpg?fit=1024%2C683&ssl=1",1024,683,true],"covernews-medium":["https:\/\/i0.wp.com\/infos-droitshumains.net\/wp-content\/uploads\/2023\/07\/IMG-20230729-WA0136.jpg?resize=540%2C340&ssl=1",540,340,true],"covernews-medium-square":["https:\/\/i0.wp.com\/infos-droitshumains.net\/wp-content\/uploads\/2023\/07\/IMG-20230729-WA0136.jpg?resize=400%2C250&ssl=1",400,250,true]},"author_info":{"display_name":"Jo\u00ebl Diawa","author_link":"https:\/\/infos-droitshumains.net\/?author=2"},"category_info":"<a href=\"https:\/\/infos-droitshumains.net\/?cat=3\" rel=\"category\">Politique<\/a>","tag_info":"Politique","comment_count":"0","jetpack_featured_media_url":"https:\/\/i0.wp.com\/infos-droitshumains.net\/wp-content\/uploads\/2023\/07\/IMG-20230729-WA0136.jpg?fit=1080%2C720&ssl=1","jetpack-related-posts":[],"jetpack_sharing_enabled":true,"_links":{"self":[{"href":"https:\/\/infos-droitshumains.net\/index.php?rest_route=\/wp\/v2\/posts\/7598","targetHints":{"allow":["GET"]}}],"collection":[{"href":"https:\/\/infos-droitshumains.net\/index.php?rest_route=\/wp\/v2\/posts"}],"about":[{"href":"https:\/\/infos-droitshumains.net\/index.php?rest_route=\/wp\/v2\/types\/post"}],"author":[{"embeddable":true,"href":"https:\/\/infos-droitshumains.net\/index.php?rest_route=\/wp\/v2\/users\/2"}],"replies":[{"embeddable":true,"href":"https:\/\/infos-droitshumains.net\/index.php?rest_route=%2Fwp%2Fv2%2Fcomments&post=7598"}],"version-history":[{"count":1,"href":"https:\/\/infos-droitshumains.net\/index.php?rest_route=\/wp\/v2\/posts\/7598\/revisions"}],"predecessor-version":[{"id":7604,"href":"https:\/\/infos-droitshumains.net\/index.php?rest_route=\/wp\/v2\/posts\/7598\/revisions\/7604"}],"wp:featuredmedia":[{"embeddable":true,"href":"https:\/\/infos-droitshumains.net\/index.php?rest_route=\/wp\/v2\/media\/7600"}],"wp:attachment":[{"href":"https:\/\/infos-droitshumains.net\/index.php?rest_route=%2Fwp%2Fv2%2Fmedia&parent=7598"}],"wp:term":[{"taxonomy":"category","embeddable":true,"href":"https:\/\/infos-droitshumains.net\/index.php?rest_route=%2Fwp%2Fv2%2Fcategories&post=7598"},{"taxonomy":"post_tag","embeddable":true,"href":"https:\/\/infos-droitshumains.net\/index.php?rest_route=%2Fwp%2Fv2%2Ftags&post=7598"}],"curies":[{"name":"wp","href":"https:\/\/api.w.org\/{rel}","templated":true}]}}