{"id":7593,"date":"2023-07-28T00:20:23","date_gmt":"2023-07-27T22:20:23","guid":{"rendered":"https:\/\/infos-droitshumains.net\/?p=7593"},"modified":"2023-07-28T00:29:14","modified_gmt":"2023-07-27T22:29:14","slug":"rdc-loim-aux-cotes-de-la-presidence-de-la-republique-reitere-son-engagement-pour-combattre-la-traite-des-personnes-fils-lien-ely-thelot","status":"publish","type":"post","link":"https:\/\/infos-droitshumains.net\/?p=7593","title":{"rendered":"RDC\u00a0: L\u2019OIM aux c\u00f4t\u00e9s de la pr\u00e9sidence de la r\u00e9publique, r\u00e9it\u00e8re son engagement pour combattre la traite des personnes (Fils-Lien Ely Thelot)"},"content":{"rendered":"\n<p><strong>R\u00e9daction :+243817406088<\/strong><\/p>\n\n\n\n<h4 class=\"wp-block-heading has-vivid-red-color has-text-color\">L\u2019humanit\u00e9 va c\u00e9l\u00e9brer ce dimanche 30 juillet, la journ\u00e9e internationale de la lutte contre la traite des personnes. En pr\u00e9lude de cette journ\u00e9e, la Coordination en Charge de la Jeunesse Lutte contre les Violences faites \u00e0 la Femme et Traite des Personnes, service sp\u00e9cialis\u00e9 du cabinet du Chef de l\u2019Etat a lanc\u00e9 depuis le mercredi 26 juillet, une campagne de sensibilisation sur la traite des personnes dans huit Rond-Point de la ville de Kinshasa consid\u00e9r\u00e9s comme les points n\u00e9vralgiques du trafic d\u2019\u00eatres humains.<\/h4>\n\n\n\n<p>L\u2019Organisation Internationale pour les Migration qui apporte son appui technique \u00e0 la R\u00e9publique dans la lutte contre ce fl\u00e9au mondial, a activement particip\u00e9 \u00e0 cette campagne aux aux c\u00f4t\u00e9s de la coordonnatrice. L\u2019objectif \u00e9tait de <em>\u00ab&nbsp;\u2026faire comprendre \u00e0 la population que la traite des personnes la concerne&nbsp;\u00bb<\/em>.<\/p>\n\n\n\n<p><em>\u00ab&nbsp;C\u2019est principalement les plus vuln\u00e9rables qui sont les victimes et au Rond-Point victoire, il y en a plein. Il y a les enfants qui sont dans cet environnement qui se retrouvent expos\u00e9s \u00e0 la mendicit\u00e9 forc\u00e9e, les jeunes femmes qui sont expos\u00e9es \u00e0 l\u2019exploitation sexuelle. On est venu leur dire qu\u2019ils ne seront pas laiss\u00e9s de c\u00f4t\u00e9. Nous venons vers eux, nous venons dans leur milieu pour leur faire comprendre que nous sommes l\u00e0 pour les accompagner. S\u2019il y a des victimes, nous sommes l\u00e0 pour les aider, s\u2019il y a des t\u00e9moins qui d\u00e9noncent, nous sommes l\u00e0 pour les accompagner et faire en sorte que les victimes soient accompagn\u00e9es&nbsp;\u00bb<\/em>, a dit le docteur Fils-Lien Ely Thelot, conseil technique \u00e0 l\u2019OIM.<\/p>\n\n\n\n<p>Ce dernier a par ailleurs r\u00e9it\u00e9r\u00e9 le v\u0153u de l\u2019Organisation Internationale pour les Migrations \u00e0 \u0153uvrer ensemble avec le Chef de l\u2019Etat pour \u00e9radiquer d\u00e9finitivement ce ph\u00e9nom\u00e8ne.<\/p>\n\n\n\n<p><em>\u00ab&nbsp;\u2026 La RDC aujourd\u2019hui est consid\u00e9r\u00e9e comme l\u2019un des pays exemplaires en Afrique qui fait des efforts importants pour combattre ce fl\u00e9au\u2026 L\u2019OIM aux c\u00f4t\u00e9s de la coordination, aux c\u00f4t\u00e9s de la pr\u00e9sidence de la R\u00e9publique r\u00e9it\u00e8re son engagement pour combattre la traite des personnes en RDC, surtout dans cette semaine o\u00f9 on intensifie la communication, on intensifie la mobilisation sur la traite des personnes&nbsp;\u00bb<\/em>, a rench\u00e9ri le docteur Thelot.<\/p>\n\n\n\n<p>D\u2019apr\u00e8s les estimations de l\u2019OIM en 2021, la traite des personnes qui est une forme de l\u2019esclavage moderne a d\u00e9j\u00e0 fait plus de 50 millions de victimes dans le monde parmi lesquelles, 28 millions \u00e9taient soumises au travail forc\u00e9 et 22 millions \u00e9taient pi\u00e9g\u00e9es dans un mariage forc\u00e9. Mais en RDC, au cours de ces trois derni\u00e8res ann\u00e9es, des efforts substantiels ont \u00e9t\u00e9 consentis par les autorit\u00e9s politiques en vue de combattre la traite des personnes sur l\u2019ensemble du territoire. Parmi les avanc\u00e9s, on peut citer le vote de la loi sp\u00e9cifique qui criminalise la traite des personnes promulgu\u00e9e le 26 d\u00e9cembre 2022.<\/p>\n\n\n\n<p>Jo\u00ebl Diawa<\/p>\n","protected":false},"excerpt":{"rendered":"<p>R\u00e9daction :+243817406088 L\u2019humanit\u00e9 va c\u00e9l\u00e9brer ce dimanche 30 juillet, la journ\u00e9e internationale de la lutte&#8230;<\/p>\n","protected":false},"author":2,"featured_media":7594,"comment_status":"open","ping_status":"open","sticky":false,"template":"","format":"standard","meta":{"_jetpack_memberships_contains_paid_content":false,"footnotes":""},"categories":[7],"tags":[],"class_list":["post-7593","post","type-post","status-publish","format-standard","has-post-thumbnail","hentry","category-droits-humains"],"yoast_head":"<!-- This site is optimized with the Yoast SEO plugin v27.5 - https:\/\/yoast.com\/product\/yoast-seo-wordpress\/ -->\n<title>RDC\u00a0: L\u2019OIM aux c\u00f4t\u00e9s de la pr\u00e9sidence de la r\u00e9publique, r\u00e9it\u00e8re son engagement pour combattre la traite des personnes (Fils-Lien Ely Thelot) - Infos Droits Humains<\/title>\n<meta name=\"robots\" content=\"index, follow, max-snippet:-1, max-image-preview:large, max-video-preview:-1\" \/>\n<link rel=\"canonical\" href=\"https:\/\/infos-droitshumains.net\/?p=7593\" \/>\n<meta property=\"og:locale\" content=\"fr_FR\" \/>\n<meta property=\"og:type\" content=\"article\" \/>\n<meta property=\"og:title\" content=\"RDC\u00a0: L\u2019OIM aux c\u00f4t\u00e9s de la pr\u00e9sidence de la r\u00e9publique, r\u00e9it\u00e8re son engagement pour combattre la traite des personnes (Fils-Lien Ely Thelot) - Infos Droits Humains\" \/>\n<meta property=\"og:description\" content=\"R\u00e9daction :+243817406088 L\u2019humanit\u00e9 va c\u00e9l\u00e9brer ce dimanche 30 juillet, la journ\u00e9e internationale de la lutte...\" \/>\n<meta property=\"og:url\" content=\"https:\/\/infos-droitshumains.net\/?p=7593\" \/>\n<meta property=\"og:site_name\" content=\"Infos Droits Humains\" \/>\n<meta property=\"article:published_time\" content=\"2023-07-27T22:20:23+00:00\" \/>\n<meta property=\"article:modified_time\" content=\"2023-07-27T22:29:14+00:00\" \/>\n<meta property=\"og:image\" content=\"https:\/\/infos-droitshumains.net\/wp-content\/uploads\/2023\/07\/IMG_9750.jpg\" \/>\n\t<meta property=\"og:image:width\" content=\"643\" \/>\n\t<meta property=\"og:image:height\" content=\"461\" \/>\n\t<meta property=\"og:image:type\" content=\"image\/jpeg\" \/>\n<meta name=\"author\" content=\"Jo\u00ebl Diawa\" \/>\n<meta name=\"twitter:card\" content=\"summary_large_image\" \/>\n<meta name=\"twitter:label1\" content=\"\u00c9crit par\" \/>\n\t<meta name=\"twitter:data1\" content=\"Jo\u00ebl Diawa\" \/>\n\t<meta name=\"twitter:label2\" content=\"Dur\u00e9e de lecture estim\u00e9e\" \/>\n\t<meta name=\"twitter:data2\" content=\"3 minutes\" \/>\n<script type=\"application\/ld+json\" class=\"yoast-schema-graph\">{\"@context\":\"https:\\\/\\\/schema.org\",\"@graph\":[{\"@type\":\"Article\",\"@id\":\"https:\\\/\\\/infos-droitshumains.net\\\/?p=7593#article\",\"isPartOf\":{\"@id\":\"https:\\\/\\\/infos-droitshumains.net\\\/?p=7593\"},\"author\":{\"name\":\"Jo\u00ebl Diawa\",\"@id\":\"https:\\\/\\\/infos-droitshumains.net\\\/#\\\/schema\\\/person\\\/3dc5e921c3302172e0ed4362f96faab7\"},\"headline\":\"RDC\u00a0: L\u2019OIM aux c\u00f4t\u00e9s de la pr\u00e9sidence de la r\u00e9publique, r\u00e9it\u00e8re son engagement pour combattre la traite des personnes (Fils-Lien Ely Thelot)\",\"datePublished\":\"2023-07-27T22:20:23+00:00\",\"dateModified\":\"2023-07-27T22:29:14+00:00\",\"mainEntityOfPage\":{\"@id\":\"https:\\\/\\\/infos-droitshumains.net\\\/?p=7593\"},\"wordCount\":545,\"commentCount\":0,\"publisher\":{\"@id\":\"https:\\\/\\\/infos-droitshumains.net\\\/#organization\"},\"image\":{\"@id\":\"https:\\\/\\\/infos-droitshumains.net\\\/?p=7593#primaryimage\"},\"thumbnailUrl\":\"https:\\\/\\\/i0.wp.com\\\/infos-droitshumains.net\\\/wp-content\\\/uploads\\\/2023\\\/07\\\/IMG_9750.jpg?fit=643%2C461&ssl=1\",\"articleSection\":[\"Droits Humains\"],\"inLanguage\":\"fr-FR\",\"potentialAction\":[{\"@type\":\"CommentAction\",\"name\":\"Comment\",\"target\":[\"https:\\\/\\\/infos-droitshumains.net\\\/?p=7593#respond\"]}]},{\"@type\":\"WebPage\",\"@id\":\"https:\\\/\\\/infos-droitshumains.net\\\/?p=7593\",\"url\":\"https:\\\/\\\/infos-droitshumains.net\\\/?p=7593\",\"name\":\"RDC\u00a0: L\u2019OIM aux c\u00f4t\u00e9s de la pr\u00e9sidence de la r\u00e9publique, r\u00e9it\u00e8re son engagement pour combattre la traite des personnes (Fils-Lien Ely Thelot) - Infos Droits Humains\",\"isPartOf\":{\"@id\":\"https:\\\/\\\/infos-droitshumains.net\\\/#website\"},\"primaryImageOfPage\":{\"@id\":\"https:\\\/\\\/infos-droitshumains.net\\\/?p=7593#primaryimage\"},\"image\":{\"@id\":\"https:\\\/\\\/infos-droitshumains.net\\\/?p=7593#primaryimage\"},\"thumbnailUrl\":\"https:\\\/\\\/i0.wp.com\\\/infos-droitshumains.net\\\/wp-content\\\/uploads\\\/2023\\\/07\\\/IMG_9750.jpg?fit=643%2C461&ssl=1\",\"datePublished\":\"2023-07-27T22:20:23+00:00\",\"dateModified\":\"2023-07-27T22:29:14+00:00\",\"breadcrumb\":{\"@id\":\"https:\\\/\\\/infos-droitshumains.net\\\/?p=7593#breadcrumb\"},\"inLanguage\":\"fr-FR\",\"potentialAction\":[{\"@type\":\"ReadAction\",\"target\":[\"https:\\\/\\\/infos-droitshumains.net\\\/?p=7593\"]}]},{\"@type\":\"ImageObject\",\"inLanguage\":\"fr-FR\",\"@id\":\"https:\\\/\\\/infos-droitshumains.net\\\/?p=7593#primaryimage\",\"url\":\"https:\\\/\\\/i0.wp.com\\\/infos-droitshumains.net\\\/wp-content\\\/uploads\\\/2023\\\/07\\\/IMG_9750.jpg?fit=643%2C461&ssl=1\",\"contentUrl\":\"https:\\\/\\\/i0.wp.com\\\/infos-droitshumains.net\\\/wp-content\\\/uploads\\\/2023\\\/07\\\/IMG_9750.jpg?fit=643%2C461&ssl=1\",\"width\":643,\"height\":461},{\"@type\":\"BreadcrumbList\",\"@id\":\"https:\\\/\\\/infos-droitshumains.net\\\/?p=7593#breadcrumb\",\"itemListElement\":[{\"@type\":\"ListItem\",\"position\":1,\"name\":\"Accueil\",\"item\":\"https:\\\/\\\/infos-droitshumains.net\\\/\"},{\"@type\":\"ListItem\",\"position\":2,\"name\":\"RDC\u00a0: L\u2019OIM aux c\u00f4t\u00e9s de la pr\u00e9sidence de la r\u00e9publique, r\u00e9it\u00e8re son engagement pour combattre la traite des personnes (Fils-Lien Ely Thelot)\"}]},{\"@type\":\"WebSite\",\"@id\":\"https:\\\/\\\/infos-droitshumains.net\\\/#website\",\"url\":\"https:\\\/\\\/infos-droitshumains.net\\\/\",\"name\":\"Infos Droits Humains\",\"description\":\"S&#039;informer est un droit\",\"publisher\":{\"@id\":\"https:\\\/\\\/infos-droitshumains.net\\\/#organization\"},\"potentialAction\":[{\"@type\":\"SearchAction\",\"target\":{\"@type\":\"EntryPoint\",\"urlTemplate\":\"https:\\\/\\\/infos-droitshumains.net\\\/?s={search_term_string}\"},\"query-input\":{\"@type\":\"PropertyValueSpecification\",\"valueRequired\":true,\"valueName\":\"search_term_string\"}}],\"inLanguage\":\"fr-FR\"},{\"@type\":\"Organization\",\"@id\":\"https:\\\/\\\/infos-droitshumains.net\\\/#organization\",\"name\":\"Infos Droits Humains\",\"url\":\"https:\\\/\\\/infos-droitshumains.net\\\/\",\"logo\":{\"@type\":\"ImageObject\",\"inLanguage\":\"fr-FR\",\"@id\":\"https:\\\/\\\/infos-droitshumains.net\\\/#\\\/schema\\\/logo\\\/image\\\/\",\"url\":\"https:\\\/\\\/i0.wp.com\\\/infos-droitshumains.net\\\/wp-content\\\/uploads\\\/2022\\\/05\\\/Logo.png?fit=333%2C129&ssl=1\",\"contentUrl\":\"https:\\\/\\\/i0.wp.com\\\/infos-droitshumains.net\\\/wp-content\\\/uploads\\\/2022\\\/05\\\/Logo.png?fit=333%2C129&ssl=1\",\"width\":333,\"height\":129,\"caption\":\"Infos Droits Humains\"},\"image\":{\"@id\":\"https:\\\/\\\/infos-droitshumains.net\\\/#\\\/schema\\\/logo\\\/image\\\/\"}},{\"@type\":\"Person\",\"@id\":\"https:\\\/\\\/infos-droitshumains.net\\\/#\\\/schema\\\/person\\\/3dc5e921c3302172e0ed4362f96faab7\",\"name\":\"Jo\u00ebl Diawa\",\"image\":{\"@type\":\"ImageObject\",\"inLanguage\":\"fr-FR\",\"@id\":\"https:\\\/\\\/secure.gravatar.com\\\/avatar\\\/729bea6ff4604c624417803c477363be8e3c7186deaa65713313f9b4b820f41c?s=96&d=mm&r=g\",\"url\":\"https:\\\/\\\/secure.gravatar.com\\\/avatar\\\/729bea6ff4604c624417803c477363be8e3c7186deaa65713313f9b4b820f41c?s=96&d=mm&r=g\",\"contentUrl\":\"https:\\\/\\\/secure.gravatar.com\\\/avatar\\\/729bea6ff4604c624417803c477363be8e3c7186deaa65713313f9b4b820f41c?s=96&d=mm&r=g\",\"caption\":\"Jo\u00ebl Diawa\"},\"sameAs\":[\"https:\\\/\\\/www.infos-droitshumains.net\"],\"url\":\"https:\\\/\\\/infos-droitshumains.net\\\/?author=2\"}]}<\/script>\n<!-- \/ Yoast SEO plugin. -->","yoast_head_json":{"title":"RDC\u00a0: L\u2019OIM aux c\u00f4t\u00e9s de la pr\u00e9sidence de la r\u00e9publique, r\u00e9it\u00e8re son engagement pour combattre la traite des personnes (Fils-Lien Ely Thelot) - Infos Droits Humains","robots":{"index":"index","follow":"follow","max-snippet":"max-snippet:-1","max-image-preview":"max-image-preview:large","max-video-preview":"max-video-preview:-1"},"canonical":"https:\/\/infos-droitshumains.net\/?p=7593","og_locale":"fr_FR","og_type":"article","og_title":"RDC\u00a0: L\u2019OIM aux c\u00f4t\u00e9s de la pr\u00e9sidence de la r\u00e9publique, r\u00e9it\u00e8re son engagement pour combattre la traite des personnes (Fils-Lien Ely Thelot) - Infos Droits Humains","og_description":"R\u00e9daction :+243817406088 L\u2019humanit\u00e9 va c\u00e9l\u00e9brer ce dimanche 30 juillet, la journ\u00e9e internationale de la lutte...","og_url":"https:\/\/infos-droitshumains.net\/?p=7593","og_site_name":"Infos Droits Humains","article_published_time":"2023-07-27T22:20:23+00:00","article_modified_time":"2023-07-27T22:29:14+00:00","og_image":[{"width":643,"height":461,"url":"https:\/\/infos-droitshumains.net\/wp-content\/uploads\/2023\/07\/IMG_9750.jpg","type":"image\/jpeg"}],"author":"Jo\u00ebl Diawa","twitter_card":"summary_large_image","twitter_misc":{"\u00c9crit par":"Jo\u00ebl Diawa","Dur\u00e9e de lecture estim\u00e9e":"3 minutes"},"schema":{"@context":"https:\/\/schema.org","@graph":[{"@type":"Article","@id":"https:\/\/infos-droitshumains.net\/?p=7593#article","isPartOf":{"@id":"https:\/\/infos-droitshumains.net\/?p=7593"},"author":{"name":"Jo\u00ebl Diawa","@id":"https:\/\/infos-droitshumains.net\/#\/schema\/person\/3dc5e921c3302172e0ed4362f96faab7"},"headline":"RDC\u00a0: L\u2019OIM aux c\u00f4t\u00e9s de la pr\u00e9sidence de la r\u00e9publique, r\u00e9it\u00e8re son engagement pour combattre la traite des personnes (Fils-Lien Ely Thelot)","datePublished":"2023-07-27T22:20:23+00:00","dateModified":"2023-07-27T22:29:14+00:00","mainEntityOfPage":{"@id":"https:\/\/infos-droitshumains.net\/?p=7593"},"wordCount":545,"commentCount":0,"publisher":{"@id":"https:\/\/infos-droitshumains.net\/#organization"},"image":{"@id":"https:\/\/infos-droitshumains.net\/?p=7593#primaryimage"},"thumbnailUrl":"https:\/\/i0.wp.com\/infos-droitshumains.net\/wp-content\/uploads\/2023\/07\/IMG_9750.jpg?fit=643%2C461&ssl=1","articleSection":["Droits Humains"],"inLanguage":"fr-FR","potentialAction":[{"@type":"CommentAction","name":"Comment","target":["https:\/\/infos-droitshumains.net\/?p=7593#respond"]}]},{"@type":"WebPage","@id":"https:\/\/infos-droitshumains.net\/?p=7593","url":"https:\/\/infos-droitshumains.net\/?p=7593","name":"RDC\u00a0: L\u2019OIM aux c\u00f4t\u00e9s de la pr\u00e9sidence de la r\u00e9publique, r\u00e9it\u00e8re son engagement pour combattre la traite des personnes (Fils-Lien Ely Thelot) - Infos Droits Humains","isPartOf":{"@id":"https:\/\/infos-droitshumains.net\/#website"},"primaryImageOfPage":{"@id":"https:\/\/infos-droitshumains.net\/?p=7593#primaryimage"},"image":{"@id":"https:\/\/infos-droitshumains.net\/?p=7593#primaryimage"},"thumbnailUrl":"https:\/\/i0.wp.com\/infos-droitshumains.net\/wp-content\/uploads\/2023\/07\/IMG_9750.jpg?fit=643%2C461&ssl=1","datePublished":"2023-07-27T22:20:23+00:00","dateModified":"2023-07-27T22:29:14+00:00","breadcrumb":{"@id":"https:\/\/infos-droitshumains.net\/?p=7593#breadcrumb"},"inLanguage":"fr-FR","potentialAction":[{"@type":"ReadAction","target":["https:\/\/infos-droitshumains.net\/?p=7593"]}]},{"@type":"ImageObject","inLanguage":"fr-FR","@id":"https:\/\/infos-droitshumains.net\/?p=7593#primaryimage","url":"https:\/\/i0.wp.com\/infos-droitshumains.net\/wp-content\/uploads\/2023\/07\/IMG_9750.jpg?fit=643%2C461&ssl=1","contentUrl":"https:\/\/i0.wp.com\/infos-droitshumains.net\/wp-content\/uploads\/2023\/07\/IMG_9750.jpg?fit=643%2C461&ssl=1","width":643,"height":461},{"@type":"BreadcrumbList","@id":"https:\/\/infos-droitshumains.net\/?p=7593#breadcrumb","itemListElement":[{"@type":"ListItem","position":1,"name":"Accueil","item":"https:\/\/infos-droitshumains.net\/"},{"@type":"ListItem","position":2,"name":"RDC\u00a0: L\u2019OIM aux c\u00f4t\u00e9s de la pr\u00e9sidence de la r\u00e9publique, r\u00e9it\u00e8re son engagement pour combattre la traite des personnes (Fils-Lien Ely Thelot)"}]},{"@type":"WebSite","@id":"https:\/\/infos-droitshumains.net\/#website","url":"https:\/\/infos-droitshumains.net\/","name":"Infos Droits Humains","description":"S&#039;informer est un droit","publisher":{"@id":"https:\/\/infos-droitshumains.net\/#organization"},"potentialAction":[{"@type":"SearchAction","target":{"@type":"EntryPoint","urlTemplate":"https:\/\/infos-droitshumains.net\/?s={search_term_string}"},"query-input":{"@type":"PropertyValueSpecification","valueRequired":true,"valueName":"search_term_string"}}],"inLanguage":"fr-FR"},{"@type":"Organization","@id":"https:\/\/infos-droitshumains.net\/#organization","name":"Infos Droits Humains","url":"https:\/\/infos-droitshumains.net\/","logo":{"@type":"ImageObject","inLanguage":"fr-FR","@id":"https:\/\/infos-droitshumains.net\/#\/schema\/logo\/image\/","url":"https:\/\/i0.wp.com\/infos-droitshumains.net\/wp-content\/uploads\/2022\/05\/Logo.png?fit=333%2C129&ssl=1","contentUrl":"https:\/\/i0.wp.com\/infos-droitshumains.net\/wp-content\/uploads\/2022\/05\/Logo.png?fit=333%2C129&ssl=1","width":333,"height":129,"caption":"Infos Droits Humains"},"image":{"@id":"https:\/\/infos-droitshumains.net\/#\/schema\/logo\/image\/"}},{"@type":"Person","@id":"https:\/\/infos-droitshumains.net\/#\/schema\/person\/3dc5e921c3302172e0ed4362f96faab7","name":"Jo\u00ebl Diawa","image":{"@type":"ImageObject","inLanguage":"fr-FR","@id":"https:\/\/secure.gravatar.com\/avatar\/729bea6ff4604c624417803c477363be8e3c7186deaa65713313f9b4b820f41c?s=96&d=mm&r=g","url":"https:\/\/secure.gravatar.com\/avatar\/729bea6ff4604c624417803c477363be8e3c7186deaa65713313f9b4b820f41c?s=96&d=mm&r=g","contentUrl":"https:\/\/secure.gravatar.com\/avatar\/729bea6ff4604c624417803c477363be8e3c7186deaa65713313f9b4b820f41c?s=96&d=mm&r=g","caption":"Jo\u00ebl Diawa"},"sameAs":["https:\/\/www.infos-droitshumains.net"],"url":"https:\/\/infos-droitshumains.net\/?author=2"}]}},"featured_image_urls":{"full":["https:\/\/i0.wp.com\/infos-droitshumains.net\/wp-content\/uploads\/2023\/07\/IMG_9750.jpg?fit=643%2C461&ssl=1",643,461,false],"thumbnail":["https:\/\/i0.wp.com\/infos-droitshumains.net\/wp-content\/uploads\/2023\/07\/IMG_9750.jpg?resize=150%2C150&ssl=1",150,150,true],"medium":["https:\/\/i0.wp.com\/infos-droitshumains.net\/wp-content\/uploads\/2023\/07\/IMG_9750.jpg?fit=300%2C215&ssl=1",300,215,true],"medium_large":["https:\/\/i0.wp.com\/infos-droitshumains.net\/wp-content\/uploads\/2023\/07\/IMG_9750.jpg?fit=640%2C459&ssl=1",640,459,true],"large":["https:\/\/i0.wp.com\/infos-droitshumains.net\/wp-content\/uploads\/2023\/07\/IMG_9750.jpg?fit=640%2C459&ssl=1",640,459,true],"1536x1536":["https:\/\/i0.wp.com\/infos-droitshumains.net\/wp-content\/uploads\/2023\/07\/IMG_9750.jpg?fit=643%2C461&ssl=1",643,461,true],"2048x2048":["https:\/\/i0.wp.com\/infos-droitshumains.net\/wp-content\/uploads\/2023\/07\/IMG_9750.jpg?fit=643%2C461&ssl=1",643,461,true],"covernews-slider-full":["https:\/\/i0.wp.com\/infos-droitshumains.net\/wp-content\/uploads\/2023\/07\/IMG_9750.jpg?resize=643%2C461&ssl=1",643,461,true],"covernews-slider-center":["https:\/\/i0.wp.com\/infos-droitshumains.net\/wp-content\/uploads\/2023\/07\/IMG_9750.jpg?resize=643%2C461&ssl=1",643,461,true],"covernews-featured":["https:\/\/i0.wp.com\/infos-droitshumains.net\/wp-content\/uploads\/2023\/07\/IMG_9750.jpg?fit=643%2C461&ssl=1",643,461,true],"covernews-medium":["https:\/\/i0.wp.com\/infos-droitshumains.net\/wp-content\/uploads\/2023\/07\/IMG_9750.jpg?resize=540%2C340&ssl=1",540,340,true],"covernews-medium-square":["https:\/\/i0.wp.com\/infos-droitshumains.net\/wp-content\/uploads\/2023\/07\/IMG_9750.jpg?resize=400%2C250&ssl=1",400,250,true]},"author_info":{"display_name":"Jo\u00ebl Diawa","author_link":"https:\/\/infos-droitshumains.net\/?author=2"},"category_info":"<a href=\"https:\/\/infos-droitshumains.net\/?cat=7\" rel=\"category\">Droits Humains<\/a>","tag_info":"Droits Humains","comment_count":"0","jetpack_featured_media_url":"https:\/\/i0.wp.com\/infos-droitshumains.net\/wp-content\/uploads\/2023\/07\/IMG_9750.jpg?fit=643%2C461&ssl=1","jetpack-related-posts":[],"jetpack_sharing_enabled":true,"_links":{"self":[{"href":"https:\/\/infos-droitshumains.net\/index.php?rest_route=\/wp\/v2\/posts\/7593","targetHints":{"allow":["GET"]}}],"collection":[{"href":"https:\/\/infos-droitshumains.net\/index.php?rest_route=\/wp\/v2\/posts"}],"about":[{"href":"https:\/\/infos-droitshumains.net\/index.php?rest_route=\/wp\/v2\/types\/post"}],"author":[{"embeddable":true,"href":"https:\/\/infos-droitshumains.net\/index.php?rest_route=\/wp\/v2\/users\/2"}],"replies":[{"embeddable":true,"href":"https:\/\/infos-droitshumains.net\/index.php?rest_route=%2Fwp%2Fv2%2Fcomments&post=7593"}],"version-history":[{"count":3,"href":"https:\/\/infos-droitshumains.net\/index.php?rest_route=\/wp\/v2\/posts\/7593\/revisions"}],"predecessor-version":[{"id":7597,"href":"https:\/\/infos-droitshumains.net\/index.php?rest_route=\/wp\/v2\/posts\/7593\/revisions\/7597"}],"wp:featuredmedia":[{"embeddable":true,"href":"https:\/\/infos-droitshumains.net\/index.php?rest_route=\/wp\/v2\/media\/7594"}],"wp:attachment":[{"href":"https:\/\/infos-droitshumains.net\/index.php?rest_route=%2Fwp%2Fv2%2Fmedia&parent=7593"}],"wp:term":[{"taxonomy":"category","embeddable":true,"href":"https:\/\/infos-droitshumains.net\/index.php?rest_route=%2Fwp%2Fv2%2Fcategories&post=7593"},{"taxonomy":"post_tag","embeddable":true,"href":"https:\/\/infos-droitshumains.net\/index.php?rest_route=%2Fwp%2Fv2%2Ftags&post=7593"}],"curies":[{"name":"wp","href":"https:\/\/api.w.org\/{rel}","templated":true}]}}