{"id":7564,"date":"2023-07-26T22:05:48","date_gmt":"2023-07-26T20:05:48","guid":{"rendered":"https:\/\/infos-droitshumains.net\/?p=7564"},"modified":"2023-07-26T22:05:50","modified_gmt":"2023-07-26T20:05:50","slug":"kinshasa-a-quelques-mois-de-la-tenue-des-elections-steve-mulumba-outille-les-communicateurs-de-ludps-mont-amba","status":"publish","type":"post","link":"https:\/\/infos-droitshumains.net\/?p=7564","title":{"rendered":"Kinshasa\u00a0: A quelques mois de la tenue des \u00e9lections, Steve Mulumba outille les communicateurs de l\u2019UDPS\/Mont-Amba"},"content":{"rendered":"\n<p><strong>R\u00e9daction :+243817406088<\/strong><\/p>\n\n\n\n<h4 class=\"wp-block-heading has-vivid-red-color has-text-color\">Outiller les communicateurs de l\u2019Union pour la D\u00e9mocratie et le Progr\u00e8s Social\/F\u00e9d\u00e9ration du Mont-Amba \u00e0 quelques mois de la tenue des \u00e9lections g\u00e9n\u00e9rales en R\u00e9publique D\u00e9mocratique du Congo, C\u2019est l\u2019objectif poursuivi par cet atelier de formation sur \u00ab\u00a0la communication politique et institutionnelle en p\u00e9riode pr\u00e9-\u00e9lectorale\u00a0\u00bb organis\u00e9 du 26 au 27 juillet 2023 par Steve Mulumba Nkongolo, d\u00e9put\u00e9 provincial \u00e9lu de la circonscription de Lemba et Secr\u00e9taire F\u00e9d\u00e9ral Charg\u00e9 de la communication, information et m\u00e9dia de l\u2019UDPS Mont-Amba.<\/h4>\n\n\n\n<figure class=\"wp-block-image alignfull size-large\"><img data-recalc-dims=\"1\" fetchpriority=\"high\" decoding=\"async\" width=\"640\" height=\"427\" src=\"https:\/\/i0.wp.com\/infos-droitshumains.net\/wp-content\/uploads\/2023\/07\/IMG-20230726-WA0074.jpg?resize=640%2C427&#038;ssl=1\" alt=\"\" class=\"wp-image-7565\" srcset=\"https:\/\/i0.wp.com\/infos-droitshumains.net\/wp-content\/uploads\/2023\/07\/IMG-20230726-WA0074.jpg?resize=1024%2C683&amp;ssl=1 1024w, https:\/\/i0.wp.com\/infos-droitshumains.net\/wp-content\/uploads\/2023\/07\/IMG-20230726-WA0074.jpg?resize=300%2C200&amp;ssl=1 300w, https:\/\/i0.wp.com\/infos-droitshumains.net\/wp-content\/uploads\/2023\/07\/IMG-20230726-WA0074.jpg?resize=768%2C512&amp;ssl=1 768w, https:\/\/i0.wp.com\/infos-droitshumains.net\/wp-content\/uploads\/2023\/07\/IMG-20230726-WA0074.jpg?w=1080&amp;ssl=1 1080w\" sizes=\"(max-width: 640px) 100vw, 640px\" \/><\/figure>\n\n\n\n<figure class=\"wp-block-image alignfull size-large\"><img data-recalc-dims=\"1\" decoding=\"async\" width=\"640\" height=\"427\" src=\"https:\/\/i0.wp.com\/infos-droitshumains.net\/wp-content\/uploads\/2023\/07\/IMG-20230726-WA0080.jpg?resize=640%2C427&#038;ssl=1\" alt=\"\" class=\"wp-image-7566\" srcset=\"https:\/\/i0.wp.com\/infos-droitshumains.net\/wp-content\/uploads\/2023\/07\/IMG-20230726-WA0080.jpg?resize=1024%2C683&amp;ssl=1 1024w, https:\/\/i0.wp.com\/infos-droitshumains.net\/wp-content\/uploads\/2023\/07\/IMG-20230726-WA0080.jpg?resize=300%2C200&amp;ssl=1 300w, https:\/\/i0.wp.com\/infos-droitshumains.net\/wp-content\/uploads\/2023\/07\/IMG-20230726-WA0080.jpg?resize=768%2C512&amp;ssl=1 768w, https:\/\/i0.wp.com\/infos-droitshumains.net\/wp-content\/uploads\/2023\/07\/IMG-20230726-WA0080.jpg?w=1080&amp;ssl=1 1080w\" sizes=\"(max-width: 640px) 100vw, 640px\" \/><\/figure>\n\n\n\n<p>Il s\u2019agit plus pr\u00e9cis\u00e9ment de donner \u00e0 ces communicateurs les armes mentales et \u00e9l\u00e9ments de langage afin de soutenir leurs d\u00e9bats.<\/p>\n\n\n\n<p><em>\u00ab\u00a0J\u2019ai pens\u00e9 \u00e0 cette s\u00e9ance pour que tous (communicateurs) puissent se mettre \u00e0 niveau. Nous avons beaucoup de communicateurs au sein de notre parti, et certains parmi eux ne sont pas \u00e9quip\u00e9s. Aujourd\u2019hui nous sommes pass\u00e9 par cette formation qui va les apprendre comment communiquer et \u00e0 donner la bonne information\u2026chaque personne qui se dit communicateur au sein de la f\u00e9d\u00e9ration Mont-Amba puisse avoir au moins les BAB de la communication et savoir comment communiquer\u2026 Il y a plusieurs personnes qui communiquent pour le Pr\u00e9sident de la R\u00e9publique et pour l\u2019UDPS, il s\u2019agit ici aussi de les apprendre comment communiquer\u00bb<\/em>, a dit le d\u00e9put\u00e9 Steve Mulumba qui, en d\u00e9pit du temps imparti, se montre satisfait.<\/p>\n\n\n\n<figure class=\"wp-block-image alignfull size-large\"><img data-recalc-dims=\"1\" decoding=\"async\" width=\"640\" height=\"960\" src=\"https:\/\/i0.wp.com\/infos-droitshumains.net\/wp-content\/uploads\/2023\/07\/IMG-20230726-WA0072.jpg?resize=640%2C960&#038;ssl=1\" alt=\"\" class=\"wp-image-7567\" srcset=\"https:\/\/i0.wp.com\/infos-droitshumains.net\/wp-content\/uploads\/2023\/07\/IMG-20230726-WA0072.jpg?resize=683%2C1024&amp;ssl=1 683w, https:\/\/i0.wp.com\/infos-droitshumains.net\/wp-content\/uploads\/2023\/07\/IMG-20230726-WA0072.jpg?resize=200%2C300&amp;ssl=1 200w, https:\/\/i0.wp.com\/infos-droitshumains.net\/wp-content\/uploads\/2023\/07\/IMG-20230726-WA0072.jpg?w=720&amp;ssl=1 720w\" sizes=\"(max-width: 640px) 100vw, 640px\" \/><\/figure>\n\n\n\n<p><em>\u00ab&nbsp;C\u2019est vrai que le temps est cours, mais je dois aussi vous dire que cette formation se fait de mani\u00e8re andragogique et, les gens qui y participent sont d\u00e9j\u00e0 bien outill\u00e9s et vont par l\u2019entremise des formateurs, pouvoir en magazine les \u00e9l\u00e9ments qui sont plus important pour pouvoir leurs permettre d\u2019\u00eatre sur terrain surtout dans cette p\u00e9riode pr\u00e9\u00e9lectorale&nbsp;\u00bb.<\/em><\/p>\n\n\n\n<p>Une premi\u00e8re au sein du parti pr\u00e9sidentiel; les participants se sont montr\u00e9s tr\u00e8s enthousiasmants face \u00e0 cette initiative de cet \u00e9lu de la commune de Lemba. Une formation \u00e0 l\u2019issue de laquelle, Steve Mulumba Nkongolo promet d\u2019en rendre compte \u00e0 la <em>\u00ab\u00a0hi\u00e9rarchie\u00a0\u00bb<\/em> du parti puis, la demander qu\u2019une telle formation soit <em>\u00ab\u00a0dupliquer dans d\u2019autres f\u00e9d\u00e9rations\u00a0\u00bb.<\/em><\/p>\n\n\n\n<figure class=\"wp-block-image alignfull size-large\"><img data-recalc-dims=\"1\" loading=\"lazy\" decoding=\"async\" width=\"640\" height=\"427\" src=\"https:\/\/i0.wp.com\/infos-droitshumains.net\/wp-content\/uploads\/2023\/07\/IMG-20230726-WA0065.jpg?resize=640%2C427&#038;ssl=1\" alt=\"\" class=\"wp-image-7568\" srcset=\"https:\/\/i0.wp.com\/infos-droitshumains.net\/wp-content\/uploads\/2023\/07\/IMG-20230726-WA0065.jpg?resize=1024%2C683&amp;ssl=1 1024w, https:\/\/i0.wp.com\/infos-droitshumains.net\/wp-content\/uploads\/2023\/07\/IMG-20230726-WA0065.jpg?resize=300%2C200&amp;ssl=1 300w, https:\/\/i0.wp.com\/infos-droitshumains.net\/wp-content\/uploads\/2023\/07\/IMG-20230726-WA0065.jpg?resize=768%2C512&amp;ssl=1 768w, https:\/\/i0.wp.com\/infos-droitshumains.net\/wp-content\/uploads\/2023\/07\/IMG-20230726-WA0065.jpg?w=1080&amp;ssl=1 1080w\" sizes=\"(max-width: 640px) 100vw, 640px\" \/><\/figure>\n\n\n\n<p><em>\u00ab\u00a0C\u2019est pour moi un \u00e9tonnement. Il me semble que dans l\u2019histoire des organisations politiques de mon pays, je n\u2019ai pas une bonne souvenance des politiciens qui tiennent des activ\u00e9s comme c\u2019est le cas aujourd\u2019hui. Je voudrai dire que c\u2019est une belle initiative qui s\u2019amorce, mais mon souhait est que \u00e7a soit une initiative qui dure et qui aille tr\u00e8s loin\u00a0\u00bb<\/em>, s\u2019est r\u00e9jouis Ben Mulumba, animateur culturel qui a mod\u00e9r\u00e9 l\u2019atelier.<\/p>\n\n\n\n<figure class=\"wp-block-image alignfull size-large\"><img data-recalc-dims=\"1\" loading=\"lazy\" decoding=\"async\" width=\"640\" height=\"427\" src=\"https:\/\/i0.wp.com\/infos-droitshumains.net\/wp-content\/uploads\/2023\/07\/IMG-20230726-WA0061.jpg?resize=640%2C427&#038;ssl=1\" alt=\"\" class=\"wp-image-7571\" srcset=\"https:\/\/i0.wp.com\/infos-droitshumains.net\/wp-content\/uploads\/2023\/07\/IMG-20230726-WA0061.jpg?resize=1024%2C683&amp;ssl=1 1024w, https:\/\/i0.wp.com\/infos-droitshumains.net\/wp-content\/uploads\/2023\/07\/IMG-20230726-WA0061.jpg?resize=300%2C200&amp;ssl=1 300w, https:\/\/i0.wp.com\/infos-droitshumains.net\/wp-content\/uploads\/2023\/07\/IMG-20230726-WA0061.jpg?resize=768%2C512&amp;ssl=1 768w, https:\/\/i0.wp.com\/infos-droitshumains.net\/wp-content\/uploads\/2023\/07\/IMG-20230726-WA0061.jpg?w=1080&amp;ssl=1 1080w\" sizes=\"(max-width: 640px) 100vw, 640px\" \/><\/figure>\n\n\n\n<p>En organisant cette formation, Steve Mulumba n\u2019a fait qu\u2019ex\u00e9cuter la vision du Pr\u00e9sident de la R\u00e9publique a pour sa part d\u00e9clar\u00e9 Patrick Mpiana, secr\u00e9taire f\u00e9d\u00e9ral charg\u00e9 d\u2019\u00e9tude et planification de l\u2019UDPS Mont-Amba.<\/p>\n\n\n\n<figure class=\"wp-block-image alignfull size-large\"><img data-recalc-dims=\"1\" loading=\"lazy\" decoding=\"async\" width=\"640\" height=\"427\" src=\"https:\/\/i0.wp.com\/infos-droitshumains.net\/wp-content\/uploads\/2023\/07\/IMG-20230726-WA0073.jpg?resize=640%2C427&#038;ssl=1\" alt=\"\" class=\"wp-image-7570\" srcset=\"https:\/\/i0.wp.com\/infos-droitshumains.net\/wp-content\/uploads\/2023\/07\/IMG-20230726-WA0073.jpg?resize=1024%2C683&amp;ssl=1 1024w, https:\/\/i0.wp.com\/infos-droitshumains.net\/wp-content\/uploads\/2023\/07\/IMG-20230726-WA0073.jpg?resize=300%2C200&amp;ssl=1 300w, https:\/\/i0.wp.com\/infos-droitshumains.net\/wp-content\/uploads\/2023\/07\/IMG-20230726-WA0073.jpg?resize=768%2C512&amp;ssl=1 768w, https:\/\/i0.wp.com\/infos-droitshumains.net\/wp-content\/uploads\/2023\/07\/IMG-20230726-WA0073.jpg?w=1080&amp;ssl=1 1080w\" sizes=\"(max-width: 640px) 100vw, 640px\" \/><\/figure>\n\n\n\n<p><em>\u00ab Le Chef de l\u2019Etat a toujours dit qu\u2019il faut mettre l\u2019homme au centre de tout, c\u2019est ce que l\u2019honorable Steve Mulumba a fait en portant cette initiative au niveau de la F\u00e9d\u00e9ration. Nous avions jug\u00e9 bon de l\u2019accompagner &nbsp;Les \u00e9lections arrivent, on a toujours dit que nous l\u2019UDPS, voir m\u00eame l\u2019Union Sacr\u00e9e, nous pr\u00e9parons les \u00e9lections de sorte que nous puissions donner au Chef de l\u2019Etat une majorit\u00e9 sans concurrent par le fait que nous nous sommes pr\u00e9par\u00e9s. Apr\u00e8s les activit\u00e9s pendant la p\u00e9riode de d\u00e9p\u00f4t des candidatures, nous pr\u00e9parons nos communicateurs pour qu\u2019ils soient \u00e0 la hauteur de telle sorte que le message d\u2019un bilan positif de son Excellence Monsieur le Pr\u00e9sident de la R\u00e9publique F\u00e9lix-Antoine Tshisekedi puisse \u00eatre bien auditionn\u00e9 par les congolais&nbsp;\u00bb<\/em>, a-t-il indiqu\u00e9.<\/p>\n\n\n\n<p>Cet atelier qui a r\u00e9pondu \u00e0 la demande de l\u2019UDPS f\u00e9d\u00e9ration du Mont-Amba d\u2019une communication \u00e9loquente \u00e0 m\u00eame de dynamiser et galvaniser ses membres est parrain\u00e9 par le Vice-Premier Ministre, Ministre de l\u2019int\u00e9rieur Peter Kazadi qui est cadre de ce parti. Ce dernier pourrait pr\u00e9sider la c\u00e9r\u00e9monie de cl\u00f4ture pr\u00e9vue le samedi 29 juillet.<\/p>\n\n\n\n<p>Jo\u00ebl Diawa<\/p>\n","protected":false},"excerpt":{"rendered":"<p>R\u00e9daction :+243817406088 Outiller les communicateurs de l\u2019Union pour la D\u00e9mocratie et le Progr\u00e8s Social\/F\u00e9d\u00e9ration du&#8230;<\/p>\n","protected":false},"author":2,"featured_media":7572,"comment_status":"open","ping_status":"open","sticky":false,"template":"","format":"standard","meta":{"_jetpack_memberships_contains_paid_content":false,"footnotes":""},"categories":[3],"tags":[],"class_list":["post-7564","post","type-post","status-publish","format-standard","has-post-thumbnail","hentry","category-politique"],"yoast_head":"<!-- This site is optimized with the Yoast SEO plugin v27.5 - https:\/\/yoast.com\/product\/yoast-seo-wordpress\/ -->\n<title>Kinshasa\u00a0: A quelques mois de la tenue des \u00e9lections, Steve Mulumba outille les communicateurs de l\u2019UDPS\/Mont-Amba - Infos Droits Humains<\/title>\n<meta name=\"robots\" content=\"index, follow, max-snippet:-1, max-image-preview:large, max-video-preview:-1\" \/>\n<link rel=\"canonical\" href=\"https:\/\/infos-droitshumains.net\/?p=7564\" \/>\n<meta property=\"og:locale\" content=\"fr_FR\" \/>\n<meta property=\"og:type\" content=\"article\" \/>\n<meta property=\"og:title\" content=\"Kinshasa\u00a0: A quelques mois de la tenue des \u00e9lections, Steve Mulumba outille les communicateurs de l\u2019UDPS\/Mont-Amba - Infos Droits Humains\" \/>\n<meta property=\"og:description\" content=\"R\u00e9daction :+243817406088 Outiller les communicateurs de l\u2019Union pour la D\u00e9mocratie et le Progr\u00e8s Social\/F\u00e9d\u00e9ration du...\" \/>\n<meta property=\"og:url\" content=\"https:\/\/infos-droitshumains.net\/?p=7564\" \/>\n<meta property=\"og:site_name\" content=\"Infos Droits Humains\" \/>\n<meta property=\"article:published_time\" content=\"2023-07-26T20:05:48+00:00\" \/>\n<meta property=\"article:modified_time\" content=\"2023-07-26T20:05:50+00:00\" \/>\n<meta property=\"og:image\" content=\"https:\/\/infos-droitshumains.net\/wp-content\/uploads\/2023\/07\/IMG-20230726-WA0084.jpg\" \/>\n\t<meta property=\"og:image:width\" content=\"720\" \/>\n\t<meta property=\"og:image:height\" content=\"1080\" \/>\n\t<meta property=\"og:image:type\" content=\"image\/jpeg\" \/>\n<meta name=\"author\" content=\"Jo\u00ebl Diawa\" \/>\n<meta name=\"twitter:card\" content=\"summary_large_image\" \/>\n<meta name=\"twitter:label1\" content=\"\u00c9crit par\" \/>\n\t<meta name=\"twitter:data1\" content=\"Jo\u00ebl Diawa\" \/>\n\t<meta name=\"twitter:label2\" content=\"Dur\u00e9e de lecture estim\u00e9e\" \/>\n\t<meta name=\"twitter:data2\" content=\"5 minutes\" \/>\n<script type=\"application\/ld+json\" class=\"yoast-schema-graph\">{\"@context\":\"https:\\\/\\\/schema.org\",\"@graph\":[{\"@type\":\"Article\",\"@id\":\"https:\\\/\\\/infos-droitshumains.net\\\/?p=7564#article\",\"isPartOf\":{\"@id\":\"https:\\\/\\\/infos-droitshumains.net\\\/?p=7564\"},\"author\":{\"name\":\"Jo\u00ebl Diawa\",\"@id\":\"https:\\\/\\\/infos-droitshumains.net\\\/#\\\/schema\\\/person\\\/3dc5e921c3302172e0ed4362f96faab7\"},\"headline\":\"Kinshasa\u00a0: A quelques mois de la tenue des \u00e9lections, Steve Mulumba outille les communicateurs de l\u2019UDPS\\\/Mont-Amba\",\"datePublished\":\"2023-07-26T20:05:48+00:00\",\"dateModified\":\"2023-07-26T20:05:50+00:00\",\"mainEntityOfPage\":{\"@id\":\"https:\\\/\\\/infos-droitshumains.net\\\/?p=7564\"},\"wordCount\":744,\"commentCount\":0,\"publisher\":{\"@id\":\"https:\\\/\\\/infos-droitshumains.net\\\/#organization\"},\"image\":{\"@id\":\"https:\\\/\\\/infos-droitshumains.net\\\/?p=7564#primaryimage\"},\"thumbnailUrl\":\"https:\\\/\\\/i0.wp.com\\\/infos-droitshumains.net\\\/wp-content\\\/uploads\\\/2023\\\/07\\\/IMG-20230726-WA0084.jpg?fit=720%2C1080&ssl=1\",\"articleSection\":[\"Politique\"],\"inLanguage\":\"fr-FR\",\"potentialAction\":[{\"@type\":\"CommentAction\",\"name\":\"Comment\",\"target\":[\"https:\\\/\\\/infos-droitshumains.net\\\/?p=7564#respond\"]}]},{\"@type\":\"WebPage\",\"@id\":\"https:\\\/\\\/infos-droitshumains.net\\\/?p=7564\",\"url\":\"https:\\\/\\\/infos-droitshumains.net\\\/?p=7564\",\"name\":\"Kinshasa\u00a0: A quelques mois de la tenue des \u00e9lections, Steve Mulumba outille les communicateurs de l\u2019UDPS\\\/Mont-Amba - Infos Droits Humains\",\"isPartOf\":{\"@id\":\"https:\\\/\\\/infos-droitshumains.net\\\/#website\"},\"primaryImageOfPage\":{\"@id\":\"https:\\\/\\\/infos-droitshumains.net\\\/?p=7564#primaryimage\"},\"image\":{\"@id\":\"https:\\\/\\\/infos-droitshumains.net\\\/?p=7564#primaryimage\"},\"thumbnailUrl\":\"https:\\\/\\\/i0.wp.com\\\/infos-droitshumains.net\\\/wp-content\\\/uploads\\\/2023\\\/07\\\/IMG-20230726-WA0084.jpg?fit=720%2C1080&ssl=1\",\"datePublished\":\"2023-07-26T20:05:48+00:00\",\"dateModified\":\"2023-07-26T20:05:50+00:00\",\"breadcrumb\":{\"@id\":\"https:\\\/\\\/infos-droitshumains.net\\\/?p=7564#breadcrumb\"},\"inLanguage\":\"fr-FR\",\"potentialAction\":[{\"@type\":\"ReadAction\",\"target\":[\"https:\\\/\\\/infos-droitshumains.net\\\/?p=7564\"]}]},{\"@type\":\"ImageObject\",\"inLanguage\":\"fr-FR\",\"@id\":\"https:\\\/\\\/infos-droitshumains.net\\\/?p=7564#primaryimage\",\"url\":\"https:\\\/\\\/i0.wp.com\\\/infos-droitshumains.net\\\/wp-content\\\/uploads\\\/2023\\\/07\\\/IMG-20230726-WA0084.jpg?fit=720%2C1080&ssl=1\",\"contentUrl\":\"https:\\\/\\\/i0.wp.com\\\/infos-droitshumains.net\\\/wp-content\\\/uploads\\\/2023\\\/07\\\/IMG-20230726-WA0084.jpg?fit=720%2C1080&ssl=1\",\"width\":720,\"height\":1080},{\"@type\":\"BreadcrumbList\",\"@id\":\"https:\\\/\\\/infos-droitshumains.net\\\/?p=7564#breadcrumb\",\"itemListElement\":[{\"@type\":\"ListItem\",\"position\":1,\"name\":\"Accueil\",\"item\":\"https:\\\/\\\/infos-droitshumains.net\\\/\"},{\"@type\":\"ListItem\",\"position\":2,\"name\":\"Kinshasa\u00a0: A quelques mois de la tenue des \u00e9lections, Steve Mulumba outille les communicateurs de l\u2019UDPS\\\/Mont-Amba\"}]},{\"@type\":\"WebSite\",\"@id\":\"https:\\\/\\\/infos-droitshumains.net\\\/#website\",\"url\":\"https:\\\/\\\/infos-droitshumains.net\\\/\",\"name\":\"Infos Droits Humains\",\"description\":\"S&#039;informer est un droit\",\"publisher\":{\"@id\":\"https:\\\/\\\/infos-droitshumains.net\\\/#organization\"},\"potentialAction\":[{\"@type\":\"SearchAction\",\"target\":{\"@type\":\"EntryPoint\",\"urlTemplate\":\"https:\\\/\\\/infos-droitshumains.net\\\/?s={search_term_string}\"},\"query-input\":{\"@type\":\"PropertyValueSpecification\",\"valueRequired\":true,\"valueName\":\"search_term_string\"}}],\"inLanguage\":\"fr-FR\"},{\"@type\":\"Organization\",\"@id\":\"https:\\\/\\\/infos-droitshumains.net\\\/#organization\",\"name\":\"Infos Droits Humains\",\"url\":\"https:\\\/\\\/infos-droitshumains.net\\\/\",\"logo\":{\"@type\":\"ImageObject\",\"inLanguage\":\"fr-FR\",\"@id\":\"https:\\\/\\\/infos-droitshumains.net\\\/#\\\/schema\\\/logo\\\/image\\\/\",\"url\":\"https:\\\/\\\/i0.wp.com\\\/infos-droitshumains.net\\\/wp-content\\\/uploads\\\/2022\\\/05\\\/Logo.png?fit=333%2C129&ssl=1\",\"contentUrl\":\"https:\\\/\\\/i0.wp.com\\\/infos-droitshumains.net\\\/wp-content\\\/uploads\\\/2022\\\/05\\\/Logo.png?fit=333%2C129&ssl=1\",\"width\":333,\"height\":129,\"caption\":\"Infos Droits Humains\"},\"image\":{\"@id\":\"https:\\\/\\\/infos-droitshumains.net\\\/#\\\/schema\\\/logo\\\/image\\\/\"}},{\"@type\":\"Person\",\"@id\":\"https:\\\/\\\/infos-droitshumains.net\\\/#\\\/schema\\\/person\\\/3dc5e921c3302172e0ed4362f96faab7\",\"name\":\"Jo\u00ebl Diawa\",\"image\":{\"@type\":\"ImageObject\",\"inLanguage\":\"fr-FR\",\"@id\":\"https:\\\/\\\/secure.gravatar.com\\\/avatar\\\/729bea6ff4604c624417803c477363be8e3c7186deaa65713313f9b4b820f41c?s=96&d=mm&r=g\",\"url\":\"https:\\\/\\\/secure.gravatar.com\\\/avatar\\\/729bea6ff4604c624417803c477363be8e3c7186deaa65713313f9b4b820f41c?s=96&d=mm&r=g\",\"contentUrl\":\"https:\\\/\\\/secure.gravatar.com\\\/avatar\\\/729bea6ff4604c624417803c477363be8e3c7186deaa65713313f9b4b820f41c?s=96&d=mm&r=g\",\"caption\":\"Jo\u00ebl Diawa\"},\"sameAs\":[\"https:\\\/\\\/www.infos-droitshumains.net\"],\"url\":\"https:\\\/\\\/infos-droitshumains.net\\\/?author=2\"}]}<\/script>\n<!-- \/ Yoast SEO plugin. -->","yoast_head_json":{"title":"Kinshasa\u00a0: A quelques mois de la tenue des \u00e9lections, Steve Mulumba outille les communicateurs de l\u2019UDPS\/Mont-Amba - Infos Droits Humains","robots":{"index":"index","follow":"follow","max-snippet":"max-snippet:-1","max-image-preview":"max-image-preview:large","max-video-preview":"max-video-preview:-1"},"canonical":"https:\/\/infos-droitshumains.net\/?p=7564","og_locale":"fr_FR","og_type":"article","og_title":"Kinshasa\u00a0: A quelques mois de la tenue des \u00e9lections, Steve Mulumba outille les communicateurs de l\u2019UDPS\/Mont-Amba - Infos Droits Humains","og_description":"R\u00e9daction :+243817406088 Outiller les communicateurs de l\u2019Union pour la D\u00e9mocratie et le Progr\u00e8s Social\/F\u00e9d\u00e9ration du...","og_url":"https:\/\/infos-droitshumains.net\/?p=7564","og_site_name":"Infos Droits Humains","article_published_time":"2023-07-26T20:05:48+00:00","article_modified_time":"2023-07-26T20:05:50+00:00","og_image":[{"width":720,"height":1080,"url":"https:\/\/infos-droitshumains.net\/wp-content\/uploads\/2023\/07\/IMG-20230726-WA0084.jpg","type":"image\/jpeg"}],"author":"Jo\u00ebl Diawa","twitter_card":"summary_large_image","twitter_misc":{"\u00c9crit par":"Jo\u00ebl Diawa","Dur\u00e9e de lecture estim\u00e9e":"5 minutes"},"schema":{"@context":"https:\/\/schema.org","@graph":[{"@type":"Article","@id":"https:\/\/infos-droitshumains.net\/?p=7564#article","isPartOf":{"@id":"https:\/\/infos-droitshumains.net\/?p=7564"},"author":{"name":"Jo\u00ebl Diawa","@id":"https:\/\/infos-droitshumains.net\/#\/schema\/person\/3dc5e921c3302172e0ed4362f96faab7"},"headline":"Kinshasa\u00a0: A quelques mois de la tenue des \u00e9lections, Steve Mulumba outille les communicateurs de l\u2019UDPS\/Mont-Amba","datePublished":"2023-07-26T20:05:48+00:00","dateModified":"2023-07-26T20:05:50+00:00","mainEntityOfPage":{"@id":"https:\/\/infos-droitshumains.net\/?p=7564"},"wordCount":744,"commentCount":0,"publisher":{"@id":"https:\/\/infos-droitshumains.net\/#organization"},"image":{"@id":"https:\/\/infos-droitshumains.net\/?p=7564#primaryimage"},"thumbnailUrl":"https:\/\/i0.wp.com\/infos-droitshumains.net\/wp-content\/uploads\/2023\/07\/IMG-20230726-WA0084.jpg?fit=720%2C1080&ssl=1","articleSection":["Politique"],"inLanguage":"fr-FR","potentialAction":[{"@type":"CommentAction","name":"Comment","target":["https:\/\/infos-droitshumains.net\/?p=7564#respond"]}]},{"@type":"WebPage","@id":"https:\/\/infos-droitshumains.net\/?p=7564","url":"https:\/\/infos-droitshumains.net\/?p=7564","name":"Kinshasa\u00a0: A quelques mois de la tenue des \u00e9lections, Steve Mulumba outille les communicateurs de l\u2019UDPS\/Mont-Amba - Infos Droits Humains","isPartOf":{"@id":"https:\/\/infos-droitshumains.net\/#website"},"primaryImageOfPage":{"@id":"https:\/\/infos-droitshumains.net\/?p=7564#primaryimage"},"image":{"@id":"https:\/\/infos-droitshumains.net\/?p=7564#primaryimage"},"thumbnailUrl":"https:\/\/i0.wp.com\/infos-droitshumains.net\/wp-content\/uploads\/2023\/07\/IMG-20230726-WA0084.jpg?fit=720%2C1080&ssl=1","datePublished":"2023-07-26T20:05:48+00:00","dateModified":"2023-07-26T20:05:50+00:00","breadcrumb":{"@id":"https:\/\/infos-droitshumains.net\/?p=7564#breadcrumb"},"inLanguage":"fr-FR","potentialAction":[{"@type":"ReadAction","target":["https:\/\/infos-droitshumains.net\/?p=7564"]}]},{"@type":"ImageObject","inLanguage":"fr-FR","@id":"https:\/\/infos-droitshumains.net\/?p=7564#primaryimage","url":"https:\/\/i0.wp.com\/infos-droitshumains.net\/wp-content\/uploads\/2023\/07\/IMG-20230726-WA0084.jpg?fit=720%2C1080&ssl=1","contentUrl":"https:\/\/i0.wp.com\/infos-droitshumains.net\/wp-content\/uploads\/2023\/07\/IMG-20230726-WA0084.jpg?fit=720%2C1080&ssl=1","width":720,"height":1080},{"@type":"BreadcrumbList","@id":"https:\/\/infos-droitshumains.net\/?p=7564#breadcrumb","itemListElement":[{"@type":"ListItem","position":1,"name":"Accueil","item":"https:\/\/infos-droitshumains.net\/"},{"@type":"ListItem","position":2,"name":"Kinshasa\u00a0: A quelques mois de la tenue des \u00e9lections, Steve Mulumba outille les communicateurs de l\u2019UDPS\/Mont-Amba"}]},{"@type":"WebSite","@id":"https:\/\/infos-droitshumains.net\/#website","url":"https:\/\/infos-droitshumains.net\/","name":"Infos Droits Humains","description":"S&#039;informer est un droit","publisher":{"@id":"https:\/\/infos-droitshumains.net\/#organization"},"potentialAction":[{"@type":"SearchAction","target":{"@type":"EntryPoint","urlTemplate":"https:\/\/infos-droitshumains.net\/?s={search_term_string}"},"query-input":{"@type":"PropertyValueSpecification","valueRequired":true,"valueName":"search_term_string"}}],"inLanguage":"fr-FR"},{"@type":"Organization","@id":"https:\/\/infos-droitshumains.net\/#organization","name":"Infos Droits Humains","url":"https:\/\/infos-droitshumains.net\/","logo":{"@type":"ImageObject","inLanguage":"fr-FR","@id":"https:\/\/infos-droitshumains.net\/#\/schema\/logo\/image\/","url":"https:\/\/i0.wp.com\/infos-droitshumains.net\/wp-content\/uploads\/2022\/05\/Logo.png?fit=333%2C129&ssl=1","contentUrl":"https:\/\/i0.wp.com\/infos-droitshumains.net\/wp-content\/uploads\/2022\/05\/Logo.png?fit=333%2C129&ssl=1","width":333,"height":129,"caption":"Infos Droits Humains"},"image":{"@id":"https:\/\/infos-droitshumains.net\/#\/schema\/logo\/image\/"}},{"@type":"Person","@id":"https:\/\/infos-droitshumains.net\/#\/schema\/person\/3dc5e921c3302172e0ed4362f96faab7","name":"Jo\u00ebl Diawa","image":{"@type":"ImageObject","inLanguage":"fr-FR","@id":"https:\/\/secure.gravatar.com\/avatar\/729bea6ff4604c624417803c477363be8e3c7186deaa65713313f9b4b820f41c?s=96&d=mm&r=g","url":"https:\/\/secure.gravatar.com\/avatar\/729bea6ff4604c624417803c477363be8e3c7186deaa65713313f9b4b820f41c?s=96&d=mm&r=g","contentUrl":"https:\/\/secure.gravatar.com\/avatar\/729bea6ff4604c624417803c477363be8e3c7186deaa65713313f9b4b820f41c?s=96&d=mm&r=g","caption":"Jo\u00ebl Diawa"},"sameAs":["https:\/\/www.infos-droitshumains.net"],"url":"https:\/\/infos-droitshumains.net\/?author=2"}]}},"featured_image_urls":{"full":["https:\/\/i0.wp.com\/infos-droitshumains.net\/wp-content\/uploads\/2023\/07\/IMG-20230726-WA0084.jpg?fit=720%2C1080&ssl=1",720,1080,false],"thumbnail":["https:\/\/i0.wp.com\/infos-droitshumains.net\/wp-content\/uploads\/2023\/07\/IMG-20230726-WA0084.jpg?resize=150%2C150&ssl=1",150,150,true],"medium":["https:\/\/i0.wp.com\/infos-droitshumains.net\/wp-content\/uploads\/2023\/07\/IMG-20230726-WA0084.jpg?fit=200%2C300&ssl=1",200,300,true],"medium_large":["https:\/\/i0.wp.com\/infos-droitshumains.net\/wp-content\/uploads\/2023\/07\/IMG-20230726-WA0084.jpg?fit=640%2C960&ssl=1",640,960,true],"large":["https:\/\/i0.wp.com\/infos-droitshumains.net\/wp-content\/uploads\/2023\/07\/IMG-20230726-WA0084.jpg?fit=640%2C960&ssl=1",640,960,true],"1536x1536":["https:\/\/i0.wp.com\/infos-droitshumains.net\/wp-content\/uploads\/2023\/07\/IMG-20230726-WA0084.jpg?fit=720%2C1080&ssl=1",720,1080,true],"2048x2048":["https:\/\/i0.wp.com\/infos-droitshumains.net\/wp-content\/uploads\/2023\/07\/IMG-20230726-WA0084.jpg?fit=720%2C1080&ssl=1",720,1080,true],"covernews-slider-full":["https:\/\/i0.wp.com\/infos-droitshumains.net\/wp-content\/uploads\/2023\/07\/IMG-20230726-WA0084.jpg?resize=720%2C715&ssl=1",720,715,true],"covernews-slider-center":["https:\/\/i0.wp.com\/infos-droitshumains.net\/wp-content\/uploads\/2023\/07\/IMG-20230726-WA0084.jpg?resize=720%2C500&ssl=1",720,500,true],"covernews-featured":["https:\/\/i0.wp.com\/infos-droitshumains.net\/wp-content\/uploads\/2023\/07\/IMG-20230726-WA0084.jpg?fit=720%2C1080&ssl=1",720,1080,true],"covernews-medium":["https:\/\/i0.wp.com\/infos-droitshumains.net\/wp-content\/uploads\/2023\/07\/IMG-20230726-WA0084.jpg?resize=540%2C340&ssl=1",540,340,true],"covernews-medium-square":["https:\/\/i0.wp.com\/infos-droitshumains.net\/wp-content\/uploads\/2023\/07\/IMG-20230726-WA0084.jpg?resize=400%2C250&ssl=1",400,250,true]},"author_info":{"display_name":"Jo\u00ebl Diawa","author_link":"https:\/\/infos-droitshumains.net\/?author=2"},"category_info":"<a href=\"https:\/\/infos-droitshumains.net\/?cat=3\" rel=\"category\">Politique<\/a>","tag_info":"Politique","comment_count":"0","jetpack_featured_media_url":"https:\/\/i0.wp.com\/infos-droitshumains.net\/wp-content\/uploads\/2023\/07\/IMG-20230726-WA0084.jpg?fit=720%2C1080&ssl=1","jetpack-related-posts":[],"jetpack_sharing_enabled":true,"_links":{"self":[{"href":"https:\/\/infos-droitshumains.net\/index.php?rest_route=\/wp\/v2\/posts\/7564","targetHints":{"allow":["GET"]}}],"collection":[{"href":"https:\/\/infos-droitshumains.net\/index.php?rest_route=\/wp\/v2\/posts"}],"about":[{"href":"https:\/\/infos-droitshumains.net\/index.php?rest_route=\/wp\/v2\/types\/post"}],"author":[{"embeddable":true,"href":"https:\/\/infos-droitshumains.net\/index.php?rest_route=\/wp\/v2\/users\/2"}],"replies":[{"embeddable":true,"href":"https:\/\/infos-droitshumains.net\/index.php?rest_route=%2Fwp%2Fv2%2Fcomments&post=7564"}],"version-history":[{"count":1,"href":"https:\/\/infos-droitshumains.net\/index.php?rest_route=\/wp\/v2\/posts\/7564\/revisions"}],"predecessor-version":[{"id":7573,"href":"https:\/\/infos-droitshumains.net\/index.php?rest_route=\/wp\/v2\/posts\/7564\/revisions\/7573"}],"wp:featuredmedia":[{"embeddable":true,"href":"https:\/\/infos-droitshumains.net\/index.php?rest_route=\/wp\/v2\/media\/7572"}],"wp:attachment":[{"href":"https:\/\/infos-droitshumains.net\/index.php?rest_route=%2Fwp%2Fv2%2Fmedia&parent=7564"}],"wp:term":[{"taxonomy":"category","embeddable":true,"href":"https:\/\/infos-droitshumains.net\/index.php?rest_route=%2Fwp%2Fv2%2Fcategories&post=7564"},{"taxonomy":"post_tag","embeddable":true,"href":"https:\/\/infos-droitshumains.net\/index.php?rest_route=%2Fwp%2Fv2%2Ftags&post=7564"}],"curies":[{"name":"wp","href":"https:\/\/api.w.org\/{rel}","templated":true}]}}