{"id":7555,"date":"2023-07-26T21:55:21","date_gmt":"2023-07-26T19:55:21","guid":{"rendered":"https:\/\/infos-droitshumains.net\/?p=7555"},"modified":"2023-07-27T20:10:59","modified_gmt":"2023-07-27T18:10:59","slug":"prevention-et-lutte-contre-la-traite-des-personnes-en-rdc-les-animateurs-deployes-sur-les-points-chauds-de-kinshasa-pour-sensibiliser-la-population","status":"publish","type":"post","link":"https:\/\/infos-droitshumains.net\/?p=7555","title":{"rendered":"Pr\u00e9vention et Lutte contre la Traite des Personnes en RDC\u00a0: Les acteurs de premi\u00e8re ligne d\u00e9ploy\u00e9s sur les points-chauds de Kinshasa pour sensibiliser la population"},"content":{"rendered":"\n<p><strong>R\u00e9daction :+243817406088<\/strong><\/p>\n\n\n\n<h4 class=\"wp-block-heading has-vivid-red-color has-text-color\">En pr\u00e9lude de la c\u00e9l\u00e9bration de la journ\u00e9e internationale de la lutte contre la traite des personnes le 30 juillet prochain, la Coordination en Charge de la Jeunesse Lutte contre les Violences faites \u00e0 la Femme et Traite des Personnes, service sp\u00e9cialis\u00e9 du Chef de l\u2019\u00e9tat en collaboration avec l&rsquo;Organisation Internationale pour les Migrations a lanc\u00e9 ce mercredi 26 juillet \u00e0 Kinshasa, une campagne de sensibilisation sur la traite des personnes.<\/h4>\n\n\n\n<figure class=\"wp-block-image alignfull size-large\"><img data-recalc-dims=\"1\" fetchpriority=\"high\" decoding=\"async\" width=\"640\" height=\"426\" src=\"https:\/\/i0.wp.com\/infos-droitshumains.net\/wp-content\/uploads\/2023\/07\/IMG-20230726-WA0048.jpg?resize=640%2C426&#038;ssl=1\" alt=\"\" class=\"wp-image-7560\" srcset=\"https:\/\/i0.wp.com\/infos-droitshumains.net\/wp-content\/uploads\/2023\/07\/IMG-20230726-WA0048.jpg?resize=1024%2C682&amp;ssl=1 1024w, https:\/\/i0.wp.com\/infos-droitshumains.net\/wp-content\/uploads\/2023\/07\/IMG-20230726-WA0048.jpg?resize=300%2C200&amp;ssl=1 300w, https:\/\/i0.wp.com\/infos-droitshumains.net\/wp-content\/uploads\/2023\/07\/IMG-20230726-WA0048.jpg?resize=768%2C512&amp;ssl=1 768w, https:\/\/i0.wp.com\/infos-droitshumains.net\/wp-content\/uploads\/2023\/07\/IMG-20230726-WA0048.jpg?resize=1536%2C1023&amp;ssl=1 1536w, https:\/\/i0.wp.com\/infos-droitshumains.net\/wp-content\/uploads\/2023\/07\/IMG-20230726-WA0048.jpg?w=1600&amp;ssl=1 1600w, https:\/\/i0.wp.com\/infos-droitshumains.net\/wp-content\/uploads\/2023\/07\/IMG-20230726-WA0048.jpg?w=1280&amp;ssl=1 1280w\" sizes=\"(max-width: 640px) 100vw, 640px\" \/><\/figure>\n\n\n\n<p>Cette campagne qui se tient dans huit Ronds-Points de la ville de Kinshasa vise \u00e0 sensibiliser la population sur la traite des personnes en R\u00e9publique D\u00e9mocratique du Congo. Il s\u2019agit de Rond-point Victoire ; Rond-point Ngaba ; Rond-point Huileries ; Rond-point Kitambo Magasin; Rond-point Massina ; Rond-point Kinkole ; Rond-point Kisenso\u00a0 et Rond-point Selembao.<\/p>\n\n\n\n<figure class=\"wp-block-image alignfull size-full\"><img data-recalc-dims=\"1\" decoding=\"async\" width=\"640\" height=\"427\" src=\"https:\/\/i0.wp.com\/infos-droitshumains.net\/wp-content\/uploads\/2023\/07\/IMG_9747.jpg?resize=640%2C427&#038;ssl=1\" alt=\"\" class=\"wp-image-7585\" srcset=\"https:\/\/i0.wp.com\/infos-droitshumains.net\/wp-content\/uploads\/2023\/07\/IMG_9747.jpg?w=920&amp;ssl=1 920w, https:\/\/i0.wp.com\/infos-droitshumains.net\/wp-content\/uploads\/2023\/07\/IMG_9747.jpg?resize=300%2C200&amp;ssl=1 300w, https:\/\/i0.wp.com\/infos-droitshumains.net\/wp-content\/uploads\/2023\/07\/IMG_9747.jpg?resize=768%2C513&amp;ssl=1 768w\" sizes=\"(max-width: 640px) 100vw, 640px\" \/><\/figure>\n\n\n\n<p>A en croire les organisateurs, le choix de ces lieux qui sont parmi les plus fr\u00e9quent\u00e9s de la capitale se justifie par le fait qu\u2019ils <em>\u00ab\u00a0offrent un terreau particuli\u00e8rement favorable aux r\u00e9seaux de trafiquants d\u2019\u00eatres humains qui op\u00e8rent en R\u00e9publique D\u00e9mocratique du Congo\u00a0\u00bb<\/em>, selon les \u00e9tudes.<\/p>\n\n\n\n<p>Ce jeudi, les autorit\u00e9s de la coordination en Charge de la Jeunesse Lutte contre les Violences faites \u00e0 la Femme et Traite des Personnes, et de l&rsquo;OIM ont rejoint l&rsquo;\u00e9quipe d\u00e9ploy\u00e9 au Rond-Point victoire question d&rsquo;\u00e9changer directement avec la population.<\/p>\n\n\n\n<figure class=\"wp-block-image alignfull size-large\"><img data-recalc-dims=\"1\" decoding=\"async\" width=\"640\" height=\"427\" src=\"https:\/\/i0.wp.com\/infos-droitshumains.net\/wp-content\/uploads\/2023\/07\/IMG_9747-1.jpg?resize=640%2C427&#038;ssl=1\" alt=\"\" class=\"wp-image-7586\" srcset=\"https:\/\/i0.wp.com\/infos-droitshumains.net\/wp-content\/uploads\/2023\/07\/IMG_9747-1-scaled.jpg?resize=1024%2C683&amp;ssl=1 1024w, https:\/\/i0.wp.com\/infos-droitshumains.net\/wp-content\/uploads\/2023\/07\/IMG_9747-1-scaled.jpg?resize=300%2C200&amp;ssl=1 300w, https:\/\/i0.wp.com\/infos-droitshumains.net\/wp-content\/uploads\/2023\/07\/IMG_9747-1-scaled.jpg?resize=768%2C513&amp;ssl=1 768w, https:\/\/i0.wp.com\/infos-droitshumains.net\/wp-content\/uploads\/2023\/07\/IMG_9747-1-scaled.jpg?resize=1536%2C1025&amp;ssl=1 1536w, https:\/\/i0.wp.com\/infos-droitshumains.net\/wp-content\/uploads\/2023\/07\/IMG_9747-1-scaled.jpg?resize=2048%2C1367&amp;ssl=1 2048w, https:\/\/i0.wp.com\/infos-droitshumains.net\/wp-content\/uploads\/2023\/07\/IMG_9747-1-scaled.jpg?w=1280&amp;ssl=1 1280w, https:\/\/i0.wp.com\/infos-droitshumains.net\/wp-content\/uploads\/2023\/07\/IMG_9747-1-scaled.jpg?w=1920&amp;ssl=1 1920w\" sizes=\"(max-width: 640px) 100vw, 640px\" \/><\/figure>\n\n\n\n<p><em>\u00ab\u00a0C\u2019est tr\u00e8s important que nous allions sur le terrain pour sensibiliser la population. L\u2019ann\u00e9e pass\u00e9e, c\u2019\u00e9tait la population de Kisangani qui a \u00e9t\u00e9 sensibilis\u00e9e\u00a0; cette ann\u00e9e-ci, c\u2019est le tour de la population de Kinshasa qui a plus de 12 millions d\u2019habitants pour qu\u2019ils comprennent c\u2019est quoi la traite des personnes. Il faut savoir que le Pr\u00e9sident de la R\u00e9publique, son Excellence F\u00e9lix-Antoine Tshisekedi Tshilombo avait promulgu\u00e9 au mois de d\u00e9cembre 2022, la loi sur la traite des personnes. Cette loi doit \u00eatre partag\u00e9e \u00e0 travers le pays. On voudrait que tout kinois soit alert\u00e9 sur tout ce qui a trait avec la traite des personnes\u00a0\u00bb<\/em>, nous a confi\u00e9 Chantal Yelu Mulop, sa coordonnatrice.<\/p>\n\n\n\n<figure class=\"wp-block-image alignfull size-large\"><img data-recalc-dims=\"1\" loading=\"lazy\" decoding=\"async\" width=\"640\" height=\"978\" src=\"https:\/\/i0.wp.com\/infos-droitshumains.net\/wp-content\/uploads\/2023\/07\/IMG_9749.jpg?resize=640%2C978&#038;ssl=1\" alt=\"\" class=\"wp-image-7587\" srcset=\"https:\/\/i0.wp.com\/infos-droitshumains.net\/wp-content\/uploads\/2023\/07\/IMG_9749.jpg?resize=670%2C1024&amp;ssl=1 670w, https:\/\/i0.wp.com\/infos-droitshumains.net\/wp-content\/uploads\/2023\/07\/IMG_9749.jpg?resize=196%2C300&amp;ssl=1 196w, https:\/\/i0.wp.com\/infos-droitshumains.net\/wp-content\/uploads\/2023\/07\/IMG_9749.jpg?resize=768%2C1174&amp;ssl=1 768w, https:\/\/i0.wp.com\/infos-droitshumains.net\/wp-content\/uploads\/2023\/07\/IMG_9749.jpg?w=977&amp;ssl=1 977w\" sizes=\"(max-width: 640px) 100vw, 640px\" \/><\/figure>\n\n\n\n<figure class=\"wp-block-image alignfull size-large\"><img data-recalc-dims=\"1\" loading=\"lazy\" decoding=\"async\" width=\"640\" height=\"426\" src=\"https:\/\/i0.wp.com\/infos-droitshumains.net\/wp-content\/uploads\/2023\/07\/IMG-20230726-WA0049.jpg?resize=640%2C426&#038;ssl=1\" alt=\"\" class=\"wp-image-7559\" srcset=\"https:\/\/i0.wp.com\/infos-droitshumains.net\/wp-content\/uploads\/2023\/07\/IMG-20230726-WA0049.jpg?resize=1024%2C682&amp;ssl=1 1024w, https:\/\/i0.wp.com\/infos-droitshumains.net\/wp-content\/uploads\/2023\/07\/IMG-20230726-WA0049.jpg?resize=300%2C200&amp;ssl=1 300w, https:\/\/i0.wp.com\/infos-droitshumains.net\/wp-content\/uploads\/2023\/07\/IMG-20230726-WA0049.jpg?resize=768%2C512&amp;ssl=1 768w, https:\/\/i0.wp.com\/infos-droitshumains.net\/wp-content\/uploads\/2023\/07\/IMG-20230726-WA0049.jpg?resize=1536%2C1023&amp;ssl=1 1536w, https:\/\/i0.wp.com\/infos-droitshumains.net\/wp-content\/uploads\/2023\/07\/IMG-20230726-WA0049.jpg?w=1600&amp;ssl=1 1600w, https:\/\/i0.wp.com\/infos-droitshumains.net\/wp-content\/uploads\/2023\/07\/IMG-20230726-WA0049.jpg?w=1280&amp;ssl=1 1280w\" sizes=\"(max-width: 640px) 100vw, 640px\" \/><\/figure>\n\n\n\n<p>En R\u00e9publique D\u00e9mocratique du Congo, les pratiques pouvant renvoyer aux diff\u00e9rentes formes de la traite des personnes sont tr\u00e8s peu connues par le grand public qui, dans de nombreuses situations, consid\u00e8rent comme normal ou banal le fait de soumettre une victime \u00e0 l\u2019exploitation sexuelle, le mariage forc\u00e9, la mendicit\u00e9 forc\u00e9e, l\u2019enr\u00f4lement forc\u00e9 dans les groupes arm\u00e9s, le travail forc\u00e9, le trafic d\u2019enfants, etc.&nbsp; A cette, occasion les acteurs de premi\u00e8re ligne ont sensibilis\u00e9 les usagers de ces ronds-points n\u00e9vralgiques de la ville sur cette violation grave des droits humains, particuli\u00e8rement les jeunes ainsi que les femmes.<\/p>\n\n\n\n<figure class=\"wp-block-image alignfull size-large\"><img data-recalc-dims=\"1\" loading=\"lazy\" decoding=\"async\" width=\"640\" height=\"426\" src=\"https:\/\/i0.wp.com\/infos-droitshumains.net\/wp-content\/uploads\/2023\/07\/IMG-20230726-WA0047.jpg?resize=640%2C426&#038;ssl=1\" alt=\"\" class=\"wp-image-7556\" srcset=\"https:\/\/i0.wp.com\/infos-droitshumains.net\/wp-content\/uploads\/2023\/07\/IMG-20230726-WA0047.jpg?resize=1024%2C682&amp;ssl=1 1024w, https:\/\/i0.wp.com\/infos-droitshumains.net\/wp-content\/uploads\/2023\/07\/IMG-20230726-WA0047.jpg?resize=300%2C200&amp;ssl=1 300w, https:\/\/i0.wp.com\/infos-droitshumains.net\/wp-content\/uploads\/2023\/07\/IMG-20230726-WA0047.jpg?resize=768%2C512&amp;ssl=1 768w, https:\/\/i0.wp.com\/infos-droitshumains.net\/wp-content\/uploads\/2023\/07\/IMG-20230726-WA0047.jpg?resize=1536%2C1023&amp;ssl=1 1536w, https:\/\/i0.wp.com\/infos-droitshumains.net\/wp-content\/uploads\/2023\/07\/IMG-20230726-WA0047.jpg?w=1600&amp;ssl=1 1600w, https:\/\/i0.wp.com\/infos-droitshumains.net\/wp-content\/uploads\/2023\/07\/IMG-20230726-WA0047.jpg?w=1280&amp;ssl=1 1280w\" sizes=\"(max-width: 640px) 100vw, 640px\" \/><\/figure>\n\n\n\n<figure class=\"wp-block-image alignfull size-full\"><img data-recalc-dims=\"1\" loading=\"lazy\" decoding=\"async\" width=\"640\" height=\"519\" src=\"https:\/\/i0.wp.com\/infos-droitshumains.net\/wp-content\/uploads\/2023\/07\/IMG_9745-1_1.jpg?resize=640%2C519&#038;ssl=1\" alt=\"\" class=\"wp-image-7588\" srcset=\"https:\/\/i0.wp.com\/infos-droitshumains.net\/wp-content\/uploads\/2023\/07\/IMG_9745-1_1.jpg?w=757&amp;ssl=1 757w, https:\/\/i0.wp.com\/infos-droitshumains.net\/wp-content\/uploads\/2023\/07\/IMG_9745-1_1.jpg?resize=300%2C243&amp;ssl=1 300w\" sizes=\"(max-width: 640px) 100vw, 640px\" \/><\/figure>\n\n\n\n<p>Ces animateurs sociaux d\u00e9ploy\u00e9s sur terrain ont inform\u00e9 la population sur les diff\u00e9rentes formes de la traite des personnes en RDC avant de les distribuer des mat\u00e9riels de sensibilisation qu\u2019ils soient mieux inform\u00e9s sur le cadre normatif institutionnel de la lutte contre la traite des personnes.<\/p>\n\n\n\n<figure class=\"wp-block-image alignfull size-large\"><img data-recalc-dims=\"1\" loading=\"lazy\" decoding=\"async\" width=\"640\" height=\"426\" src=\"https:\/\/i0.wp.com\/infos-droitshumains.net\/wp-content\/uploads\/2023\/07\/IMG-20230726-WA0050.jpg?resize=640%2C426&#038;ssl=1\" alt=\"\" class=\"wp-image-7557\" srcset=\"https:\/\/i0.wp.com\/infos-droitshumains.net\/wp-content\/uploads\/2023\/07\/IMG-20230726-WA0050.jpg?resize=1024%2C682&amp;ssl=1 1024w, https:\/\/i0.wp.com\/infos-droitshumains.net\/wp-content\/uploads\/2023\/07\/IMG-20230726-WA0050.jpg?resize=300%2C200&amp;ssl=1 300w, https:\/\/i0.wp.com\/infos-droitshumains.net\/wp-content\/uploads\/2023\/07\/IMG-20230726-WA0050.jpg?resize=768%2C512&amp;ssl=1 768w, https:\/\/i0.wp.com\/infos-droitshumains.net\/wp-content\/uploads\/2023\/07\/IMG-20230726-WA0050.jpg?resize=1536%2C1023&amp;ssl=1 1536w, https:\/\/i0.wp.com\/infos-droitshumains.net\/wp-content\/uploads\/2023\/07\/IMG-20230726-WA0050.jpg?w=1600&amp;ssl=1 1600w, https:\/\/i0.wp.com\/infos-droitshumains.net\/wp-content\/uploads\/2023\/07\/IMG-20230726-WA0050.jpg?w=1280&amp;ssl=1 1280w\" sizes=\"(max-width: 640px) 100vw, 640px\" \/><\/figure>\n\n\n\n<figure class=\"wp-block-image alignfull size-large\"><img data-recalc-dims=\"1\" loading=\"lazy\" decoding=\"async\" width=\"640\" height=\"426\" src=\"https:\/\/i0.wp.com\/infos-droitshumains.net\/wp-content\/uploads\/2023\/07\/IMG-20230726-WA0052.jpg?resize=640%2C426&#038;ssl=1\" alt=\"\" class=\"wp-image-7558\" srcset=\"https:\/\/i0.wp.com\/infos-droitshumains.net\/wp-content\/uploads\/2023\/07\/IMG-20230726-WA0052.jpg?resize=1024%2C682&amp;ssl=1 1024w, https:\/\/i0.wp.com\/infos-droitshumains.net\/wp-content\/uploads\/2023\/07\/IMG-20230726-WA0052.jpg?resize=300%2C200&amp;ssl=1 300w, https:\/\/i0.wp.com\/infos-droitshumains.net\/wp-content\/uploads\/2023\/07\/IMG-20230726-WA0052.jpg?resize=768%2C512&amp;ssl=1 768w, https:\/\/i0.wp.com\/infos-droitshumains.net\/wp-content\/uploads\/2023\/07\/IMG-20230726-WA0052.jpg?resize=1536%2C1023&amp;ssl=1 1536w, https:\/\/i0.wp.com\/infos-droitshumains.net\/wp-content\/uploads\/2023\/07\/IMG-20230726-WA0052.jpg?w=1600&amp;ssl=1 1600w, https:\/\/i0.wp.com\/infos-droitshumains.net\/wp-content\/uploads\/2023\/07\/IMG-20230726-WA0052.jpg?w=1280&amp;ssl=1 1280w\" sizes=\"(max-width: 640px) 100vw, 640px\" \/><\/figure>\n\n\n\n<p>Au rond-point victoire, l&rsquo;OIM qui accompagne la R\u00e9publique D\u00e9mocratique du Congo dans cette lutte \u00e9tait porteuse d&rsquo;un message tendant \u00e0 rassurer les victimes indentifiables dans ce milieu.<\/p>\n\n\n\n<p><em>\u00ab\u00a0Nous sommes ici pour faire comprendre \u00e0 la population que la traite des personnes le concerne. C\u2019est principalement les plus vuln\u00e9rables qui sont les victimes et au Rond-Point victoire, il y en a plein. Il y a les enfants qui sont dans cet environnement qui se retrouvent expos\u00e9s \u00e0 la mendicit\u00e9 forc\u00e9e. Les jeunes femmes qui sont expos\u00e9es \u00e0 l\u2019exploitation sexuelle. On est venu leur dire qu\u2019ils ne seront pas laiss\u00e9s de c\u00f4t\u00e9. Nous venons vers eux, nous venons dans leur milieu pour leur faire comprendre que nous sommes l\u00e0 pour les accompagner. S\u2019il y a des victimes, nous sommes l\u00e0 pour les aider\u2026\u00a0\u00bb<\/em>.<\/p>\n\n\n\n<figure class=\"wp-block-image alignfull size-full\"><img data-recalc-dims=\"1\" loading=\"lazy\" decoding=\"async\" width=\"640\" height=\"427\" src=\"https:\/\/i0.wp.com\/infos-droitshumains.net\/wp-content\/uploads\/2023\/07\/IMG_9747-1_1.jpg?resize=640%2C427&#038;ssl=1\" alt=\"\" class=\"wp-image-7589\" srcset=\"https:\/\/i0.wp.com\/infos-droitshumains.net\/wp-content\/uploads\/2023\/07\/IMG_9747-1_1.jpg?w=920&amp;ssl=1 920w, https:\/\/i0.wp.com\/infos-droitshumains.net\/wp-content\/uploads\/2023\/07\/IMG_9747-1_1.jpg?resize=300%2C200&amp;ssl=1 300w, https:\/\/i0.wp.com\/infos-droitshumains.net\/wp-content\/uploads\/2023\/07\/IMG_9747-1_1.jpg?resize=768%2C513&amp;ssl=1 768w\" sizes=\"(max-width: 640px) 100vw, 640px\" \/><\/figure>\n\n\n\n<p>Ces activit\u00e9s de sensibilisation qui s\u2019\u00e9tendent jusqu\u2019au 27 juillet sont organis\u00e9es par la Coordination en Charge de la Jeunesse Lutte contre les Violences faites \u00e0 la Femme et Traite des Personnes, en partenariat avec le gouvernement am\u00e9ricain par le biais de l\u2019Agence Internationale de D\u00e9veloppement International (USAID) et l\u2019appui technique de l\u2019Organisation Internationale pour les Migration (OIM)en \u00a0pr\u00e9lude \u00e0 la comm\u00e9moration de la Journ\u00e9e mondiale contre la traite des personnes, sous le th\u00e8me retenu par l\u2019Organisation des Nations Unies pour cette ann\u00e9e 2023 : <em>\u00ab Chaque victime de la traite des \u00eatres humains compte, ne laissez personne de c\u00f4t\u00e9 \u00bb.<\/em><\/p>\n\n\n\n<p>Jo\u00ebl Diawa<\/p>\n","protected":false},"excerpt":{"rendered":"<p>R\u00e9daction :+243817406088 En pr\u00e9lude de la c\u00e9l\u00e9bration de la journ\u00e9e internationale de la lutte contre&#8230;<\/p>\n","protected":false},"author":2,"featured_media":7575,"comment_status":"open","ping_status":"open","sticky":false,"template":"","format":"standard","meta":{"_jetpack_memberships_contains_paid_content":false,"footnotes":""},"categories":[7],"tags":[],"class_list":["post-7555","post","type-post","status-publish","format-standard","has-post-thumbnail","hentry","category-droits-humains"],"yoast_head":"<!-- This site is optimized with the Yoast SEO plugin v27.5 - https:\/\/yoast.com\/product\/yoast-seo-wordpress\/ -->\n<title>Pr\u00e9vention et Lutte contre la Traite des Personnes en RDC\u00a0: Les acteurs de premi\u00e8re ligne d\u00e9ploy\u00e9s sur les points-chauds de Kinshasa pour sensibiliser la population - Infos Droits Humains<\/title>\n<meta name=\"robots\" content=\"index, follow, max-snippet:-1, max-image-preview:large, max-video-preview:-1\" \/>\n<link rel=\"canonical\" href=\"https:\/\/infos-droitshumains.net\/?p=7555\" \/>\n<meta property=\"og:locale\" content=\"fr_FR\" \/>\n<meta property=\"og:type\" content=\"article\" \/>\n<meta property=\"og:title\" content=\"Pr\u00e9vention et Lutte contre la Traite des Personnes en RDC\u00a0: Les acteurs de premi\u00e8re ligne d\u00e9ploy\u00e9s sur les points-chauds de Kinshasa pour sensibiliser la population - Infos Droits Humains\" \/>\n<meta property=\"og:description\" content=\"R\u00e9daction :+243817406088 En pr\u00e9lude de la c\u00e9l\u00e9bration de la journ\u00e9e internationale de la lutte contre...\" \/>\n<meta property=\"og:url\" content=\"https:\/\/infos-droitshumains.net\/?p=7555\" \/>\n<meta property=\"og:site_name\" content=\"Infos Droits Humains\" \/>\n<meta property=\"article:published_time\" content=\"2023-07-26T19:55:21+00:00\" \/>\n<meta property=\"article:modified_time\" content=\"2023-07-27T18:10:59+00:00\" \/>\n<meta property=\"og:image\" content=\"https:\/\/infos-droitshumains.net\/wp-content\/uploads\/2023\/07\/IMG_9745.jpg\" \/>\n\t<meta property=\"og:image:width\" content=\"920\" \/>\n\t<meta property=\"og:image:height\" content=\"614\" \/>\n\t<meta property=\"og:image:type\" content=\"image\/jpeg\" \/>\n<meta name=\"author\" content=\"Jo\u00ebl Diawa\" \/>\n<meta name=\"twitter:card\" content=\"summary_large_image\" \/>\n<meta name=\"twitter:label1\" content=\"\u00c9crit par\" \/>\n\t<meta name=\"twitter:data1\" content=\"Jo\u00ebl Diawa\" \/>\n\t<meta name=\"twitter:label2\" content=\"Dur\u00e9e de lecture estim\u00e9e\" \/>\n\t<meta name=\"twitter:data2\" content=\"6 minutes\" \/>\n<script type=\"application\/ld+json\" class=\"yoast-schema-graph\">{\"@context\":\"https:\\\/\\\/schema.org\",\"@graph\":[{\"@type\":\"Article\",\"@id\":\"https:\\\/\\\/infos-droitshumains.net\\\/?p=7555#article\",\"isPartOf\":{\"@id\":\"https:\\\/\\\/infos-droitshumains.net\\\/?p=7555\"},\"author\":{\"name\":\"Jo\u00ebl Diawa\",\"@id\":\"https:\\\/\\\/infos-droitshumains.net\\\/#\\\/schema\\\/person\\\/3dc5e921c3302172e0ed4362f96faab7\"},\"headline\":\"Pr\u00e9vention et Lutte contre la Traite des Personnes en RDC\u00a0: Les acteurs de premi\u00e8re ligne d\u00e9ploy\u00e9s sur les points-chauds de Kinshasa pour sensibiliser la population\",\"datePublished\":\"2023-07-26T19:55:21+00:00\",\"dateModified\":\"2023-07-27T18:10:59+00:00\",\"mainEntityOfPage\":{\"@id\":\"https:\\\/\\\/infos-droitshumains.net\\\/?p=7555\"},\"wordCount\":794,\"commentCount\":0,\"publisher\":{\"@id\":\"https:\\\/\\\/infos-droitshumains.net\\\/#organization\"},\"image\":{\"@id\":\"https:\\\/\\\/infos-droitshumains.net\\\/?p=7555#primaryimage\"},\"thumbnailUrl\":\"https:\\\/\\\/i0.wp.com\\\/infos-droitshumains.net\\\/wp-content\\\/uploads\\\/2023\\\/07\\\/IMG_9745.jpg?fit=920%2C614&ssl=1\",\"articleSection\":[\"Droits Humains\"],\"inLanguage\":\"fr-FR\",\"potentialAction\":[{\"@type\":\"CommentAction\",\"name\":\"Comment\",\"target\":[\"https:\\\/\\\/infos-droitshumains.net\\\/?p=7555#respond\"]}]},{\"@type\":\"WebPage\",\"@id\":\"https:\\\/\\\/infos-droitshumains.net\\\/?p=7555\",\"url\":\"https:\\\/\\\/infos-droitshumains.net\\\/?p=7555\",\"name\":\"Pr\u00e9vention et Lutte contre la Traite des Personnes en RDC\u00a0: Les acteurs de premi\u00e8re ligne d\u00e9ploy\u00e9s sur les points-chauds de Kinshasa pour sensibiliser la population - Infos Droits Humains\",\"isPartOf\":{\"@id\":\"https:\\\/\\\/infos-droitshumains.net\\\/#website\"},\"primaryImageOfPage\":{\"@id\":\"https:\\\/\\\/infos-droitshumains.net\\\/?p=7555#primaryimage\"},\"image\":{\"@id\":\"https:\\\/\\\/infos-droitshumains.net\\\/?p=7555#primaryimage\"},\"thumbnailUrl\":\"https:\\\/\\\/i0.wp.com\\\/infos-droitshumains.net\\\/wp-content\\\/uploads\\\/2023\\\/07\\\/IMG_9745.jpg?fit=920%2C614&ssl=1\",\"datePublished\":\"2023-07-26T19:55:21+00:00\",\"dateModified\":\"2023-07-27T18:10:59+00:00\",\"breadcrumb\":{\"@id\":\"https:\\\/\\\/infos-droitshumains.net\\\/?p=7555#breadcrumb\"},\"inLanguage\":\"fr-FR\",\"potentialAction\":[{\"@type\":\"ReadAction\",\"target\":[\"https:\\\/\\\/infos-droitshumains.net\\\/?p=7555\"]}]},{\"@type\":\"ImageObject\",\"inLanguage\":\"fr-FR\",\"@id\":\"https:\\\/\\\/infos-droitshumains.net\\\/?p=7555#primaryimage\",\"url\":\"https:\\\/\\\/i0.wp.com\\\/infos-droitshumains.net\\\/wp-content\\\/uploads\\\/2023\\\/07\\\/IMG_9745.jpg?fit=920%2C614&ssl=1\",\"contentUrl\":\"https:\\\/\\\/i0.wp.com\\\/infos-droitshumains.net\\\/wp-content\\\/uploads\\\/2023\\\/07\\\/IMG_9745.jpg?fit=920%2C614&ssl=1\",\"width\":920,\"height\":614},{\"@type\":\"BreadcrumbList\",\"@id\":\"https:\\\/\\\/infos-droitshumains.net\\\/?p=7555#breadcrumb\",\"itemListElement\":[{\"@type\":\"ListItem\",\"position\":1,\"name\":\"Accueil\",\"item\":\"https:\\\/\\\/infos-droitshumains.net\\\/\"},{\"@type\":\"ListItem\",\"position\":2,\"name\":\"Pr\u00e9vention et Lutte contre la Traite des Personnes en RDC\u00a0: Les acteurs de premi\u00e8re ligne d\u00e9ploy\u00e9s sur les points-chauds de Kinshasa pour sensibiliser la population\"}]},{\"@type\":\"WebSite\",\"@id\":\"https:\\\/\\\/infos-droitshumains.net\\\/#website\",\"url\":\"https:\\\/\\\/infos-droitshumains.net\\\/\",\"name\":\"Infos Droits Humains\",\"description\":\"S&#039;informer est un droit\",\"publisher\":{\"@id\":\"https:\\\/\\\/infos-droitshumains.net\\\/#organization\"},\"potentialAction\":[{\"@type\":\"SearchAction\",\"target\":{\"@type\":\"EntryPoint\",\"urlTemplate\":\"https:\\\/\\\/infos-droitshumains.net\\\/?s={search_term_string}\"},\"query-input\":{\"@type\":\"PropertyValueSpecification\",\"valueRequired\":true,\"valueName\":\"search_term_string\"}}],\"inLanguage\":\"fr-FR\"},{\"@type\":\"Organization\",\"@id\":\"https:\\\/\\\/infos-droitshumains.net\\\/#organization\",\"name\":\"Infos Droits Humains\",\"url\":\"https:\\\/\\\/infos-droitshumains.net\\\/\",\"logo\":{\"@type\":\"ImageObject\",\"inLanguage\":\"fr-FR\",\"@id\":\"https:\\\/\\\/infos-droitshumains.net\\\/#\\\/schema\\\/logo\\\/image\\\/\",\"url\":\"https:\\\/\\\/i0.wp.com\\\/infos-droitshumains.net\\\/wp-content\\\/uploads\\\/2022\\\/05\\\/Logo.png?fit=333%2C129&ssl=1\",\"contentUrl\":\"https:\\\/\\\/i0.wp.com\\\/infos-droitshumains.net\\\/wp-content\\\/uploads\\\/2022\\\/05\\\/Logo.png?fit=333%2C129&ssl=1\",\"width\":333,\"height\":129,\"caption\":\"Infos Droits Humains\"},\"image\":{\"@id\":\"https:\\\/\\\/infos-droitshumains.net\\\/#\\\/schema\\\/logo\\\/image\\\/\"}},{\"@type\":\"Person\",\"@id\":\"https:\\\/\\\/infos-droitshumains.net\\\/#\\\/schema\\\/person\\\/3dc5e921c3302172e0ed4362f96faab7\",\"name\":\"Jo\u00ebl Diawa\",\"image\":{\"@type\":\"ImageObject\",\"inLanguage\":\"fr-FR\",\"@id\":\"https:\\\/\\\/secure.gravatar.com\\\/avatar\\\/729bea6ff4604c624417803c477363be8e3c7186deaa65713313f9b4b820f41c?s=96&d=mm&r=g\",\"url\":\"https:\\\/\\\/secure.gravatar.com\\\/avatar\\\/729bea6ff4604c624417803c477363be8e3c7186deaa65713313f9b4b820f41c?s=96&d=mm&r=g\",\"contentUrl\":\"https:\\\/\\\/secure.gravatar.com\\\/avatar\\\/729bea6ff4604c624417803c477363be8e3c7186deaa65713313f9b4b820f41c?s=96&d=mm&r=g\",\"caption\":\"Jo\u00ebl Diawa\"},\"sameAs\":[\"https:\\\/\\\/www.infos-droitshumains.net\"],\"url\":\"https:\\\/\\\/infos-droitshumains.net\\\/?author=2\"}]}<\/script>\n<!-- \/ Yoast SEO plugin. -->","yoast_head_json":{"title":"Pr\u00e9vention et Lutte contre la Traite des Personnes en RDC\u00a0: Les acteurs de premi\u00e8re ligne d\u00e9ploy\u00e9s sur les points-chauds de Kinshasa pour sensibiliser la population - Infos Droits Humains","robots":{"index":"index","follow":"follow","max-snippet":"max-snippet:-1","max-image-preview":"max-image-preview:large","max-video-preview":"max-video-preview:-1"},"canonical":"https:\/\/infos-droitshumains.net\/?p=7555","og_locale":"fr_FR","og_type":"article","og_title":"Pr\u00e9vention et Lutte contre la Traite des Personnes en RDC\u00a0: Les acteurs de premi\u00e8re ligne d\u00e9ploy\u00e9s sur les points-chauds de Kinshasa pour sensibiliser la population - Infos Droits Humains","og_description":"R\u00e9daction :+243817406088 En pr\u00e9lude de la c\u00e9l\u00e9bration de la journ\u00e9e internationale de la lutte contre...","og_url":"https:\/\/infos-droitshumains.net\/?p=7555","og_site_name":"Infos Droits Humains","article_published_time":"2023-07-26T19:55:21+00:00","article_modified_time":"2023-07-27T18:10:59+00:00","og_image":[{"width":920,"height":614,"url":"https:\/\/infos-droitshumains.net\/wp-content\/uploads\/2023\/07\/IMG_9745.jpg","type":"image\/jpeg"}],"author":"Jo\u00ebl Diawa","twitter_card":"summary_large_image","twitter_misc":{"\u00c9crit par":"Jo\u00ebl Diawa","Dur\u00e9e de lecture estim\u00e9e":"6 minutes"},"schema":{"@context":"https:\/\/schema.org","@graph":[{"@type":"Article","@id":"https:\/\/infos-droitshumains.net\/?p=7555#article","isPartOf":{"@id":"https:\/\/infos-droitshumains.net\/?p=7555"},"author":{"name":"Jo\u00ebl Diawa","@id":"https:\/\/infos-droitshumains.net\/#\/schema\/person\/3dc5e921c3302172e0ed4362f96faab7"},"headline":"Pr\u00e9vention et Lutte contre la Traite des Personnes en RDC\u00a0: Les acteurs de premi\u00e8re ligne d\u00e9ploy\u00e9s sur les points-chauds de Kinshasa pour sensibiliser la population","datePublished":"2023-07-26T19:55:21+00:00","dateModified":"2023-07-27T18:10:59+00:00","mainEntityOfPage":{"@id":"https:\/\/infos-droitshumains.net\/?p=7555"},"wordCount":794,"commentCount":0,"publisher":{"@id":"https:\/\/infos-droitshumains.net\/#organization"},"image":{"@id":"https:\/\/infos-droitshumains.net\/?p=7555#primaryimage"},"thumbnailUrl":"https:\/\/i0.wp.com\/infos-droitshumains.net\/wp-content\/uploads\/2023\/07\/IMG_9745.jpg?fit=920%2C614&ssl=1","articleSection":["Droits Humains"],"inLanguage":"fr-FR","potentialAction":[{"@type":"CommentAction","name":"Comment","target":["https:\/\/infos-droitshumains.net\/?p=7555#respond"]}]},{"@type":"WebPage","@id":"https:\/\/infos-droitshumains.net\/?p=7555","url":"https:\/\/infos-droitshumains.net\/?p=7555","name":"Pr\u00e9vention et Lutte contre la Traite des Personnes en RDC\u00a0: Les acteurs de premi\u00e8re ligne d\u00e9ploy\u00e9s sur les points-chauds de Kinshasa pour sensibiliser la population - Infos Droits Humains","isPartOf":{"@id":"https:\/\/infos-droitshumains.net\/#website"},"primaryImageOfPage":{"@id":"https:\/\/infos-droitshumains.net\/?p=7555#primaryimage"},"image":{"@id":"https:\/\/infos-droitshumains.net\/?p=7555#primaryimage"},"thumbnailUrl":"https:\/\/i0.wp.com\/infos-droitshumains.net\/wp-content\/uploads\/2023\/07\/IMG_9745.jpg?fit=920%2C614&ssl=1","datePublished":"2023-07-26T19:55:21+00:00","dateModified":"2023-07-27T18:10:59+00:00","breadcrumb":{"@id":"https:\/\/infos-droitshumains.net\/?p=7555#breadcrumb"},"inLanguage":"fr-FR","potentialAction":[{"@type":"ReadAction","target":["https:\/\/infos-droitshumains.net\/?p=7555"]}]},{"@type":"ImageObject","inLanguage":"fr-FR","@id":"https:\/\/infos-droitshumains.net\/?p=7555#primaryimage","url":"https:\/\/i0.wp.com\/infos-droitshumains.net\/wp-content\/uploads\/2023\/07\/IMG_9745.jpg?fit=920%2C614&ssl=1","contentUrl":"https:\/\/i0.wp.com\/infos-droitshumains.net\/wp-content\/uploads\/2023\/07\/IMG_9745.jpg?fit=920%2C614&ssl=1","width":920,"height":614},{"@type":"BreadcrumbList","@id":"https:\/\/infos-droitshumains.net\/?p=7555#breadcrumb","itemListElement":[{"@type":"ListItem","position":1,"name":"Accueil","item":"https:\/\/infos-droitshumains.net\/"},{"@type":"ListItem","position":2,"name":"Pr\u00e9vention et Lutte contre la Traite des Personnes en RDC\u00a0: Les acteurs de premi\u00e8re ligne d\u00e9ploy\u00e9s sur les points-chauds de Kinshasa pour sensibiliser la population"}]},{"@type":"WebSite","@id":"https:\/\/infos-droitshumains.net\/#website","url":"https:\/\/infos-droitshumains.net\/","name":"Infos Droits Humains","description":"S&#039;informer est un droit","publisher":{"@id":"https:\/\/infos-droitshumains.net\/#organization"},"potentialAction":[{"@type":"SearchAction","target":{"@type":"EntryPoint","urlTemplate":"https:\/\/infos-droitshumains.net\/?s={search_term_string}"},"query-input":{"@type":"PropertyValueSpecification","valueRequired":true,"valueName":"search_term_string"}}],"inLanguage":"fr-FR"},{"@type":"Organization","@id":"https:\/\/infos-droitshumains.net\/#organization","name":"Infos Droits Humains","url":"https:\/\/infos-droitshumains.net\/","logo":{"@type":"ImageObject","inLanguage":"fr-FR","@id":"https:\/\/infos-droitshumains.net\/#\/schema\/logo\/image\/","url":"https:\/\/i0.wp.com\/infos-droitshumains.net\/wp-content\/uploads\/2022\/05\/Logo.png?fit=333%2C129&ssl=1","contentUrl":"https:\/\/i0.wp.com\/infos-droitshumains.net\/wp-content\/uploads\/2022\/05\/Logo.png?fit=333%2C129&ssl=1","width":333,"height":129,"caption":"Infos Droits Humains"},"image":{"@id":"https:\/\/infos-droitshumains.net\/#\/schema\/logo\/image\/"}},{"@type":"Person","@id":"https:\/\/infos-droitshumains.net\/#\/schema\/person\/3dc5e921c3302172e0ed4362f96faab7","name":"Jo\u00ebl Diawa","image":{"@type":"ImageObject","inLanguage":"fr-FR","@id":"https:\/\/secure.gravatar.com\/avatar\/729bea6ff4604c624417803c477363be8e3c7186deaa65713313f9b4b820f41c?s=96&d=mm&r=g","url":"https:\/\/secure.gravatar.com\/avatar\/729bea6ff4604c624417803c477363be8e3c7186deaa65713313f9b4b820f41c?s=96&d=mm&r=g","contentUrl":"https:\/\/secure.gravatar.com\/avatar\/729bea6ff4604c624417803c477363be8e3c7186deaa65713313f9b4b820f41c?s=96&d=mm&r=g","caption":"Jo\u00ebl Diawa"},"sameAs":["https:\/\/www.infos-droitshumains.net"],"url":"https:\/\/infos-droitshumains.net\/?author=2"}]}},"featured_image_urls":{"full":["https:\/\/i0.wp.com\/infos-droitshumains.net\/wp-content\/uploads\/2023\/07\/IMG_9745.jpg?fit=920%2C614&ssl=1",920,614,false],"thumbnail":["https:\/\/i0.wp.com\/infos-droitshumains.net\/wp-content\/uploads\/2023\/07\/IMG_9745.jpg?resize=150%2C150&ssl=1",150,150,true],"medium":["https:\/\/i0.wp.com\/infos-droitshumains.net\/wp-content\/uploads\/2023\/07\/IMG_9745.jpg?fit=300%2C200&ssl=1",300,200,true],"medium_large":["https:\/\/i0.wp.com\/infos-droitshumains.net\/wp-content\/uploads\/2023\/07\/IMG_9745.jpg?fit=640%2C428&ssl=1",640,428,true],"large":["https:\/\/i0.wp.com\/infos-droitshumains.net\/wp-content\/uploads\/2023\/07\/IMG_9745.jpg?fit=640%2C427&ssl=1",640,427,true],"1536x1536":["https:\/\/i0.wp.com\/infos-droitshumains.net\/wp-content\/uploads\/2023\/07\/IMG_9745.jpg?fit=920%2C614&ssl=1",920,614,true],"2048x2048":["https:\/\/i0.wp.com\/infos-droitshumains.net\/wp-content\/uploads\/2023\/07\/IMG_9745.jpg?fit=920%2C614&ssl=1",920,614,true],"covernews-slider-full":["https:\/\/i0.wp.com\/infos-droitshumains.net\/wp-content\/uploads\/2023\/07\/IMG_9745.jpg?resize=920%2C614&ssl=1",920,614,true],"covernews-slider-center":["https:\/\/i0.wp.com\/infos-droitshumains.net\/wp-content\/uploads\/2023\/07\/IMG_9745.jpg?resize=800%2C500&ssl=1",800,500,true],"covernews-featured":["https:\/\/i0.wp.com\/infos-droitshumains.net\/wp-content\/uploads\/2023\/07\/IMG_9745.jpg?fit=920%2C614&ssl=1",920,614,true],"covernews-medium":["https:\/\/i0.wp.com\/infos-droitshumains.net\/wp-content\/uploads\/2023\/07\/IMG_9745.jpg?resize=540%2C340&ssl=1",540,340,true],"covernews-medium-square":["https:\/\/i0.wp.com\/infos-droitshumains.net\/wp-content\/uploads\/2023\/07\/IMG_9745.jpg?resize=400%2C250&ssl=1",400,250,true]},"author_info":{"display_name":"Jo\u00ebl Diawa","author_link":"https:\/\/infos-droitshumains.net\/?author=2"},"category_info":"<a href=\"https:\/\/infos-droitshumains.net\/?cat=7\" rel=\"category\">Droits Humains<\/a>","tag_info":"Droits Humains","comment_count":"0","jetpack_featured_media_url":"https:\/\/i0.wp.com\/infos-droitshumains.net\/wp-content\/uploads\/2023\/07\/IMG_9745.jpg?fit=920%2C614&ssl=1","jetpack-related-posts":[],"jetpack_sharing_enabled":true,"_links":{"self":[{"href":"https:\/\/infos-droitshumains.net\/index.php?rest_route=\/wp\/v2\/posts\/7555","targetHints":{"allow":["GET"]}}],"collection":[{"href":"https:\/\/infos-droitshumains.net\/index.php?rest_route=\/wp\/v2\/posts"}],"about":[{"href":"https:\/\/infos-droitshumains.net\/index.php?rest_route=\/wp\/v2\/types\/post"}],"author":[{"embeddable":true,"href":"https:\/\/infos-droitshumains.net\/index.php?rest_route=\/wp\/v2\/users\/2"}],"replies":[{"embeddable":true,"href":"https:\/\/infos-droitshumains.net\/index.php?rest_route=%2Fwp%2Fv2%2Fcomments&post=7555"}],"version-history":[{"count":8,"href":"https:\/\/infos-droitshumains.net\/index.php?rest_route=\/wp\/v2\/posts\/7555\/revisions"}],"predecessor-version":[{"id":7592,"href":"https:\/\/infos-droitshumains.net\/index.php?rest_route=\/wp\/v2\/posts\/7555\/revisions\/7592"}],"wp:featuredmedia":[{"embeddable":true,"href":"https:\/\/infos-droitshumains.net\/index.php?rest_route=\/wp\/v2\/media\/7575"}],"wp:attachment":[{"href":"https:\/\/infos-droitshumains.net\/index.php?rest_route=%2Fwp%2Fv2%2Fmedia&parent=7555"}],"wp:term":[{"taxonomy":"category","embeddable":true,"href":"https:\/\/infos-droitshumains.net\/index.php?rest_route=%2Fwp%2Fv2%2Fcategories&post=7555"},{"taxonomy":"post_tag","embeddable":true,"href":"https:\/\/infos-droitshumains.net\/index.php?rest_route=%2Fwp%2Fv2%2Ftags&post=7555"}],"curies":[{"name":"wp","href":"https:\/\/api.w.org\/{rel}","templated":true}]}}