{"id":7530,"date":"2023-07-20T15:11:17","date_gmt":"2023-07-20T13:11:17","guid":{"rendered":"https:\/\/infos-droitshumains.net\/?p=7530"},"modified":"2023-07-20T15:11:20","modified_gmt":"2023-07-20T13:11:20","slug":"assassinat-de-cherubin-okende-la-justice-devoile-les-premiers-elements-denquetes","status":"publish","type":"post","link":"https:\/\/infos-droitshumains.net\/?p=7530","title":{"rendered":"Assassinat de Ch\u00e9rubin Okende\u00a0: La justice d\u00e9voile les premiers \u00e9l\u00e9ments d\u2019enqu\u00eates"},"content":{"rendered":"\n<p><strong>R\u00e9daction :+243817406088<\/strong><\/p>\n\n\n\n<h4 class=\"wp-block-heading has-vivid-red-color has-text-color\">Le meurtre de Ch\u00e9rubin Okende demeure toujours un myst\u00e8re 7 jours apr\u00e8s que son corps inerte ait \u00e9t\u00e9 retrouv\u00e9 dans son v\u00e9hicule sur la route poids-lourds. Qui l\u2019a tu\u00e9, qui sont les commanditaires de cet assassinat, quelles en sont les circonconsatances et mobiles\u00a0? Toutes ces questions n\u2019ont toujours pas encore trouv\u00e9 des r\u00e9ponses, mais la justice a d\u00e9j\u00e0 les premiers \u00e9l\u00e9ments des enqu\u00eates.<\/h4>\n\n\n\n<p><em>\u00ab&nbsp;Les premiers r\u00e9sultats nous donnent une id\u00e9e du film de l\u2019\u00e9v\u00e9nement. La Police scientifique nous a confirm\u00e9 que la balle tir\u00e9e sur la victime est partie de l&rsquo;arme trouv\u00e9e pr\u00e8s du corps&nbsp;\u00bb,<\/em> a r\u00e9v\u00e9l\u00e9 le Procureur G\u00e9n\u00e9ral pr\u00e8s la Cour de cassation.<\/p>\n\n\n\n<p><em>\u00ab&nbsp;Cette arme appartient au suspect, son garde du corps qui pendant son audition, nous a fait beaucoup de d\u00e9clarations, mais ses d\u00e9clarations ne sont pas constantes&nbsp;\u00bb<\/em>, a-t-il poursuivi.<\/p>\n\n\n\n<p><em>\u00ab&nbsp;Nous avons saisi les t\u00e9l\u00e9phones du d\u00e9funt, de son garde du corps et du chauffeur&nbsp;\u00bb<\/em>, a rench\u00e9rit &nbsp;Firmin Mvonde pour qui, <em>\u00ab&nbsp;Ces personnes \u00e9taient en contact avec la victime dans les heures qui ont pr\u00e9c\u00e9d\u00e9 et ont suivi sa mort&nbsp;et que tous ces t\u00e9l\u00e9phones sont en train d&rsquo;\u00eatre pass\u00e9s au crible par les experts&nbsp;\u00bb. <\/em>Firmin Mvonde a par ailleurs annonc\u00e9 que <em>\u00ab&nbsp;plusieurs personnes sont interpell\u00e9es&nbsp;\u00bb.<\/em><\/p>\n\n\n\n<p>Pour faire la lumi\u00e8re \u00e0 cet assassinat ignoble, la justice congolaise a sollicit\u00e9 une expertise ext\u00e9rieure dont celles de la MONUSCO, la Belgique, la France, l\u2019Afrique du Sud. Des Etats et organismes qui vraisemblablement sont dispos\u00e9s afin d\u2019avoir des r\u00e9sultats consolid\u00e9s et objectifs.<\/p>\n\n\n\n<p>Jo\u00ebl Diawa<\/p>\n","protected":false},"excerpt":{"rendered":"<p>R\u00e9daction :+243817406088 Le meurtre de Ch\u00e9rubin Okende demeure toujours un myst\u00e8re 7 jours apr\u00e8s que&#8230;<\/p>\n","protected":false},"author":2,"featured_media":7531,"comment_status":"open","ping_status":"open","sticky":false,"template":"","format":"standard","meta":{"_jetpack_memberships_contains_paid_content":false,"footnotes":""},"categories":[6],"tags":[],"class_list":["post-7530","post","type-post","status-publish","format-standard","has-post-thumbnail","hentry","category-justice"],"yoast_head":"<!-- This site is optimized with the Yoast SEO plugin v27.5 - https:\/\/yoast.com\/product\/yoast-seo-wordpress\/ -->\n<title>Assassinat de Ch\u00e9rubin Okende\u00a0: La justice d\u00e9voile les premiers \u00e9l\u00e9ments d\u2019enqu\u00eates - Infos Droits Humains<\/title>\n<meta name=\"robots\" content=\"index, follow, max-snippet:-1, max-image-preview:large, max-video-preview:-1\" \/>\n<link rel=\"canonical\" href=\"https:\/\/infos-droitshumains.net\/?p=7530\" \/>\n<meta property=\"og:locale\" content=\"fr_FR\" \/>\n<meta property=\"og:type\" content=\"article\" \/>\n<meta property=\"og:title\" content=\"Assassinat de Ch\u00e9rubin Okende\u00a0: La justice d\u00e9voile les premiers \u00e9l\u00e9ments d\u2019enqu\u00eates - Infos Droits Humains\" \/>\n<meta property=\"og:description\" content=\"R\u00e9daction :+243817406088 Le meurtre de Ch\u00e9rubin Okende demeure toujours un myst\u00e8re 7 jours apr\u00e8s que...\" \/>\n<meta property=\"og:url\" content=\"https:\/\/infos-droitshumains.net\/?p=7530\" \/>\n<meta property=\"og:site_name\" content=\"Infos Droits Humains\" \/>\n<meta property=\"article:published_time\" content=\"2023-07-20T13:11:17+00:00\" \/>\n<meta property=\"article:modified_time\" content=\"2023-07-20T13:11:20+00:00\" \/>\n<meta property=\"og:image\" content=\"https:\/\/infos-droitshumains.net\/wp-content\/uploads\/2023\/07\/809f4866-eff3-4800-89ac-4bfcc7234f0a_1.jpeg\" \/>\n\t<meta property=\"og:image:width\" content=\"711\" \/>\n\t<meta property=\"og:image:height\" content=\"473\" \/>\n\t<meta property=\"og:image:type\" content=\"image\/jpeg\" \/>\n<meta name=\"author\" content=\"Jo\u00ebl Diawa\" \/>\n<meta name=\"twitter:card\" content=\"summary_large_image\" \/>\n<meta name=\"twitter:label1\" content=\"\u00c9crit par\" \/>\n\t<meta name=\"twitter:data1\" content=\"Jo\u00ebl Diawa\" \/>\n\t<meta name=\"twitter:label2\" content=\"Dur\u00e9e de lecture estim\u00e9e\" \/>\n\t<meta name=\"twitter:data2\" content=\"2 minutes\" \/>\n<script type=\"application\/ld+json\" class=\"yoast-schema-graph\">{\"@context\":\"https:\\\/\\\/schema.org\",\"@graph\":[{\"@type\":\"Article\",\"@id\":\"https:\\\/\\\/infos-droitshumains.net\\\/?p=7530#article\",\"isPartOf\":{\"@id\":\"https:\\\/\\\/infos-droitshumains.net\\\/?p=7530\"},\"author\":{\"name\":\"Jo\u00ebl Diawa\",\"@id\":\"https:\\\/\\\/infos-droitshumains.net\\\/#\\\/schema\\\/person\\\/3dc5e921c3302172e0ed4362f96faab7\"},\"headline\":\"Assassinat de Ch\u00e9rubin Okende\u00a0: La justice d\u00e9voile les premiers \u00e9l\u00e9ments d\u2019enqu\u00eates\",\"datePublished\":\"2023-07-20T13:11:17+00:00\",\"dateModified\":\"2023-07-20T13:11:20+00:00\",\"mainEntityOfPage\":{\"@id\":\"https:\\\/\\\/infos-droitshumains.net\\\/?p=7530\"},\"wordCount\":315,\"commentCount\":0,\"publisher\":{\"@id\":\"https:\\\/\\\/infos-droitshumains.net\\\/#organization\"},\"image\":{\"@id\":\"https:\\\/\\\/infos-droitshumains.net\\\/?p=7530#primaryimage\"},\"thumbnailUrl\":\"https:\\\/\\\/i0.wp.com\\\/infos-droitshumains.net\\\/wp-content\\\/uploads\\\/2023\\\/07\\\/809f4866-eff3-4800-89ac-4bfcc7234f0a_1.jpeg?fit=711%2C473&ssl=1\",\"articleSection\":[\"Justice\"],\"inLanguage\":\"fr-FR\",\"potentialAction\":[{\"@type\":\"CommentAction\",\"name\":\"Comment\",\"target\":[\"https:\\\/\\\/infos-droitshumains.net\\\/?p=7530#respond\"]}]},{\"@type\":\"WebPage\",\"@id\":\"https:\\\/\\\/infos-droitshumains.net\\\/?p=7530\",\"url\":\"https:\\\/\\\/infos-droitshumains.net\\\/?p=7530\",\"name\":\"Assassinat de Ch\u00e9rubin Okende\u00a0: La justice d\u00e9voile les premiers \u00e9l\u00e9ments d\u2019enqu\u00eates - Infos Droits Humains\",\"isPartOf\":{\"@id\":\"https:\\\/\\\/infos-droitshumains.net\\\/#website\"},\"primaryImageOfPage\":{\"@id\":\"https:\\\/\\\/infos-droitshumains.net\\\/?p=7530#primaryimage\"},\"image\":{\"@id\":\"https:\\\/\\\/infos-droitshumains.net\\\/?p=7530#primaryimage\"},\"thumbnailUrl\":\"https:\\\/\\\/i0.wp.com\\\/infos-droitshumains.net\\\/wp-content\\\/uploads\\\/2023\\\/07\\\/809f4866-eff3-4800-89ac-4bfcc7234f0a_1.jpeg?fit=711%2C473&ssl=1\",\"datePublished\":\"2023-07-20T13:11:17+00:00\",\"dateModified\":\"2023-07-20T13:11:20+00:00\",\"breadcrumb\":{\"@id\":\"https:\\\/\\\/infos-droitshumains.net\\\/?p=7530#breadcrumb\"},\"inLanguage\":\"fr-FR\",\"potentialAction\":[{\"@type\":\"ReadAction\",\"target\":[\"https:\\\/\\\/infos-droitshumains.net\\\/?p=7530\"]}]},{\"@type\":\"ImageObject\",\"inLanguage\":\"fr-FR\",\"@id\":\"https:\\\/\\\/infos-droitshumains.net\\\/?p=7530#primaryimage\",\"url\":\"https:\\\/\\\/i0.wp.com\\\/infos-droitshumains.net\\\/wp-content\\\/uploads\\\/2023\\\/07\\\/809f4866-eff3-4800-89ac-4bfcc7234f0a_1.jpeg?fit=711%2C473&ssl=1\",\"contentUrl\":\"https:\\\/\\\/i0.wp.com\\\/infos-droitshumains.net\\\/wp-content\\\/uploads\\\/2023\\\/07\\\/809f4866-eff3-4800-89ac-4bfcc7234f0a_1.jpeg?fit=711%2C473&ssl=1\",\"width\":711,\"height\":473},{\"@type\":\"BreadcrumbList\",\"@id\":\"https:\\\/\\\/infos-droitshumains.net\\\/?p=7530#breadcrumb\",\"itemListElement\":[{\"@type\":\"ListItem\",\"position\":1,\"name\":\"Accueil\",\"item\":\"https:\\\/\\\/infos-droitshumains.net\\\/\"},{\"@type\":\"ListItem\",\"position\":2,\"name\":\"Assassinat de Ch\u00e9rubin Okende\u00a0: La justice d\u00e9voile les premiers \u00e9l\u00e9ments d\u2019enqu\u00eates\"}]},{\"@type\":\"WebSite\",\"@id\":\"https:\\\/\\\/infos-droitshumains.net\\\/#website\",\"url\":\"https:\\\/\\\/infos-droitshumains.net\\\/\",\"name\":\"Infos Droits Humains\",\"description\":\"S&#039;informer est un droit\",\"publisher\":{\"@id\":\"https:\\\/\\\/infos-droitshumains.net\\\/#organization\"},\"potentialAction\":[{\"@type\":\"SearchAction\",\"target\":{\"@type\":\"EntryPoint\",\"urlTemplate\":\"https:\\\/\\\/infos-droitshumains.net\\\/?s={search_term_string}\"},\"query-input\":{\"@type\":\"PropertyValueSpecification\",\"valueRequired\":true,\"valueName\":\"search_term_string\"}}],\"inLanguage\":\"fr-FR\"},{\"@type\":\"Organization\",\"@id\":\"https:\\\/\\\/infos-droitshumains.net\\\/#organization\",\"name\":\"Infos Droits Humains\",\"url\":\"https:\\\/\\\/infos-droitshumains.net\\\/\",\"logo\":{\"@type\":\"ImageObject\",\"inLanguage\":\"fr-FR\",\"@id\":\"https:\\\/\\\/infos-droitshumains.net\\\/#\\\/schema\\\/logo\\\/image\\\/\",\"url\":\"https:\\\/\\\/i0.wp.com\\\/infos-droitshumains.net\\\/wp-content\\\/uploads\\\/2022\\\/05\\\/Logo.png?fit=333%2C129&ssl=1\",\"contentUrl\":\"https:\\\/\\\/i0.wp.com\\\/infos-droitshumains.net\\\/wp-content\\\/uploads\\\/2022\\\/05\\\/Logo.png?fit=333%2C129&ssl=1\",\"width\":333,\"height\":129,\"caption\":\"Infos Droits Humains\"},\"image\":{\"@id\":\"https:\\\/\\\/infos-droitshumains.net\\\/#\\\/schema\\\/logo\\\/image\\\/\"}},{\"@type\":\"Person\",\"@id\":\"https:\\\/\\\/infos-droitshumains.net\\\/#\\\/schema\\\/person\\\/3dc5e921c3302172e0ed4362f96faab7\",\"name\":\"Jo\u00ebl Diawa\",\"image\":{\"@type\":\"ImageObject\",\"inLanguage\":\"fr-FR\",\"@id\":\"https:\\\/\\\/secure.gravatar.com\\\/avatar\\\/729bea6ff4604c624417803c477363be8e3c7186deaa65713313f9b4b820f41c?s=96&d=mm&r=g\",\"url\":\"https:\\\/\\\/secure.gravatar.com\\\/avatar\\\/729bea6ff4604c624417803c477363be8e3c7186deaa65713313f9b4b820f41c?s=96&d=mm&r=g\",\"contentUrl\":\"https:\\\/\\\/secure.gravatar.com\\\/avatar\\\/729bea6ff4604c624417803c477363be8e3c7186deaa65713313f9b4b820f41c?s=96&d=mm&r=g\",\"caption\":\"Jo\u00ebl Diawa\"},\"sameAs\":[\"https:\\\/\\\/www.infos-droitshumains.net\"],\"url\":\"https:\\\/\\\/infos-droitshumains.net\\\/?author=2\"}]}<\/script>\n<!-- \/ Yoast SEO plugin. -->","yoast_head_json":{"title":"Assassinat de Ch\u00e9rubin Okende\u00a0: La justice d\u00e9voile les premiers \u00e9l\u00e9ments d\u2019enqu\u00eates - Infos Droits Humains","robots":{"index":"index","follow":"follow","max-snippet":"max-snippet:-1","max-image-preview":"max-image-preview:large","max-video-preview":"max-video-preview:-1"},"canonical":"https:\/\/infos-droitshumains.net\/?p=7530","og_locale":"fr_FR","og_type":"article","og_title":"Assassinat de Ch\u00e9rubin Okende\u00a0: La justice d\u00e9voile les premiers \u00e9l\u00e9ments d\u2019enqu\u00eates - Infos Droits Humains","og_description":"R\u00e9daction :+243817406088 Le meurtre de Ch\u00e9rubin Okende demeure toujours un myst\u00e8re 7 jours apr\u00e8s que...","og_url":"https:\/\/infos-droitshumains.net\/?p=7530","og_site_name":"Infos Droits Humains","article_published_time":"2023-07-20T13:11:17+00:00","article_modified_time":"2023-07-20T13:11:20+00:00","og_image":[{"width":711,"height":473,"url":"https:\/\/infos-droitshumains.net\/wp-content\/uploads\/2023\/07\/809f4866-eff3-4800-89ac-4bfcc7234f0a_1.jpeg","type":"image\/jpeg"}],"author":"Jo\u00ebl Diawa","twitter_card":"summary_large_image","twitter_misc":{"\u00c9crit par":"Jo\u00ebl Diawa","Dur\u00e9e de lecture estim\u00e9e":"2 minutes"},"schema":{"@context":"https:\/\/schema.org","@graph":[{"@type":"Article","@id":"https:\/\/infos-droitshumains.net\/?p=7530#article","isPartOf":{"@id":"https:\/\/infos-droitshumains.net\/?p=7530"},"author":{"name":"Jo\u00ebl Diawa","@id":"https:\/\/infos-droitshumains.net\/#\/schema\/person\/3dc5e921c3302172e0ed4362f96faab7"},"headline":"Assassinat de Ch\u00e9rubin Okende\u00a0: La justice d\u00e9voile les premiers \u00e9l\u00e9ments d\u2019enqu\u00eates","datePublished":"2023-07-20T13:11:17+00:00","dateModified":"2023-07-20T13:11:20+00:00","mainEntityOfPage":{"@id":"https:\/\/infos-droitshumains.net\/?p=7530"},"wordCount":315,"commentCount":0,"publisher":{"@id":"https:\/\/infos-droitshumains.net\/#organization"},"image":{"@id":"https:\/\/infos-droitshumains.net\/?p=7530#primaryimage"},"thumbnailUrl":"https:\/\/i0.wp.com\/infos-droitshumains.net\/wp-content\/uploads\/2023\/07\/809f4866-eff3-4800-89ac-4bfcc7234f0a_1.jpeg?fit=711%2C473&ssl=1","articleSection":["Justice"],"inLanguage":"fr-FR","potentialAction":[{"@type":"CommentAction","name":"Comment","target":["https:\/\/infos-droitshumains.net\/?p=7530#respond"]}]},{"@type":"WebPage","@id":"https:\/\/infos-droitshumains.net\/?p=7530","url":"https:\/\/infos-droitshumains.net\/?p=7530","name":"Assassinat de Ch\u00e9rubin Okende\u00a0: La justice d\u00e9voile les premiers \u00e9l\u00e9ments d\u2019enqu\u00eates - Infos Droits Humains","isPartOf":{"@id":"https:\/\/infos-droitshumains.net\/#website"},"primaryImageOfPage":{"@id":"https:\/\/infos-droitshumains.net\/?p=7530#primaryimage"},"image":{"@id":"https:\/\/infos-droitshumains.net\/?p=7530#primaryimage"},"thumbnailUrl":"https:\/\/i0.wp.com\/infos-droitshumains.net\/wp-content\/uploads\/2023\/07\/809f4866-eff3-4800-89ac-4bfcc7234f0a_1.jpeg?fit=711%2C473&ssl=1","datePublished":"2023-07-20T13:11:17+00:00","dateModified":"2023-07-20T13:11:20+00:00","breadcrumb":{"@id":"https:\/\/infos-droitshumains.net\/?p=7530#breadcrumb"},"inLanguage":"fr-FR","potentialAction":[{"@type":"ReadAction","target":["https:\/\/infos-droitshumains.net\/?p=7530"]}]},{"@type":"ImageObject","inLanguage":"fr-FR","@id":"https:\/\/infos-droitshumains.net\/?p=7530#primaryimage","url":"https:\/\/i0.wp.com\/infos-droitshumains.net\/wp-content\/uploads\/2023\/07\/809f4866-eff3-4800-89ac-4bfcc7234f0a_1.jpeg?fit=711%2C473&ssl=1","contentUrl":"https:\/\/i0.wp.com\/infos-droitshumains.net\/wp-content\/uploads\/2023\/07\/809f4866-eff3-4800-89ac-4bfcc7234f0a_1.jpeg?fit=711%2C473&ssl=1","width":711,"height":473},{"@type":"BreadcrumbList","@id":"https:\/\/infos-droitshumains.net\/?p=7530#breadcrumb","itemListElement":[{"@type":"ListItem","position":1,"name":"Accueil","item":"https:\/\/infos-droitshumains.net\/"},{"@type":"ListItem","position":2,"name":"Assassinat de Ch\u00e9rubin Okende\u00a0: La justice d\u00e9voile les premiers \u00e9l\u00e9ments d\u2019enqu\u00eates"}]},{"@type":"WebSite","@id":"https:\/\/infos-droitshumains.net\/#website","url":"https:\/\/infos-droitshumains.net\/","name":"Infos Droits Humains","description":"S&#039;informer est un droit","publisher":{"@id":"https:\/\/infos-droitshumains.net\/#organization"},"potentialAction":[{"@type":"SearchAction","target":{"@type":"EntryPoint","urlTemplate":"https:\/\/infos-droitshumains.net\/?s={search_term_string}"},"query-input":{"@type":"PropertyValueSpecification","valueRequired":true,"valueName":"search_term_string"}}],"inLanguage":"fr-FR"},{"@type":"Organization","@id":"https:\/\/infos-droitshumains.net\/#organization","name":"Infos Droits Humains","url":"https:\/\/infos-droitshumains.net\/","logo":{"@type":"ImageObject","inLanguage":"fr-FR","@id":"https:\/\/infos-droitshumains.net\/#\/schema\/logo\/image\/","url":"https:\/\/i0.wp.com\/infos-droitshumains.net\/wp-content\/uploads\/2022\/05\/Logo.png?fit=333%2C129&ssl=1","contentUrl":"https:\/\/i0.wp.com\/infos-droitshumains.net\/wp-content\/uploads\/2022\/05\/Logo.png?fit=333%2C129&ssl=1","width":333,"height":129,"caption":"Infos Droits Humains"},"image":{"@id":"https:\/\/infos-droitshumains.net\/#\/schema\/logo\/image\/"}},{"@type":"Person","@id":"https:\/\/infos-droitshumains.net\/#\/schema\/person\/3dc5e921c3302172e0ed4362f96faab7","name":"Jo\u00ebl Diawa","image":{"@type":"ImageObject","inLanguage":"fr-FR","@id":"https:\/\/secure.gravatar.com\/avatar\/729bea6ff4604c624417803c477363be8e3c7186deaa65713313f9b4b820f41c?s=96&d=mm&r=g","url":"https:\/\/secure.gravatar.com\/avatar\/729bea6ff4604c624417803c477363be8e3c7186deaa65713313f9b4b820f41c?s=96&d=mm&r=g","contentUrl":"https:\/\/secure.gravatar.com\/avatar\/729bea6ff4604c624417803c477363be8e3c7186deaa65713313f9b4b820f41c?s=96&d=mm&r=g","caption":"Jo\u00ebl Diawa"},"sameAs":["https:\/\/www.infos-droitshumains.net"],"url":"https:\/\/infos-droitshumains.net\/?author=2"}]}},"featured_image_urls":{"full":["https:\/\/i0.wp.com\/infos-droitshumains.net\/wp-content\/uploads\/2023\/07\/809f4866-eff3-4800-89ac-4bfcc7234f0a_1.jpeg?fit=711%2C473&ssl=1",711,473,false],"thumbnail":["https:\/\/i0.wp.com\/infos-droitshumains.net\/wp-content\/uploads\/2023\/07\/809f4866-eff3-4800-89ac-4bfcc7234f0a_1.jpeg?resize=150%2C150&ssl=1",150,150,true],"medium":["https:\/\/i0.wp.com\/infos-droitshumains.net\/wp-content\/uploads\/2023\/07\/809f4866-eff3-4800-89ac-4bfcc7234f0a_1.jpeg?fit=300%2C200&ssl=1",300,200,true],"medium_large":["https:\/\/i0.wp.com\/infos-droitshumains.net\/wp-content\/uploads\/2023\/07\/809f4866-eff3-4800-89ac-4bfcc7234f0a_1.jpeg?fit=640%2C426&ssl=1",640,426,true],"large":["https:\/\/i0.wp.com\/infos-droitshumains.net\/wp-content\/uploads\/2023\/07\/809f4866-eff3-4800-89ac-4bfcc7234f0a_1.jpeg?fit=640%2C426&ssl=1",640,426,true],"1536x1536":["https:\/\/i0.wp.com\/infos-droitshumains.net\/wp-content\/uploads\/2023\/07\/809f4866-eff3-4800-89ac-4bfcc7234f0a_1.jpeg?fit=711%2C473&ssl=1",711,473,true],"2048x2048":["https:\/\/i0.wp.com\/infos-droitshumains.net\/wp-content\/uploads\/2023\/07\/809f4866-eff3-4800-89ac-4bfcc7234f0a_1.jpeg?fit=711%2C473&ssl=1",711,473,true],"covernews-slider-full":["https:\/\/i0.wp.com\/infos-droitshumains.net\/wp-content\/uploads\/2023\/07\/809f4866-eff3-4800-89ac-4bfcc7234f0a_1.jpeg?resize=711%2C473&ssl=1",711,473,true],"covernews-slider-center":["https:\/\/i0.wp.com\/infos-droitshumains.net\/wp-content\/uploads\/2023\/07\/809f4866-eff3-4800-89ac-4bfcc7234f0a_1.jpeg?resize=711%2C473&ssl=1",711,473,true],"covernews-featured":["https:\/\/i0.wp.com\/infos-droitshumains.net\/wp-content\/uploads\/2023\/07\/809f4866-eff3-4800-89ac-4bfcc7234f0a_1.jpeg?fit=711%2C473&ssl=1",711,473,true],"covernews-medium":["https:\/\/i0.wp.com\/infos-droitshumains.net\/wp-content\/uploads\/2023\/07\/809f4866-eff3-4800-89ac-4bfcc7234f0a_1.jpeg?resize=540%2C340&ssl=1",540,340,true],"covernews-medium-square":["https:\/\/i0.wp.com\/infos-droitshumains.net\/wp-content\/uploads\/2023\/07\/809f4866-eff3-4800-89ac-4bfcc7234f0a_1.jpeg?resize=400%2C250&ssl=1",400,250,true]},"author_info":{"display_name":"Jo\u00ebl Diawa","author_link":"https:\/\/infos-droitshumains.net\/?author=2"},"category_info":"<a href=\"https:\/\/infos-droitshumains.net\/?cat=6\" rel=\"category\">Justice<\/a>","tag_info":"Justice","comment_count":"0","jetpack_featured_media_url":"https:\/\/i0.wp.com\/infos-droitshumains.net\/wp-content\/uploads\/2023\/07\/809f4866-eff3-4800-89ac-4bfcc7234f0a_1.jpeg?fit=711%2C473&ssl=1","jetpack-related-posts":[],"jetpack_sharing_enabled":true,"_links":{"self":[{"href":"https:\/\/infos-droitshumains.net\/index.php?rest_route=\/wp\/v2\/posts\/7530","targetHints":{"allow":["GET"]}}],"collection":[{"href":"https:\/\/infos-droitshumains.net\/index.php?rest_route=\/wp\/v2\/posts"}],"about":[{"href":"https:\/\/infos-droitshumains.net\/index.php?rest_route=\/wp\/v2\/types\/post"}],"author":[{"embeddable":true,"href":"https:\/\/infos-droitshumains.net\/index.php?rest_route=\/wp\/v2\/users\/2"}],"replies":[{"embeddable":true,"href":"https:\/\/infos-droitshumains.net\/index.php?rest_route=%2Fwp%2Fv2%2Fcomments&post=7530"}],"version-history":[{"count":1,"href":"https:\/\/infos-droitshumains.net\/index.php?rest_route=\/wp\/v2\/posts\/7530\/revisions"}],"predecessor-version":[{"id":7532,"href":"https:\/\/infos-droitshumains.net\/index.php?rest_route=\/wp\/v2\/posts\/7530\/revisions\/7532"}],"wp:featuredmedia":[{"embeddable":true,"href":"https:\/\/infos-droitshumains.net\/index.php?rest_route=\/wp\/v2\/media\/7531"}],"wp:attachment":[{"href":"https:\/\/infos-droitshumains.net\/index.php?rest_route=%2Fwp%2Fv2%2Fmedia&parent=7530"}],"wp:term":[{"taxonomy":"category","embeddable":true,"href":"https:\/\/infos-droitshumains.net\/index.php?rest_route=%2Fwp%2Fv2%2Fcategories&post=7530"},{"taxonomy":"post_tag","embeddable":true,"href":"https:\/\/infos-droitshumains.net\/index.php?rest_route=%2Fwp%2Fv2%2Ftags&post=7530"}],"curies":[{"name":"wp","href":"https:\/\/api.w.org\/{rel}","templated":true}]}}