{"id":7495,"date":"2023-07-15T19:03:27","date_gmt":"2023-07-15T17:03:27","guid":{"rendered":"https:\/\/infos-droitshumains.net\/?p=7495"},"modified":"2023-07-15T19:48:59","modified_gmt":"2023-07-15T17:48:59","slug":"tribunal-de-paix-de-kinshasa-ngaliema-le-non-respect-des-heures-du-debut-des-audience-une-epine-dans-le-pied-enquete","status":"publish","type":"post","link":"https:\/\/infos-droitshumains.net\/?p=7495","title":{"rendered":"Tribunal de Paix de Kinshasa\/Ngaliema\u00a0: Le non respect des heures du d\u00e9but des audience, une \u00e9pine dans le pied (Enqu\u00eate)"},"content":{"rendered":"\n<p><strong>R\u00e9daction :+243817406088<\/strong><\/p>\n\n\n\n<h4 class=\"wp-block-heading has-vivid-red-color has-text-color\">Dans le cadre de ses enqu\u00eates qui consistent \u00e0 faire le constat du respect des dispositifs de l\u2019article 10 de l\u2019arr\u00eat\u00e9 d\u2019organisation judiciaire du 20 aout 1979 portant r\u00e8glement int\u00e9rieur des Cours, Tribunaux et Parquets relatif \u00e0 l\u2019heure du d\u00e9but des audiences dans les Cours et Tribunaux, le Journal T\u00e9l\u00e9vis\u00e9 des Droits Humains a d\u00e9p\u00each\u00e9 son \u00e9quipe ce vendredi 14 juillet 2023 au Tribunal de Paix de Kinshasa\/Ngaliema au vu de constater le respect de l\u2019heure de l\u2019audience.<\/h4>\n\n\n\n<figure class=\"wp-block-image alignfull size-full\"><img data-recalc-dims=\"1\" fetchpriority=\"high\" decoding=\"async\" width=\"640\" height=\"480\" src=\"https:\/\/i0.wp.com\/infos-droitshumains.net\/wp-content\/uploads\/2023\/07\/IMG-20230714-WA0013_1.jpg?resize=640%2C480&#038;ssl=1\" alt=\"\" class=\"wp-image-7498\" srcset=\"https:\/\/i0.wp.com\/infos-droitshumains.net\/wp-content\/uploads\/2023\/07\/IMG-20230714-WA0013_1.jpg?w=992&amp;ssl=1 992w, https:\/\/i0.wp.com\/infos-droitshumains.net\/wp-content\/uploads\/2023\/07\/IMG-20230714-WA0013_1.jpg?resize=300%2C225&amp;ssl=1 300w, https:\/\/i0.wp.com\/infos-droitshumains.net\/wp-content\/uploads\/2023\/07\/IMG-20230714-WA0013_1.jpg?resize=768%2C576&amp;ssl=1 768w\" sizes=\"(max-width: 640px) 100vw, 640px\" \/><\/figure>\n\n\n\n<p>Les premiers \u00e9l\u00e9ments d\u2019enqu\u00eate \u00e9tablis par cette \u00e9quipe fait \u00e9tat du non-respect de cette disposition. L\u2019audience \u00e9tait cens\u00e9 d\u00e9but\u00e9e \u00e0 9H00, alors qu\u2019il est d\u00e9j\u00e0 9h05\u2019 quand l\u2019\u00e9quipe a d\u00e9barqu\u00e9 au Tribunal de Paix de Kinshasa\/Ngaliema, l\u2019estrade r\u00e9serv\u00e9e \u00e0 la composition est encore vide, aucun juge, ni le minist\u00e8re public, moins encore le greffier. Bref, l\u2019audience n\u2019a pas encore commenc\u00e9 alors que les justiciables et les avocats sont d\u00e9j\u00e0 dans la salle d\u2019audience.<\/p>\n\n\n\n<figure class=\"wp-block-image alignfull size-full\"><img data-recalc-dims=\"1\" decoding=\"async\" width=\"640\" height=\"480\" src=\"https:\/\/i0.wp.com\/infos-droitshumains.net\/wp-content\/uploads\/2023\/07\/IMG-20230714-WA0009_1.jpg?resize=640%2C480&#038;ssl=1\" alt=\"\" class=\"wp-image-7497\" srcset=\"https:\/\/i0.wp.com\/infos-droitshumains.net\/wp-content\/uploads\/2023\/07\/IMG-20230714-WA0009_1.jpg?w=992&amp;ssl=1 992w, https:\/\/i0.wp.com\/infos-droitshumains.net\/wp-content\/uploads\/2023\/07\/IMG-20230714-WA0009_1.jpg?resize=300%2C225&amp;ssl=1 300w, https:\/\/i0.wp.com\/infos-droitshumains.net\/wp-content\/uploads\/2023\/07\/IMG-20230714-WA0009_1.jpg?resize=768%2C576&amp;ssl=1 768w\" sizes=\"(max-width: 640px) 100vw, 640px\" \/><\/figure>\n\n\n\n<p>Avec 18 juges et le Pr\u00e9sident, ce qui fait un total de 19 juges, le Tribunal de Paix de Kinshasa\/Ngaliema compte 19 chambres &nbsp;au civil et 8 chambres au p\u00e9nal. Le vendredi est consacr\u00e9e \u00e0 la mati\u00e8re civile. L\u2019extrait de r\u00f4le de ce 14 juillet a programm\u00e9 10 affaires, mais malheureusement jusqu\u2019\u00e0 10H, aucune chambre n\u2019avait commenc\u00e9 \u00e0 si\u00e9ger.<\/p>\n\n\n\n<figure class=\"wp-block-image alignfull size-full\"><img data-recalc-dims=\"1\" decoding=\"async\" width=\"640\" height=\"480\" src=\"https:\/\/i0.wp.com\/infos-droitshumains.net\/wp-content\/uploads\/2023\/07\/IMG-20230714-WA0011_1.jpg?resize=640%2C480&#038;ssl=1\" alt=\"\" class=\"wp-image-7499\" srcset=\"https:\/\/i0.wp.com\/infos-droitshumains.net\/wp-content\/uploads\/2023\/07\/IMG-20230714-WA0011_1.jpg?w=992&amp;ssl=1 992w, https:\/\/i0.wp.com\/infos-droitshumains.net\/wp-content\/uploads\/2023\/07\/IMG-20230714-WA0011_1.jpg?resize=300%2C225&amp;ssl=1 300w, https:\/\/i0.wp.com\/infos-droitshumains.net\/wp-content\/uploads\/2023\/07\/IMG-20230714-WA0011_1.jpg?resize=768%2C576&amp;ssl=1 768w\" sizes=\"(max-width: 640px) 100vw, 640px\" \/><\/figure>\n\n\n\n<p><em>\u00abPourquoi au Tribunal de Paix de Kinshasa\/Ngaliema les audiences commencent toujours en retard? Il est 10h17, aucune chambre n&rsquo;a commenc\u00e9 l&rsquo;audience. Vraiment, la hi\u00e9rarchie peut faire quelque chose ?\u00bb,<\/em> s&rsquo;est interrog\u00e9 un avocat.<\/p>\n\n\n\n<p><em>\u00abTu n&rsquo;es pas au bout de tes peines&#8230; Une fois nous avons commenc\u00e9 \u00e0 11h pass\u00e9\u00bb,<\/em> a r\u00e9pondu un autre.<\/p>\n\n\n\n<p>Trois raisons principales justifient le non-respect de l\u2019heure du d\u00e9but de l\u2019audience dans cette juridiction.<\/p>\n\n\n\n<p>Primo, ce sont les minist\u00e8res publics qui blocs, <em>\u00ab&nbsp;ils viennent souvent en retard&nbsp;\u00bb, <\/em>nous a confi\u00e9 une source bien inform\u00e9e&nbsp; qui poursuit, <em>\u00ab&nbsp;Comme dans une chambre, le juge et le greffier sont d\u00e9j\u00e0 pr\u00e9sent, mais le minist\u00e8re public n\u2019est pas encore arriv\u00e9. Ils (juge et greffier) se voient donc dans l\u2019obligation de l\u2019attendre&nbsp;\u00bb<\/em>.<\/p>\n\n\n\n<p>Secundo, certains juges arrivent aussi en retard&nbsp;; et enfin, il se constate une l\u00e9thargie dans le chef de la hi\u00e9rarchie de cette juridiction qui ne prend pas des sanctions \u00e0 l\u2019encontre des juges r\u00e9cidivistes<\/p>\n\n\n\n<p>Pr\u00e9vu \u00e0 9h par la loi, jusqu\u2019\u00e0 9H45\u2019 quand l\u2019\u00e9quipe du Journal T\u00e9l\u00e9vis\u00e9 des Droits Humains quittait Ngaliema, aucune chambre n\u2019avait d\u00e9but\u00e9 son audience. Nos sources nous renseignent que les audiences d\u00e9butent souvent vers 10H30 ou 11H00&nbsp;; ce qui fait qu\u2019il y a des jours o\u00f9 les audiences vont jusque 20H, 21H, voir m\u00eame 22H. Les autorit\u00e9s doivent \u00e0 cet effet, prendre des mesures coercitives afin de d\u00e9courager cette entorse qui a \u00e9lu domicile au Tribunal de Paix de Kinshasa\/Ngaliema.<\/p>\n\n\n\n<p>Merlin Kamalandua<\/p>\n","protected":false},"excerpt":{"rendered":"<p>R\u00e9daction :+243817406088 Dans le cadre de ses enqu\u00eates qui consistent \u00e0 faire le constat du&#8230;<\/p>\n","protected":false},"author":2,"featured_media":7496,"comment_status":"open","ping_status":"open","sticky":false,"template":"","format":"standard","meta":{"_jetpack_memberships_contains_paid_content":false,"footnotes":""},"categories":[6],"tags":[],"class_list":["post-7495","post","type-post","status-publish","format-standard","has-post-thumbnail","hentry","category-justice"],"yoast_head":"<!-- This site is optimized with the Yoast SEO plugin v27.5 - https:\/\/yoast.com\/product\/yoast-seo-wordpress\/ -->\n<title>Tribunal de Paix de Kinshasa\/Ngaliema\u00a0: Le non respect des heures du d\u00e9but des audience, une \u00e9pine dans le pied (Enqu\u00eate) - Infos Droits Humains<\/title>\n<meta name=\"robots\" content=\"index, follow, max-snippet:-1, max-image-preview:large, max-video-preview:-1\" \/>\n<link rel=\"canonical\" href=\"https:\/\/infos-droitshumains.net\/?p=7495\" \/>\n<meta property=\"og:locale\" content=\"fr_FR\" \/>\n<meta property=\"og:type\" content=\"article\" \/>\n<meta property=\"og:title\" content=\"Tribunal de Paix de Kinshasa\/Ngaliema\u00a0: Le non respect des heures du d\u00e9but des audience, une \u00e9pine dans le pied (Enqu\u00eate) - Infos Droits Humains\" \/>\n<meta property=\"og:description\" content=\"R\u00e9daction :+243817406088 Dans le cadre de ses enqu\u00eates qui consistent \u00e0 faire le constat du...\" \/>\n<meta property=\"og:url\" content=\"https:\/\/infos-droitshumains.net\/?p=7495\" \/>\n<meta property=\"og:site_name\" content=\"Infos Droits Humains\" \/>\n<meta property=\"article:published_time\" content=\"2023-07-15T17:03:27+00:00\" \/>\n<meta property=\"article:modified_time\" content=\"2023-07-15T17:48:59+00:00\" \/>\n<meta property=\"og:image\" content=\"https:\/\/infos-droitshumains.net\/wp-content\/uploads\/2023\/07\/IMG-20230714-WA0008_1.jpg\" \/>\n\t<meta property=\"og:image:width\" content=\"992\" \/>\n\t<meta property=\"og:image:height\" content=\"744\" \/>\n\t<meta property=\"og:image:type\" content=\"image\/jpeg\" \/>\n<meta name=\"author\" content=\"Jo\u00ebl Diawa\" \/>\n<meta name=\"twitter:card\" content=\"summary_large_image\" \/>\n<meta name=\"twitter:label1\" content=\"\u00c9crit par\" \/>\n\t<meta name=\"twitter:data1\" content=\"Jo\u00ebl Diawa\" \/>\n\t<meta name=\"twitter:label2\" content=\"Dur\u00e9e de lecture estim\u00e9e\" \/>\n\t<meta name=\"twitter:data2\" content=\"3 minutes\" \/>\n<script type=\"application\/ld+json\" class=\"yoast-schema-graph\">{\"@context\":\"https:\\\/\\\/schema.org\",\"@graph\":[{\"@type\":\"Article\",\"@id\":\"https:\\\/\\\/infos-droitshumains.net\\\/?p=7495#article\",\"isPartOf\":{\"@id\":\"https:\\\/\\\/infos-droitshumains.net\\\/?p=7495\"},\"author\":{\"name\":\"Jo\u00ebl Diawa\",\"@id\":\"https:\\\/\\\/infos-droitshumains.net\\\/#\\\/schema\\\/person\\\/3dc5e921c3302172e0ed4362f96faab7\"},\"headline\":\"Tribunal de Paix de Kinshasa\\\/Ngaliema\u00a0: Le non respect des heures du d\u00e9but des audience, une \u00e9pine dans le pied (Enqu\u00eate)\",\"datePublished\":\"2023-07-15T17:03:27+00:00\",\"dateModified\":\"2023-07-15T17:48:59+00:00\",\"mainEntityOfPage\":{\"@id\":\"https:\\\/\\\/infos-droitshumains.net\\\/?p=7495\"},\"wordCount\":532,\"commentCount\":0,\"publisher\":{\"@id\":\"https:\\\/\\\/infos-droitshumains.net\\\/#organization\"},\"image\":{\"@id\":\"https:\\\/\\\/infos-droitshumains.net\\\/?p=7495#primaryimage\"},\"thumbnailUrl\":\"https:\\\/\\\/i0.wp.com\\\/infos-droitshumains.net\\\/wp-content\\\/uploads\\\/2023\\\/07\\\/IMG-20230714-WA0008_1.jpg?fit=992%2C744&ssl=1\",\"articleSection\":[\"Justice\"],\"inLanguage\":\"fr-FR\",\"potentialAction\":[{\"@type\":\"CommentAction\",\"name\":\"Comment\",\"target\":[\"https:\\\/\\\/infos-droitshumains.net\\\/?p=7495#respond\"]}]},{\"@type\":\"WebPage\",\"@id\":\"https:\\\/\\\/infos-droitshumains.net\\\/?p=7495\",\"url\":\"https:\\\/\\\/infos-droitshumains.net\\\/?p=7495\",\"name\":\"Tribunal de Paix de Kinshasa\\\/Ngaliema\u00a0: Le non respect des heures du d\u00e9but des audience, une \u00e9pine dans le pied (Enqu\u00eate) - Infos Droits Humains\",\"isPartOf\":{\"@id\":\"https:\\\/\\\/infos-droitshumains.net\\\/#website\"},\"primaryImageOfPage\":{\"@id\":\"https:\\\/\\\/infos-droitshumains.net\\\/?p=7495#primaryimage\"},\"image\":{\"@id\":\"https:\\\/\\\/infos-droitshumains.net\\\/?p=7495#primaryimage\"},\"thumbnailUrl\":\"https:\\\/\\\/i0.wp.com\\\/infos-droitshumains.net\\\/wp-content\\\/uploads\\\/2023\\\/07\\\/IMG-20230714-WA0008_1.jpg?fit=992%2C744&ssl=1\",\"datePublished\":\"2023-07-15T17:03:27+00:00\",\"dateModified\":\"2023-07-15T17:48:59+00:00\",\"breadcrumb\":{\"@id\":\"https:\\\/\\\/infos-droitshumains.net\\\/?p=7495#breadcrumb\"},\"inLanguage\":\"fr-FR\",\"potentialAction\":[{\"@type\":\"ReadAction\",\"target\":[\"https:\\\/\\\/infos-droitshumains.net\\\/?p=7495\"]}]},{\"@type\":\"ImageObject\",\"inLanguage\":\"fr-FR\",\"@id\":\"https:\\\/\\\/infos-droitshumains.net\\\/?p=7495#primaryimage\",\"url\":\"https:\\\/\\\/i0.wp.com\\\/infos-droitshumains.net\\\/wp-content\\\/uploads\\\/2023\\\/07\\\/IMG-20230714-WA0008_1.jpg?fit=992%2C744&ssl=1\",\"contentUrl\":\"https:\\\/\\\/i0.wp.com\\\/infos-droitshumains.net\\\/wp-content\\\/uploads\\\/2023\\\/07\\\/IMG-20230714-WA0008_1.jpg?fit=992%2C744&ssl=1\",\"width\":992,\"height\":744},{\"@type\":\"BreadcrumbList\",\"@id\":\"https:\\\/\\\/infos-droitshumains.net\\\/?p=7495#breadcrumb\",\"itemListElement\":[{\"@type\":\"ListItem\",\"position\":1,\"name\":\"Accueil\",\"item\":\"https:\\\/\\\/infos-droitshumains.net\\\/\"},{\"@type\":\"ListItem\",\"position\":2,\"name\":\"Tribunal de Paix de Kinshasa\\\/Ngaliema\u00a0: Le non respect des heures du d\u00e9but des audience, une \u00e9pine dans le pied (Enqu\u00eate)\"}]},{\"@type\":\"WebSite\",\"@id\":\"https:\\\/\\\/infos-droitshumains.net\\\/#website\",\"url\":\"https:\\\/\\\/infos-droitshumains.net\\\/\",\"name\":\"Infos Droits Humains\",\"description\":\"S&#039;informer est un droit\",\"publisher\":{\"@id\":\"https:\\\/\\\/infos-droitshumains.net\\\/#organization\"},\"potentialAction\":[{\"@type\":\"SearchAction\",\"target\":{\"@type\":\"EntryPoint\",\"urlTemplate\":\"https:\\\/\\\/infos-droitshumains.net\\\/?s={search_term_string}\"},\"query-input\":{\"@type\":\"PropertyValueSpecification\",\"valueRequired\":true,\"valueName\":\"search_term_string\"}}],\"inLanguage\":\"fr-FR\"},{\"@type\":\"Organization\",\"@id\":\"https:\\\/\\\/infos-droitshumains.net\\\/#organization\",\"name\":\"Infos Droits Humains\",\"url\":\"https:\\\/\\\/infos-droitshumains.net\\\/\",\"logo\":{\"@type\":\"ImageObject\",\"inLanguage\":\"fr-FR\",\"@id\":\"https:\\\/\\\/infos-droitshumains.net\\\/#\\\/schema\\\/logo\\\/image\\\/\",\"url\":\"https:\\\/\\\/i0.wp.com\\\/infos-droitshumains.net\\\/wp-content\\\/uploads\\\/2022\\\/05\\\/Logo.png?fit=333%2C129&ssl=1\",\"contentUrl\":\"https:\\\/\\\/i0.wp.com\\\/infos-droitshumains.net\\\/wp-content\\\/uploads\\\/2022\\\/05\\\/Logo.png?fit=333%2C129&ssl=1\",\"width\":333,\"height\":129,\"caption\":\"Infos Droits Humains\"},\"image\":{\"@id\":\"https:\\\/\\\/infos-droitshumains.net\\\/#\\\/schema\\\/logo\\\/image\\\/\"}},{\"@type\":\"Person\",\"@id\":\"https:\\\/\\\/infos-droitshumains.net\\\/#\\\/schema\\\/person\\\/3dc5e921c3302172e0ed4362f96faab7\",\"name\":\"Jo\u00ebl Diawa\",\"image\":{\"@type\":\"ImageObject\",\"inLanguage\":\"fr-FR\",\"@id\":\"https:\\\/\\\/secure.gravatar.com\\\/avatar\\\/729bea6ff4604c624417803c477363be8e3c7186deaa65713313f9b4b820f41c?s=96&d=mm&r=g\",\"url\":\"https:\\\/\\\/secure.gravatar.com\\\/avatar\\\/729bea6ff4604c624417803c477363be8e3c7186deaa65713313f9b4b820f41c?s=96&d=mm&r=g\",\"contentUrl\":\"https:\\\/\\\/secure.gravatar.com\\\/avatar\\\/729bea6ff4604c624417803c477363be8e3c7186deaa65713313f9b4b820f41c?s=96&d=mm&r=g\",\"caption\":\"Jo\u00ebl Diawa\"},\"sameAs\":[\"https:\\\/\\\/www.infos-droitshumains.net\"],\"url\":\"https:\\\/\\\/infos-droitshumains.net\\\/?author=2\"}]}<\/script>\n<!-- \/ Yoast SEO plugin. -->","yoast_head_json":{"title":"Tribunal de Paix de Kinshasa\/Ngaliema\u00a0: Le non respect des heures du d\u00e9but des audience, une \u00e9pine dans le pied (Enqu\u00eate) - Infos Droits Humains","robots":{"index":"index","follow":"follow","max-snippet":"max-snippet:-1","max-image-preview":"max-image-preview:large","max-video-preview":"max-video-preview:-1"},"canonical":"https:\/\/infos-droitshumains.net\/?p=7495","og_locale":"fr_FR","og_type":"article","og_title":"Tribunal de Paix de Kinshasa\/Ngaliema\u00a0: Le non respect des heures du d\u00e9but des audience, une \u00e9pine dans le pied (Enqu\u00eate) - Infos Droits Humains","og_description":"R\u00e9daction :+243817406088 Dans le cadre de ses enqu\u00eates qui consistent \u00e0 faire le constat du...","og_url":"https:\/\/infos-droitshumains.net\/?p=7495","og_site_name":"Infos Droits Humains","article_published_time":"2023-07-15T17:03:27+00:00","article_modified_time":"2023-07-15T17:48:59+00:00","og_image":[{"width":992,"height":744,"url":"https:\/\/infos-droitshumains.net\/wp-content\/uploads\/2023\/07\/IMG-20230714-WA0008_1.jpg","type":"image\/jpeg"}],"author":"Jo\u00ebl Diawa","twitter_card":"summary_large_image","twitter_misc":{"\u00c9crit par":"Jo\u00ebl Diawa","Dur\u00e9e de lecture estim\u00e9e":"3 minutes"},"schema":{"@context":"https:\/\/schema.org","@graph":[{"@type":"Article","@id":"https:\/\/infos-droitshumains.net\/?p=7495#article","isPartOf":{"@id":"https:\/\/infos-droitshumains.net\/?p=7495"},"author":{"name":"Jo\u00ebl Diawa","@id":"https:\/\/infos-droitshumains.net\/#\/schema\/person\/3dc5e921c3302172e0ed4362f96faab7"},"headline":"Tribunal de Paix de Kinshasa\/Ngaliema\u00a0: Le non respect des heures du d\u00e9but des audience, une \u00e9pine dans le pied (Enqu\u00eate)","datePublished":"2023-07-15T17:03:27+00:00","dateModified":"2023-07-15T17:48:59+00:00","mainEntityOfPage":{"@id":"https:\/\/infos-droitshumains.net\/?p=7495"},"wordCount":532,"commentCount":0,"publisher":{"@id":"https:\/\/infos-droitshumains.net\/#organization"},"image":{"@id":"https:\/\/infos-droitshumains.net\/?p=7495#primaryimage"},"thumbnailUrl":"https:\/\/i0.wp.com\/infos-droitshumains.net\/wp-content\/uploads\/2023\/07\/IMG-20230714-WA0008_1.jpg?fit=992%2C744&ssl=1","articleSection":["Justice"],"inLanguage":"fr-FR","potentialAction":[{"@type":"CommentAction","name":"Comment","target":["https:\/\/infos-droitshumains.net\/?p=7495#respond"]}]},{"@type":"WebPage","@id":"https:\/\/infos-droitshumains.net\/?p=7495","url":"https:\/\/infos-droitshumains.net\/?p=7495","name":"Tribunal de Paix de Kinshasa\/Ngaliema\u00a0: Le non respect des heures du d\u00e9but des audience, une \u00e9pine dans le pied (Enqu\u00eate) - Infos Droits Humains","isPartOf":{"@id":"https:\/\/infos-droitshumains.net\/#website"},"primaryImageOfPage":{"@id":"https:\/\/infos-droitshumains.net\/?p=7495#primaryimage"},"image":{"@id":"https:\/\/infos-droitshumains.net\/?p=7495#primaryimage"},"thumbnailUrl":"https:\/\/i0.wp.com\/infos-droitshumains.net\/wp-content\/uploads\/2023\/07\/IMG-20230714-WA0008_1.jpg?fit=992%2C744&ssl=1","datePublished":"2023-07-15T17:03:27+00:00","dateModified":"2023-07-15T17:48:59+00:00","breadcrumb":{"@id":"https:\/\/infos-droitshumains.net\/?p=7495#breadcrumb"},"inLanguage":"fr-FR","potentialAction":[{"@type":"ReadAction","target":["https:\/\/infos-droitshumains.net\/?p=7495"]}]},{"@type":"ImageObject","inLanguage":"fr-FR","@id":"https:\/\/infos-droitshumains.net\/?p=7495#primaryimage","url":"https:\/\/i0.wp.com\/infos-droitshumains.net\/wp-content\/uploads\/2023\/07\/IMG-20230714-WA0008_1.jpg?fit=992%2C744&ssl=1","contentUrl":"https:\/\/i0.wp.com\/infos-droitshumains.net\/wp-content\/uploads\/2023\/07\/IMG-20230714-WA0008_1.jpg?fit=992%2C744&ssl=1","width":992,"height":744},{"@type":"BreadcrumbList","@id":"https:\/\/infos-droitshumains.net\/?p=7495#breadcrumb","itemListElement":[{"@type":"ListItem","position":1,"name":"Accueil","item":"https:\/\/infos-droitshumains.net\/"},{"@type":"ListItem","position":2,"name":"Tribunal de Paix de Kinshasa\/Ngaliema\u00a0: Le non respect des heures du d\u00e9but des audience, une \u00e9pine dans le pied (Enqu\u00eate)"}]},{"@type":"WebSite","@id":"https:\/\/infos-droitshumains.net\/#website","url":"https:\/\/infos-droitshumains.net\/","name":"Infos Droits Humains","description":"S&#039;informer est un droit","publisher":{"@id":"https:\/\/infos-droitshumains.net\/#organization"},"potentialAction":[{"@type":"SearchAction","target":{"@type":"EntryPoint","urlTemplate":"https:\/\/infos-droitshumains.net\/?s={search_term_string}"},"query-input":{"@type":"PropertyValueSpecification","valueRequired":true,"valueName":"search_term_string"}}],"inLanguage":"fr-FR"},{"@type":"Organization","@id":"https:\/\/infos-droitshumains.net\/#organization","name":"Infos Droits Humains","url":"https:\/\/infos-droitshumains.net\/","logo":{"@type":"ImageObject","inLanguage":"fr-FR","@id":"https:\/\/infos-droitshumains.net\/#\/schema\/logo\/image\/","url":"https:\/\/i0.wp.com\/infos-droitshumains.net\/wp-content\/uploads\/2022\/05\/Logo.png?fit=333%2C129&ssl=1","contentUrl":"https:\/\/i0.wp.com\/infos-droitshumains.net\/wp-content\/uploads\/2022\/05\/Logo.png?fit=333%2C129&ssl=1","width":333,"height":129,"caption":"Infos Droits Humains"},"image":{"@id":"https:\/\/infos-droitshumains.net\/#\/schema\/logo\/image\/"}},{"@type":"Person","@id":"https:\/\/infos-droitshumains.net\/#\/schema\/person\/3dc5e921c3302172e0ed4362f96faab7","name":"Jo\u00ebl Diawa","image":{"@type":"ImageObject","inLanguage":"fr-FR","@id":"https:\/\/secure.gravatar.com\/avatar\/729bea6ff4604c624417803c477363be8e3c7186deaa65713313f9b4b820f41c?s=96&d=mm&r=g","url":"https:\/\/secure.gravatar.com\/avatar\/729bea6ff4604c624417803c477363be8e3c7186deaa65713313f9b4b820f41c?s=96&d=mm&r=g","contentUrl":"https:\/\/secure.gravatar.com\/avatar\/729bea6ff4604c624417803c477363be8e3c7186deaa65713313f9b4b820f41c?s=96&d=mm&r=g","caption":"Jo\u00ebl Diawa"},"sameAs":["https:\/\/www.infos-droitshumains.net"],"url":"https:\/\/infos-droitshumains.net\/?author=2"}]}},"featured_image_urls":{"full":["https:\/\/i0.wp.com\/infos-droitshumains.net\/wp-content\/uploads\/2023\/07\/IMG-20230714-WA0008_1.jpg?fit=992%2C744&ssl=1",992,744,false],"thumbnail":["https:\/\/i0.wp.com\/infos-droitshumains.net\/wp-content\/uploads\/2023\/07\/IMG-20230714-WA0008_1.jpg?resize=150%2C150&ssl=1",150,150,true],"medium":["https:\/\/i0.wp.com\/infos-droitshumains.net\/wp-content\/uploads\/2023\/07\/IMG-20230714-WA0008_1.jpg?fit=300%2C225&ssl=1",300,225,true],"medium_large":["https:\/\/i0.wp.com\/infos-droitshumains.net\/wp-content\/uploads\/2023\/07\/IMG-20230714-WA0008_1.jpg?fit=640%2C480&ssl=1",640,480,true],"large":["https:\/\/i0.wp.com\/infos-droitshumains.net\/wp-content\/uploads\/2023\/07\/IMG-20230714-WA0008_1.jpg?fit=640%2C480&ssl=1",640,480,true],"1536x1536":["https:\/\/i0.wp.com\/infos-droitshumains.net\/wp-content\/uploads\/2023\/07\/IMG-20230714-WA0008_1.jpg?fit=992%2C744&ssl=1",992,744,true],"2048x2048":["https:\/\/i0.wp.com\/infos-droitshumains.net\/wp-content\/uploads\/2023\/07\/IMG-20230714-WA0008_1.jpg?fit=992%2C744&ssl=1",992,744,true],"covernews-slider-full":["https:\/\/i0.wp.com\/infos-droitshumains.net\/wp-content\/uploads\/2023\/07\/IMG-20230714-WA0008_1.jpg?resize=992%2C715&ssl=1",992,715,true],"covernews-slider-center":["https:\/\/i0.wp.com\/infos-droitshumains.net\/wp-content\/uploads\/2023\/07\/IMG-20230714-WA0008_1.jpg?resize=800%2C500&ssl=1",800,500,true],"covernews-featured":["https:\/\/i0.wp.com\/infos-droitshumains.net\/wp-content\/uploads\/2023\/07\/IMG-20230714-WA0008_1.jpg?fit=992%2C744&ssl=1",992,744,true],"covernews-medium":["https:\/\/i0.wp.com\/infos-droitshumains.net\/wp-content\/uploads\/2023\/07\/IMG-20230714-WA0008_1.jpg?resize=540%2C340&ssl=1",540,340,true],"covernews-medium-square":["https:\/\/i0.wp.com\/infos-droitshumains.net\/wp-content\/uploads\/2023\/07\/IMG-20230714-WA0008_1.jpg?resize=400%2C250&ssl=1",400,250,true]},"author_info":{"display_name":"Jo\u00ebl Diawa","author_link":"https:\/\/infos-droitshumains.net\/?author=2"},"category_info":"<a href=\"https:\/\/infos-droitshumains.net\/?cat=6\" rel=\"category\">Justice<\/a>","tag_info":"Justice","comment_count":"0","jetpack_featured_media_url":"https:\/\/i0.wp.com\/infos-droitshumains.net\/wp-content\/uploads\/2023\/07\/IMG-20230714-WA0008_1.jpg?fit=992%2C744&ssl=1","jetpack-related-posts":[],"jetpack_sharing_enabled":true,"_links":{"self":[{"href":"https:\/\/infos-droitshumains.net\/index.php?rest_route=\/wp\/v2\/posts\/7495","targetHints":{"allow":["GET"]}}],"collection":[{"href":"https:\/\/infos-droitshumains.net\/index.php?rest_route=\/wp\/v2\/posts"}],"about":[{"href":"https:\/\/infos-droitshumains.net\/index.php?rest_route=\/wp\/v2\/types\/post"}],"author":[{"embeddable":true,"href":"https:\/\/infos-droitshumains.net\/index.php?rest_route=\/wp\/v2\/users\/2"}],"replies":[{"embeddable":true,"href":"https:\/\/infos-droitshumains.net\/index.php?rest_route=%2Fwp%2Fv2%2Fcomments&post=7495"}],"version-history":[{"count":2,"href":"https:\/\/infos-droitshumains.net\/index.php?rest_route=\/wp\/v2\/posts\/7495\/revisions"}],"predecessor-version":[{"id":7502,"href":"https:\/\/infos-droitshumains.net\/index.php?rest_route=\/wp\/v2\/posts\/7495\/revisions\/7502"}],"wp:featuredmedia":[{"embeddable":true,"href":"https:\/\/infos-droitshumains.net\/index.php?rest_route=\/wp\/v2\/media\/7496"}],"wp:attachment":[{"href":"https:\/\/infos-droitshumains.net\/index.php?rest_route=%2Fwp%2Fv2%2Fmedia&parent=7495"}],"wp:term":[{"taxonomy":"category","embeddable":true,"href":"https:\/\/infos-droitshumains.net\/index.php?rest_route=%2Fwp%2Fv2%2Fcategories&post=7495"},{"taxonomy":"post_tag","embeddable":true,"href":"https:\/\/infos-droitshumains.net\/index.php?rest_route=%2Fwp%2Fv2%2Ftags&post=7495"}],"curies":[{"name":"wp","href":"https:\/\/api.w.org\/{rel}","templated":true}]}}