{"id":7469,"date":"2023-07-14T15:24:35","date_gmt":"2023-07-14T13:24:35","guid":{"rendered":"https:\/\/infos-droitshumains.net\/?p=7469"},"modified":"2023-07-14T15:24:37","modified_gmt":"2023-07-14T13:24:37","slug":"droits-des-personnes-atteintes-dalbinisme-en-rdc-le-bcnudh-aux-cotes-de-la-fondation-julio-levotre-pour-sensibiliser-sur-linclusion-de-cette-categorie-des-personnes-dans-la-societe","status":"publish","type":"post","link":"https:\/\/infos-droitshumains.net\/?p=7469","title":{"rendered":"Droits des personnes atteintes d&rsquo;albinisme en RDC : le BCNUDH aux c\u00f4t\u00e9s de la fondation JULIO LEVOTRE pour sensibiliser sur l&rsquo;inclusion de cette cat\u00e9gorie des personnes dans la soci\u00e9t\u00e9"},"content":{"rendered":"\n<p><strong>R\u00e9daction :+243817406088<\/strong><\/p>\n\n\n\n<h4 class=\"wp-block-heading has-vivid-red-color has-text-color\"><strong>\u00ab\u00a0L&rsquo;inclusion scolaire de l&rsquo;enfant atteint d&rsquo;albinisme\u00a0\u00bb<\/strong>\u00a0; ce sujet a \u00e9t\u00e9 au centre d&rsquo;une matin\u00e9e de sensibilisation \u00e0 l&rsquo;albinisme organis\u00e9e ce jeudi, 13 juillet 2023 \u00e0 Kinshasa par la Fondation JULIO LEVOTRE\u00a0 sous le haut patronage de la coordination des services sp\u00e9cialis\u00e9s du chef de l&rsquo;\u00c9tat et l&rsquo;accompagnement du Bureau Conjoint des Nations Unies aux Droits de l&rsquo;Homme.<\/h4>\n\n\n\n<p><em>\u00ab&nbsp;\u00c9tant t\u00e9moin de la discrimination, de la stigmatisation, du rejet et des m\u00e9pris dont sont victimes les personnes atteintes d&rsquo;albinisme dans notre soci\u00e9t\u00e9, nous avons estim\u00e9 que nous engager \u00e0 ce combat serait un acte de bravoure d&rsquo;autant plus que rechercher le bien-\u00eatre d&rsquo;une communaut\u00e9 marginalis\u00e9e est un acte de noblesse&nbsp;\u00bb<\/em>, a d\u00e9clar\u00e9 Julio, pr\u00e9sident de la fondation JULIO LEVOTRE.<\/p>\n\n\n\n<p>Corine Nguegang Kemabia qui a repr\u00e9sent\u00e9 le directeur du BCNUDH \u00e0 cette activit\u00e9, a rappel\u00e9 que tout humain a droit de jouir pleinement de tous ses droits peu importe sa race tel est que stipul\u00e9 par les textes internationales relatif aux droits de l&rsquo;homme.<\/p>\n\n\n\n<p><em>\u00ab&nbsp;Il sied de vous rappeler que la non discrimination et l&rsquo;\u00e9galit\u00e9 constituent les principes fondamentaux du droit international relatif aux droits de l&rsquo;homme en ce qu&rsquo;elles sont les \u00e9l\u00e9ments essentiels de la dignit\u00e9 humaine&nbsp;\u00bb<\/em>, a-t-elle \u00e9voqu\u00e9.<\/p>\n\n\n\n<p>Pour garantir l&rsquo;effectivit\u00e9 de la promotion des droits des personnes atteintes d&rsquo;albinisme, en particulier, l&rsquo;int\u00e9gration des enfants atteints d&rsquo;albinisme dans les milieux scolaires en RDC, Eric Kuku Kiese Nzalabar, Coordonnateur Adjoint du bureau de la coordination en charge de la jeunesse, lutte contre les violences et la traite des personnes a propos\u00e9 \u00ab\u2026la sensibilisation \u00e0 l&rsquo;albinisme \u00e0 tout niveau, le d\u00e9samenagement physique, des adaptations p\u00e9dagogiques, le soutien visuel et l&rsquo;encouragement \u00e0 la participation sociale\u00bb.<\/p>\n\n\n\n<p>Le gouvernement congolais, au travers le minist\u00e8re en charge des personnes vivant avec handicap et autres vuln\u00e9rables dit quant \u00e0 lui \u0153uvrer pour l&rsquo;inclusion des personnes atteintes d&rsquo;albinisme dans toute sph\u00e8re de la vie nationale.<\/p>\n\n\n\n<p><em>\u00ab&nbsp;Le minist\u00e8re que dirige maitre Ir\u00e8ne Esambo travaille dans le sens de l&rsquo;inclusion. Aussi, dans le sens de doter le pays de plusieurs lois r\u00e9glementaires afin de promouvoir et prot\u00e9ger les personnes atteintes d&rsquo;albinisme&nbsp;\u00bb<\/em>, a rassurer Franck Kitenge, directeur de cabinet de la ministre.<\/p>\n\n\n\n<p>Au cours de cette manifestation, la fondation JULIO LEVOTRE a remis les brevets de m\u00e9rite \u00e0 quelques personnalit\u00e9s qui font la promotion des droits des personnes atteintes d&rsquo;albinisme en RDC et a r\u00e9colt\u00e9 des fonds pour les enfants atteints d&rsquo;albinisme qu&rsquo;elle encadre.<\/p>\n\n\n\n<p>Cette matin\u00e9e a \u00e9t\u00e9 organis\u00e9e \u00e0 l\u2019occasion de la journ\u00e9e internationale de sensibilisation \u00e0 l&rsquo;albinisme c\u00e9l\u00e9br\u00e9e chaque 13 juin.<\/p>\n\n\n\n<p>AM<\/p>\n","protected":false},"excerpt":{"rendered":"<p>R\u00e9daction :+243817406088 \u00ab\u00a0L&rsquo;inclusion scolaire de l&rsquo;enfant atteint d&rsquo;albinisme\u00a0\u00bb\u00a0; ce sujet a \u00e9t\u00e9 au centre d&rsquo;une&#8230;<\/p>\n","protected":false},"author":2,"featured_media":7470,"comment_status":"open","ping_status":"open","sticky":false,"template":"","format":"standard","meta":{"_jetpack_memberships_contains_paid_content":false,"footnotes":""},"categories":[7],"tags":[],"class_list":["post-7469","post","type-post","status-publish","format-standard","has-post-thumbnail","hentry","category-droits-humains"],"yoast_head":"<!-- This site is optimized with the Yoast SEO plugin v27.5 - https:\/\/yoast.com\/product\/yoast-seo-wordpress\/ -->\n<title>Droits des personnes atteintes d&#039;albinisme en RDC : le BCNUDH aux c\u00f4t\u00e9s de la fondation JULIO LEVOTRE pour sensibiliser sur l&#039;inclusion de cette cat\u00e9gorie des personnes dans la soci\u00e9t\u00e9 - Infos Droits Humains<\/title>\n<meta name=\"robots\" content=\"index, follow, max-snippet:-1, max-image-preview:large, max-video-preview:-1\" \/>\n<link rel=\"canonical\" href=\"https:\/\/infos-droitshumains.net\/?p=7469\" \/>\n<meta property=\"og:locale\" content=\"fr_FR\" \/>\n<meta property=\"og:type\" content=\"article\" \/>\n<meta property=\"og:title\" content=\"Droits des personnes atteintes d&#039;albinisme en RDC : le BCNUDH aux c\u00f4t\u00e9s de la fondation JULIO LEVOTRE pour sensibiliser sur l&#039;inclusion de cette cat\u00e9gorie des personnes dans la soci\u00e9t\u00e9 - Infos Droits Humains\" \/>\n<meta property=\"og:description\" content=\"R\u00e9daction :+243817406088 \u00ab\u00a0L&rsquo;inclusion scolaire de l&rsquo;enfant atteint d&rsquo;albinisme\u00a0\u00bb\u00a0; ce sujet a \u00e9t\u00e9 au centre d&rsquo;une...\" \/>\n<meta property=\"og:url\" content=\"https:\/\/infos-droitshumains.net\/?p=7469\" \/>\n<meta property=\"og:site_name\" content=\"Infos Droits Humains\" \/>\n<meta property=\"article:published_time\" content=\"2023-07-14T13:24:35+00:00\" \/>\n<meta property=\"article:modified_time\" content=\"2023-07-14T13:24:37+00:00\" \/>\n<meta property=\"og:image\" content=\"https:\/\/infos-droitshumains.net\/wp-content\/uploads\/2023\/07\/IMG-20230714-WA0023.jpg\" \/>\n\t<meta property=\"og:image:width\" content=\"780\" \/>\n\t<meta property=\"og:image:height\" content=\"1040\" \/>\n\t<meta property=\"og:image:type\" content=\"image\/jpeg\" \/>\n<meta name=\"author\" content=\"Jo\u00ebl Diawa\" \/>\n<meta name=\"twitter:card\" content=\"summary_large_image\" \/>\n<meta name=\"twitter:label1\" content=\"\u00c9crit par\" \/>\n\t<meta name=\"twitter:data1\" content=\"Jo\u00ebl Diawa\" \/>\n\t<meta name=\"twitter:label2\" content=\"Dur\u00e9e de lecture estim\u00e9e\" \/>\n\t<meta name=\"twitter:data2\" content=\"3 minutes\" \/>\n<script type=\"application\/ld+json\" class=\"yoast-schema-graph\">{\"@context\":\"https:\\\/\\\/schema.org\",\"@graph\":[{\"@type\":\"Article\",\"@id\":\"https:\\\/\\\/infos-droitshumains.net\\\/?p=7469#article\",\"isPartOf\":{\"@id\":\"https:\\\/\\\/infos-droitshumains.net\\\/?p=7469\"},\"author\":{\"name\":\"Jo\u00ebl Diawa\",\"@id\":\"https:\\\/\\\/infos-droitshumains.net\\\/#\\\/schema\\\/person\\\/3dc5e921c3302172e0ed4362f96faab7\"},\"headline\":\"Droits des personnes atteintes d&rsquo;albinisme en RDC : le BCNUDH aux c\u00f4t\u00e9s de la fondation JULIO LEVOTRE pour sensibiliser sur l&rsquo;inclusion de cette cat\u00e9gorie des personnes dans la soci\u00e9t\u00e9\",\"datePublished\":\"2023-07-14T13:24:35+00:00\",\"dateModified\":\"2023-07-14T13:24:37+00:00\",\"mainEntityOfPage\":{\"@id\":\"https:\\\/\\\/infos-droitshumains.net\\\/?p=7469\"},\"wordCount\":473,\"commentCount\":0,\"publisher\":{\"@id\":\"https:\\\/\\\/infos-droitshumains.net\\\/#organization\"},\"image\":{\"@id\":\"https:\\\/\\\/infos-droitshumains.net\\\/?p=7469#primaryimage\"},\"thumbnailUrl\":\"https:\\\/\\\/i0.wp.com\\\/infos-droitshumains.net\\\/wp-content\\\/uploads\\\/2023\\\/07\\\/IMG-20230714-WA0023.jpg?fit=780%2C1040&ssl=1\",\"articleSection\":[\"Droits Humains\"],\"inLanguage\":\"fr-FR\",\"potentialAction\":[{\"@type\":\"CommentAction\",\"name\":\"Comment\",\"target\":[\"https:\\\/\\\/infos-droitshumains.net\\\/?p=7469#respond\"]}]},{\"@type\":\"WebPage\",\"@id\":\"https:\\\/\\\/infos-droitshumains.net\\\/?p=7469\",\"url\":\"https:\\\/\\\/infos-droitshumains.net\\\/?p=7469\",\"name\":\"Droits des personnes atteintes d'albinisme en RDC : le BCNUDH aux c\u00f4t\u00e9s de la fondation JULIO LEVOTRE pour sensibiliser sur l'inclusion de cette cat\u00e9gorie des personnes dans la soci\u00e9t\u00e9 - Infos Droits Humains\",\"isPartOf\":{\"@id\":\"https:\\\/\\\/infos-droitshumains.net\\\/#website\"},\"primaryImageOfPage\":{\"@id\":\"https:\\\/\\\/infos-droitshumains.net\\\/?p=7469#primaryimage\"},\"image\":{\"@id\":\"https:\\\/\\\/infos-droitshumains.net\\\/?p=7469#primaryimage\"},\"thumbnailUrl\":\"https:\\\/\\\/i0.wp.com\\\/infos-droitshumains.net\\\/wp-content\\\/uploads\\\/2023\\\/07\\\/IMG-20230714-WA0023.jpg?fit=780%2C1040&ssl=1\",\"datePublished\":\"2023-07-14T13:24:35+00:00\",\"dateModified\":\"2023-07-14T13:24:37+00:00\",\"breadcrumb\":{\"@id\":\"https:\\\/\\\/infos-droitshumains.net\\\/?p=7469#breadcrumb\"},\"inLanguage\":\"fr-FR\",\"potentialAction\":[{\"@type\":\"ReadAction\",\"target\":[\"https:\\\/\\\/infos-droitshumains.net\\\/?p=7469\"]}]},{\"@type\":\"ImageObject\",\"inLanguage\":\"fr-FR\",\"@id\":\"https:\\\/\\\/infos-droitshumains.net\\\/?p=7469#primaryimage\",\"url\":\"https:\\\/\\\/i0.wp.com\\\/infos-droitshumains.net\\\/wp-content\\\/uploads\\\/2023\\\/07\\\/IMG-20230714-WA0023.jpg?fit=780%2C1040&ssl=1\",\"contentUrl\":\"https:\\\/\\\/i0.wp.com\\\/infos-droitshumains.net\\\/wp-content\\\/uploads\\\/2023\\\/07\\\/IMG-20230714-WA0023.jpg?fit=780%2C1040&ssl=1\",\"width\":780,\"height\":1040},{\"@type\":\"BreadcrumbList\",\"@id\":\"https:\\\/\\\/infos-droitshumains.net\\\/?p=7469#breadcrumb\",\"itemListElement\":[{\"@type\":\"ListItem\",\"position\":1,\"name\":\"Accueil\",\"item\":\"https:\\\/\\\/infos-droitshumains.net\\\/\"},{\"@type\":\"ListItem\",\"position\":2,\"name\":\"Droits des personnes atteintes d&rsquo;albinisme en RDC : le BCNUDH aux c\u00f4t\u00e9s de la fondation JULIO LEVOTRE pour sensibiliser sur l&rsquo;inclusion de cette cat\u00e9gorie des personnes dans la soci\u00e9t\u00e9\"}]},{\"@type\":\"WebSite\",\"@id\":\"https:\\\/\\\/infos-droitshumains.net\\\/#website\",\"url\":\"https:\\\/\\\/infos-droitshumains.net\\\/\",\"name\":\"Infos Droits Humains\",\"description\":\"S&#039;informer est un droit\",\"publisher\":{\"@id\":\"https:\\\/\\\/infos-droitshumains.net\\\/#organization\"},\"potentialAction\":[{\"@type\":\"SearchAction\",\"target\":{\"@type\":\"EntryPoint\",\"urlTemplate\":\"https:\\\/\\\/infos-droitshumains.net\\\/?s={search_term_string}\"},\"query-input\":{\"@type\":\"PropertyValueSpecification\",\"valueRequired\":true,\"valueName\":\"search_term_string\"}}],\"inLanguage\":\"fr-FR\"},{\"@type\":\"Organization\",\"@id\":\"https:\\\/\\\/infos-droitshumains.net\\\/#organization\",\"name\":\"Infos Droits Humains\",\"url\":\"https:\\\/\\\/infos-droitshumains.net\\\/\",\"logo\":{\"@type\":\"ImageObject\",\"inLanguage\":\"fr-FR\",\"@id\":\"https:\\\/\\\/infos-droitshumains.net\\\/#\\\/schema\\\/logo\\\/image\\\/\",\"url\":\"https:\\\/\\\/i0.wp.com\\\/infos-droitshumains.net\\\/wp-content\\\/uploads\\\/2022\\\/05\\\/Logo.png?fit=333%2C129&ssl=1\",\"contentUrl\":\"https:\\\/\\\/i0.wp.com\\\/infos-droitshumains.net\\\/wp-content\\\/uploads\\\/2022\\\/05\\\/Logo.png?fit=333%2C129&ssl=1\",\"width\":333,\"height\":129,\"caption\":\"Infos Droits Humains\"},\"image\":{\"@id\":\"https:\\\/\\\/infos-droitshumains.net\\\/#\\\/schema\\\/logo\\\/image\\\/\"}},{\"@type\":\"Person\",\"@id\":\"https:\\\/\\\/infos-droitshumains.net\\\/#\\\/schema\\\/person\\\/3dc5e921c3302172e0ed4362f96faab7\",\"name\":\"Jo\u00ebl Diawa\",\"image\":{\"@type\":\"ImageObject\",\"inLanguage\":\"fr-FR\",\"@id\":\"https:\\\/\\\/secure.gravatar.com\\\/avatar\\\/729bea6ff4604c624417803c477363be8e3c7186deaa65713313f9b4b820f41c?s=96&d=mm&r=g\",\"url\":\"https:\\\/\\\/secure.gravatar.com\\\/avatar\\\/729bea6ff4604c624417803c477363be8e3c7186deaa65713313f9b4b820f41c?s=96&d=mm&r=g\",\"contentUrl\":\"https:\\\/\\\/secure.gravatar.com\\\/avatar\\\/729bea6ff4604c624417803c477363be8e3c7186deaa65713313f9b4b820f41c?s=96&d=mm&r=g\",\"caption\":\"Jo\u00ebl Diawa\"},\"sameAs\":[\"https:\\\/\\\/www.infos-droitshumains.net\"],\"url\":\"https:\\\/\\\/infos-droitshumains.net\\\/?author=2\"}]}<\/script>\n<!-- \/ Yoast SEO plugin. -->","yoast_head_json":{"title":"Droits des personnes atteintes d'albinisme en RDC : le BCNUDH aux c\u00f4t\u00e9s de la fondation JULIO LEVOTRE pour sensibiliser sur l'inclusion de cette cat\u00e9gorie des personnes dans la soci\u00e9t\u00e9 - Infos Droits Humains","robots":{"index":"index","follow":"follow","max-snippet":"max-snippet:-1","max-image-preview":"max-image-preview:large","max-video-preview":"max-video-preview:-1"},"canonical":"https:\/\/infos-droitshumains.net\/?p=7469","og_locale":"fr_FR","og_type":"article","og_title":"Droits des personnes atteintes d'albinisme en RDC : le BCNUDH aux c\u00f4t\u00e9s de la fondation JULIO LEVOTRE pour sensibiliser sur l'inclusion de cette cat\u00e9gorie des personnes dans la soci\u00e9t\u00e9 - Infos Droits Humains","og_description":"R\u00e9daction :+243817406088 \u00ab\u00a0L&rsquo;inclusion scolaire de l&rsquo;enfant atteint d&rsquo;albinisme\u00a0\u00bb\u00a0; ce sujet a \u00e9t\u00e9 au centre d&rsquo;une...","og_url":"https:\/\/infos-droitshumains.net\/?p=7469","og_site_name":"Infos Droits Humains","article_published_time":"2023-07-14T13:24:35+00:00","article_modified_time":"2023-07-14T13:24:37+00:00","og_image":[{"width":780,"height":1040,"url":"https:\/\/infos-droitshumains.net\/wp-content\/uploads\/2023\/07\/IMG-20230714-WA0023.jpg","type":"image\/jpeg"}],"author":"Jo\u00ebl Diawa","twitter_card":"summary_large_image","twitter_misc":{"\u00c9crit par":"Jo\u00ebl Diawa","Dur\u00e9e de lecture estim\u00e9e":"3 minutes"},"schema":{"@context":"https:\/\/schema.org","@graph":[{"@type":"Article","@id":"https:\/\/infos-droitshumains.net\/?p=7469#article","isPartOf":{"@id":"https:\/\/infos-droitshumains.net\/?p=7469"},"author":{"name":"Jo\u00ebl Diawa","@id":"https:\/\/infos-droitshumains.net\/#\/schema\/person\/3dc5e921c3302172e0ed4362f96faab7"},"headline":"Droits des personnes atteintes d&rsquo;albinisme en RDC : le BCNUDH aux c\u00f4t\u00e9s de la fondation JULIO LEVOTRE pour sensibiliser sur l&rsquo;inclusion de cette cat\u00e9gorie des personnes dans la soci\u00e9t\u00e9","datePublished":"2023-07-14T13:24:35+00:00","dateModified":"2023-07-14T13:24:37+00:00","mainEntityOfPage":{"@id":"https:\/\/infos-droitshumains.net\/?p=7469"},"wordCount":473,"commentCount":0,"publisher":{"@id":"https:\/\/infos-droitshumains.net\/#organization"},"image":{"@id":"https:\/\/infos-droitshumains.net\/?p=7469#primaryimage"},"thumbnailUrl":"https:\/\/i0.wp.com\/infos-droitshumains.net\/wp-content\/uploads\/2023\/07\/IMG-20230714-WA0023.jpg?fit=780%2C1040&ssl=1","articleSection":["Droits Humains"],"inLanguage":"fr-FR","potentialAction":[{"@type":"CommentAction","name":"Comment","target":["https:\/\/infos-droitshumains.net\/?p=7469#respond"]}]},{"@type":"WebPage","@id":"https:\/\/infos-droitshumains.net\/?p=7469","url":"https:\/\/infos-droitshumains.net\/?p=7469","name":"Droits des personnes atteintes d'albinisme en RDC : le BCNUDH aux c\u00f4t\u00e9s de la fondation JULIO LEVOTRE pour sensibiliser sur l'inclusion de cette cat\u00e9gorie des personnes dans la soci\u00e9t\u00e9 - Infos Droits Humains","isPartOf":{"@id":"https:\/\/infos-droitshumains.net\/#website"},"primaryImageOfPage":{"@id":"https:\/\/infos-droitshumains.net\/?p=7469#primaryimage"},"image":{"@id":"https:\/\/infos-droitshumains.net\/?p=7469#primaryimage"},"thumbnailUrl":"https:\/\/i0.wp.com\/infos-droitshumains.net\/wp-content\/uploads\/2023\/07\/IMG-20230714-WA0023.jpg?fit=780%2C1040&ssl=1","datePublished":"2023-07-14T13:24:35+00:00","dateModified":"2023-07-14T13:24:37+00:00","breadcrumb":{"@id":"https:\/\/infos-droitshumains.net\/?p=7469#breadcrumb"},"inLanguage":"fr-FR","potentialAction":[{"@type":"ReadAction","target":["https:\/\/infos-droitshumains.net\/?p=7469"]}]},{"@type":"ImageObject","inLanguage":"fr-FR","@id":"https:\/\/infos-droitshumains.net\/?p=7469#primaryimage","url":"https:\/\/i0.wp.com\/infos-droitshumains.net\/wp-content\/uploads\/2023\/07\/IMG-20230714-WA0023.jpg?fit=780%2C1040&ssl=1","contentUrl":"https:\/\/i0.wp.com\/infos-droitshumains.net\/wp-content\/uploads\/2023\/07\/IMG-20230714-WA0023.jpg?fit=780%2C1040&ssl=1","width":780,"height":1040},{"@type":"BreadcrumbList","@id":"https:\/\/infos-droitshumains.net\/?p=7469#breadcrumb","itemListElement":[{"@type":"ListItem","position":1,"name":"Accueil","item":"https:\/\/infos-droitshumains.net\/"},{"@type":"ListItem","position":2,"name":"Droits des personnes atteintes d&rsquo;albinisme en RDC : le BCNUDH aux c\u00f4t\u00e9s de la fondation JULIO LEVOTRE pour sensibiliser sur l&rsquo;inclusion de cette cat\u00e9gorie des personnes dans la soci\u00e9t\u00e9"}]},{"@type":"WebSite","@id":"https:\/\/infos-droitshumains.net\/#website","url":"https:\/\/infos-droitshumains.net\/","name":"Infos Droits Humains","description":"S&#039;informer est un droit","publisher":{"@id":"https:\/\/infos-droitshumains.net\/#organization"},"potentialAction":[{"@type":"SearchAction","target":{"@type":"EntryPoint","urlTemplate":"https:\/\/infos-droitshumains.net\/?s={search_term_string}"},"query-input":{"@type":"PropertyValueSpecification","valueRequired":true,"valueName":"search_term_string"}}],"inLanguage":"fr-FR"},{"@type":"Organization","@id":"https:\/\/infos-droitshumains.net\/#organization","name":"Infos Droits Humains","url":"https:\/\/infos-droitshumains.net\/","logo":{"@type":"ImageObject","inLanguage":"fr-FR","@id":"https:\/\/infos-droitshumains.net\/#\/schema\/logo\/image\/","url":"https:\/\/i0.wp.com\/infos-droitshumains.net\/wp-content\/uploads\/2022\/05\/Logo.png?fit=333%2C129&ssl=1","contentUrl":"https:\/\/i0.wp.com\/infos-droitshumains.net\/wp-content\/uploads\/2022\/05\/Logo.png?fit=333%2C129&ssl=1","width":333,"height":129,"caption":"Infos Droits Humains"},"image":{"@id":"https:\/\/infos-droitshumains.net\/#\/schema\/logo\/image\/"}},{"@type":"Person","@id":"https:\/\/infos-droitshumains.net\/#\/schema\/person\/3dc5e921c3302172e0ed4362f96faab7","name":"Jo\u00ebl Diawa","image":{"@type":"ImageObject","inLanguage":"fr-FR","@id":"https:\/\/secure.gravatar.com\/avatar\/729bea6ff4604c624417803c477363be8e3c7186deaa65713313f9b4b820f41c?s=96&d=mm&r=g","url":"https:\/\/secure.gravatar.com\/avatar\/729bea6ff4604c624417803c477363be8e3c7186deaa65713313f9b4b820f41c?s=96&d=mm&r=g","contentUrl":"https:\/\/secure.gravatar.com\/avatar\/729bea6ff4604c624417803c477363be8e3c7186deaa65713313f9b4b820f41c?s=96&d=mm&r=g","caption":"Jo\u00ebl Diawa"},"sameAs":["https:\/\/www.infos-droitshumains.net"],"url":"https:\/\/infos-droitshumains.net\/?author=2"}]}},"featured_image_urls":{"full":["https:\/\/i0.wp.com\/infos-droitshumains.net\/wp-content\/uploads\/2023\/07\/IMG-20230714-WA0023.jpg?fit=780%2C1040&ssl=1",780,1040,false],"thumbnail":["https:\/\/i0.wp.com\/infos-droitshumains.net\/wp-content\/uploads\/2023\/07\/IMG-20230714-WA0023.jpg?resize=150%2C150&ssl=1",150,150,true],"medium":["https:\/\/i0.wp.com\/infos-droitshumains.net\/wp-content\/uploads\/2023\/07\/IMG-20230714-WA0023.jpg?fit=225%2C300&ssl=1",225,300,true],"medium_large":["https:\/\/i0.wp.com\/infos-droitshumains.net\/wp-content\/uploads\/2023\/07\/IMG-20230714-WA0023.jpg?fit=640%2C853&ssl=1",640,853,true],"large":["https:\/\/i0.wp.com\/infos-droitshumains.net\/wp-content\/uploads\/2023\/07\/IMG-20230714-WA0023.jpg?fit=640%2C853&ssl=1",640,853,true],"1536x1536":["https:\/\/i0.wp.com\/infos-droitshumains.net\/wp-content\/uploads\/2023\/07\/IMG-20230714-WA0023.jpg?fit=780%2C1040&ssl=1",780,1040,true],"2048x2048":["https:\/\/i0.wp.com\/infos-droitshumains.net\/wp-content\/uploads\/2023\/07\/IMG-20230714-WA0023.jpg?fit=780%2C1040&ssl=1",780,1040,true],"covernews-slider-full":["https:\/\/i0.wp.com\/infos-droitshumains.net\/wp-content\/uploads\/2023\/07\/IMG-20230714-WA0023.jpg?resize=780%2C715&ssl=1",780,715,true],"covernews-slider-center":["https:\/\/i0.wp.com\/infos-droitshumains.net\/wp-content\/uploads\/2023\/07\/IMG-20230714-WA0023.jpg?resize=780%2C500&ssl=1",780,500,true],"covernews-featured":["https:\/\/i0.wp.com\/infos-droitshumains.net\/wp-content\/uploads\/2023\/07\/IMG-20230714-WA0023.jpg?fit=780%2C1040&ssl=1",780,1040,true],"covernews-medium":["https:\/\/i0.wp.com\/infos-droitshumains.net\/wp-content\/uploads\/2023\/07\/IMG-20230714-WA0023.jpg?resize=540%2C340&ssl=1",540,340,true],"covernews-medium-square":["https:\/\/i0.wp.com\/infos-droitshumains.net\/wp-content\/uploads\/2023\/07\/IMG-20230714-WA0023.jpg?resize=400%2C250&ssl=1",400,250,true]},"author_info":{"display_name":"Jo\u00ebl Diawa","author_link":"https:\/\/infos-droitshumains.net\/?author=2"},"category_info":"<a href=\"https:\/\/infos-droitshumains.net\/?cat=7\" rel=\"category\">Droits Humains<\/a>","tag_info":"Droits Humains","comment_count":"0","jetpack_featured_media_url":"https:\/\/i0.wp.com\/infos-droitshumains.net\/wp-content\/uploads\/2023\/07\/IMG-20230714-WA0023.jpg?fit=780%2C1040&ssl=1","jetpack-related-posts":[],"jetpack_sharing_enabled":true,"_links":{"self":[{"href":"https:\/\/infos-droitshumains.net\/index.php?rest_route=\/wp\/v2\/posts\/7469","targetHints":{"allow":["GET"]}}],"collection":[{"href":"https:\/\/infos-droitshumains.net\/index.php?rest_route=\/wp\/v2\/posts"}],"about":[{"href":"https:\/\/infos-droitshumains.net\/index.php?rest_route=\/wp\/v2\/types\/post"}],"author":[{"embeddable":true,"href":"https:\/\/infos-droitshumains.net\/index.php?rest_route=\/wp\/v2\/users\/2"}],"replies":[{"embeddable":true,"href":"https:\/\/infos-droitshumains.net\/index.php?rest_route=%2Fwp%2Fv2%2Fcomments&post=7469"}],"version-history":[{"count":1,"href":"https:\/\/infos-droitshumains.net\/index.php?rest_route=\/wp\/v2\/posts\/7469\/revisions"}],"predecessor-version":[{"id":7471,"href":"https:\/\/infos-droitshumains.net\/index.php?rest_route=\/wp\/v2\/posts\/7469\/revisions\/7471"}],"wp:featuredmedia":[{"embeddable":true,"href":"https:\/\/infos-droitshumains.net\/index.php?rest_route=\/wp\/v2\/media\/7470"}],"wp:attachment":[{"href":"https:\/\/infos-droitshumains.net\/index.php?rest_route=%2Fwp%2Fv2%2Fmedia&parent=7469"}],"wp:term":[{"taxonomy":"category","embeddable":true,"href":"https:\/\/infos-droitshumains.net\/index.php?rest_route=%2Fwp%2Fv2%2Fcategories&post=7469"},{"taxonomy":"post_tag","embeddable":true,"href":"https:\/\/infos-droitshumains.net\/index.php?rest_route=%2Fwp%2Fv2%2Ftags&post=7469"}],"curies":[{"name":"wp","href":"https:\/\/api.w.org\/{rel}","templated":true}]}}