{"id":746,"date":"2021-09-05T16:21:57","date_gmt":"2021-09-05T14:21:57","guid":{"rendered":"https:\/\/infos-droitshumains.net\/?p=746"},"modified":"2023-04-06T12:11:45","modified_gmt":"2023-04-06T10:11:45","slug":"guinee-la-fin-rocambolesque-du-regne-dalpha-conde","status":"publish","type":"post","link":"https:\/\/infos-droitshumains.net\/?p=746","title":{"rendered":"Guin\u00e9e : Alpha Cond\u00e9 ou la fin rocambolesque d&rsquo;un r\u00e8gne"},"content":{"rendered":"\n<p>Une Vive tension et confusion ont \u00e9t\u00e9 perceptible ce dimanche apr\u00e8s-midi \u00e0 Conakry, la capitale guin\u00e9enne. Des \u00e9l\u00e9ments de l&rsquo;arm\u00e9e guin\u00e9enne se seraient mutin\u00e9s, selon plusieurs sources concordantes. Les insurg\u00e9s se seraient heurt\u00e9s aux forces loyalistes, notamment dans la zone du palais pr\u00e9sidentiel, situ\u00e9 dans la commune de Kaloum, le quartier administratif et des affaires de la ville.<\/p>\n\n\n\n<p>Selon plusieurs sources, Des tirs ont \u00e9t\u00e9 entendus au centre-ville non loin du palais pr\u00e9sidentiel, du minist\u00e8re de la D\u00e9fense et du si\u00e8ge de l&rsquo;\u00e9tat-major des arm\u00e9es.<\/p>\n\n\n\n<p>En d\u00e9but d\u2019apr\u00e8s-midi de ce dimanche 5 septembre, toutes les casernes, par exemple le camp Alpha Yaya, \u00e9taient sous haute protection et la s\u00e9curit\u00e9 a \u00e9t\u00e9 renforc\u00e9e autour des r\u00e9sidences des officiels guin\u00e9ens.<\/p>\n\n\n\n<p>Le chef de l&rsquo;\u00c9tat aurait \u00e9t\u00e9 escort\u00e9 par les poutshistes On ne sait pas o\u00f9 se trouve le chef de l&rsquo;\u00c9tat, Alpha Cond\u00e9.<\/p>\n\n\n\n<figure class=\"wp-block-image alignfull size-large\"><img data-recalc-dims=\"1\" decoding=\"async\" src=\"https:\/\/i0.wp.com\/infos-droitshumains.net\/wp-content\/uploads\/2021\/09\/FB_IMG_16308489658757439.jpg?w=640&#038;ssl=1\" alt=\"\" class=\"wp-image-747\" \/><\/figure>\n\n\n\n<p>Selon une bonne source, il \u00e9tait bien pr\u00e9sent \u00e0 Conakry samedi soir. C&rsquo;est en effet aux premi\u00e8res heures de la matin\u00e9e que les habitants du centre-ville de Conakry et de la proche banlieue ont \u00e9t\u00e9 r\u00e9veill\u00e9s par des d\u00e9tonations de tirs d&rsquo;armes automatiques.<\/p>\n\n\n\n<p>Les populations, prises au pi\u00e8ge, \u00e9taient terr\u00e9es chez elles en d\u00e9but d\u2019apr\u00e8s-midi. Pour le moment, ces \u00e9v\u00e8nements ne concernent que la presqu&rsquo;\u00eele de Kaloum. Le calme pr\u00e9vaut dans la grande banlieue de Conakry.<\/p>\n\n\n\n<p>Le colonel Mamady Doumbaya, chef des poutshistes annonce la prise du pouvoir et la dissolution de toutes les institutions du pays.<\/p>\n\n\n\n<figure class=\"wp-block-image alignfull size-large\"><img data-recalc-dims=\"1\" decoding=\"async\" src=\"https:\/\/i0.wp.com\/infos-droitshumains.net\/wp-content\/uploads\/2021\/09\/images-7.jpeg?w=640&#038;ssl=1\" alt=\"\" class=\"wp-image-753\" \/><\/figure>\n\n\n\n<p>De son c\u00f4t\u00e9, le ministre de la d\u00e9fense a, dans un communiqu\u00e9, annonc\u00e9 que les forces loyalistes ont repouss\u00e9 le poutshe et la situation est sous contr\u00f4le.<\/p>\n","protected":false},"excerpt":{"rendered":"<p>Une Vive tension et confusion ont \u00e9t\u00e9 perceptible ce dimanche apr\u00e8s-midi \u00e0 Conakry, la capitale&#8230;<\/p>\n","protected":false},"author":2,"featured_media":0,"comment_status":"closed","ping_status":"open","sticky":false,"template":"","format":"standard","meta":{"_jetpack_memberships_contains_paid_content":false,"footnotes":""},"categories":[1],"tags":[],"class_list":["post-746","post","type-post","status-publish","format-standard","hentry","category-non-classe"],"yoast_head":"<!-- This site is optimized with the Yoast SEO plugin v27.5 - https:\/\/yoast.com\/product\/yoast-seo-wordpress\/ -->\n<title>Guin\u00e9e : Alpha Cond\u00e9 ou la fin rocambolesque d&#039;un r\u00e8gne - Infos Droits Humains<\/title>\n<meta name=\"robots\" content=\"index, follow, max-snippet:-1, max-image-preview:large, max-video-preview:-1\" \/>\n<link rel=\"canonical\" href=\"https:\/\/infos-droitshumains.net\/?p=746\" \/>\n<meta property=\"og:locale\" content=\"fr_FR\" \/>\n<meta property=\"og:type\" content=\"article\" \/>\n<meta property=\"og:title\" content=\"Guin\u00e9e : Alpha Cond\u00e9 ou la fin rocambolesque d&#039;un r\u00e8gne - Infos Droits Humains\" \/>\n<meta property=\"og:description\" content=\"Une Vive tension et confusion ont \u00e9t\u00e9 perceptible ce dimanche apr\u00e8s-midi \u00e0 Conakry, la capitale...\" \/>\n<meta property=\"og:url\" content=\"https:\/\/infos-droitshumains.net\/?p=746\" \/>\n<meta property=\"og:site_name\" content=\"Infos Droits Humains\" \/>\n<meta property=\"article:published_time\" content=\"2021-09-05T14:21:57+00:00\" \/>\n<meta property=\"article:modified_time\" content=\"2023-04-06T10:11:45+00:00\" \/>\n<meta property=\"og:image\" content=\"https:\/\/infos-droitshumains.net\/wp-content\/uploads\/2021\/09\/FB_IMG_16308489658757439.jpg\" \/>\n<meta name=\"author\" content=\"Jo\u00ebl Diawa\" \/>\n<meta name=\"twitter:card\" content=\"summary_large_image\" \/>\n<meta name=\"twitter:label1\" content=\"\u00c9crit par\" \/>\n\t<meta name=\"twitter:data1\" content=\"Jo\u00ebl Diawa\" \/>\n\t<meta name=\"twitter:label2\" content=\"Dur\u00e9e de lecture estim\u00e9e\" \/>\n\t<meta name=\"twitter:data2\" content=\"2 minutes\" \/>\n<script type=\"application\/ld+json\" class=\"yoast-schema-graph\">{\"@context\":\"https:\\\/\\\/schema.org\",\"@graph\":[{\"@type\":\"Article\",\"@id\":\"https:\\\/\\\/infos-droitshumains.net\\\/?p=746#article\",\"isPartOf\":{\"@id\":\"https:\\\/\\\/infos-droitshumains.net\\\/?p=746\"},\"author\":{\"name\":\"Jo\u00ebl Diawa\",\"@id\":\"https:\\\/\\\/infos-droitshumains.net\\\/#\\\/schema\\\/person\\\/3dc5e921c3302172e0ed4362f96faab7\"},\"headline\":\"Guin\u00e9e : Alpha Cond\u00e9 ou la fin rocambolesque d&rsquo;un r\u00e8gne\",\"datePublished\":\"2021-09-05T14:21:57+00:00\",\"dateModified\":\"2023-04-06T10:11:45+00:00\",\"mainEntityOfPage\":{\"@id\":\"https:\\\/\\\/infos-droitshumains.net\\\/?p=746\"},\"wordCount\":314,\"publisher\":{\"@id\":\"https:\\\/\\\/infos-droitshumains.net\\\/#organization\"},\"image\":{\"@id\":\"https:\\\/\\\/infos-droitshumains.net\\\/?p=746#primaryimage\"},\"thumbnailUrl\":\"https:\\\/\\\/infos-droitshumains.net\\\/wp-content\\\/uploads\\\/2021\\\/09\\\/FB_IMG_16308489658757439.jpg\",\"inLanguage\":\"fr-FR\"},{\"@type\":\"WebPage\",\"@id\":\"https:\\\/\\\/infos-droitshumains.net\\\/?p=746\",\"url\":\"https:\\\/\\\/infos-droitshumains.net\\\/?p=746\",\"name\":\"Guin\u00e9e : Alpha Cond\u00e9 ou la fin rocambolesque d'un r\u00e8gne - Infos Droits Humains\",\"isPartOf\":{\"@id\":\"https:\\\/\\\/infos-droitshumains.net\\\/#website\"},\"primaryImageOfPage\":{\"@id\":\"https:\\\/\\\/infos-droitshumains.net\\\/?p=746#primaryimage\"},\"image\":{\"@id\":\"https:\\\/\\\/infos-droitshumains.net\\\/?p=746#primaryimage\"},\"thumbnailUrl\":\"https:\\\/\\\/infos-droitshumains.net\\\/wp-content\\\/uploads\\\/2021\\\/09\\\/FB_IMG_16308489658757439.jpg\",\"datePublished\":\"2021-09-05T14:21:57+00:00\",\"dateModified\":\"2023-04-06T10:11:45+00:00\",\"breadcrumb\":{\"@id\":\"https:\\\/\\\/infos-droitshumains.net\\\/?p=746#breadcrumb\"},\"inLanguage\":\"fr-FR\",\"potentialAction\":[{\"@type\":\"ReadAction\",\"target\":[\"https:\\\/\\\/infos-droitshumains.net\\\/?p=746\"]}]},{\"@type\":\"ImageObject\",\"inLanguage\":\"fr-FR\",\"@id\":\"https:\\\/\\\/infos-droitshumains.net\\\/?p=746#primaryimage\",\"url\":\"https:\\\/\\\/infos-droitshumains.net\\\/wp-content\\\/uploads\\\/2021\\\/09\\\/FB_IMG_16308489658757439.jpg\",\"contentUrl\":\"https:\\\/\\\/infos-droitshumains.net\\\/wp-content\\\/uploads\\\/2021\\\/09\\\/FB_IMG_16308489658757439.jpg\"},{\"@type\":\"BreadcrumbList\",\"@id\":\"https:\\\/\\\/infos-droitshumains.net\\\/?p=746#breadcrumb\",\"itemListElement\":[{\"@type\":\"ListItem\",\"position\":1,\"name\":\"Accueil\",\"item\":\"https:\\\/\\\/infos-droitshumains.net\\\/\"},{\"@type\":\"ListItem\",\"position\":2,\"name\":\"Guin\u00e9e : Alpha Cond\u00e9 ou la fin rocambolesque d&rsquo;un r\u00e8gne\"}]},{\"@type\":\"WebSite\",\"@id\":\"https:\\\/\\\/infos-droitshumains.net\\\/#website\",\"url\":\"https:\\\/\\\/infos-droitshumains.net\\\/\",\"name\":\"Infos Droits Humains\",\"description\":\"S&#039;informer est un droit\",\"publisher\":{\"@id\":\"https:\\\/\\\/infos-droitshumains.net\\\/#organization\"},\"potentialAction\":[{\"@type\":\"SearchAction\",\"target\":{\"@type\":\"EntryPoint\",\"urlTemplate\":\"https:\\\/\\\/infos-droitshumains.net\\\/?s={search_term_string}\"},\"query-input\":{\"@type\":\"PropertyValueSpecification\",\"valueRequired\":true,\"valueName\":\"search_term_string\"}}],\"inLanguage\":\"fr-FR\"},{\"@type\":\"Organization\",\"@id\":\"https:\\\/\\\/infos-droitshumains.net\\\/#organization\",\"name\":\"Infos Droits Humains\",\"url\":\"https:\\\/\\\/infos-droitshumains.net\\\/\",\"logo\":{\"@type\":\"ImageObject\",\"inLanguage\":\"fr-FR\",\"@id\":\"https:\\\/\\\/infos-droitshumains.net\\\/#\\\/schema\\\/logo\\\/image\\\/\",\"url\":\"https:\\\/\\\/i0.wp.com\\\/infos-droitshumains.net\\\/wp-content\\\/uploads\\\/2022\\\/05\\\/Logo.png?fit=333%2C129&ssl=1\",\"contentUrl\":\"https:\\\/\\\/i0.wp.com\\\/infos-droitshumains.net\\\/wp-content\\\/uploads\\\/2022\\\/05\\\/Logo.png?fit=333%2C129&ssl=1\",\"width\":333,\"height\":129,\"caption\":\"Infos Droits Humains\"},\"image\":{\"@id\":\"https:\\\/\\\/infos-droitshumains.net\\\/#\\\/schema\\\/logo\\\/image\\\/\"}},{\"@type\":\"Person\",\"@id\":\"https:\\\/\\\/infos-droitshumains.net\\\/#\\\/schema\\\/person\\\/3dc5e921c3302172e0ed4362f96faab7\",\"name\":\"Jo\u00ebl Diawa\",\"image\":{\"@type\":\"ImageObject\",\"inLanguage\":\"fr-FR\",\"@id\":\"https:\\\/\\\/secure.gravatar.com\\\/avatar\\\/729bea6ff4604c624417803c477363be8e3c7186deaa65713313f9b4b820f41c?s=96&d=mm&r=g\",\"url\":\"https:\\\/\\\/secure.gravatar.com\\\/avatar\\\/729bea6ff4604c624417803c477363be8e3c7186deaa65713313f9b4b820f41c?s=96&d=mm&r=g\",\"contentUrl\":\"https:\\\/\\\/secure.gravatar.com\\\/avatar\\\/729bea6ff4604c624417803c477363be8e3c7186deaa65713313f9b4b820f41c?s=96&d=mm&r=g\",\"caption\":\"Jo\u00ebl Diawa\"},\"sameAs\":[\"https:\\\/\\\/www.infos-droitshumains.net\"],\"url\":\"https:\\\/\\\/infos-droitshumains.net\\\/?author=2\"}]}<\/script>\n<!-- \/ Yoast SEO plugin. -->","yoast_head_json":{"title":"Guin\u00e9e : Alpha Cond\u00e9 ou la fin rocambolesque d'un r\u00e8gne - Infos Droits Humains","robots":{"index":"index","follow":"follow","max-snippet":"max-snippet:-1","max-image-preview":"max-image-preview:large","max-video-preview":"max-video-preview:-1"},"canonical":"https:\/\/infos-droitshumains.net\/?p=746","og_locale":"fr_FR","og_type":"article","og_title":"Guin\u00e9e : Alpha Cond\u00e9 ou la fin rocambolesque d'un r\u00e8gne - Infos Droits Humains","og_description":"Une Vive tension et confusion ont \u00e9t\u00e9 perceptible ce dimanche apr\u00e8s-midi \u00e0 Conakry, la capitale...","og_url":"https:\/\/infos-droitshumains.net\/?p=746","og_site_name":"Infos Droits Humains","article_published_time":"2021-09-05T14:21:57+00:00","article_modified_time":"2023-04-06T10:11:45+00:00","og_image":[{"url":"https:\/\/infos-droitshumains.net\/wp-content\/uploads\/2021\/09\/FB_IMG_16308489658757439.jpg","type":"","width":"","height":""}],"author":"Jo\u00ebl Diawa","twitter_card":"summary_large_image","twitter_misc":{"\u00c9crit par":"Jo\u00ebl Diawa","Dur\u00e9e de lecture estim\u00e9e":"2 minutes"},"schema":{"@context":"https:\/\/schema.org","@graph":[{"@type":"Article","@id":"https:\/\/infos-droitshumains.net\/?p=746#article","isPartOf":{"@id":"https:\/\/infos-droitshumains.net\/?p=746"},"author":{"name":"Jo\u00ebl Diawa","@id":"https:\/\/infos-droitshumains.net\/#\/schema\/person\/3dc5e921c3302172e0ed4362f96faab7"},"headline":"Guin\u00e9e : Alpha Cond\u00e9 ou la fin rocambolesque d&rsquo;un r\u00e8gne","datePublished":"2021-09-05T14:21:57+00:00","dateModified":"2023-04-06T10:11:45+00:00","mainEntityOfPage":{"@id":"https:\/\/infos-droitshumains.net\/?p=746"},"wordCount":314,"publisher":{"@id":"https:\/\/infos-droitshumains.net\/#organization"},"image":{"@id":"https:\/\/infos-droitshumains.net\/?p=746#primaryimage"},"thumbnailUrl":"https:\/\/infos-droitshumains.net\/wp-content\/uploads\/2021\/09\/FB_IMG_16308489658757439.jpg","inLanguage":"fr-FR"},{"@type":"WebPage","@id":"https:\/\/infos-droitshumains.net\/?p=746","url":"https:\/\/infos-droitshumains.net\/?p=746","name":"Guin\u00e9e : Alpha Cond\u00e9 ou la fin rocambolesque d'un r\u00e8gne - Infos Droits Humains","isPartOf":{"@id":"https:\/\/infos-droitshumains.net\/#website"},"primaryImageOfPage":{"@id":"https:\/\/infos-droitshumains.net\/?p=746#primaryimage"},"image":{"@id":"https:\/\/infos-droitshumains.net\/?p=746#primaryimage"},"thumbnailUrl":"https:\/\/infos-droitshumains.net\/wp-content\/uploads\/2021\/09\/FB_IMG_16308489658757439.jpg","datePublished":"2021-09-05T14:21:57+00:00","dateModified":"2023-04-06T10:11:45+00:00","breadcrumb":{"@id":"https:\/\/infos-droitshumains.net\/?p=746#breadcrumb"},"inLanguage":"fr-FR","potentialAction":[{"@type":"ReadAction","target":["https:\/\/infos-droitshumains.net\/?p=746"]}]},{"@type":"ImageObject","inLanguage":"fr-FR","@id":"https:\/\/infos-droitshumains.net\/?p=746#primaryimage","url":"https:\/\/infos-droitshumains.net\/wp-content\/uploads\/2021\/09\/FB_IMG_16308489658757439.jpg","contentUrl":"https:\/\/infos-droitshumains.net\/wp-content\/uploads\/2021\/09\/FB_IMG_16308489658757439.jpg"},{"@type":"BreadcrumbList","@id":"https:\/\/infos-droitshumains.net\/?p=746#breadcrumb","itemListElement":[{"@type":"ListItem","position":1,"name":"Accueil","item":"https:\/\/infos-droitshumains.net\/"},{"@type":"ListItem","position":2,"name":"Guin\u00e9e : Alpha Cond\u00e9 ou la fin rocambolesque d&rsquo;un r\u00e8gne"}]},{"@type":"WebSite","@id":"https:\/\/infos-droitshumains.net\/#website","url":"https:\/\/infos-droitshumains.net\/","name":"Infos Droits Humains","description":"S&#039;informer est un droit","publisher":{"@id":"https:\/\/infos-droitshumains.net\/#organization"},"potentialAction":[{"@type":"SearchAction","target":{"@type":"EntryPoint","urlTemplate":"https:\/\/infos-droitshumains.net\/?s={search_term_string}"},"query-input":{"@type":"PropertyValueSpecification","valueRequired":true,"valueName":"search_term_string"}}],"inLanguage":"fr-FR"},{"@type":"Organization","@id":"https:\/\/infos-droitshumains.net\/#organization","name":"Infos Droits Humains","url":"https:\/\/infos-droitshumains.net\/","logo":{"@type":"ImageObject","inLanguage":"fr-FR","@id":"https:\/\/infos-droitshumains.net\/#\/schema\/logo\/image\/","url":"https:\/\/i0.wp.com\/infos-droitshumains.net\/wp-content\/uploads\/2022\/05\/Logo.png?fit=333%2C129&ssl=1","contentUrl":"https:\/\/i0.wp.com\/infos-droitshumains.net\/wp-content\/uploads\/2022\/05\/Logo.png?fit=333%2C129&ssl=1","width":333,"height":129,"caption":"Infos Droits Humains"},"image":{"@id":"https:\/\/infos-droitshumains.net\/#\/schema\/logo\/image\/"}},{"@type":"Person","@id":"https:\/\/infos-droitshumains.net\/#\/schema\/person\/3dc5e921c3302172e0ed4362f96faab7","name":"Jo\u00ebl Diawa","image":{"@type":"ImageObject","inLanguage":"fr-FR","@id":"https:\/\/secure.gravatar.com\/avatar\/729bea6ff4604c624417803c477363be8e3c7186deaa65713313f9b4b820f41c?s=96&d=mm&r=g","url":"https:\/\/secure.gravatar.com\/avatar\/729bea6ff4604c624417803c477363be8e3c7186deaa65713313f9b4b820f41c?s=96&d=mm&r=g","contentUrl":"https:\/\/secure.gravatar.com\/avatar\/729bea6ff4604c624417803c477363be8e3c7186deaa65713313f9b4b820f41c?s=96&d=mm&r=g","caption":"Jo\u00ebl Diawa"},"sameAs":["https:\/\/www.infos-droitshumains.net"],"url":"https:\/\/infos-droitshumains.net\/?author=2"}]}},"featured_image_urls":{"full":"","thumbnail":"","medium":"","medium_large":"","large":"","1536x1536":"","2048x2048":"","covernews-slider-full":"","covernews-slider-center":"","covernews-featured":"","covernews-medium":"","covernews-medium-square":""},"author_info":{"display_name":"Jo\u00ebl Diawa","author_link":"https:\/\/infos-droitshumains.net\/?author=2"},"category_info":"<a href=\"https:\/\/infos-droitshumains.net\/?cat=1\" rel=\"category\">Non class\u00e9<\/a>","tag_info":"Non class\u00e9","comment_count":"0","jetpack_featured_media_url":"","jetpack-related-posts":[],"jetpack_sharing_enabled":true,"_links":{"self":[{"href":"https:\/\/infos-droitshumains.net\/index.php?rest_route=\/wp\/v2\/posts\/746","targetHints":{"allow":["GET"]}}],"collection":[{"href":"https:\/\/infos-droitshumains.net\/index.php?rest_route=\/wp\/v2\/posts"}],"about":[{"href":"https:\/\/infos-droitshumains.net\/index.php?rest_route=\/wp\/v2\/types\/post"}],"author":[{"embeddable":true,"href":"https:\/\/infos-droitshumains.net\/index.php?rest_route=\/wp\/v2\/users\/2"}],"replies":[{"embeddable":true,"href":"https:\/\/infos-droitshumains.net\/index.php?rest_route=%2Fwp%2Fv2%2Fcomments&post=746"}],"version-history":[{"count":5,"href":"https:\/\/infos-droitshumains.net\/index.php?rest_route=\/wp\/v2\/posts\/746\/revisions"}],"predecessor-version":[{"id":756,"href":"https:\/\/infos-droitshumains.net\/index.php?rest_route=\/wp\/v2\/posts\/746\/revisions\/756"}],"wp:attachment":[{"href":"https:\/\/infos-droitshumains.net\/index.php?rest_route=%2Fwp%2Fv2%2Fmedia&parent=746"}],"wp:term":[{"taxonomy":"category","embeddable":true,"href":"https:\/\/infos-droitshumains.net\/index.php?rest_route=%2Fwp%2Fv2%2Fcategories&post=746"},{"taxonomy":"post_tag","embeddable":true,"href":"https:\/\/infos-droitshumains.net\/index.php?rest_route=%2Fwp%2Fv2%2Ftags&post=746"}],"curies":[{"name":"wp","href":"https:\/\/api.w.org\/{rel}","templated":true}]}}