{"id":740,"date":"2021-09-05T12:41:07","date_gmt":"2021-09-05T10:41:07","guid":{"rendered":"https:\/\/infos-droitshumains.net\/?p=740"},"modified":"2023-04-06T12:11:45","modified_gmt":"2023-04-06T10:11:45","slug":"assemblee-nationale-le-rapporteur-restitue-les-activites-parlementaires-de-la-session-de-mars","status":"publish","type":"post","link":"https:\/\/infos-droitshumains.net\/?p=740","title":{"rendered":"Assembl\u00e9e Nationale : La session de mars \u00e9tait une session de r\u00e9organisation parlementaire (Joseph Lembi)"},"content":{"rendered":"\n<p><strong>R\u00e9daction : +243817406088<\/strong><\/p>\n\n\n\n<p>A quelques jours de l&rsquo;ouverture de la session ordinaire de septembre,m \u00e0 l&rsquo;Assembl\u00e9e Nationale, le rapporteur de cette chambre base du parlement, a tenu \u00e0 faire l\u2019\u00e9tat des lieux de la session de mars qui se prolonge, gr\u00e2ce \u00e0 l&rsquo;Etat de si\u00e8ge.<\/p>\n\n\n\n<p><strong><em>Une session dans un contexte tendu<\/em><\/strong><\/p>\n\n\n\n<p>Circonscrivant le contexte de la session de mars, Joseph Lembi Libula a fait savoir que c\u2019est \u00e0 la suite de la d\u00e9ch\u00e9ance de l\u2019ancien bureau et \u00e0 la requalification de la majorit\u00e9 parlementaire que la session ordinaire de mars 2021 a commenc\u00e9. <br>Un temps pr\u00e9cieux a \u00e9t\u00e9 mis \u00e0 contribution pour la r\u00e9organisation des commissions permanentes de l\u2019Assembl\u00e9e nationale. N\u00e9anmoins, des efforts ont \u00e9t\u00e9 entrepris pour r\u00e9aliser des activit\u00e9s parlementaires a fait savoir le rapporteur Lembi.<\/p>\n\n\n\n<p><strong><em>La r\u00e9organisation de chambre parlementaire au menu<\/em><\/strong><\/p>\n\n\n\n<p>Au cours de cette session, l\u2019Assembl\u00e9e Nationale a organis\u00e9 deux types d\u2019activit\u00e9s parlementaires : les activit\u00e9s non l\u00e9gislatives et celles l\u00e9gislatives.<br> S\u2019agissant des activit\u00e9s non l\u00e9gislatives, quatre activit\u00e9s importantes ont \u00e9t\u00e9 men\u00e9es, \u00e0 savoir la validation des pouvoirs, la r\u00e9organisation de l\u2019Assembl\u00e9e nationale, les auditions en commissions et l\u2019approbation par l\u2019assembl\u00e9e pl\u00e9ni\u00e8re.<\/p>\n\n\n\n<p>Pour ce qui est de la validation des pouvoirs, Joseph Lembi a fait savoir que l\u2019Assembl\u00e9e nationale a valid\u00e9 27 suppl\u00e9ants pour les 25 d\u00e9put\u00e9s titulaires frapp\u00e9s d\u2019incompatibilit\u00e9 du fait de leur nomination en qualit\u00e9 de membres du gouvernement. Et les deux suppl\u00e9ants ont remplac\u00e9 des \u00e9lus d\u00e9c\u00e9d\u00e9s.<\/p>\n\n\n\n<p>Quant \u00e0 la r\u00e9organisation de l\u2019Assembl\u00e9e nationale, il a rappel\u00e9 qu\u2019\u00e0 l\u2019av\u00e8nement de l\u2019Union sacr\u00e9e de la nation, la Chambre basse du Parlement a \u00e9lu un nouveau bureau, \u00ab\u00a0<em>ce changement a entra\u00een\u00e9 des effets pervers en ce qui concerne le fonctionnement des organes de l\u2019assembl\u00e9e pl\u00e9ni\u00e8re de la Chambre basse du Parlement\u00a0\u00bb.<\/em><\/p>\n\n\n\n<p>C&rsquo;est ainsi qu&rsquo;il y a eu un long processus d\u2019identification des groupes parlementaires, la r\u00e9organisation des commissions permanentes, des sous-commissions et du comit\u00e9 des sages. A l\u2019issue de ce long processus, \u00ab\u00a0<em>l\u2019Assembl\u00e9e nationale a identifi\u00e9 11 groupes parlementaires de la majorit\u00e9 et 3 groupes de l\u2019opposition, avec les non-inscrits\u00a0\u00bb.<\/em> Les discussions se poursuivent au niveau de deux composantes pour que les non-inscrits soient aussi organis\u00e9s en 1 ou 2 groupes parlementaires a-t-il poursuivi.<\/p>\n\n\n\n<p><em><strong>Les membres du gouvernement sont pass\u00e9s \u00e0 la barre<\/strong><\/em><\/p>\n\n\n\n<p>Au chapitre des auditions en commissions, on retient que la commission ECOFIN a invit\u00e9 les ministres de l\u2019Industrie, de l\u2019Economie et des Finances pour donner leur contribution \u00e0 la proposition de loi portant cr\u00e9ation de la Taxe de promotion de l\u2019industrie (TPI). En rapport avec l\u2019\u00e9tat de si\u00e8ge, \u00e9tant donn\u00e9 que la pl\u00e9ni\u00e8re avait exig\u00e9, avant la 6\u00e8me prorogation, qu\u2019une \u00e9valuation soit men\u00e9e \u00e0 mi-parcours pour voir s\u2019il faut continuer ou pas \u00e0 proroger, la commission D\u00e9fense et S\u00e9curit\u00e9 a auditionn\u00e9 le VPM de l\u2019Int\u00e9rieur, le ministre d\u2019Etat, ministre de la Justice et Garde des sceaux, les ministres de la D\u00e9fense nationale, du Budget, des Finances, le chef d\u2019Etat-major des FARDC, les gouverneurs militaires de l\u2019Ituri et du Nord-Kivu. Le rapport est en cours d\u2019\u00e9laboration en commission avant sa pr\u00e9sentation en pl\u00e9ni\u00e8re.<\/p>\n\n\n\n<p>La VPM, ministre de l\u2019Environnement, les ministres des Hydrocarbures et des Mines ont \u00e9t\u00e9 invit\u00e9s par la commission Environnement, Tourisme, Ressources naturelles et D\u00e9veloppement durable pour fournir des explications sur la pollution des rivi\u00e8res Kasa\u00ef et Tshikapa.<\/p>\n\n\n\n<p><strong><em>Plusieurs textes approuv\u00e9s<\/em><\/strong><\/p>\n\n\n\n<p>l\u2019Assembl\u00e9e Nationale, lors de cette session de mars, a approuv\u00e9 le rapport g\u00e9n\u00e9ral sur le processus \u00e9lectoral de la CENI 2012 \u00e0 2019 ; le texte sur le processus annuel de la CENI 2019-2020 ; le programme du gouvernement Sama Lukonde et son investiture ; le rapport des vacances parlementaires des d\u00e9put\u00e9s  pour les p\u00e9riodes de juin \u00e0 septembre 2020 et d\u00e9cembre \u00e0 mars 2021 ; le rapport de la Commission sp\u00e9ciale charg\u00e9e de contr\u00f4le de la gestion de l\u2019Assembl\u00e9e nationale ; la r\u00e9solution autorisant la demande d\u2019inscription des d\u00e9put\u00e9s ; la demande d\u2019interpellation du ministre de la Recherche scientifique et Innovation technologique.<\/p>\n\n\n\n<p>Pour ce qui est des activit\u00e9s l\u00e9gislatives, le livre bleu de la Direction des s\u00e9ances renseigne l\u2019enregistrement de plusieurs propositions de lois, des initiatives prises par les d\u00e9put\u00e9s nationaux et 14 projets de lois en provenance du gouvernement.<\/p>\n\n\n\n<p>Au cours de cette session, l\u2019Assembl\u00e9e nationale a tenu 30 pl\u00e9ni\u00e8res, 30 proc\u00e8s-verbaux \u00e9labor\u00e9s et adopt\u00e9s en pl\u00e9ni\u00e8re. Les activit\u00e9s l\u00e9gislatives se r\u00e9partissent en 4 axes dont les textes ou propositions de lois adopt\u00e9es en pl\u00e9ni\u00e8re et envoy\u00e9es au S\u00e9nat pour seconde lecture ; les textes de lois d\u00e9clar\u00e9s recevables par la pl\u00e9ni\u00e8re et envoy\u00e9s en commissions pour examen et enrichissement ; les projets ou propositions de lois non programm\u00e9es pour d\u00e9bat en pl\u00e9ni\u00e8re ; et le contr\u00f4le parlementaire.<br> <br> <br>Toutes les propositions de lois d\u00e9pos\u00e9es au bureau du premier vice-pr\u00e9sident, enregistr\u00e9es, transmises au bureau d\u2019\u00e9tudes pour que celui-ci donne ses avis et consid\u00e9rations, selon la proc\u00e9dure. Le bureau d\u2019\u00e9tudes les transmettra au bureau de l\u2019Assembl\u00e9e nationale qui apposera ses annotations avant de les transmettre au gouvernement pour avis et consid\u00e9rations a conclu le rapporteur de la chambre basse du parlement<\/p>\n","protected":false},"excerpt":{"rendered":"<p>R\u00e9daction : +243817406088 A quelques jours de l&rsquo;ouverture de la session ordinaire de septembre,m \u00e0&#8230;<\/p>\n","protected":false},"author":2,"featured_media":0,"comment_status":"closed","ping_status":"open","sticky":false,"template":"","format":"standard","meta":{"_jetpack_memberships_contains_paid_content":false,"footnotes":""},"categories":[1],"tags":[],"class_list":["post-740","post","type-post","status-publish","format-standard","hentry","category-non-classe"],"yoast_head":"<!-- This site is optimized with the Yoast SEO plugin v27.5 - https:\/\/yoast.com\/product\/yoast-seo-wordpress\/ -->\n<title>Assembl\u00e9e Nationale : La session de mars \u00e9tait une session de r\u00e9organisation parlementaire (Joseph Lembi) - Infos Droits Humains<\/title>\n<meta name=\"robots\" content=\"index, follow, max-snippet:-1, max-image-preview:large, max-video-preview:-1\" \/>\n<link rel=\"canonical\" href=\"https:\/\/infos-droitshumains.net\/?p=740\" \/>\n<meta property=\"og:locale\" content=\"fr_FR\" \/>\n<meta property=\"og:type\" content=\"article\" \/>\n<meta property=\"og:title\" content=\"Assembl\u00e9e Nationale : La session de mars \u00e9tait une session de r\u00e9organisation parlementaire (Joseph Lembi) - Infos Droits Humains\" \/>\n<meta property=\"og:description\" content=\"R\u00e9daction : +243817406088 A quelques jours de l&rsquo;ouverture de la session ordinaire de septembre,m \u00e0...\" \/>\n<meta property=\"og:url\" content=\"https:\/\/infos-droitshumains.net\/?p=740\" \/>\n<meta property=\"og:site_name\" content=\"Infos Droits Humains\" \/>\n<meta property=\"article:published_time\" content=\"2021-09-05T10:41:07+00:00\" \/>\n<meta property=\"article:modified_time\" content=\"2023-04-06T10:11:45+00:00\" \/>\n<meta name=\"author\" content=\"Jo\u00ebl Diawa\" \/>\n<meta name=\"twitter:card\" content=\"summary_large_image\" \/>\n<meta name=\"twitter:label1\" content=\"\u00c9crit par\" \/>\n\t<meta name=\"twitter:data1\" content=\"Jo\u00ebl Diawa\" \/>\n\t<meta name=\"twitter:label2\" content=\"Dur\u00e9e de lecture estim\u00e9e\" \/>\n\t<meta name=\"twitter:data2\" content=\"5 minutes\" \/>\n<script type=\"application\/ld+json\" class=\"yoast-schema-graph\">{\"@context\":\"https:\\\/\\\/schema.org\",\"@graph\":[{\"@type\":\"Article\",\"@id\":\"https:\\\/\\\/infos-droitshumains.net\\\/?p=740#article\",\"isPartOf\":{\"@id\":\"https:\\\/\\\/infos-droitshumains.net\\\/?p=740\"},\"author\":{\"name\":\"Jo\u00ebl Diawa\",\"@id\":\"https:\\\/\\\/infos-droitshumains.net\\\/#\\\/schema\\\/person\\\/3dc5e921c3302172e0ed4362f96faab7\"},\"headline\":\"Assembl\u00e9e Nationale : La session de mars \u00e9tait une session de r\u00e9organisation parlementaire (Joseph Lembi)\",\"datePublished\":\"2021-09-05T10:41:07+00:00\",\"dateModified\":\"2023-04-06T10:11:45+00:00\",\"mainEntityOfPage\":{\"@id\":\"https:\\\/\\\/infos-droitshumains.net\\\/?p=740\"},\"wordCount\":954,\"publisher\":{\"@id\":\"https:\\\/\\\/infos-droitshumains.net\\\/#organization\"},\"inLanguage\":\"fr-FR\"},{\"@type\":\"WebPage\",\"@id\":\"https:\\\/\\\/infos-droitshumains.net\\\/?p=740\",\"url\":\"https:\\\/\\\/infos-droitshumains.net\\\/?p=740\",\"name\":\"Assembl\u00e9e Nationale : La session de mars \u00e9tait une session de r\u00e9organisation parlementaire (Joseph Lembi) - Infos Droits Humains\",\"isPartOf\":{\"@id\":\"https:\\\/\\\/infos-droitshumains.net\\\/#website\"},\"datePublished\":\"2021-09-05T10:41:07+00:00\",\"dateModified\":\"2023-04-06T10:11:45+00:00\",\"breadcrumb\":{\"@id\":\"https:\\\/\\\/infos-droitshumains.net\\\/?p=740#breadcrumb\"},\"inLanguage\":\"fr-FR\",\"potentialAction\":[{\"@type\":\"ReadAction\",\"target\":[\"https:\\\/\\\/infos-droitshumains.net\\\/?p=740\"]}]},{\"@type\":\"BreadcrumbList\",\"@id\":\"https:\\\/\\\/infos-droitshumains.net\\\/?p=740#breadcrumb\",\"itemListElement\":[{\"@type\":\"ListItem\",\"position\":1,\"name\":\"Accueil\",\"item\":\"https:\\\/\\\/infos-droitshumains.net\\\/\"},{\"@type\":\"ListItem\",\"position\":2,\"name\":\"Assembl\u00e9e Nationale : La session de mars \u00e9tait une session de r\u00e9organisation parlementaire (Joseph Lembi)\"}]},{\"@type\":\"WebSite\",\"@id\":\"https:\\\/\\\/infos-droitshumains.net\\\/#website\",\"url\":\"https:\\\/\\\/infos-droitshumains.net\\\/\",\"name\":\"Infos Droits Humains\",\"description\":\"S&#039;informer est un droit\",\"publisher\":{\"@id\":\"https:\\\/\\\/infos-droitshumains.net\\\/#organization\"},\"potentialAction\":[{\"@type\":\"SearchAction\",\"target\":{\"@type\":\"EntryPoint\",\"urlTemplate\":\"https:\\\/\\\/infos-droitshumains.net\\\/?s={search_term_string}\"},\"query-input\":{\"@type\":\"PropertyValueSpecification\",\"valueRequired\":true,\"valueName\":\"search_term_string\"}}],\"inLanguage\":\"fr-FR\"},{\"@type\":\"Organization\",\"@id\":\"https:\\\/\\\/infos-droitshumains.net\\\/#organization\",\"name\":\"Infos Droits Humains\",\"url\":\"https:\\\/\\\/infos-droitshumains.net\\\/\",\"logo\":{\"@type\":\"ImageObject\",\"inLanguage\":\"fr-FR\",\"@id\":\"https:\\\/\\\/infos-droitshumains.net\\\/#\\\/schema\\\/logo\\\/image\\\/\",\"url\":\"https:\\\/\\\/i0.wp.com\\\/infos-droitshumains.net\\\/wp-content\\\/uploads\\\/2022\\\/05\\\/Logo.png?fit=333%2C129&ssl=1\",\"contentUrl\":\"https:\\\/\\\/i0.wp.com\\\/infos-droitshumains.net\\\/wp-content\\\/uploads\\\/2022\\\/05\\\/Logo.png?fit=333%2C129&ssl=1\",\"width\":333,\"height\":129,\"caption\":\"Infos Droits Humains\"},\"image\":{\"@id\":\"https:\\\/\\\/infos-droitshumains.net\\\/#\\\/schema\\\/logo\\\/image\\\/\"}},{\"@type\":\"Person\",\"@id\":\"https:\\\/\\\/infos-droitshumains.net\\\/#\\\/schema\\\/person\\\/3dc5e921c3302172e0ed4362f96faab7\",\"name\":\"Jo\u00ebl Diawa\",\"image\":{\"@type\":\"ImageObject\",\"inLanguage\":\"fr-FR\",\"@id\":\"https:\\\/\\\/secure.gravatar.com\\\/avatar\\\/729bea6ff4604c624417803c477363be8e3c7186deaa65713313f9b4b820f41c?s=96&d=mm&r=g\",\"url\":\"https:\\\/\\\/secure.gravatar.com\\\/avatar\\\/729bea6ff4604c624417803c477363be8e3c7186deaa65713313f9b4b820f41c?s=96&d=mm&r=g\",\"contentUrl\":\"https:\\\/\\\/secure.gravatar.com\\\/avatar\\\/729bea6ff4604c624417803c477363be8e3c7186deaa65713313f9b4b820f41c?s=96&d=mm&r=g\",\"caption\":\"Jo\u00ebl Diawa\"},\"sameAs\":[\"https:\\\/\\\/www.infos-droitshumains.net\"],\"url\":\"https:\\\/\\\/infos-droitshumains.net\\\/?author=2\"}]}<\/script>\n<!-- \/ Yoast SEO plugin. -->","yoast_head_json":{"title":"Assembl\u00e9e Nationale : La session de mars \u00e9tait une session de r\u00e9organisation parlementaire (Joseph Lembi) - Infos Droits Humains","robots":{"index":"index","follow":"follow","max-snippet":"max-snippet:-1","max-image-preview":"max-image-preview:large","max-video-preview":"max-video-preview:-1"},"canonical":"https:\/\/infos-droitshumains.net\/?p=740","og_locale":"fr_FR","og_type":"article","og_title":"Assembl\u00e9e Nationale : La session de mars \u00e9tait une session de r\u00e9organisation parlementaire (Joseph Lembi) - Infos Droits Humains","og_description":"R\u00e9daction : +243817406088 A quelques jours de l&rsquo;ouverture de la session ordinaire de septembre,m \u00e0...","og_url":"https:\/\/infos-droitshumains.net\/?p=740","og_site_name":"Infos Droits Humains","article_published_time":"2021-09-05T10:41:07+00:00","article_modified_time":"2023-04-06T10:11:45+00:00","author":"Jo\u00ebl Diawa","twitter_card":"summary_large_image","twitter_misc":{"\u00c9crit par":"Jo\u00ebl Diawa","Dur\u00e9e de lecture estim\u00e9e":"5 minutes"},"schema":{"@context":"https:\/\/schema.org","@graph":[{"@type":"Article","@id":"https:\/\/infos-droitshumains.net\/?p=740#article","isPartOf":{"@id":"https:\/\/infos-droitshumains.net\/?p=740"},"author":{"name":"Jo\u00ebl Diawa","@id":"https:\/\/infos-droitshumains.net\/#\/schema\/person\/3dc5e921c3302172e0ed4362f96faab7"},"headline":"Assembl\u00e9e Nationale : La session de mars \u00e9tait une session de r\u00e9organisation parlementaire (Joseph Lembi)","datePublished":"2021-09-05T10:41:07+00:00","dateModified":"2023-04-06T10:11:45+00:00","mainEntityOfPage":{"@id":"https:\/\/infos-droitshumains.net\/?p=740"},"wordCount":954,"publisher":{"@id":"https:\/\/infos-droitshumains.net\/#organization"},"inLanguage":"fr-FR"},{"@type":"WebPage","@id":"https:\/\/infos-droitshumains.net\/?p=740","url":"https:\/\/infos-droitshumains.net\/?p=740","name":"Assembl\u00e9e Nationale : La session de mars \u00e9tait une session de r\u00e9organisation parlementaire (Joseph Lembi) - Infos Droits Humains","isPartOf":{"@id":"https:\/\/infos-droitshumains.net\/#website"},"datePublished":"2021-09-05T10:41:07+00:00","dateModified":"2023-04-06T10:11:45+00:00","breadcrumb":{"@id":"https:\/\/infos-droitshumains.net\/?p=740#breadcrumb"},"inLanguage":"fr-FR","potentialAction":[{"@type":"ReadAction","target":["https:\/\/infos-droitshumains.net\/?p=740"]}]},{"@type":"BreadcrumbList","@id":"https:\/\/infos-droitshumains.net\/?p=740#breadcrumb","itemListElement":[{"@type":"ListItem","position":1,"name":"Accueil","item":"https:\/\/infos-droitshumains.net\/"},{"@type":"ListItem","position":2,"name":"Assembl\u00e9e Nationale : La session de mars \u00e9tait une session de r\u00e9organisation parlementaire (Joseph Lembi)"}]},{"@type":"WebSite","@id":"https:\/\/infos-droitshumains.net\/#website","url":"https:\/\/infos-droitshumains.net\/","name":"Infos Droits Humains","description":"S&#039;informer est un droit","publisher":{"@id":"https:\/\/infos-droitshumains.net\/#organization"},"potentialAction":[{"@type":"SearchAction","target":{"@type":"EntryPoint","urlTemplate":"https:\/\/infos-droitshumains.net\/?s={search_term_string}"},"query-input":{"@type":"PropertyValueSpecification","valueRequired":true,"valueName":"search_term_string"}}],"inLanguage":"fr-FR"},{"@type":"Organization","@id":"https:\/\/infos-droitshumains.net\/#organization","name":"Infos Droits Humains","url":"https:\/\/infos-droitshumains.net\/","logo":{"@type":"ImageObject","inLanguage":"fr-FR","@id":"https:\/\/infos-droitshumains.net\/#\/schema\/logo\/image\/","url":"https:\/\/i0.wp.com\/infos-droitshumains.net\/wp-content\/uploads\/2022\/05\/Logo.png?fit=333%2C129&ssl=1","contentUrl":"https:\/\/i0.wp.com\/infos-droitshumains.net\/wp-content\/uploads\/2022\/05\/Logo.png?fit=333%2C129&ssl=1","width":333,"height":129,"caption":"Infos Droits Humains"},"image":{"@id":"https:\/\/infos-droitshumains.net\/#\/schema\/logo\/image\/"}},{"@type":"Person","@id":"https:\/\/infos-droitshumains.net\/#\/schema\/person\/3dc5e921c3302172e0ed4362f96faab7","name":"Jo\u00ebl Diawa","image":{"@type":"ImageObject","inLanguage":"fr-FR","@id":"https:\/\/secure.gravatar.com\/avatar\/729bea6ff4604c624417803c477363be8e3c7186deaa65713313f9b4b820f41c?s=96&d=mm&r=g","url":"https:\/\/secure.gravatar.com\/avatar\/729bea6ff4604c624417803c477363be8e3c7186deaa65713313f9b4b820f41c?s=96&d=mm&r=g","contentUrl":"https:\/\/secure.gravatar.com\/avatar\/729bea6ff4604c624417803c477363be8e3c7186deaa65713313f9b4b820f41c?s=96&d=mm&r=g","caption":"Jo\u00ebl Diawa"},"sameAs":["https:\/\/www.infos-droitshumains.net"],"url":"https:\/\/infos-droitshumains.net\/?author=2"}]}},"featured_image_urls":{"full":"","thumbnail":"","medium":"","medium_large":"","large":"","1536x1536":"","2048x2048":"","covernews-slider-full":"","covernews-slider-center":"","covernews-featured":"","covernews-medium":"","covernews-medium-square":""},"author_info":{"display_name":"Jo\u00ebl Diawa","author_link":"https:\/\/infos-droitshumains.net\/?author=2"},"category_info":"<a href=\"https:\/\/infos-droitshumains.net\/?cat=1\" rel=\"category\">Non class\u00e9<\/a>","tag_info":"Non class\u00e9","comment_count":"0","jetpack_featured_media_url":"","jetpack-related-posts":[],"jetpack_sharing_enabled":true,"_links":{"self":[{"href":"https:\/\/infos-droitshumains.net\/index.php?rest_route=\/wp\/v2\/posts\/740","targetHints":{"allow":["GET"]}}],"collection":[{"href":"https:\/\/infos-droitshumains.net\/index.php?rest_route=\/wp\/v2\/posts"}],"about":[{"href":"https:\/\/infos-droitshumains.net\/index.php?rest_route=\/wp\/v2\/types\/post"}],"author":[{"embeddable":true,"href":"https:\/\/infos-droitshumains.net\/index.php?rest_route=\/wp\/v2\/users\/2"}],"replies":[{"embeddable":true,"href":"https:\/\/infos-droitshumains.net\/index.php?rest_route=%2Fwp%2Fv2%2Fcomments&post=740"}],"version-history":[{"count":3,"href":"https:\/\/infos-droitshumains.net\/index.php?rest_route=\/wp\/v2\/posts\/740\/revisions"}],"predecessor-version":[{"id":745,"href":"https:\/\/infos-droitshumains.net\/index.php?rest_route=\/wp\/v2\/posts\/740\/revisions\/745"}],"wp:attachment":[{"href":"https:\/\/infos-droitshumains.net\/index.php?rest_route=%2Fwp%2Fv2%2Fmedia&parent=740"}],"wp:term":[{"taxonomy":"category","embeddable":true,"href":"https:\/\/infos-droitshumains.net\/index.php?rest_route=%2Fwp%2Fv2%2Fcategories&post=740"},{"taxonomy":"post_tag","embeddable":true,"href":"https:\/\/infos-droitshumains.net\/index.php?rest_route=%2Fwp%2Fv2%2Ftags&post=740"}],"curies":[{"name":"wp","href":"https:\/\/api.w.org\/{rel}","templated":true}]}}