{"id":7396,"date":"2023-06-30T00:13:14","date_gmt":"2023-06-29T22:13:14","guid":{"rendered":"https:\/\/infos-droitshumains.net\/?p=7396"},"modified":"2023-06-30T00:24:57","modified_gmt":"2023-06-29T22:24:57","slug":"processus-electoral-denis-kadima-face-a-lopposition-pour-aplanir-les-divergences","status":"publish","type":"post","link":"https:\/\/infos-droitshumains.net\/?p=7396","title":{"rendered":"Processus \u00e9lectoral : Denis Kadima face \u00e0 l\u2019opposition pour aplanir les divergences"},"content":{"rendered":"\n<p><strong>R\u00e9daction :+243817406088<\/strong><\/p>\n\n\n\n<p>En marge de la convocation de l\u2019\u00e9lectorat pour la d\u00e9putation nationale, le Pr\u00e9sident de la Commission \u00c9lectorale Nationale Ind\u00e9pendante(CENI) a annonc\u00e9 vouloir rencontrer les leaders de l&rsquo;opposition pour \u00e9changer sur leurs r\u00e9vendications quant au processus \u00e9lectoral.<\/p>\n\n\n\n<p>Le Premier groupe compos\u00e9 de Martin Fayulu, Mo\u00efse Katumbi, Augustin Matata et Delly Sessanga sera re\u00e7u ce vendredi 30 juin lit-on dans une lettre de Denis Kadima adress\u00e9 \u00e0 ces quatre leaders de l\u2019opposition qui jusque-l\u00e0, ont d\u00e9cid\u00e9 de faire route ensemble.<\/p>\n\n\n\n<p>Adolphe Muzito, pr\u00e9sident de Nouvel Elan sera re\u00e7u \u00e0 son tour le lundi 03 juillet. Dans son calendrier, le pr\u00e9sident de la centrale \u00e9lectorale n\u2019a pas indiqu\u00e9 quand il recevra le FCC de Joseph Kabila.<\/p>\n\n\n\n<p>Ces rencontres sp\u00e9cifiques avec les leaders de l&rsquo;opposition s\u2019inscrivent dans le cadre de chercher l&rsquo;inclusivit\u00e9 pour un processus \u00e9lectoral apais\u00e9, cr\u00e9dible et transparent.<\/p>\n\n\n\n<p>L\u2019opposition conteste le processus \u00e9lectoral en cours notamment le nombre d&rsquo;enr\u00f4l\u00e9s publi\u00e9 par la CENI, la loi sur la r\u00e9partition des si\u00e8ges et elle r\u00e9clame l&rsquo;audit externe du fichier \u00e9lectoral. Vu que leurs revendications n\u2019ont pas \u00e9t\u00e9 prises en compte, le camp de Joseph Kabila et celui de Martin Fayulu ont boycott\u00e9 le processus.<\/p>\n\n\n\n<p>AM<\/p>\n","protected":false},"excerpt":{"rendered":"<p>R\u00e9daction :+243817406088 En marge de la convocation de l\u2019\u00e9lectorat pour la d\u00e9putation nationale, le Pr\u00e9sident&#8230;<\/p>\n","protected":false},"author":2,"featured_media":7400,"comment_status":"open","ping_status":"open","sticky":false,"template":"","format":"standard","meta":{"_jetpack_memberships_contains_paid_content":false,"footnotes":""},"categories":[3],"tags":[],"class_list":["post-7396","post","type-post","status-publish","format-standard","has-post-thumbnail","hentry","category-politique"],"yoast_head":"<!-- This site is optimized with the Yoast SEO plugin v27.5 - https:\/\/yoast.com\/product\/yoast-seo-wordpress\/ -->\n<title>Processus \u00e9lectoral : Denis Kadima face \u00e0 l\u2019opposition pour aplanir les divergences - Infos Droits Humains<\/title>\n<meta name=\"robots\" content=\"index, follow, max-snippet:-1, max-image-preview:large, max-video-preview:-1\" \/>\n<link rel=\"canonical\" href=\"https:\/\/infos-droitshumains.net\/?p=7396\" \/>\n<meta property=\"og:locale\" content=\"fr_FR\" \/>\n<meta property=\"og:type\" content=\"article\" \/>\n<meta property=\"og:title\" content=\"Processus \u00e9lectoral : Denis Kadima face \u00e0 l\u2019opposition pour aplanir les divergences - Infos Droits Humains\" \/>\n<meta property=\"og:description\" content=\"R\u00e9daction :+243817406088 En marge de la convocation de l\u2019\u00e9lectorat pour la d\u00e9putation nationale, le Pr\u00e9sident...\" \/>\n<meta property=\"og:url\" content=\"https:\/\/infos-droitshumains.net\/?p=7396\" \/>\n<meta property=\"og:site_name\" content=\"Infos Droits Humains\" \/>\n<meta property=\"article:published_time\" content=\"2023-06-29T22:13:14+00:00\" \/>\n<meta property=\"article:modified_time\" content=\"2023-06-29T22:24:57+00:00\" \/>\n<meta property=\"og:image\" content=\"https:\/\/infos-droitshumains.net\/wp-content\/uploads\/2023\/06\/20211119205111672139_FDHOYrdWEAcvnls_1.jpg\" \/>\n\t<meta property=\"og:image:width\" content=\"683\" \/>\n\t<meta property=\"og:image:height\" content=\"900\" \/>\n\t<meta property=\"og:image:type\" content=\"image\/jpeg\" \/>\n<meta name=\"author\" content=\"Jo\u00ebl Diawa\" \/>\n<meta name=\"twitter:card\" content=\"summary_large_image\" \/>\n<meta name=\"twitter:label1\" content=\"\u00c9crit par\" \/>\n\t<meta name=\"twitter:data1\" content=\"Jo\u00ebl Diawa\" \/>\n\t<meta name=\"twitter:label2\" content=\"Dur\u00e9e de lecture estim\u00e9e\" \/>\n\t<meta name=\"twitter:data2\" content=\"1 minute\" \/>\n<script type=\"application\/ld+json\" class=\"yoast-schema-graph\">{\"@context\":\"https:\\\/\\\/schema.org\",\"@graph\":[{\"@type\":\"Article\",\"@id\":\"https:\\\/\\\/infos-droitshumains.net\\\/?p=7396#article\",\"isPartOf\":{\"@id\":\"https:\\\/\\\/infos-droitshumains.net\\\/?p=7396\"},\"author\":{\"name\":\"Jo\u00ebl Diawa\",\"@id\":\"https:\\\/\\\/infos-droitshumains.net\\\/#\\\/schema\\\/person\\\/3dc5e921c3302172e0ed4362f96faab7\"},\"headline\":\"Processus \u00e9lectoral : Denis Kadima face \u00e0 l\u2019opposition pour aplanir les divergences\",\"datePublished\":\"2023-06-29T22:13:14+00:00\",\"dateModified\":\"2023-06-29T22:24:57+00:00\",\"mainEntityOfPage\":{\"@id\":\"https:\\\/\\\/infos-droitshumains.net\\\/?p=7396\"},\"wordCount\":224,\"commentCount\":0,\"publisher\":{\"@id\":\"https:\\\/\\\/infos-droitshumains.net\\\/#organization\"},\"image\":{\"@id\":\"https:\\\/\\\/infos-droitshumains.net\\\/?p=7396#primaryimage\"},\"thumbnailUrl\":\"https:\\\/\\\/i0.wp.com\\\/infos-droitshumains.net\\\/wp-content\\\/uploads\\\/2023\\\/06\\\/20211119205111672139_FDHOYrdWEAcvnls_1.jpg?fit=683%2C900&ssl=1\",\"articleSection\":[\"Politique\"],\"inLanguage\":\"fr-FR\",\"potentialAction\":[{\"@type\":\"CommentAction\",\"name\":\"Comment\",\"target\":[\"https:\\\/\\\/infos-droitshumains.net\\\/?p=7396#respond\"]}]},{\"@type\":\"WebPage\",\"@id\":\"https:\\\/\\\/infos-droitshumains.net\\\/?p=7396\",\"url\":\"https:\\\/\\\/infos-droitshumains.net\\\/?p=7396\",\"name\":\"Processus \u00e9lectoral : Denis Kadima face \u00e0 l\u2019opposition pour aplanir les divergences - Infos Droits Humains\",\"isPartOf\":{\"@id\":\"https:\\\/\\\/infos-droitshumains.net\\\/#website\"},\"primaryImageOfPage\":{\"@id\":\"https:\\\/\\\/infos-droitshumains.net\\\/?p=7396#primaryimage\"},\"image\":{\"@id\":\"https:\\\/\\\/infos-droitshumains.net\\\/?p=7396#primaryimage\"},\"thumbnailUrl\":\"https:\\\/\\\/i0.wp.com\\\/infos-droitshumains.net\\\/wp-content\\\/uploads\\\/2023\\\/06\\\/20211119205111672139_FDHOYrdWEAcvnls_1.jpg?fit=683%2C900&ssl=1\",\"datePublished\":\"2023-06-29T22:13:14+00:00\",\"dateModified\":\"2023-06-29T22:24:57+00:00\",\"breadcrumb\":{\"@id\":\"https:\\\/\\\/infos-droitshumains.net\\\/?p=7396#breadcrumb\"},\"inLanguage\":\"fr-FR\",\"potentialAction\":[{\"@type\":\"ReadAction\",\"target\":[\"https:\\\/\\\/infos-droitshumains.net\\\/?p=7396\"]}]},{\"@type\":\"ImageObject\",\"inLanguage\":\"fr-FR\",\"@id\":\"https:\\\/\\\/infos-droitshumains.net\\\/?p=7396#primaryimage\",\"url\":\"https:\\\/\\\/i0.wp.com\\\/infos-droitshumains.net\\\/wp-content\\\/uploads\\\/2023\\\/06\\\/20211119205111672139_FDHOYrdWEAcvnls_1.jpg?fit=683%2C900&ssl=1\",\"contentUrl\":\"https:\\\/\\\/i0.wp.com\\\/infos-droitshumains.net\\\/wp-content\\\/uploads\\\/2023\\\/06\\\/20211119205111672139_FDHOYrdWEAcvnls_1.jpg?fit=683%2C900&ssl=1\",\"width\":683,\"height\":900},{\"@type\":\"BreadcrumbList\",\"@id\":\"https:\\\/\\\/infos-droitshumains.net\\\/?p=7396#breadcrumb\",\"itemListElement\":[{\"@type\":\"ListItem\",\"position\":1,\"name\":\"Accueil\",\"item\":\"https:\\\/\\\/infos-droitshumains.net\\\/\"},{\"@type\":\"ListItem\",\"position\":2,\"name\":\"Processus \u00e9lectoral : Denis Kadima face \u00e0 l\u2019opposition pour aplanir les divergences\"}]},{\"@type\":\"WebSite\",\"@id\":\"https:\\\/\\\/infos-droitshumains.net\\\/#website\",\"url\":\"https:\\\/\\\/infos-droitshumains.net\\\/\",\"name\":\"Infos Droits Humains\",\"description\":\"S&#039;informer est un droit\",\"publisher\":{\"@id\":\"https:\\\/\\\/infos-droitshumains.net\\\/#organization\"},\"potentialAction\":[{\"@type\":\"SearchAction\",\"target\":{\"@type\":\"EntryPoint\",\"urlTemplate\":\"https:\\\/\\\/infos-droitshumains.net\\\/?s={search_term_string}\"},\"query-input\":{\"@type\":\"PropertyValueSpecification\",\"valueRequired\":true,\"valueName\":\"search_term_string\"}}],\"inLanguage\":\"fr-FR\"},{\"@type\":\"Organization\",\"@id\":\"https:\\\/\\\/infos-droitshumains.net\\\/#organization\",\"name\":\"Infos Droits Humains\",\"url\":\"https:\\\/\\\/infos-droitshumains.net\\\/\",\"logo\":{\"@type\":\"ImageObject\",\"inLanguage\":\"fr-FR\",\"@id\":\"https:\\\/\\\/infos-droitshumains.net\\\/#\\\/schema\\\/logo\\\/image\\\/\",\"url\":\"https:\\\/\\\/i0.wp.com\\\/infos-droitshumains.net\\\/wp-content\\\/uploads\\\/2022\\\/05\\\/Logo.png?fit=333%2C129&ssl=1\",\"contentUrl\":\"https:\\\/\\\/i0.wp.com\\\/infos-droitshumains.net\\\/wp-content\\\/uploads\\\/2022\\\/05\\\/Logo.png?fit=333%2C129&ssl=1\",\"width\":333,\"height\":129,\"caption\":\"Infos Droits Humains\"},\"image\":{\"@id\":\"https:\\\/\\\/infos-droitshumains.net\\\/#\\\/schema\\\/logo\\\/image\\\/\"}},{\"@type\":\"Person\",\"@id\":\"https:\\\/\\\/infos-droitshumains.net\\\/#\\\/schema\\\/person\\\/3dc5e921c3302172e0ed4362f96faab7\",\"name\":\"Jo\u00ebl Diawa\",\"image\":{\"@type\":\"ImageObject\",\"inLanguage\":\"fr-FR\",\"@id\":\"https:\\\/\\\/secure.gravatar.com\\\/avatar\\\/729bea6ff4604c624417803c477363be8e3c7186deaa65713313f9b4b820f41c?s=96&d=mm&r=g\",\"url\":\"https:\\\/\\\/secure.gravatar.com\\\/avatar\\\/729bea6ff4604c624417803c477363be8e3c7186deaa65713313f9b4b820f41c?s=96&d=mm&r=g\",\"contentUrl\":\"https:\\\/\\\/secure.gravatar.com\\\/avatar\\\/729bea6ff4604c624417803c477363be8e3c7186deaa65713313f9b4b820f41c?s=96&d=mm&r=g\",\"caption\":\"Jo\u00ebl Diawa\"},\"sameAs\":[\"https:\\\/\\\/www.infos-droitshumains.net\"],\"url\":\"https:\\\/\\\/infos-droitshumains.net\\\/?author=2\"}]}<\/script>\n<!-- \/ Yoast SEO plugin. -->","yoast_head_json":{"title":"Processus \u00e9lectoral : Denis Kadima face \u00e0 l\u2019opposition pour aplanir les divergences - Infos Droits Humains","robots":{"index":"index","follow":"follow","max-snippet":"max-snippet:-1","max-image-preview":"max-image-preview:large","max-video-preview":"max-video-preview:-1"},"canonical":"https:\/\/infos-droitshumains.net\/?p=7396","og_locale":"fr_FR","og_type":"article","og_title":"Processus \u00e9lectoral : Denis Kadima face \u00e0 l\u2019opposition pour aplanir les divergences - Infos Droits Humains","og_description":"R\u00e9daction :+243817406088 En marge de la convocation de l\u2019\u00e9lectorat pour la d\u00e9putation nationale, le Pr\u00e9sident...","og_url":"https:\/\/infos-droitshumains.net\/?p=7396","og_site_name":"Infos Droits Humains","article_published_time":"2023-06-29T22:13:14+00:00","article_modified_time":"2023-06-29T22:24:57+00:00","og_image":[{"width":683,"height":900,"url":"https:\/\/infos-droitshumains.net\/wp-content\/uploads\/2023\/06\/20211119205111672139_FDHOYrdWEAcvnls_1.jpg","type":"image\/jpeg"}],"author":"Jo\u00ebl Diawa","twitter_card":"summary_large_image","twitter_misc":{"\u00c9crit par":"Jo\u00ebl Diawa","Dur\u00e9e de lecture estim\u00e9e":"1 minute"},"schema":{"@context":"https:\/\/schema.org","@graph":[{"@type":"Article","@id":"https:\/\/infos-droitshumains.net\/?p=7396#article","isPartOf":{"@id":"https:\/\/infos-droitshumains.net\/?p=7396"},"author":{"name":"Jo\u00ebl Diawa","@id":"https:\/\/infos-droitshumains.net\/#\/schema\/person\/3dc5e921c3302172e0ed4362f96faab7"},"headline":"Processus \u00e9lectoral : Denis Kadima face \u00e0 l\u2019opposition pour aplanir les divergences","datePublished":"2023-06-29T22:13:14+00:00","dateModified":"2023-06-29T22:24:57+00:00","mainEntityOfPage":{"@id":"https:\/\/infos-droitshumains.net\/?p=7396"},"wordCount":224,"commentCount":0,"publisher":{"@id":"https:\/\/infos-droitshumains.net\/#organization"},"image":{"@id":"https:\/\/infos-droitshumains.net\/?p=7396#primaryimage"},"thumbnailUrl":"https:\/\/i0.wp.com\/infos-droitshumains.net\/wp-content\/uploads\/2023\/06\/20211119205111672139_FDHOYrdWEAcvnls_1.jpg?fit=683%2C900&ssl=1","articleSection":["Politique"],"inLanguage":"fr-FR","potentialAction":[{"@type":"CommentAction","name":"Comment","target":["https:\/\/infos-droitshumains.net\/?p=7396#respond"]}]},{"@type":"WebPage","@id":"https:\/\/infos-droitshumains.net\/?p=7396","url":"https:\/\/infos-droitshumains.net\/?p=7396","name":"Processus \u00e9lectoral : Denis Kadima face \u00e0 l\u2019opposition pour aplanir les divergences - Infos Droits Humains","isPartOf":{"@id":"https:\/\/infos-droitshumains.net\/#website"},"primaryImageOfPage":{"@id":"https:\/\/infos-droitshumains.net\/?p=7396#primaryimage"},"image":{"@id":"https:\/\/infos-droitshumains.net\/?p=7396#primaryimage"},"thumbnailUrl":"https:\/\/i0.wp.com\/infos-droitshumains.net\/wp-content\/uploads\/2023\/06\/20211119205111672139_FDHOYrdWEAcvnls_1.jpg?fit=683%2C900&ssl=1","datePublished":"2023-06-29T22:13:14+00:00","dateModified":"2023-06-29T22:24:57+00:00","breadcrumb":{"@id":"https:\/\/infos-droitshumains.net\/?p=7396#breadcrumb"},"inLanguage":"fr-FR","potentialAction":[{"@type":"ReadAction","target":["https:\/\/infos-droitshumains.net\/?p=7396"]}]},{"@type":"ImageObject","inLanguage":"fr-FR","@id":"https:\/\/infos-droitshumains.net\/?p=7396#primaryimage","url":"https:\/\/i0.wp.com\/infos-droitshumains.net\/wp-content\/uploads\/2023\/06\/20211119205111672139_FDHOYrdWEAcvnls_1.jpg?fit=683%2C900&ssl=1","contentUrl":"https:\/\/i0.wp.com\/infos-droitshumains.net\/wp-content\/uploads\/2023\/06\/20211119205111672139_FDHOYrdWEAcvnls_1.jpg?fit=683%2C900&ssl=1","width":683,"height":900},{"@type":"BreadcrumbList","@id":"https:\/\/infos-droitshumains.net\/?p=7396#breadcrumb","itemListElement":[{"@type":"ListItem","position":1,"name":"Accueil","item":"https:\/\/infos-droitshumains.net\/"},{"@type":"ListItem","position":2,"name":"Processus \u00e9lectoral : Denis Kadima face \u00e0 l\u2019opposition pour aplanir les divergences"}]},{"@type":"WebSite","@id":"https:\/\/infos-droitshumains.net\/#website","url":"https:\/\/infos-droitshumains.net\/","name":"Infos Droits Humains","description":"S&#039;informer est un droit","publisher":{"@id":"https:\/\/infos-droitshumains.net\/#organization"},"potentialAction":[{"@type":"SearchAction","target":{"@type":"EntryPoint","urlTemplate":"https:\/\/infos-droitshumains.net\/?s={search_term_string}"},"query-input":{"@type":"PropertyValueSpecification","valueRequired":true,"valueName":"search_term_string"}}],"inLanguage":"fr-FR"},{"@type":"Organization","@id":"https:\/\/infos-droitshumains.net\/#organization","name":"Infos Droits Humains","url":"https:\/\/infos-droitshumains.net\/","logo":{"@type":"ImageObject","inLanguage":"fr-FR","@id":"https:\/\/infos-droitshumains.net\/#\/schema\/logo\/image\/","url":"https:\/\/i0.wp.com\/infos-droitshumains.net\/wp-content\/uploads\/2022\/05\/Logo.png?fit=333%2C129&ssl=1","contentUrl":"https:\/\/i0.wp.com\/infos-droitshumains.net\/wp-content\/uploads\/2022\/05\/Logo.png?fit=333%2C129&ssl=1","width":333,"height":129,"caption":"Infos Droits Humains"},"image":{"@id":"https:\/\/infos-droitshumains.net\/#\/schema\/logo\/image\/"}},{"@type":"Person","@id":"https:\/\/infos-droitshumains.net\/#\/schema\/person\/3dc5e921c3302172e0ed4362f96faab7","name":"Jo\u00ebl Diawa","image":{"@type":"ImageObject","inLanguage":"fr-FR","@id":"https:\/\/secure.gravatar.com\/avatar\/729bea6ff4604c624417803c477363be8e3c7186deaa65713313f9b4b820f41c?s=96&d=mm&r=g","url":"https:\/\/secure.gravatar.com\/avatar\/729bea6ff4604c624417803c477363be8e3c7186deaa65713313f9b4b820f41c?s=96&d=mm&r=g","contentUrl":"https:\/\/secure.gravatar.com\/avatar\/729bea6ff4604c624417803c477363be8e3c7186deaa65713313f9b4b820f41c?s=96&d=mm&r=g","caption":"Jo\u00ebl Diawa"},"sameAs":["https:\/\/www.infos-droitshumains.net"],"url":"https:\/\/infos-droitshumains.net\/?author=2"}]}},"featured_image_urls":{"full":["https:\/\/i0.wp.com\/infos-droitshumains.net\/wp-content\/uploads\/2023\/06\/20211119205111672139_FDHOYrdWEAcvnls_1.jpg?fit=683%2C900&ssl=1",683,900,false],"thumbnail":["https:\/\/i0.wp.com\/infos-droitshumains.net\/wp-content\/uploads\/2023\/06\/20211119205111672139_FDHOYrdWEAcvnls_1.jpg?resize=150%2C150&ssl=1",150,150,true],"medium":["https:\/\/i0.wp.com\/infos-droitshumains.net\/wp-content\/uploads\/2023\/06\/20211119205111672139_FDHOYrdWEAcvnls_1.jpg?fit=228%2C300&ssl=1",228,300,true],"medium_large":["https:\/\/i0.wp.com\/infos-droitshumains.net\/wp-content\/uploads\/2023\/06\/20211119205111672139_FDHOYrdWEAcvnls_1.jpg?fit=640%2C843&ssl=1",640,843,true],"large":["https:\/\/i0.wp.com\/infos-droitshumains.net\/wp-content\/uploads\/2023\/06\/20211119205111672139_FDHOYrdWEAcvnls_1.jpg?fit=640%2C843&ssl=1",640,843,true],"1536x1536":["https:\/\/i0.wp.com\/infos-droitshumains.net\/wp-content\/uploads\/2023\/06\/20211119205111672139_FDHOYrdWEAcvnls_1.jpg?fit=683%2C900&ssl=1",683,900,true],"2048x2048":["https:\/\/i0.wp.com\/infos-droitshumains.net\/wp-content\/uploads\/2023\/06\/20211119205111672139_FDHOYrdWEAcvnls_1.jpg?fit=683%2C900&ssl=1",683,900,true],"covernews-slider-full":["https:\/\/i0.wp.com\/infos-droitshumains.net\/wp-content\/uploads\/2023\/06\/20211119205111672139_FDHOYrdWEAcvnls_1.jpg?resize=683%2C715&ssl=1",683,715,true],"covernews-slider-center":["https:\/\/i0.wp.com\/infos-droitshumains.net\/wp-content\/uploads\/2023\/06\/20211119205111672139_FDHOYrdWEAcvnls_1.jpg?resize=683%2C500&ssl=1",683,500,true],"covernews-featured":["https:\/\/i0.wp.com\/infos-droitshumains.net\/wp-content\/uploads\/2023\/06\/20211119205111672139_FDHOYrdWEAcvnls_1.jpg?fit=683%2C900&ssl=1",683,900,true],"covernews-medium":["https:\/\/i0.wp.com\/infos-droitshumains.net\/wp-content\/uploads\/2023\/06\/20211119205111672139_FDHOYrdWEAcvnls_1.jpg?resize=540%2C340&ssl=1",540,340,true],"covernews-medium-square":["https:\/\/i0.wp.com\/infos-droitshumains.net\/wp-content\/uploads\/2023\/06\/20211119205111672139_FDHOYrdWEAcvnls_1.jpg?resize=400%2C250&ssl=1",400,250,true]},"author_info":{"display_name":"Jo\u00ebl Diawa","author_link":"https:\/\/infos-droitshumains.net\/?author=2"},"category_info":"<a href=\"https:\/\/infos-droitshumains.net\/?cat=3\" rel=\"category\">Politique<\/a>","tag_info":"Politique","comment_count":"0","jetpack_featured_media_url":"https:\/\/i0.wp.com\/infos-droitshumains.net\/wp-content\/uploads\/2023\/06\/20211119205111672139_FDHOYrdWEAcvnls_1.jpg?fit=683%2C900&ssl=1","jetpack-related-posts":[],"jetpack_sharing_enabled":true,"_links":{"self":[{"href":"https:\/\/infos-droitshumains.net\/index.php?rest_route=\/wp\/v2\/posts\/7396","targetHints":{"allow":["GET"]}}],"collection":[{"href":"https:\/\/infos-droitshumains.net\/index.php?rest_route=\/wp\/v2\/posts"}],"about":[{"href":"https:\/\/infos-droitshumains.net\/index.php?rest_route=\/wp\/v2\/types\/post"}],"author":[{"embeddable":true,"href":"https:\/\/infos-droitshumains.net\/index.php?rest_route=\/wp\/v2\/users\/2"}],"replies":[{"embeddable":true,"href":"https:\/\/infos-droitshumains.net\/index.php?rest_route=%2Fwp%2Fv2%2Fcomments&post=7396"}],"version-history":[{"count":2,"href":"https:\/\/infos-droitshumains.net\/index.php?rest_route=\/wp\/v2\/posts\/7396\/revisions"}],"predecessor-version":[{"id":7398,"href":"https:\/\/infos-droitshumains.net\/index.php?rest_route=\/wp\/v2\/posts\/7396\/revisions\/7398"}],"wp:featuredmedia":[{"embeddable":true,"href":"https:\/\/infos-droitshumains.net\/index.php?rest_route=\/wp\/v2\/media\/7400"}],"wp:attachment":[{"href":"https:\/\/infos-droitshumains.net\/index.php?rest_route=%2Fwp%2Fv2%2Fmedia&parent=7396"}],"wp:term":[{"taxonomy":"category","embeddable":true,"href":"https:\/\/infos-droitshumains.net\/index.php?rest_route=%2Fwp%2Fv2%2Fcategories&post=7396"},{"taxonomy":"post_tag","embeddable":true,"href":"https:\/\/infos-droitshumains.net\/index.php?rest_route=%2Fwp%2Fv2%2Ftags&post=7396"}],"curies":[{"name":"wp","href":"https:\/\/api.w.org\/{rel}","templated":true}]}}