{"id":7387,"date":"2023-06-27T20:19:49","date_gmt":"2023-06-27T18:19:49","guid":{"rendered":"https:\/\/infos-droitshumains.net\/?p=7387"},"modified":"2023-06-27T20:19:52","modified_gmt":"2023-06-27T18:19:52","slug":"rdc-soutien-aux-victimes-de-torture-laudf-rappelle-la-necessite-du-respect-des-droits-de-lhomme-pour-la-dignite-humaine","status":"publish","type":"post","link":"https:\/\/infos-droitshumains.net\/?p=7387","title":{"rendered":"RDC\u00a0: Soutien aux victimes de torture, l&rsquo;AUDF rappelle la n\u00e9cessit\u00e9 du respect des droits de l&rsquo;homme pour la dignit\u00e9 humaine"},"content":{"rendered":"\n<p><strong>R\u00e9daction :+243817406088<\/strong><\/p>\n\n\n\n<h4 class=\"wp-block-heading has-vivid-red-color has-text-color\">Chaque 26 juin, l\u2019humanit\u00e9 c\u00e9l\u00e8bre la journ\u00e9e internationale de soutien aux victimes de torture. En R\u00e9publique D\u00e9mocratique du Congo, une c\u00e9r\u00e9monie solennelle a \u00e9t\u00e9 organis\u00e9e \u00e0 cette occasion et a connu la participation des acteurs impliqu\u00e9s dans la lutte contre la torture notamment l&rsquo;Alliance pour l&rsquo;Universalit\u00e9 des Droits Fondamentaux (AUDF).<\/h4>\n\n\n\n<p>A en croire son pr\u00e9sident, cette c\u00e9l\u00e9bration \u00e9tait une v\u00e9ritable <em>\u00ab&nbsp;comm\u00e9moration o\u00f9 on a fourni un effort de rappeler l&rsquo;interdiction absolue de la torture telle qu&rsquo;elle est d\u00e9finie aux articles 16 et 61 de la constitution et la loi criminalisant la torture&nbsp;\u00bb.<\/em><\/p>\n\n\n\n<p>Pour Me. Henry Wembolua, cette journ\u00e9e n&rsquo;est pas que consacr\u00e9e pour la lutte contre la torture, mais \u00e9galement une occasion de sensibilisation sur le respect de tous les droits de l&rsquo;homme.<\/p>\n\n\n\n<p><em>\u00ab&nbsp;C&rsquo;est aussi le rappel pour que toutes les violations des droits de l&rsquo;homme cessent et que tout le monde puisse vivre en toute dignit\u00e9 en RDC&nbsp;\u00bb<\/em>, a-t-il dit.<\/p>\n\n\n\n<p>La soci\u00e9t\u00e9 civile dont fait partie l&rsquo;AUDF a, au cours de la c\u00e9r\u00e9monie, peint un tableau sombre de la situation de la torture en RDC. Elle dit observer la recrudescence des actes de torture et des peines ou traitements cruels et d\u00e9gradants perp\u00e9tr\u00e9s dans les zones des conflits arm\u00e9s, pendant les manifestations politiques et dans des lieux privatifs de libert\u00e9.<\/p>\n\n\n\n<p>Face \u00e0 cette situation pr\u00e9occupante, la soci\u00e9t\u00e9 civile a invit\u00e9 l&rsquo;\u00e9tat congolais de prendre des mesures efficaces pour lutter contre la torture.<\/p>\n\n\n\n<p>AM<\/p>\n","protected":false},"excerpt":{"rendered":"<p>R\u00e9daction :+243817406088 Chaque 26 juin, l\u2019humanit\u00e9 c\u00e9l\u00e8bre la journ\u00e9e internationale de soutien aux victimes de&#8230;<\/p>\n","protected":false},"author":2,"featured_media":7388,"comment_status":"open","ping_status":"open","sticky":false,"template":"","format":"standard","meta":{"_jetpack_memberships_contains_paid_content":false,"footnotes":""},"categories":[7],"tags":[],"class_list":["post-7387","post","type-post","status-publish","format-standard","has-post-thumbnail","hentry","category-droits-humains"],"yoast_head":"<!-- This site is optimized with the Yoast SEO plugin v27.5 - https:\/\/yoast.com\/product\/yoast-seo-wordpress\/ -->\n<title>RDC\u00a0: Soutien aux victimes de torture, l&#039;AUDF rappelle la n\u00e9cessit\u00e9 du respect des droits de l&#039;homme pour la dignit\u00e9 humaine - Infos Droits Humains<\/title>\n<meta name=\"robots\" content=\"index, follow, max-snippet:-1, max-image-preview:large, max-video-preview:-1\" \/>\n<link rel=\"canonical\" href=\"https:\/\/infos-droitshumains.net\/?p=7387\" \/>\n<meta property=\"og:locale\" content=\"fr_FR\" \/>\n<meta property=\"og:type\" content=\"article\" \/>\n<meta property=\"og:title\" content=\"RDC\u00a0: Soutien aux victimes de torture, l&#039;AUDF rappelle la n\u00e9cessit\u00e9 du respect des droits de l&#039;homme pour la dignit\u00e9 humaine - Infos Droits Humains\" \/>\n<meta property=\"og:description\" content=\"R\u00e9daction :+243817406088 Chaque 26 juin, l\u2019humanit\u00e9 c\u00e9l\u00e8bre la journ\u00e9e internationale de soutien aux victimes de...\" \/>\n<meta property=\"og:url\" content=\"https:\/\/infos-droitshumains.net\/?p=7387\" \/>\n<meta property=\"og:site_name\" content=\"Infos Droits Humains\" \/>\n<meta property=\"article:published_time\" content=\"2023-06-27T18:19:49+00:00\" \/>\n<meta property=\"article:modified_time\" content=\"2023-06-27T18:19:52+00:00\" \/>\n<meta property=\"og:image\" content=\"https:\/\/infos-droitshumains.net\/wp-content\/uploads\/2023\/06\/IMG-20230627-WA0007.jpg\" \/>\n\t<meta property=\"og:image:width\" content=\"720\" \/>\n\t<meta property=\"og:image:height\" content=\"509\" \/>\n\t<meta property=\"og:image:type\" content=\"image\/jpeg\" \/>\n<meta name=\"author\" content=\"Jo\u00ebl Diawa\" \/>\n<meta name=\"twitter:card\" content=\"summary_large_image\" \/>\n<meta name=\"twitter:label1\" content=\"\u00c9crit par\" \/>\n\t<meta name=\"twitter:data1\" content=\"Jo\u00ebl Diawa\" \/>\n\t<meta name=\"twitter:label2\" content=\"Dur\u00e9e de lecture estim\u00e9e\" \/>\n\t<meta name=\"twitter:data2\" content=\"2 minutes\" \/>\n<script type=\"application\/ld+json\" class=\"yoast-schema-graph\">{\"@context\":\"https:\\\/\\\/schema.org\",\"@graph\":[{\"@type\":\"Article\",\"@id\":\"https:\\\/\\\/infos-droitshumains.net\\\/?p=7387#article\",\"isPartOf\":{\"@id\":\"https:\\\/\\\/infos-droitshumains.net\\\/?p=7387\"},\"author\":{\"name\":\"Jo\u00ebl Diawa\",\"@id\":\"https:\\\/\\\/infos-droitshumains.net\\\/#\\\/schema\\\/person\\\/3dc5e921c3302172e0ed4362f96faab7\"},\"headline\":\"RDC\u00a0: Soutien aux victimes de torture, l&rsquo;AUDF rappelle la n\u00e9cessit\u00e9 du respect des droits de l&rsquo;homme pour la dignit\u00e9 humaine\",\"datePublished\":\"2023-06-27T18:19:49+00:00\",\"dateModified\":\"2023-06-27T18:19:52+00:00\",\"mainEntityOfPage\":{\"@id\":\"https:\\\/\\\/infos-droitshumains.net\\\/?p=7387\"},\"wordCount\":284,\"commentCount\":0,\"publisher\":{\"@id\":\"https:\\\/\\\/infos-droitshumains.net\\\/#organization\"},\"image\":{\"@id\":\"https:\\\/\\\/infos-droitshumains.net\\\/?p=7387#primaryimage\"},\"thumbnailUrl\":\"https:\\\/\\\/i0.wp.com\\\/infos-droitshumains.net\\\/wp-content\\\/uploads\\\/2023\\\/06\\\/IMG-20230627-WA0007.jpg?fit=720%2C509&ssl=1\",\"articleSection\":[\"Droits Humains\"],\"inLanguage\":\"fr-FR\",\"potentialAction\":[{\"@type\":\"CommentAction\",\"name\":\"Comment\",\"target\":[\"https:\\\/\\\/infos-droitshumains.net\\\/?p=7387#respond\"]}]},{\"@type\":\"WebPage\",\"@id\":\"https:\\\/\\\/infos-droitshumains.net\\\/?p=7387\",\"url\":\"https:\\\/\\\/infos-droitshumains.net\\\/?p=7387\",\"name\":\"RDC\u00a0: Soutien aux victimes de torture, l'AUDF rappelle la n\u00e9cessit\u00e9 du respect des droits de l'homme pour la dignit\u00e9 humaine - Infos Droits Humains\",\"isPartOf\":{\"@id\":\"https:\\\/\\\/infos-droitshumains.net\\\/#website\"},\"primaryImageOfPage\":{\"@id\":\"https:\\\/\\\/infos-droitshumains.net\\\/?p=7387#primaryimage\"},\"image\":{\"@id\":\"https:\\\/\\\/infos-droitshumains.net\\\/?p=7387#primaryimage\"},\"thumbnailUrl\":\"https:\\\/\\\/i0.wp.com\\\/infos-droitshumains.net\\\/wp-content\\\/uploads\\\/2023\\\/06\\\/IMG-20230627-WA0007.jpg?fit=720%2C509&ssl=1\",\"datePublished\":\"2023-06-27T18:19:49+00:00\",\"dateModified\":\"2023-06-27T18:19:52+00:00\",\"breadcrumb\":{\"@id\":\"https:\\\/\\\/infos-droitshumains.net\\\/?p=7387#breadcrumb\"},\"inLanguage\":\"fr-FR\",\"potentialAction\":[{\"@type\":\"ReadAction\",\"target\":[\"https:\\\/\\\/infos-droitshumains.net\\\/?p=7387\"]}]},{\"@type\":\"ImageObject\",\"inLanguage\":\"fr-FR\",\"@id\":\"https:\\\/\\\/infos-droitshumains.net\\\/?p=7387#primaryimage\",\"url\":\"https:\\\/\\\/i0.wp.com\\\/infos-droitshumains.net\\\/wp-content\\\/uploads\\\/2023\\\/06\\\/IMG-20230627-WA0007.jpg?fit=720%2C509&ssl=1\",\"contentUrl\":\"https:\\\/\\\/i0.wp.com\\\/infos-droitshumains.net\\\/wp-content\\\/uploads\\\/2023\\\/06\\\/IMG-20230627-WA0007.jpg?fit=720%2C509&ssl=1\",\"width\":720,\"height\":509},{\"@type\":\"BreadcrumbList\",\"@id\":\"https:\\\/\\\/infos-droitshumains.net\\\/?p=7387#breadcrumb\",\"itemListElement\":[{\"@type\":\"ListItem\",\"position\":1,\"name\":\"Accueil\",\"item\":\"https:\\\/\\\/infos-droitshumains.net\\\/\"},{\"@type\":\"ListItem\",\"position\":2,\"name\":\"RDC\u00a0: Soutien aux victimes de torture, l&rsquo;AUDF rappelle la n\u00e9cessit\u00e9 du respect des droits de l&rsquo;homme pour la dignit\u00e9 humaine\"}]},{\"@type\":\"WebSite\",\"@id\":\"https:\\\/\\\/infos-droitshumains.net\\\/#website\",\"url\":\"https:\\\/\\\/infos-droitshumains.net\\\/\",\"name\":\"Infos Droits Humains\",\"description\":\"S&#039;informer est un droit\",\"publisher\":{\"@id\":\"https:\\\/\\\/infos-droitshumains.net\\\/#organization\"},\"potentialAction\":[{\"@type\":\"SearchAction\",\"target\":{\"@type\":\"EntryPoint\",\"urlTemplate\":\"https:\\\/\\\/infos-droitshumains.net\\\/?s={search_term_string}\"},\"query-input\":{\"@type\":\"PropertyValueSpecification\",\"valueRequired\":true,\"valueName\":\"search_term_string\"}}],\"inLanguage\":\"fr-FR\"},{\"@type\":\"Organization\",\"@id\":\"https:\\\/\\\/infos-droitshumains.net\\\/#organization\",\"name\":\"Infos Droits Humains\",\"url\":\"https:\\\/\\\/infos-droitshumains.net\\\/\",\"logo\":{\"@type\":\"ImageObject\",\"inLanguage\":\"fr-FR\",\"@id\":\"https:\\\/\\\/infos-droitshumains.net\\\/#\\\/schema\\\/logo\\\/image\\\/\",\"url\":\"https:\\\/\\\/i0.wp.com\\\/infos-droitshumains.net\\\/wp-content\\\/uploads\\\/2022\\\/05\\\/Logo.png?fit=333%2C129&ssl=1\",\"contentUrl\":\"https:\\\/\\\/i0.wp.com\\\/infos-droitshumains.net\\\/wp-content\\\/uploads\\\/2022\\\/05\\\/Logo.png?fit=333%2C129&ssl=1\",\"width\":333,\"height\":129,\"caption\":\"Infos Droits Humains\"},\"image\":{\"@id\":\"https:\\\/\\\/infos-droitshumains.net\\\/#\\\/schema\\\/logo\\\/image\\\/\"}},{\"@type\":\"Person\",\"@id\":\"https:\\\/\\\/infos-droitshumains.net\\\/#\\\/schema\\\/person\\\/3dc5e921c3302172e0ed4362f96faab7\",\"name\":\"Jo\u00ebl Diawa\",\"image\":{\"@type\":\"ImageObject\",\"inLanguage\":\"fr-FR\",\"@id\":\"https:\\\/\\\/secure.gravatar.com\\\/avatar\\\/729bea6ff4604c624417803c477363be8e3c7186deaa65713313f9b4b820f41c?s=96&d=mm&r=g\",\"url\":\"https:\\\/\\\/secure.gravatar.com\\\/avatar\\\/729bea6ff4604c624417803c477363be8e3c7186deaa65713313f9b4b820f41c?s=96&d=mm&r=g\",\"contentUrl\":\"https:\\\/\\\/secure.gravatar.com\\\/avatar\\\/729bea6ff4604c624417803c477363be8e3c7186deaa65713313f9b4b820f41c?s=96&d=mm&r=g\",\"caption\":\"Jo\u00ebl Diawa\"},\"sameAs\":[\"https:\\\/\\\/www.infos-droitshumains.net\"],\"url\":\"https:\\\/\\\/infos-droitshumains.net\\\/?author=2\"}]}<\/script>\n<!-- \/ Yoast SEO plugin. -->","yoast_head_json":{"title":"RDC\u00a0: Soutien aux victimes de torture, l'AUDF rappelle la n\u00e9cessit\u00e9 du respect des droits de l'homme pour la dignit\u00e9 humaine - Infos Droits Humains","robots":{"index":"index","follow":"follow","max-snippet":"max-snippet:-1","max-image-preview":"max-image-preview:large","max-video-preview":"max-video-preview:-1"},"canonical":"https:\/\/infos-droitshumains.net\/?p=7387","og_locale":"fr_FR","og_type":"article","og_title":"RDC\u00a0: Soutien aux victimes de torture, l'AUDF rappelle la n\u00e9cessit\u00e9 du respect des droits de l'homme pour la dignit\u00e9 humaine - Infos Droits Humains","og_description":"R\u00e9daction :+243817406088 Chaque 26 juin, l\u2019humanit\u00e9 c\u00e9l\u00e8bre la journ\u00e9e internationale de soutien aux victimes de...","og_url":"https:\/\/infos-droitshumains.net\/?p=7387","og_site_name":"Infos Droits Humains","article_published_time":"2023-06-27T18:19:49+00:00","article_modified_time":"2023-06-27T18:19:52+00:00","og_image":[{"width":720,"height":509,"url":"https:\/\/infos-droitshumains.net\/wp-content\/uploads\/2023\/06\/IMG-20230627-WA0007.jpg","type":"image\/jpeg"}],"author":"Jo\u00ebl Diawa","twitter_card":"summary_large_image","twitter_misc":{"\u00c9crit par":"Jo\u00ebl Diawa","Dur\u00e9e de lecture estim\u00e9e":"2 minutes"},"schema":{"@context":"https:\/\/schema.org","@graph":[{"@type":"Article","@id":"https:\/\/infos-droitshumains.net\/?p=7387#article","isPartOf":{"@id":"https:\/\/infos-droitshumains.net\/?p=7387"},"author":{"name":"Jo\u00ebl Diawa","@id":"https:\/\/infos-droitshumains.net\/#\/schema\/person\/3dc5e921c3302172e0ed4362f96faab7"},"headline":"RDC\u00a0: Soutien aux victimes de torture, l&rsquo;AUDF rappelle la n\u00e9cessit\u00e9 du respect des droits de l&rsquo;homme pour la dignit\u00e9 humaine","datePublished":"2023-06-27T18:19:49+00:00","dateModified":"2023-06-27T18:19:52+00:00","mainEntityOfPage":{"@id":"https:\/\/infos-droitshumains.net\/?p=7387"},"wordCount":284,"commentCount":0,"publisher":{"@id":"https:\/\/infos-droitshumains.net\/#organization"},"image":{"@id":"https:\/\/infos-droitshumains.net\/?p=7387#primaryimage"},"thumbnailUrl":"https:\/\/i0.wp.com\/infos-droitshumains.net\/wp-content\/uploads\/2023\/06\/IMG-20230627-WA0007.jpg?fit=720%2C509&ssl=1","articleSection":["Droits Humains"],"inLanguage":"fr-FR","potentialAction":[{"@type":"CommentAction","name":"Comment","target":["https:\/\/infos-droitshumains.net\/?p=7387#respond"]}]},{"@type":"WebPage","@id":"https:\/\/infos-droitshumains.net\/?p=7387","url":"https:\/\/infos-droitshumains.net\/?p=7387","name":"RDC\u00a0: Soutien aux victimes de torture, l'AUDF rappelle la n\u00e9cessit\u00e9 du respect des droits de l'homme pour la dignit\u00e9 humaine - Infos Droits Humains","isPartOf":{"@id":"https:\/\/infos-droitshumains.net\/#website"},"primaryImageOfPage":{"@id":"https:\/\/infos-droitshumains.net\/?p=7387#primaryimage"},"image":{"@id":"https:\/\/infos-droitshumains.net\/?p=7387#primaryimage"},"thumbnailUrl":"https:\/\/i0.wp.com\/infos-droitshumains.net\/wp-content\/uploads\/2023\/06\/IMG-20230627-WA0007.jpg?fit=720%2C509&ssl=1","datePublished":"2023-06-27T18:19:49+00:00","dateModified":"2023-06-27T18:19:52+00:00","breadcrumb":{"@id":"https:\/\/infos-droitshumains.net\/?p=7387#breadcrumb"},"inLanguage":"fr-FR","potentialAction":[{"@type":"ReadAction","target":["https:\/\/infos-droitshumains.net\/?p=7387"]}]},{"@type":"ImageObject","inLanguage":"fr-FR","@id":"https:\/\/infos-droitshumains.net\/?p=7387#primaryimage","url":"https:\/\/i0.wp.com\/infos-droitshumains.net\/wp-content\/uploads\/2023\/06\/IMG-20230627-WA0007.jpg?fit=720%2C509&ssl=1","contentUrl":"https:\/\/i0.wp.com\/infos-droitshumains.net\/wp-content\/uploads\/2023\/06\/IMG-20230627-WA0007.jpg?fit=720%2C509&ssl=1","width":720,"height":509},{"@type":"BreadcrumbList","@id":"https:\/\/infos-droitshumains.net\/?p=7387#breadcrumb","itemListElement":[{"@type":"ListItem","position":1,"name":"Accueil","item":"https:\/\/infos-droitshumains.net\/"},{"@type":"ListItem","position":2,"name":"RDC\u00a0: Soutien aux victimes de torture, l&rsquo;AUDF rappelle la n\u00e9cessit\u00e9 du respect des droits de l&rsquo;homme pour la dignit\u00e9 humaine"}]},{"@type":"WebSite","@id":"https:\/\/infos-droitshumains.net\/#website","url":"https:\/\/infos-droitshumains.net\/","name":"Infos Droits Humains","description":"S&#039;informer est un droit","publisher":{"@id":"https:\/\/infos-droitshumains.net\/#organization"},"potentialAction":[{"@type":"SearchAction","target":{"@type":"EntryPoint","urlTemplate":"https:\/\/infos-droitshumains.net\/?s={search_term_string}"},"query-input":{"@type":"PropertyValueSpecification","valueRequired":true,"valueName":"search_term_string"}}],"inLanguage":"fr-FR"},{"@type":"Organization","@id":"https:\/\/infos-droitshumains.net\/#organization","name":"Infos Droits Humains","url":"https:\/\/infos-droitshumains.net\/","logo":{"@type":"ImageObject","inLanguage":"fr-FR","@id":"https:\/\/infos-droitshumains.net\/#\/schema\/logo\/image\/","url":"https:\/\/i0.wp.com\/infos-droitshumains.net\/wp-content\/uploads\/2022\/05\/Logo.png?fit=333%2C129&ssl=1","contentUrl":"https:\/\/i0.wp.com\/infos-droitshumains.net\/wp-content\/uploads\/2022\/05\/Logo.png?fit=333%2C129&ssl=1","width":333,"height":129,"caption":"Infos Droits Humains"},"image":{"@id":"https:\/\/infos-droitshumains.net\/#\/schema\/logo\/image\/"}},{"@type":"Person","@id":"https:\/\/infos-droitshumains.net\/#\/schema\/person\/3dc5e921c3302172e0ed4362f96faab7","name":"Jo\u00ebl Diawa","image":{"@type":"ImageObject","inLanguage":"fr-FR","@id":"https:\/\/secure.gravatar.com\/avatar\/729bea6ff4604c624417803c477363be8e3c7186deaa65713313f9b4b820f41c?s=96&d=mm&r=g","url":"https:\/\/secure.gravatar.com\/avatar\/729bea6ff4604c624417803c477363be8e3c7186deaa65713313f9b4b820f41c?s=96&d=mm&r=g","contentUrl":"https:\/\/secure.gravatar.com\/avatar\/729bea6ff4604c624417803c477363be8e3c7186deaa65713313f9b4b820f41c?s=96&d=mm&r=g","caption":"Jo\u00ebl Diawa"},"sameAs":["https:\/\/www.infos-droitshumains.net"],"url":"https:\/\/infos-droitshumains.net\/?author=2"}]}},"featured_image_urls":{"full":["https:\/\/i0.wp.com\/infos-droitshumains.net\/wp-content\/uploads\/2023\/06\/IMG-20230627-WA0007.jpg?fit=720%2C509&ssl=1",720,509,false],"thumbnail":["https:\/\/i0.wp.com\/infos-droitshumains.net\/wp-content\/uploads\/2023\/06\/IMG-20230627-WA0007.jpg?resize=150%2C150&ssl=1",150,150,true],"medium":["https:\/\/i0.wp.com\/infos-droitshumains.net\/wp-content\/uploads\/2023\/06\/IMG-20230627-WA0007.jpg?fit=300%2C212&ssl=1",300,212,true],"medium_large":["https:\/\/i0.wp.com\/infos-droitshumains.net\/wp-content\/uploads\/2023\/06\/IMG-20230627-WA0007.jpg?fit=640%2C452&ssl=1",640,452,true],"large":["https:\/\/i0.wp.com\/infos-droitshumains.net\/wp-content\/uploads\/2023\/06\/IMG-20230627-WA0007.jpg?fit=640%2C452&ssl=1",640,452,true],"1536x1536":["https:\/\/i0.wp.com\/infos-droitshumains.net\/wp-content\/uploads\/2023\/06\/IMG-20230627-WA0007.jpg?fit=720%2C509&ssl=1",720,509,true],"2048x2048":["https:\/\/i0.wp.com\/infos-droitshumains.net\/wp-content\/uploads\/2023\/06\/IMG-20230627-WA0007.jpg?fit=720%2C509&ssl=1",720,509,true],"covernews-slider-full":["https:\/\/i0.wp.com\/infos-droitshumains.net\/wp-content\/uploads\/2023\/06\/IMG-20230627-WA0007.jpg?resize=720%2C509&ssl=1",720,509,true],"covernews-slider-center":["https:\/\/i0.wp.com\/infos-droitshumains.net\/wp-content\/uploads\/2023\/06\/IMG-20230627-WA0007.jpg?resize=720%2C500&ssl=1",720,500,true],"covernews-featured":["https:\/\/i0.wp.com\/infos-droitshumains.net\/wp-content\/uploads\/2023\/06\/IMG-20230627-WA0007.jpg?fit=720%2C509&ssl=1",720,509,true],"covernews-medium":["https:\/\/i0.wp.com\/infos-droitshumains.net\/wp-content\/uploads\/2023\/06\/IMG-20230627-WA0007.jpg?resize=540%2C340&ssl=1",540,340,true],"covernews-medium-square":["https:\/\/i0.wp.com\/infos-droitshumains.net\/wp-content\/uploads\/2023\/06\/IMG-20230627-WA0007.jpg?resize=400%2C250&ssl=1",400,250,true]},"author_info":{"display_name":"Jo\u00ebl Diawa","author_link":"https:\/\/infos-droitshumains.net\/?author=2"},"category_info":"<a href=\"https:\/\/infos-droitshumains.net\/?cat=7\" rel=\"category\">Droits Humains<\/a>","tag_info":"Droits Humains","comment_count":"0","jetpack_featured_media_url":"https:\/\/i0.wp.com\/infos-droitshumains.net\/wp-content\/uploads\/2023\/06\/IMG-20230627-WA0007.jpg?fit=720%2C509&ssl=1","jetpack-related-posts":[],"jetpack_sharing_enabled":true,"_links":{"self":[{"href":"https:\/\/infos-droitshumains.net\/index.php?rest_route=\/wp\/v2\/posts\/7387","targetHints":{"allow":["GET"]}}],"collection":[{"href":"https:\/\/infos-droitshumains.net\/index.php?rest_route=\/wp\/v2\/posts"}],"about":[{"href":"https:\/\/infos-droitshumains.net\/index.php?rest_route=\/wp\/v2\/types\/post"}],"author":[{"embeddable":true,"href":"https:\/\/infos-droitshumains.net\/index.php?rest_route=\/wp\/v2\/users\/2"}],"replies":[{"embeddable":true,"href":"https:\/\/infos-droitshumains.net\/index.php?rest_route=%2Fwp%2Fv2%2Fcomments&post=7387"}],"version-history":[{"count":1,"href":"https:\/\/infos-droitshumains.net\/index.php?rest_route=\/wp\/v2\/posts\/7387\/revisions"}],"predecessor-version":[{"id":7389,"href":"https:\/\/infos-droitshumains.net\/index.php?rest_route=\/wp\/v2\/posts\/7387\/revisions\/7389"}],"wp:featuredmedia":[{"embeddable":true,"href":"https:\/\/infos-droitshumains.net\/index.php?rest_route=\/wp\/v2\/media\/7388"}],"wp:attachment":[{"href":"https:\/\/infos-droitshumains.net\/index.php?rest_route=%2Fwp%2Fv2%2Fmedia&parent=7387"}],"wp:term":[{"taxonomy":"category","embeddable":true,"href":"https:\/\/infos-droitshumains.net\/index.php?rest_route=%2Fwp%2Fv2%2Fcategories&post=7387"},{"taxonomy":"post_tag","embeddable":true,"href":"https:\/\/infos-droitshumains.net\/index.php?rest_route=%2Fwp%2Fv2%2Ftags&post=7387"}],"curies":[{"name":"wp","href":"https:\/\/api.w.org\/{rel}","templated":true}]}}