{"id":7337,"date":"2023-06-21T18:27:30","date_gmt":"2023-06-21T16:27:30","guid":{"rendered":"https:\/\/infos-droitshumains.net\/?p=7337"},"modified":"2023-06-21T18:27:32","modified_gmt":"2023-06-21T16:27:32","slug":"rdc-la-participation-et-le-leadership-des-femmes-dans-la-consolidation-de-la-paix-au-coeur-dun-seminaire-organise-par-la-section-genre-de-la-monusco-et-lonu-femme","status":"publish","type":"post","link":"https:\/\/infos-droitshumains.net\/?p=7337","title":{"rendered":"RDC: La participation et le leadership des femmes dans la consolidation de la paix au c\u0153ur d&rsquo;un s\u00e9minaire organis\u00e9 par la section genre de la MONUSCO et l&rsquo;ONU-Femme"},"content":{"rendered":"\n<p><strong>R\u00e9daction :+243817406088<\/strong><\/p>\n\n\n\n<h4 class=\"wp-block-heading has-vivid-red-color has-text-color\">Dans le but d&rsquo;accro\u00eetre la participation et le leadership des femmes dans les processus de paix en soutenant des r\u00e9seaux des femmes m\u00e9diatrices, la Mission de l&rsquo;organisation des Nations Unies pour la Stabilisation en RDC (MONUSCO) \u00e0 travers sa section genre et ONU-Femmes en collaboration avec le minist\u00e8re du genre, famille et enfant organisent, du 21 au 22 juin 2023 \u00e0 Kinshasa, un s\u00e9minaire de formation et d&rsquo;information sur l&rsquo;importance de la participation et le leadership des femmes dans la consolidation de la paix en RDC.<\/h4>\n\n\n\n<p><em>\u00ab\u00a0Ce s\u00e9minaire a pour but g\u00e9n\u00e9ral de contribuer \u00e0 la pr\u00e9vention des conflits, \u00e0 l&rsquo;\u00e9dification et la consolidation de la paix en R\u00e9publique D\u00e9mocratique du Congo par la promotion du leadership et une participation \u00e9gale, enti\u00e8re et effective des femmes \u00e0 la gouvernance et aux processus politiques, ainsi qu&rsquo;\u00e0 la paix et la s\u00e9curit\u00e9\u00a0\u00bb<\/em>, a r\u00e9v\u00e9l\u00e9 Mireille Affa&rsquo;a Mindzie, cheffe de la section genre de la MONUSCO.<\/p>\n\n\n\n<figure class=\"wp-block-image alignfull size-large\"><img data-recalc-dims=\"1\" fetchpriority=\"high\" decoding=\"async\" width=\"640\" height=\"853\" src=\"https:\/\/i0.wp.com\/infos-droitshumains.net\/wp-content\/uploads\/2023\/06\/IMG-20230621-WA0020_1.jpg?resize=640%2C853&#038;ssl=1\" alt=\"\" class=\"wp-image-7339\" srcset=\"https:\/\/i0.wp.com\/infos-droitshumains.net\/wp-content\/uploads\/2023\/06\/IMG-20230621-WA0020_1.jpg?resize=768%2C1024&amp;ssl=1 768w, https:\/\/i0.wp.com\/infos-droitshumains.net\/wp-content\/uploads\/2023\/06\/IMG-20230621-WA0020_1.jpg?resize=225%2C300&amp;ssl=1 225w, https:\/\/i0.wp.com\/infos-droitshumains.net\/wp-content\/uploads\/2023\/06\/IMG-20230621-WA0020_1.jpg?w=780&amp;ssl=1 780w\" sizes=\"(max-width: 640px) 100vw, 640px\" \/><\/figure>\n\n\n\n<p>Dans un contexte de fragilit\u00e9 li\u00e9 aux conflits arm\u00e9s et \u00e0 l&rsquo;instabilit\u00e9 que traversent actuellement la RDC, ce s\u00e9minaire de formation et d&rsquo;information renferme, selon Nathalie Ndongo-Seh, directrice de cabinet de la repr\u00e9sentante du secr\u00e9taire g\u00e9n\u00e9ral de l&rsquo;ONU en RDC, une importance capitale en vue d&rsquo;orienter la femme \u00e0 jouer sa part dans le processus de paix.<\/p>\n\n\n\n<p><em>\u00ab\u00a0Le s\u00e9minaire qui d\u00e9bute ce jour tombe \u00e0 point nomm\u00e9 pour d\u00e9finir des strat\u00e9gies visant \u00e0 une participation accrue, effective et s\u00e9curis\u00e9e des femmes au processus politique et de paix en cours et \u00e0 l&rsquo;avenir\u00a0\u00bb<\/em>, a-t-elle rassur\u00e9.<\/p>\n\n\n\n<figure class=\"wp-block-image alignfull size-large\"><img data-recalc-dims=\"1\" decoding=\"async\" width=\"640\" height=\"853\" src=\"https:\/\/i0.wp.com\/infos-droitshumains.net\/wp-content\/uploads\/2023\/06\/IMG-20230621-WA0019_1.jpg?resize=640%2C853&#038;ssl=1\" alt=\"\" class=\"wp-image-7340\" srcset=\"https:\/\/i0.wp.com\/infos-droitshumains.net\/wp-content\/uploads\/2023\/06\/IMG-20230621-WA0019_1.jpg?resize=768%2C1024&amp;ssl=1 768w, https:\/\/i0.wp.com\/infos-droitshumains.net\/wp-content\/uploads\/2023\/06\/IMG-20230621-WA0019_1.jpg?resize=225%2C300&amp;ssl=1 225w, https:\/\/i0.wp.com\/infos-droitshumains.net\/wp-content\/uploads\/2023\/06\/IMG-20230621-WA0019_1.jpg?w=780&amp;ssl=1 780w\" sizes=\"(max-width: 640px) 100vw, 640px\" \/><\/figure>\n\n\n\n<p>Sans ignorer que la paix rime au d\u00e9veloppement, le minist\u00e8re du genre, famille et enfant tient \u00e0 promouvoir l&rsquo;agenda Femme, Paix et S\u00e9curit\u00e9(FPS) d\u00e9coulant de la r\u00e9solution 1325 du conseil de s\u00e9curit\u00e9 des Nations Unies qui reconna\u00eet le lien qui existe entre les femmes et les questions de paix et de s\u00e9curit\u00e9 pour le r\u00e9tablissement et la consolidation de la paix et la pr\u00e9vention des conflits.<\/p>\n\n\n\n<p><em>\u00ab\u00a0Je r\u00e9it\u00e8re l&rsquo;engagement du minist\u00e8re du genre, famille et enfant en vue de promouvoir l&rsquo;agenda femme, paix et s\u00e9curit\u00e9 et d&rsquo;assurer une participation effective et du leadership des femmes congolaises dans les initiatives en cours pour une paix durable en RD\u00a0\u00bb,<\/em> a dit Lepira, repr\u00e9sentante de la ministre.<\/p>\n\n\n\n<figure class=\"wp-block-image alignfull size-large\"><img data-recalc-dims=\"1\" decoding=\"async\" width=\"640\" height=\"853\" src=\"https:\/\/i0.wp.com\/infos-droitshumains.net\/wp-content\/uploads\/2023\/06\/IMG-20230621-WA0017_1.jpg?resize=640%2C853&#038;ssl=1\" alt=\"\" class=\"wp-image-7341\" srcset=\"https:\/\/i0.wp.com\/infos-droitshumains.net\/wp-content\/uploads\/2023\/06\/IMG-20230621-WA0017_1.jpg?resize=768%2C1024&amp;ssl=1 768w, https:\/\/i0.wp.com\/infos-droitshumains.net\/wp-content\/uploads\/2023\/06\/IMG-20230621-WA0017_1.jpg?resize=225%2C300&amp;ssl=1 225w, https:\/\/i0.wp.com\/infos-droitshumains.net\/wp-content\/uploads\/2023\/06\/IMG-20230621-WA0017_1.jpg?w=780&amp;ssl=1 780w\" sizes=\"(max-width: 640px) 100vw, 640px\" \/><\/figure>\n\n\n\n<p>Plusieurs interventions sur les situations s\u00e9curitaire et politique actuelles en RDC et leur impact sur les filles et femmes ont sanctionn\u00e9es la premi\u00e8re journ\u00e9e de cette activit\u00e9. Ce s\u00e9minaire rassemble des femmes leaders politiques et de la soci\u00e9t\u00e9 civile, y compris des jeunes femmes et femmes vivant avec un handicap, des expertes des questions de gouvernance, \u00e9lections, droits humains, genre et de l&rsquo;agenda femme, paix et s\u00e9curit\u00e9.<\/p>\n\n\n\n<p>AM<\/p>\n","protected":false},"excerpt":{"rendered":"<p>R\u00e9daction :+243817406088 Dans le but d&rsquo;accro\u00eetre la participation et le leadership des femmes dans les&#8230;<\/p>\n","protected":false},"author":2,"featured_media":7338,"comment_status":"open","ping_status":"open","sticky":false,"template":"","format":"standard","meta":{"_jetpack_memberships_contains_paid_content":false,"footnotes":""},"categories":[7],"tags":[],"class_list":["post-7337","post","type-post","status-publish","format-standard","has-post-thumbnail","hentry","category-droits-humains"],"yoast_head":"<!-- This site is optimized with the Yoast SEO plugin v27.5 - https:\/\/yoast.com\/product\/yoast-seo-wordpress\/ -->\n<title>RDC: La participation et le leadership des femmes dans la consolidation de la paix au c\u0153ur d&#039;un s\u00e9minaire organis\u00e9 par la section genre de la MONUSCO et l&#039;ONU-Femme - Infos Droits Humains<\/title>\n<meta name=\"robots\" content=\"index, follow, max-snippet:-1, max-image-preview:large, max-video-preview:-1\" \/>\n<link rel=\"canonical\" href=\"https:\/\/infos-droitshumains.net\/?p=7337\" \/>\n<meta property=\"og:locale\" content=\"fr_FR\" \/>\n<meta property=\"og:type\" content=\"article\" \/>\n<meta property=\"og:title\" content=\"RDC: La participation et le leadership des femmes dans la consolidation de la paix au c\u0153ur d&#039;un s\u00e9minaire organis\u00e9 par la section genre de la MONUSCO et l&#039;ONU-Femme - Infos Droits Humains\" \/>\n<meta property=\"og:description\" content=\"R\u00e9daction :+243817406088 Dans le but d&rsquo;accro\u00eetre la participation et le leadership des femmes dans les...\" \/>\n<meta property=\"og:url\" content=\"https:\/\/infos-droitshumains.net\/?p=7337\" \/>\n<meta property=\"og:site_name\" content=\"Infos Droits Humains\" \/>\n<meta property=\"article:published_time\" content=\"2023-06-21T16:27:30+00:00\" \/>\n<meta property=\"article:modified_time\" content=\"2023-06-21T16:27:32+00:00\" \/>\n<meta property=\"og:image\" content=\"https:\/\/infos-droitshumains.net\/wp-content\/uploads\/2023\/06\/IMG-20230621-WA0018_1.jpg\" \/>\n\t<meta property=\"og:image:width\" content=\"1040\" \/>\n\t<meta property=\"og:image:height\" content=\"780\" \/>\n\t<meta property=\"og:image:type\" content=\"image\/jpeg\" \/>\n<meta name=\"author\" content=\"Jo\u00ebl Diawa\" \/>\n<meta name=\"twitter:card\" content=\"summary_large_image\" \/>\n<meta name=\"twitter:label1\" content=\"\u00c9crit par\" \/>\n\t<meta name=\"twitter:data1\" content=\"Jo\u00ebl Diawa\" \/>\n\t<meta name=\"twitter:label2\" content=\"Dur\u00e9e de lecture estim\u00e9e\" \/>\n\t<meta name=\"twitter:data2\" content=\"3 minutes\" \/>\n<script type=\"application\/ld+json\" class=\"yoast-schema-graph\">{\"@context\":\"https:\\\/\\\/schema.org\",\"@graph\":[{\"@type\":\"Article\",\"@id\":\"https:\\\/\\\/infos-droitshumains.net\\\/?p=7337#article\",\"isPartOf\":{\"@id\":\"https:\\\/\\\/infos-droitshumains.net\\\/?p=7337\"},\"author\":{\"name\":\"Jo\u00ebl Diawa\",\"@id\":\"https:\\\/\\\/infos-droitshumains.net\\\/#\\\/schema\\\/person\\\/3dc5e921c3302172e0ed4362f96faab7\"},\"headline\":\"RDC: La participation et le leadership des femmes dans la consolidation de la paix au c\u0153ur d&rsquo;un s\u00e9minaire organis\u00e9 par la section genre de la MONUSCO et l&rsquo;ONU-Femme\",\"datePublished\":\"2023-06-21T16:27:30+00:00\",\"dateModified\":\"2023-06-21T16:27:32+00:00\",\"mainEntityOfPage\":{\"@id\":\"https:\\\/\\\/infos-droitshumains.net\\\/?p=7337\"},\"wordCount\":497,\"commentCount\":0,\"publisher\":{\"@id\":\"https:\\\/\\\/infos-droitshumains.net\\\/#organization\"},\"image\":{\"@id\":\"https:\\\/\\\/infos-droitshumains.net\\\/?p=7337#primaryimage\"},\"thumbnailUrl\":\"https:\\\/\\\/i0.wp.com\\\/infos-droitshumains.net\\\/wp-content\\\/uploads\\\/2023\\\/06\\\/IMG-20230621-WA0018_1.jpg?fit=1040%2C780&ssl=1\",\"articleSection\":[\"Droits Humains\"],\"inLanguage\":\"fr-FR\",\"potentialAction\":[{\"@type\":\"CommentAction\",\"name\":\"Comment\",\"target\":[\"https:\\\/\\\/infos-droitshumains.net\\\/?p=7337#respond\"]}]},{\"@type\":\"WebPage\",\"@id\":\"https:\\\/\\\/infos-droitshumains.net\\\/?p=7337\",\"url\":\"https:\\\/\\\/infos-droitshumains.net\\\/?p=7337\",\"name\":\"RDC: La participation et le leadership des femmes dans la consolidation de la paix au c\u0153ur d'un s\u00e9minaire organis\u00e9 par la section genre de la MONUSCO et l'ONU-Femme - Infos Droits Humains\",\"isPartOf\":{\"@id\":\"https:\\\/\\\/infos-droitshumains.net\\\/#website\"},\"primaryImageOfPage\":{\"@id\":\"https:\\\/\\\/infos-droitshumains.net\\\/?p=7337#primaryimage\"},\"image\":{\"@id\":\"https:\\\/\\\/infos-droitshumains.net\\\/?p=7337#primaryimage\"},\"thumbnailUrl\":\"https:\\\/\\\/i0.wp.com\\\/infos-droitshumains.net\\\/wp-content\\\/uploads\\\/2023\\\/06\\\/IMG-20230621-WA0018_1.jpg?fit=1040%2C780&ssl=1\",\"datePublished\":\"2023-06-21T16:27:30+00:00\",\"dateModified\":\"2023-06-21T16:27:32+00:00\",\"breadcrumb\":{\"@id\":\"https:\\\/\\\/infos-droitshumains.net\\\/?p=7337#breadcrumb\"},\"inLanguage\":\"fr-FR\",\"potentialAction\":[{\"@type\":\"ReadAction\",\"target\":[\"https:\\\/\\\/infos-droitshumains.net\\\/?p=7337\"]}]},{\"@type\":\"ImageObject\",\"inLanguage\":\"fr-FR\",\"@id\":\"https:\\\/\\\/infos-droitshumains.net\\\/?p=7337#primaryimage\",\"url\":\"https:\\\/\\\/i0.wp.com\\\/infos-droitshumains.net\\\/wp-content\\\/uploads\\\/2023\\\/06\\\/IMG-20230621-WA0018_1.jpg?fit=1040%2C780&ssl=1\",\"contentUrl\":\"https:\\\/\\\/i0.wp.com\\\/infos-droitshumains.net\\\/wp-content\\\/uploads\\\/2023\\\/06\\\/IMG-20230621-WA0018_1.jpg?fit=1040%2C780&ssl=1\",\"width\":1040,\"height\":780},{\"@type\":\"BreadcrumbList\",\"@id\":\"https:\\\/\\\/infos-droitshumains.net\\\/?p=7337#breadcrumb\",\"itemListElement\":[{\"@type\":\"ListItem\",\"position\":1,\"name\":\"Accueil\",\"item\":\"https:\\\/\\\/infos-droitshumains.net\\\/\"},{\"@type\":\"ListItem\",\"position\":2,\"name\":\"RDC: La participation et le leadership des femmes dans la consolidation de la paix au c\u0153ur d&rsquo;un s\u00e9minaire organis\u00e9 par la section genre de la MONUSCO et l&rsquo;ONU-Femme\"}]},{\"@type\":\"WebSite\",\"@id\":\"https:\\\/\\\/infos-droitshumains.net\\\/#website\",\"url\":\"https:\\\/\\\/infos-droitshumains.net\\\/\",\"name\":\"Infos Droits Humains\",\"description\":\"S&#039;informer est un droit\",\"publisher\":{\"@id\":\"https:\\\/\\\/infos-droitshumains.net\\\/#organization\"},\"potentialAction\":[{\"@type\":\"SearchAction\",\"target\":{\"@type\":\"EntryPoint\",\"urlTemplate\":\"https:\\\/\\\/infos-droitshumains.net\\\/?s={search_term_string}\"},\"query-input\":{\"@type\":\"PropertyValueSpecification\",\"valueRequired\":true,\"valueName\":\"search_term_string\"}}],\"inLanguage\":\"fr-FR\"},{\"@type\":\"Organization\",\"@id\":\"https:\\\/\\\/infos-droitshumains.net\\\/#organization\",\"name\":\"Infos Droits Humains\",\"url\":\"https:\\\/\\\/infos-droitshumains.net\\\/\",\"logo\":{\"@type\":\"ImageObject\",\"inLanguage\":\"fr-FR\",\"@id\":\"https:\\\/\\\/infos-droitshumains.net\\\/#\\\/schema\\\/logo\\\/image\\\/\",\"url\":\"https:\\\/\\\/i0.wp.com\\\/infos-droitshumains.net\\\/wp-content\\\/uploads\\\/2022\\\/05\\\/Logo.png?fit=333%2C129&ssl=1\",\"contentUrl\":\"https:\\\/\\\/i0.wp.com\\\/infos-droitshumains.net\\\/wp-content\\\/uploads\\\/2022\\\/05\\\/Logo.png?fit=333%2C129&ssl=1\",\"width\":333,\"height\":129,\"caption\":\"Infos Droits Humains\"},\"image\":{\"@id\":\"https:\\\/\\\/infos-droitshumains.net\\\/#\\\/schema\\\/logo\\\/image\\\/\"}},{\"@type\":\"Person\",\"@id\":\"https:\\\/\\\/infos-droitshumains.net\\\/#\\\/schema\\\/person\\\/3dc5e921c3302172e0ed4362f96faab7\",\"name\":\"Jo\u00ebl Diawa\",\"image\":{\"@type\":\"ImageObject\",\"inLanguage\":\"fr-FR\",\"@id\":\"https:\\\/\\\/secure.gravatar.com\\\/avatar\\\/729bea6ff4604c624417803c477363be8e3c7186deaa65713313f9b4b820f41c?s=96&d=mm&r=g\",\"url\":\"https:\\\/\\\/secure.gravatar.com\\\/avatar\\\/729bea6ff4604c624417803c477363be8e3c7186deaa65713313f9b4b820f41c?s=96&d=mm&r=g\",\"contentUrl\":\"https:\\\/\\\/secure.gravatar.com\\\/avatar\\\/729bea6ff4604c624417803c477363be8e3c7186deaa65713313f9b4b820f41c?s=96&d=mm&r=g\",\"caption\":\"Jo\u00ebl Diawa\"},\"sameAs\":[\"https:\\\/\\\/www.infos-droitshumains.net\"],\"url\":\"https:\\\/\\\/infos-droitshumains.net\\\/?author=2\"}]}<\/script>\n<!-- \/ Yoast SEO plugin. -->","yoast_head_json":{"title":"RDC: La participation et le leadership des femmes dans la consolidation de la paix au c\u0153ur d'un s\u00e9minaire organis\u00e9 par la section genre de la MONUSCO et l'ONU-Femme - Infos Droits Humains","robots":{"index":"index","follow":"follow","max-snippet":"max-snippet:-1","max-image-preview":"max-image-preview:large","max-video-preview":"max-video-preview:-1"},"canonical":"https:\/\/infos-droitshumains.net\/?p=7337","og_locale":"fr_FR","og_type":"article","og_title":"RDC: La participation et le leadership des femmes dans la consolidation de la paix au c\u0153ur d'un s\u00e9minaire organis\u00e9 par la section genre de la MONUSCO et l'ONU-Femme - Infos Droits Humains","og_description":"R\u00e9daction :+243817406088 Dans le but d&rsquo;accro\u00eetre la participation et le leadership des femmes dans les...","og_url":"https:\/\/infos-droitshumains.net\/?p=7337","og_site_name":"Infos Droits Humains","article_published_time":"2023-06-21T16:27:30+00:00","article_modified_time":"2023-06-21T16:27:32+00:00","og_image":[{"width":1040,"height":780,"url":"https:\/\/infos-droitshumains.net\/wp-content\/uploads\/2023\/06\/IMG-20230621-WA0018_1.jpg","type":"image\/jpeg"}],"author":"Jo\u00ebl Diawa","twitter_card":"summary_large_image","twitter_misc":{"\u00c9crit par":"Jo\u00ebl Diawa","Dur\u00e9e de lecture estim\u00e9e":"3 minutes"},"schema":{"@context":"https:\/\/schema.org","@graph":[{"@type":"Article","@id":"https:\/\/infos-droitshumains.net\/?p=7337#article","isPartOf":{"@id":"https:\/\/infos-droitshumains.net\/?p=7337"},"author":{"name":"Jo\u00ebl Diawa","@id":"https:\/\/infos-droitshumains.net\/#\/schema\/person\/3dc5e921c3302172e0ed4362f96faab7"},"headline":"RDC: La participation et le leadership des femmes dans la consolidation de la paix au c\u0153ur d&rsquo;un s\u00e9minaire organis\u00e9 par la section genre de la MONUSCO et l&rsquo;ONU-Femme","datePublished":"2023-06-21T16:27:30+00:00","dateModified":"2023-06-21T16:27:32+00:00","mainEntityOfPage":{"@id":"https:\/\/infos-droitshumains.net\/?p=7337"},"wordCount":497,"commentCount":0,"publisher":{"@id":"https:\/\/infos-droitshumains.net\/#organization"},"image":{"@id":"https:\/\/infos-droitshumains.net\/?p=7337#primaryimage"},"thumbnailUrl":"https:\/\/i0.wp.com\/infos-droitshumains.net\/wp-content\/uploads\/2023\/06\/IMG-20230621-WA0018_1.jpg?fit=1040%2C780&ssl=1","articleSection":["Droits Humains"],"inLanguage":"fr-FR","potentialAction":[{"@type":"CommentAction","name":"Comment","target":["https:\/\/infos-droitshumains.net\/?p=7337#respond"]}]},{"@type":"WebPage","@id":"https:\/\/infos-droitshumains.net\/?p=7337","url":"https:\/\/infos-droitshumains.net\/?p=7337","name":"RDC: La participation et le leadership des femmes dans la consolidation de la paix au c\u0153ur d'un s\u00e9minaire organis\u00e9 par la section genre de la MONUSCO et l'ONU-Femme - Infos Droits Humains","isPartOf":{"@id":"https:\/\/infos-droitshumains.net\/#website"},"primaryImageOfPage":{"@id":"https:\/\/infos-droitshumains.net\/?p=7337#primaryimage"},"image":{"@id":"https:\/\/infos-droitshumains.net\/?p=7337#primaryimage"},"thumbnailUrl":"https:\/\/i0.wp.com\/infos-droitshumains.net\/wp-content\/uploads\/2023\/06\/IMG-20230621-WA0018_1.jpg?fit=1040%2C780&ssl=1","datePublished":"2023-06-21T16:27:30+00:00","dateModified":"2023-06-21T16:27:32+00:00","breadcrumb":{"@id":"https:\/\/infos-droitshumains.net\/?p=7337#breadcrumb"},"inLanguage":"fr-FR","potentialAction":[{"@type":"ReadAction","target":["https:\/\/infos-droitshumains.net\/?p=7337"]}]},{"@type":"ImageObject","inLanguage":"fr-FR","@id":"https:\/\/infos-droitshumains.net\/?p=7337#primaryimage","url":"https:\/\/i0.wp.com\/infos-droitshumains.net\/wp-content\/uploads\/2023\/06\/IMG-20230621-WA0018_1.jpg?fit=1040%2C780&ssl=1","contentUrl":"https:\/\/i0.wp.com\/infos-droitshumains.net\/wp-content\/uploads\/2023\/06\/IMG-20230621-WA0018_1.jpg?fit=1040%2C780&ssl=1","width":1040,"height":780},{"@type":"BreadcrumbList","@id":"https:\/\/infos-droitshumains.net\/?p=7337#breadcrumb","itemListElement":[{"@type":"ListItem","position":1,"name":"Accueil","item":"https:\/\/infos-droitshumains.net\/"},{"@type":"ListItem","position":2,"name":"RDC: La participation et le leadership des femmes dans la consolidation de la paix au c\u0153ur d&rsquo;un s\u00e9minaire organis\u00e9 par la section genre de la MONUSCO et l&rsquo;ONU-Femme"}]},{"@type":"WebSite","@id":"https:\/\/infos-droitshumains.net\/#website","url":"https:\/\/infos-droitshumains.net\/","name":"Infos Droits Humains","description":"S&#039;informer est un droit","publisher":{"@id":"https:\/\/infos-droitshumains.net\/#organization"},"potentialAction":[{"@type":"SearchAction","target":{"@type":"EntryPoint","urlTemplate":"https:\/\/infos-droitshumains.net\/?s={search_term_string}"},"query-input":{"@type":"PropertyValueSpecification","valueRequired":true,"valueName":"search_term_string"}}],"inLanguage":"fr-FR"},{"@type":"Organization","@id":"https:\/\/infos-droitshumains.net\/#organization","name":"Infos Droits Humains","url":"https:\/\/infos-droitshumains.net\/","logo":{"@type":"ImageObject","inLanguage":"fr-FR","@id":"https:\/\/infos-droitshumains.net\/#\/schema\/logo\/image\/","url":"https:\/\/i0.wp.com\/infos-droitshumains.net\/wp-content\/uploads\/2022\/05\/Logo.png?fit=333%2C129&ssl=1","contentUrl":"https:\/\/i0.wp.com\/infos-droitshumains.net\/wp-content\/uploads\/2022\/05\/Logo.png?fit=333%2C129&ssl=1","width":333,"height":129,"caption":"Infos Droits Humains"},"image":{"@id":"https:\/\/infos-droitshumains.net\/#\/schema\/logo\/image\/"}},{"@type":"Person","@id":"https:\/\/infos-droitshumains.net\/#\/schema\/person\/3dc5e921c3302172e0ed4362f96faab7","name":"Jo\u00ebl Diawa","image":{"@type":"ImageObject","inLanguage":"fr-FR","@id":"https:\/\/secure.gravatar.com\/avatar\/729bea6ff4604c624417803c477363be8e3c7186deaa65713313f9b4b820f41c?s=96&d=mm&r=g","url":"https:\/\/secure.gravatar.com\/avatar\/729bea6ff4604c624417803c477363be8e3c7186deaa65713313f9b4b820f41c?s=96&d=mm&r=g","contentUrl":"https:\/\/secure.gravatar.com\/avatar\/729bea6ff4604c624417803c477363be8e3c7186deaa65713313f9b4b820f41c?s=96&d=mm&r=g","caption":"Jo\u00ebl Diawa"},"sameAs":["https:\/\/www.infos-droitshumains.net"],"url":"https:\/\/infos-droitshumains.net\/?author=2"}]}},"featured_image_urls":{"full":["https:\/\/i0.wp.com\/infos-droitshumains.net\/wp-content\/uploads\/2023\/06\/IMG-20230621-WA0018_1.jpg?fit=1040%2C780&ssl=1",1040,780,false],"thumbnail":["https:\/\/i0.wp.com\/infos-droitshumains.net\/wp-content\/uploads\/2023\/06\/IMG-20230621-WA0018_1.jpg?resize=150%2C150&ssl=1",150,150,true],"medium":["https:\/\/i0.wp.com\/infos-droitshumains.net\/wp-content\/uploads\/2023\/06\/IMG-20230621-WA0018_1.jpg?fit=300%2C225&ssl=1",300,225,true],"medium_large":["https:\/\/i0.wp.com\/infos-droitshumains.net\/wp-content\/uploads\/2023\/06\/IMG-20230621-WA0018_1.jpg?fit=640%2C480&ssl=1",640,480,true],"large":["https:\/\/i0.wp.com\/infos-droitshumains.net\/wp-content\/uploads\/2023\/06\/IMG-20230621-WA0018_1.jpg?fit=640%2C480&ssl=1",640,480,true],"1536x1536":["https:\/\/i0.wp.com\/infos-droitshumains.net\/wp-content\/uploads\/2023\/06\/IMG-20230621-WA0018_1.jpg?fit=1040%2C780&ssl=1",1040,780,true],"2048x2048":["https:\/\/i0.wp.com\/infos-droitshumains.net\/wp-content\/uploads\/2023\/06\/IMG-20230621-WA0018_1.jpg?fit=1040%2C780&ssl=1",1040,780,true],"covernews-slider-full":["https:\/\/i0.wp.com\/infos-droitshumains.net\/wp-content\/uploads\/2023\/06\/IMG-20230621-WA0018_1.jpg?resize=1040%2C715&ssl=1",1040,715,true],"covernews-slider-center":["https:\/\/i0.wp.com\/infos-droitshumains.net\/wp-content\/uploads\/2023\/06\/IMG-20230621-WA0018_1.jpg?resize=800%2C500&ssl=1",800,500,true],"covernews-featured":["https:\/\/i0.wp.com\/infos-droitshumains.net\/wp-content\/uploads\/2023\/06\/IMG-20230621-WA0018_1.jpg?fit=1024%2C768&ssl=1",1024,768,true],"covernews-medium":["https:\/\/i0.wp.com\/infos-droitshumains.net\/wp-content\/uploads\/2023\/06\/IMG-20230621-WA0018_1.jpg?resize=540%2C340&ssl=1",540,340,true],"covernews-medium-square":["https:\/\/i0.wp.com\/infos-droitshumains.net\/wp-content\/uploads\/2023\/06\/IMG-20230621-WA0018_1.jpg?resize=400%2C250&ssl=1",400,250,true]},"author_info":{"display_name":"Jo\u00ebl Diawa","author_link":"https:\/\/infos-droitshumains.net\/?author=2"},"category_info":"<a href=\"https:\/\/infos-droitshumains.net\/?cat=7\" rel=\"category\">Droits Humains<\/a>","tag_info":"Droits Humains","comment_count":"0","jetpack_featured_media_url":"https:\/\/i0.wp.com\/infos-droitshumains.net\/wp-content\/uploads\/2023\/06\/IMG-20230621-WA0018_1.jpg?fit=1040%2C780&ssl=1","jetpack-related-posts":[],"jetpack_sharing_enabled":true,"_links":{"self":[{"href":"https:\/\/infos-droitshumains.net\/index.php?rest_route=\/wp\/v2\/posts\/7337","targetHints":{"allow":["GET"]}}],"collection":[{"href":"https:\/\/infos-droitshumains.net\/index.php?rest_route=\/wp\/v2\/posts"}],"about":[{"href":"https:\/\/infos-droitshumains.net\/index.php?rest_route=\/wp\/v2\/types\/post"}],"author":[{"embeddable":true,"href":"https:\/\/infos-droitshumains.net\/index.php?rest_route=\/wp\/v2\/users\/2"}],"replies":[{"embeddable":true,"href":"https:\/\/infos-droitshumains.net\/index.php?rest_route=%2Fwp%2Fv2%2Fcomments&post=7337"}],"version-history":[{"count":1,"href":"https:\/\/infos-droitshumains.net\/index.php?rest_route=\/wp\/v2\/posts\/7337\/revisions"}],"predecessor-version":[{"id":7342,"href":"https:\/\/infos-droitshumains.net\/index.php?rest_route=\/wp\/v2\/posts\/7337\/revisions\/7342"}],"wp:featuredmedia":[{"embeddable":true,"href":"https:\/\/infos-droitshumains.net\/index.php?rest_route=\/wp\/v2\/media\/7338"}],"wp:attachment":[{"href":"https:\/\/infos-droitshumains.net\/index.php?rest_route=%2Fwp%2Fv2%2Fmedia&parent=7337"}],"wp:term":[{"taxonomy":"category","embeddable":true,"href":"https:\/\/infos-droitshumains.net\/index.php?rest_route=%2Fwp%2Fv2%2Fcategories&post=7337"},{"taxonomy":"post_tag","embeddable":true,"href":"https:\/\/infos-droitshumains.net\/index.php?rest_route=%2Fwp%2Fv2%2Ftags&post=7337"}],"curies":[{"name":"wp","href":"https:\/\/api.w.org\/{rel}","templated":true}]}}