{"id":7329,"date":"2023-06-20T10:12:28","date_gmt":"2023-06-20T08:12:28","guid":{"rendered":"https:\/\/infos-droitshumains.net\/?p=7329"},"modified":"2023-06-20T11:51:16","modified_gmt":"2023-06-20T09:51:16","slug":"kinshasa-lasbl-temisa-bumbu-a-rendu-les-derniers-hommages-au-reverend-willy-kuaso-luyindadio","status":"publish","type":"post","link":"https:\/\/infos-droitshumains.net\/?p=7329","title":{"rendered":"Kinshasa: L\u2019ASBL Telemisa Bumbu a rendu les derniers hommages au r\u00e9v\u00e9rend Willy Kuaso Luyindadio"},"content":{"rendered":"\n<p><strong>R\u00e9daction :+243817406088<\/strong><\/p>\n\n\n\n<h4 class=\"wp-block-heading has-vivid-red-color has-text-color\">D\u00e9c\u00e9d\u00e9 depuis le 03 juin dernier \u00e0 Kinshasa, le r\u00e9v\u00e9rend pasteur Willy Edouard Abraham Eliakim Kuaso Luyindadio, responsable de l\u2019\u00e9glise Mission Evang\u00e9lique la Grace et la Foi a \u00e9t\u00e9 port\u00e9 \u00e0 terre ce jeudi 15 juin au village Luvaka dans la province du Kongo-Central. Un jour avant sa mise \u00e0 terre, des hommages dignes de son nom lui ont \u00e9t\u00e9 rendu \u00e0 Kinshasa par des personnalit\u00e9s venues de partout.<\/h4>\n\n\n\n<p>Telemisa Bumbu Bumbu fait partie des associations qui ont rendu hommage \u00e0 cet homme de Dieu tr\u00e8s connu dans la commune de Bumbu. Cette organisation \u00e9tait repr\u00e9sent\u00e9e par son Pr\u00e9sident Merlin Meyi Kamalandua pour qui le r\u00e9v\u00e9rend Willy Kuaso \u00e9tait <em>\u00ab\u00a0un p\u00e8re, un vrai serviteur de Dieu, un\u00a0 baobab du corps pastoral de cette municipalit\u00e9\u00a0\u00bb.<\/em><\/p>\n\n\n\n<figure class=\"wp-block-image alignfull size-full\"><img data-recalc-dims=\"1\" fetchpriority=\"high\" decoding=\"async\" width=\"640\" height=\"426\" src=\"https:\/\/i0.wp.com\/infos-droitshumains.net\/wp-content\/uploads\/2023\/06\/DSC_330.jpg?resize=640%2C426&#038;ssl=1\" alt=\"\" class=\"wp-image-7331\" srcset=\"https:\/\/i0.wp.com\/infos-droitshumains.net\/wp-content\/uploads\/2023\/06\/DSC_330.jpg?w=752&amp;ssl=1 752w, https:\/\/i0.wp.com\/infos-droitshumains.net\/wp-content\/uploads\/2023\/06\/DSC_330.jpg?resize=300%2C199&amp;ssl=1 300w\" sizes=\"(max-width: 640px) 100vw, 640px\" \/><\/figure>\n\n\n\n<p><em>\u00ab&nbsp;Le r\u00e9v\u00e9rend pasteur Willy kuaso restera grav\u00e9 dans notre m\u00e9moire, il fut l\u2019un des rares hommes de Dieu digne de ce nom et non conflictuel. Malgr\u00e9 son \u00e2ge, son rang, ses responsabilit\u00e9s, il \u00e9tait humble, il suffisait de se rendre compte de la mani\u00e8re dont il saluait les gens avec respect et consid\u00e9ration quelques soit ton \u00e2ge ou ton rang social avec sa traditionnelle phrase \u00ab Que le seigneur te b\u00e9nisse \u00bb. Il ne manquer jamais de commenter nos publications avec des paroles d\u2019espoir. Il m\u2019appelait d\u00e9j\u00e0 honorable quand il a vu les images de notre premi\u00e8re activit\u00e9 \u00ab&nbsp;Asbl TELEMISA BUMBU&nbsp;\u00bb et il me disait mon fils va de l&rsquo;avant tu as notre soutien pour qu\u2019\u00e0-travers toi notre commune et ses environs changent des donnes&nbsp;\u00bb<\/em>, a t\u00e9moign\u00e9 Merlin Meyi Kamalandua.<\/p>\n\n\n\n<p>Dans son t\u00e9moignage, le Pr\u00e9sident de la TELEMISA BUMBU s\u2019est \u00e9galement rem\u00e9mor\u00e9 d\u2019un grand rassemblement organis\u00e9 par l\u2019illustre disparu.<\/p>\n\n\n\n<figure class=\"wp-block-image alignfull size-full\"><img data-recalc-dims=\"1\" decoding=\"async\" width=\"640\" height=\"426\" src=\"https:\/\/i0.wp.com\/infos-droitshumains.net\/wp-content\/uploads\/2023\/06\/DSC_332.jpg?resize=640%2C426&#038;ssl=1\" alt=\"\" class=\"wp-image-7332\" srcset=\"https:\/\/i0.wp.com\/infos-droitshumains.net\/wp-content\/uploads\/2023\/06\/DSC_332.jpg?w=752&amp;ssl=1 752w, https:\/\/i0.wp.com\/infos-droitshumains.net\/wp-content\/uploads\/2023\/06\/DSC_332.jpg?resize=300%2C199&amp;ssl=1 300w\" sizes=\"(max-width: 640px) 100vw, 640px\" \/><\/figure>\n\n\n\n<p><em>\u00ab&nbsp;Je retiens \u00e9galement de lui une grande convention qu\u2019il avait organis\u00e9 \u00e0 l\u2019\u00e9glise la gr\u00e2ce et la foi sous le th\u00e8me&nbsp;: <strong>\u00ab ce n\u2019est que Dieu qui peut faire \u00e7a \u00bb<\/strong> au cours de laquelle il a invit\u00e9 des grands hommes de Dieu de la commune de Bumbu makala ngiri-ngiri. &nbsp;C\u2019est l\u00e0 que j\u2019ai \u00e9cout\u00e9 pour la premi\u00e8re fois la pr\u00e9dication du pasteur Ruben Nsimbi. Bref, le pasteur Willy f\u00fbt un grand rassembleur&nbsp;\u00bb<\/em>, a-t-il conclu.<\/p>\n\n\n\n<p>N\u00e9 le 08\/06\/ 1961, le R\u00e9v\u00e9rend Pasteur Willy Edouard Abraham Eliakim Kuaso\u00a0 Luyindadio est d\u00e9c\u00e9d\u00e9 \u00e0 l\u2019\u00e2ge de 62 ans. Il fut en 1990, \u00e0 l\u2019initiative de l\u2019Eglise Mission Evang\u00e9lique la Grace et la Foi qu\u2019il dirigea jusqu\u2019\u00e0 sa mort. <strong>\u00ab\u00a0TELEMISA BUMBU<em>\u00bb<\/em><\/strong> ne pouvait pas manquer \u00e0 l\u2019appel car cet homme de Dieu a beaucoup \u0153uvr\u00e9 dans le sens d\u2019amener particuli\u00e8rement la population de Bumbu vers le Christ et vis-versa.<\/p>\n\n\n\n<p>Jo\u00ebl Diawa<\/p>\n","protected":false},"excerpt":{"rendered":"<p>R\u00e9daction :+243817406088 D\u00e9c\u00e9d\u00e9 depuis le 03 juin dernier \u00e0 Kinshasa, le r\u00e9v\u00e9rend pasteur Willy Edouard&#8230;<\/p>\n","protected":false},"author":2,"featured_media":7330,"comment_status":"open","ping_status":"open","sticky":false,"template":"","format":"standard","meta":{"_jetpack_memberships_contains_paid_content":false,"footnotes":""},"categories":[8],"tags":[],"class_list":["post-7329","post","type-post","status-publish","format-standard","has-post-thumbnail","hentry","category-societe"],"yoast_head":"<!-- This site is optimized with the Yoast SEO plugin v27.5 - https:\/\/yoast.com\/product\/yoast-seo-wordpress\/ -->\n<title>Kinshasa: L\u2019ASBL Telemisa Bumbu a rendu les derniers hommages au r\u00e9v\u00e9rend Willy Kuaso Luyindadio - Infos Droits Humains<\/title>\n<meta name=\"robots\" content=\"index, follow, max-snippet:-1, max-image-preview:large, max-video-preview:-1\" \/>\n<link rel=\"canonical\" href=\"https:\/\/infos-droitshumains.net\/?p=7329\" \/>\n<meta property=\"og:locale\" content=\"fr_FR\" \/>\n<meta property=\"og:type\" content=\"article\" \/>\n<meta property=\"og:title\" content=\"Kinshasa: L\u2019ASBL Telemisa Bumbu a rendu les derniers hommages au r\u00e9v\u00e9rend Willy Kuaso Luyindadio - Infos Droits Humains\" \/>\n<meta property=\"og:description\" content=\"R\u00e9daction :+243817406088 D\u00e9c\u00e9d\u00e9 depuis le 03 juin dernier \u00e0 Kinshasa, le r\u00e9v\u00e9rend pasteur Willy Edouard...\" \/>\n<meta property=\"og:url\" content=\"https:\/\/infos-droitshumains.net\/?p=7329\" \/>\n<meta property=\"og:site_name\" content=\"Infos Droits Humains\" \/>\n<meta property=\"article:published_time\" content=\"2023-06-20T08:12:28+00:00\" \/>\n<meta property=\"article:modified_time\" content=\"2023-06-20T09:51:16+00:00\" \/>\n<meta property=\"og:image\" content=\"https:\/\/infos-droitshumains.net\/wp-content\/uploads\/2023\/06\/DSC_334.jpg\" \/>\n\t<meta property=\"og:image:width\" content=\"752\" \/>\n\t<meta property=\"og:image:height\" content=\"500\" \/>\n\t<meta property=\"og:image:type\" content=\"image\/jpeg\" \/>\n<meta name=\"author\" content=\"Jo\u00ebl Diawa\" \/>\n<meta name=\"twitter:card\" content=\"summary_large_image\" \/>\n<meta name=\"twitter:label1\" content=\"\u00c9crit par\" \/>\n\t<meta name=\"twitter:data1\" content=\"Jo\u00ebl Diawa\" \/>\n\t<meta name=\"twitter:label2\" content=\"Dur\u00e9e de lecture estim\u00e9e\" \/>\n\t<meta name=\"twitter:data2\" content=\"3 minutes\" \/>\n<script type=\"application\/ld+json\" class=\"yoast-schema-graph\">{\"@context\":\"https:\\\/\\\/schema.org\",\"@graph\":[{\"@type\":\"Article\",\"@id\":\"https:\\\/\\\/infos-droitshumains.net\\\/?p=7329#article\",\"isPartOf\":{\"@id\":\"https:\\\/\\\/infos-droitshumains.net\\\/?p=7329\"},\"author\":{\"name\":\"Jo\u00ebl Diawa\",\"@id\":\"https:\\\/\\\/infos-droitshumains.net\\\/#\\\/schema\\\/person\\\/3dc5e921c3302172e0ed4362f96faab7\"},\"headline\":\"Kinshasa: L\u2019ASBL Telemisa Bumbu a rendu les derniers hommages au r\u00e9v\u00e9rend Willy Kuaso Luyindadio\",\"datePublished\":\"2023-06-20T08:12:28+00:00\",\"dateModified\":\"2023-06-20T09:51:16+00:00\",\"mainEntityOfPage\":{\"@id\":\"https:\\\/\\\/infos-droitshumains.net\\\/?p=7329\"},\"wordCount\":485,\"commentCount\":0,\"publisher\":{\"@id\":\"https:\\\/\\\/infos-droitshumains.net\\\/#organization\"},\"image\":{\"@id\":\"https:\\\/\\\/infos-droitshumains.net\\\/?p=7329#primaryimage\"},\"thumbnailUrl\":\"https:\\\/\\\/i0.wp.com\\\/infos-droitshumains.net\\\/wp-content\\\/uploads\\\/2023\\\/06\\\/DSC_334.jpg?fit=752%2C500&ssl=1\",\"articleSection\":[\"Soci\u00e9t\u00e9\"],\"inLanguage\":\"fr-FR\",\"potentialAction\":[{\"@type\":\"CommentAction\",\"name\":\"Comment\",\"target\":[\"https:\\\/\\\/infos-droitshumains.net\\\/?p=7329#respond\"]}]},{\"@type\":\"WebPage\",\"@id\":\"https:\\\/\\\/infos-droitshumains.net\\\/?p=7329\",\"url\":\"https:\\\/\\\/infos-droitshumains.net\\\/?p=7329\",\"name\":\"Kinshasa: L\u2019ASBL Telemisa Bumbu a rendu les derniers hommages au r\u00e9v\u00e9rend Willy Kuaso Luyindadio - Infos Droits Humains\",\"isPartOf\":{\"@id\":\"https:\\\/\\\/infos-droitshumains.net\\\/#website\"},\"primaryImageOfPage\":{\"@id\":\"https:\\\/\\\/infos-droitshumains.net\\\/?p=7329#primaryimage\"},\"image\":{\"@id\":\"https:\\\/\\\/infos-droitshumains.net\\\/?p=7329#primaryimage\"},\"thumbnailUrl\":\"https:\\\/\\\/i0.wp.com\\\/infos-droitshumains.net\\\/wp-content\\\/uploads\\\/2023\\\/06\\\/DSC_334.jpg?fit=752%2C500&ssl=1\",\"datePublished\":\"2023-06-20T08:12:28+00:00\",\"dateModified\":\"2023-06-20T09:51:16+00:00\",\"breadcrumb\":{\"@id\":\"https:\\\/\\\/infos-droitshumains.net\\\/?p=7329#breadcrumb\"},\"inLanguage\":\"fr-FR\",\"potentialAction\":[{\"@type\":\"ReadAction\",\"target\":[\"https:\\\/\\\/infos-droitshumains.net\\\/?p=7329\"]}]},{\"@type\":\"ImageObject\",\"inLanguage\":\"fr-FR\",\"@id\":\"https:\\\/\\\/infos-droitshumains.net\\\/?p=7329#primaryimage\",\"url\":\"https:\\\/\\\/i0.wp.com\\\/infos-droitshumains.net\\\/wp-content\\\/uploads\\\/2023\\\/06\\\/DSC_334.jpg?fit=752%2C500&ssl=1\",\"contentUrl\":\"https:\\\/\\\/i0.wp.com\\\/infos-droitshumains.net\\\/wp-content\\\/uploads\\\/2023\\\/06\\\/DSC_334.jpg?fit=752%2C500&ssl=1\",\"width\":752,\"height\":500},{\"@type\":\"BreadcrumbList\",\"@id\":\"https:\\\/\\\/infos-droitshumains.net\\\/?p=7329#breadcrumb\",\"itemListElement\":[{\"@type\":\"ListItem\",\"position\":1,\"name\":\"Accueil\",\"item\":\"https:\\\/\\\/infos-droitshumains.net\\\/\"},{\"@type\":\"ListItem\",\"position\":2,\"name\":\"Kinshasa: L\u2019ASBL Telemisa Bumbu a rendu les derniers hommages au r\u00e9v\u00e9rend Willy Kuaso Luyindadio\"}]},{\"@type\":\"WebSite\",\"@id\":\"https:\\\/\\\/infos-droitshumains.net\\\/#website\",\"url\":\"https:\\\/\\\/infos-droitshumains.net\\\/\",\"name\":\"Infos Droits Humains\",\"description\":\"S&#039;informer est un droit\",\"publisher\":{\"@id\":\"https:\\\/\\\/infos-droitshumains.net\\\/#organization\"},\"potentialAction\":[{\"@type\":\"SearchAction\",\"target\":{\"@type\":\"EntryPoint\",\"urlTemplate\":\"https:\\\/\\\/infos-droitshumains.net\\\/?s={search_term_string}\"},\"query-input\":{\"@type\":\"PropertyValueSpecification\",\"valueRequired\":true,\"valueName\":\"search_term_string\"}}],\"inLanguage\":\"fr-FR\"},{\"@type\":\"Organization\",\"@id\":\"https:\\\/\\\/infos-droitshumains.net\\\/#organization\",\"name\":\"Infos Droits Humains\",\"url\":\"https:\\\/\\\/infos-droitshumains.net\\\/\",\"logo\":{\"@type\":\"ImageObject\",\"inLanguage\":\"fr-FR\",\"@id\":\"https:\\\/\\\/infos-droitshumains.net\\\/#\\\/schema\\\/logo\\\/image\\\/\",\"url\":\"https:\\\/\\\/i0.wp.com\\\/infos-droitshumains.net\\\/wp-content\\\/uploads\\\/2022\\\/05\\\/Logo.png?fit=333%2C129&ssl=1\",\"contentUrl\":\"https:\\\/\\\/i0.wp.com\\\/infos-droitshumains.net\\\/wp-content\\\/uploads\\\/2022\\\/05\\\/Logo.png?fit=333%2C129&ssl=1\",\"width\":333,\"height\":129,\"caption\":\"Infos Droits Humains\"},\"image\":{\"@id\":\"https:\\\/\\\/infos-droitshumains.net\\\/#\\\/schema\\\/logo\\\/image\\\/\"}},{\"@type\":\"Person\",\"@id\":\"https:\\\/\\\/infos-droitshumains.net\\\/#\\\/schema\\\/person\\\/3dc5e921c3302172e0ed4362f96faab7\",\"name\":\"Jo\u00ebl Diawa\",\"image\":{\"@type\":\"ImageObject\",\"inLanguage\":\"fr-FR\",\"@id\":\"https:\\\/\\\/secure.gravatar.com\\\/avatar\\\/729bea6ff4604c624417803c477363be8e3c7186deaa65713313f9b4b820f41c?s=96&d=mm&r=g\",\"url\":\"https:\\\/\\\/secure.gravatar.com\\\/avatar\\\/729bea6ff4604c624417803c477363be8e3c7186deaa65713313f9b4b820f41c?s=96&d=mm&r=g\",\"contentUrl\":\"https:\\\/\\\/secure.gravatar.com\\\/avatar\\\/729bea6ff4604c624417803c477363be8e3c7186deaa65713313f9b4b820f41c?s=96&d=mm&r=g\",\"caption\":\"Jo\u00ebl Diawa\"},\"sameAs\":[\"https:\\\/\\\/www.infos-droitshumains.net\"],\"url\":\"https:\\\/\\\/infos-droitshumains.net\\\/?author=2\"}]}<\/script>\n<!-- \/ Yoast SEO plugin. -->","yoast_head_json":{"title":"Kinshasa: L\u2019ASBL Telemisa Bumbu a rendu les derniers hommages au r\u00e9v\u00e9rend Willy Kuaso Luyindadio - Infos Droits Humains","robots":{"index":"index","follow":"follow","max-snippet":"max-snippet:-1","max-image-preview":"max-image-preview:large","max-video-preview":"max-video-preview:-1"},"canonical":"https:\/\/infos-droitshumains.net\/?p=7329","og_locale":"fr_FR","og_type":"article","og_title":"Kinshasa: L\u2019ASBL Telemisa Bumbu a rendu les derniers hommages au r\u00e9v\u00e9rend Willy Kuaso Luyindadio - Infos Droits Humains","og_description":"R\u00e9daction :+243817406088 D\u00e9c\u00e9d\u00e9 depuis le 03 juin dernier \u00e0 Kinshasa, le r\u00e9v\u00e9rend pasteur Willy Edouard...","og_url":"https:\/\/infos-droitshumains.net\/?p=7329","og_site_name":"Infos Droits Humains","article_published_time":"2023-06-20T08:12:28+00:00","article_modified_time":"2023-06-20T09:51:16+00:00","og_image":[{"width":752,"height":500,"url":"https:\/\/infos-droitshumains.net\/wp-content\/uploads\/2023\/06\/DSC_334.jpg","type":"image\/jpeg"}],"author":"Jo\u00ebl Diawa","twitter_card":"summary_large_image","twitter_misc":{"\u00c9crit par":"Jo\u00ebl Diawa","Dur\u00e9e de lecture estim\u00e9e":"3 minutes"},"schema":{"@context":"https:\/\/schema.org","@graph":[{"@type":"Article","@id":"https:\/\/infos-droitshumains.net\/?p=7329#article","isPartOf":{"@id":"https:\/\/infos-droitshumains.net\/?p=7329"},"author":{"name":"Jo\u00ebl Diawa","@id":"https:\/\/infos-droitshumains.net\/#\/schema\/person\/3dc5e921c3302172e0ed4362f96faab7"},"headline":"Kinshasa: L\u2019ASBL Telemisa Bumbu a rendu les derniers hommages au r\u00e9v\u00e9rend Willy Kuaso Luyindadio","datePublished":"2023-06-20T08:12:28+00:00","dateModified":"2023-06-20T09:51:16+00:00","mainEntityOfPage":{"@id":"https:\/\/infos-droitshumains.net\/?p=7329"},"wordCount":485,"commentCount":0,"publisher":{"@id":"https:\/\/infos-droitshumains.net\/#organization"},"image":{"@id":"https:\/\/infos-droitshumains.net\/?p=7329#primaryimage"},"thumbnailUrl":"https:\/\/i0.wp.com\/infos-droitshumains.net\/wp-content\/uploads\/2023\/06\/DSC_334.jpg?fit=752%2C500&ssl=1","articleSection":["Soci\u00e9t\u00e9"],"inLanguage":"fr-FR","potentialAction":[{"@type":"CommentAction","name":"Comment","target":["https:\/\/infos-droitshumains.net\/?p=7329#respond"]}]},{"@type":"WebPage","@id":"https:\/\/infos-droitshumains.net\/?p=7329","url":"https:\/\/infos-droitshumains.net\/?p=7329","name":"Kinshasa: L\u2019ASBL Telemisa Bumbu a rendu les derniers hommages au r\u00e9v\u00e9rend Willy Kuaso Luyindadio - Infos Droits Humains","isPartOf":{"@id":"https:\/\/infos-droitshumains.net\/#website"},"primaryImageOfPage":{"@id":"https:\/\/infos-droitshumains.net\/?p=7329#primaryimage"},"image":{"@id":"https:\/\/infos-droitshumains.net\/?p=7329#primaryimage"},"thumbnailUrl":"https:\/\/i0.wp.com\/infos-droitshumains.net\/wp-content\/uploads\/2023\/06\/DSC_334.jpg?fit=752%2C500&ssl=1","datePublished":"2023-06-20T08:12:28+00:00","dateModified":"2023-06-20T09:51:16+00:00","breadcrumb":{"@id":"https:\/\/infos-droitshumains.net\/?p=7329#breadcrumb"},"inLanguage":"fr-FR","potentialAction":[{"@type":"ReadAction","target":["https:\/\/infos-droitshumains.net\/?p=7329"]}]},{"@type":"ImageObject","inLanguage":"fr-FR","@id":"https:\/\/infos-droitshumains.net\/?p=7329#primaryimage","url":"https:\/\/i0.wp.com\/infos-droitshumains.net\/wp-content\/uploads\/2023\/06\/DSC_334.jpg?fit=752%2C500&ssl=1","contentUrl":"https:\/\/i0.wp.com\/infos-droitshumains.net\/wp-content\/uploads\/2023\/06\/DSC_334.jpg?fit=752%2C500&ssl=1","width":752,"height":500},{"@type":"BreadcrumbList","@id":"https:\/\/infos-droitshumains.net\/?p=7329#breadcrumb","itemListElement":[{"@type":"ListItem","position":1,"name":"Accueil","item":"https:\/\/infos-droitshumains.net\/"},{"@type":"ListItem","position":2,"name":"Kinshasa: L\u2019ASBL Telemisa Bumbu a rendu les derniers hommages au r\u00e9v\u00e9rend Willy Kuaso Luyindadio"}]},{"@type":"WebSite","@id":"https:\/\/infos-droitshumains.net\/#website","url":"https:\/\/infos-droitshumains.net\/","name":"Infos Droits Humains","description":"S&#039;informer est un droit","publisher":{"@id":"https:\/\/infos-droitshumains.net\/#organization"},"potentialAction":[{"@type":"SearchAction","target":{"@type":"EntryPoint","urlTemplate":"https:\/\/infos-droitshumains.net\/?s={search_term_string}"},"query-input":{"@type":"PropertyValueSpecification","valueRequired":true,"valueName":"search_term_string"}}],"inLanguage":"fr-FR"},{"@type":"Organization","@id":"https:\/\/infos-droitshumains.net\/#organization","name":"Infos Droits Humains","url":"https:\/\/infos-droitshumains.net\/","logo":{"@type":"ImageObject","inLanguage":"fr-FR","@id":"https:\/\/infos-droitshumains.net\/#\/schema\/logo\/image\/","url":"https:\/\/i0.wp.com\/infos-droitshumains.net\/wp-content\/uploads\/2022\/05\/Logo.png?fit=333%2C129&ssl=1","contentUrl":"https:\/\/i0.wp.com\/infos-droitshumains.net\/wp-content\/uploads\/2022\/05\/Logo.png?fit=333%2C129&ssl=1","width":333,"height":129,"caption":"Infos Droits Humains"},"image":{"@id":"https:\/\/infos-droitshumains.net\/#\/schema\/logo\/image\/"}},{"@type":"Person","@id":"https:\/\/infos-droitshumains.net\/#\/schema\/person\/3dc5e921c3302172e0ed4362f96faab7","name":"Jo\u00ebl Diawa","image":{"@type":"ImageObject","inLanguage":"fr-FR","@id":"https:\/\/secure.gravatar.com\/avatar\/729bea6ff4604c624417803c477363be8e3c7186deaa65713313f9b4b820f41c?s=96&d=mm&r=g","url":"https:\/\/secure.gravatar.com\/avatar\/729bea6ff4604c624417803c477363be8e3c7186deaa65713313f9b4b820f41c?s=96&d=mm&r=g","contentUrl":"https:\/\/secure.gravatar.com\/avatar\/729bea6ff4604c624417803c477363be8e3c7186deaa65713313f9b4b820f41c?s=96&d=mm&r=g","caption":"Jo\u00ebl Diawa"},"sameAs":["https:\/\/www.infos-droitshumains.net"],"url":"https:\/\/infos-droitshumains.net\/?author=2"}]}},"featured_image_urls":{"full":["https:\/\/i0.wp.com\/infos-droitshumains.net\/wp-content\/uploads\/2023\/06\/DSC_334.jpg?fit=752%2C500&ssl=1",752,500,false],"thumbnail":["https:\/\/i0.wp.com\/infos-droitshumains.net\/wp-content\/uploads\/2023\/06\/DSC_334.jpg?resize=150%2C150&ssl=1",150,150,true],"medium":["https:\/\/i0.wp.com\/infos-droitshumains.net\/wp-content\/uploads\/2023\/06\/DSC_334.jpg?fit=300%2C199&ssl=1",300,199,true],"medium_large":["https:\/\/i0.wp.com\/infos-droitshumains.net\/wp-content\/uploads\/2023\/06\/DSC_334.jpg?fit=640%2C426&ssl=1",640,426,true],"large":["https:\/\/i0.wp.com\/infos-droitshumains.net\/wp-content\/uploads\/2023\/06\/DSC_334.jpg?fit=640%2C426&ssl=1",640,426,true],"1536x1536":["https:\/\/i0.wp.com\/infos-droitshumains.net\/wp-content\/uploads\/2023\/06\/DSC_334.jpg?fit=752%2C500&ssl=1",752,500,true],"2048x2048":["https:\/\/i0.wp.com\/infos-droitshumains.net\/wp-content\/uploads\/2023\/06\/DSC_334.jpg?fit=752%2C500&ssl=1",752,500,true],"covernews-slider-full":["https:\/\/i0.wp.com\/infos-droitshumains.net\/wp-content\/uploads\/2023\/06\/DSC_334.jpg?resize=752%2C500&ssl=1",752,500,true],"covernews-slider-center":["https:\/\/i0.wp.com\/infos-droitshumains.net\/wp-content\/uploads\/2023\/06\/DSC_334.jpg?resize=752%2C500&ssl=1",752,500,true],"covernews-featured":["https:\/\/i0.wp.com\/infos-droitshumains.net\/wp-content\/uploads\/2023\/06\/DSC_334.jpg?fit=752%2C500&ssl=1",752,500,true],"covernews-medium":["https:\/\/i0.wp.com\/infos-droitshumains.net\/wp-content\/uploads\/2023\/06\/DSC_334.jpg?resize=540%2C340&ssl=1",540,340,true],"covernews-medium-square":["https:\/\/i0.wp.com\/infos-droitshumains.net\/wp-content\/uploads\/2023\/06\/DSC_334.jpg?resize=400%2C250&ssl=1",400,250,true]},"author_info":{"display_name":"Jo\u00ebl Diawa","author_link":"https:\/\/infos-droitshumains.net\/?author=2"},"category_info":"<a href=\"https:\/\/infos-droitshumains.net\/?cat=8\" rel=\"category\">Soci\u00e9t\u00e9<\/a>","tag_info":"Soci\u00e9t\u00e9","comment_count":"0","jetpack_featured_media_url":"https:\/\/i0.wp.com\/infos-droitshumains.net\/wp-content\/uploads\/2023\/06\/DSC_334.jpg?fit=752%2C500&ssl=1","jetpack-related-posts":[],"jetpack_sharing_enabled":true,"_links":{"self":[{"href":"https:\/\/infos-droitshumains.net\/index.php?rest_route=\/wp\/v2\/posts\/7329","targetHints":{"allow":["GET"]}}],"collection":[{"href":"https:\/\/infos-droitshumains.net\/index.php?rest_route=\/wp\/v2\/posts"}],"about":[{"href":"https:\/\/infos-droitshumains.net\/index.php?rest_route=\/wp\/v2\/types\/post"}],"author":[{"embeddable":true,"href":"https:\/\/infos-droitshumains.net\/index.php?rest_route=\/wp\/v2\/users\/2"}],"replies":[{"embeddable":true,"href":"https:\/\/infos-droitshumains.net\/index.php?rest_route=%2Fwp%2Fv2%2Fcomments&post=7329"}],"version-history":[{"count":3,"href":"https:\/\/infos-droitshumains.net\/index.php?rest_route=\/wp\/v2\/posts\/7329\/revisions"}],"predecessor-version":[{"id":7335,"href":"https:\/\/infos-droitshumains.net\/index.php?rest_route=\/wp\/v2\/posts\/7329\/revisions\/7335"}],"wp:featuredmedia":[{"embeddable":true,"href":"https:\/\/infos-droitshumains.net\/index.php?rest_route=\/wp\/v2\/media\/7330"}],"wp:attachment":[{"href":"https:\/\/infos-droitshumains.net\/index.php?rest_route=%2Fwp%2Fv2%2Fmedia&parent=7329"}],"wp:term":[{"taxonomy":"category","embeddable":true,"href":"https:\/\/infos-droitshumains.net\/index.php?rest_route=%2Fwp%2Fv2%2Fcategories&post=7329"},{"taxonomy":"post_tag","embeddable":true,"href":"https:\/\/infos-droitshumains.net\/index.php?rest_route=%2Fwp%2Fv2%2Ftags&post=7329"}],"curies":[{"name":"wp","href":"https:\/\/api.w.org\/{rel}","templated":true}]}}