{"id":732,"date":"2021-09-01T16:03:59","date_gmt":"2021-09-01T14:03:59","guid":{"rendered":"https:\/\/infos-droitshumains.net\/?p=732"},"modified":"2023-04-06T12:11:45","modified_gmt":"2023-04-06T10:11:45","slug":"gestion-des-hydrocarbures-en-rdc-le-ministre-didier-budimbu-eclaire-la-commission-environnement-de-lassemblee-nationale","status":"publish","type":"post","link":"https:\/\/infos-droitshumains.net\/?p=732","title":{"rendered":"Gestion des hydrocarbures en RDC: Le ministre Didier Budimbu \u00e9claire la commission Environnement de l&rsquo;Assembl\u00e9e Nationale"},"content":{"rendered":"\n<p>R\u00e9daction : +243817406088<\/p>\n\n\n\n<p>Apr\u00e8s le grand oral du 25 ao\u00fbt dernier qui  avait conduit la VPM de l\u2019Environnement, le ministre des Hydrocarbures ainsi que celui des Mines devant la commission Environnement, Tourisme, Ressources naturelles et D\u00e9veloppement durable (ETRDD)  de l\u2019Assembl\u00e9e nationale, seul le ministre des Hydrocarbure, Didier Budimbu, est revenu \u00e0 la barre pour r\u00e9pondre aux pr\u00e9occupations de  la commission. <\/p>\n\n\n\n<p>Au sujet de la gestion du portefeuille des Hydrocarbures, la commission a notamment demand\u00e9 au ministre de fournir d\u2019amples informations sur les activit\u00e9s de l\u2019amont et de l\u2019aval p\u00e9trolier. Par amont, il faut entendre les activit\u00e9s de prospection, l\u2019exploration, tandis que l\u2019aval correspond l\u2019exploitation, au raffinage, au stockage, \u00e0 la distribution et commercialisation des produits finis, et, cela, conform\u00e9ment \u00e0 la loi n\u00b015\/012 du 1er ao\u00fbt 2015 portant r\u00e9gime g\u00e9n\u00e9ral des hydrocarbures et du d\u00e9cret n\u00b0 16\/010 du 19 avril 2016 portant r\u00e8glement des hydrocarbures.<\/p>\n\n\n\n<p>Dans sa r\u00e9ponse, le ministre des Hydrocarbures a pr\u00e9cis\u00e9 qu\u2019en ce qui concerne l\u2019amont p\u00e9trolier, la RDC dispose de 3 bassins s\u00e9dimentaires, c\u2019est-\u00e0-dire des endroits susceptibles de contenir des hydrocarbures dans le sous-sol, dont le bassin c\u00f4tier \u00e0 l\u2019oc\u00e9an Atlantique, le Bassin de la cuvette centrale et le bassin de la branche Ouest du Rift du syst\u00e8me africain \u00e0 l\u2019Est de la RDC.<\/p>\n\n\n\n<p>A propos du d\u00e9gazage du golf de Kabuno dans le lac Kivu, Didier Budimbu a fait savoir que le processus a connu un retard parce que le gouvernement avait d\u00e9caiss\u00e9 une grande partie des fonds via le Bureau Central de Coordination (BCECO) ; la proc\u00e9dure de passation des march\u00e9s a connu du retard. Mais en m\u00eame temps, il a fait not\u00e9 \u00e0 la commission qu&rsquo;il \u00e9tait d\u00e9tenteur des preuves qu\u2019un d\u00e9caissement a \u00e9t\u00e9 effectu\u00e9 la semaine derni\u00e8re.<\/p>\n\n\n\n<p>Pour ce qui est de la situation avec l&rsquo;Angola, le ministre a annonc\u00e9 la rencontre des d\u00e9l\u00e9gations de haut niveau de deux Etats, d\u2019abord en terre angolaise puis en RDC pour finaliser cette situation qui a dur\u00e9.<\/p>\n\n\n\n<p><br> S\u2019agissant de la production p\u00e9troli\u00e8re de la soci\u00e9t\u00e9 Perenco sur la c\u00f4te atlantique, le ministre Budimbu a reconnu la n\u00e9cessit\u00e9 d\u2019un contr\u00f4le sur place pour conna\u00eetre exactement les donn\u00e9es concernant sa production de l\u2019unique unit\u00e9 de production p\u00e9troli\u00e8re en RDC.<\/p>\n","protected":false},"excerpt":{"rendered":"<p>R\u00e9daction : +243817406088 Apr\u00e8s le grand oral du 25 ao\u00fbt dernier qui avait conduit la&#8230;<\/p>\n","protected":false},"author":2,"featured_media":0,"comment_status":"closed","ping_status":"open","sticky":false,"template":"","format":"standard","meta":{"_jetpack_memberships_contains_paid_content":false,"footnotes":""},"categories":[1],"tags":[],"class_list":["post-732","post","type-post","status-publish","format-standard","hentry","category-non-classe"],"yoast_head":"<!-- This site is optimized with the Yoast SEO plugin v27.5 - https:\/\/yoast.com\/product\/yoast-seo-wordpress\/ -->\n<title>Gestion des hydrocarbures en RDC: Le ministre Didier Budimbu \u00e9claire la commission Environnement de l&#039;Assembl\u00e9e Nationale - Infos Droits Humains<\/title>\n<meta name=\"robots\" content=\"index, follow, max-snippet:-1, max-image-preview:large, max-video-preview:-1\" \/>\n<link rel=\"canonical\" href=\"https:\/\/infos-droitshumains.net\/?p=732\" \/>\n<meta property=\"og:locale\" content=\"fr_FR\" \/>\n<meta property=\"og:type\" content=\"article\" \/>\n<meta property=\"og:title\" content=\"Gestion des hydrocarbures en RDC: Le ministre Didier Budimbu \u00e9claire la commission Environnement de l&#039;Assembl\u00e9e Nationale - Infos Droits Humains\" \/>\n<meta property=\"og:description\" content=\"R\u00e9daction : +243817406088 Apr\u00e8s le grand oral du 25 ao\u00fbt dernier qui avait conduit la...\" \/>\n<meta property=\"og:url\" content=\"https:\/\/infos-droitshumains.net\/?p=732\" \/>\n<meta property=\"og:site_name\" content=\"Infos Droits Humains\" \/>\n<meta property=\"article:published_time\" content=\"2021-09-01T14:03:59+00:00\" \/>\n<meta property=\"article:modified_time\" content=\"2023-04-06T10:11:45+00:00\" \/>\n<meta name=\"author\" content=\"Jo\u00ebl Diawa\" \/>\n<meta name=\"twitter:card\" content=\"summary_large_image\" \/>\n<meta name=\"twitter:label1\" content=\"\u00c9crit par\" \/>\n\t<meta name=\"twitter:data1\" content=\"Jo\u00ebl Diawa\" \/>\n\t<meta name=\"twitter:label2\" content=\"Dur\u00e9e de lecture estim\u00e9e\" \/>\n\t<meta name=\"twitter:data2\" content=\"2 minutes\" \/>\n<script type=\"application\/ld+json\" class=\"yoast-schema-graph\">{\"@context\":\"https:\\\/\\\/schema.org\",\"@graph\":[{\"@type\":\"Article\",\"@id\":\"https:\\\/\\\/infos-droitshumains.net\\\/?p=732#article\",\"isPartOf\":{\"@id\":\"https:\\\/\\\/infos-droitshumains.net\\\/?p=732\"},\"author\":{\"name\":\"Jo\u00ebl Diawa\",\"@id\":\"https:\\\/\\\/infos-droitshumains.net\\\/#\\\/schema\\\/person\\\/3dc5e921c3302172e0ed4362f96faab7\"},\"headline\":\"Gestion des hydrocarbures en RDC: Le ministre Didier Budimbu \u00e9claire la commission Environnement de l&rsquo;Assembl\u00e9e Nationale\",\"datePublished\":\"2021-09-01T14:03:59+00:00\",\"dateModified\":\"2023-04-06T10:11:45+00:00\",\"mainEntityOfPage\":{\"@id\":\"https:\\\/\\\/infos-droitshumains.net\\\/?p=732\"},\"wordCount\":427,\"publisher\":{\"@id\":\"https:\\\/\\\/infos-droitshumains.net\\\/#organization\"},\"inLanguage\":\"fr-FR\"},{\"@type\":\"WebPage\",\"@id\":\"https:\\\/\\\/infos-droitshumains.net\\\/?p=732\",\"url\":\"https:\\\/\\\/infos-droitshumains.net\\\/?p=732\",\"name\":\"Gestion des hydrocarbures en RDC: Le ministre Didier Budimbu \u00e9claire la commission Environnement de l'Assembl\u00e9e Nationale - Infos Droits Humains\",\"isPartOf\":{\"@id\":\"https:\\\/\\\/infos-droitshumains.net\\\/#website\"},\"datePublished\":\"2021-09-01T14:03:59+00:00\",\"dateModified\":\"2023-04-06T10:11:45+00:00\",\"breadcrumb\":{\"@id\":\"https:\\\/\\\/infos-droitshumains.net\\\/?p=732#breadcrumb\"},\"inLanguage\":\"fr-FR\",\"potentialAction\":[{\"@type\":\"ReadAction\",\"target\":[\"https:\\\/\\\/infos-droitshumains.net\\\/?p=732\"]}]},{\"@type\":\"BreadcrumbList\",\"@id\":\"https:\\\/\\\/infos-droitshumains.net\\\/?p=732#breadcrumb\",\"itemListElement\":[{\"@type\":\"ListItem\",\"position\":1,\"name\":\"Accueil\",\"item\":\"https:\\\/\\\/infos-droitshumains.net\\\/\"},{\"@type\":\"ListItem\",\"position\":2,\"name\":\"Gestion des hydrocarbures en RDC: Le ministre Didier Budimbu \u00e9claire la commission Environnement de l&rsquo;Assembl\u00e9e Nationale\"}]},{\"@type\":\"WebSite\",\"@id\":\"https:\\\/\\\/infos-droitshumains.net\\\/#website\",\"url\":\"https:\\\/\\\/infos-droitshumains.net\\\/\",\"name\":\"Infos Droits Humains\",\"description\":\"S&#039;informer est un droit\",\"publisher\":{\"@id\":\"https:\\\/\\\/infos-droitshumains.net\\\/#organization\"},\"potentialAction\":[{\"@type\":\"SearchAction\",\"target\":{\"@type\":\"EntryPoint\",\"urlTemplate\":\"https:\\\/\\\/infos-droitshumains.net\\\/?s={search_term_string}\"},\"query-input\":{\"@type\":\"PropertyValueSpecification\",\"valueRequired\":true,\"valueName\":\"search_term_string\"}}],\"inLanguage\":\"fr-FR\"},{\"@type\":\"Organization\",\"@id\":\"https:\\\/\\\/infos-droitshumains.net\\\/#organization\",\"name\":\"Infos Droits Humains\",\"url\":\"https:\\\/\\\/infos-droitshumains.net\\\/\",\"logo\":{\"@type\":\"ImageObject\",\"inLanguage\":\"fr-FR\",\"@id\":\"https:\\\/\\\/infos-droitshumains.net\\\/#\\\/schema\\\/logo\\\/image\\\/\",\"url\":\"https:\\\/\\\/i0.wp.com\\\/infos-droitshumains.net\\\/wp-content\\\/uploads\\\/2022\\\/05\\\/Logo.png?fit=333%2C129&ssl=1\",\"contentUrl\":\"https:\\\/\\\/i0.wp.com\\\/infos-droitshumains.net\\\/wp-content\\\/uploads\\\/2022\\\/05\\\/Logo.png?fit=333%2C129&ssl=1\",\"width\":333,\"height\":129,\"caption\":\"Infos Droits Humains\"},\"image\":{\"@id\":\"https:\\\/\\\/infos-droitshumains.net\\\/#\\\/schema\\\/logo\\\/image\\\/\"}},{\"@type\":\"Person\",\"@id\":\"https:\\\/\\\/infos-droitshumains.net\\\/#\\\/schema\\\/person\\\/3dc5e921c3302172e0ed4362f96faab7\",\"name\":\"Jo\u00ebl Diawa\",\"image\":{\"@type\":\"ImageObject\",\"inLanguage\":\"fr-FR\",\"@id\":\"https:\\\/\\\/secure.gravatar.com\\\/avatar\\\/729bea6ff4604c624417803c477363be8e3c7186deaa65713313f9b4b820f41c?s=96&d=mm&r=g\",\"url\":\"https:\\\/\\\/secure.gravatar.com\\\/avatar\\\/729bea6ff4604c624417803c477363be8e3c7186deaa65713313f9b4b820f41c?s=96&d=mm&r=g\",\"contentUrl\":\"https:\\\/\\\/secure.gravatar.com\\\/avatar\\\/729bea6ff4604c624417803c477363be8e3c7186deaa65713313f9b4b820f41c?s=96&d=mm&r=g\",\"caption\":\"Jo\u00ebl Diawa\"},\"sameAs\":[\"https:\\\/\\\/www.infos-droitshumains.net\"],\"url\":\"https:\\\/\\\/infos-droitshumains.net\\\/?author=2\"}]}<\/script>\n<!-- \/ Yoast SEO plugin. -->","yoast_head_json":{"title":"Gestion des hydrocarbures en RDC: Le ministre Didier Budimbu \u00e9claire la commission Environnement de l'Assembl\u00e9e Nationale - Infos Droits Humains","robots":{"index":"index","follow":"follow","max-snippet":"max-snippet:-1","max-image-preview":"max-image-preview:large","max-video-preview":"max-video-preview:-1"},"canonical":"https:\/\/infos-droitshumains.net\/?p=732","og_locale":"fr_FR","og_type":"article","og_title":"Gestion des hydrocarbures en RDC: Le ministre Didier Budimbu \u00e9claire la commission Environnement de l'Assembl\u00e9e Nationale - Infos Droits Humains","og_description":"R\u00e9daction : +243817406088 Apr\u00e8s le grand oral du 25 ao\u00fbt dernier qui avait conduit la...","og_url":"https:\/\/infos-droitshumains.net\/?p=732","og_site_name":"Infos Droits Humains","article_published_time":"2021-09-01T14:03:59+00:00","article_modified_time":"2023-04-06T10:11:45+00:00","author":"Jo\u00ebl Diawa","twitter_card":"summary_large_image","twitter_misc":{"\u00c9crit par":"Jo\u00ebl Diawa","Dur\u00e9e de lecture estim\u00e9e":"2 minutes"},"schema":{"@context":"https:\/\/schema.org","@graph":[{"@type":"Article","@id":"https:\/\/infos-droitshumains.net\/?p=732#article","isPartOf":{"@id":"https:\/\/infos-droitshumains.net\/?p=732"},"author":{"name":"Jo\u00ebl Diawa","@id":"https:\/\/infos-droitshumains.net\/#\/schema\/person\/3dc5e921c3302172e0ed4362f96faab7"},"headline":"Gestion des hydrocarbures en RDC: Le ministre Didier Budimbu \u00e9claire la commission Environnement de l&rsquo;Assembl\u00e9e Nationale","datePublished":"2021-09-01T14:03:59+00:00","dateModified":"2023-04-06T10:11:45+00:00","mainEntityOfPage":{"@id":"https:\/\/infos-droitshumains.net\/?p=732"},"wordCount":427,"publisher":{"@id":"https:\/\/infos-droitshumains.net\/#organization"},"inLanguage":"fr-FR"},{"@type":"WebPage","@id":"https:\/\/infos-droitshumains.net\/?p=732","url":"https:\/\/infos-droitshumains.net\/?p=732","name":"Gestion des hydrocarbures en RDC: Le ministre Didier Budimbu \u00e9claire la commission Environnement de l'Assembl\u00e9e Nationale - Infos Droits Humains","isPartOf":{"@id":"https:\/\/infos-droitshumains.net\/#website"},"datePublished":"2021-09-01T14:03:59+00:00","dateModified":"2023-04-06T10:11:45+00:00","breadcrumb":{"@id":"https:\/\/infos-droitshumains.net\/?p=732#breadcrumb"},"inLanguage":"fr-FR","potentialAction":[{"@type":"ReadAction","target":["https:\/\/infos-droitshumains.net\/?p=732"]}]},{"@type":"BreadcrumbList","@id":"https:\/\/infos-droitshumains.net\/?p=732#breadcrumb","itemListElement":[{"@type":"ListItem","position":1,"name":"Accueil","item":"https:\/\/infos-droitshumains.net\/"},{"@type":"ListItem","position":2,"name":"Gestion des hydrocarbures en RDC: Le ministre Didier Budimbu \u00e9claire la commission Environnement de l&rsquo;Assembl\u00e9e Nationale"}]},{"@type":"WebSite","@id":"https:\/\/infos-droitshumains.net\/#website","url":"https:\/\/infos-droitshumains.net\/","name":"Infos Droits Humains","description":"S&#039;informer est un droit","publisher":{"@id":"https:\/\/infos-droitshumains.net\/#organization"},"potentialAction":[{"@type":"SearchAction","target":{"@type":"EntryPoint","urlTemplate":"https:\/\/infos-droitshumains.net\/?s={search_term_string}"},"query-input":{"@type":"PropertyValueSpecification","valueRequired":true,"valueName":"search_term_string"}}],"inLanguage":"fr-FR"},{"@type":"Organization","@id":"https:\/\/infos-droitshumains.net\/#organization","name":"Infos Droits Humains","url":"https:\/\/infos-droitshumains.net\/","logo":{"@type":"ImageObject","inLanguage":"fr-FR","@id":"https:\/\/infos-droitshumains.net\/#\/schema\/logo\/image\/","url":"https:\/\/i0.wp.com\/infos-droitshumains.net\/wp-content\/uploads\/2022\/05\/Logo.png?fit=333%2C129&ssl=1","contentUrl":"https:\/\/i0.wp.com\/infos-droitshumains.net\/wp-content\/uploads\/2022\/05\/Logo.png?fit=333%2C129&ssl=1","width":333,"height":129,"caption":"Infos Droits Humains"},"image":{"@id":"https:\/\/infos-droitshumains.net\/#\/schema\/logo\/image\/"}},{"@type":"Person","@id":"https:\/\/infos-droitshumains.net\/#\/schema\/person\/3dc5e921c3302172e0ed4362f96faab7","name":"Jo\u00ebl Diawa","image":{"@type":"ImageObject","inLanguage":"fr-FR","@id":"https:\/\/secure.gravatar.com\/avatar\/729bea6ff4604c624417803c477363be8e3c7186deaa65713313f9b4b820f41c?s=96&d=mm&r=g","url":"https:\/\/secure.gravatar.com\/avatar\/729bea6ff4604c624417803c477363be8e3c7186deaa65713313f9b4b820f41c?s=96&d=mm&r=g","contentUrl":"https:\/\/secure.gravatar.com\/avatar\/729bea6ff4604c624417803c477363be8e3c7186deaa65713313f9b4b820f41c?s=96&d=mm&r=g","caption":"Jo\u00ebl Diawa"},"sameAs":["https:\/\/www.infos-droitshumains.net"],"url":"https:\/\/infos-droitshumains.net\/?author=2"}]}},"featured_image_urls":{"full":"","thumbnail":"","medium":"","medium_large":"","large":"","1536x1536":"","2048x2048":"","covernews-slider-full":"","covernews-slider-center":"","covernews-featured":"","covernews-medium":"","covernews-medium-square":""},"author_info":{"display_name":"Jo\u00ebl Diawa","author_link":"https:\/\/infos-droitshumains.net\/?author=2"},"category_info":"<a href=\"https:\/\/infos-droitshumains.net\/?cat=1\" rel=\"category\">Non class\u00e9<\/a>","tag_info":"Non class\u00e9","comment_count":"0","jetpack_featured_media_url":"","jetpack-related-posts":[],"jetpack_sharing_enabled":true,"_links":{"self":[{"href":"https:\/\/infos-droitshumains.net\/index.php?rest_route=\/wp\/v2\/posts\/732","targetHints":{"allow":["GET"]}}],"collection":[{"href":"https:\/\/infos-droitshumains.net\/index.php?rest_route=\/wp\/v2\/posts"}],"about":[{"href":"https:\/\/infos-droitshumains.net\/index.php?rest_route=\/wp\/v2\/types\/post"}],"author":[{"embeddable":true,"href":"https:\/\/infos-droitshumains.net\/index.php?rest_route=\/wp\/v2\/users\/2"}],"replies":[{"embeddable":true,"href":"https:\/\/infos-droitshumains.net\/index.php?rest_route=%2Fwp%2Fv2%2Fcomments&post=732"}],"version-history":[{"count":2,"href":"https:\/\/infos-droitshumains.net\/index.php?rest_route=\/wp\/v2\/posts\/732\/revisions"}],"predecessor-version":[{"id":736,"href":"https:\/\/infos-droitshumains.net\/index.php?rest_route=\/wp\/v2\/posts\/732\/revisions\/736"}],"wp:attachment":[{"href":"https:\/\/infos-droitshumains.net\/index.php?rest_route=%2Fwp%2Fv2%2Fmedia&parent=732"}],"wp:term":[{"taxonomy":"category","embeddable":true,"href":"https:\/\/infos-droitshumains.net\/index.php?rest_route=%2Fwp%2Fv2%2Fcategories&post=732"},{"taxonomy":"post_tag","embeddable":true,"href":"https:\/\/infos-droitshumains.net\/index.php?rest_route=%2Fwp%2Fv2%2Ftags&post=732"}],"curies":[{"name":"wp","href":"https:\/\/api.w.org\/{rel}","templated":true}]}}