{"id":7308,"date":"2023-06-15T22:32:46","date_gmt":"2023-06-15T20:32:46","guid":{"rendered":"https:\/\/infos-droitshumains.net\/?p=7308"},"modified":"2023-06-16T00:29:31","modified_gmt":"2023-06-15T22:29:31","slug":"10eme-anniversaire-de-la-signature-du-communique-conjoint-entre-la-rdc-et-lonu-sur-la-lutte-contre-les-violences-sexuelles-liees-aux-conflits-pramilia-patten-insiste-sur-les-actions-de-preve","status":"publish","type":"post","link":"https:\/\/infos-droitshumains.net\/?p=7308","title":{"rendered":"10\u00e8me anniversaire de la signature du communiqu\u00e9 conjoint entre la RDC et l\u2019ONU sur la lutte contre les violences sexuelles li\u00e9es aux conflits: Pramilia Patten insiste sur les actions de pr\u00e9vention pour \u00e9radiquer ce fl\u00e9au"},"content":{"rendered":"\n<p><strong>R\u00e9daction :+243817406088<\/strong><\/p>\n\n\n\n<h4 class=\"wp-block-heading has-vivid-red-color has-text-color\">La R\u00e9publique D\u00e9mocratique du Congo et les Nations Unies ont c\u00e9l\u00e9br\u00e9 ce jeudi 15 juin \u00e0 Kinshasa le 10<sup>\u00e8me<\/sup> anniversaire de la signature entre les deux parties du communiqu\u00e9 conjoint sur la lutte contre les violences sexuelles en p\u00e9riode des conflits&nbsp;; c\u2019\u00e9tait au cours d\u2019une rencontre organis\u00e9e par la coordination en charge de la jeunesse, lutte contre les violences faites aux femmes et traite des personnes avec l&rsquo;appui du Bureau Conjoint des Nations Unies aux Droits de l&rsquo;Homme.<\/h4>\n\n\n\n<p>\u00c0 en croire la coordonnatrice en charge de la jeunesse, lutte contre les violences faites aux femmes et traite des personnes, la situation des violences sexuelles li\u00e9es aux conflits reste critique en RDC et plusieurs femmes continuent d&rsquo;en \u00eatre victimes en d\u00e9pit des efforts d\u00e9j\u00e0 consentis.<\/p>\n\n\n\n<p><em>\u00ab&nbsp;Rien n&rsquo;est besoin de rappeler ici que des milliers des femmes continuent \u00e0 subir les violences sexuelles dans les zones occup\u00e9es par les groupes arm\u00e9. Sans oublier que 3.000.000 d&rsquo;enfants n\u00e9s des viols ne conna\u00eetront jamais l&rsquo;amour d&rsquo;un p\u00e8re, la tendresse d&rsquo;une m\u00e8re et la joie du vivre ensemble du fait de la stigmatisation et du rejet par la communaut\u00e9&nbsp;\u00bb<\/em>, a rappel\u00e9 Chantal Mulop.<\/p>\n\n\n\n<p>La repr\u00e9sentante sp\u00e9ciale du Secr\u00e9taire G\u00e9n\u00e9ral des Nations Unies charg\u00e9e de la question des violences sexuelles commises en p\u00e9riode des conflits&nbsp; a martel\u00e9 sur <em>\u00ab&nbsp;l&rsquo;importance des actions de pr\u00e9vention dans la lutte contre les violences sexuelles li\u00e9es aux conflits&nbsp;\u00bb<\/em> sans lesquelles Pramilia Patten estime que \u00ab&nbsp;les progr\u00e8s resteront fragiles&nbsp;\u00bb. Au regard de ce constat accablant, outre les condamnations, elle propose que&nbsp;la protection des populations civiles soit au c\u0153ur de l\u2019&nbsp;<em>\u00ab&nbsp;attention&nbsp;\u00bb<\/em> et des <em>\u00ab&nbsp;efforts collectifs&nbsp;\u00bb.<\/em><\/p>\n\n\n\n<p>Le gouvernement congolais repr\u00e9sent\u00e9 par le ministre d&rsquo;\u00c9tat en charge du d\u00e9veloppement rural, a rassur\u00e9 cette lutte fait partie de ses priorit\u00e9s et qu&rsquo;il ne cessera d&rsquo;am\u00e9nager des efforts pour \u00e9radiquer ce fl\u00e9au.<\/p>\n\n\n\n<p><em>\u00ab&nbsp;Lutter contre l&rsquo;impunit\u00e9 des auteurs des violences sexuelles li\u00e9es aux conflits en assurant l&rsquo;acc\u00e8s des victimes \u00e0 la justice \u00e9tant l&rsquo;un des piliers cl\u00e9s de l&rsquo;\u00e9tat de droit plac\u00e9 au centre des priorit\u00e9s de son excellence F\u00e9lix Tshisekedi et du programme du gouvernement que conduit le Premier-Ministre Sama Lukonde. Le gouvernement de la R\u00e9publique est d\u00e9termin\u00e9 \u00e0 lutter efficacement contre ces crimes&nbsp;\u00bb<\/em>, a rassur\u00e9 Fran\u00e7ois Rubota qui repr\u00e9sentait le Premier-Ministre.<\/p>\n\n\n\n<p>Ce communiqu\u00e9 conjoint entre la RDC et les Nations Unies sur la lutte contre les violences sexuelles en p\u00e9riode des conflits a \u00e9t\u00e9 sign\u00e9 le 30 mars 2013. il est la r\u00e9sultante de la mise en \u0153uvre des r\u00e9solutions 1820, 1888 et 1860 du Conseil de S\u00e9curit\u00e9 de l&rsquo;ONU portant mise en place des m\u00e9canismes efficaces de protection contre les violences sexuelles en situation des conflits.<\/p>\n\n\n\n<p>AM<\/p>\n","protected":false},"excerpt":{"rendered":"<p>R\u00e9daction :+243817406088 La R\u00e9publique D\u00e9mocratique du Congo et les Nations Unies ont c\u00e9l\u00e9br\u00e9 ce jeudi&#8230;<\/p>\n","protected":false},"author":2,"featured_media":7313,"comment_status":"open","ping_status":"open","sticky":false,"template":"","format":"standard","meta":{"_jetpack_memberships_contains_paid_content":false,"footnotes":""},"categories":[7],"tags":[],"class_list":["post-7308","post","type-post","status-publish","format-standard","has-post-thumbnail","hentry","category-droits-humains"],"yoast_head":"<!-- This site is optimized with the Yoast SEO plugin v27.5 - https:\/\/yoast.com\/product\/yoast-seo-wordpress\/ -->\n<title>10\u00e8me anniversaire de la signature du communiqu\u00e9 conjoint entre la RDC et l\u2019ONU sur la lutte contre les violences sexuelles li\u00e9es aux conflits: Pramilia Patten insiste sur les actions de pr\u00e9vention pour \u00e9radiquer ce fl\u00e9au - Infos Droits Humains<\/title>\n<meta name=\"robots\" content=\"index, follow, max-snippet:-1, max-image-preview:large, max-video-preview:-1\" \/>\n<link rel=\"canonical\" href=\"https:\/\/infos-droitshumains.net\/?p=7308\" \/>\n<meta property=\"og:locale\" content=\"fr_FR\" \/>\n<meta property=\"og:type\" content=\"article\" \/>\n<meta property=\"og:title\" content=\"10\u00e8me anniversaire de la signature du communiqu\u00e9 conjoint entre la RDC et l\u2019ONU sur la lutte contre les violences sexuelles li\u00e9es aux conflits: Pramilia Patten insiste sur les actions de pr\u00e9vention pour \u00e9radiquer ce fl\u00e9au - Infos Droits Humains\" \/>\n<meta property=\"og:description\" content=\"R\u00e9daction :+243817406088 La R\u00e9publique D\u00e9mocratique du Congo et les Nations Unies ont c\u00e9l\u00e9br\u00e9 ce jeudi...\" \/>\n<meta property=\"og:url\" content=\"https:\/\/infos-droitshumains.net\/?p=7308\" \/>\n<meta property=\"og:site_name\" content=\"Infos Droits Humains\" \/>\n<meta property=\"article:published_time\" content=\"2023-06-15T20:32:46+00:00\" \/>\n<meta property=\"article:modified_time\" content=\"2023-06-15T22:29:31+00:00\" \/>\n<meta property=\"og:image\" content=\"https:\/\/infos-droitshumains.net\/wp-content\/uploads\/2023\/06\/IMG-20230615-WA0008_1.jpg\" \/>\n\t<meta property=\"og:image:width\" content=\"780\" \/>\n\t<meta property=\"og:image:height\" content=\"855\" \/>\n\t<meta property=\"og:image:type\" content=\"image\/jpeg\" \/>\n<meta name=\"author\" content=\"Jo\u00ebl Diawa\" \/>\n<meta name=\"twitter:card\" content=\"summary_large_image\" \/>\n<meta name=\"twitter:label1\" content=\"\u00c9crit par\" \/>\n\t<meta name=\"twitter:data1\" content=\"Jo\u00ebl Diawa\" \/>\n\t<meta name=\"twitter:label2\" content=\"Dur\u00e9e de lecture estim\u00e9e\" \/>\n\t<meta name=\"twitter:data2\" content=\"3 minutes\" \/>\n<script type=\"application\/ld+json\" class=\"yoast-schema-graph\">{\"@context\":\"https:\\\/\\\/schema.org\",\"@graph\":[{\"@type\":\"Article\",\"@id\":\"https:\\\/\\\/infos-droitshumains.net\\\/?p=7308#article\",\"isPartOf\":{\"@id\":\"https:\\\/\\\/infos-droitshumains.net\\\/?p=7308\"},\"author\":{\"name\":\"Jo\u00ebl Diawa\",\"@id\":\"https:\\\/\\\/infos-droitshumains.net\\\/#\\\/schema\\\/person\\\/3dc5e921c3302172e0ed4362f96faab7\"},\"headline\":\"10\u00e8me anniversaire de la signature du communiqu\u00e9 conjoint entre la RDC et l\u2019ONU sur la lutte contre les violences sexuelles li\u00e9es aux conflits: Pramilia Patten insiste sur les actions de pr\u00e9vention pour \u00e9radiquer ce fl\u00e9au\",\"datePublished\":\"2023-06-15T20:32:46+00:00\",\"dateModified\":\"2023-06-15T22:29:31+00:00\",\"mainEntityOfPage\":{\"@id\":\"https:\\\/\\\/infos-droitshumains.net\\\/?p=7308\"},\"wordCount\":527,\"commentCount\":0,\"publisher\":{\"@id\":\"https:\\\/\\\/infos-droitshumains.net\\\/#organization\"},\"image\":{\"@id\":\"https:\\\/\\\/infos-droitshumains.net\\\/?p=7308#primaryimage\"},\"thumbnailUrl\":\"https:\\\/\\\/i0.wp.com\\\/infos-droitshumains.net\\\/wp-content\\\/uploads\\\/2023\\\/06\\\/IMG-20230615-WA0008_1.jpg?fit=780%2C855&ssl=1\",\"articleSection\":[\"Droits Humains\"],\"inLanguage\":\"fr-FR\",\"potentialAction\":[{\"@type\":\"CommentAction\",\"name\":\"Comment\",\"target\":[\"https:\\\/\\\/infos-droitshumains.net\\\/?p=7308#respond\"]}]},{\"@type\":\"WebPage\",\"@id\":\"https:\\\/\\\/infos-droitshumains.net\\\/?p=7308\",\"url\":\"https:\\\/\\\/infos-droitshumains.net\\\/?p=7308\",\"name\":\"10\u00e8me anniversaire de la signature du communiqu\u00e9 conjoint entre la RDC et l\u2019ONU sur la lutte contre les violences sexuelles li\u00e9es aux conflits: Pramilia Patten insiste sur les actions de pr\u00e9vention pour \u00e9radiquer ce fl\u00e9au - Infos Droits Humains\",\"isPartOf\":{\"@id\":\"https:\\\/\\\/infos-droitshumains.net\\\/#website\"},\"primaryImageOfPage\":{\"@id\":\"https:\\\/\\\/infos-droitshumains.net\\\/?p=7308#primaryimage\"},\"image\":{\"@id\":\"https:\\\/\\\/infos-droitshumains.net\\\/?p=7308#primaryimage\"},\"thumbnailUrl\":\"https:\\\/\\\/i0.wp.com\\\/infos-droitshumains.net\\\/wp-content\\\/uploads\\\/2023\\\/06\\\/IMG-20230615-WA0008_1.jpg?fit=780%2C855&ssl=1\",\"datePublished\":\"2023-06-15T20:32:46+00:00\",\"dateModified\":\"2023-06-15T22:29:31+00:00\",\"breadcrumb\":{\"@id\":\"https:\\\/\\\/infos-droitshumains.net\\\/?p=7308#breadcrumb\"},\"inLanguage\":\"fr-FR\",\"potentialAction\":[{\"@type\":\"ReadAction\",\"target\":[\"https:\\\/\\\/infos-droitshumains.net\\\/?p=7308\"]}]},{\"@type\":\"ImageObject\",\"inLanguage\":\"fr-FR\",\"@id\":\"https:\\\/\\\/infos-droitshumains.net\\\/?p=7308#primaryimage\",\"url\":\"https:\\\/\\\/i0.wp.com\\\/infos-droitshumains.net\\\/wp-content\\\/uploads\\\/2023\\\/06\\\/IMG-20230615-WA0008_1.jpg?fit=780%2C855&ssl=1\",\"contentUrl\":\"https:\\\/\\\/i0.wp.com\\\/infos-droitshumains.net\\\/wp-content\\\/uploads\\\/2023\\\/06\\\/IMG-20230615-WA0008_1.jpg?fit=780%2C855&ssl=1\",\"width\":780,\"height\":855},{\"@type\":\"BreadcrumbList\",\"@id\":\"https:\\\/\\\/infos-droitshumains.net\\\/?p=7308#breadcrumb\",\"itemListElement\":[{\"@type\":\"ListItem\",\"position\":1,\"name\":\"Accueil\",\"item\":\"https:\\\/\\\/infos-droitshumains.net\\\/\"},{\"@type\":\"ListItem\",\"position\":2,\"name\":\"10\u00e8me anniversaire de la signature du communiqu\u00e9 conjoint entre la RDC et l\u2019ONU sur la lutte contre les violences sexuelles li\u00e9es aux conflits: Pramilia Patten insiste sur les actions de pr\u00e9vention pour \u00e9radiquer ce fl\u00e9au\"}]},{\"@type\":\"WebSite\",\"@id\":\"https:\\\/\\\/infos-droitshumains.net\\\/#website\",\"url\":\"https:\\\/\\\/infos-droitshumains.net\\\/\",\"name\":\"Infos Droits Humains\",\"description\":\"S&#039;informer est un droit\",\"publisher\":{\"@id\":\"https:\\\/\\\/infos-droitshumains.net\\\/#organization\"},\"potentialAction\":[{\"@type\":\"SearchAction\",\"target\":{\"@type\":\"EntryPoint\",\"urlTemplate\":\"https:\\\/\\\/infos-droitshumains.net\\\/?s={search_term_string}\"},\"query-input\":{\"@type\":\"PropertyValueSpecification\",\"valueRequired\":true,\"valueName\":\"search_term_string\"}}],\"inLanguage\":\"fr-FR\"},{\"@type\":\"Organization\",\"@id\":\"https:\\\/\\\/infos-droitshumains.net\\\/#organization\",\"name\":\"Infos Droits Humains\",\"url\":\"https:\\\/\\\/infos-droitshumains.net\\\/\",\"logo\":{\"@type\":\"ImageObject\",\"inLanguage\":\"fr-FR\",\"@id\":\"https:\\\/\\\/infos-droitshumains.net\\\/#\\\/schema\\\/logo\\\/image\\\/\",\"url\":\"https:\\\/\\\/i0.wp.com\\\/infos-droitshumains.net\\\/wp-content\\\/uploads\\\/2022\\\/05\\\/Logo.png?fit=333%2C129&ssl=1\",\"contentUrl\":\"https:\\\/\\\/i0.wp.com\\\/infos-droitshumains.net\\\/wp-content\\\/uploads\\\/2022\\\/05\\\/Logo.png?fit=333%2C129&ssl=1\",\"width\":333,\"height\":129,\"caption\":\"Infos Droits Humains\"},\"image\":{\"@id\":\"https:\\\/\\\/infos-droitshumains.net\\\/#\\\/schema\\\/logo\\\/image\\\/\"}},{\"@type\":\"Person\",\"@id\":\"https:\\\/\\\/infos-droitshumains.net\\\/#\\\/schema\\\/person\\\/3dc5e921c3302172e0ed4362f96faab7\",\"name\":\"Jo\u00ebl Diawa\",\"image\":{\"@type\":\"ImageObject\",\"inLanguage\":\"fr-FR\",\"@id\":\"https:\\\/\\\/secure.gravatar.com\\\/avatar\\\/729bea6ff4604c624417803c477363be8e3c7186deaa65713313f9b4b820f41c?s=96&d=mm&r=g\",\"url\":\"https:\\\/\\\/secure.gravatar.com\\\/avatar\\\/729bea6ff4604c624417803c477363be8e3c7186deaa65713313f9b4b820f41c?s=96&d=mm&r=g\",\"contentUrl\":\"https:\\\/\\\/secure.gravatar.com\\\/avatar\\\/729bea6ff4604c624417803c477363be8e3c7186deaa65713313f9b4b820f41c?s=96&d=mm&r=g\",\"caption\":\"Jo\u00ebl Diawa\"},\"sameAs\":[\"https:\\\/\\\/www.infos-droitshumains.net\"],\"url\":\"https:\\\/\\\/infos-droitshumains.net\\\/?author=2\"}]}<\/script>\n<!-- \/ Yoast SEO plugin. -->","yoast_head_json":{"title":"10\u00e8me anniversaire de la signature du communiqu\u00e9 conjoint entre la RDC et l\u2019ONU sur la lutte contre les violences sexuelles li\u00e9es aux conflits: Pramilia Patten insiste sur les actions de pr\u00e9vention pour \u00e9radiquer ce fl\u00e9au - Infos Droits Humains","robots":{"index":"index","follow":"follow","max-snippet":"max-snippet:-1","max-image-preview":"max-image-preview:large","max-video-preview":"max-video-preview:-1"},"canonical":"https:\/\/infos-droitshumains.net\/?p=7308","og_locale":"fr_FR","og_type":"article","og_title":"10\u00e8me anniversaire de la signature du communiqu\u00e9 conjoint entre la RDC et l\u2019ONU sur la lutte contre les violences sexuelles li\u00e9es aux conflits: Pramilia Patten insiste sur les actions de pr\u00e9vention pour \u00e9radiquer ce fl\u00e9au - Infos Droits Humains","og_description":"R\u00e9daction :+243817406088 La R\u00e9publique D\u00e9mocratique du Congo et les Nations Unies ont c\u00e9l\u00e9br\u00e9 ce jeudi...","og_url":"https:\/\/infos-droitshumains.net\/?p=7308","og_site_name":"Infos Droits Humains","article_published_time":"2023-06-15T20:32:46+00:00","article_modified_time":"2023-06-15T22:29:31+00:00","og_image":[{"width":780,"height":855,"url":"https:\/\/infos-droitshumains.net\/wp-content\/uploads\/2023\/06\/IMG-20230615-WA0008_1.jpg","type":"image\/jpeg"}],"author":"Jo\u00ebl Diawa","twitter_card":"summary_large_image","twitter_misc":{"\u00c9crit par":"Jo\u00ebl Diawa","Dur\u00e9e de lecture estim\u00e9e":"3 minutes"},"schema":{"@context":"https:\/\/schema.org","@graph":[{"@type":"Article","@id":"https:\/\/infos-droitshumains.net\/?p=7308#article","isPartOf":{"@id":"https:\/\/infos-droitshumains.net\/?p=7308"},"author":{"name":"Jo\u00ebl Diawa","@id":"https:\/\/infos-droitshumains.net\/#\/schema\/person\/3dc5e921c3302172e0ed4362f96faab7"},"headline":"10\u00e8me anniversaire de la signature du communiqu\u00e9 conjoint entre la RDC et l\u2019ONU sur la lutte contre les violences sexuelles li\u00e9es aux conflits: Pramilia Patten insiste sur les actions de pr\u00e9vention pour \u00e9radiquer ce fl\u00e9au","datePublished":"2023-06-15T20:32:46+00:00","dateModified":"2023-06-15T22:29:31+00:00","mainEntityOfPage":{"@id":"https:\/\/infos-droitshumains.net\/?p=7308"},"wordCount":527,"commentCount":0,"publisher":{"@id":"https:\/\/infos-droitshumains.net\/#organization"},"image":{"@id":"https:\/\/infos-droitshumains.net\/?p=7308#primaryimage"},"thumbnailUrl":"https:\/\/i0.wp.com\/infos-droitshumains.net\/wp-content\/uploads\/2023\/06\/IMG-20230615-WA0008_1.jpg?fit=780%2C855&ssl=1","articleSection":["Droits Humains"],"inLanguage":"fr-FR","potentialAction":[{"@type":"CommentAction","name":"Comment","target":["https:\/\/infos-droitshumains.net\/?p=7308#respond"]}]},{"@type":"WebPage","@id":"https:\/\/infos-droitshumains.net\/?p=7308","url":"https:\/\/infos-droitshumains.net\/?p=7308","name":"10\u00e8me anniversaire de la signature du communiqu\u00e9 conjoint entre la RDC et l\u2019ONU sur la lutte contre les violences sexuelles li\u00e9es aux conflits: Pramilia Patten insiste sur les actions de pr\u00e9vention pour \u00e9radiquer ce fl\u00e9au - Infos Droits Humains","isPartOf":{"@id":"https:\/\/infos-droitshumains.net\/#website"},"primaryImageOfPage":{"@id":"https:\/\/infos-droitshumains.net\/?p=7308#primaryimage"},"image":{"@id":"https:\/\/infos-droitshumains.net\/?p=7308#primaryimage"},"thumbnailUrl":"https:\/\/i0.wp.com\/infos-droitshumains.net\/wp-content\/uploads\/2023\/06\/IMG-20230615-WA0008_1.jpg?fit=780%2C855&ssl=1","datePublished":"2023-06-15T20:32:46+00:00","dateModified":"2023-06-15T22:29:31+00:00","breadcrumb":{"@id":"https:\/\/infos-droitshumains.net\/?p=7308#breadcrumb"},"inLanguage":"fr-FR","potentialAction":[{"@type":"ReadAction","target":["https:\/\/infos-droitshumains.net\/?p=7308"]}]},{"@type":"ImageObject","inLanguage":"fr-FR","@id":"https:\/\/infos-droitshumains.net\/?p=7308#primaryimage","url":"https:\/\/i0.wp.com\/infos-droitshumains.net\/wp-content\/uploads\/2023\/06\/IMG-20230615-WA0008_1.jpg?fit=780%2C855&ssl=1","contentUrl":"https:\/\/i0.wp.com\/infos-droitshumains.net\/wp-content\/uploads\/2023\/06\/IMG-20230615-WA0008_1.jpg?fit=780%2C855&ssl=1","width":780,"height":855},{"@type":"BreadcrumbList","@id":"https:\/\/infos-droitshumains.net\/?p=7308#breadcrumb","itemListElement":[{"@type":"ListItem","position":1,"name":"Accueil","item":"https:\/\/infos-droitshumains.net\/"},{"@type":"ListItem","position":2,"name":"10\u00e8me anniversaire de la signature du communiqu\u00e9 conjoint entre la RDC et l\u2019ONU sur la lutte contre les violences sexuelles li\u00e9es aux conflits: Pramilia Patten insiste sur les actions de pr\u00e9vention pour \u00e9radiquer ce fl\u00e9au"}]},{"@type":"WebSite","@id":"https:\/\/infos-droitshumains.net\/#website","url":"https:\/\/infos-droitshumains.net\/","name":"Infos Droits Humains","description":"S&#039;informer est un droit","publisher":{"@id":"https:\/\/infos-droitshumains.net\/#organization"},"potentialAction":[{"@type":"SearchAction","target":{"@type":"EntryPoint","urlTemplate":"https:\/\/infos-droitshumains.net\/?s={search_term_string}"},"query-input":{"@type":"PropertyValueSpecification","valueRequired":true,"valueName":"search_term_string"}}],"inLanguage":"fr-FR"},{"@type":"Organization","@id":"https:\/\/infos-droitshumains.net\/#organization","name":"Infos Droits Humains","url":"https:\/\/infos-droitshumains.net\/","logo":{"@type":"ImageObject","inLanguage":"fr-FR","@id":"https:\/\/infos-droitshumains.net\/#\/schema\/logo\/image\/","url":"https:\/\/i0.wp.com\/infos-droitshumains.net\/wp-content\/uploads\/2022\/05\/Logo.png?fit=333%2C129&ssl=1","contentUrl":"https:\/\/i0.wp.com\/infos-droitshumains.net\/wp-content\/uploads\/2022\/05\/Logo.png?fit=333%2C129&ssl=1","width":333,"height":129,"caption":"Infos Droits Humains"},"image":{"@id":"https:\/\/infos-droitshumains.net\/#\/schema\/logo\/image\/"}},{"@type":"Person","@id":"https:\/\/infos-droitshumains.net\/#\/schema\/person\/3dc5e921c3302172e0ed4362f96faab7","name":"Jo\u00ebl Diawa","image":{"@type":"ImageObject","inLanguage":"fr-FR","@id":"https:\/\/secure.gravatar.com\/avatar\/729bea6ff4604c624417803c477363be8e3c7186deaa65713313f9b4b820f41c?s=96&d=mm&r=g","url":"https:\/\/secure.gravatar.com\/avatar\/729bea6ff4604c624417803c477363be8e3c7186deaa65713313f9b4b820f41c?s=96&d=mm&r=g","contentUrl":"https:\/\/secure.gravatar.com\/avatar\/729bea6ff4604c624417803c477363be8e3c7186deaa65713313f9b4b820f41c?s=96&d=mm&r=g","caption":"Jo\u00ebl Diawa"},"sameAs":["https:\/\/www.infos-droitshumains.net"],"url":"https:\/\/infos-droitshumains.net\/?author=2"}]}},"featured_image_urls":{"full":["https:\/\/i0.wp.com\/infos-droitshumains.net\/wp-content\/uploads\/2023\/06\/IMG-20230615-WA0008_1.jpg?fit=780%2C855&ssl=1",780,855,false],"thumbnail":["https:\/\/i0.wp.com\/infos-droitshumains.net\/wp-content\/uploads\/2023\/06\/IMG-20230615-WA0008_1.jpg?resize=150%2C150&ssl=1",150,150,true],"medium":["https:\/\/i0.wp.com\/infos-droitshumains.net\/wp-content\/uploads\/2023\/06\/IMG-20230615-WA0008_1.jpg?fit=274%2C300&ssl=1",274,300,true],"medium_large":["https:\/\/i0.wp.com\/infos-droitshumains.net\/wp-content\/uploads\/2023\/06\/IMG-20230615-WA0008_1.jpg?fit=640%2C702&ssl=1",640,702,true],"large":["https:\/\/i0.wp.com\/infos-droitshumains.net\/wp-content\/uploads\/2023\/06\/IMG-20230615-WA0008_1.jpg?fit=640%2C702&ssl=1",640,702,true],"1536x1536":["https:\/\/i0.wp.com\/infos-droitshumains.net\/wp-content\/uploads\/2023\/06\/IMG-20230615-WA0008_1.jpg?fit=780%2C855&ssl=1",780,855,true],"2048x2048":["https:\/\/i0.wp.com\/infos-droitshumains.net\/wp-content\/uploads\/2023\/06\/IMG-20230615-WA0008_1.jpg?fit=780%2C855&ssl=1",780,855,true],"covernews-slider-full":["https:\/\/i0.wp.com\/infos-droitshumains.net\/wp-content\/uploads\/2023\/06\/IMG-20230615-WA0008_1.jpg?resize=780%2C715&ssl=1",780,715,true],"covernews-slider-center":["https:\/\/i0.wp.com\/infos-droitshumains.net\/wp-content\/uploads\/2023\/06\/IMG-20230615-WA0008_1.jpg?resize=780%2C500&ssl=1",780,500,true],"covernews-featured":["https:\/\/i0.wp.com\/infos-droitshumains.net\/wp-content\/uploads\/2023\/06\/IMG-20230615-WA0008_1.jpg?fit=780%2C855&ssl=1",780,855,true],"covernews-medium":["https:\/\/i0.wp.com\/infos-droitshumains.net\/wp-content\/uploads\/2023\/06\/IMG-20230615-WA0008_1.jpg?resize=540%2C340&ssl=1",540,340,true],"covernews-medium-square":["https:\/\/i0.wp.com\/infos-droitshumains.net\/wp-content\/uploads\/2023\/06\/IMG-20230615-WA0008_1.jpg?resize=400%2C250&ssl=1",400,250,true]},"author_info":{"display_name":"Jo\u00ebl Diawa","author_link":"https:\/\/infos-droitshumains.net\/?author=2"},"category_info":"<a href=\"https:\/\/infos-droitshumains.net\/?cat=7\" rel=\"category\">Droits Humains<\/a>","tag_info":"Droits Humains","comment_count":"0","jetpack_featured_media_url":"https:\/\/i0.wp.com\/infos-droitshumains.net\/wp-content\/uploads\/2023\/06\/IMG-20230615-WA0008_1.jpg?fit=780%2C855&ssl=1","jetpack-related-posts":[],"jetpack_sharing_enabled":true,"_links":{"self":[{"href":"https:\/\/infos-droitshumains.net\/index.php?rest_route=\/wp\/v2\/posts\/7308","targetHints":{"allow":["GET"]}}],"collection":[{"href":"https:\/\/infos-droitshumains.net\/index.php?rest_route=\/wp\/v2\/posts"}],"about":[{"href":"https:\/\/infos-droitshumains.net\/index.php?rest_route=\/wp\/v2\/types\/post"}],"author":[{"embeddable":true,"href":"https:\/\/infos-droitshumains.net\/index.php?rest_route=\/wp\/v2\/users\/2"}],"replies":[{"embeddable":true,"href":"https:\/\/infos-droitshumains.net\/index.php?rest_route=%2Fwp%2Fv2%2Fcomments&post=7308"}],"version-history":[{"count":3,"href":"https:\/\/infos-droitshumains.net\/index.php?rest_route=\/wp\/v2\/posts\/7308\/revisions"}],"predecessor-version":[{"id":7312,"href":"https:\/\/infos-droitshumains.net\/index.php?rest_route=\/wp\/v2\/posts\/7308\/revisions\/7312"}],"wp:featuredmedia":[{"embeddable":true,"href":"https:\/\/infos-droitshumains.net\/index.php?rest_route=\/wp\/v2\/media\/7313"}],"wp:attachment":[{"href":"https:\/\/infos-droitshumains.net\/index.php?rest_route=%2Fwp%2Fv2%2Fmedia&parent=7308"}],"wp:term":[{"taxonomy":"category","embeddable":true,"href":"https:\/\/infos-droitshumains.net\/index.php?rest_route=%2Fwp%2Fv2%2Fcategories&post=7308"},{"taxonomy":"post_tag","embeddable":true,"href":"https:\/\/infos-droitshumains.net\/index.php?rest_route=%2Fwp%2Fv2%2Ftags&post=7308"}],"curies":[{"name":"wp","href":"https:\/\/api.w.org\/{rel}","templated":true}]}}