{"id":7259,"date":"2023-06-07T10:30:51","date_gmt":"2023-06-07T08:30:51","guid":{"rendered":"https:\/\/infos-droitshumains.net\/?p=7259"},"modified":"2023-06-07T11:17:51","modified_gmt":"2023-06-07T09:17:51","slug":"parodie-de-koffi-olomide-par-koffi-de-brazza-quid-du-droit-intellectuel-tribune-de-me-herve-bia","status":"publish","type":"post","link":"https:\/\/infos-droitshumains.net\/?p=7259","title":{"rendered":"Parodie de Koffi Olomide par Koffi de Brazza\u00a0: Quid du droit intellectuel\u00a0? (R\u00e9flexion g\u00e9n\u00e9rale de Me. Herv\u00e9 BIA)"},"content":{"rendered":"\n<p><strong>R\u00e9daction :+243817406088<\/strong><\/p>\n\n\n\n<p>(L\u2019\u00e9quipe de l\u2019artiste chanteur interpr\u00e8te et auteur compositeur Koffi Olomide aurait interdit \u00e0 un artiste humoristique de parodier Koffi olomide, ce dont il a fait son fond de commerce)<\/p>\n\n\n\n<p>Pour faire court, le droit de parodier un personnage public est un corolaire de la libert\u00e9 d\u2019expression. Mais comme tout droit, il n\u2019est pas absolu. Il est limit\u00e9 par :<\/p>\n\n\n\n<p>&#8211; la conception culturelle et sociale locale. Ce droit \u00e0 la parodie n\u2019est pas con\u00e7u et v\u00e9cu de la m\u00eame mani\u00e8re selon les pays et les cultures.<\/p>\n\n\n\n<p>&#8211; les droits de la personnalit\u00e9, composante du droit \u00e0 la vie priv\u00e9e, le droit \u00e0 la dignit\u00e9 de sa personne, le droit \u00e0 l\u2019int\u00e9grit\u00e9 du nom, \u00e0 la protection de son image, le droit de l\u2019image\u2026 sont prot\u00e9g\u00e9s. Ainsi un jeu vid\u00e9o ne peut pas impun\u00e9ment utiliser un personnage qui m\u2019imiterait. Cette exploitation commerciale de mon image devrait \u00eatre interdite.<\/p>\n\n\n\n<p>&#8211; les droits intellectuels. Le nom d\u2019une personne peut devenir une marque, en tant que tel, prot\u00e9g\u00e9 et l\u2019usage devrait en \u00eatre autoris\u00e9 par le propri\u00e9taire de la marque. \u00c9videmment pour se pr\u00e9valoir d\u2019une marque ou d\u2019un nom commercial, il faut l\u2019avoir d\u00e9pos\u00e9 et enregistr\u00e9.<\/p>\n\n\n\n<p>Une anecdote (je ne sais plus si c\u2019\u00e9tait av\u00e9r\u00e9) raconte qu\u2019un commer\u00e7ant autrichien avait cr\u00e9\u00e9 une marque de v\u00eatement du&nbsp; nom d\u2019une star internationale. Et fait d\u00e9poser la marque. L\u2019ayant appris, la star lui a fait un proc\u00e8s. Il semble que le commer\u00e7ant avait gagn\u00e9 car il avait pris la pr\u00e9caution d\u2019avoir sign\u00e9 un contrat avec un parfait homonyme de la star, il pr\u00e9tendait donc utiliser le nom de cet illustre inconnu.<\/p>\n\n\n\n<p>Cela dit, en cas d\u2019homonymie, la jurisprudence fran\u00e7aise admet que le propri\u00e9taire d\u2019un patronyme a le droit de l\u2019utiliser de bonne foi comme nom commercial ou marque m\u00eame lorsqu\u2019une marque ant\u00e9rieure plus notoire et similaire existe. Bref\u2026<\/p>\n\n\n\n<p>Les droits intellectuels c\u2019est aussi le droit d\u2019auteur. Il est \u00e9vident que si Koffi de Brazza a le droit de parodier Koffi Olomide (libert\u00e9 d\u2019expression), il n\u2019a pas le droit d\u2019ex\u00e9cuter le r\u00e9pertoire de Koffi de mani\u00e8re habituelle sans son autorisation. Il y a l\u00e0 une exploitation r\u00e9mun\u00e9r\u00e9e des \u0153uvres d\u2019autrui.<\/p>\n\n\n\n<p>&#8211; on peut \u00e9galement chercher du c\u00f4t\u00e9 des r\u00e8gles de concurrence d\u00e9loyale d\u00e9sormais r\u00e9gies par la loi N\u00b018\/020 DU 09 JUILLET 2018 relative \u00e0 la libert\u00e9 des prix et \u00e0 la concurrence.<\/p>\n\n\n\n<p>Bref, je n\u2019ai pas le fin mot de l\u2019affaire en ce cas sp\u00e9cialement. Mais je constate que l\u2019affaire si elle arrivait devant les tribunaux de Kinshasa ou de Brazzaville ou de France, pourrait constituer un cas d\u2019esp\u00e8ce d\u2019un int\u00e9r\u00eat scientifique indiscutable !<\/p>\n\n\n\n<p>Me. Herv\u00e9 BIA Tata N\u2019longi Bia Titudes<\/p>\n","protected":false},"excerpt":{"rendered":"<p>R\u00e9daction :+243817406088 (L\u2019\u00e9quipe de l\u2019artiste chanteur interpr\u00e8te et auteur compositeur Koffi Olomide aurait interdit \u00e0&#8230;<\/p>\n","protected":false},"author":2,"featured_media":7262,"comment_status":"open","ping_status":"open","sticky":false,"template":"","format":"standard","meta":{"_jetpack_memberships_contains_paid_content":false,"footnotes":""},"categories":[28,8],"tags":[],"class_list":["post-7259","post","type-post","status-publish","format-standard","has-post-thumbnail","hentry","category-culture","category-societe"],"yoast_head":"<!-- This site is optimized with the Yoast SEO plugin v27.5 - https:\/\/yoast.com\/product\/yoast-seo-wordpress\/ -->\n<title>Parodie de Koffi Olomide par Koffi de Brazza\u00a0: Quid du droit intellectuel\u00a0? (R\u00e9flexion g\u00e9n\u00e9rale de Me. Herv\u00e9 BIA) - Infos Droits Humains<\/title>\n<meta name=\"robots\" content=\"index, follow, max-snippet:-1, max-image-preview:large, max-video-preview:-1\" \/>\n<link rel=\"canonical\" href=\"https:\/\/infos-droitshumains.net\/?p=7259\" \/>\n<meta property=\"og:locale\" content=\"fr_FR\" \/>\n<meta property=\"og:type\" content=\"article\" \/>\n<meta property=\"og:title\" content=\"Parodie de Koffi Olomide par Koffi de Brazza\u00a0: Quid du droit intellectuel\u00a0? (R\u00e9flexion g\u00e9n\u00e9rale de Me. Herv\u00e9 BIA) - Infos Droits Humains\" \/>\n<meta property=\"og:description\" content=\"R\u00e9daction :+243817406088 (L\u2019\u00e9quipe de l\u2019artiste chanteur interpr\u00e8te et auteur compositeur Koffi Olomide aurait interdit \u00e0...\" \/>\n<meta property=\"og:url\" content=\"https:\/\/infos-droitshumains.net\/?p=7259\" \/>\n<meta property=\"og:site_name\" content=\"Infos Droits Humains\" \/>\n<meta property=\"article:published_time\" content=\"2023-06-07T08:30:51+00:00\" \/>\n<meta property=\"article:modified_time\" content=\"2023-06-07T09:17:51+00:00\" \/>\n<meta property=\"og:image\" content=\"https:\/\/infos-droitshumains.net\/wp-content\/uploads\/2023\/06\/InCollage_20230607_93128219.jpg\" \/>\n\t<meta property=\"og:image:width\" content=\"960\" \/>\n\t<meta property=\"og:image:height\" content=\"682\" \/>\n\t<meta property=\"og:image:type\" content=\"image\/jpeg\" \/>\n<meta name=\"author\" content=\"Jo\u00ebl Diawa\" \/>\n<meta name=\"twitter:card\" content=\"summary_large_image\" \/>\n<meta name=\"twitter:label1\" content=\"\u00c9crit par\" \/>\n\t<meta name=\"twitter:data1\" content=\"Jo\u00ebl Diawa\" \/>\n\t<meta name=\"twitter:label2\" content=\"Dur\u00e9e de lecture estim\u00e9e\" \/>\n\t<meta name=\"twitter:data2\" content=\"3 minutes\" \/>\n<script type=\"application\/ld+json\" class=\"yoast-schema-graph\">{\"@context\":\"https:\\\/\\\/schema.org\",\"@graph\":[{\"@type\":\"Article\",\"@id\":\"https:\\\/\\\/infos-droitshumains.net\\\/?p=7259#article\",\"isPartOf\":{\"@id\":\"https:\\\/\\\/infos-droitshumains.net\\\/?p=7259\"},\"author\":{\"name\":\"Jo\u00ebl Diawa\",\"@id\":\"https:\\\/\\\/infos-droitshumains.net\\\/#\\\/schema\\\/person\\\/3dc5e921c3302172e0ed4362f96faab7\"},\"headline\":\"Parodie de Koffi Olomide par Koffi de Brazza\u00a0: Quid du droit intellectuel\u00a0? (R\u00e9flexion g\u00e9n\u00e9rale de Me. Herv\u00e9 BIA)\",\"datePublished\":\"2023-06-07T08:30:51+00:00\",\"dateModified\":\"2023-06-07T09:17:51+00:00\",\"mainEntityOfPage\":{\"@id\":\"https:\\\/\\\/infos-droitshumains.net\\\/?p=7259\"},\"wordCount\":521,\"commentCount\":0,\"publisher\":{\"@id\":\"https:\\\/\\\/infos-droitshumains.net\\\/#organization\"},\"image\":{\"@id\":\"https:\\\/\\\/infos-droitshumains.net\\\/?p=7259#primaryimage\"},\"thumbnailUrl\":\"https:\\\/\\\/i0.wp.com\\\/infos-droitshumains.net\\\/wp-content\\\/uploads\\\/2023\\\/06\\\/InCollage_20230607_93128219.jpg?fit=960%2C682&ssl=1\",\"articleSection\":[\"Culture\",\"Soci\u00e9t\u00e9\"],\"inLanguage\":\"fr-FR\",\"potentialAction\":[{\"@type\":\"CommentAction\",\"name\":\"Comment\",\"target\":[\"https:\\\/\\\/infos-droitshumains.net\\\/?p=7259#respond\"]}]},{\"@type\":\"WebPage\",\"@id\":\"https:\\\/\\\/infos-droitshumains.net\\\/?p=7259\",\"url\":\"https:\\\/\\\/infos-droitshumains.net\\\/?p=7259\",\"name\":\"Parodie de Koffi Olomide par Koffi de Brazza\u00a0: Quid du droit intellectuel\u00a0? (R\u00e9flexion g\u00e9n\u00e9rale de Me. Herv\u00e9 BIA) - Infos Droits Humains\",\"isPartOf\":{\"@id\":\"https:\\\/\\\/infos-droitshumains.net\\\/#website\"},\"primaryImageOfPage\":{\"@id\":\"https:\\\/\\\/infos-droitshumains.net\\\/?p=7259#primaryimage\"},\"image\":{\"@id\":\"https:\\\/\\\/infos-droitshumains.net\\\/?p=7259#primaryimage\"},\"thumbnailUrl\":\"https:\\\/\\\/i0.wp.com\\\/infos-droitshumains.net\\\/wp-content\\\/uploads\\\/2023\\\/06\\\/InCollage_20230607_93128219.jpg?fit=960%2C682&ssl=1\",\"datePublished\":\"2023-06-07T08:30:51+00:00\",\"dateModified\":\"2023-06-07T09:17:51+00:00\",\"breadcrumb\":{\"@id\":\"https:\\\/\\\/infos-droitshumains.net\\\/?p=7259#breadcrumb\"},\"inLanguage\":\"fr-FR\",\"potentialAction\":[{\"@type\":\"ReadAction\",\"target\":[\"https:\\\/\\\/infos-droitshumains.net\\\/?p=7259\"]}]},{\"@type\":\"ImageObject\",\"inLanguage\":\"fr-FR\",\"@id\":\"https:\\\/\\\/infos-droitshumains.net\\\/?p=7259#primaryimage\",\"url\":\"https:\\\/\\\/i0.wp.com\\\/infos-droitshumains.net\\\/wp-content\\\/uploads\\\/2023\\\/06\\\/InCollage_20230607_93128219.jpg?fit=960%2C682&ssl=1\",\"contentUrl\":\"https:\\\/\\\/i0.wp.com\\\/infos-droitshumains.net\\\/wp-content\\\/uploads\\\/2023\\\/06\\\/InCollage_20230607_93128219.jpg?fit=960%2C682&ssl=1\",\"width\":960,\"height\":682},{\"@type\":\"BreadcrumbList\",\"@id\":\"https:\\\/\\\/infos-droitshumains.net\\\/?p=7259#breadcrumb\",\"itemListElement\":[{\"@type\":\"ListItem\",\"position\":1,\"name\":\"Accueil\",\"item\":\"https:\\\/\\\/infos-droitshumains.net\\\/\"},{\"@type\":\"ListItem\",\"position\":2,\"name\":\"Parodie de Koffi Olomide par Koffi de Brazza\u00a0: Quid du droit intellectuel\u00a0? (R\u00e9flexion g\u00e9n\u00e9rale de Me. Herv\u00e9 BIA)\"}]},{\"@type\":\"WebSite\",\"@id\":\"https:\\\/\\\/infos-droitshumains.net\\\/#website\",\"url\":\"https:\\\/\\\/infos-droitshumains.net\\\/\",\"name\":\"Infos Droits Humains\",\"description\":\"S&#039;informer est un droit\",\"publisher\":{\"@id\":\"https:\\\/\\\/infos-droitshumains.net\\\/#organization\"},\"potentialAction\":[{\"@type\":\"SearchAction\",\"target\":{\"@type\":\"EntryPoint\",\"urlTemplate\":\"https:\\\/\\\/infos-droitshumains.net\\\/?s={search_term_string}\"},\"query-input\":{\"@type\":\"PropertyValueSpecification\",\"valueRequired\":true,\"valueName\":\"search_term_string\"}}],\"inLanguage\":\"fr-FR\"},{\"@type\":\"Organization\",\"@id\":\"https:\\\/\\\/infos-droitshumains.net\\\/#organization\",\"name\":\"Infos Droits Humains\",\"url\":\"https:\\\/\\\/infos-droitshumains.net\\\/\",\"logo\":{\"@type\":\"ImageObject\",\"inLanguage\":\"fr-FR\",\"@id\":\"https:\\\/\\\/infos-droitshumains.net\\\/#\\\/schema\\\/logo\\\/image\\\/\",\"url\":\"https:\\\/\\\/i0.wp.com\\\/infos-droitshumains.net\\\/wp-content\\\/uploads\\\/2022\\\/05\\\/Logo.png?fit=333%2C129&ssl=1\",\"contentUrl\":\"https:\\\/\\\/i0.wp.com\\\/infos-droitshumains.net\\\/wp-content\\\/uploads\\\/2022\\\/05\\\/Logo.png?fit=333%2C129&ssl=1\",\"width\":333,\"height\":129,\"caption\":\"Infos Droits Humains\"},\"image\":{\"@id\":\"https:\\\/\\\/infos-droitshumains.net\\\/#\\\/schema\\\/logo\\\/image\\\/\"}},{\"@type\":\"Person\",\"@id\":\"https:\\\/\\\/infos-droitshumains.net\\\/#\\\/schema\\\/person\\\/3dc5e921c3302172e0ed4362f96faab7\",\"name\":\"Jo\u00ebl Diawa\",\"image\":{\"@type\":\"ImageObject\",\"inLanguage\":\"fr-FR\",\"@id\":\"https:\\\/\\\/secure.gravatar.com\\\/avatar\\\/729bea6ff4604c624417803c477363be8e3c7186deaa65713313f9b4b820f41c?s=96&d=mm&r=g\",\"url\":\"https:\\\/\\\/secure.gravatar.com\\\/avatar\\\/729bea6ff4604c624417803c477363be8e3c7186deaa65713313f9b4b820f41c?s=96&d=mm&r=g\",\"contentUrl\":\"https:\\\/\\\/secure.gravatar.com\\\/avatar\\\/729bea6ff4604c624417803c477363be8e3c7186deaa65713313f9b4b820f41c?s=96&d=mm&r=g\",\"caption\":\"Jo\u00ebl Diawa\"},\"sameAs\":[\"https:\\\/\\\/www.infos-droitshumains.net\"],\"url\":\"https:\\\/\\\/infos-droitshumains.net\\\/?author=2\"}]}<\/script>\n<!-- \/ Yoast SEO plugin. -->","yoast_head_json":{"title":"Parodie de Koffi Olomide par Koffi de Brazza\u00a0: Quid du droit intellectuel\u00a0? (R\u00e9flexion g\u00e9n\u00e9rale de Me. Herv\u00e9 BIA) - Infos Droits Humains","robots":{"index":"index","follow":"follow","max-snippet":"max-snippet:-1","max-image-preview":"max-image-preview:large","max-video-preview":"max-video-preview:-1"},"canonical":"https:\/\/infos-droitshumains.net\/?p=7259","og_locale":"fr_FR","og_type":"article","og_title":"Parodie de Koffi Olomide par Koffi de Brazza\u00a0: Quid du droit intellectuel\u00a0? (R\u00e9flexion g\u00e9n\u00e9rale de Me. Herv\u00e9 BIA) - Infos Droits Humains","og_description":"R\u00e9daction :+243817406088 (L\u2019\u00e9quipe de l\u2019artiste chanteur interpr\u00e8te et auteur compositeur Koffi Olomide aurait interdit \u00e0...","og_url":"https:\/\/infos-droitshumains.net\/?p=7259","og_site_name":"Infos Droits Humains","article_published_time":"2023-06-07T08:30:51+00:00","article_modified_time":"2023-06-07T09:17:51+00:00","og_image":[{"width":960,"height":682,"url":"https:\/\/infos-droitshumains.net\/wp-content\/uploads\/2023\/06\/InCollage_20230607_93128219.jpg","type":"image\/jpeg"}],"author":"Jo\u00ebl Diawa","twitter_card":"summary_large_image","twitter_misc":{"\u00c9crit par":"Jo\u00ebl Diawa","Dur\u00e9e de lecture estim\u00e9e":"3 minutes"},"schema":{"@context":"https:\/\/schema.org","@graph":[{"@type":"Article","@id":"https:\/\/infos-droitshumains.net\/?p=7259#article","isPartOf":{"@id":"https:\/\/infos-droitshumains.net\/?p=7259"},"author":{"name":"Jo\u00ebl Diawa","@id":"https:\/\/infos-droitshumains.net\/#\/schema\/person\/3dc5e921c3302172e0ed4362f96faab7"},"headline":"Parodie de Koffi Olomide par Koffi de Brazza\u00a0: Quid du droit intellectuel\u00a0? (R\u00e9flexion g\u00e9n\u00e9rale de Me. Herv\u00e9 BIA)","datePublished":"2023-06-07T08:30:51+00:00","dateModified":"2023-06-07T09:17:51+00:00","mainEntityOfPage":{"@id":"https:\/\/infos-droitshumains.net\/?p=7259"},"wordCount":521,"commentCount":0,"publisher":{"@id":"https:\/\/infos-droitshumains.net\/#organization"},"image":{"@id":"https:\/\/infos-droitshumains.net\/?p=7259#primaryimage"},"thumbnailUrl":"https:\/\/i0.wp.com\/infos-droitshumains.net\/wp-content\/uploads\/2023\/06\/InCollage_20230607_93128219.jpg?fit=960%2C682&ssl=1","articleSection":["Culture","Soci\u00e9t\u00e9"],"inLanguage":"fr-FR","potentialAction":[{"@type":"CommentAction","name":"Comment","target":["https:\/\/infos-droitshumains.net\/?p=7259#respond"]}]},{"@type":"WebPage","@id":"https:\/\/infos-droitshumains.net\/?p=7259","url":"https:\/\/infos-droitshumains.net\/?p=7259","name":"Parodie de Koffi Olomide par Koffi de Brazza\u00a0: Quid du droit intellectuel\u00a0? (R\u00e9flexion g\u00e9n\u00e9rale de Me. Herv\u00e9 BIA) - Infos Droits Humains","isPartOf":{"@id":"https:\/\/infos-droitshumains.net\/#website"},"primaryImageOfPage":{"@id":"https:\/\/infos-droitshumains.net\/?p=7259#primaryimage"},"image":{"@id":"https:\/\/infos-droitshumains.net\/?p=7259#primaryimage"},"thumbnailUrl":"https:\/\/i0.wp.com\/infos-droitshumains.net\/wp-content\/uploads\/2023\/06\/InCollage_20230607_93128219.jpg?fit=960%2C682&ssl=1","datePublished":"2023-06-07T08:30:51+00:00","dateModified":"2023-06-07T09:17:51+00:00","breadcrumb":{"@id":"https:\/\/infos-droitshumains.net\/?p=7259#breadcrumb"},"inLanguage":"fr-FR","potentialAction":[{"@type":"ReadAction","target":["https:\/\/infos-droitshumains.net\/?p=7259"]}]},{"@type":"ImageObject","inLanguage":"fr-FR","@id":"https:\/\/infos-droitshumains.net\/?p=7259#primaryimage","url":"https:\/\/i0.wp.com\/infos-droitshumains.net\/wp-content\/uploads\/2023\/06\/InCollage_20230607_93128219.jpg?fit=960%2C682&ssl=1","contentUrl":"https:\/\/i0.wp.com\/infos-droitshumains.net\/wp-content\/uploads\/2023\/06\/InCollage_20230607_93128219.jpg?fit=960%2C682&ssl=1","width":960,"height":682},{"@type":"BreadcrumbList","@id":"https:\/\/infos-droitshumains.net\/?p=7259#breadcrumb","itemListElement":[{"@type":"ListItem","position":1,"name":"Accueil","item":"https:\/\/infos-droitshumains.net\/"},{"@type":"ListItem","position":2,"name":"Parodie de Koffi Olomide par Koffi de Brazza\u00a0: Quid du droit intellectuel\u00a0? (R\u00e9flexion g\u00e9n\u00e9rale de Me. Herv\u00e9 BIA)"}]},{"@type":"WebSite","@id":"https:\/\/infos-droitshumains.net\/#website","url":"https:\/\/infos-droitshumains.net\/","name":"Infos Droits Humains","description":"S&#039;informer est un droit","publisher":{"@id":"https:\/\/infos-droitshumains.net\/#organization"},"potentialAction":[{"@type":"SearchAction","target":{"@type":"EntryPoint","urlTemplate":"https:\/\/infos-droitshumains.net\/?s={search_term_string}"},"query-input":{"@type":"PropertyValueSpecification","valueRequired":true,"valueName":"search_term_string"}}],"inLanguage":"fr-FR"},{"@type":"Organization","@id":"https:\/\/infos-droitshumains.net\/#organization","name":"Infos Droits Humains","url":"https:\/\/infos-droitshumains.net\/","logo":{"@type":"ImageObject","inLanguage":"fr-FR","@id":"https:\/\/infos-droitshumains.net\/#\/schema\/logo\/image\/","url":"https:\/\/i0.wp.com\/infos-droitshumains.net\/wp-content\/uploads\/2022\/05\/Logo.png?fit=333%2C129&ssl=1","contentUrl":"https:\/\/i0.wp.com\/infos-droitshumains.net\/wp-content\/uploads\/2022\/05\/Logo.png?fit=333%2C129&ssl=1","width":333,"height":129,"caption":"Infos Droits Humains"},"image":{"@id":"https:\/\/infos-droitshumains.net\/#\/schema\/logo\/image\/"}},{"@type":"Person","@id":"https:\/\/infos-droitshumains.net\/#\/schema\/person\/3dc5e921c3302172e0ed4362f96faab7","name":"Jo\u00ebl Diawa","image":{"@type":"ImageObject","inLanguage":"fr-FR","@id":"https:\/\/secure.gravatar.com\/avatar\/729bea6ff4604c624417803c477363be8e3c7186deaa65713313f9b4b820f41c?s=96&d=mm&r=g","url":"https:\/\/secure.gravatar.com\/avatar\/729bea6ff4604c624417803c477363be8e3c7186deaa65713313f9b4b820f41c?s=96&d=mm&r=g","contentUrl":"https:\/\/secure.gravatar.com\/avatar\/729bea6ff4604c624417803c477363be8e3c7186deaa65713313f9b4b820f41c?s=96&d=mm&r=g","caption":"Jo\u00ebl Diawa"},"sameAs":["https:\/\/www.infos-droitshumains.net"],"url":"https:\/\/infos-droitshumains.net\/?author=2"}]}},"featured_image_urls":{"full":["https:\/\/i0.wp.com\/infos-droitshumains.net\/wp-content\/uploads\/2023\/06\/InCollage_20230607_93128219.jpg?fit=960%2C682&ssl=1",960,682,false],"thumbnail":["https:\/\/i0.wp.com\/infos-droitshumains.net\/wp-content\/uploads\/2023\/06\/InCollage_20230607_93128219.jpg?resize=150%2C150&ssl=1",150,150,true],"medium":["https:\/\/i0.wp.com\/infos-droitshumains.net\/wp-content\/uploads\/2023\/06\/InCollage_20230607_93128219.jpg?fit=300%2C213&ssl=1",300,213,true],"medium_large":["https:\/\/i0.wp.com\/infos-droitshumains.net\/wp-content\/uploads\/2023\/06\/InCollage_20230607_93128219.jpg?fit=640%2C455&ssl=1",640,455,true],"large":["https:\/\/i0.wp.com\/infos-droitshumains.net\/wp-content\/uploads\/2023\/06\/InCollage_20230607_93128219.jpg?fit=640%2C455&ssl=1",640,455,true],"1536x1536":["https:\/\/i0.wp.com\/infos-droitshumains.net\/wp-content\/uploads\/2023\/06\/InCollage_20230607_93128219.jpg?fit=960%2C682&ssl=1",960,682,true],"2048x2048":["https:\/\/i0.wp.com\/infos-droitshumains.net\/wp-content\/uploads\/2023\/06\/InCollage_20230607_93128219.jpg?fit=960%2C682&ssl=1",960,682,true],"covernews-slider-full":["https:\/\/i0.wp.com\/infos-droitshumains.net\/wp-content\/uploads\/2023\/06\/InCollage_20230607_93128219.jpg?resize=960%2C682&ssl=1",960,682,true],"covernews-slider-center":["https:\/\/i0.wp.com\/infos-droitshumains.net\/wp-content\/uploads\/2023\/06\/InCollage_20230607_93128219.jpg?resize=800%2C500&ssl=1",800,500,true],"covernews-featured":["https:\/\/i0.wp.com\/infos-droitshumains.net\/wp-content\/uploads\/2023\/06\/InCollage_20230607_93128219.jpg?fit=960%2C682&ssl=1",960,682,true],"covernews-medium":["https:\/\/i0.wp.com\/infos-droitshumains.net\/wp-content\/uploads\/2023\/06\/InCollage_20230607_93128219.jpg?resize=540%2C340&ssl=1",540,340,true],"covernews-medium-square":["https:\/\/i0.wp.com\/infos-droitshumains.net\/wp-content\/uploads\/2023\/06\/InCollage_20230607_93128219.jpg?resize=400%2C250&ssl=1",400,250,true]},"author_info":{"display_name":"Jo\u00ebl Diawa","author_link":"https:\/\/infos-droitshumains.net\/?author=2"},"category_info":"<a href=\"https:\/\/infos-droitshumains.net\/?cat=28\" rel=\"category\">Culture<\/a> <a href=\"https:\/\/infos-droitshumains.net\/?cat=8\" rel=\"category\">Soci\u00e9t\u00e9<\/a>","tag_info":"Soci\u00e9t\u00e9","comment_count":"0","jetpack_featured_media_url":"https:\/\/i0.wp.com\/infos-droitshumains.net\/wp-content\/uploads\/2023\/06\/InCollage_20230607_93128219.jpg?fit=960%2C682&ssl=1","jetpack-related-posts":[],"jetpack_sharing_enabled":true,"_links":{"self":[{"href":"https:\/\/infos-droitshumains.net\/index.php?rest_route=\/wp\/v2\/posts\/7259","targetHints":{"allow":["GET"]}}],"collection":[{"href":"https:\/\/infos-droitshumains.net\/index.php?rest_route=\/wp\/v2\/posts"}],"about":[{"href":"https:\/\/infos-droitshumains.net\/index.php?rest_route=\/wp\/v2\/types\/post"}],"author":[{"embeddable":true,"href":"https:\/\/infos-droitshumains.net\/index.php?rest_route=\/wp\/v2\/users\/2"}],"replies":[{"embeddable":true,"href":"https:\/\/infos-droitshumains.net\/index.php?rest_route=%2Fwp%2Fv2%2Fcomments&post=7259"}],"version-history":[{"count":4,"href":"https:\/\/infos-droitshumains.net\/index.php?rest_route=\/wp\/v2\/posts\/7259\/revisions"}],"predecessor-version":[{"id":7264,"href":"https:\/\/infos-droitshumains.net\/index.php?rest_route=\/wp\/v2\/posts\/7259\/revisions\/7264"}],"wp:featuredmedia":[{"embeddable":true,"href":"https:\/\/infos-droitshumains.net\/index.php?rest_route=\/wp\/v2\/media\/7262"}],"wp:attachment":[{"href":"https:\/\/infos-droitshumains.net\/index.php?rest_route=%2Fwp%2Fv2%2Fmedia&parent=7259"}],"wp:term":[{"taxonomy":"category","embeddable":true,"href":"https:\/\/infos-droitshumains.net\/index.php?rest_route=%2Fwp%2Fv2%2Fcategories&post=7259"},{"taxonomy":"post_tag","embeddable":true,"href":"https:\/\/infos-droitshumains.net\/index.php?rest_route=%2Fwp%2Fv2%2Ftags&post=7259"}],"curies":[{"name":"wp","href":"https:\/\/api.w.org\/{rel}","templated":true}]}}