{"id":724,"date":"2021-08-30T22:00:00","date_gmt":"2021-08-30T20:00:00","guid":{"rendered":"https:\/\/www.infos-droitshumains.net\/?p=724"},"modified":"2023-04-06T12:11:45","modified_gmt":"2023-04-06T10:11:45","slug":"7eme-prorogation-de-letat-de-siege-lassemblee-nationale-accorde-son-approbation","status":"publish","type":"post","link":"https:\/\/infos-droitshumains.net\/?p=724","title":{"rendered":"7\u00e8me prorogation de l&rsquo;\u00c9tat de si\u00e8ge : l&rsquo;Assembl\u00e9e Nationale accorde son approbation."},"content":{"rendered":"\n<p><strong><span>L<\/span>&lsquo;Assembl\u00e9e Nationale a accord\u00e9 un vote favorable (\u00e0 main lev\u00e9e, \u00e0 la quasi-unanimit\u00e9) \u00e0 la demande de prorogation de l\u2019\u00e9tat de si\u00e8ge. Lors de la s\u00e9ance pl\u00e9ni\u00e8re de ce lundi 30 Ao\u00fbt, le gouvernement a sollicit\u00e9  et obtenu  de l\u2019Assembl\u00e9e nationale, la septi\u00e8me prorogation de l\u2019\u00e9tat de si\u00e8ge dans la province du Nord-Kivu et de l\u2019Ituri, en vigueur depuis 6 mai 2021.<\/strong><\/p>\n\n\n\n<p><br> Dans son expos\u00e9 des motifs, le gouvernement, par le truchement de la ministre d\u2019Etat, ministre de la Justice et Garde des sceaux a motiv\u00e9 cette \u00e9ni\u00e8me prorogation par le souci de permettre aux forces de d\u00e9fense et s\u00e9curit\u00e9 de poursuivre les op\u00e9rations dans l\u2019int\u00e9r\u00eat de mat\u00e9rialiser l\u2019engagement du gouvernement \u00e0 pacifier d\u00e9finitivement et compl\u00e8tement le pays.<br><\/p>\n\n\n\n<p>Avant l\u2019expos\u00e9 de  Rose Mutombo Kiese, la commission D\u00e9fense et S\u00e9curit\u00e9 a obtenu un d\u00e9lai suppl\u00e9mentaire d\u2019une semaine, soit jusqu\u2019au lundi le 6 septembre, afin de poursuivre les auditions de l\u2019Inspecteur g\u00e9n\u00e9ral des finances (IGF), de l\u2019Inspecteur g\u00e9n\u00e9ral des Forces arm\u00e9es congolaises  ainsi que de la gouverneure de la Banque centrale du Congo.<\/p>\n\n\n\n<p>Selon le d\u00e9put\u00e9 nationale Bertin Mubonzi, pr\u00e9sident de la commission D\u00e9fense et S\u00e9curit\u00e9 de la chambre basse du parlement, les auditions des personnalit\u00e9s cit\u00e9es permettront notamment d\u2019\u00e9valuer la r\u00e9gularit\u00e9 de diff\u00e9rents march\u00e9s pass\u00e9s  pendant cette p\u00e9riode.<\/p>\n\n\n\n<p>Pour la ministre d\u2019Etat Mutombo, <em>\u00ab\u00a0le dernier voyage officiel du Premier ministre, accompagn\u00e9 d\u2019une forte d\u00e9l\u00e9gation gouvernementale, dans les provinces de l\u2019Ituri et du Nord-Kivu participait  de la m\u00eame \u00e9valuation\u00a0\u00bb.<\/em> Cette mission a-t-elle poursuivi, <em>\u00ab\u00a0a permis au gouvernement de palper du doigt les r\u00e9alit\u00e9s, non seulement des populations locales, mais aussi et surtout ceux de forces de d\u00e9fense et de s\u00e9curit\u00e9, en vue de l\u2019accroissement de leurs capacit\u00e9s et moyens d\u2019actions indispensables \u00e0 la poursuite des op\u00e9rations\u00a0\u00bb.<\/em><\/p>\n\n\n\n<p>Apr\u00e8s cet exercice \u00e0 l&rsquo;Assembl\u00e9e Nationale, le texte est pass\u00e9 au s\u00e9nat pour un examen en seconde lecture.<\/p>\n","protected":false},"excerpt":{"rendered":"<p>L&lsquo;Assembl\u00e9e Nationale a accord\u00e9 un vote favorable (\u00e0 main lev\u00e9e, \u00e0 la quasi-unanimit\u00e9) \u00e0 la&#8230;<\/p>\n","protected":false},"author":2,"featured_media":0,"comment_status":"open","ping_status":"open","sticky":false,"template":"","format":"standard","meta":{"_jetpack_memberships_contains_paid_content":false,"footnotes":""},"categories":[1],"tags":[],"class_list":["post-724","post","type-post","status-publish","format-standard","hentry","category-non-classe"],"yoast_head":"<!-- This site is optimized with the Yoast SEO plugin v27.5 - https:\/\/yoast.com\/product\/yoast-seo-wordpress\/ -->\n<title>7\u00e8me prorogation de l&#039;\u00c9tat de si\u00e8ge : l&#039;Assembl\u00e9e Nationale accorde son approbation. - Infos Droits Humains<\/title>\n<meta name=\"robots\" content=\"index, follow, max-snippet:-1, max-image-preview:large, max-video-preview:-1\" \/>\n<link rel=\"canonical\" href=\"https:\/\/infos-droitshumains.net\/?p=724\" \/>\n<meta property=\"og:locale\" content=\"fr_FR\" \/>\n<meta property=\"og:type\" content=\"article\" \/>\n<meta property=\"og:title\" content=\"7\u00e8me prorogation de l&#039;\u00c9tat de si\u00e8ge : l&#039;Assembl\u00e9e Nationale accorde son approbation. - Infos Droits Humains\" \/>\n<meta property=\"og:description\" content=\"L&lsquo;Assembl\u00e9e Nationale a accord\u00e9 un vote favorable (\u00e0 main lev\u00e9e, \u00e0 la quasi-unanimit\u00e9) \u00e0 la...\" \/>\n<meta property=\"og:url\" content=\"https:\/\/infos-droitshumains.net\/?p=724\" \/>\n<meta property=\"og:site_name\" content=\"Infos Droits Humains\" \/>\n<meta property=\"article:published_time\" content=\"2021-08-30T20:00:00+00:00\" \/>\n<meta property=\"article:modified_time\" content=\"2023-04-06T10:11:45+00:00\" \/>\n<meta name=\"author\" content=\"Jo\u00ebl Diawa\" \/>\n<meta name=\"twitter:card\" content=\"summary_large_image\" \/>\n<meta name=\"twitter:label1\" content=\"\u00c9crit par\" \/>\n\t<meta name=\"twitter:data1\" content=\"Jo\u00ebl Diawa\" \/>\n\t<meta name=\"twitter:label2\" content=\"Dur\u00e9e de lecture estim\u00e9e\" \/>\n\t<meta name=\"twitter:data2\" content=\"2 minutes\" \/>\n<script type=\"application\/ld+json\" class=\"yoast-schema-graph\">{\"@context\":\"https:\\\/\\\/schema.org\",\"@graph\":[{\"@type\":\"Article\",\"@id\":\"https:\\\/\\\/infos-droitshumains.net\\\/?p=724#article\",\"isPartOf\":{\"@id\":\"https:\\\/\\\/infos-droitshumains.net\\\/?p=724\"},\"author\":{\"name\":\"Jo\u00ebl Diawa\",\"@id\":\"https:\\\/\\\/infos-droitshumains.net\\\/#\\\/schema\\\/person\\\/3dc5e921c3302172e0ed4362f96faab7\"},\"headline\":\"7\u00e8me prorogation de l&rsquo;\u00c9tat de si\u00e8ge : l&rsquo;Assembl\u00e9e Nationale accorde son approbation.\",\"datePublished\":\"2021-08-30T20:00:00+00:00\",\"dateModified\":\"2023-04-06T10:11:45+00:00\",\"mainEntityOfPage\":{\"@id\":\"https:\\\/\\\/infos-droitshumains.net\\\/?p=724\"},\"wordCount\":375,\"commentCount\":0,\"publisher\":{\"@id\":\"https:\\\/\\\/infos-droitshumains.net\\\/#organization\"},\"inLanguage\":\"fr-FR\",\"potentialAction\":[{\"@type\":\"CommentAction\",\"name\":\"Comment\",\"target\":[\"https:\\\/\\\/infos-droitshumains.net\\\/?p=724#respond\"]}]},{\"@type\":\"WebPage\",\"@id\":\"https:\\\/\\\/infos-droitshumains.net\\\/?p=724\",\"url\":\"https:\\\/\\\/infos-droitshumains.net\\\/?p=724\",\"name\":\"7\u00e8me prorogation de l'\u00c9tat de si\u00e8ge : l'Assembl\u00e9e Nationale accorde son approbation. - Infos Droits Humains\",\"isPartOf\":{\"@id\":\"https:\\\/\\\/infos-droitshumains.net\\\/#website\"},\"datePublished\":\"2021-08-30T20:00:00+00:00\",\"dateModified\":\"2023-04-06T10:11:45+00:00\",\"breadcrumb\":{\"@id\":\"https:\\\/\\\/infos-droitshumains.net\\\/?p=724#breadcrumb\"},\"inLanguage\":\"fr-FR\",\"potentialAction\":[{\"@type\":\"ReadAction\",\"target\":[\"https:\\\/\\\/infos-droitshumains.net\\\/?p=724\"]}]},{\"@type\":\"BreadcrumbList\",\"@id\":\"https:\\\/\\\/infos-droitshumains.net\\\/?p=724#breadcrumb\",\"itemListElement\":[{\"@type\":\"ListItem\",\"position\":1,\"name\":\"Accueil\",\"item\":\"https:\\\/\\\/infos-droitshumains.net\\\/\"},{\"@type\":\"ListItem\",\"position\":2,\"name\":\"7\u00e8me prorogation de l&rsquo;\u00c9tat de si\u00e8ge : l&rsquo;Assembl\u00e9e Nationale accorde son approbation.\"}]},{\"@type\":\"WebSite\",\"@id\":\"https:\\\/\\\/infos-droitshumains.net\\\/#website\",\"url\":\"https:\\\/\\\/infos-droitshumains.net\\\/\",\"name\":\"Infos Droits Humains\",\"description\":\"S&#039;informer est un droit\",\"publisher\":{\"@id\":\"https:\\\/\\\/infos-droitshumains.net\\\/#organization\"},\"potentialAction\":[{\"@type\":\"SearchAction\",\"target\":{\"@type\":\"EntryPoint\",\"urlTemplate\":\"https:\\\/\\\/infos-droitshumains.net\\\/?s={search_term_string}\"},\"query-input\":{\"@type\":\"PropertyValueSpecification\",\"valueRequired\":true,\"valueName\":\"search_term_string\"}}],\"inLanguage\":\"fr-FR\"},{\"@type\":\"Organization\",\"@id\":\"https:\\\/\\\/infos-droitshumains.net\\\/#organization\",\"name\":\"Infos Droits Humains\",\"url\":\"https:\\\/\\\/infos-droitshumains.net\\\/\",\"logo\":{\"@type\":\"ImageObject\",\"inLanguage\":\"fr-FR\",\"@id\":\"https:\\\/\\\/infos-droitshumains.net\\\/#\\\/schema\\\/logo\\\/image\\\/\",\"url\":\"https:\\\/\\\/i0.wp.com\\\/infos-droitshumains.net\\\/wp-content\\\/uploads\\\/2022\\\/05\\\/Logo.png?fit=333%2C129&ssl=1\",\"contentUrl\":\"https:\\\/\\\/i0.wp.com\\\/infos-droitshumains.net\\\/wp-content\\\/uploads\\\/2022\\\/05\\\/Logo.png?fit=333%2C129&ssl=1\",\"width\":333,\"height\":129,\"caption\":\"Infos Droits Humains\"},\"image\":{\"@id\":\"https:\\\/\\\/infos-droitshumains.net\\\/#\\\/schema\\\/logo\\\/image\\\/\"}},{\"@type\":\"Person\",\"@id\":\"https:\\\/\\\/infos-droitshumains.net\\\/#\\\/schema\\\/person\\\/3dc5e921c3302172e0ed4362f96faab7\",\"name\":\"Jo\u00ebl Diawa\",\"image\":{\"@type\":\"ImageObject\",\"inLanguage\":\"fr-FR\",\"@id\":\"https:\\\/\\\/secure.gravatar.com\\\/avatar\\\/729bea6ff4604c624417803c477363be8e3c7186deaa65713313f9b4b820f41c?s=96&d=mm&r=g\",\"url\":\"https:\\\/\\\/secure.gravatar.com\\\/avatar\\\/729bea6ff4604c624417803c477363be8e3c7186deaa65713313f9b4b820f41c?s=96&d=mm&r=g\",\"contentUrl\":\"https:\\\/\\\/secure.gravatar.com\\\/avatar\\\/729bea6ff4604c624417803c477363be8e3c7186deaa65713313f9b4b820f41c?s=96&d=mm&r=g\",\"caption\":\"Jo\u00ebl Diawa\"},\"sameAs\":[\"https:\\\/\\\/www.infos-droitshumains.net\"],\"url\":\"https:\\\/\\\/infos-droitshumains.net\\\/?author=2\"}]}<\/script>\n<!-- \/ Yoast SEO plugin. -->","yoast_head_json":{"title":"7\u00e8me prorogation de l'\u00c9tat de si\u00e8ge : l'Assembl\u00e9e Nationale accorde son approbation. - Infos Droits Humains","robots":{"index":"index","follow":"follow","max-snippet":"max-snippet:-1","max-image-preview":"max-image-preview:large","max-video-preview":"max-video-preview:-1"},"canonical":"https:\/\/infos-droitshumains.net\/?p=724","og_locale":"fr_FR","og_type":"article","og_title":"7\u00e8me prorogation de l'\u00c9tat de si\u00e8ge : l'Assembl\u00e9e Nationale accorde son approbation. - Infos Droits Humains","og_description":"L&lsquo;Assembl\u00e9e Nationale a accord\u00e9 un vote favorable (\u00e0 main lev\u00e9e, \u00e0 la quasi-unanimit\u00e9) \u00e0 la...","og_url":"https:\/\/infos-droitshumains.net\/?p=724","og_site_name":"Infos Droits Humains","article_published_time":"2021-08-30T20:00:00+00:00","article_modified_time":"2023-04-06T10:11:45+00:00","author":"Jo\u00ebl Diawa","twitter_card":"summary_large_image","twitter_misc":{"\u00c9crit par":"Jo\u00ebl Diawa","Dur\u00e9e de lecture estim\u00e9e":"2 minutes"},"schema":{"@context":"https:\/\/schema.org","@graph":[{"@type":"Article","@id":"https:\/\/infos-droitshumains.net\/?p=724#article","isPartOf":{"@id":"https:\/\/infos-droitshumains.net\/?p=724"},"author":{"name":"Jo\u00ebl Diawa","@id":"https:\/\/infos-droitshumains.net\/#\/schema\/person\/3dc5e921c3302172e0ed4362f96faab7"},"headline":"7\u00e8me prorogation de l&rsquo;\u00c9tat de si\u00e8ge : l&rsquo;Assembl\u00e9e Nationale accorde son approbation.","datePublished":"2021-08-30T20:00:00+00:00","dateModified":"2023-04-06T10:11:45+00:00","mainEntityOfPage":{"@id":"https:\/\/infos-droitshumains.net\/?p=724"},"wordCount":375,"commentCount":0,"publisher":{"@id":"https:\/\/infos-droitshumains.net\/#organization"},"inLanguage":"fr-FR","potentialAction":[{"@type":"CommentAction","name":"Comment","target":["https:\/\/infos-droitshumains.net\/?p=724#respond"]}]},{"@type":"WebPage","@id":"https:\/\/infos-droitshumains.net\/?p=724","url":"https:\/\/infos-droitshumains.net\/?p=724","name":"7\u00e8me prorogation de l'\u00c9tat de si\u00e8ge : l'Assembl\u00e9e Nationale accorde son approbation. - Infos Droits Humains","isPartOf":{"@id":"https:\/\/infos-droitshumains.net\/#website"},"datePublished":"2021-08-30T20:00:00+00:00","dateModified":"2023-04-06T10:11:45+00:00","breadcrumb":{"@id":"https:\/\/infos-droitshumains.net\/?p=724#breadcrumb"},"inLanguage":"fr-FR","potentialAction":[{"@type":"ReadAction","target":["https:\/\/infos-droitshumains.net\/?p=724"]}]},{"@type":"BreadcrumbList","@id":"https:\/\/infos-droitshumains.net\/?p=724#breadcrumb","itemListElement":[{"@type":"ListItem","position":1,"name":"Accueil","item":"https:\/\/infos-droitshumains.net\/"},{"@type":"ListItem","position":2,"name":"7\u00e8me prorogation de l&rsquo;\u00c9tat de si\u00e8ge : l&rsquo;Assembl\u00e9e Nationale accorde son approbation."}]},{"@type":"WebSite","@id":"https:\/\/infos-droitshumains.net\/#website","url":"https:\/\/infos-droitshumains.net\/","name":"Infos Droits Humains","description":"S&#039;informer est un droit","publisher":{"@id":"https:\/\/infos-droitshumains.net\/#organization"},"potentialAction":[{"@type":"SearchAction","target":{"@type":"EntryPoint","urlTemplate":"https:\/\/infos-droitshumains.net\/?s={search_term_string}"},"query-input":{"@type":"PropertyValueSpecification","valueRequired":true,"valueName":"search_term_string"}}],"inLanguage":"fr-FR"},{"@type":"Organization","@id":"https:\/\/infos-droitshumains.net\/#organization","name":"Infos Droits Humains","url":"https:\/\/infos-droitshumains.net\/","logo":{"@type":"ImageObject","inLanguage":"fr-FR","@id":"https:\/\/infos-droitshumains.net\/#\/schema\/logo\/image\/","url":"https:\/\/i0.wp.com\/infos-droitshumains.net\/wp-content\/uploads\/2022\/05\/Logo.png?fit=333%2C129&ssl=1","contentUrl":"https:\/\/i0.wp.com\/infos-droitshumains.net\/wp-content\/uploads\/2022\/05\/Logo.png?fit=333%2C129&ssl=1","width":333,"height":129,"caption":"Infos Droits Humains"},"image":{"@id":"https:\/\/infos-droitshumains.net\/#\/schema\/logo\/image\/"}},{"@type":"Person","@id":"https:\/\/infos-droitshumains.net\/#\/schema\/person\/3dc5e921c3302172e0ed4362f96faab7","name":"Jo\u00ebl Diawa","image":{"@type":"ImageObject","inLanguage":"fr-FR","@id":"https:\/\/secure.gravatar.com\/avatar\/729bea6ff4604c624417803c477363be8e3c7186deaa65713313f9b4b820f41c?s=96&d=mm&r=g","url":"https:\/\/secure.gravatar.com\/avatar\/729bea6ff4604c624417803c477363be8e3c7186deaa65713313f9b4b820f41c?s=96&d=mm&r=g","contentUrl":"https:\/\/secure.gravatar.com\/avatar\/729bea6ff4604c624417803c477363be8e3c7186deaa65713313f9b4b820f41c?s=96&d=mm&r=g","caption":"Jo\u00ebl Diawa"},"sameAs":["https:\/\/www.infos-droitshumains.net"],"url":"https:\/\/infos-droitshumains.net\/?author=2"}]}},"featured_image_urls":{"full":"","thumbnail":"","medium":"","medium_large":"","large":"","1536x1536":"","2048x2048":"","covernews-slider-full":"","covernews-slider-center":"","covernews-featured":"","covernews-medium":"","covernews-medium-square":""},"author_info":{"display_name":"Jo\u00ebl Diawa","author_link":"https:\/\/infos-droitshumains.net\/?author=2"},"category_info":"<a href=\"https:\/\/infos-droitshumains.net\/?cat=1\" rel=\"category\">Non class\u00e9<\/a>","tag_info":"Non class\u00e9","comment_count":"0","jetpack_featured_media_url":"","jetpack-related-posts":[],"jetpack_sharing_enabled":true,"_links":{"self":[{"href":"https:\/\/infos-droitshumains.net\/index.php?rest_route=\/wp\/v2\/posts\/724","targetHints":{"allow":["GET"]}}],"collection":[{"href":"https:\/\/infos-droitshumains.net\/index.php?rest_route=\/wp\/v2\/posts"}],"about":[{"href":"https:\/\/infos-droitshumains.net\/index.php?rest_route=\/wp\/v2\/types\/post"}],"author":[{"embeddable":true,"href":"https:\/\/infos-droitshumains.net\/index.php?rest_route=\/wp\/v2\/users\/2"}],"replies":[{"embeddable":true,"href":"https:\/\/infos-droitshumains.net\/index.php?rest_route=%2Fwp%2Fv2%2Fcomments&post=724"}],"version-history":[{"count":1,"href":"https:\/\/infos-droitshumains.net\/index.php?rest_route=\/wp\/v2\/posts\/724\/revisions"}],"predecessor-version":[{"id":726,"href":"https:\/\/infos-droitshumains.net\/index.php?rest_route=\/wp\/v2\/posts\/724\/revisions\/726"}],"wp:attachment":[{"href":"https:\/\/infos-droitshumains.net\/index.php?rest_route=%2Fwp%2Fv2%2Fmedia&parent=724"}],"wp:term":[{"taxonomy":"category","embeddable":true,"href":"https:\/\/infos-droitshumains.net\/index.php?rest_route=%2Fwp%2Fv2%2Fcategories&post=724"},{"taxonomy":"post_tag","embeddable":true,"href":"https:\/\/infos-droitshumains.net\/index.php?rest_route=%2Fwp%2Fv2%2Ftags&post=724"}],"curies":[{"name":"wp","href":"https:\/\/api.w.org\/{rel}","templated":true}]}}